{"id":4989,"date":"2025-11-18T01:53:22","date_gmt":"2025-11-18T01:53:22","guid":{"rendered":"https:\/\/terrasdebasto.pt\/?p=4989"},"modified":"2025-11-18T01:59:33","modified_gmt":"2025-11-18T01:59:33","slug":"mondim-implementa-agora-projeto-de-bairros-digitais","status":"publish","type":"post","link":"https:\/\/terrasdebasto.pt\/?p=4989","title":{"rendered":"Mondim implementa agora projeto de \u201cbairros digitais\u201d"},"content":{"rendered":"\n<p><\/p>\n\n\n\n<p><strong>Embora a data inicial de conclus\u00e3o fosse setembro passado, s\u00f3 agora Mondim de Basto vai come\u00e7ar a implementar o projeto \u201cMondim + Com\u00e9rcio\u201d, iniciativa integrada no programa \u201cBairros Comerciais Digitais\u201d.<\/strong><\/p>\n\n\n\n<p>Financiado pelo Programa de Recupera\u00e7\u00e3o e Resili\u00eancia, o projeto mondinense \u2013 que tem como promotores o munic\u00edpio e uma associa\u00e7\u00e3o empresarial local \u2013 alcan\u00e7ou um investimento financeiro total de 737.799 euros, com cobertura total do \u201cNextGenerationEU \/ PRR\u201d.<\/p>\n\n\n\n<p>O projeto \u2013 aprovado em 28 de dezembro de 2023 \u2013 foi publicamente apresentado esta segunda-feira (17) aos comerciantes e prestadores de servi\u00e7os mondinenses, numa sess\u00e3o p\u00fablica ao final da tarde, realizada no Favo das Artes, a que se associaram os dirigentes do munic\u00edpio e da associa\u00e7\u00e3o empresarial.<\/p>\n\n\n\n<p>Correspondendo ao programa \u201cBairros sociais digitais\u201d, esta \u00e9 uma iniciativa \u00abpara impulsionar o com\u00e9rcio local, digitalizando neg\u00f3cios tradicionais, modernizando o com\u00e9rcio de proximidade, combinando tradi\u00e7\u00e3o com inova\u00e7\u00e3o e refor\u00e7ando a competitividade e sustentabilidade dos comerciantes\u00bb.<\/p>\n\n\n\n<p>Do ponto de vista pr\u00e1tico, o projeto &#8212; que tem o economista Jos\u00e9 Br\u00e1s como gestor &#8212; prop\u00f5e-se disponibilizar apoio t\u00e9cnico \u00e0s empresas para incorporar tecnologias digitais nos processos de gest\u00e3o, tal como para digitalizar a oferta de bens e servi\u00e7os, seja uma poss\u00edvel aposta no \u201ce-commerce\u201d ou em formatos \u201comnichannel\u201d.<\/p>\n\n\n\n<p>Prop\u00f5e igualmente a inova\u00e7\u00e3o nas experi\u00eancias de consumo, seja a \u201cvender online\u201d ou a criar novas formas de intera\u00e7\u00e3o com os clientes com base em tecnologia ou a definir estrat\u00e9gias de comunica\u00e7\u00e3o e \u201cmarketing\u201d digital para os comerciantes aderentes.<\/p>\n\n\n\n<p>Prop\u00f5e-se, assim, criar um \u201cretalho do futuro\u201d, \u00abmisturando o espa\u00e7o f\u00edsico com o digital para que os estabelecimentos tradicionais n\u00e3o desapare\u00e7am, mas evoluam\u00bb e aumentando o sentido de perten\u00e7a \u00e0 comunidade, refor\u00e7ando a identidade local.<\/p>\n\n\n\n<p>Tendo, assim, como primeiros benefici\u00e1rios as empresas locais de com\u00e9rcio e servi\u00e7os, especialmente aquelas que se localizam no centro da vila mondinense, o projeto \u201cMondim + Com\u00e9rcio\u201d \u2013 oficialmente, parte da opera\u00e7\u00e3o \u201cMondim de Basto &#8211; Territ\u00f3rio Sustent\u00e1vel\u201d \u2013 destina 496.526 euros ao seu \u201cdesenvolvimento e implementa\u00e7\u00e3o\u201d, o que compreende o desenvolvimento de uma plataforma digital, sistemas de gest\u00e3o e outras solu\u00e7\u00f5es tecnol\u00f3gicas para os comerciantes.<\/p>\n\n\n\n<p>Compreende igualmente um investimento de 38.695 euros j\u00e1 feito na expans\u00e3o da rede \u201cwi-fi\u201d da vila, bem como os 130.291 euros para a requalifica\u00e7\u00e3o da pra\u00e7a de acesso ao Parque Urbano Fernando Pinto de Moura.<\/p>\n\n\n\n<p>De acordo com uma nota do munic\u00edpio, a sess\u00e3o desta segunda-feira foi recebida com interesse pelos participantes, deixando claro \u00abo compromisso conjunto do munic\u00edpio, da associa\u00e7\u00e3o empresarial e dos comerciantes de impulsionar um setor mais moderno, competitivo e conectado\u00bb.<\/p>\n\n\n\n<figure class=\"wp-block-gallery has-nested-images columns-default is-cropped wp-block-gallery-1 is-layout-flex wp-block-gallery-is-layout-flex\">\n<figure class=\"wp-block-image size-large\"><img loading=\"lazy\" decoding=\"async\" width=\"1024\" height=\"640\" data-id=\"4991\" src=\"https:\/\/terrasdebasto.pt\/wp-content\/uploads\/2025\/11\/COMERCIO-MONDIM-2-1024x640.jpg\" alt=\"\" class=\"wp-image-4991\" srcset=\"https:\/\/terrasdebasto.pt\/wp-content\/uploads\/2025\/11\/COMERCIO-MONDIM-2-1024x640.jpg 1024w, https:\/\/terrasdebasto.pt\/wp-content\/uploads\/2025\/11\/COMERCIO-MONDIM-2-300x188.jpg 300w, https:\/\/terrasdebasto.pt\/wp-content\/uploads\/2025\/11\/COMERCIO-MONDIM-2-768x480.jpg 768w, https:\/\/terrasdebasto.pt\/wp-content\/uploads\/2025\/11\/COMERCIO-MONDIM-2-1536x960.jpg 1536w, https:\/\/terrasdebasto.pt\/wp-content\/uploads\/2025\/11\/COMERCIO-MONDIM-2-2048x1280.jpg 2048w, https:\/\/terrasdebasto.pt\/wp-content\/uploads\/2025\/11\/COMERCIO-MONDIM-2-150x94.jpg 150w, https:\/\/terrasdebasto.pt\/wp-content\/uploads\/2025\/11\/COMERCIO-MONDIM-2-696x435.jpg 696w, https:\/\/terrasdebasto.pt\/wp-content\/uploads\/2025\/11\/COMERCIO-MONDIM-2-1068x668.jpg 1068w, https:\/\/terrasdebasto.pt\/wp-content\/uploads\/2025\/11\/COMERCIO-MONDIM-2-1920x1200.jpg 1920w\" sizes=\"auto, (max-width: 1024px) 100vw, 1024px\" \/><\/figure>\n<\/figure>\n","protected":false},"excerpt":{"rendered":"<p>Embora a data inicial de conclus\u00e3o fosse setembro passado, s\u00f3 agora Mondim de Basto vai come\u00e7ar a implementar o projeto \u201cMondim + Com\u00e9rcio\u201d, iniciativa integrada no programa \u201cBairros Comerciais Digitais\u201d. Financiado pelo Programa de Recupera\u00e7\u00e3o e Resili\u00eancia, o projeto mondinense \u2013 que tem como promotores o munic\u00edpio e uma associa\u00e7\u00e3o empresarial local \u2013 alcan\u00e7ou um [&hellip;]<\/p>\n","protected":false},"author":7,"featured_media":4990,"comment_status":"open","ping_status":"open","sticky":false,"template":"","format":"standard","meta":{"footnotes":""},"categories":[16,15,9],"tags":[1184,1185,85],"class_list":{"0":"post-4989","1":"post","2":"type-post","3":"status-publish","4":"format-standard","5":"has-post-thumbnail","7":"category-mondim-de-basto","8":"category-technology","9":"category-terras-de-basto","10":"tag-bairros-comerciais-digitais","11":"tag-mondim-comercio","12":"tag-mondim-de-basto"},"yoast_head":"<!-- This site is optimized with the Yoast SEO plugin v25.7 - https:\/\/yoast.com\/wordpress\/plugins\/seo\/ -->\n<title>Mondim implementa agora projeto de \u201cbairros digitais\u201d - Jornal Terras de Basto<\/title>\n<meta name=\"description\" content=\"Embora a data inicial de conclus\u00e3o fosse setembro passado, s\u00f3 agora Mondim de Basto vai come\u00e7ar a implementar o projeto \u201cMondim + Com\u00e9rcio\u201d, iniciativa integrada no programa \u201cBairros Comerciais Digitais\u201d.\" \/>\n<meta name=\"robots\" content=\"index, follow, max-snippet:-1, max-image-preview:large, max-video-preview:-1\" \/>\n<link rel=\"canonical\" href=\"https:\/\/terrasdebasto.pt\/?p=4989\" \/>\n<meta property=\"og:locale\" content=\"pt_PT\" \/>\n<meta property=\"og:type\" content=\"article\" \/>\n<meta property=\"og:title\" content=\"Mondim implementa agora projeto de \u201cbairros digitais\u201d - Jornal Terras de Basto\" \/>\n<meta property=\"og:description\" content=\"Embora a data inicial de conclus\u00e3o fosse setembro passado, s\u00f3 agora Mondim de Basto vai come\u00e7ar a implementar o projeto \u201cMondim + Com\u00e9rcio\u201d, iniciativa integrada no programa \u201cBairros Comerciais Digitais\u201d.\" \/>\n<meta property=\"og:url\" content=\"https:\/\/terrasdebasto.pt\/?p=4989\" \/>\n<meta property=\"og:site_name\" content=\"Jornal Terras de Basto\" \/>\n<meta property=\"article:published_time\" content=\"2025-11-18T01:53:22+00:00\" \/>\n<meta property=\"article:modified_time\" content=\"2025-11-18T01:59:33+00:00\" \/>\n<meta property=\"og:image\" content=\"https:\/\/terrasdebasto.pt\/wp-content\/uploads\/2025\/11\/COMERCIO-MONDIM-1-scaled.jpg\" \/>\n\t<meta property=\"og:image:width\" content=\"2560\" \/>\n\t<meta property=\"og:image:height\" content=\"1711\" \/>\n\t<meta property=\"og:image:type\" content=\"image\/jpeg\" \/>\n<meta name=\"author\" content=\"Jo\u00e3o Paulo Mesquita\" \/>\n<meta name=\"twitter:card\" content=\"summary_large_image\" \/>\n<meta name=\"twitter:label1\" content=\"Escrito por\" \/>\n\t<meta name=\"twitter:data1\" content=\"Jo\u00e3o Paulo Mesquita\" \/>\n\t<meta name=\"twitter:label2\" content=\"Tempo estimado de leitura\" \/>\n\t<meta name=\"twitter:data2\" content=\"3 minutos\" \/>\n<script type=\"application\/ld+json\" class=\"yoast-schema-graph\">{\"@context\":\"https:\/\/schema.org\",\"@graph\":[{\"@type\":\"Article\",\"@id\":\"https:\/\/terrasdebasto.pt\/?p=4989#article\",\"isPartOf\":{\"@id\":\"https:\/\/terrasdebasto.pt\/?p=4989\"},\"author\":{\"name\":\"Jo\u00e3o Paulo Mesquita\",\"@id\":\"https:\/\/terrasdebasto.pt\/#\/schema\/person\/9f6739f5394ac65c802641773b278b84\"},\"headline\":\"Mondim implementa agora projeto de \u201cbairros digitais\u201d\",\"datePublished\":\"2025-11-18T01:53:22+00:00\",\"dateModified\":\"2025-11-18T01:59:33+00:00\",\"mainEntityOfPage\":{\"@id\":\"https:\/\/terrasdebasto.pt\/?p=4989\"},\"wordCount\":462,\"commentCount\":0,\"publisher\":{\"@id\":\"https:\/\/terrasdebasto.pt\/#organization\"},\"image\":{\"@id\":\"https:\/\/terrasdebasto.pt\/?p=4989#primaryimage\"},\"thumbnailUrl\":\"https:\/\/terrasdebasto.pt\/wp-content\/uploads\/2025\/11\/COMERCIO-MONDIM-1-scaled.jpg\",\"keywords\":[\"Bairros Comerciais Digitais\",\"Mondim + Com\u00e9rcio\",\"Mondim de Basto\"],\"articleSection\":[\"Mondim de Basto\",\"Tecnologia\",\"Terras de Basto\"],\"inLanguage\":\"pt-PT\",\"potentialAction\":[{\"@type\":\"CommentAction\",\"name\":\"Comment\",\"target\":[\"https:\/\/terrasdebasto.pt\/?p=4989#respond\"]}]},{\"@type\":\"WebPage\",\"@id\":\"https:\/\/terrasdebasto.pt\/?p=4989\",\"url\":\"https:\/\/terrasdebasto.pt\/?p=4989\",\"name\":\"Mondim implementa agora projeto de \u201cbairros digitais\u201d - Jornal Terras de Basto\",\"isPartOf\":{\"@id\":\"https:\/\/terrasdebasto.pt\/#website\"},\"primaryImageOfPage\":{\"@id\":\"https:\/\/terrasdebasto.pt\/?p=4989#primaryimage\"},\"image\":{\"@id\":\"https:\/\/terrasdebasto.pt\/?p=4989#primaryimage\"},\"thumbnailUrl\":\"https:\/\/terrasdebasto.pt\/wp-content\/uploads\/2025\/11\/COMERCIO-MONDIM-1-scaled.jpg\",\"datePublished\":\"2025-11-18T01:53:22+00:00\",\"dateModified\":\"2025-11-18T01:59:33+00:00\",\"description\":\"Embora a data inicial de conclus\u00e3o fosse setembro passado, s\u00f3 agora Mondim de Basto vai come\u00e7ar a implementar o projeto \u201cMondim + Com\u00e9rcio\u201d, iniciativa integrada no programa \u201cBairros Comerciais Digitais\u201d.\",\"breadcrumb\":{\"@id\":\"https:\/\/terrasdebasto.pt\/?p=4989#breadcrumb\"},\"inLanguage\":\"pt-PT\",\"potentialAction\":[{\"@type\":\"ReadAction\",\"target\":[\"https:\/\/terrasdebasto.pt\/?p=4989\"]}]},{\"@type\":\"ImageObject\",\"inLanguage\":\"pt-PT\",\"@id\":\"https:\/\/terrasdebasto.pt\/?p=4989#primaryimage\",\"url\":\"https:\/\/terrasdebasto.pt\/wp-content\/uploads\/2025\/11\/COMERCIO-MONDIM-1-scaled.jpg\",\"contentUrl\":\"https:\/\/terrasdebasto.pt\/wp-content\/uploads\/2025\/11\/COMERCIO-MONDIM-1-scaled.jpg\",\"width\":2560,\"height\":1711},{\"@type\":\"BreadcrumbList\",\"@id\":\"https:\/\/terrasdebasto.pt\/?p=4989#breadcrumb\",\"itemListElement\":[{\"@type\":\"ListItem\",\"position\":1,\"name\":\"In\u00edcio\",\"item\":\"https:\/\/terrasdebasto.pt\/\"},{\"@type\":\"ListItem\",\"position\":2,\"name\":\"Mondim implementa agora projeto de \u201cbairros digitais\u201d\"}]},{\"@type\":\"WebSite\",\"@id\":\"https:\/\/terrasdebasto.pt\/#website\",\"url\":\"https:\/\/terrasdebasto.pt\/\",\"name\":\"Jornal Terras de Basto\",\"description\":\"\",\"publisher\":{\"@id\":\"https:\/\/terrasdebasto.pt\/#organization\"},\"potentialAction\":[{\"@type\":\"SearchAction\",\"target\":{\"@type\":\"EntryPoint\",\"urlTemplate\":\"https:\/\/terrasdebasto.pt\/?s={search_term_string}\"},\"query-input\":{\"@type\":\"PropertyValueSpecification\",\"valueRequired\":true,\"valueName\":\"search_term_string\"}}],\"inLanguage\":\"pt-PT\"},{\"@type\":\"Organization\",\"@id\":\"https:\/\/terrasdebasto.pt\/#organization\",\"name\":\"Jornal Terras de Basto\",\"url\":\"https:\/\/terrasdebasto.pt\/\",\"logo\":{\"@type\":\"ImageObject\",\"inLanguage\":\"pt-PT\",\"@id\":\"https:\/\/terrasdebasto.pt\/#\/schema\/logo\/image\/\",\"url\":\"https:\/\/terrasdebasto.pt\/wp-content\/uploads\/2024\/06\/LogoNormal.png\",\"contentUrl\":\"https:\/\/terrasdebasto.pt\/wp-content\/uploads\/2024\/06\/LogoNormal.png\",\"width\":5638,\"height\":809,\"caption\":\"Jornal Terras de Basto\"},\"image\":{\"@id\":\"https:\/\/terrasdebasto.pt\/#\/schema\/logo\/image\/\"}},{\"@type\":\"Person\",\"@id\":\"https:\/\/terrasdebasto.pt\/#\/schema\/person\/9f6739f5394ac65c802641773b278b84\",\"name\":\"Jo\u00e3o Paulo Mesquita\",\"image\":{\"@type\":\"ImageObject\",\"inLanguage\":\"pt-PT\",\"@id\":\"https:\/\/terrasdebasto.pt\/#\/schema\/person\/image\/\",\"url\":\"https:\/\/secure.gravatar.com\/avatar\/9bd0f299e6d96336664aab64354168246a3ee3287c47891c50d450e47ed9d7f9?s=96&d=mm&r=g\",\"contentUrl\":\"https:\/\/secure.gravatar.com\/avatar\/9bd0f299e6d96336664aab64354168246a3ee3287c47891c50d450e47ed9d7f9?s=96&d=mm&r=g\",\"caption\":\"Jo\u00e3o Paulo Mesquita\"},\"url\":\"https:\/\/terrasdebasto.pt\/?author=7\"}]}<\/script>\n<!-- \/ Yoast SEO plugin. -->","yoast_head_json":{"title":"Mondim implementa agora projeto de \u201cbairros digitais\u201d - Jornal Terras de Basto","description":"Embora a data inicial de conclus\u00e3o fosse setembro passado, s\u00f3 agora Mondim de Basto vai come\u00e7ar a implementar o projeto \u201cMondim + Com\u00e9rcio\u201d, iniciativa integrada no programa \u201cBairros Comerciais Digitais\u201d.","robots":{"index":"index","follow":"follow","max-snippet":"max-snippet:-1","max-image-preview":"max-image-preview:large","max-video-preview":"max-video-preview:-1"},"canonical":"https:\/\/terrasdebasto.pt\/?p=4989","og_locale":"pt_PT","og_type":"article","og_title":"Mondim implementa agora projeto de \u201cbairros digitais\u201d - Jornal Terras de Basto","og_description":"Embora a data inicial de conclus\u00e3o fosse setembro passado, s\u00f3 agora Mondim de Basto vai come\u00e7ar a implementar o projeto \u201cMondim + Com\u00e9rcio\u201d, iniciativa integrada no programa \u201cBairros Comerciais Digitais\u201d.","og_url":"https:\/\/terrasdebasto.pt\/?p=4989","og_site_name":"Jornal Terras de Basto","article_published_time":"2025-11-18T01:53:22+00:00","article_modified_time":"2025-11-18T01:59:33+00:00","og_image":[{"width":2560,"height":1711,"url":"https:\/\/terrasdebasto.pt\/wp-content\/uploads\/2025\/11\/COMERCIO-MONDIM-1-scaled.jpg","type":"image\/jpeg"}],"author":"Jo\u00e3o Paulo Mesquita","twitter_card":"summary_large_image","twitter_misc":{"Escrito por":"Jo\u00e3o Paulo Mesquita","Tempo estimado de leitura":"3 minutos"},"schema":{"@context":"https:\/\/schema.org","@graph":[{"@type":"Article","@id":"https:\/\/terrasdebasto.pt\/?p=4989#article","isPartOf":{"@id":"https:\/\/terrasdebasto.pt\/?p=4989"},"author":{"name":"Jo\u00e3o Paulo Mesquita","@id":"https:\/\/terrasdebasto.pt\/#\/schema\/person\/9f6739f5394ac65c802641773b278b84"},"headline":"Mondim implementa agora projeto de \u201cbairros digitais\u201d","datePublished":"2025-11-18T01:53:22+00:00","dateModified":"2025-11-18T01:59:33+00:00","mainEntityOfPage":{"@id":"https:\/\/terrasdebasto.pt\/?p=4989"},"wordCount":462,"commentCount":0,"publisher":{"@id":"https:\/\/terrasdebasto.pt\/#organization"},"image":{"@id":"https:\/\/terrasdebasto.pt\/?p=4989#primaryimage"},"thumbnailUrl":"https:\/\/terrasdebasto.pt\/wp-content\/uploads\/2025\/11\/COMERCIO-MONDIM-1-scaled.jpg","keywords":["Bairros Comerciais Digitais","Mondim + Com\u00e9rcio","Mondim de Basto"],"articleSection":["Mondim de Basto","Tecnologia","Terras de Basto"],"inLanguage":"pt-PT","potentialAction":[{"@type":"CommentAction","name":"Comment","target":["https:\/\/terrasdebasto.pt\/?p=4989#respond"]}]},{"@type":"WebPage","@id":"https:\/\/terrasdebasto.pt\/?p=4989","url":"https:\/\/terrasdebasto.pt\/?p=4989","name":"Mondim implementa agora projeto de \u201cbairros digitais\u201d - Jornal Terras de Basto","isPartOf":{"@id":"https:\/\/terrasdebasto.pt\/#website"},"primaryImageOfPage":{"@id":"https:\/\/terrasdebasto.pt\/?p=4989#primaryimage"},"image":{"@id":"https:\/\/terrasdebasto.pt\/?p=4989#primaryimage"},"thumbnailUrl":"https:\/\/terrasdebasto.pt\/wp-content\/uploads\/2025\/11\/COMERCIO-MONDIM-1-scaled.jpg","datePublished":"2025-11-18T01:53:22+00:00","dateModified":"2025-11-18T01:59:33+00:00","description":"Embora a data inicial de conclus\u00e3o fosse setembro passado, s\u00f3 agora Mondim de Basto vai come\u00e7ar a implementar o projeto \u201cMondim + Com\u00e9rcio\u201d, iniciativa integrada no programa \u201cBairros Comerciais Digitais\u201d.","breadcrumb":{"@id":"https:\/\/terrasdebasto.pt\/?p=4989#breadcrumb"},"inLanguage":"pt-PT","potentialAction":[{"@type":"ReadAction","target":["https:\/\/terrasdebasto.pt\/?p=4989"]}]},{"@type":"ImageObject","inLanguage":"pt-PT","@id":"https:\/\/terrasdebasto.pt\/?p=4989#primaryimage","url":"https:\/\/terrasdebasto.pt\/wp-content\/uploads\/2025\/11\/COMERCIO-MONDIM-1-scaled.jpg","contentUrl":"https:\/\/terrasdebasto.pt\/wp-content\/uploads\/2025\/11\/COMERCIO-MONDIM-1-scaled.jpg","width":2560,"height":1711},{"@type":"BreadcrumbList","@id":"https:\/\/terrasdebasto.pt\/?p=4989#breadcrumb","itemListElement":[{"@type":"ListItem","position":1,"name":"In\u00edcio","item":"https:\/\/terrasdebasto.pt\/"},{"@type":"ListItem","position":2,"name":"Mondim implementa agora projeto de \u201cbairros digitais\u201d"}]},{"@type":"WebSite","@id":"https:\/\/terrasdebasto.pt\/#website","url":"https:\/\/terrasdebasto.pt\/","name":"Jornal Terras de Basto","description":"","publisher":{"@id":"https:\/\/terrasdebasto.pt\/#organization"},"potentialAction":[{"@type":"SearchAction","target":{"@type":"EntryPoint","urlTemplate":"https:\/\/terrasdebasto.pt\/?s={search_term_string}"},"query-input":{"@type":"PropertyValueSpecification","valueRequired":true,"valueName":"search_term_string"}}],"inLanguage":"pt-PT"},{"@type":"Organization","@id":"https:\/\/terrasdebasto.pt\/#organization","name":"Jornal Terras de Basto","url":"https:\/\/terrasdebasto.pt\/","logo":{"@type":"ImageObject","inLanguage":"pt-PT","@id":"https:\/\/terrasdebasto.pt\/#\/schema\/logo\/image\/","url":"https:\/\/terrasdebasto.pt\/wp-content\/uploads\/2024\/06\/LogoNormal.png","contentUrl":"https:\/\/terrasdebasto.pt\/wp-content\/uploads\/2024\/06\/LogoNormal.png","width":5638,"height":809,"caption":"Jornal Terras de Basto"},"image":{"@id":"https:\/\/terrasdebasto.pt\/#\/schema\/logo\/image\/"}},{"@type":"Person","@id":"https:\/\/terrasdebasto.pt\/#\/schema\/person\/9f6739f5394ac65c802641773b278b84","name":"Jo\u00e3o Paulo Mesquita","image":{"@type":"ImageObject","inLanguage":"pt-PT","@id":"https:\/\/terrasdebasto.pt\/#\/schema\/person\/image\/","url":"https:\/\/secure.gravatar.com\/avatar\/9bd0f299e6d96336664aab64354168246a3ee3287c47891c50d450e47ed9d7f9?s=96&d=mm&r=g","contentUrl":"https:\/\/secure.gravatar.com\/avatar\/9bd0f299e6d96336664aab64354168246a3ee3287c47891c50d450e47ed9d7f9?s=96&d=mm&r=g","caption":"Jo\u00e3o Paulo Mesquita"},"url":"https:\/\/terrasdebasto.pt\/?author=7"}]}},"_links":{"self":[{"href":"https:\/\/terrasdebasto.pt\/index.php?rest_route=\/wp\/v2\/posts\/4989","targetHints":{"allow":["GET"]}}],"collection":[{"href":"https:\/\/terrasdebasto.pt\/index.php?rest_route=\/wp\/v2\/posts"}],"about":[{"href":"https:\/\/terrasdebasto.pt\/index.php?rest_route=\/wp\/v2\/types\/post"}],"author":[{"embeddable":true,"href":"https:\/\/terrasdebasto.pt\/index.php?rest_route=\/wp\/v2\/users\/7"}],"replies":[{"embeddable":true,"href":"https:\/\/terrasdebasto.pt\/index.php?rest_route=%2Fwp%2Fv2%2Fcomments&post=4989"}],"version-history":[{"count":2,"href":"https:\/\/terrasdebasto.pt\/index.php?rest_route=\/wp\/v2\/posts\/4989\/revisions"}],"predecessor-version":[{"id":4993,"href":"https:\/\/terrasdebasto.pt\/index.php?rest_route=\/wp\/v2\/posts\/4989\/revisions\/4993"}],"wp:featuredmedia":[{"embeddable":true,"href":"https:\/\/terrasdebasto.pt\/index.php?rest_route=\/wp\/v2\/media\/4990"}],"wp:attachment":[{"href":"https:\/\/terrasdebasto.pt\/index.php?rest_route=%2Fwp%2Fv2%2Fmedia&parent=4989"}],"wp:term":[{"taxonomy":"category","embeddable":true,"href":"https:\/\/terrasdebasto.pt\/index.php?rest_route=%2Fwp%2Fv2%2Fcategories&post=4989"},{"taxonomy":"post_tag","embeddable":true,"href":"https:\/\/terrasdebasto.pt\/index.php?rest_route=%2Fwp%2Fv2%2Ftags&post=4989"}],"curies":[{"name":"wp","href":"https:\/\/api.w.org\/{rel}","templated":true}]}}