{"id":4984,"date":"2025-11-17T15:06:32","date_gmt":"2025-11-17T15:06:32","guid":{"rendered":"https:\/\/terrasdebasto.pt\/?p=4984"},"modified":"2025-11-17T15:06:33","modified_gmt":"2025-11-17T15:06:33","slug":"cabeceiras-diretor-de-jornal-para-oficial-alimenta-zanga-entre-socialistas","status":"publish","type":"post","link":"https:\/\/terrasdebasto.pt\/?p=4984","title":{"rendered":"Cabeceiras: diretor de jornal para-oficial alimenta zanga entre socialistas"},"content":{"rendered":"\n<p><\/p>\n\n\n\n<p><strong>A indica\u00e7\u00e3o do nome de Jo\u00e3o Pacheco para diretor do jornal para-oficial do PS\/Cabeceiras de Basto \u2013 j\u00e1 tornado p\u00fablico pela presidente da dire\u00e7\u00e3o da entidade propriet\u00e1ria, filha do l\u00edder desta estrutura partid\u00e1ria \u2013 est\u00e1 a provocar desagrado junto de alguns dos fundadores e de colaboradores do peri\u00f3dico.<\/strong><\/p>\n\n\n\n<p>Em contacto com o Terras de Basto, dois dos fundadores do \u201cEcos de Basto\u201d sublinham o facto de \u00abn\u00e3o terem sido ouvidos nem informados\u00bb sobre o processo de escolha do sucessor de Jos\u00e9 Gon\u00e7alves Lopes, tendo-lhe sido \u00abimposto\u00bb, \u00abcontra os mais b\u00e1sicos princ\u00edpios democr\u00e1ticos\u00bb, o nome daquele jovem.<\/p>\n\n\n\n<p>Os dois interessados em causa \u2013 que pedem o anonimato, \u00abpor raz\u00f5es \u00f3bvias\u00bb &#8212; afirmam que esta \u00e9 \u00abuma escolha exclusiva\u00bb da filha do dirigente socialista local, refletindo apenas \u00abos interesses de um pequeno grupo, familiar, interessado em manter-se no dom\u00ednio do PS\/Cabeceiras, seja atrav\u00e9s do pai, seja atrav\u00e9s da filha\u00bb.<\/p>\n\n\n\n<p>Em causa est\u00e1, assim, Ana Isabel Basto, que preside \u00e0 Associa\u00e7\u00e3o Dinamizadora dos Interesses de Basto (ADIB), uma \u201cipss\u201d propriet\u00e1ria do jornal e de um centro de dia para a terceira idade, e o seu pai, o vereador Fernando Basto, que liderou a estrat\u00e9gia socialista na recente derrota eleitoral, que circunscreve agora o PS a dois eleitos no executivo.<\/p>\n\n\n\n<p>Na inten\u00e7\u00e3o de continuar a dominar a estrutura socialista cabeceirense, aos dois familiares junta-se o jovem namorado de Ana Isabel Basto, agora colaborador do jornal, gestor das suas redes sociais, bem assim como alguns dos designados \u201csocialistas de Guimar\u00e3es\u201d, liderados pelo empres\u00e1rio Joaquim Teixeira, de que emerge o pr\u00f3prio Jo\u00e3o Pacheco.<\/p>\n\n\n\n<p>Pacheco, com forma\u00e7\u00e3o acad\u00e9mica na \u00e1rea da Comunica\u00e7\u00e3o, militou ativamente na JS e no PS cabeceirense, sendo um dos jovens protegidos do hist\u00f3rico Joaquim Barreto, tendo-se afastado da estrutura partid\u00e1ria concelhia em rutura com o ent\u00e3o deputado, num dos processos mais feios da pol\u00edtica local.<\/p>\n\n\n\n<p>Neste contexto merece refer\u00eancia a recente demiss\u00e3o de diretor-adjunto da mesma publica\u00e7\u00e3o do jovem estudante Vicente Castro, que, tempos depois de ter manifestado p\u00fablico regozijo pelo seu ingresso na reda\u00e7\u00e3o, anunciou a sa\u00edda \u00abcom toda a pompa\u00bb.<\/p>\n\n\n\n<p>Embora n\u00e3o tenha assumido ent\u00e3o, o Terras de Basto sabe que a demiss\u00e3o deste jovem foi o resultado das desaven\u00e7as no seio da JS local \u2013 que, atrav\u00e9s do namorado, a filha de Fernando Basto pretende ainda dominar \u2013, de acordo com as quais se sentiu preterido, por exemplo na representa\u00e7\u00e3o cabeceirense junto da comiss\u00e3o organizadora do respetivo congresso.<\/p>\n\n\n\n<p>Foi igualmente neste contexto que a presidente da pr\u00f3pria JS se demitiu de fun\u00e7\u00f5es, h\u00e1 dias, uma semana depois de ter sido reeleita para o cargo, alegadamente por falta de solidariedade da pr\u00f3pria equipa. Por outras palavras, porque Ana Isabel Basto, atrav\u00e9s do namorado, lhe imp\u00f4s o nome de um outro jovem \u2013 filho de uma t\u00e9cnica com preponder\u00e2ncia na tecnoestrutura municipal \u2013 como representante cabeceirense na \u201ccoc\u201d do congresso juvenil. [JPM].<\/p>\n\n\n\n<figure class=\"wp-block-gallery has-nested-images columns-default is-cropped wp-block-gallery-1 is-layout-flex wp-block-gallery-is-layout-flex\">\n<figure class=\"wp-block-image size-large\"><img loading=\"lazy\" decoding=\"async\" width=\"1024\" height=\"652\" data-id=\"4986\" src=\"https:\/\/terrasdebasto.pt\/wp-content\/uploads\/2025\/11\/JOAO-PACHECO-1-1024x652.jpg\" alt=\"\" class=\"wp-image-4986\" srcset=\"https:\/\/terrasdebasto.pt\/wp-content\/uploads\/2025\/11\/JOAO-PACHECO-1-1024x652.jpg 1024w, https:\/\/terrasdebasto.pt\/wp-content\/uploads\/2025\/11\/JOAO-PACHECO-1-300x191.jpg 300w, https:\/\/terrasdebasto.pt\/wp-content\/uploads\/2025\/11\/JOAO-PACHECO-1-768x489.jpg 768w, https:\/\/terrasdebasto.pt\/wp-content\/uploads\/2025\/11\/JOAO-PACHECO-1-150x96.jpg 150w, https:\/\/terrasdebasto.pt\/wp-content\/uploads\/2025\/11\/JOAO-PACHECO-1-696x443.jpg 696w, https:\/\/terrasdebasto.pt\/wp-content\/uploads\/2025\/11\/JOAO-PACHECO-1-1068x680.jpg 1068w, https:\/\/terrasdebasto.pt\/wp-content\/uploads\/2025\/11\/JOAO-PACHECO-1.jpg 1440w\" sizes=\"auto, (max-width: 1024px) 100vw, 1024px\" \/><\/figure>\n<\/figure>\n\n\n\n<p><\/p>\n","protected":false},"excerpt":{"rendered":"<p>A indica\u00e7\u00e3o do nome de Jo\u00e3o Pacheco para diretor do jornal para-oficial do PS\/Cabeceiras de Basto \u2013 j\u00e1 tornado p\u00fablico pela presidente da dire\u00e7\u00e3o da entidade propriet\u00e1ria, filha do l\u00edder desta estrutura partid\u00e1ria \u2013 est\u00e1 a provocar desagrado junto de alguns dos fundadores e de colaboradores do peri\u00f3dico. Em contacto com o Terras de Basto, [&hellip;]<\/p>\n","protected":false},"author":7,"featured_media":4985,"comment_status":"open","ping_status":"open","sticky":false,"template":"","format":"standard","meta":{"footnotes":""},"categories":[12,9],"tags":[1183,251],"class_list":{"0":"post-4984","1":"post","2":"type-post","3":"status-publish","4":"format-standard","5":"has-post-thumbnail","7":"category-cabeceiras-de-basto","8":"category-terras-de-basto","9":"tag-ecos-de-basto","10":"tag-ps-cabeceiras-de-basto"},"yoast_head":"<!-- This site is optimized with the Yoast SEO plugin v25.7 - https:\/\/yoast.com\/wordpress\/plugins\/seo\/ -->\n<title>Cabeceiras: diretor de jornal para-oficial alimenta zanga entre socialistas - Jornal Terras de Basto<\/title>\n<meta name=\"description\" content=\"A indica\u00e7\u00e3o do nome de Jo\u00e3o Pacheco para diretor do jornal para-oficial do PS\/Cabeceiras de Basto \u2013 j\u00e1 tornado p\u00fablico pela presidente da dire\u00e7\u00e3o da entidade propriet\u00e1ria, filha do l\u00edder desta estrutura partid\u00e1ria \u2013 est\u00e1 a provocar desagrado junto de alguns dos fundadores e de colaboradores do peri\u00f3dico.\" \/>\n<meta name=\"robots\" content=\"index, follow, max-snippet:-1, max-image-preview:large, max-video-preview:-1\" \/>\n<link rel=\"canonical\" href=\"https:\/\/terrasdebasto.pt\/?p=4984\" \/>\n<meta property=\"og:locale\" content=\"pt_PT\" \/>\n<meta property=\"og:type\" content=\"article\" \/>\n<meta property=\"og:title\" content=\"Cabeceiras: diretor de jornal para-oficial alimenta zanga entre socialistas - Jornal Terras de Basto\" \/>\n<meta property=\"og:description\" content=\"A indica\u00e7\u00e3o do nome de Jo\u00e3o Pacheco para diretor do jornal para-oficial do PS\/Cabeceiras de Basto \u2013 j\u00e1 tornado p\u00fablico pela presidente da dire\u00e7\u00e3o da entidade propriet\u00e1ria, filha do l\u00edder desta estrutura partid\u00e1ria \u2013 est\u00e1 a provocar desagrado junto de alguns dos fundadores e de colaboradores do peri\u00f3dico.\" \/>\n<meta property=\"og:url\" content=\"https:\/\/terrasdebasto.pt\/?p=4984\" \/>\n<meta property=\"og:site_name\" content=\"Jornal Terras de Basto\" \/>\n<meta property=\"article:published_time\" content=\"2025-11-17T15:06:32+00:00\" \/>\n<meta property=\"article:modified_time\" content=\"2025-11-17T15:06:33+00:00\" \/>\n<meta property=\"og:image\" content=\"https:\/\/terrasdebasto.pt\/wp-content\/uploads\/2025\/11\/ECOS-DE-BASTO.jpg\" \/>\n\t<meta property=\"og:image:width\" content=\"1952\" \/>\n\t<meta property=\"og:image:height\" content=\"1025\" \/>\n\t<meta property=\"og:image:type\" content=\"image\/jpeg\" \/>\n<meta name=\"author\" content=\"Jo\u00e3o Paulo Mesquita\" \/>\n<meta name=\"twitter:card\" content=\"summary_large_image\" \/>\n<meta name=\"twitter:label1\" content=\"Escrito por\" \/>\n\t<meta name=\"twitter:data1\" content=\"Jo\u00e3o Paulo Mesquita\" \/>\n\t<meta name=\"twitter:label2\" content=\"Tempo estimado de leitura\" \/>\n\t<meta name=\"twitter:data2\" content=\"3 minutos\" \/>\n<script type=\"application\/ld+json\" class=\"yoast-schema-graph\">{\"@context\":\"https:\/\/schema.org\",\"@graph\":[{\"@type\":\"Article\",\"@id\":\"https:\/\/terrasdebasto.pt\/?p=4984#article\",\"isPartOf\":{\"@id\":\"https:\/\/terrasdebasto.pt\/?p=4984\"},\"author\":{\"name\":\"Jo\u00e3o Paulo Mesquita\",\"@id\":\"https:\/\/terrasdebasto.pt\/#\/schema\/person\/9f6739f5394ac65c802641773b278b84\"},\"headline\":\"Cabeceiras: diretor de jornal para-oficial alimenta zanga entre socialistas\",\"datePublished\":\"2025-11-17T15:06:32+00:00\",\"dateModified\":\"2025-11-17T15:06:33+00:00\",\"mainEntityOfPage\":{\"@id\":\"https:\/\/terrasdebasto.pt\/?p=4984\"},\"wordCount\":524,\"commentCount\":0,\"publisher\":{\"@id\":\"https:\/\/terrasdebasto.pt\/#organization\"},\"image\":{\"@id\":\"https:\/\/terrasdebasto.pt\/?p=4984#primaryimage\"},\"thumbnailUrl\":\"https:\/\/terrasdebasto.pt\/wp-content\/uploads\/2025\/11\/ECOS-DE-BASTO.jpg\",\"keywords\":[\"Ecos de Basto\",\"PS\/Cabeceiras de Basto\"],\"articleSection\":[\"Cabeceiras de Basto\",\"Terras de Basto\"],\"inLanguage\":\"pt-PT\",\"potentialAction\":[{\"@type\":\"CommentAction\",\"name\":\"Comment\",\"target\":[\"https:\/\/terrasdebasto.pt\/?p=4984#respond\"]}]},{\"@type\":\"WebPage\",\"@id\":\"https:\/\/terrasdebasto.pt\/?p=4984\",\"url\":\"https:\/\/terrasdebasto.pt\/?p=4984\",\"name\":\"Cabeceiras: diretor de jornal para-oficial alimenta zanga entre socialistas - Jornal Terras de Basto\",\"isPartOf\":{\"@id\":\"https:\/\/terrasdebasto.pt\/#website\"},\"primaryImageOfPage\":{\"@id\":\"https:\/\/terrasdebasto.pt\/?p=4984#primaryimage\"},\"image\":{\"@id\":\"https:\/\/terrasdebasto.pt\/?p=4984#primaryimage\"},\"thumbnailUrl\":\"https:\/\/terrasdebasto.pt\/wp-content\/uploads\/2025\/11\/ECOS-DE-BASTO.jpg\",\"datePublished\":\"2025-11-17T15:06:32+00:00\",\"dateModified\":\"2025-11-17T15:06:33+00:00\",\"description\":\"A indica\u00e7\u00e3o do nome de Jo\u00e3o Pacheco para diretor do jornal para-oficial do PS\/Cabeceiras de Basto \u2013 j\u00e1 tornado p\u00fablico pela presidente da dire\u00e7\u00e3o da entidade propriet\u00e1ria, filha do l\u00edder desta estrutura partid\u00e1ria \u2013 est\u00e1 a provocar desagrado junto de alguns dos fundadores e de colaboradores do peri\u00f3dico.\",\"breadcrumb\":{\"@id\":\"https:\/\/terrasdebasto.pt\/?p=4984#breadcrumb\"},\"inLanguage\":\"pt-PT\",\"potentialAction\":[{\"@type\":\"ReadAction\",\"target\":[\"https:\/\/terrasdebasto.pt\/?p=4984\"]}]},{\"@type\":\"ImageObject\",\"inLanguage\":\"pt-PT\",\"@id\":\"https:\/\/terrasdebasto.pt\/?p=4984#primaryimage\",\"url\":\"https:\/\/terrasdebasto.pt\/wp-content\/uploads\/2025\/11\/ECOS-DE-BASTO.jpg\",\"contentUrl\":\"https:\/\/terrasdebasto.pt\/wp-content\/uploads\/2025\/11\/ECOS-DE-BASTO.jpg\",\"width\":1952,\"height\":1025},{\"@type\":\"BreadcrumbList\",\"@id\":\"https:\/\/terrasdebasto.pt\/?p=4984#breadcrumb\",\"itemListElement\":[{\"@type\":\"ListItem\",\"position\":1,\"name\":\"In\u00edcio\",\"item\":\"https:\/\/terrasdebasto.pt\/\"},{\"@type\":\"ListItem\",\"position\":2,\"name\":\"Cabeceiras: diretor de jornal para-oficial alimenta zanga entre socialistas\"}]},{\"@type\":\"WebSite\",\"@id\":\"https:\/\/terrasdebasto.pt\/#website\",\"url\":\"https:\/\/terrasdebasto.pt\/\",\"name\":\"Jornal Terras de Basto\",\"description\":\"\",\"publisher\":{\"@id\":\"https:\/\/terrasdebasto.pt\/#organization\"},\"potentialAction\":[{\"@type\":\"SearchAction\",\"target\":{\"@type\":\"EntryPoint\",\"urlTemplate\":\"https:\/\/terrasdebasto.pt\/?s={search_term_string}\"},\"query-input\":{\"@type\":\"PropertyValueSpecification\",\"valueRequired\":true,\"valueName\":\"search_term_string\"}}],\"inLanguage\":\"pt-PT\"},{\"@type\":\"Organization\",\"@id\":\"https:\/\/terrasdebasto.pt\/#organization\",\"name\":\"Jornal Terras de Basto\",\"url\":\"https:\/\/terrasdebasto.pt\/\",\"logo\":{\"@type\":\"ImageObject\",\"inLanguage\":\"pt-PT\",\"@id\":\"https:\/\/terrasdebasto.pt\/#\/schema\/logo\/image\/\",\"url\":\"https:\/\/terrasdebasto.pt\/wp-content\/uploads\/2024\/06\/LogoNormal.png\",\"contentUrl\":\"https:\/\/terrasdebasto.pt\/wp-content\/uploads\/2024\/06\/LogoNormal.png\",\"width\":5638,\"height\":809,\"caption\":\"Jornal Terras de Basto\"},\"image\":{\"@id\":\"https:\/\/terrasdebasto.pt\/#\/schema\/logo\/image\/\"}},{\"@type\":\"Person\",\"@id\":\"https:\/\/terrasdebasto.pt\/#\/schema\/person\/9f6739f5394ac65c802641773b278b84\",\"name\":\"Jo\u00e3o Paulo Mesquita\",\"image\":{\"@type\":\"ImageObject\",\"inLanguage\":\"pt-PT\",\"@id\":\"https:\/\/terrasdebasto.pt\/#\/schema\/person\/image\/\",\"url\":\"https:\/\/secure.gravatar.com\/avatar\/9bd0f299e6d96336664aab64354168246a3ee3287c47891c50d450e47ed9d7f9?s=96&d=mm&r=g\",\"contentUrl\":\"https:\/\/secure.gravatar.com\/avatar\/9bd0f299e6d96336664aab64354168246a3ee3287c47891c50d450e47ed9d7f9?s=96&d=mm&r=g\",\"caption\":\"Jo\u00e3o Paulo Mesquita\"},\"url\":\"https:\/\/terrasdebasto.pt\/?author=7\"}]}<\/script>\n<!-- \/ Yoast SEO plugin. -->","yoast_head_json":{"title":"Cabeceiras: diretor de jornal para-oficial alimenta zanga entre socialistas - Jornal Terras de Basto","description":"A indica\u00e7\u00e3o do nome de Jo\u00e3o Pacheco para diretor do jornal para-oficial do PS\/Cabeceiras de Basto \u2013 j\u00e1 tornado p\u00fablico pela presidente da dire\u00e7\u00e3o da entidade propriet\u00e1ria, filha do l\u00edder desta estrutura partid\u00e1ria \u2013 est\u00e1 a provocar desagrado junto de alguns dos fundadores e de colaboradores do peri\u00f3dico.","robots":{"index":"index","follow":"follow","max-snippet":"max-snippet:-1","max-image-preview":"max-image-preview:large","max-video-preview":"max-video-preview:-1"},"canonical":"https:\/\/terrasdebasto.pt\/?p=4984","og_locale":"pt_PT","og_type":"article","og_title":"Cabeceiras: diretor de jornal para-oficial alimenta zanga entre socialistas - Jornal Terras de Basto","og_description":"A indica\u00e7\u00e3o do nome de Jo\u00e3o Pacheco para diretor do jornal para-oficial do PS\/Cabeceiras de Basto \u2013 j\u00e1 tornado p\u00fablico pela presidente da dire\u00e7\u00e3o da entidade propriet\u00e1ria, filha do l\u00edder desta estrutura partid\u00e1ria \u2013 est\u00e1 a provocar desagrado junto de alguns dos fundadores e de colaboradores do peri\u00f3dico.","og_url":"https:\/\/terrasdebasto.pt\/?p=4984","og_site_name":"Jornal Terras de Basto","article_published_time":"2025-11-17T15:06:32+00:00","article_modified_time":"2025-11-17T15:06:33+00:00","og_image":[{"width":1952,"height":1025,"url":"https:\/\/terrasdebasto.pt\/wp-content\/uploads\/2025\/11\/ECOS-DE-BASTO.jpg","type":"image\/jpeg"}],"author":"Jo\u00e3o Paulo Mesquita","twitter_card":"summary_large_image","twitter_misc":{"Escrito por":"Jo\u00e3o Paulo Mesquita","Tempo estimado de leitura":"3 minutos"},"schema":{"@context":"https:\/\/schema.org","@graph":[{"@type":"Article","@id":"https:\/\/terrasdebasto.pt\/?p=4984#article","isPartOf":{"@id":"https:\/\/terrasdebasto.pt\/?p=4984"},"author":{"name":"Jo\u00e3o Paulo Mesquita","@id":"https:\/\/terrasdebasto.pt\/#\/schema\/person\/9f6739f5394ac65c802641773b278b84"},"headline":"Cabeceiras: diretor de jornal para-oficial alimenta zanga entre socialistas","datePublished":"2025-11-17T15:06:32+00:00","dateModified":"2025-11-17T15:06:33+00:00","mainEntityOfPage":{"@id":"https:\/\/terrasdebasto.pt\/?p=4984"},"wordCount":524,"commentCount":0,"publisher":{"@id":"https:\/\/terrasdebasto.pt\/#organization"},"image":{"@id":"https:\/\/terrasdebasto.pt\/?p=4984#primaryimage"},"thumbnailUrl":"https:\/\/terrasdebasto.pt\/wp-content\/uploads\/2025\/11\/ECOS-DE-BASTO.jpg","keywords":["Ecos de Basto","PS\/Cabeceiras de Basto"],"articleSection":["Cabeceiras de Basto","Terras de Basto"],"inLanguage":"pt-PT","potentialAction":[{"@type":"CommentAction","name":"Comment","target":["https:\/\/terrasdebasto.pt\/?p=4984#respond"]}]},{"@type":"WebPage","@id":"https:\/\/terrasdebasto.pt\/?p=4984","url":"https:\/\/terrasdebasto.pt\/?p=4984","name":"Cabeceiras: diretor de jornal para-oficial alimenta zanga entre socialistas - Jornal Terras de Basto","isPartOf":{"@id":"https:\/\/terrasdebasto.pt\/#website"},"primaryImageOfPage":{"@id":"https:\/\/terrasdebasto.pt\/?p=4984#primaryimage"},"image":{"@id":"https:\/\/terrasdebasto.pt\/?p=4984#primaryimage"},"thumbnailUrl":"https:\/\/terrasdebasto.pt\/wp-content\/uploads\/2025\/11\/ECOS-DE-BASTO.jpg","datePublished":"2025-11-17T15:06:32+00:00","dateModified":"2025-11-17T15:06:33+00:00","description":"A indica\u00e7\u00e3o do nome de Jo\u00e3o Pacheco para diretor do jornal para-oficial do PS\/Cabeceiras de Basto \u2013 j\u00e1 tornado p\u00fablico pela presidente da dire\u00e7\u00e3o da entidade propriet\u00e1ria, filha do l\u00edder desta estrutura partid\u00e1ria \u2013 est\u00e1 a provocar desagrado junto de alguns dos fundadores e de colaboradores do peri\u00f3dico.","breadcrumb":{"@id":"https:\/\/terrasdebasto.pt\/?p=4984#breadcrumb"},"inLanguage":"pt-PT","potentialAction":[{"@type":"ReadAction","target":["https:\/\/terrasdebasto.pt\/?p=4984"]}]},{"@type":"ImageObject","inLanguage":"pt-PT","@id":"https:\/\/terrasdebasto.pt\/?p=4984#primaryimage","url":"https:\/\/terrasdebasto.pt\/wp-content\/uploads\/2025\/11\/ECOS-DE-BASTO.jpg","contentUrl":"https:\/\/terrasdebasto.pt\/wp-content\/uploads\/2025\/11\/ECOS-DE-BASTO.jpg","width":1952,"height":1025},{"@type":"BreadcrumbList","@id":"https:\/\/terrasdebasto.pt\/?p=4984#breadcrumb","itemListElement":[{"@type":"ListItem","position":1,"name":"In\u00edcio","item":"https:\/\/terrasdebasto.pt\/"},{"@type":"ListItem","position":2,"name":"Cabeceiras: diretor de jornal para-oficial alimenta zanga entre socialistas"}]},{"@type":"WebSite","@id":"https:\/\/terrasdebasto.pt\/#website","url":"https:\/\/terrasdebasto.pt\/","name":"Jornal Terras de Basto","description":"","publisher":{"@id":"https:\/\/terrasdebasto.pt\/#organization"},"potentialAction":[{"@type":"SearchAction","target":{"@type":"EntryPoint","urlTemplate":"https:\/\/terrasdebasto.pt\/?s={search_term_string}"},"query-input":{"@type":"PropertyValueSpecification","valueRequired":true,"valueName":"search_term_string"}}],"inLanguage":"pt-PT"},{"@type":"Organization","@id":"https:\/\/terrasdebasto.pt\/#organization","name":"Jornal Terras de Basto","url":"https:\/\/terrasdebasto.pt\/","logo":{"@type":"ImageObject","inLanguage":"pt-PT","@id":"https:\/\/terrasdebasto.pt\/#\/schema\/logo\/image\/","url":"https:\/\/terrasdebasto.pt\/wp-content\/uploads\/2024\/06\/LogoNormal.png","contentUrl":"https:\/\/terrasdebasto.pt\/wp-content\/uploads\/2024\/06\/LogoNormal.png","width":5638,"height":809,"caption":"Jornal Terras de Basto"},"image":{"@id":"https:\/\/terrasdebasto.pt\/#\/schema\/logo\/image\/"}},{"@type":"Person","@id":"https:\/\/terrasdebasto.pt\/#\/schema\/person\/9f6739f5394ac65c802641773b278b84","name":"Jo\u00e3o Paulo Mesquita","image":{"@type":"ImageObject","inLanguage":"pt-PT","@id":"https:\/\/terrasdebasto.pt\/#\/schema\/person\/image\/","url":"https:\/\/secure.gravatar.com\/avatar\/9bd0f299e6d96336664aab64354168246a3ee3287c47891c50d450e47ed9d7f9?s=96&d=mm&r=g","contentUrl":"https:\/\/secure.gravatar.com\/avatar\/9bd0f299e6d96336664aab64354168246a3ee3287c47891c50d450e47ed9d7f9?s=96&d=mm&r=g","caption":"Jo\u00e3o Paulo Mesquita"},"url":"https:\/\/terrasdebasto.pt\/?author=7"}]}},"_links":{"self":[{"href":"https:\/\/terrasdebasto.pt\/index.php?rest_route=\/wp\/v2\/posts\/4984","targetHints":{"allow":["GET"]}}],"collection":[{"href":"https:\/\/terrasdebasto.pt\/index.php?rest_route=\/wp\/v2\/posts"}],"about":[{"href":"https:\/\/terrasdebasto.pt\/index.php?rest_route=\/wp\/v2\/types\/post"}],"author":[{"embeddable":true,"href":"https:\/\/terrasdebasto.pt\/index.php?rest_route=\/wp\/v2\/users\/7"}],"replies":[{"embeddable":true,"href":"https:\/\/terrasdebasto.pt\/index.php?rest_route=%2Fwp%2Fv2%2Fcomments&post=4984"}],"version-history":[{"count":1,"href":"https:\/\/terrasdebasto.pt\/index.php?rest_route=\/wp\/v2\/posts\/4984\/revisions"}],"predecessor-version":[{"id":4987,"href":"https:\/\/terrasdebasto.pt\/index.php?rest_route=\/wp\/v2\/posts\/4984\/revisions\/4987"}],"wp:featuredmedia":[{"embeddable":true,"href":"https:\/\/terrasdebasto.pt\/index.php?rest_route=\/wp\/v2\/media\/4985"}],"wp:attachment":[{"href":"https:\/\/terrasdebasto.pt\/index.php?rest_route=%2Fwp%2Fv2%2Fmedia&parent=4984"}],"wp:term":[{"taxonomy":"category","embeddable":true,"href":"https:\/\/terrasdebasto.pt\/index.php?rest_route=%2Fwp%2Fv2%2Fcategories&post=4984"},{"taxonomy":"post_tag","embeddable":true,"href":"https:\/\/terrasdebasto.pt\/index.php?rest_route=%2Fwp%2Fv2%2Ftags&post=4984"}],"curies":[{"name":"wp","href":"https:\/\/api.w.org\/{rel}","templated":true}]}}