{"id":4976,"date":"2025-11-17T12:50:08","date_gmt":"2025-11-17T12:50:08","guid":{"rendered":"https:\/\/terrasdebasto.pt\/?p=4976"},"modified":"2025-11-17T12:50:08","modified_gmt":"2025-11-17T12:50:08","slug":"cabeceiras-amantes-dos-cogumelos-silvestres-vao-sair-para-o-monte","status":"publish","type":"post","link":"https:\/\/terrasdebasto.pt\/?p=4976","title":{"rendered":"Cabeceiras: amantes dos cogumelos silvestres v\u00e3o sair para o monte"},"content":{"rendered":"\n<p><\/p>\n\n\n\n<p><strong>A Associa\u00e7\u00e3o \u201cCogumelos Silvestres de Basto\u201d, de Cabeceiras de Basto, promove a 6 de dezembro, a partir de Abadim, o oitavo Encontro Micol\u00f3gico da Serra da Cabreira, iniciativa circunscrita a 120 pessoas que pretende desenvolver \u00abtrabalho de campo\u00bb, ou seja, a recolha e identifica\u00e7\u00e3o de cada um dos exemplares localizados na serra.<\/strong><\/p>\n\n\n\n<figure class=\"wp-block-gallery has-nested-images columns-default is-cropped wp-block-gallery-1 is-layout-flex wp-block-gallery-is-layout-flex\">\n<figure class=\"wp-block-image size-large\"><img loading=\"lazy\" decoding=\"async\" width=\"1024\" height=\"744\" data-id=\"4978\" src=\"https:\/\/terrasdebasto.pt\/wp-content\/uploads\/2025\/11\/COGUMELOS-2-1024x744.jpg\" alt=\"\" class=\"wp-image-4978\" srcset=\"https:\/\/terrasdebasto.pt\/wp-content\/uploads\/2025\/11\/COGUMELOS-2-1024x744.jpg 1024w, https:\/\/terrasdebasto.pt\/wp-content\/uploads\/2025\/11\/COGUMELOS-2-300x218.jpg 300w, https:\/\/terrasdebasto.pt\/wp-content\/uploads\/2025\/11\/COGUMELOS-2-768x558.jpg 768w, https:\/\/terrasdebasto.pt\/wp-content\/uploads\/2025\/11\/COGUMELOS-2-1536x1117.jpg 1536w, https:\/\/terrasdebasto.pt\/wp-content\/uploads\/2025\/11\/COGUMELOS-2-150x109.jpg 150w, https:\/\/terrasdebasto.pt\/wp-content\/uploads\/2025\/11\/COGUMELOS-2-696x506.jpg 696w, https:\/\/terrasdebasto.pt\/wp-content\/uploads\/2025\/11\/COGUMELOS-2-1068x776.jpg 1068w, https:\/\/terrasdebasto.pt\/wp-content\/uploads\/2025\/11\/COGUMELOS-2.jpg 1626w\" sizes=\"auto, (max-width: 1024px) 100vw, 1024px\" \/><\/figure>\n<\/figure>\n\n\n\n<p>O encontro inicia-se nas instala\u00e7\u00f5es da autarquia de Abadim, onde se faz a concentra\u00e7\u00e3o dos participantes e onde acontece uma palestra sobre cogumelos conduzida por Pedro Capela, Pedro Sousa e H\u00e9lder Rodrigues.<\/p>\n\n\n\n<p>A sa\u00edda para a \u00e1rea florestal de Moinhos de Rei faz-se \u00e0s 10h30, sendo que o almo\u00e7o, \u00e0s 13h30, compreende j\u00e1 uma degusta\u00e7\u00e3o de cogumelos silvestres. Nova sa\u00edda para o campo vai fazer-se a partir das 15h00, na \u00c1rea de Lazer da Veiga.<\/p>\n\n\n\n<p>Para as 16h30 est\u00e1 ent\u00e3o agendada uma mostra e identifica\u00e7\u00e3o de cogumelos, o que antecede o lado festivo deste encontro, que compreende um arraial com concertinas e um jantar.<\/p>\n\n\n\n<p>As inscri\u00e7\u00f5es \u2013 que custam 35\u2026 cogumelos! \u2013 podem ser feitas junto da dire\u00e7\u00e3o da associa\u00e7\u00e3o (934&nbsp;099&nbsp;375 ou cogumelosilvestresdebasto@gmail.com).<\/p>\n\n\n\n<figure class=\"wp-block-gallery has-nested-images columns-default is-cropped wp-block-gallery-2 is-layout-flex wp-block-gallery-is-layout-flex\">\n<figure class=\"wp-block-image size-large\"><img loading=\"lazy\" decoding=\"async\" width=\"1024\" height=\"685\" data-id=\"4979\" src=\"https:\/\/terrasdebasto.pt\/wp-content\/uploads\/2025\/11\/COGUMELOS-4-1024x685.jpg\" alt=\"\" class=\"wp-image-4979\" srcset=\"https:\/\/terrasdebasto.pt\/wp-content\/uploads\/2025\/11\/COGUMELOS-4-1024x685.jpg 1024w, https:\/\/terrasdebasto.pt\/wp-content\/uploads\/2025\/11\/COGUMELOS-4-300x201.jpg 300w, https:\/\/terrasdebasto.pt\/wp-content\/uploads\/2025\/11\/COGUMELOS-4-768x513.jpg 768w, https:\/\/terrasdebasto.pt\/wp-content\/uploads\/2025\/11\/COGUMELOS-4-1536x1027.jpg 1536w, https:\/\/terrasdebasto.pt\/wp-content\/uploads\/2025\/11\/COGUMELOS-4-150x100.jpg 150w, https:\/\/terrasdebasto.pt\/wp-content\/uploads\/2025\/11\/COGUMELOS-4-696x465.jpg 696w, https:\/\/terrasdebasto.pt\/wp-content\/uploads\/2025\/11\/COGUMELOS-4-1068x714.jpg 1068w, https:\/\/terrasdebasto.pt\/wp-content\/uploads\/2025\/11\/COGUMELOS-4-1920x1283.jpg 1920w, https:\/\/terrasdebasto.pt\/wp-content\/uploads\/2025\/11\/COGUMELOS-4.jpg 2048w\" sizes=\"auto, (max-width: 1024px) 100vw, 1024px\" \/><\/figure>\n<\/figure>\n\n\n\n<figure class=\"wp-block-gallery has-nested-images columns-default is-cropped wp-block-gallery-3 is-layout-flex wp-block-gallery-is-layout-flex\">\n<figure class=\"wp-block-image size-large\"><img loading=\"lazy\" decoding=\"async\" width=\"1024\" height=\"684\" data-id=\"4980\" src=\"https:\/\/terrasdebasto.pt\/wp-content\/uploads\/2025\/11\/COGUMELOS-3-1024x684.jpg\" alt=\"\" class=\"wp-image-4980\" srcset=\"https:\/\/terrasdebasto.pt\/wp-content\/uploads\/2025\/11\/COGUMELOS-3-1024x684.jpg 1024w, https:\/\/terrasdebasto.pt\/wp-content\/uploads\/2025\/11\/COGUMELOS-3-300x200.jpg 300w, https:\/\/terrasdebasto.pt\/wp-content\/uploads\/2025\/11\/COGUMELOS-3-768x513.jpg 768w, https:\/\/terrasdebasto.pt\/wp-content\/uploads\/2025\/11\/COGUMELOS-3-1536x1025.jpg 1536w, https:\/\/terrasdebasto.pt\/wp-content\/uploads\/2025\/11\/COGUMELOS-3-150x100.jpg 150w, https:\/\/terrasdebasto.pt\/wp-content\/uploads\/2025\/11\/COGUMELOS-3-696x465.jpg 696w, https:\/\/terrasdebasto.pt\/wp-content\/uploads\/2025\/11\/COGUMELOS-3-1068x713.jpg 1068w, https:\/\/terrasdebasto.pt\/wp-content\/uploads\/2025\/11\/COGUMELOS-3-1920x1282.jpg 1920w, https:\/\/terrasdebasto.pt\/wp-content\/uploads\/2025\/11\/COGUMELOS-3.jpg 2048w\" sizes=\"auto, (max-width: 1024px) 100vw, 1024px\" \/><\/figure>\n<\/figure>\n\n\n\n<figure class=\"wp-block-gallery has-nested-images columns-default is-cropped wp-block-gallery-4 is-layout-flex wp-block-gallery-is-layout-flex\">\n<figure class=\"wp-block-image size-large\"><img loading=\"lazy\" decoding=\"async\" width=\"972\" height=\"1024\" data-id=\"4981\" src=\"https:\/\/terrasdebasto.pt\/wp-content\/uploads\/2025\/11\/COGUMELOS-5-972x1024.jpg\" alt=\"\" class=\"wp-image-4981\" srcset=\"https:\/\/terrasdebasto.pt\/wp-content\/uploads\/2025\/11\/COGUMELOS-5-972x1024.jpg 972w, https:\/\/terrasdebasto.pt\/wp-content\/uploads\/2025\/11\/COGUMELOS-5-285x300.jpg 285w, https:\/\/terrasdebasto.pt\/wp-content\/uploads\/2025\/11\/COGUMELOS-5-768x809.jpg 768w, https:\/\/terrasdebasto.pt\/wp-content\/uploads\/2025\/11\/COGUMELOS-5-150x158.jpg 150w, https:\/\/terrasdebasto.pt\/wp-content\/uploads\/2025\/11\/COGUMELOS-5-300x316.jpg 300w, https:\/\/terrasdebasto.pt\/wp-content\/uploads\/2025\/11\/COGUMELOS-5-696x733.jpg 696w, https:\/\/terrasdebasto.pt\/wp-content\/uploads\/2025\/11\/COGUMELOS-5-1068x1125.jpg 1068w, https:\/\/terrasdebasto.pt\/wp-content\/uploads\/2025\/11\/COGUMELOS-5.jpg 1086w\" sizes=\"auto, (max-width: 972px) 100vw, 972px\" \/><\/figure>\n<\/figure>\n\n\n\n<figure class=\"wp-block-gallery has-nested-images columns-default is-cropped wp-block-gallery-5 is-layout-flex wp-block-gallery-is-layout-flex\">\n<figure class=\"wp-block-image size-large\"><img loading=\"lazy\" decoding=\"async\" width=\"1024\" height=\"864\" data-id=\"4982\" src=\"https:\/\/terrasdebasto.pt\/wp-content\/uploads\/2025\/11\/COGUMELOS-6-1024x864.jpg\" alt=\"\" class=\"wp-image-4982\" srcset=\"https:\/\/terrasdebasto.pt\/wp-content\/uploads\/2025\/11\/COGUMELOS-6-1024x864.jpg 1024w, https:\/\/terrasdebasto.pt\/wp-content\/uploads\/2025\/11\/COGUMELOS-6-300x253.jpg 300w, https:\/\/terrasdebasto.pt\/wp-content\/uploads\/2025\/11\/COGUMELOS-6-768x648.jpg 768w, https:\/\/terrasdebasto.pt\/wp-content\/uploads\/2025\/11\/COGUMELOS-6-150x127.jpg 150w, https:\/\/terrasdebasto.pt\/wp-content\/uploads\/2025\/11\/COGUMELOS-6-696x588.jpg 696w, https:\/\/terrasdebasto.pt\/wp-content\/uploads\/2025\/11\/COGUMELOS-6-1068x902.jpg 1068w, https:\/\/terrasdebasto.pt\/wp-content\/uploads\/2025\/11\/COGUMELOS-6.jpg 1155w\" sizes=\"auto, (max-width: 1024px) 100vw, 1024px\" \/><\/figure>\n<\/figure>\n","protected":false},"excerpt":{"rendered":"<p>A Associa\u00e7\u00e3o \u201cCogumelos Silvestres de Basto\u201d, de Cabeceiras de Basto, promove a 6 de dezembro, a partir de Abadim, o oitavo Encontro Micol\u00f3gico da Serra da Cabreira, iniciativa circunscrita a 120 pessoas que pretende desenvolver \u00abtrabalho de campo\u00bb, ou seja, a recolha e identifica\u00e7\u00e3o de cada um dos exemplares localizados na serra. O encontro inicia-se [&hellip;]<\/p>\n","protected":false},"author":7,"featured_media":4977,"comment_status":"open","ping_status":"open","sticky":false,"template":"","format":"standard","meta":{"footnotes":""},"categories":[12,14,9],"tags":[514,1182],"class_list":{"0":"post-4976","1":"post","2":"type-post","3":"status-publish","4":"format-standard","5":"has-post-thumbnail","7":"category-cabeceiras-de-basto","8":"category-gastronomia","9":"category-terras-de-basto","10":"tag-cogumelos-silvestres-de-basto","11":"tag-encontro-micologico-serra-da-cabreira"},"yoast_head":"<!-- This site is optimized with the Yoast SEO plugin v25.7 - https:\/\/yoast.com\/wordpress\/plugins\/seo\/ -->\n<title>Cabeceiras: amantes dos cogumelos silvestres v\u00e3o sair para o monte - Jornal Terras de Basto<\/title>\n<meta name=\"description\" content=\"A Associa\u00e7\u00e3o \u201cCogumelos Silvestres de Basto\u201d, de Cabeceiras de Basto, promove a 6 de dezembro, a partir de Abadim, o oitavo Encontro Micol\u00f3gico da Serra da Cabreira, iniciativa circunscrita a 120 pessoas que pretende desenvolver \u00abtrabalho de campo\u00bb, ou seja, a recolha e identifica\u00e7\u00e3o de cada um dos exemplares localizados na serra.\" \/>\n<meta name=\"robots\" content=\"index, follow, max-snippet:-1, max-image-preview:large, max-video-preview:-1\" \/>\n<link rel=\"canonical\" href=\"https:\/\/terrasdebasto.pt\/?p=4976\" \/>\n<meta property=\"og:locale\" content=\"pt_PT\" \/>\n<meta property=\"og:type\" content=\"article\" \/>\n<meta property=\"og:title\" content=\"Cabeceiras: amantes dos cogumelos silvestres v\u00e3o sair para o monte - Jornal Terras de Basto\" \/>\n<meta property=\"og:description\" content=\"A Associa\u00e7\u00e3o \u201cCogumelos Silvestres de Basto\u201d, de Cabeceiras de Basto, promove a 6 de dezembro, a partir de Abadim, o oitavo Encontro Micol\u00f3gico da Serra da Cabreira, iniciativa circunscrita a 120 pessoas que pretende desenvolver \u00abtrabalho de campo\u00bb, ou seja, a recolha e identifica\u00e7\u00e3o de cada um dos exemplares localizados na serra.\" \/>\n<meta property=\"og:url\" content=\"https:\/\/terrasdebasto.pt\/?p=4976\" \/>\n<meta property=\"og:site_name\" content=\"Jornal Terras de Basto\" \/>\n<meta property=\"article:published_time\" content=\"2025-11-17T12:50:08+00:00\" \/>\n<meta property=\"og:image\" content=\"https:\/\/terrasdebasto.pt\/wp-content\/uploads\/2025\/11\/COGUMELOS-0.jpg\" \/>\n\t<meta property=\"og:image:width\" content=\"1094\" \/>\n\t<meta property=\"og:image:height\" content=\"802\" \/>\n\t<meta property=\"og:image:type\" content=\"image\/jpeg\" \/>\n<meta name=\"author\" content=\"Jo\u00e3o Paulo Mesquita\" \/>\n<meta name=\"twitter:card\" content=\"summary_large_image\" \/>\n<meta name=\"twitter:label1\" content=\"Escrito por\" \/>\n\t<meta name=\"twitter:data1\" content=\"Jo\u00e3o Paulo Mesquita\" \/>\n\t<meta name=\"twitter:label2\" content=\"Tempo estimado de leitura\" \/>\n\t<meta name=\"twitter:data2\" content=\"3 minutos\" \/>\n<script type=\"application\/ld+json\" class=\"yoast-schema-graph\">{\"@context\":\"https:\/\/schema.org\",\"@graph\":[{\"@type\":\"Article\",\"@id\":\"https:\/\/terrasdebasto.pt\/?p=4976#article\",\"isPartOf\":{\"@id\":\"https:\/\/terrasdebasto.pt\/?p=4976\"},\"author\":{\"name\":\"Jo\u00e3o Paulo Mesquita\",\"@id\":\"https:\/\/terrasdebasto.pt\/#\/schema\/person\/9f6739f5394ac65c802641773b278b84\"},\"headline\":\"Cabeceiras: amantes dos cogumelos silvestres v\u00e3o sair para o monte\",\"datePublished\":\"2025-11-17T12:50:08+00:00\",\"mainEntityOfPage\":{\"@id\":\"https:\/\/terrasdebasto.pt\/?p=4976\"},\"wordCount\":199,\"commentCount\":0,\"publisher\":{\"@id\":\"https:\/\/terrasdebasto.pt\/#organization\"},\"image\":{\"@id\":\"https:\/\/terrasdebasto.pt\/?p=4976#primaryimage\"},\"thumbnailUrl\":\"https:\/\/terrasdebasto.pt\/wp-content\/uploads\/2025\/11\/COGUMELOS-0.jpg\",\"keywords\":[\"Cogumelos Silvestres de Basto\",\"Encontro Micol\u00f3gico Serra da Cabreira\"],\"articleSection\":[\"Cabeceiras de Basto\",\"Gastronomia\",\"Terras de Basto\"],\"inLanguage\":\"pt-PT\",\"potentialAction\":[{\"@type\":\"CommentAction\",\"name\":\"Comment\",\"target\":[\"https:\/\/terrasdebasto.pt\/?p=4976#respond\"]}]},{\"@type\":\"WebPage\",\"@id\":\"https:\/\/terrasdebasto.pt\/?p=4976\",\"url\":\"https:\/\/terrasdebasto.pt\/?p=4976\",\"name\":\"Cabeceiras: amantes dos cogumelos silvestres v\u00e3o sair para o monte - Jornal Terras de Basto\",\"isPartOf\":{\"@id\":\"https:\/\/terrasdebasto.pt\/#website\"},\"primaryImageOfPage\":{\"@id\":\"https:\/\/terrasdebasto.pt\/?p=4976#primaryimage\"},\"image\":{\"@id\":\"https:\/\/terrasdebasto.pt\/?p=4976#primaryimage\"},\"thumbnailUrl\":\"https:\/\/terrasdebasto.pt\/wp-content\/uploads\/2025\/11\/COGUMELOS-0.jpg\",\"datePublished\":\"2025-11-17T12:50:08+00:00\",\"description\":\"A Associa\u00e7\u00e3o \u201cCogumelos Silvestres de Basto\u201d, de Cabeceiras de Basto, promove a 6 de dezembro, a partir de Abadim, o oitavo Encontro Micol\u00f3gico da Serra da Cabreira, iniciativa circunscrita a 120 pessoas que pretende desenvolver \u00abtrabalho de campo\u00bb, ou seja, a recolha e identifica\u00e7\u00e3o de cada um dos exemplares localizados na serra.\",\"breadcrumb\":{\"@id\":\"https:\/\/terrasdebasto.pt\/?p=4976#breadcrumb\"},\"inLanguage\":\"pt-PT\",\"potentialAction\":[{\"@type\":\"ReadAction\",\"target\":[\"https:\/\/terrasdebasto.pt\/?p=4976\"]}]},{\"@type\":\"ImageObject\",\"inLanguage\":\"pt-PT\",\"@id\":\"https:\/\/terrasdebasto.pt\/?p=4976#primaryimage\",\"url\":\"https:\/\/terrasdebasto.pt\/wp-content\/uploads\/2025\/11\/COGUMELOS-0.jpg\",\"contentUrl\":\"https:\/\/terrasdebasto.pt\/wp-content\/uploads\/2025\/11\/COGUMELOS-0.jpg\",\"width\":1094,\"height\":802},{\"@type\":\"BreadcrumbList\",\"@id\":\"https:\/\/terrasdebasto.pt\/?p=4976#breadcrumb\",\"itemListElement\":[{\"@type\":\"ListItem\",\"position\":1,\"name\":\"In\u00edcio\",\"item\":\"https:\/\/terrasdebasto.pt\/\"},{\"@type\":\"ListItem\",\"position\":2,\"name\":\"Cabeceiras: amantes dos cogumelos silvestres v\u00e3o sair para o monte\"}]},{\"@type\":\"WebSite\",\"@id\":\"https:\/\/terrasdebasto.pt\/#website\",\"url\":\"https:\/\/terrasdebasto.pt\/\",\"name\":\"Jornal Terras de Basto\",\"description\":\"\",\"publisher\":{\"@id\":\"https:\/\/terrasdebasto.pt\/#organization\"},\"potentialAction\":[{\"@type\":\"SearchAction\",\"target\":{\"@type\":\"EntryPoint\",\"urlTemplate\":\"https:\/\/terrasdebasto.pt\/?s={search_term_string}\"},\"query-input\":{\"@type\":\"PropertyValueSpecification\",\"valueRequired\":true,\"valueName\":\"search_term_string\"}}],\"inLanguage\":\"pt-PT\"},{\"@type\":\"Organization\",\"@id\":\"https:\/\/terrasdebasto.pt\/#organization\",\"name\":\"Jornal Terras de Basto\",\"url\":\"https:\/\/terrasdebasto.pt\/\",\"logo\":{\"@type\":\"ImageObject\",\"inLanguage\":\"pt-PT\",\"@id\":\"https:\/\/terrasdebasto.pt\/#\/schema\/logo\/image\/\",\"url\":\"https:\/\/terrasdebasto.pt\/wp-content\/uploads\/2024\/06\/LogoNormal.png\",\"contentUrl\":\"https:\/\/terrasdebasto.pt\/wp-content\/uploads\/2024\/06\/LogoNormal.png\",\"width\":5638,\"height\":809,\"caption\":\"Jornal Terras de Basto\"},\"image\":{\"@id\":\"https:\/\/terrasdebasto.pt\/#\/schema\/logo\/image\/\"}},{\"@type\":\"Person\",\"@id\":\"https:\/\/terrasdebasto.pt\/#\/schema\/person\/9f6739f5394ac65c802641773b278b84\",\"name\":\"Jo\u00e3o Paulo Mesquita\",\"image\":{\"@type\":\"ImageObject\",\"inLanguage\":\"pt-PT\",\"@id\":\"https:\/\/terrasdebasto.pt\/#\/schema\/person\/image\/\",\"url\":\"https:\/\/secure.gravatar.com\/avatar\/9bd0f299e6d96336664aab64354168246a3ee3287c47891c50d450e47ed9d7f9?s=96&d=mm&r=g\",\"contentUrl\":\"https:\/\/secure.gravatar.com\/avatar\/9bd0f299e6d96336664aab64354168246a3ee3287c47891c50d450e47ed9d7f9?s=96&d=mm&r=g\",\"caption\":\"Jo\u00e3o Paulo Mesquita\"},\"url\":\"https:\/\/terrasdebasto.pt\/?author=7\"}]}<\/script>\n<!-- \/ Yoast SEO plugin. -->","yoast_head_json":{"title":"Cabeceiras: amantes dos cogumelos silvestres v\u00e3o sair para o monte - Jornal Terras de Basto","description":"A Associa\u00e7\u00e3o \u201cCogumelos Silvestres de Basto\u201d, de Cabeceiras de Basto, promove a 6 de dezembro, a partir de Abadim, o oitavo Encontro Micol\u00f3gico da Serra da Cabreira, iniciativa circunscrita a 120 pessoas que pretende desenvolver \u00abtrabalho de campo\u00bb, ou seja, a recolha e identifica\u00e7\u00e3o de cada um dos exemplares localizados na serra.","robots":{"index":"index","follow":"follow","max-snippet":"max-snippet:-1","max-image-preview":"max-image-preview:large","max-video-preview":"max-video-preview:-1"},"canonical":"https:\/\/terrasdebasto.pt\/?p=4976","og_locale":"pt_PT","og_type":"article","og_title":"Cabeceiras: amantes dos cogumelos silvestres v\u00e3o sair para o monte - Jornal Terras de Basto","og_description":"A Associa\u00e7\u00e3o \u201cCogumelos Silvestres de Basto\u201d, de Cabeceiras de Basto, promove a 6 de dezembro, a partir de Abadim, o oitavo Encontro Micol\u00f3gico da Serra da Cabreira, iniciativa circunscrita a 120 pessoas que pretende desenvolver \u00abtrabalho de campo\u00bb, ou seja, a recolha e identifica\u00e7\u00e3o de cada um dos exemplares localizados na serra.","og_url":"https:\/\/terrasdebasto.pt\/?p=4976","og_site_name":"Jornal Terras de Basto","article_published_time":"2025-11-17T12:50:08+00:00","og_image":[{"width":1094,"height":802,"url":"https:\/\/terrasdebasto.pt\/wp-content\/uploads\/2025\/11\/COGUMELOS-0.jpg","type":"image\/jpeg"}],"author":"Jo\u00e3o Paulo Mesquita","twitter_card":"summary_large_image","twitter_misc":{"Escrito por":"Jo\u00e3o Paulo Mesquita","Tempo estimado de leitura":"3 minutos"},"schema":{"@context":"https:\/\/schema.org","@graph":[{"@type":"Article","@id":"https:\/\/terrasdebasto.pt\/?p=4976#article","isPartOf":{"@id":"https:\/\/terrasdebasto.pt\/?p=4976"},"author":{"name":"Jo\u00e3o Paulo Mesquita","@id":"https:\/\/terrasdebasto.pt\/#\/schema\/person\/9f6739f5394ac65c802641773b278b84"},"headline":"Cabeceiras: amantes dos cogumelos silvestres v\u00e3o sair para o monte","datePublished":"2025-11-17T12:50:08+00:00","mainEntityOfPage":{"@id":"https:\/\/terrasdebasto.pt\/?p=4976"},"wordCount":199,"commentCount":0,"publisher":{"@id":"https:\/\/terrasdebasto.pt\/#organization"},"image":{"@id":"https:\/\/terrasdebasto.pt\/?p=4976#primaryimage"},"thumbnailUrl":"https:\/\/terrasdebasto.pt\/wp-content\/uploads\/2025\/11\/COGUMELOS-0.jpg","keywords":["Cogumelos Silvestres de Basto","Encontro Micol\u00f3gico Serra da Cabreira"],"articleSection":["Cabeceiras de Basto","Gastronomia","Terras de Basto"],"inLanguage":"pt-PT","potentialAction":[{"@type":"CommentAction","name":"Comment","target":["https:\/\/terrasdebasto.pt\/?p=4976#respond"]}]},{"@type":"WebPage","@id":"https:\/\/terrasdebasto.pt\/?p=4976","url":"https:\/\/terrasdebasto.pt\/?p=4976","name":"Cabeceiras: amantes dos cogumelos silvestres v\u00e3o sair para o monte - Jornal Terras de Basto","isPartOf":{"@id":"https:\/\/terrasdebasto.pt\/#website"},"primaryImageOfPage":{"@id":"https:\/\/terrasdebasto.pt\/?p=4976#primaryimage"},"image":{"@id":"https:\/\/terrasdebasto.pt\/?p=4976#primaryimage"},"thumbnailUrl":"https:\/\/terrasdebasto.pt\/wp-content\/uploads\/2025\/11\/COGUMELOS-0.jpg","datePublished":"2025-11-17T12:50:08+00:00","description":"A Associa\u00e7\u00e3o \u201cCogumelos Silvestres de Basto\u201d, de Cabeceiras de Basto, promove a 6 de dezembro, a partir de Abadim, o oitavo Encontro Micol\u00f3gico da Serra da Cabreira, iniciativa circunscrita a 120 pessoas que pretende desenvolver \u00abtrabalho de campo\u00bb, ou seja, a recolha e identifica\u00e7\u00e3o de cada um dos exemplares localizados na serra.","breadcrumb":{"@id":"https:\/\/terrasdebasto.pt\/?p=4976#breadcrumb"},"inLanguage":"pt-PT","potentialAction":[{"@type":"ReadAction","target":["https:\/\/terrasdebasto.pt\/?p=4976"]}]},{"@type":"ImageObject","inLanguage":"pt-PT","@id":"https:\/\/terrasdebasto.pt\/?p=4976#primaryimage","url":"https:\/\/terrasdebasto.pt\/wp-content\/uploads\/2025\/11\/COGUMELOS-0.jpg","contentUrl":"https:\/\/terrasdebasto.pt\/wp-content\/uploads\/2025\/11\/COGUMELOS-0.jpg","width":1094,"height":802},{"@type":"BreadcrumbList","@id":"https:\/\/terrasdebasto.pt\/?p=4976#breadcrumb","itemListElement":[{"@type":"ListItem","position":1,"name":"In\u00edcio","item":"https:\/\/terrasdebasto.pt\/"},{"@type":"ListItem","position":2,"name":"Cabeceiras: amantes dos cogumelos silvestres v\u00e3o sair para o monte"}]},{"@type":"WebSite","@id":"https:\/\/terrasdebasto.pt\/#website","url":"https:\/\/terrasdebasto.pt\/","name":"Jornal Terras de Basto","description":"","publisher":{"@id":"https:\/\/terrasdebasto.pt\/#organization"},"potentialAction":[{"@type":"SearchAction","target":{"@type":"EntryPoint","urlTemplate":"https:\/\/terrasdebasto.pt\/?s={search_term_string}"},"query-input":{"@type":"PropertyValueSpecification","valueRequired":true,"valueName":"search_term_string"}}],"inLanguage":"pt-PT"},{"@type":"Organization","@id":"https:\/\/terrasdebasto.pt\/#organization","name":"Jornal Terras de Basto","url":"https:\/\/terrasdebasto.pt\/","logo":{"@type":"ImageObject","inLanguage":"pt-PT","@id":"https:\/\/terrasdebasto.pt\/#\/schema\/logo\/image\/","url":"https:\/\/terrasdebasto.pt\/wp-content\/uploads\/2024\/06\/LogoNormal.png","contentUrl":"https:\/\/terrasdebasto.pt\/wp-content\/uploads\/2024\/06\/LogoNormal.png","width":5638,"height":809,"caption":"Jornal Terras de Basto"},"image":{"@id":"https:\/\/terrasdebasto.pt\/#\/schema\/logo\/image\/"}},{"@type":"Person","@id":"https:\/\/terrasdebasto.pt\/#\/schema\/person\/9f6739f5394ac65c802641773b278b84","name":"Jo\u00e3o Paulo Mesquita","image":{"@type":"ImageObject","inLanguage":"pt-PT","@id":"https:\/\/terrasdebasto.pt\/#\/schema\/person\/image\/","url":"https:\/\/secure.gravatar.com\/avatar\/9bd0f299e6d96336664aab64354168246a3ee3287c47891c50d450e47ed9d7f9?s=96&d=mm&r=g","contentUrl":"https:\/\/secure.gravatar.com\/avatar\/9bd0f299e6d96336664aab64354168246a3ee3287c47891c50d450e47ed9d7f9?s=96&d=mm&r=g","caption":"Jo\u00e3o Paulo Mesquita"},"url":"https:\/\/terrasdebasto.pt\/?author=7"}]}},"_links":{"self":[{"href":"https:\/\/terrasdebasto.pt\/index.php?rest_route=\/wp\/v2\/posts\/4976","targetHints":{"allow":["GET"]}}],"collection":[{"href":"https:\/\/terrasdebasto.pt\/index.php?rest_route=\/wp\/v2\/posts"}],"about":[{"href":"https:\/\/terrasdebasto.pt\/index.php?rest_route=\/wp\/v2\/types\/post"}],"author":[{"embeddable":true,"href":"https:\/\/terrasdebasto.pt\/index.php?rest_route=\/wp\/v2\/users\/7"}],"replies":[{"embeddable":true,"href":"https:\/\/terrasdebasto.pt\/index.php?rest_route=%2Fwp%2Fv2%2Fcomments&post=4976"}],"version-history":[{"count":1,"href":"https:\/\/terrasdebasto.pt\/index.php?rest_route=\/wp\/v2\/posts\/4976\/revisions"}],"predecessor-version":[{"id":4983,"href":"https:\/\/terrasdebasto.pt\/index.php?rest_route=\/wp\/v2\/posts\/4976\/revisions\/4983"}],"wp:featuredmedia":[{"embeddable":true,"href":"https:\/\/terrasdebasto.pt\/index.php?rest_route=\/wp\/v2\/media\/4977"}],"wp:attachment":[{"href":"https:\/\/terrasdebasto.pt\/index.php?rest_route=%2Fwp%2Fv2%2Fmedia&parent=4976"}],"wp:term":[{"taxonomy":"category","embeddable":true,"href":"https:\/\/terrasdebasto.pt\/index.php?rest_route=%2Fwp%2Fv2%2Fcategories&post=4976"},{"taxonomy":"post_tag","embeddable":true,"href":"https:\/\/terrasdebasto.pt\/index.php?rest_route=%2Fwp%2Fv2%2Ftags&post=4976"}],"curies":[{"name":"wp","href":"https:\/\/api.w.org\/{rel}","templated":true}]}}