{"id":4969,"date":"2025-11-17T02:44:55","date_gmt":"2025-11-17T02:44:55","guid":{"rendered":"https:\/\/terrasdebasto.pt\/?p=4969"},"modified":"2025-11-17T02:44:55","modified_gmt":"2025-11-17T02:44:55","slug":"cerva-parque-das-meadas-com-novos-equipamentos","status":"publish","type":"post","link":"https:\/\/terrasdebasto.pt\/?p=4969","title":{"rendered":"Cerva: Parque das Meadas com novos equipamentos"},"content":{"rendered":"\n<p><\/p>\n\n\n\n<p><strong>O Parque de Lazer das Meadas, em Cerva &#8211; Ribeira de Pena, vai ter dois novos equipamentos desportivos, no caso um campo de futebol de praia e um campo de voleibol de praia, que est\u00e3o j\u00e1 em constru\u00e7\u00e3o por iniciativa do munic\u00edpio.<\/strong><\/p>\n\n\n\n<p>Correspondendo a um investimento da ordem dos 102 mil euros, as infraestruturas est\u00e3o a ser implantadas numa \u00e1rea de 2.016 metros quadrados e com elas passa a ser poss\u00edvel praticar modalidades at\u00e9 agora inexistentes no concelho, diversificando a oferta desportiva.<\/p>\n\n\n\n<p>Al\u00e9m de promover h\u00e1bitos de vida saud\u00e1veis, a iniciativa pretende tamb\u00e9m atrair praticantes e equipas destas modalidades, dinamizando o Parque de Lazer das Meadas e contribuindo para o desenvolvimento do com\u00e9rcio local, que beneficiar\u00e1 do aumento de visitantes e da realiza\u00e7\u00e3o de futuras atividades e eventos desportivos \u2013 diz a autarquia.<\/p>\n\n\n\n<figure class=\"wp-block-gallery has-nested-images columns-default is-cropped wp-block-gallery-1 is-layout-flex wp-block-gallery-is-layout-flex\">\n<figure class=\"wp-block-image size-large\"><img loading=\"lazy\" decoding=\"async\" width=\"1024\" height=\"576\" data-id=\"4972\" src=\"https:\/\/terrasdebasto.pt\/wp-content\/uploads\/2025\/11\/CERVA-MEADAS-03-1024x576.jpg\" alt=\"\" class=\"wp-image-4972\" srcset=\"https:\/\/terrasdebasto.pt\/wp-content\/uploads\/2025\/11\/CERVA-MEADAS-03-1024x576.jpg 1024w, https:\/\/terrasdebasto.pt\/wp-content\/uploads\/2025\/11\/CERVA-MEADAS-03-300x169.jpg 300w, https:\/\/terrasdebasto.pt\/wp-content\/uploads\/2025\/11\/CERVA-MEADAS-03-768x432.jpg 768w, https:\/\/terrasdebasto.pt\/wp-content\/uploads\/2025\/11\/CERVA-MEADAS-03-1536x864.jpg 1536w, https:\/\/terrasdebasto.pt\/wp-content\/uploads\/2025\/11\/CERVA-MEADAS-03-150x84.jpg 150w, https:\/\/terrasdebasto.pt\/wp-content\/uploads\/2025\/11\/CERVA-MEADAS-03-696x392.jpg 696w, https:\/\/terrasdebasto.pt\/wp-content\/uploads\/2025\/11\/CERVA-MEADAS-03-1068x601.jpg 1068w, https:\/\/terrasdebasto.pt\/wp-content\/uploads\/2025\/11\/CERVA-MEADAS-03-1920x1080.jpg 1920w, https:\/\/terrasdebasto.pt\/wp-content\/uploads\/2025\/11\/CERVA-MEADAS-03.jpg 2048w\" sizes=\"auto, (max-width: 1024px) 100vw, 1024px\" \/><figcaption class=\"wp-element-caption\">DCIM\\100MEDIA\\DJI_0785.JPG<\/figcaption><\/figure>\n<\/figure>\n\n\n\n<figure class=\"wp-block-gallery has-nested-images columns-default is-cropped wp-block-gallery-2 is-layout-flex wp-block-gallery-is-layout-flex\">\n<figure class=\"wp-block-image size-large\"><img loading=\"lazy\" decoding=\"async\" width=\"1024\" height=\"683\" data-id=\"4973\" src=\"https:\/\/terrasdebasto.pt\/wp-content\/uploads\/2025\/11\/CERVA-MEADAS-02-1-1024x683.jpg\" alt=\"\" class=\"wp-image-4973\" srcset=\"https:\/\/terrasdebasto.pt\/wp-content\/uploads\/2025\/11\/CERVA-MEADAS-02-1-1024x683.jpg 1024w, https:\/\/terrasdebasto.pt\/wp-content\/uploads\/2025\/11\/CERVA-MEADAS-02-1-300x200.jpg 300w, https:\/\/terrasdebasto.pt\/wp-content\/uploads\/2025\/11\/CERVA-MEADAS-02-1-768x512.jpg 768w, https:\/\/terrasdebasto.pt\/wp-content\/uploads\/2025\/11\/CERVA-MEADAS-02-1-1536x1024.jpg 1536w, https:\/\/terrasdebasto.pt\/wp-content\/uploads\/2025\/11\/CERVA-MEADAS-02-1-150x100.jpg 150w, https:\/\/terrasdebasto.pt\/wp-content\/uploads\/2025\/11\/CERVA-MEADAS-02-1-696x464.jpg 696w, https:\/\/terrasdebasto.pt\/wp-content\/uploads\/2025\/11\/CERVA-MEADAS-02-1-1068x712.jpg 1068w, https:\/\/terrasdebasto.pt\/wp-content\/uploads\/2025\/11\/CERVA-MEADAS-02-1-1920x1280.jpg 1920w, https:\/\/terrasdebasto.pt\/wp-content\/uploads\/2025\/11\/CERVA-MEADAS-02-1.jpg 2048w\" sizes=\"auto, (max-width: 1024px) 100vw, 1024px\" \/><\/figure>\n<\/figure>\n","protected":false},"excerpt":{"rendered":"<p>O Parque de Lazer das Meadas, em Cerva &#8211; Ribeira de Pena, vai ter dois novos equipamentos desportivos, no caso um campo de futebol de praia e um campo de voleibol de praia, que est\u00e3o j\u00e1 em constru\u00e7\u00e3o por iniciativa do munic\u00edpio. Correspondendo a um investimento da ordem dos 102 mil euros, as infraestruturas est\u00e3o [&hellip;]<\/p>\n","protected":false},"author":7,"featured_media":4970,"comment_status":"open","ping_status":"open","sticky":false,"template":"","format":"standard","meta":{"footnotes":""},"categories":[8,26,9],"tags":[93,1181,1180,56],"class_list":{"0":"post-4969","1":"post","2":"type-post","3":"status-publish","4":"format-standard","5":"has-post-thumbnail","7":"category-desporto","8":"category-ribeira-de-pena","9":"category-terras-de-basto","10":"tag-cerva","11":"tag-equipamentos-desportivos","12":"tag-parque-de-lazer-das-meadas","13":"tag-ribeira-de-pena"},"yoast_head":"<!-- This site is optimized with the Yoast SEO plugin v25.7 - https:\/\/yoast.com\/wordpress\/plugins\/seo\/ -->\n<title>Cerva: Parque das Meadas com novos equipamentos - Jornal Terras de Basto<\/title>\n<meta name=\"description\" content=\"O Parque de Lazer das Meadas, em Cerva - Ribeira de Pena, vai ter dois novos equipamentos desportivos, no caso um campo de futebol de praia e um campo de voleibol de praia, que est\u00e3o j\u00e1 em constru\u00e7\u00e3o por iniciativa do munic\u00edpio.\" \/>\n<meta name=\"robots\" content=\"index, follow, max-snippet:-1, max-image-preview:large, max-video-preview:-1\" \/>\n<link rel=\"canonical\" href=\"https:\/\/terrasdebasto.pt\/?p=4969\" \/>\n<meta property=\"og:locale\" content=\"pt_PT\" \/>\n<meta property=\"og:type\" content=\"article\" \/>\n<meta property=\"og:title\" content=\"Cerva: Parque das Meadas com novos equipamentos - Jornal Terras de Basto\" \/>\n<meta property=\"og:description\" content=\"O Parque de Lazer das Meadas, em Cerva - Ribeira de Pena, vai ter dois novos equipamentos desportivos, no caso um campo de futebol de praia e um campo de voleibol de praia, que est\u00e3o j\u00e1 em constru\u00e7\u00e3o por iniciativa do munic\u00edpio.\" \/>\n<meta property=\"og:url\" content=\"https:\/\/terrasdebasto.pt\/?p=4969\" \/>\n<meta property=\"og:site_name\" content=\"Jornal Terras de Basto\" \/>\n<meta property=\"article:published_time\" content=\"2025-11-17T02:44:55+00:00\" \/>\n<meta property=\"og:image\" content=\"https:\/\/terrasdebasto.pt\/wp-content\/uploads\/2025\/11\/CERVA-MEADAS-01.jpg\" \/>\n\t<meta property=\"og:image:width\" content=\"2048\" \/>\n\t<meta property=\"og:image:height\" content=\"1152\" \/>\n\t<meta property=\"og:image:type\" content=\"image\/jpeg\" \/>\n<meta name=\"author\" content=\"Jo\u00e3o Paulo Mesquita\" \/>\n<meta name=\"twitter:card\" content=\"summary_large_image\" \/>\n<meta name=\"twitter:label1\" content=\"Escrito por\" \/>\n\t<meta name=\"twitter:data1\" content=\"Jo\u00e3o Paulo Mesquita\" \/>\n\t<meta name=\"twitter:label2\" content=\"Tempo estimado de leitura\" \/>\n\t<meta name=\"twitter:data2\" content=\"2 minutos\" \/>\n<script type=\"application\/ld+json\" class=\"yoast-schema-graph\">{\"@context\":\"https:\/\/schema.org\",\"@graph\":[{\"@type\":\"Article\",\"@id\":\"https:\/\/terrasdebasto.pt\/?p=4969#article\",\"isPartOf\":{\"@id\":\"https:\/\/terrasdebasto.pt\/?p=4969\"},\"author\":{\"name\":\"Jo\u00e3o Paulo Mesquita\",\"@id\":\"https:\/\/terrasdebasto.pt\/#\/schema\/person\/9f6739f5394ac65c802641773b278b84\"},\"headline\":\"Cerva: Parque das Meadas com novos equipamentos\",\"datePublished\":\"2025-11-17T02:44:55+00:00\",\"mainEntityOfPage\":{\"@id\":\"https:\/\/terrasdebasto.pt\/?p=4969\"},\"wordCount\":152,\"commentCount\":0,\"publisher\":{\"@id\":\"https:\/\/terrasdebasto.pt\/#organization\"},\"image\":{\"@id\":\"https:\/\/terrasdebasto.pt\/?p=4969#primaryimage\"},\"thumbnailUrl\":\"https:\/\/terrasdebasto.pt\/wp-content\/uploads\/2025\/11\/CERVA-MEADAS-01.jpg\",\"keywords\":[\"Cerva\",\"Equipamentos Desportivos\",\"Parque de Lazer das Meadas\",\"Ribeira de Pena\"],\"articleSection\":[\"Desporto\",\"Ribeira de Pena\",\"Terras de Basto\"],\"inLanguage\":\"pt-PT\",\"potentialAction\":[{\"@type\":\"CommentAction\",\"name\":\"Comment\",\"target\":[\"https:\/\/terrasdebasto.pt\/?p=4969#respond\"]}]},{\"@type\":\"WebPage\",\"@id\":\"https:\/\/terrasdebasto.pt\/?p=4969\",\"url\":\"https:\/\/terrasdebasto.pt\/?p=4969\",\"name\":\"Cerva: Parque das Meadas com novos equipamentos - Jornal Terras de Basto\",\"isPartOf\":{\"@id\":\"https:\/\/terrasdebasto.pt\/#website\"},\"primaryImageOfPage\":{\"@id\":\"https:\/\/terrasdebasto.pt\/?p=4969#primaryimage\"},\"image\":{\"@id\":\"https:\/\/terrasdebasto.pt\/?p=4969#primaryimage\"},\"thumbnailUrl\":\"https:\/\/terrasdebasto.pt\/wp-content\/uploads\/2025\/11\/CERVA-MEADAS-01.jpg\",\"datePublished\":\"2025-11-17T02:44:55+00:00\",\"description\":\"O Parque de Lazer das Meadas, em Cerva - Ribeira de Pena, vai ter dois novos equipamentos desportivos, no caso um campo de futebol de praia e um campo de voleibol de praia, que est\u00e3o j\u00e1 em constru\u00e7\u00e3o por iniciativa do munic\u00edpio.\",\"breadcrumb\":{\"@id\":\"https:\/\/terrasdebasto.pt\/?p=4969#breadcrumb\"},\"inLanguage\":\"pt-PT\",\"potentialAction\":[{\"@type\":\"ReadAction\",\"target\":[\"https:\/\/terrasdebasto.pt\/?p=4969\"]}]},{\"@type\":\"ImageObject\",\"inLanguage\":\"pt-PT\",\"@id\":\"https:\/\/terrasdebasto.pt\/?p=4969#primaryimage\",\"url\":\"https:\/\/terrasdebasto.pt\/wp-content\/uploads\/2025\/11\/CERVA-MEADAS-01.jpg\",\"contentUrl\":\"https:\/\/terrasdebasto.pt\/wp-content\/uploads\/2025\/11\/CERVA-MEADAS-01.jpg\",\"width\":2048,\"height\":1152,\"caption\":\"DCIM100MEDIADJI_0786.JPG\"},{\"@type\":\"BreadcrumbList\",\"@id\":\"https:\/\/terrasdebasto.pt\/?p=4969#breadcrumb\",\"itemListElement\":[{\"@type\":\"ListItem\",\"position\":1,\"name\":\"In\u00edcio\",\"item\":\"https:\/\/terrasdebasto.pt\/\"},{\"@type\":\"ListItem\",\"position\":2,\"name\":\"Cerva: Parque das Meadas com novos equipamentos\"}]},{\"@type\":\"WebSite\",\"@id\":\"https:\/\/terrasdebasto.pt\/#website\",\"url\":\"https:\/\/terrasdebasto.pt\/\",\"name\":\"Jornal Terras de Basto\",\"description\":\"\",\"publisher\":{\"@id\":\"https:\/\/terrasdebasto.pt\/#organization\"},\"potentialAction\":[{\"@type\":\"SearchAction\",\"target\":{\"@type\":\"EntryPoint\",\"urlTemplate\":\"https:\/\/terrasdebasto.pt\/?s={search_term_string}\"},\"query-input\":{\"@type\":\"PropertyValueSpecification\",\"valueRequired\":true,\"valueName\":\"search_term_string\"}}],\"inLanguage\":\"pt-PT\"},{\"@type\":\"Organization\",\"@id\":\"https:\/\/terrasdebasto.pt\/#organization\",\"name\":\"Jornal Terras de Basto\",\"url\":\"https:\/\/terrasdebasto.pt\/\",\"logo\":{\"@type\":\"ImageObject\",\"inLanguage\":\"pt-PT\",\"@id\":\"https:\/\/terrasdebasto.pt\/#\/schema\/logo\/image\/\",\"url\":\"https:\/\/terrasdebasto.pt\/wp-content\/uploads\/2024\/06\/LogoNormal.png\",\"contentUrl\":\"https:\/\/terrasdebasto.pt\/wp-content\/uploads\/2024\/06\/LogoNormal.png\",\"width\":5638,\"height\":809,\"caption\":\"Jornal Terras de Basto\"},\"image\":{\"@id\":\"https:\/\/terrasdebasto.pt\/#\/schema\/logo\/image\/\"}},{\"@type\":\"Person\",\"@id\":\"https:\/\/terrasdebasto.pt\/#\/schema\/person\/9f6739f5394ac65c802641773b278b84\",\"name\":\"Jo\u00e3o Paulo Mesquita\",\"image\":{\"@type\":\"ImageObject\",\"inLanguage\":\"pt-PT\",\"@id\":\"https:\/\/terrasdebasto.pt\/#\/schema\/person\/image\/\",\"url\":\"https:\/\/secure.gravatar.com\/avatar\/9bd0f299e6d96336664aab64354168246a3ee3287c47891c50d450e47ed9d7f9?s=96&d=mm&r=g\",\"contentUrl\":\"https:\/\/secure.gravatar.com\/avatar\/9bd0f299e6d96336664aab64354168246a3ee3287c47891c50d450e47ed9d7f9?s=96&d=mm&r=g\",\"caption\":\"Jo\u00e3o Paulo Mesquita\"},\"url\":\"https:\/\/terrasdebasto.pt\/?author=7\"}]}<\/script>\n<!-- \/ Yoast SEO plugin. -->","yoast_head_json":{"title":"Cerva: Parque das Meadas com novos equipamentos - Jornal Terras de Basto","description":"O Parque de Lazer das Meadas, em Cerva - Ribeira de Pena, vai ter dois novos equipamentos desportivos, no caso um campo de futebol de praia e um campo de voleibol de praia, que est\u00e3o j\u00e1 em constru\u00e7\u00e3o por iniciativa do munic\u00edpio.","robots":{"index":"index","follow":"follow","max-snippet":"max-snippet:-1","max-image-preview":"max-image-preview:large","max-video-preview":"max-video-preview:-1"},"canonical":"https:\/\/terrasdebasto.pt\/?p=4969","og_locale":"pt_PT","og_type":"article","og_title":"Cerva: Parque das Meadas com novos equipamentos - Jornal Terras de Basto","og_description":"O Parque de Lazer das Meadas, em Cerva - Ribeira de Pena, vai ter dois novos equipamentos desportivos, no caso um campo de futebol de praia e um campo de voleibol de praia, que est\u00e3o j\u00e1 em constru\u00e7\u00e3o por iniciativa do munic\u00edpio.","og_url":"https:\/\/terrasdebasto.pt\/?p=4969","og_site_name":"Jornal Terras de Basto","article_published_time":"2025-11-17T02:44:55+00:00","og_image":[{"width":2048,"height":1152,"url":"https:\/\/terrasdebasto.pt\/wp-content\/uploads\/2025\/11\/CERVA-MEADAS-01.jpg","type":"image\/jpeg"}],"author":"Jo\u00e3o Paulo Mesquita","twitter_card":"summary_large_image","twitter_misc":{"Escrito por":"Jo\u00e3o Paulo Mesquita","Tempo estimado de leitura":"2 minutos"},"schema":{"@context":"https:\/\/schema.org","@graph":[{"@type":"Article","@id":"https:\/\/terrasdebasto.pt\/?p=4969#article","isPartOf":{"@id":"https:\/\/terrasdebasto.pt\/?p=4969"},"author":{"name":"Jo\u00e3o Paulo Mesquita","@id":"https:\/\/terrasdebasto.pt\/#\/schema\/person\/9f6739f5394ac65c802641773b278b84"},"headline":"Cerva: Parque das Meadas com novos equipamentos","datePublished":"2025-11-17T02:44:55+00:00","mainEntityOfPage":{"@id":"https:\/\/terrasdebasto.pt\/?p=4969"},"wordCount":152,"commentCount":0,"publisher":{"@id":"https:\/\/terrasdebasto.pt\/#organization"},"image":{"@id":"https:\/\/terrasdebasto.pt\/?p=4969#primaryimage"},"thumbnailUrl":"https:\/\/terrasdebasto.pt\/wp-content\/uploads\/2025\/11\/CERVA-MEADAS-01.jpg","keywords":["Cerva","Equipamentos Desportivos","Parque de Lazer das Meadas","Ribeira de Pena"],"articleSection":["Desporto","Ribeira de Pena","Terras de Basto"],"inLanguage":"pt-PT","potentialAction":[{"@type":"CommentAction","name":"Comment","target":["https:\/\/terrasdebasto.pt\/?p=4969#respond"]}]},{"@type":"WebPage","@id":"https:\/\/terrasdebasto.pt\/?p=4969","url":"https:\/\/terrasdebasto.pt\/?p=4969","name":"Cerva: Parque das Meadas com novos equipamentos - Jornal Terras de Basto","isPartOf":{"@id":"https:\/\/terrasdebasto.pt\/#website"},"primaryImageOfPage":{"@id":"https:\/\/terrasdebasto.pt\/?p=4969#primaryimage"},"image":{"@id":"https:\/\/terrasdebasto.pt\/?p=4969#primaryimage"},"thumbnailUrl":"https:\/\/terrasdebasto.pt\/wp-content\/uploads\/2025\/11\/CERVA-MEADAS-01.jpg","datePublished":"2025-11-17T02:44:55+00:00","description":"O Parque de Lazer das Meadas, em Cerva - Ribeira de Pena, vai ter dois novos equipamentos desportivos, no caso um campo de futebol de praia e um campo de voleibol de praia, que est\u00e3o j\u00e1 em constru\u00e7\u00e3o por iniciativa do munic\u00edpio.","breadcrumb":{"@id":"https:\/\/terrasdebasto.pt\/?p=4969#breadcrumb"},"inLanguage":"pt-PT","potentialAction":[{"@type":"ReadAction","target":["https:\/\/terrasdebasto.pt\/?p=4969"]}]},{"@type":"ImageObject","inLanguage":"pt-PT","@id":"https:\/\/terrasdebasto.pt\/?p=4969#primaryimage","url":"https:\/\/terrasdebasto.pt\/wp-content\/uploads\/2025\/11\/CERVA-MEADAS-01.jpg","contentUrl":"https:\/\/terrasdebasto.pt\/wp-content\/uploads\/2025\/11\/CERVA-MEADAS-01.jpg","width":2048,"height":1152,"caption":"DCIM100MEDIADJI_0786.JPG"},{"@type":"BreadcrumbList","@id":"https:\/\/terrasdebasto.pt\/?p=4969#breadcrumb","itemListElement":[{"@type":"ListItem","position":1,"name":"In\u00edcio","item":"https:\/\/terrasdebasto.pt\/"},{"@type":"ListItem","position":2,"name":"Cerva: Parque das Meadas com novos equipamentos"}]},{"@type":"WebSite","@id":"https:\/\/terrasdebasto.pt\/#website","url":"https:\/\/terrasdebasto.pt\/","name":"Jornal Terras de Basto","description":"","publisher":{"@id":"https:\/\/terrasdebasto.pt\/#organization"},"potentialAction":[{"@type":"SearchAction","target":{"@type":"EntryPoint","urlTemplate":"https:\/\/terrasdebasto.pt\/?s={search_term_string}"},"query-input":{"@type":"PropertyValueSpecification","valueRequired":true,"valueName":"search_term_string"}}],"inLanguage":"pt-PT"},{"@type":"Organization","@id":"https:\/\/terrasdebasto.pt\/#organization","name":"Jornal Terras de Basto","url":"https:\/\/terrasdebasto.pt\/","logo":{"@type":"ImageObject","inLanguage":"pt-PT","@id":"https:\/\/terrasdebasto.pt\/#\/schema\/logo\/image\/","url":"https:\/\/terrasdebasto.pt\/wp-content\/uploads\/2024\/06\/LogoNormal.png","contentUrl":"https:\/\/terrasdebasto.pt\/wp-content\/uploads\/2024\/06\/LogoNormal.png","width":5638,"height":809,"caption":"Jornal Terras de Basto"},"image":{"@id":"https:\/\/terrasdebasto.pt\/#\/schema\/logo\/image\/"}},{"@type":"Person","@id":"https:\/\/terrasdebasto.pt\/#\/schema\/person\/9f6739f5394ac65c802641773b278b84","name":"Jo\u00e3o Paulo Mesquita","image":{"@type":"ImageObject","inLanguage":"pt-PT","@id":"https:\/\/terrasdebasto.pt\/#\/schema\/person\/image\/","url":"https:\/\/secure.gravatar.com\/avatar\/9bd0f299e6d96336664aab64354168246a3ee3287c47891c50d450e47ed9d7f9?s=96&d=mm&r=g","contentUrl":"https:\/\/secure.gravatar.com\/avatar\/9bd0f299e6d96336664aab64354168246a3ee3287c47891c50d450e47ed9d7f9?s=96&d=mm&r=g","caption":"Jo\u00e3o Paulo Mesquita"},"url":"https:\/\/terrasdebasto.pt\/?author=7"}]}},"_links":{"self":[{"href":"https:\/\/terrasdebasto.pt\/index.php?rest_route=\/wp\/v2\/posts\/4969","targetHints":{"allow":["GET"]}}],"collection":[{"href":"https:\/\/terrasdebasto.pt\/index.php?rest_route=\/wp\/v2\/posts"}],"about":[{"href":"https:\/\/terrasdebasto.pt\/index.php?rest_route=\/wp\/v2\/types\/post"}],"author":[{"embeddable":true,"href":"https:\/\/terrasdebasto.pt\/index.php?rest_route=\/wp\/v2\/users\/7"}],"replies":[{"embeddable":true,"href":"https:\/\/terrasdebasto.pt\/index.php?rest_route=%2Fwp%2Fv2%2Fcomments&post=4969"}],"version-history":[{"count":1,"href":"https:\/\/terrasdebasto.pt\/index.php?rest_route=\/wp\/v2\/posts\/4969\/revisions"}],"predecessor-version":[{"id":4974,"href":"https:\/\/terrasdebasto.pt\/index.php?rest_route=\/wp\/v2\/posts\/4969\/revisions\/4974"}],"wp:featuredmedia":[{"embeddable":true,"href":"https:\/\/terrasdebasto.pt\/index.php?rest_route=\/wp\/v2\/media\/4970"}],"wp:attachment":[{"href":"https:\/\/terrasdebasto.pt\/index.php?rest_route=%2Fwp%2Fv2%2Fmedia&parent=4969"}],"wp:term":[{"taxonomy":"category","embeddable":true,"href":"https:\/\/terrasdebasto.pt\/index.php?rest_route=%2Fwp%2Fv2%2Fcategories&post=4969"},{"taxonomy":"post_tag","embeddable":true,"href":"https:\/\/terrasdebasto.pt\/index.php?rest_route=%2Fwp%2Fv2%2Ftags&post=4969"}],"curies":[{"name":"wp","href":"https:\/\/api.w.org\/{rel}","templated":true}]}}