{"id":4964,"date":"2025-11-17T02:29:11","date_gmt":"2025-11-17T02:29:11","guid":{"rendered":"https:\/\/terrasdebasto.pt\/?p=4964"},"modified":"2025-11-17T02:29:12","modified_gmt":"2025-11-17T02:29:12","slug":"alvao-integra-rede-biodiversidade-mais-a-norte","status":"publish","type":"post","link":"https:\/\/terrasdebasto.pt\/?p=4964","title":{"rendered":"Alv\u00e3o integra rede \u201cbiodiversidade mais a norte\u201d"},"content":{"rendered":"\n<p><\/p>\n\n\n\n<p><strong>O Parque Natural do Alv\u00e3o vai integrar a rede tem\u00e1tica \u201cConserva\u00e7\u00e3o da Natureza e Biodiversidade Mais a Norte\u201d agora constitu\u00edda pela Comiss\u00e3o de Coordena\u00e7\u00e3o e Desenvolvimento Regional do Norte.<\/strong><\/p>\n\n\n\n<p>A opera\u00e7\u00e3o \u2013 que teve o ato p\u00fablico de constitui\u00e7\u00e3o sexta-feira (14), em Ponte da Barca \u2013 pretende refor\u00e7ar a articula\u00e7\u00e3o t\u00e9cnica e institucional entre as entidades respons\u00e1veis pela gest\u00e3o e valoriza\u00e7\u00e3o desta \u00e1rea protegida.<\/p>\n\n\n\n<p>O protocolo de ades\u00e3o do Parque do Alv\u00e3o a esta rede tem\u00e1tica foi subscrito pelo presidente da C\u00e2mara de Mondim de Basto, Bruno Ferreira, em representa\u00e7\u00e3o da sua comiss\u00e3o de co-gest\u00e3o.<\/p>\n\n\n\n<p>A sess\u00e3o contou com a presen\u00e7a do ministro da Economia e da Coes\u00e3o Territorial, Manuel Castro Almeida, e do secret\u00e1rio de Estado do Ambiente, Jo\u00e3o Esteves, bem como de representantes de autarquias, do Instituto da Conserva\u00e7\u00e3o da Natureza e das Florestas (ICNF), da Ag\u00eancia Portuguesa do Ambiente (APA), do Turismo do Porto e Norte de Portugal (TPNP) e das entidades gestoras das \u00e1reas protegidas da regi\u00e3o.<\/p>\n\n\n\n<p>Na circunst\u00e2ncia, foi anunciado que o programa operacional regional \u201cNorte 2030\u201d aprovou mais de 30 opera\u00e7\u00f5es na \u00e1rea da Conserva\u00e7\u00e3o da Natureza e Biodiversidade, nas \u00e1reas protegidas, com uma \u00e1rea total de 1.900 hectares, com um investimento total de 27,5 milh\u00f5es de euros, sendo que mais de 20 milh\u00f5es de euros s\u00e3o financiados por fundos europeus.<\/p>\n\n\n\n<p>Segundo a CCDR-N, os projetos aprovados abrangem todas as \u00e1reas protegidas do Norte, desde o Parque Nacional da Peneda-Ger\u00eas ao Parque Natural do Alv\u00e3o, do Douro Internacional, Montesinho, Litoral Norte e Regional do Vale do Tua, passando pelas paisagens protegidas regionais e locais, como o Corno do Bico (Paredes de Coura), a Albufeira do Azibo, as Lagoas de Bertiandos e S\u00e3o Pedro d\u2019Arcos, o Litoral de Vila do Conde e Reserva Ornitol\u00f3gica de Mindelo, o Parque das Serras do Porto, a Reserva Natural Local do Estu\u00e1rio do Douro e \u00c1rea Protegida Privada Fraga Viva \u2013 Reduto do Batr\u00e1quio\u201d.<\/p>\n\n\n\n<p>No que se refere \u00e0 rede tem\u00e1tica \u201cConserva\u00e7\u00e3o da Natureza e Biodiversidade Mais a Norte\u201d, ela pretende \u00abpromover a coopera\u00e7\u00e3o, o interc\u00e2mbio de conhecimento e a sustentabilidade territorial, num esfor\u00e7o coletivo de preserva\u00e7\u00e3o do patrim\u00f3nio natural e dos ecossistemas do Norte\u00bb.<\/p>\n\n\n\n<figure class=\"wp-block-gallery has-nested-images columns-default is-cropped wp-block-gallery-1 is-layout-flex wp-block-gallery-is-layout-flex\">\n<figure class=\"wp-block-image size-large\"><img loading=\"lazy\" decoding=\"async\" width=\"1024\" height=\"600\" data-id=\"4966\" src=\"https:\/\/terrasdebasto.pt\/wp-content\/uploads\/2025\/11\/BRUNO-MOURA-FERREIRA-02-1024x600.jpg\" alt=\"\" class=\"wp-image-4966\" srcset=\"https:\/\/terrasdebasto.pt\/wp-content\/uploads\/2025\/11\/BRUNO-MOURA-FERREIRA-02-1024x600.jpg 1024w, https:\/\/terrasdebasto.pt\/wp-content\/uploads\/2025\/11\/BRUNO-MOURA-FERREIRA-02-300x176.jpg 300w, https:\/\/terrasdebasto.pt\/wp-content\/uploads\/2025\/11\/BRUNO-MOURA-FERREIRA-02-768x450.jpg 768w, https:\/\/terrasdebasto.pt\/wp-content\/uploads\/2025\/11\/BRUNO-MOURA-FERREIRA-02-150x88.jpg 150w, https:\/\/terrasdebasto.pt\/wp-content\/uploads\/2025\/11\/BRUNO-MOURA-FERREIRA-02-696x408.jpg 696w, https:\/\/terrasdebasto.pt\/wp-content\/uploads\/2025\/11\/BRUNO-MOURA-FERREIRA-02-1068x626.jpg 1068w, https:\/\/terrasdebasto.pt\/wp-content\/uploads\/2025\/11\/BRUNO-MOURA-FERREIRA-02.jpg 1154w\" sizes=\"auto, (max-width: 1024px) 100vw, 1024px\" \/><\/figure>\n<\/figure>\n\n\n\n<figure class=\"wp-block-gallery has-nested-images columns-default is-cropped wp-block-gallery-2 is-layout-flex wp-block-gallery-is-layout-flex\">\n<figure class=\"wp-block-image size-large\"><img loading=\"lazy\" decoding=\"async\" width=\"1024\" height=\"613\" data-id=\"4967\" src=\"https:\/\/terrasdebasto.pt\/wp-content\/uploads\/2025\/11\/BRUNO-MOURA-FERREIRA-03-1024x613.jpg\" alt=\"\" class=\"wp-image-4967\" srcset=\"https:\/\/terrasdebasto.pt\/wp-content\/uploads\/2025\/11\/BRUNO-MOURA-FERREIRA-03-1024x613.jpg 1024w, https:\/\/terrasdebasto.pt\/wp-content\/uploads\/2025\/11\/BRUNO-MOURA-FERREIRA-03-300x180.jpg 300w, https:\/\/terrasdebasto.pt\/wp-content\/uploads\/2025\/11\/BRUNO-MOURA-FERREIRA-03-768x460.jpg 768w, https:\/\/terrasdebasto.pt\/wp-content\/uploads\/2025\/11\/BRUNO-MOURA-FERREIRA-03-1536x920.jpg 1536w, https:\/\/terrasdebasto.pt\/wp-content\/uploads\/2025\/11\/BRUNO-MOURA-FERREIRA-03-150x90.jpg 150w, https:\/\/terrasdebasto.pt\/wp-content\/uploads\/2025\/11\/BRUNO-MOURA-FERREIRA-03-696x417.jpg 696w, https:\/\/terrasdebasto.pt\/wp-content\/uploads\/2025\/11\/BRUNO-MOURA-FERREIRA-03-1068x639.jpg 1068w, https:\/\/terrasdebasto.pt\/wp-content\/uploads\/2025\/11\/BRUNO-MOURA-FERREIRA-03.jpg 1809w\" sizes=\"auto, (max-width: 1024px) 100vw, 1024px\" \/><\/figure>\n<\/figure>\n","protected":false},"excerpt":{"rendered":"<p>O Parque Natural do Alv\u00e3o vai integrar a rede tem\u00e1tica \u201cConserva\u00e7\u00e3o da Natureza e Biodiversidade Mais a Norte\u201d agora constitu\u00edda pela Comiss\u00e3o de Coordena\u00e7\u00e3o e Desenvolvimento Regional do Norte. A opera\u00e7\u00e3o \u2013 que teve o ato p\u00fablico de constitui\u00e7\u00e3o sexta-feira (14), em Ponte da Barca \u2013 pretende refor\u00e7ar a articula\u00e7\u00e3o t\u00e9cnica e institucional entre as [&hellip;]<\/p>\n","protected":false},"author":7,"featured_media":4965,"comment_status":"open","ping_status":"open","sticky":false,"template":"","format":"standard","meta":{"footnotes":""},"categories":[16,9],"tags":[1179,1177,85,1178],"class_list":{"0":"post-4964","1":"post","2":"type-post","3":"status-publish","4":"format-standard","5":"has-post-thumbnail","7":"category-mondim-de-basto","8":"category-terras-de-basto","9":"tag-bruno-ferreira","10":"tag-conservacao-da-natureza-e-biodiversidade-mais-a-norte","11":"tag-mondim-de-basto","12":"tag-parque-natural-do-alvao"},"yoast_head":"<!-- This site is optimized with the Yoast SEO plugin v25.7 - https:\/\/yoast.com\/wordpress\/plugins\/seo\/ -->\n<title>Alv\u00e3o integra rede \u201cbiodiversidade mais a norte\u201d - Jornal Terras de Basto<\/title>\n<meta name=\"description\" content=\"O Parque Natural do Alv\u00e3o vai integrar a rede tem\u00e1tica \u201cConserva\u00e7\u00e3o da Natureza e Biodiversidade Mais a Norte\u201d agora constitu\u00edda pela Comiss\u00e3o de Coordena\u00e7\u00e3o e Desenvolvimento Regional do Norte.\" \/>\n<meta name=\"robots\" content=\"index, follow, max-snippet:-1, max-image-preview:large, max-video-preview:-1\" \/>\n<link rel=\"canonical\" href=\"https:\/\/terrasdebasto.pt\/?p=4964\" \/>\n<meta property=\"og:locale\" content=\"pt_PT\" \/>\n<meta property=\"og:type\" content=\"article\" \/>\n<meta property=\"og:title\" content=\"Alv\u00e3o integra rede \u201cbiodiversidade mais a norte\u201d - Jornal Terras de Basto\" \/>\n<meta property=\"og:description\" content=\"O Parque Natural do Alv\u00e3o vai integrar a rede tem\u00e1tica \u201cConserva\u00e7\u00e3o da Natureza e Biodiversidade Mais a Norte\u201d agora constitu\u00edda pela Comiss\u00e3o de Coordena\u00e7\u00e3o e Desenvolvimento Regional do Norte.\" \/>\n<meta property=\"og:url\" content=\"https:\/\/terrasdebasto.pt\/?p=4964\" \/>\n<meta property=\"og:site_name\" content=\"Jornal Terras de Basto\" \/>\n<meta property=\"article:published_time\" content=\"2025-11-17T02:29:11+00:00\" \/>\n<meta property=\"article:modified_time\" content=\"2025-11-17T02:29:12+00:00\" \/>\n<meta property=\"og:image\" content=\"https:\/\/terrasdebasto.pt\/wp-content\/uploads\/2025\/11\/BRUNO-MOURA-FERREIRA-01.jpg\" \/>\n\t<meta property=\"og:image:width\" content=\"1200\" \/>\n\t<meta property=\"og:image:height\" content=\"1050\" \/>\n\t<meta property=\"og:image:type\" content=\"image\/jpeg\" \/>\n<meta name=\"author\" content=\"Jo\u00e3o Paulo Mesquita\" \/>\n<meta name=\"twitter:card\" content=\"summary_large_image\" \/>\n<meta name=\"twitter:label1\" content=\"Escrito por\" \/>\n\t<meta name=\"twitter:data1\" content=\"Jo\u00e3o Paulo Mesquita\" \/>\n\t<meta name=\"twitter:label2\" content=\"Tempo estimado de leitura\" \/>\n\t<meta name=\"twitter:data2\" content=\"3 minutos\" \/>\n<script type=\"application\/ld+json\" class=\"yoast-schema-graph\">{\"@context\":\"https:\/\/schema.org\",\"@graph\":[{\"@type\":\"Article\",\"@id\":\"https:\/\/terrasdebasto.pt\/?p=4964#article\",\"isPartOf\":{\"@id\":\"https:\/\/terrasdebasto.pt\/?p=4964\"},\"author\":{\"name\":\"Jo\u00e3o Paulo Mesquita\",\"@id\":\"https:\/\/terrasdebasto.pt\/#\/schema\/person\/9f6739f5394ac65c802641773b278b84\"},\"headline\":\"Alv\u00e3o integra rede \u201cbiodiversidade mais a norte\u201d\",\"datePublished\":\"2025-11-17T02:29:11+00:00\",\"dateModified\":\"2025-11-17T02:29:12+00:00\",\"mainEntityOfPage\":{\"@id\":\"https:\/\/terrasdebasto.pt\/?p=4964\"},\"wordCount\":404,\"commentCount\":0,\"publisher\":{\"@id\":\"https:\/\/terrasdebasto.pt\/#organization\"},\"image\":{\"@id\":\"https:\/\/terrasdebasto.pt\/?p=4964#primaryimage\"},\"thumbnailUrl\":\"https:\/\/terrasdebasto.pt\/wp-content\/uploads\/2025\/11\/BRUNO-MOURA-FERREIRA-01.jpg\",\"keywords\":[\"Bruno Ferreira\",\"Conserva\u00e7\u00e3o da Natureza e Biodiversidade Mais a Norte\",\"Mondim de Basto\",\"Parque Natural do Alv\u00e3o\"],\"articleSection\":[\"Mondim de Basto\",\"Terras de Basto\"],\"inLanguage\":\"pt-PT\",\"potentialAction\":[{\"@type\":\"CommentAction\",\"name\":\"Comment\",\"target\":[\"https:\/\/terrasdebasto.pt\/?p=4964#respond\"]}]},{\"@type\":\"WebPage\",\"@id\":\"https:\/\/terrasdebasto.pt\/?p=4964\",\"url\":\"https:\/\/terrasdebasto.pt\/?p=4964\",\"name\":\"Alv\u00e3o integra rede \u201cbiodiversidade mais a norte\u201d - Jornal Terras de Basto\",\"isPartOf\":{\"@id\":\"https:\/\/terrasdebasto.pt\/#website\"},\"primaryImageOfPage\":{\"@id\":\"https:\/\/terrasdebasto.pt\/?p=4964#primaryimage\"},\"image\":{\"@id\":\"https:\/\/terrasdebasto.pt\/?p=4964#primaryimage\"},\"thumbnailUrl\":\"https:\/\/terrasdebasto.pt\/wp-content\/uploads\/2025\/11\/BRUNO-MOURA-FERREIRA-01.jpg\",\"datePublished\":\"2025-11-17T02:29:11+00:00\",\"dateModified\":\"2025-11-17T02:29:12+00:00\",\"description\":\"O Parque Natural do Alv\u00e3o vai integrar a rede tem\u00e1tica \u201cConserva\u00e7\u00e3o da Natureza e Biodiversidade Mais a Norte\u201d agora constitu\u00edda pela Comiss\u00e3o de Coordena\u00e7\u00e3o e Desenvolvimento Regional do Norte.\",\"breadcrumb\":{\"@id\":\"https:\/\/terrasdebasto.pt\/?p=4964#breadcrumb\"},\"inLanguage\":\"pt-PT\",\"potentialAction\":[{\"@type\":\"ReadAction\",\"target\":[\"https:\/\/terrasdebasto.pt\/?p=4964\"]}]},{\"@type\":\"ImageObject\",\"inLanguage\":\"pt-PT\",\"@id\":\"https:\/\/terrasdebasto.pt\/?p=4964#primaryimage\",\"url\":\"https:\/\/terrasdebasto.pt\/wp-content\/uploads\/2025\/11\/BRUNO-MOURA-FERREIRA-01.jpg\",\"contentUrl\":\"https:\/\/terrasdebasto.pt\/wp-content\/uploads\/2025\/11\/BRUNO-MOURA-FERREIRA-01.jpg\",\"width\":1200,\"height\":1050},{\"@type\":\"BreadcrumbList\",\"@id\":\"https:\/\/terrasdebasto.pt\/?p=4964#breadcrumb\",\"itemListElement\":[{\"@type\":\"ListItem\",\"position\":1,\"name\":\"In\u00edcio\",\"item\":\"https:\/\/terrasdebasto.pt\/\"},{\"@type\":\"ListItem\",\"position\":2,\"name\":\"Alv\u00e3o integra rede \u201cbiodiversidade mais a norte\u201d\"}]},{\"@type\":\"WebSite\",\"@id\":\"https:\/\/terrasdebasto.pt\/#website\",\"url\":\"https:\/\/terrasdebasto.pt\/\",\"name\":\"Jornal Terras de Basto\",\"description\":\"\",\"publisher\":{\"@id\":\"https:\/\/terrasdebasto.pt\/#organization\"},\"potentialAction\":[{\"@type\":\"SearchAction\",\"target\":{\"@type\":\"EntryPoint\",\"urlTemplate\":\"https:\/\/terrasdebasto.pt\/?s={search_term_string}\"},\"query-input\":{\"@type\":\"PropertyValueSpecification\",\"valueRequired\":true,\"valueName\":\"search_term_string\"}}],\"inLanguage\":\"pt-PT\"},{\"@type\":\"Organization\",\"@id\":\"https:\/\/terrasdebasto.pt\/#organization\",\"name\":\"Jornal Terras de Basto\",\"url\":\"https:\/\/terrasdebasto.pt\/\",\"logo\":{\"@type\":\"ImageObject\",\"inLanguage\":\"pt-PT\",\"@id\":\"https:\/\/terrasdebasto.pt\/#\/schema\/logo\/image\/\",\"url\":\"https:\/\/terrasdebasto.pt\/wp-content\/uploads\/2024\/06\/LogoNormal.png\",\"contentUrl\":\"https:\/\/terrasdebasto.pt\/wp-content\/uploads\/2024\/06\/LogoNormal.png\",\"width\":5638,\"height\":809,\"caption\":\"Jornal Terras de Basto\"},\"image\":{\"@id\":\"https:\/\/terrasdebasto.pt\/#\/schema\/logo\/image\/\"}},{\"@type\":\"Person\",\"@id\":\"https:\/\/terrasdebasto.pt\/#\/schema\/person\/9f6739f5394ac65c802641773b278b84\",\"name\":\"Jo\u00e3o Paulo Mesquita\",\"image\":{\"@type\":\"ImageObject\",\"inLanguage\":\"pt-PT\",\"@id\":\"https:\/\/terrasdebasto.pt\/#\/schema\/person\/image\/\",\"url\":\"https:\/\/secure.gravatar.com\/avatar\/9bd0f299e6d96336664aab64354168246a3ee3287c47891c50d450e47ed9d7f9?s=96&d=mm&r=g\",\"contentUrl\":\"https:\/\/secure.gravatar.com\/avatar\/9bd0f299e6d96336664aab64354168246a3ee3287c47891c50d450e47ed9d7f9?s=96&d=mm&r=g\",\"caption\":\"Jo\u00e3o Paulo Mesquita\"},\"url\":\"https:\/\/terrasdebasto.pt\/?author=7\"}]}<\/script>\n<!-- \/ Yoast SEO plugin. -->","yoast_head_json":{"title":"Alv\u00e3o integra rede \u201cbiodiversidade mais a norte\u201d - Jornal Terras de Basto","description":"O Parque Natural do Alv\u00e3o vai integrar a rede tem\u00e1tica \u201cConserva\u00e7\u00e3o da Natureza e Biodiversidade Mais a Norte\u201d agora constitu\u00edda pela Comiss\u00e3o de Coordena\u00e7\u00e3o e Desenvolvimento Regional do Norte.","robots":{"index":"index","follow":"follow","max-snippet":"max-snippet:-1","max-image-preview":"max-image-preview:large","max-video-preview":"max-video-preview:-1"},"canonical":"https:\/\/terrasdebasto.pt\/?p=4964","og_locale":"pt_PT","og_type":"article","og_title":"Alv\u00e3o integra rede \u201cbiodiversidade mais a norte\u201d - Jornal Terras de Basto","og_description":"O Parque Natural do Alv\u00e3o vai integrar a rede tem\u00e1tica \u201cConserva\u00e7\u00e3o da Natureza e Biodiversidade Mais a Norte\u201d agora constitu\u00edda pela Comiss\u00e3o de Coordena\u00e7\u00e3o e Desenvolvimento Regional do Norte.","og_url":"https:\/\/terrasdebasto.pt\/?p=4964","og_site_name":"Jornal Terras de Basto","article_published_time":"2025-11-17T02:29:11+00:00","article_modified_time":"2025-11-17T02:29:12+00:00","og_image":[{"width":1200,"height":1050,"url":"https:\/\/terrasdebasto.pt\/wp-content\/uploads\/2025\/11\/BRUNO-MOURA-FERREIRA-01.jpg","type":"image\/jpeg"}],"author":"Jo\u00e3o Paulo Mesquita","twitter_card":"summary_large_image","twitter_misc":{"Escrito por":"Jo\u00e3o Paulo Mesquita","Tempo estimado de leitura":"3 minutos"},"schema":{"@context":"https:\/\/schema.org","@graph":[{"@type":"Article","@id":"https:\/\/terrasdebasto.pt\/?p=4964#article","isPartOf":{"@id":"https:\/\/terrasdebasto.pt\/?p=4964"},"author":{"name":"Jo\u00e3o Paulo Mesquita","@id":"https:\/\/terrasdebasto.pt\/#\/schema\/person\/9f6739f5394ac65c802641773b278b84"},"headline":"Alv\u00e3o integra rede \u201cbiodiversidade mais a norte\u201d","datePublished":"2025-11-17T02:29:11+00:00","dateModified":"2025-11-17T02:29:12+00:00","mainEntityOfPage":{"@id":"https:\/\/terrasdebasto.pt\/?p=4964"},"wordCount":404,"commentCount":0,"publisher":{"@id":"https:\/\/terrasdebasto.pt\/#organization"},"image":{"@id":"https:\/\/terrasdebasto.pt\/?p=4964#primaryimage"},"thumbnailUrl":"https:\/\/terrasdebasto.pt\/wp-content\/uploads\/2025\/11\/BRUNO-MOURA-FERREIRA-01.jpg","keywords":["Bruno Ferreira","Conserva\u00e7\u00e3o da Natureza e Biodiversidade Mais a Norte","Mondim de Basto","Parque Natural do Alv\u00e3o"],"articleSection":["Mondim de Basto","Terras de Basto"],"inLanguage":"pt-PT","potentialAction":[{"@type":"CommentAction","name":"Comment","target":["https:\/\/terrasdebasto.pt\/?p=4964#respond"]}]},{"@type":"WebPage","@id":"https:\/\/terrasdebasto.pt\/?p=4964","url":"https:\/\/terrasdebasto.pt\/?p=4964","name":"Alv\u00e3o integra rede \u201cbiodiversidade mais a norte\u201d - Jornal Terras de Basto","isPartOf":{"@id":"https:\/\/terrasdebasto.pt\/#website"},"primaryImageOfPage":{"@id":"https:\/\/terrasdebasto.pt\/?p=4964#primaryimage"},"image":{"@id":"https:\/\/terrasdebasto.pt\/?p=4964#primaryimage"},"thumbnailUrl":"https:\/\/terrasdebasto.pt\/wp-content\/uploads\/2025\/11\/BRUNO-MOURA-FERREIRA-01.jpg","datePublished":"2025-11-17T02:29:11+00:00","dateModified":"2025-11-17T02:29:12+00:00","description":"O Parque Natural do Alv\u00e3o vai integrar a rede tem\u00e1tica \u201cConserva\u00e7\u00e3o da Natureza e Biodiversidade Mais a Norte\u201d agora constitu\u00edda pela Comiss\u00e3o de Coordena\u00e7\u00e3o e Desenvolvimento Regional do Norte.","breadcrumb":{"@id":"https:\/\/terrasdebasto.pt\/?p=4964#breadcrumb"},"inLanguage":"pt-PT","potentialAction":[{"@type":"ReadAction","target":["https:\/\/terrasdebasto.pt\/?p=4964"]}]},{"@type":"ImageObject","inLanguage":"pt-PT","@id":"https:\/\/terrasdebasto.pt\/?p=4964#primaryimage","url":"https:\/\/terrasdebasto.pt\/wp-content\/uploads\/2025\/11\/BRUNO-MOURA-FERREIRA-01.jpg","contentUrl":"https:\/\/terrasdebasto.pt\/wp-content\/uploads\/2025\/11\/BRUNO-MOURA-FERREIRA-01.jpg","width":1200,"height":1050},{"@type":"BreadcrumbList","@id":"https:\/\/terrasdebasto.pt\/?p=4964#breadcrumb","itemListElement":[{"@type":"ListItem","position":1,"name":"In\u00edcio","item":"https:\/\/terrasdebasto.pt\/"},{"@type":"ListItem","position":2,"name":"Alv\u00e3o integra rede \u201cbiodiversidade mais a norte\u201d"}]},{"@type":"WebSite","@id":"https:\/\/terrasdebasto.pt\/#website","url":"https:\/\/terrasdebasto.pt\/","name":"Jornal Terras de Basto","description":"","publisher":{"@id":"https:\/\/terrasdebasto.pt\/#organization"},"potentialAction":[{"@type":"SearchAction","target":{"@type":"EntryPoint","urlTemplate":"https:\/\/terrasdebasto.pt\/?s={search_term_string}"},"query-input":{"@type":"PropertyValueSpecification","valueRequired":true,"valueName":"search_term_string"}}],"inLanguage":"pt-PT"},{"@type":"Organization","@id":"https:\/\/terrasdebasto.pt\/#organization","name":"Jornal Terras de Basto","url":"https:\/\/terrasdebasto.pt\/","logo":{"@type":"ImageObject","inLanguage":"pt-PT","@id":"https:\/\/terrasdebasto.pt\/#\/schema\/logo\/image\/","url":"https:\/\/terrasdebasto.pt\/wp-content\/uploads\/2024\/06\/LogoNormal.png","contentUrl":"https:\/\/terrasdebasto.pt\/wp-content\/uploads\/2024\/06\/LogoNormal.png","width":5638,"height":809,"caption":"Jornal Terras de Basto"},"image":{"@id":"https:\/\/terrasdebasto.pt\/#\/schema\/logo\/image\/"}},{"@type":"Person","@id":"https:\/\/terrasdebasto.pt\/#\/schema\/person\/9f6739f5394ac65c802641773b278b84","name":"Jo\u00e3o Paulo Mesquita","image":{"@type":"ImageObject","inLanguage":"pt-PT","@id":"https:\/\/terrasdebasto.pt\/#\/schema\/person\/image\/","url":"https:\/\/secure.gravatar.com\/avatar\/9bd0f299e6d96336664aab64354168246a3ee3287c47891c50d450e47ed9d7f9?s=96&d=mm&r=g","contentUrl":"https:\/\/secure.gravatar.com\/avatar\/9bd0f299e6d96336664aab64354168246a3ee3287c47891c50d450e47ed9d7f9?s=96&d=mm&r=g","caption":"Jo\u00e3o Paulo Mesquita"},"url":"https:\/\/terrasdebasto.pt\/?author=7"}]}},"_links":{"self":[{"href":"https:\/\/terrasdebasto.pt\/index.php?rest_route=\/wp\/v2\/posts\/4964","targetHints":{"allow":["GET"]}}],"collection":[{"href":"https:\/\/terrasdebasto.pt\/index.php?rest_route=\/wp\/v2\/posts"}],"about":[{"href":"https:\/\/terrasdebasto.pt\/index.php?rest_route=\/wp\/v2\/types\/post"}],"author":[{"embeddable":true,"href":"https:\/\/terrasdebasto.pt\/index.php?rest_route=\/wp\/v2\/users\/7"}],"replies":[{"embeddable":true,"href":"https:\/\/terrasdebasto.pt\/index.php?rest_route=%2Fwp%2Fv2%2Fcomments&post=4964"}],"version-history":[{"count":1,"href":"https:\/\/terrasdebasto.pt\/index.php?rest_route=\/wp\/v2\/posts\/4964\/revisions"}],"predecessor-version":[{"id":4968,"href":"https:\/\/terrasdebasto.pt\/index.php?rest_route=\/wp\/v2\/posts\/4964\/revisions\/4968"}],"wp:featuredmedia":[{"embeddable":true,"href":"https:\/\/terrasdebasto.pt\/index.php?rest_route=\/wp\/v2\/media\/4965"}],"wp:attachment":[{"href":"https:\/\/terrasdebasto.pt\/index.php?rest_route=%2Fwp%2Fv2%2Fmedia&parent=4964"}],"wp:term":[{"taxonomy":"category","embeddable":true,"href":"https:\/\/terrasdebasto.pt\/index.php?rest_route=%2Fwp%2Fv2%2Fcategories&post=4964"},{"taxonomy":"post_tag","embeddable":true,"href":"https:\/\/terrasdebasto.pt\/index.php?rest_route=%2Fwp%2Fv2%2Ftags&post=4964"}],"curies":[{"name":"wp","href":"https:\/\/api.w.org\/{rel}","templated":true}]}}