{"id":4958,"date":"2025-11-16T19:10:56","date_gmt":"2025-11-16T19:10:56","guid":{"rendered":"https:\/\/terrasdebasto.pt\/?p=4958"},"modified":"2025-11-16T19:10:56","modified_gmt":"2025-11-16T19:10:56","slug":"mensagem-dos-bispos-de-braga-aos-fieis-de-celorico-de-basto","status":"publish","type":"post","link":"https:\/\/terrasdebasto.pt\/?p=4958","title":{"rendered":"Mensagem dos bispos de Braga aos fi\u00e9is de Celorico de Basto"},"content":{"rendered":"\n<p><\/p>\n\n\n\n<p><\/p>\n\n\n\n<p><strong>\u00abQue Frei Bernardo, testemunha de f\u00e9 e esperan\u00e7a, e o Padre Albino, ap\u00f3stolo da caridade, intercedam por n\u00f3s, especialmente por todos os pobres, porque \u201cos pobres n\u00e3o s\u00e3o um passatempo para a Igreja, mas sim os irm\u00e3os e irm\u00e3s mais amados\u201d (Papa Le\u00e3o XIV). E que Maria, M\u00e3e da Igreja e Senhora do Viso, nos ajude a sermos comunidades vivas, mission\u00e1rias e acolhedoras\u00bb.<\/strong><\/p>\n\n\n\n<p>\u00c9 este o voto final da mensagem que os bispos da arquidiocese bracarense dirigem aos fi\u00e9is cat\u00f3licos de Celorico de Basto por ocasi\u00e3o da visita pastoral que se iniciou este domingo (16), no Corgo, e que se vai prolongar at\u00e9 meados de dezembro.<\/p>\n\n\n\n<figure class=\"wp-block-gallery has-nested-images columns-default is-cropped wp-block-gallery-1 is-layout-flex wp-block-gallery-is-layout-flex\">\n<figure class=\"wp-block-image size-large\"><img loading=\"lazy\" decoding=\"async\" width=\"1024\" height=\"682\" data-id=\"4960\" src=\"https:\/\/terrasdebasto.pt\/wp-content\/uploads\/2025\/11\/BISPOS-02-1024x682.jpg\" alt=\"\" class=\"wp-image-4960\" srcset=\"https:\/\/terrasdebasto.pt\/wp-content\/uploads\/2025\/11\/BISPOS-02-1024x682.jpg 1024w, https:\/\/terrasdebasto.pt\/wp-content\/uploads\/2025\/11\/BISPOS-02-300x200.jpg 300w, https:\/\/terrasdebasto.pt\/wp-content\/uploads\/2025\/11\/BISPOS-02-768x512.jpg 768w, https:\/\/terrasdebasto.pt\/wp-content\/uploads\/2025\/11\/BISPOS-02-1536x1023.jpg 1536w, https:\/\/terrasdebasto.pt\/wp-content\/uploads\/2025\/11\/BISPOS-02-150x100.jpg 150w, https:\/\/terrasdebasto.pt\/wp-content\/uploads\/2025\/11\/BISPOS-02-696x464.jpg 696w, https:\/\/terrasdebasto.pt\/wp-content\/uploads\/2025\/11\/BISPOS-02-1068x712.jpg 1068w, https:\/\/terrasdebasto.pt\/wp-content\/uploads\/2025\/11\/BISPOS-02.jpg 1600w\" sizes=\"auto, (max-width: 1024px) 100vw, 1024px\" \/><\/figure>\n<\/figure>\n\n\n\n<p>Na mensagem conjunta \u2013 a que o Terras de Basto teve acesso \u2013 os prelados p\u00f5em em destaque o exemplo dos vener\u00e1veis celoricenses Bernardo de Vasconcelos e Albino Silva, cujos processos de beatifica\u00e7\u00e3o est\u00e3o em curso.<\/p>\n\n\n\n<p>\u00ab\u00c9 com grande alegria e esp\u00edrito de comunh\u00e3o que vimos ao vosso encontro neste tempo de gra\u00e7a que \u00e9 a visita pastoral, na esperan\u00e7a de que seja, acima de tudo, um momento de proximidade, de ora\u00e7\u00e3o e de renova\u00e7\u00e3o\u00bb, desejam.<\/p>\n\n\n\n<p>Relevando a import\u00e2ncia da Palavra de Deus, \u00abl\u00e2mpada para os nossos p\u00e9s e luz para os nossos caminhos\u00bb, e da Eucaristia, \u00abfonte e \u00e1pice da vida crist\u00e3\u00bb, os bispos evocam Frei Bernardo de Vasconcelos (1902-1932), jovem beneditino natural do arciprestado, que recordava \u2013 citam \u2013 que \u201ca santa missa \u00e9 o centro de toda a liturgia e a liturgia \u00e9 a fonte prim\u00e1ria e indispens\u00e1vel do verdadeiro esp\u00edrito crist\u00e3o\u00bb.<\/p>\n\n\n\n<p>O arcebispo Jos\u00e9 Cordeiro e os auxiliares Delfim Gomes e N\u00e9lio Pita defendem, nesta circunst\u00e2ncia, que o domingo \u00abdeve voltar a ser, para todos n\u00f3s, o verdadeiro dia do Senhor, em que as comunidades se re\u00fanem em torno do altar, celebrando a f\u00e9 e alimentando-se da presen\u00e7a viva de Cristo\u00bb.<\/p>\n\n\n\n<p>Dirigindo-se aos jovens do arciprestado, os bispos assumem que a Igreja precisa deles: \u00abOlhai para o exemplo luminoso do Bernardo de Vasconcelos, que, ainda jovem, soube fazer da sua vida um dom total a Cristo e \u00e0 Igreja\u00bb, lembram.<\/p>\n\n\n\n<p>Trazem igualmente \u00e0 cola\u00e7\u00e3o a caridade, \u00aboutra face essencial da vida crist\u00e3\u00bb, recordando \u00abcom gratid\u00e3o e admira\u00e7\u00e3o\u00bb, o vener\u00e1vel Padre Albino Alves da Cunha e Silva (1882-1973), tamb\u00e9m ele natural deste arciprestado, que se tornou no Brasil \u00abverdadeiro ap\u00f3stolo da caridade\u00bb.<\/p>\n\n\n\n<p>\u00abEnfrentou persegui\u00e7\u00f5es, dificuldades e incompreens\u00f5es, mas n\u00e3o desistiu de servir os pobres, os doentes e os esquecidos. Fundou hospitais, escolas, lares e obras sociais que continuam a transformar vidas, ensinando-nos que a f\u00e9 aut\u00eantica gera sempre obras de amor e que a Igreja s\u00f3 \u00e9 fiel a Cristo quando se faz pr\u00f3xima dos mais fr\u00e1geis\u00bb, afirmam. [JPM, texto; AMP, fotos].<\/p>\n\n\n\n<figure class=\"wp-block-gallery has-nested-images columns-default is-cropped wp-block-gallery-2 is-layout-flex wp-block-gallery-is-layout-flex\">\n<figure class=\"wp-block-image size-large\"><img loading=\"lazy\" decoding=\"async\" width=\"1024\" height=\"779\" data-id=\"4961\" src=\"https:\/\/terrasdebasto.pt\/wp-content\/uploads\/2025\/11\/BISPOS-03-1024x779.jpg\" alt=\"\" class=\"wp-image-4961\" srcset=\"https:\/\/terrasdebasto.pt\/wp-content\/uploads\/2025\/11\/BISPOS-03-1024x779.jpg 1024w, https:\/\/terrasdebasto.pt\/wp-content\/uploads\/2025\/11\/BISPOS-03-300x228.jpg 300w, https:\/\/terrasdebasto.pt\/wp-content\/uploads\/2025\/11\/BISPOS-03-768x584.jpg 768w, https:\/\/terrasdebasto.pt\/wp-content\/uploads\/2025\/11\/BISPOS-03-150x114.jpg 150w, https:\/\/terrasdebasto.pt\/wp-content\/uploads\/2025\/11\/BISPOS-03-696x530.jpg 696w, https:\/\/terrasdebasto.pt\/wp-content\/uploads\/2025\/11\/BISPOS-03-1068x813.jpg 1068w, https:\/\/terrasdebasto.pt\/wp-content\/uploads\/2025\/11\/BISPOS-03.jpg 1155w\" sizes=\"auto, (max-width: 1024px) 100vw, 1024px\" \/><\/figure>\n<\/figure>\n\n\n\n<figure class=\"wp-block-gallery has-nested-images columns-default is-cropped wp-block-gallery-3 is-layout-flex wp-block-gallery-is-layout-flex\">\n<figure class=\"wp-block-image size-large\"><img loading=\"lazy\" decoding=\"async\" width=\"1024\" height=\"682\" data-id=\"4962\" src=\"https:\/\/terrasdebasto.pt\/wp-content\/uploads\/2025\/11\/BISPOS-05-1024x682.jpg\" alt=\"\" class=\"wp-image-4962\" srcset=\"https:\/\/terrasdebasto.pt\/wp-content\/uploads\/2025\/11\/BISPOS-05-1024x682.jpg 1024w, https:\/\/terrasdebasto.pt\/wp-content\/uploads\/2025\/11\/BISPOS-05-300x200.jpg 300w, https:\/\/terrasdebasto.pt\/wp-content\/uploads\/2025\/11\/BISPOS-05-768x512.jpg 768w, https:\/\/terrasdebasto.pt\/wp-content\/uploads\/2025\/11\/BISPOS-05-1536x1023.jpg 1536w, https:\/\/terrasdebasto.pt\/wp-content\/uploads\/2025\/11\/BISPOS-05-150x100.jpg 150w, https:\/\/terrasdebasto.pt\/wp-content\/uploads\/2025\/11\/BISPOS-05-696x464.jpg 696w, https:\/\/terrasdebasto.pt\/wp-content\/uploads\/2025\/11\/BISPOS-05-1068x712.jpg 1068w, https:\/\/terrasdebasto.pt\/wp-content\/uploads\/2025\/11\/BISPOS-05.jpg 1600w\" sizes=\"auto, (max-width: 1024px) 100vw, 1024px\" \/><\/figure>\n<\/figure>\n","protected":false},"excerpt":{"rendered":"<p>\u00abQue Frei Bernardo, testemunha de f\u00e9 e esperan\u00e7a, e o Padre Albino, ap\u00f3stolo da caridade, intercedam por n\u00f3s, especialmente por todos os pobres, porque \u201cos pobres n\u00e3o s\u00e3o um passatempo para a Igreja, mas sim os irm\u00e3os e irm\u00e3s mais amados\u201d (Papa Le\u00e3o XIV). E que Maria, M\u00e3e da Igreja e Senhora do Viso, nos [&hellip;]<\/p>\n","protected":false},"author":7,"featured_media":4959,"comment_status":"open","ping_status":"open","sticky":false,"template":"","format":"standard","meta":{"footnotes":""},"categories":[13,7,9],"tags":[177,963,1167,1176,136,1085],"class_list":{"0":"post-4958","1":"post","2":"type-post","3":"status-publish","4":"format-standard","5":"has-post-thumbnail","7":"category-celorico-de-basto","8":"category-cultura","9":"category-terras-de-basto","10":"tag-arciprestado-de-celorico-de-basto","11":"tag-arquidiocese-de-braga","12":"tag-bispos","13":"tag-bispos-de-barag","14":"tag-igreja-catolica","15":"tag-visita-pastoral"},"yoast_head":"<!-- This site is optimized with the Yoast SEO plugin v25.7 - https:\/\/yoast.com\/wordpress\/plugins\/seo\/ -->\n<title>Mensagem dos bispos de Braga aos fi\u00e9is de Celorico de Basto - Jornal Terras de Basto<\/title>\n<meta name=\"description\" content=\"\u00abQue Frei Bernardo, testemunha de f\u00e9 e esperan\u00e7a, e o Padre Albino, ap\u00f3stolo da caridade, intercedam por n\u00f3s, especialmente por todos os pobres, porque \u201cos pobres n\u00e3o s\u00e3o um passatempo para a Igreja, mas sim os irm\u00e3os e irm\u00e3s mais amados\u201d (Papa Le\u00e3o XIV). E que Maria, M\u00e3e da Igreja e Senhora do Viso, nos ajude a sermos comunidades vivas, mission\u00e1rias e acolhedoras\u00bb.\" \/>\n<meta name=\"robots\" content=\"index, follow, max-snippet:-1, max-image-preview:large, max-video-preview:-1\" \/>\n<link rel=\"canonical\" href=\"https:\/\/terrasdebasto.pt\/?p=4958\" \/>\n<meta property=\"og:locale\" content=\"pt_PT\" \/>\n<meta property=\"og:type\" content=\"article\" \/>\n<meta property=\"og:title\" content=\"Mensagem dos bispos de Braga aos fi\u00e9is de Celorico de Basto - Jornal Terras de Basto\" \/>\n<meta property=\"og:description\" content=\"\u00abQue Frei Bernardo, testemunha de f\u00e9 e esperan\u00e7a, e o Padre Albino, ap\u00f3stolo da caridade, intercedam por n\u00f3s, especialmente por todos os pobres, porque \u201cos pobres n\u00e3o s\u00e3o um passatempo para a Igreja, mas sim os irm\u00e3os e irm\u00e3s mais amados\u201d (Papa Le\u00e3o XIV). E que Maria, M\u00e3e da Igreja e Senhora do Viso, nos ajude a sermos comunidades vivas, mission\u00e1rias e acolhedoras\u00bb.\" \/>\n<meta property=\"og:url\" content=\"https:\/\/terrasdebasto.pt\/?p=4958\" \/>\n<meta property=\"og:site_name\" content=\"Jornal Terras de Basto\" \/>\n<meta property=\"article:published_time\" content=\"2025-11-16T19:10:56+00:00\" \/>\n<meta property=\"og:image\" content=\"https:\/\/terrasdebasto.pt\/wp-content\/uploads\/2025\/11\/BISPOS-04.jpg\" \/>\n\t<meta property=\"og:image:width\" content=\"1600\" \/>\n\t<meta property=\"og:image:height\" content=\"1066\" \/>\n\t<meta property=\"og:image:type\" content=\"image\/jpeg\" \/>\n<meta name=\"author\" content=\"Jo\u00e3o Paulo Mesquita\" \/>\n<meta name=\"twitter:card\" content=\"summary_large_image\" \/>\n<meta name=\"twitter:label1\" content=\"Escrito por\" \/>\n\t<meta name=\"twitter:data1\" content=\"Jo\u00e3o Paulo Mesquita\" \/>\n\t<meta name=\"twitter:label2\" content=\"Tempo estimado de leitura\" \/>\n\t<meta name=\"twitter:data2\" content=\"4 minutos\" \/>\n<script type=\"application\/ld+json\" class=\"yoast-schema-graph\">{\"@context\":\"https:\/\/schema.org\",\"@graph\":[{\"@type\":\"Article\",\"@id\":\"https:\/\/terrasdebasto.pt\/?p=4958#article\",\"isPartOf\":{\"@id\":\"https:\/\/terrasdebasto.pt\/?p=4958\"},\"author\":{\"name\":\"Jo\u00e3o Paulo Mesquita\",\"@id\":\"https:\/\/terrasdebasto.pt\/#\/schema\/person\/9f6739f5394ac65c802641773b278b84\"},\"headline\":\"Mensagem dos bispos de Braga aos fi\u00e9is de Celorico de Basto\",\"datePublished\":\"2025-11-16T19:10:56+00:00\",\"mainEntityOfPage\":{\"@id\":\"https:\/\/terrasdebasto.pt\/?p=4958\"},\"wordCount\":487,\"commentCount\":0,\"publisher\":{\"@id\":\"https:\/\/terrasdebasto.pt\/#organization\"},\"image\":{\"@id\":\"https:\/\/terrasdebasto.pt\/?p=4958#primaryimage\"},\"thumbnailUrl\":\"https:\/\/terrasdebasto.pt\/wp-content\/uploads\/2025\/11\/BISPOS-04.jpg\",\"keywords\":[\"Arciprestado de Celorico de Basto\",\"Arquidiocese de Braga\",\"Bispos\",\"Bispos de Barag\",\"Igreja Cat\u00f3lica\",\"Visita Pastoral\"],\"articleSection\":[\"Celorico de Basto\",\"Cultura\",\"Terras de Basto\"],\"inLanguage\":\"pt-PT\",\"potentialAction\":[{\"@type\":\"CommentAction\",\"name\":\"Comment\",\"target\":[\"https:\/\/terrasdebasto.pt\/?p=4958#respond\"]}]},{\"@type\":\"WebPage\",\"@id\":\"https:\/\/terrasdebasto.pt\/?p=4958\",\"url\":\"https:\/\/terrasdebasto.pt\/?p=4958\",\"name\":\"Mensagem dos bispos de Braga aos fi\u00e9is de Celorico de Basto - Jornal Terras de Basto\",\"isPartOf\":{\"@id\":\"https:\/\/terrasdebasto.pt\/#website\"},\"primaryImageOfPage\":{\"@id\":\"https:\/\/terrasdebasto.pt\/?p=4958#primaryimage\"},\"image\":{\"@id\":\"https:\/\/terrasdebasto.pt\/?p=4958#primaryimage\"},\"thumbnailUrl\":\"https:\/\/terrasdebasto.pt\/wp-content\/uploads\/2025\/11\/BISPOS-04.jpg\",\"datePublished\":\"2025-11-16T19:10:56+00:00\",\"description\":\"\u00abQue Frei Bernardo, testemunha de f\u00e9 e esperan\u00e7a, e o Padre Albino, ap\u00f3stolo da caridade, intercedam por n\u00f3s, especialmente por todos os pobres, porque \u201cos pobres n\u00e3o s\u00e3o um passatempo para a Igreja, mas sim os irm\u00e3os e irm\u00e3s mais amados\u201d (Papa Le\u00e3o XIV). E que Maria, M\u00e3e da Igreja e Senhora do Viso, nos ajude a sermos comunidades vivas, mission\u00e1rias e acolhedoras\u00bb.\",\"breadcrumb\":{\"@id\":\"https:\/\/terrasdebasto.pt\/?p=4958#breadcrumb\"},\"inLanguage\":\"pt-PT\",\"potentialAction\":[{\"@type\":\"ReadAction\",\"target\":[\"https:\/\/terrasdebasto.pt\/?p=4958\"]}]},{\"@type\":\"ImageObject\",\"inLanguage\":\"pt-PT\",\"@id\":\"https:\/\/terrasdebasto.pt\/?p=4958#primaryimage\",\"url\":\"https:\/\/terrasdebasto.pt\/wp-content\/uploads\/2025\/11\/BISPOS-04.jpg\",\"contentUrl\":\"https:\/\/terrasdebasto.pt\/wp-content\/uploads\/2025\/11\/BISPOS-04.jpg\",\"width\":1600,\"height\":1066},{\"@type\":\"BreadcrumbList\",\"@id\":\"https:\/\/terrasdebasto.pt\/?p=4958#breadcrumb\",\"itemListElement\":[{\"@type\":\"ListItem\",\"position\":1,\"name\":\"In\u00edcio\",\"item\":\"https:\/\/terrasdebasto.pt\/\"},{\"@type\":\"ListItem\",\"position\":2,\"name\":\"Mensagem dos bispos de Braga aos fi\u00e9is de Celorico de Basto\"}]},{\"@type\":\"WebSite\",\"@id\":\"https:\/\/terrasdebasto.pt\/#website\",\"url\":\"https:\/\/terrasdebasto.pt\/\",\"name\":\"Jornal Terras de Basto\",\"description\":\"\",\"publisher\":{\"@id\":\"https:\/\/terrasdebasto.pt\/#organization\"},\"potentialAction\":[{\"@type\":\"SearchAction\",\"target\":{\"@type\":\"EntryPoint\",\"urlTemplate\":\"https:\/\/terrasdebasto.pt\/?s={search_term_string}\"},\"query-input\":{\"@type\":\"PropertyValueSpecification\",\"valueRequired\":true,\"valueName\":\"search_term_string\"}}],\"inLanguage\":\"pt-PT\"},{\"@type\":\"Organization\",\"@id\":\"https:\/\/terrasdebasto.pt\/#organization\",\"name\":\"Jornal Terras de Basto\",\"url\":\"https:\/\/terrasdebasto.pt\/\",\"logo\":{\"@type\":\"ImageObject\",\"inLanguage\":\"pt-PT\",\"@id\":\"https:\/\/terrasdebasto.pt\/#\/schema\/logo\/image\/\",\"url\":\"https:\/\/terrasdebasto.pt\/wp-content\/uploads\/2024\/06\/LogoNormal.png\",\"contentUrl\":\"https:\/\/terrasdebasto.pt\/wp-content\/uploads\/2024\/06\/LogoNormal.png\",\"width\":5638,\"height\":809,\"caption\":\"Jornal Terras de Basto\"},\"image\":{\"@id\":\"https:\/\/terrasdebasto.pt\/#\/schema\/logo\/image\/\"}},{\"@type\":\"Person\",\"@id\":\"https:\/\/terrasdebasto.pt\/#\/schema\/person\/9f6739f5394ac65c802641773b278b84\",\"name\":\"Jo\u00e3o Paulo Mesquita\",\"image\":{\"@type\":\"ImageObject\",\"inLanguage\":\"pt-PT\",\"@id\":\"https:\/\/terrasdebasto.pt\/#\/schema\/person\/image\/\",\"url\":\"https:\/\/secure.gravatar.com\/avatar\/9bd0f299e6d96336664aab64354168246a3ee3287c47891c50d450e47ed9d7f9?s=96&d=mm&r=g\",\"contentUrl\":\"https:\/\/secure.gravatar.com\/avatar\/9bd0f299e6d96336664aab64354168246a3ee3287c47891c50d450e47ed9d7f9?s=96&d=mm&r=g\",\"caption\":\"Jo\u00e3o Paulo Mesquita\"},\"url\":\"https:\/\/terrasdebasto.pt\/?author=7\"}]}<\/script>\n<!-- \/ Yoast SEO plugin. -->","yoast_head_json":{"title":"Mensagem dos bispos de Braga aos fi\u00e9is de Celorico de Basto - Jornal Terras de Basto","description":"\u00abQue Frei Bernardo, testemunha de f\u00e9 e esperan\u00e7a, e o Padre Albino, ap\u00f3stolo da caridade, intercedam por n\u00f3s, especialmente por todos os pobres, porque \u201cos pobres n\u00e3o s\u00e3o um passatempo para a Igreja, mas sim os irm\u00e3os e irm\u00e3s mais amados\u201d (Papa Le\u00e3o XIV). E que Maria, M\u00e3e da Igreja e Senhora do Viso, nos ajude a sermos comunidades vivas, mission\u00e1rias e acolhedoras\u00bb.","robots":{"index":"index","follow":"follow","max-snippet":"max-snippet:-1","max-image-preview":"max-image-preview:large","max-video-preview":"max-video-preview:-1"},"canonical":"https:\/\/terrasdebasto.pt\/?p=4958","og_locale":"pt_PT","og_type":"article","og_title":"Mensagem dos bispos de Braga aos fi\u00e9is de Celorico de Basto - Jornal Terras de Basto","og_description":"\u00abQue Frei Bernardo, testemunha de f\u00e9 e esperan\u00e7a, e o Padre Albino, ap\u00f3stolo da caridade, intercedam por n\u00f3s, especialmente por todos os pobres, porque \u201cos pobres n\u00e3o s\u00e3o um passatempo para a Igreja, mas sim os irm\u00e3os e irm\u00e3s mais amados\u201d (Papa Le\u00e3o XIV). E que Maria, M\u00e3e da Igreja e Senhora do Viso, nos ajude a sermos comunidades vivas, mission\u00e1rias e acolhedoras\u00bb.","og_url":"https:\/\/terrasdebasto.pt\/?p=4958","og_site_name":"Jornal Terras de Basto","article_published_time":"2025-11-16T19:10:56+00:00","og_image":[{"width":1600,"height":1066,"url":"https:\/\/terrasdebasto.pt\/wp-content\/uploads\/2025\/11\/BISPOS-04.jpg","type":"image\/jpeg"}],"author":"Jo\u00e3o Paulo Mesquita","twitter_card":"summary_large_image","twitter_misc":{"Escrito por":"Jo\u00e3o Paulo Mesquita","Tempo estimado de leitura":"4 minutos"},"schema":{"@context":"https:\/\/schema.org","@graph":[{"@type":"Article","@id":"https:\/\/terrasdebasto.pt\/?p=4958#article","isPartOf":{"@id":"https:\/\/terrasdebasto.pt\/?p=4958"},"author":{"name":"Jo\u00e3o Paulo Mesquita","@id":"https:\/\/terrasdebasto.pt\/#\/schema\/person\/9f6739f5394ac65c802641773b278b84"},"headline":"Mensagem dos bispos de Braga aos fi\u00e9is de Celorico de Basto","datePublished":"2025-11-16T19:10:56+00:00","mainEntityOfPage":{"@id":"https:\/\/terrasdebasto.pt\/?p=4958"},"wordCount":487,"commentCount":0,"publisher":{"@id":"https:\/\/terrasdebasto.pt\/#organization"},"image":{"@id":"https:\/\/terrasdebasto.pt\/?p=4958#primaryimage"},"thumbnailUrl":"https:\/\/terrasdebasto.pt\/wp-content\/uploads\/2025\/11\/BISPOS-04.jpg","keywords":["Arciprestado de Celorico de Basto","Arquidiocese de Braga","Bispos","Bispos de Barag","Igreja Cat\u00f3lica","Visita Pastoral"],"articleSection":["Celorico de Basto","Cultura","Terras de Basto"],"inLanguage":"pt-PT","potentialAction":[{"@type":"CommentAction","name":"Comment","target":["https:\/\/terrasdebasto.pt\/?p=4958#respond"]}]},{"@type":"WebPage","@id":"https:\/\/terrasdebasto.pt\/?p=4958","url":"https:\/\/terrasdebasto.pt\/?p=4958","name":"Mensagem dos bispos de Braga aos fi\u00e9is de Celorico de Basto - Jornal Terras de Basto","isPartOf":{"@id":"https:\/\/terrasdebasto.pt\/#website"},"primaryImageOfPage":{"@id":"https:\/\/terrasdebasto.pt\/?p=4958#primaryimage"},"image":{"@id":"https:\/\/terrasdebasto.pt\/?p=4958#primaryimage"},"thumbnailUrl":"https:\/\/terrasdebasto.pt\/wp-content\/uploads\/2025\/11\/BISPOS-04.jpg","datePublished":"2025-11-16T19:10:56+00:00","description":"\u00abQue Frei Bernardo, testemunha de f\u00e9 e esperan\u00e7a, e o Padre Albino, ap\u00f3stolo da caridade, intercedam por n\u00f3s, especialmente por todos os pobres, porque \u201cos pobres n\u00e3o s\u00e3o um passatempo para a Igreja, mas sim os irm\u00e3os e irm\u00e3s mais amados\u201d (Papa Le\u00e3o XIV). E que Maria, M\u00e3e da Igreja e Senhora do Viso, nos ajude a sermos comunidades vivas, mission\u00e1rias e acolhedoras\u00bb.","breadcrumb":{"@id":"https:\/\/terrasdebasto.pt\/?p=4958#breadcrumb"},"inLanguage":"pt-PT","potentialAction":[{"@type":"ReadAction","target":["https:\/\/terrasdebasto.pt\/?p=4958"]}]},{"@type":"ImageObject","inLanguage":"pt-PT","@id":"https:\/\/terrasdebasto.pt\/?p=4958#primaryimage","url":"https:\/\/terrasdebasto.pt\/wp-content\/uploads\/2025\/11\/BISPOS-04.jpg","contentUrl":"https:\/\/terrasdebasto.pt\/wp-content\/uploads\/2025\/11\/BISPOS-04.jpg","width":1600,"height":1066},{"@type":"BreadcrumbList","@id":"https:\/\/terrasdebasto.pt\/?p=4958#breadcrumb","itemListElement":[{"@type":"ListItem","position":1,"name":"In\u00edcio","item":"https:\/\/terrasdebasto.pt\/"},{"@type":"ListItem","position":2,"name":"Mensagem dos bispos de Braga aos fi\u00e9is de Celorico de Basto"}]},{"@type":"WebSite","@id":"https:\/\/terrasdebasto.pt\/#website","url":"https:\/\/terrasdebasto.pt\/","name":"Jornal Terras de Basto","description":"","publisher":{"@id":"https:\/\/terrasdebasto.pt\/#organization"},"potentialAction":[{"@type":"SearchAction","target":{"@type":"EntryPoint","urlTemplate":"https:\/\/terrasdebasto.pt\/?s={search_term_string}"},"query-input":{"@type":"PropertyValueSpecification","valueRequired":true,"valueName":"search_term_string"}}],"inLanguage":"pt-PT"},{"@type":"Organization","@id":"https:\/\/terrasdebasto.pt\/#organization","name":"Jornal Terras de Basto","url":"https:\/\/terrasdebasto.pt\/","logo":{"@type":"ImageObject","inLanguage":"pt-PT","@id":"https:\/\/terrasdebasto.pt\/#\/schema\/logo\/image\/","url":"https:\/\/terrasdebasto.pt\/wp-content\/uploads\/2024\/06\/LogoNormal.png","contentUrl":"https:\/\/terrasdebasto.pt\/wp-content\/uploads\/2024\/06\/LogoNormal.png","width":5638,"height":809,"caption":"Jornal Terras de Basto"},"image":{"@id":"https:\/\/terrasdebasto.pt\/#\/schema\/logo\/image\/"}},{"@type":"Person","@id":"https:\/\/terrasdebasto.pt\/#\/schema\/person\/9f6739f5394ac65c802641773b278b84","name":"Jo\u00e3o Paulo Mesquita","image":{"@type":"ImageObject","inLanguage":"pt-PT","@id":"https:\/\/terrasdebasto.pt\/#\/schema\/person\/image\/","url":"https:\/\/secure.gravatar.com\/avatar\/9bd0f299e6d96336664aab64354168246a3ee3287c47891c50d450e47ed9d7f9?s=96&d=mm&r=g","contentUrl":"https:\/\/secure.gravatar.com\/avatar\/9bd0f299e6d96336664aab64354168246a3ee3287c47891c50d450e47ed9d7f9?s=96&d=mm&r=g","caption":"Jo\u00e3o Paulo Mesquita"},"url":"https:\/\/terrasdebasto.pt\/?author=7"}]}},"_links":{"self":[{"href":"https:\/\/terrasdebasto.pt\/index.php?rest_route=\/wp\/v2\/posts\/4958","targetHints":{"allow":["GET"]}}],"collection":[{"href":"https:\/\/terrasdebasto.pt\/index.php?rest_route=\/wp\/v2\/posts"}],"about":[{"href":"https:\/\/terrasdebasto.pt\/index.php?rest_route=\/wp\/v2\/types\/post"}],"author":[{"embeddable":true,"href":"https:\/\/terrasdebasto.pt\/index.php?rest_route=\/wp\/v2\/users\/7"}],"replies":[{"embeddable":true,"href":"https:\/\/terrasdebasto.pt\/index.php?rest_route=%2Fwp%2Fv2%2Fcomments&post=4958"}],"version-history":[{"count":1,"href":"https:\/\/terrasdebasto.pt\/index.php?rest_route=\/wp\/v2\/posts\/4958\/revisions"}],"predecessor-version":[{"id":4963,"href":"https:\/\/terrasdebasto.pt\/index.php?rest_route=\/wp\/v2\/posts\/4958\/revisions\/4963"}],"wp:featuredmedia":[{"embeddable":true,"href":"https:\/\/terrasdebasto.pt\/index.php?rest_route=\/wp\/v2\/media\/4959"}],"wp:attachment":[{"href":"https:\/\/terrasdebasto.pt\/index.php?rest_route=%2Fwp%2Fv2%2Fmedia&parent=4958"}],"wp:term":[{"taxonomy":"category","embeddable":true,"href":"https:\/\/terrasdebasto.pt\/index.php?rest_route=%2Fwp%2Fv2%2Fcategories&post=4958"},{"taxonomy":"post_tag","embeddable":true,"href":"https:\/\/terrasdebasto.pt\/index.php?rest_route=%2Fwp%2Fv2%2Ftags&post=4958"}],"curies":[{"name":"wp","href":"https:\/\/api.w.org\/{rel}","templated":true}]}}