{"id":4939,"date":"2025-11-14T20:08:03","date_gmt":"2025-11-14T20:08:03","guid":{"rendered":"https:\/\/terrasdebasto.pt\/?p=4939"},"modified":"2025-11-14T20:29:47","modified_gmt":"2025-11-14T20:29:47","slug":"joaquim-barreto-tambem-regressa-a-basto-vida","status":"publish","type":"post","link":"https:\/\/terrasdebasto.pt\/?p=4939","title":{"rendered":"Joaquim Barreto tamb\u00e9m regressa \u00e0 \u201cBasto Vida\u201d"},"content":{"rendered":"\n<p><\/p>\n\n\n\n<p><strong>Joaquim Barreto, fundador da r\u00e9gie-cooperativa \u201cBasto Vida\u201d, de Cabeceiras de Basto, vai reassumir a presid\u00eancia da assembleia geral da institui\u00e7\u00e3o, cargo de que se encontra demission\u00e1rio.<\/strong><\/p>\n\n\n\n<p>O convite foi-lhe feito pelo presidente da c\u00e2mara em nome do cooperante maiorit\u00e1rio \u2013 o munic\u00edpio \u2013 durante a reuni\u00e3o ordin\u00e1ria do executivo desta sexta-feira (14). \u00abEspero que o sr. eng. Joaquim Barreto, que ora est\u00e1 em exerc\u00edcio, reconsidere no pedido de demiss\u00e3o e se mantenha como presidente da mesa\u00bb, formalizou.<\/p>\n\n\n\n<p>Em resposta ao convite, extensivo aos restantes demission\u00e1rios, Joaquim Barreto disse estarem \u00absanadas as raz\u00f5es\u00bb que levaram \u00e0 demiss\u00e3o dos tr\u00eas elementos da mesa, raz\u00e3o porque tanto ele pr\u00f3prio, como o arcuense Armando Duro, estavam na disponibilidade de reassumir formalmente as fun\u00e7\u00f5es.<\/p>\n\n\n\n<p>J\u00e1 quanto a Pedro Sousa, o restante demission\u00e1rio, ele \u201cdevolveu\u201d entretanto as respetivas quotas ao atual vereador socialista Fernando Basto, raz\u00e3o por que n\u00e3o poder\u00e1 reassumir fun\u00e7\u00f5es, que s\u00f3 podem ser desempenhas por cooperantes.<\/p>\n\n\n\n<p>Joaquim Barreto \u2013 a quem, mesmo demission\u00e1rio, cabe agendar as sess\u00f5es da assembleia geral \u2013 anunciou ao executivo ter marcado j\u00e1 para 20 de novembro um plen\u00e1rio eleitoral, destinado a escolher o elemento em falta na mesa e a fazer regressar a institui\u00e7\u00e3o \u00e0 normalidade.<\/p>\n\n\n\n<p>Depois de Serafim da China Pereira ter aceite o convite para, como representante do munic\u00edpio, presidir \u00e0 dire\u00e7\u00e3o da \u201cBasto Vida\u201d, Manuel Ant\u00f3nio Teixeira alcan\u00e7a agora novo \u00eaxito ao fazer regressar Joaquim Barreto aos ativos da cooperativa, com a particularidade de juntar na mesma institui\u00e7\u00e3o dois socialistas que, embora normalizada agora, nem sempre alimentaram a melhor rela\u00e7\u00e3o entre ambos [JPM].<\/p>\n","protected":false},"excerpt":{"rendered":"<p>Joaquim Barreto, fundador da r\u00e9gie-cooperativa \u201cBasto Vida\u201d, de Cabeceiras de Basto, vai reassumir a presid\u00eancia da assembleia geral da institui\u00e7\u00e3o, cargo de que se encontra demission\u00e1rio. O convite foi-lhe feito pelo presidente da c\u00e2mara em nome do cooperante maiorit\u00e1rio \u2013 o munic\u00edpio \u2013 durante a reuni\u00e3o ordin\u00e1ria do executivo desta sexta-feira (14). \u00abEspero que o [&hellip;]<\/p>\n","protected":false},"author":7,"featured_media":4925,"comment_status":"open","ping_status":"open","sticky":false,"template":"","format":"standard","meta":{"footnotes":""},"categories":[12,10,9],"tags":[1171,785,515],"class_list":{"0":"post-4939","1":"post","2":"type-post","3":"status-publish","4":"format-standard","5":"has-post-thumbnail","7":"category-cabeceiras-de-basto","8":"category-saude","9":"category-terras-de-basto","10":"tag-assembleia-geral","11":"tag-basto-vida","12":"tag-joaquim-barreto"},"yoast_head":"<!-- This site is optimized with the Yoast SEO plugin v25.7 - https:\/\/yoast.com\/wordpress\/plugins\/seo\/ -->\n<title>Joaquim Barreto tamb\u00e9m regressa \u00e0 \u201cBasto Vida\u201d - Jornal Terras de Basto<\/title>\n<meta name=\"description\" content=\"Joaquim Barreto, fundador da r\u00e9gie-cooperativa \u201cBasto Vida\u201d, de Cabeceiras de Basto, vai reassumir a presid\u00eancia da assembleia geral da institui\u00e7\u00e3o, cargo de que se encontra demission\u00e1rio.\" \/>\n<meta name=\"robots\" content=\"index, follow, max-snippet:-1, max-image-preview:large, max-video-preview:-1\" \/>\n<link rel=\"canonical\" href=\"https:\/\/terrasdebasto.pt\/?p=4939\" \/>\n<meta property=\"og:locale\" content=\"pt_PT\" \/>\n<meta property=\"og:type\" content=\"article\" \/>\n<meta property=\"og:title\" content=\"Joaquim Barreto tamb\u00e9m regressa \u00e0 \u201cBasto Vida\u201d - Jornal Terras de Basto\" \/>\n<meta property=\"og:description\" content=\"Joaquim Barreto, fundador da r\u00e9gie-cooperativa \u201cBasto Vida\u201d, de Cabeceiras de Basto, vai reassumir a presid\u00eancia da assembleia geral da institui\u00e7\u00e3o, cargo de que se encontra demission\u00e1rio.\" \/>\n<meta property=\"og:url\" content=\"https:\/\/terrasdebasto.pt\/?p=4939\" \/>\n<meta property=\"og:site_name\" content=\"Jornal Terras de Basto\" \/>\n<meta property=\"article:published_time\" content=\"2025-11-14T20:08:03+00:00\" \/>\n<meta property=\"article:modified_time\" content=\"2025-11-14T20:29:47+00:00\" \/>\n<meta property=\"og:image\" content=\"https:\/\/terrasdebasto.pt\/wp-content\/uploads\/2025\/11\/JOAQUIM-BARRETO-E-PEDRO-SOUSA.jpg\" \/>\n\t<meta property=\"og:image:width\" content=\"2106\" \/>\n\t<meta property=\"og:image:height\" content=\"1428\" \/>\n\t<meta property=\"og:image:type\" content=\"image\/jpeg\" \/>\n<meta name=\"author\" content=\"Jo\u00e3o Paulo Mesquita\" \/>\n<meta name=\"twitter:card\" content=\"summary_large_image\" \/>\n<meta name=\"twitter:label1\" content=\"Escrito por\" \/>\n\t<meta name=\"twitter:data1\" content=\"Jo\u00e3o Paulo Mesquita\" \/>\n\t<meta name=\"twitter:label2\" content=\"Tempo estimado de leitura\" \/>\n\t<meta name=\"twitter:data2\" content=\"2 minutos\" \/>\n<script type=\"application\/ld+json\" class=\"yoast-schema-graph\">{\"@context\":\"https:\/\/schema.org\",\"@graph\":[{\"@type\":\"Article\",\"@id\":\"https:\/\/terrasdebasto.pt\/?p=4939#article\",\"isPartOf\":{\"@id\":\"https:\/\/terrasdebasto.pt\/?p=4939\"},\"author\":{\"name\":\"Jo\u00e3o Paulo Mesquita\",\"@id\":\"https:\/\/terrasdebasto.pt\/#\/schema\/person\/9f6739f5394ac65c802641773b278b84\"},\"headline\":\"Joaquim Barreto tamb\u00e9m regressa \u00e0 \u201cBasto Vida\u201d\",\"datePublished\":\"2025-11-14T20:08:03+00:00\",\"dateModified\":\"2025-11-14T20:29:47+00:00\",\"mainEntityOfPage\":{\"@id\":\"https:\/\/terrasdebasto.pt\/?p=4939\"},\"wordCount\":288,\"commentCount\":0,\"publisher\":{\"@id\":\"https:\/\/terrasdebasto.pt\/#organization\"},\"image\":{\"@id\":\"https:\/\/terrasdebasto.pt\/?p=4939#primaryimage\"},\"thumbnailUrl\":\"https:\/\/terrasdebasto.pt\/wp-content\/uploads\/2025\/11\/JOAQUIM-BARRETO-E-PEDRO-SOUSA.jpg\",\"keywords\":[\"Assembleia Geral\",\"Basto Vida\",\"Joaquim Barreto\"],\"articleSection\":[\"Cabeceiras de Basto\",\"Sa\u00fade\",\"Terras de Basto\"],\"inLanguage\":\"pt-PT\",\"potentialAction\":[{\"@type\":\"CommentAction\",\"name\":\"Comment\",\"target\":[\"https:\/\/terrasdebasto.pt\/?p=4939#respond\"]}]},{\"@type\":\"WebPage\",\"@id\":\"https:\/\/terrasdebasto.pt\/?p=4939\",\"url\":\"https:\/\/terrasdebasto.pt\/?p=4939\",\"name\":\"Joaquim Barreto tamb\u00e9m regressa \u00e0 \u201cBasto Vida\u201d - Jornal Terras de Basto\",\"isPartOf\":{\"@id\":\"https:\/\/terrasdebasto.pt\/#website\"},\"primaryImageOfPage\":{\"@id\":\"https:\/\/terrasdebasto.pt\/?p=4939#primaryimage\"},\"image\":{\"@id\":\"https:\/\/terrasdebasto.pt\/?p=4939#primaryimage\"},\"thumbnailUrl\":\"https:\/\/terrasdebasto.pt\/wp-content\/uploads\/2025\/11\/JOAQUIM-BARRETO-E-PEDRO-SOUSA.jpg\",\"datePublished\":\"2025-11-14T20:08:03+00:00\",\"dateModified\":\"2025-11-14T20:29:47+00:00\",\"description\":\"Joaquim Barreto, fundador da r\u00e9gie-cooperativa \u201cBasto Vida\u201d, de Cabeceiras de Basto, vai reassumir a presid\u00eancia da assembleia geral da institui\u00e7\u00e3o, cargo de que se encontra demission\u00e1rio.\",\"breadcrumb\":{\"@id\":\"https:\/\/terrasdebasto.pt\/?p=4939#breadcrumb\"},\"inLanguage\":\"pt-PT\",\"potentialAction\":[{\"@type\":\"ReadAction\",\"target\":[\"https:\/\/terrasdebasto.pt\/?p=4939\"]}]},{\"@type\":\"ImageObject\",\"inLanguage\":\"pt-PT\",\"@id\":\"https:\/\/terrasdebasto.pt\/?p=4939#primaryimage\",\"url\":\"https:\/\/terrasdebasto.pt\/wp-content\/uploads\/2025\/11\/JOAQUIM-BARRETO-E-PEDRO-SOUSA.jpg\",\"contentUrl\":\"https:\/\/terrasdebasto.pt\/wp-content\/uploads\/2025\/11\/JOAQUIM-BARRETO-E-PEDRO-SOUSA.jpg\",\"width\":2106,\"height\":1428},{\"@type\":\"BreadcrumbList\",\"@id\":\"https:\/\/terrasdebasto.pt\/?p=4939#breadcrumb\",\"itemListElement\":[{\"@type\":\"ListItem\",\"position\":1,\"name\":\"In\u00edcio\",\"item\":\"https:\/\/terrasdebasto.pt\/\"},{\"@type\":\"ListItem\",\"position\":2,\"name\":\"Joaquim Barreto tamb\u00e9m regressa \u00e0 \u201cBasto Vida\u201d\"}]},{\"@type\":\"WebSite\",\"@id\":\"https:\/\/terrasdebasto.pt\/#website\",\"url\":\"https:\/\/terrasdebasto.pt\/\",\"name\":\"Jornal Terras de Basto\",\"description\":\"\",\"publisher\":{\"@id\":\"https:\/\/terrasdebasto.pt\/#organization\"},\"potentialAction\":[{\"@type\":\"SearchAction\",\"target\":{\"@type\":\"EntryPoint\",\"urlTemplate\":\"https:\/\/terrasdebasto.pt\/?s={search_term_string}\"},\"query-input\":{\"@type\":\"PropertyValueSpecification\",\"valueRequired\":true,\"valueName\":\"search_term_string\"}}],\"inLanguage\":\"pt-PT\"},{\"@type\":\"Organization\",\"@id\":\"https:\/\/terrasdebasto.pt\/#organization\",\"name\":\"Jornal Terras de Basto\",\"url\":\"https:\/\/terrasdebasto.pt\/\",\"logo\":{\"@type\":\"ImageObject\",\"inLanguage\":\"pt-PT\",\"@id\":\"https:\/\/terrasdebasto.pt\/#\/schema\/logo\/image\/\",\"url\":\"https:\/\/terrasdebasto.pt\/wp-content\/uploads\/2024\/06\/LogoNormal.png\",\"contentUrl\":\"https:\/\/terrasdebasto.pt\/wp-content\/uploads\/2024\/06\/LogoNormal.png\",\"width\":5638,\"height\":809,\"caption\":\"Jornal Terras de Basto\"},\"image\":{\"@id\":\"https:\/\/terrasdebasto.pt\/#\/schema\/logo\/image\/\"}},{\"@type\":\"Person\",\"@id\":\"https:\/\/terrasdebasto.pt\/#\/schema\/person\/9f6739f5394ac65c802641773b278b84\",\"name\":\"Jo\u00e3o Paulo Mesquita\",\"image\":{\"@type\":\"ImageObject\",\"inLanguage\":\"pt-PT\",\"@id\":\"https:\/\/terrasdebasto.pt\/#\/schema\/person\/image\/\",\"url\":\"https:\/\/secure.gravatar.com\/avatar\/9bd0f299e6d96336664aab64354168246a3ee3287c47891c50d450e47ed9d7f9?s=96&d=mm&r=g\",\"contentUrl\":\"https:\/\/secure.gravatar.com\/avatar\/9bd0f299e6d96336664aab64354168246a3ee3287c47891c50d450e47ed9d7f9?s=96&d=mm&r=g\",\"caption\":\"Jo\u00e3o Paulo Mesquita\"},\"url\":\"https:\/\/terrasdebasto.pt\/?author=7\"}]}<\/script>\n<!-- \/ Yoast SEO plugin. -->","yoast_head_json":{"title":"Joaquim Barreto tamb\u00e9m regressa \u00e0 \u201cBasto Vida\u201d - Jornal Terras de Basto","description":"Joaquim Barreto, fundador da r\u00e9gie-cooperativa \u201cBasto Vida\u201d, de Cabeceiras de Basto, vai reassumir a presid\u00eancia da assembleia geral da institui\u00e7\u00e3o, cargo de que se encontra demission\u00e1rio.","robots":{"index":"index","follow":"follow","max-snippet":"max-snippet:-1","max-image-preview":"max-image-preview:large","max-video-preview":"max-video-preview:-1"},"canonical":"https:\/\/terrasdebasto.pt\/?p=4939","og_locale":"pt_PT","og_type":"article","og_title":"Joaquim Barreto tamb\u00e9m regressa \u00e0 \u201cBasto Vida\u201d - Jornal Terras de Basto","og_description":"Joaquim Barreto, fundador da r\u00e9gie-cooperativa \u201cBasto Vida\u201d, de Cabeceiras de Basto, vai reassumir a presid\u00eancia da assembleia geral da institui\u00e7\u00e3o, cargo de que se encontra demission\u00e1rio.","og_url":"https:\/\/terrasdebasto.pt\/?p=4939","og_site_name":"Jornal Terras de Basto","article_published_time":"2025-11-14T20:08:03+00:00","article_modified_time":"2025-11-14T20:29:47+00:00","og_image":[{"width":2106,"height":1428,"url":"https:\/\/terrasdebasto.pt\/wp-content\/uploads\/2025\/11\/JOAQUIM-BARRETO-E-PEDRO-SOUSA.jpg","type":"image\/jpeg"}],"author":"Jo\u00e3o Paulo Mesquita","twitter_card":"summary_large_image","twitter_misc":{"Escrito por":"Jo\u00e3o Paulo Mesquita","Tempo estimado de leitura":"2 minutos"},"schema":{"@context":"https:\/\/schema.org","@graph":[{"@type":"Article","@id":"https:\/\/terrasdebasto.pt\/?p=4939#article","isPartOf":{"@id":"https:\/\/terrasdebasto.pt\/?p=4939"},"author":{"name":"Jo\u00e3o Paulo Mesquita","@id":"https:\/\/terrasdebasto.pt\/#\/schema\/person\/9f6739f5394ac65c802641773b278b84"},"headline":"Joaquim Barreto tamb\u00e9m regressa \u00e0 \u201cBasto Vida\u201d","datePublished":"2025-11-14T20:08:03+00:00","dateModified":"2025-11-14T20:29:47+00:00","mainEntityOfPage":{"@id":"https:\/\/terrasdebasto.pt\/?p=4939"},"wordCount":288,"commentCount":0,"publisher":{"@id":"https:\/\/terrasdebasto.pt\/#organization"},"image":{"@id":"https:\/\/terrasdebasto.pt\/?p=4939#primaryimage"},"thumbnailUrl":"https:\/\/terrasdebasto.pt\/wp-content\/uploads\/2025\/11\/JOAQUIM-BARRETO-E-PEDRO-SOUSA.jpg","keywords":["Assembleia Geral","Basto Vida","Joaquim Barreto"],"articleSection":["Cabeceiras de Basto","Sa\u00fade","Terras de Basto"],"inLanguage":"pt-PT","potentialAction":[{"@type":"CommentAction","name":"Comment","target":["https:\/\/terrasdebasto.pt\/?p=4939#respond"]}]},{"@type":"WebPage","@id":"https:\/\/terrasdebasto.pt\/?p=4939","url":"https:\/\/terrasdebasto.pt\/?p=4939","name":"Joaquim Barreto tamb\u00e9m regressa \u00e0 \u201cBasto Vida\u201d - Jornal Terras de Basto","isPartOf":{"@id":"https:\/\/terrasdebasto.pt\/#website"},"primaryImageOfPage":{"@id":"https:\/\/terrasdebasto.pt\/?p=4939#primaryimage"},"image":{"@id":"https:\/\/terrasdebasto.pt\/?p=4939#primaryimage"},"thumbnailUrl":"https:\/\/terrasdebasto.pt\/wp-content\/uploads\/2025\/11\/JOAQUIM-BARRETO-E-PEDRO-SOUSA.jpg","datePublished":"2025-11-14T20:08:03+00:00","dateModified":"2025-11-14T20:29:47+00:00","description":"Joaquim Barreto, fundador da r\u00e9gie-cooperativa \u201cBasto Vida\u201d, de Cabeceiras de Basto, vai reassumir a presid\u00eancia da assembleia geral da institui\u00e7\u00e3o, cargo de que se encontra demission\u00e1rio.","breadcrumb":{"@id":"https:\/\/terrasdebasto.pt\/?p=4939#breadcrumb"},"inLanguage":"pt-PT","potentialAction":[{"@type":"ReadAction","target":["https:\/\/terrasdebasto.pt\/?p=4939"]}]},{"@type":"ImageObject","inLanguage":"pt-PT","@id":"https:\/\/terrasdebasto.pt\/?p=4939#primaryimage","url":"https:\/\/terrasdebasto.pt\/wp-content\/uploads\/2025\/11\/JOAQUIM-BARRETO-E-PEDRO-SOUSA.jpg","contentUrl":"https:\/\/terrasdebasto.pt\/wp-content\/uploads\/2025\/11\/JOAQUIM-BARRETO-E-PEDRO-SOUSA.jpg","width":2106,"height":1428},{"@type":"BreadcrumbList","@id":"https:\/\/terrasdebasto.pt\/?p=4939#breadcrumb","itemListElement":[{"@type":"ListItem","position":1,"name":"In\u00edcio","item":"https:\/\/terrasdebasto.pt\/"},{"@type":"ListItem","position":2,"name":"Joaquim Barreto tamb\u00e9m regressa \u00e0 \u201cBasto Vida\u201d"}]},{"@type":"WebSite","@id":"https:\/\/terrasdebasto.pt\/#website","url":"https:\/\/terrasdebasto.pt\/","name":"Jornal Terras de Basto","description":"","publisher":{"@id":"https:\/\/terrasdebasto.pt\/#organization"},"potentialAction":[{"@type":"SearchAction","target":{"@type":"EntryPoint","urlTemplate":"https:\/\/terrasdebasto.pt\/?s={search_term_string}"},"query-input":{"@type":"PropertyValueSpecification","valueRequired":true,"valueName":"search_term_string"}}],"inLanguage":"pt-PT"},{"@type":"Organization","@id":"https:\/\/terrasdebasto.pt\/#organization","name":"Jornal Terras de Basto","url":"https:\/\/terrasdebasto.pt\/","logo":{"@type":"ImageObject","inLanguage":"pt-PT","@id":"https:\/\/terrasdebasto.pt\/#\/schema\/logo\/image\/","url":"https:\/\/terrasdebasto.pt\/wp-content\/uploads\/2024\/06\/LogoNormal.png","contentUrl":"https:\/\/terrasdebasto.pt\/wp-content\/uploads\/2024\/06\/LogoNormal.png","width":5638,"height":809,"caption":"Jornal Terras de Basto"},"image":{"@id":"https:\/\/terrasdebasto.pt\/#\/schema\/logo\/image\/"}},{"@type":"Person","@id":"https:\/\/terrasdebasto.pt\/#\/schema\/person\/9f6739f5394ac65c802641773b278b84","name":"Jo\u00e3o Paulo Mesquita","image":{"@type":"ImageObject","inLanguage":"pt-PT","@id":"https:\/\/terrasdebasto.pt\/#\/schema\/person\/image\/","url":"https:\/\/secure.gravatar.com\/avatar\/9bd0f299e6d96336664aab64354168246a3ee3287c47891c50d450e47ed9d7f9?s=96&d=mm&r=g","contentUrl":"https:\/\/secure.gravatar.com\/avatar\/9bd0f299e6d96336664aab64354168246a3ee3287c47891c50d450e47ed9d7f9?s=96&d=mm&r=g","caption":"Jo\u00e3o Paulo Mesquita"},"url":"https:\/\/terrasdebasto.pt\/?author=7"}]}},"_links":{"self":[{"href":"https:\/\/terrasdebasto.pt\/index.php?rest_route=\/wp\/v2\/posts\/4939","targetHints":{"allow":["GET"]}}],"collection":[{"href":"https:\/\/terrasdebasto.pt\/index.php?rest_route=\/wp\/v2\/posts"}],"about":[{"href":"https:\/\/terrasdebasto.pt\/index.php?rest_route=\/wp\/v2\/types\/post"}],"author":[{"embeddable":true,"href":"https:\/\/terrasdebasto.pt\/index.php?rest_route=\/wp\/v2\/users\/7"}],"replies":[{"embeddable":true,"href":"https:\/\/terrasdebasto.pt\/index.php?rest_route=%2Fwp%2Fv2%2Fcomments&post=4939"}],"version-history":[{"count":2,"href":"https:\/\/terrasdebasto.pt\/index.php?rest_route=\/wp\/v2\/posts\/4939\/revisions"}],"predecessor-version":[{"id":4943,"href":"https:\/\/terrasdebasto.pt\/index.php?rest_route=\/wp\/v2\/posts\/4939\/revisions\/4943"}],"wp:featuredmedia":[{"embeddable":true,"href":"https:\/\/terrasdebasto.pt\/index.php?rest_route=\/wp\/v2\/media\/4925"}],"wp:attachment":[{"href":"https:\/\/terrasdebasto.pt\/index.php?rest_route=%2Fwp%2Fv2%2Fmedia&parent=4939"}],"wp:term":[{"taxonomy":"category","embeddable":true,"href":"https:\/\/terrasdebasto.pt\/index.php?rest_route=%2Fwp%2Fv2%2Fcategories&post=4939"},{"taxonomy":"post_tag","embeddable":true,"href":"https:\/\/terrasdebasto.pt\/index.php?rest_route=%2Fwp%2Fv2%2Ftags&post=4939"}],"curies":[{"name":"wp","href":"https:\/\/api.w.org\/{rel}","templated":true}]}}