{"id":4936,"date":"2025-11-14T19:06:25","date_gmt":"2025-11-14T19:06:25","guid":{"rendered":"https:\/\/terrasdebasto.pt\/?p=4936"},"modified":"2025-11-14T19:06:26","modified_gmt":"2025-11-14T19:06:26","slug":"quadras-de-sao-martinho-no-arco-de-baulhe-2","status":"publish","type":"post","link":"https:\/\/terrasdebasto.pt\/?p=4936","title":{"rendered":"Quadras de S\u00e3o Martinho no Arco de Ba\u00falhe"},"content":{"rendered":"\n<p><\/p>\n\n\n\n<p><strong>Realiza-se domingo (16), no Arco de Ba\u00falhe, em Cabeceiras de Basto, no 24.\u00ba Encontro de Quadras de S\u00e3o Martinho promovido pelo munic\u00edpio e que vai registar a participa\u00e7\u00e3o de 23 grupos de cantadores ligados a institui\u00e7\u00f5es, associa\u00e7\u00f5es e coletividades concelhias. O encontro \u2013 no pavilh\u00e3o gimnodesportivo arcuense \u2013 tem in\u00edcio marcado para as 14h30. Reviver a tradi\u00e7\u00e3o, estimular a defesa do patrim\u00f3nio cultural e promover a recolha e recria\u00e7\u00e3o das cantigas populares s\u00e3o os objetivos do evento. S\u00e3o premiados todos os grupos participantes com 150 euros.<\/strong><\/p>\n","protected":false},"excerpt":{"rendered":"<p>Realiza-se domingo (16), no Arco de Ba\u00falhe, em Cabeceiras de Basto, no 24.\u00ba Encontro de Quadras de S\u00e3o Martinho promovido pelo munic\u00edpio e que vai registar a participa\u00e7\u00e3o de 23 grupos de cantadores ligados a institui\u00e7\u00f5es, associa\u00e7\u00f5es e coletividades concelhias. O encontro \u2013 no pavilh\u00e3o gimnodesportivo arcuense \u2013 tem in\u00edcio marcado para as 14h30. Reviver [&hellip;]<\/p>\n","protected":false},"author":7,"featured_media":4937,"comment_status":"open","ping_status":"open","sticky":false,"template":"","format":"standard","meta":{"footnotes":""},"categories":[12,11,14,9],"tags":[1170,663,208],"class_list":{"0":"post-4936","1":"post","2":"type-post","3":"status-publish","4":"format-standard","5":"has-post-thumbnail","7":"category-cabeceiras-de-basto","8":"category-educacao","9":"category-gastronomia","10":"category-terras-de-basto","11":"tag-concurso-de-quadras","12":"tag-quadras-de-sao-martinho","13":"tag-tradicao"},"yoast_head":"<!-- This site is optimized with the Yoast SEO plugin v25.7 - https:\/\/yoast.com\/wordpress\/plugins\/seo\/ -->\n<title>Quadras de S\u00e3o Martinho no Arco de Ba\u00falhe - Jornal Terras de Basto<\/title>\n<meta name=\"description\" content=\"Realiza-se domingo (16), no Arco de Ba\u00falhe, em Cabeceiras de Basto, no 24.\u00ba Encontro de Quadras de S\u00e3o Martinho promovido pelo munic\u00edpio e que vai registar a participa\u00e7\u00e3o de 23 grupos de cantadores ligados a institui\u00e7\u00f5es, associa\u00e7\u00f5es e coletividades concelhias. O encontro \u2013 no pavilh\u00e3o gimnodesportivo arcuense \u2013 tem in\u00edcio marcado para as 14h30. Reviver a tradi\u00e7\u00e3o, estimular a defesa do patrim\u00f3nio cultural e promover a recolha e recria\u00e7\u00e3o das cantigas populares s\u00e3o os objetivos do evento. S\u00e3o premiados todos os grupos participantes com 150 euros.\" \/>\n<meta name=\"robots\" content=\"index, follow, max-snippet:-1, max-image-preview:large, max-video-preview:-1\" \/>\n<link rel=\"canonical\" href=\"https:\/\/terrasdebasto.pt\/?p=4936\" \/>\n<meta property=\"og:locale\" content=\"pt_PT\" \/>\n<meta property=\"og:type\" content=\"article\" \/>\n<meta property=\"og:title\" content=\"Quadras de S\u00e3o Martinho no Arco de Ba\u00falhe - Jornal Terras de Basto\" \/>\n<meta property=\"og:description\" content=\"Realiza-se domingo (16), no Arco de Ba\u00falhe, em Cabeceiras de Basto, no 24.\u00ba Encontro de Quadras de S\u00e3o Martinho promovido pelo munic\u00edpio e que vai registar a participa\u00e7\u00e3o de 23 grupos de cantadores ligados a institui\u00e7\u00f5es, associa\u00e7\u00f5es e coletividades concelhias. O encontro \u2013 no pavilh\u00e3o gimnodesportivo arcuense \u2013 tem in\u00edcio marcado para as 14h30. Reviver a tradi\u00e7\u00e3o, estimular a defesa do patrim\u00f3nio cultural e promover a recolha e recria\u00e7\u00e3o das cantigas populares s\u00e3o os objetivos do evento. S\u00e3o premiados todos os grupos participantes com 150 euros.\" \/>\n<meta property=\"og:url\" content=\"https:\/\/terrasdebasto.pt\/?p=4936\" \/>\n<meta property=\"og:site_name\" content=\"Jornal Terras de Basto\" \/>\n<meta property=\"article:published_time\" content=\"2025-11-14T19:06:25+00:00\" \/>\n<meta property=\"article:modified_time\" content=\"2025-11-14T19:06:26+00:00\" \/>\n<meta property=\"og:image\" content=\"https:\/\/terrasdebasto.pt\/wp-content\/uploads\/2025\/11\/QUADRAS-DE-SAO-MARTINHO.jpg\" \/>\n\t<meta property=\"og:image:width\" content=\"1080\" \/>\n\t<meta property=\"og:image:height\" content=\"1111\" \/>\n\t<meta property=\"og:image:type\" content=\"image\/jpeg\" \/>\n<meta name=\"author\" content=\"Jo\u00e3o Paulo Mesquita\" \/>\n<meta name=\"twitter:card\" content=\"summary_large_image\" \/>\n<meta name=\"twitter:label1\" content=\"Escrito por\" \/>\n\t<meta name=\"twitter:data1\" content=\"Jo\u00e3o Paulo Mesquita\" \/>\n\t<meta name=\"twitter:label2\" content=\"Tempo estimado de leitura\" \/>\n\t<meta name=\"twitter:data2\" content=\"1 minuto\" \/>\n<script type=\"application\/ld+json\" class=\"yoast-schema-graph\">{\"@context\":\"https:\/\/schema.org\",\"@graph\":[{\"@type\":\"Article\",\"@id\":\"https:\/\/terrasdebasto.pt\/?p=4936#article\",\"isPartOf\":{\"@id\":\"https:\/\/terrasdebasto.pt\/?p=4936\"},\"author\":{\"name\":\"Jo\u00e3o Paulo Mesquita\",\"@id\":\"https:\/\/terrasdebasto.pt\/#\/schema\/person\/9f6739f5394ac65c802641773b278b84\"},\"headline\":\"Quadras de S\u00e3o Martinho no Arco de Ba\u00falhe\",\"datePublished\":\"2025-11-14T19:06:25+00:00\",\"dateModified\":\"2025-11-14T19:06:26+00:00\",\"mainEntityOfPage\":{\"@id\":\"https:\/\/terrasdebasto.pt\/?p=4936\"},\"wordCount\":103,\"commentCount\":0,\"publisher\":{\"@id\":\"https:\/\/terrasdebasto.pt\/#organization\"},\"image\":{\"@id\":\"https:\/\/terrasdebasto.pt\/?p=4936#primaryimage\"},\"thumbnailUrl\":\"https:\/\/terrasdebasto.pt\/wp-content\/uploads\/2025\/11\/QUADRAS-DE-SAO-MARTINHO.jpg\",\"keywords\":[\"Concurso de Quadras\",\"Quadras de S\u00e3o Martinho\",\"Tradi\u00e7\u00e3o\"],\"articleSection\":[\"Cabeceiras de Basto\",\"Educa\u00e7\u00e3o\",\"Gastronomia\",\"Terras de Basto\"],\"inLanguage\":\"pt-PT\",\"potentialAction\":[{\"@type\":\"CommentAction\",\"name\":\"Comment\",\"target\":[\"https:\/\/terrasdebasto.pt\/?p=4936#respond\"]}]},{\"@type\":\"WebPage\",\"@id\":\"https:\/\/terrasdebasto.pt\/?p=4936\",\"url\":\"https:\/\/terrasdebasto.pt\/?p=4936\",\"name\":\"Quadras de S\u00e3o Martinho no Arco de Ba\u00falhe - Jornal Terras de Basto\",\"isPartOf\":{\"@id\":\"https:\/\/terrasdebasto.pt\/#website\"},\"primaryImageOfPage\":{\"@id\":\"https:\/\/terrasdebasto.pt\/?p=4936#primaryimage\"},\"image\":{\"@id\":\"https:\/\/terrasdebasto.pt\/?p=4936#primaryimage\"},\"thumbnailUrl\":\"https:\/\/terrasdebasto.pt\/wp-content\/uploads\/2025\/11\/QUADRAS-DE-SAO-MARTINHO.jpg\",\"datePublished\":\"2025-11-14T19:06:25+00:00\",\"dateModified\":\"2025-11-14T19:06:26+00:00\",\"description\":\"Realiza-se domingo (16), no Arco de Ba\u00falhe, em Cabeceiras de Basto, no 24.\u00ba Encontro de Quadras de S\u00e3o Martinho promovido pelo munic\u00edpio e que vai registar a participa\u00e7\u00e3o de 23 grupos de cantadores ligados a institui\u00e7\u00f5es, associa\u00e7\u00f5es e coletividades concelhias. O encontro \u2013 no pavilh\u00e3o gimnodesportivo arcuense \u2013 tem in\u00edcio marcado para as 14h30. Reviver a tradi\u00e7\u00e3o, estimular a defesa do patrim\u00f3nio cultural e promover a recolha e recria\u00e7\u00e3o das cantigas populares s\u00e3o os objetivos do evento. S\u00e3o premiados todos os grupos participantes com 150 euros.\",\"breadcrumb\":{\"@id\":\"https:\/\/terrasdebasto.pt\/?p=4936#breadcrumb\"},\"inLanguage\":\"pt-PT\",\"potentialAction\":[{\"@type\":\"ReadAction\",\"target\":[\"https:\/\/terrasdebasto.pt\/?p=4936\"]}]},{\"@type\":\"ImageObject\",\"inLanguage\":\"pt-PT\",\"@id\":\"https:\/\/terrasdebasto.pt\/?p=4936#primaryimage\",\"url\":\"https:\/\/terrasdebasto.pt\/wp-content\/uploads\/2025\/11\/QUADRAS-DE-SAO-MARTINHO.jpg\",\"contentUrl\":\"https:\/\/terrasdebasto.pt\/wp-content\/uploads\/2025\/11\/QUADRAS-DE-SAO-MARTINHO.jpg\",\"width\":1080,\"height\":1111},{\"@type\":\"BreadcrumbList\",\"@id\":\"https:\/\/terrasdebasto.pt\/?p=4936#breadcrumb\",\"itemListElement\":[{\"@type\":\"ListItem\",\"position\":1,\"name\":\"In\u00edcio\",\"item\":\"https:\/\/terrasdebasto.pt\/\"},{\"@type\":\"ListItem\",\"position\":2,\"name\":\"Quadras de S\u00e3o Martinho no Arco de Ba\u00falhe\"}]},{\"@type\":\"WebSite\",\"@id\":\"https:\/\/terrasdebasto.pt\/#website\",\"url\":\"https:\/\/terrasdebasto.pt\/\",\"name\":\"Jornal Terras de Basto\",\"description\":\"\",\"publisher\":{\"@id\":\"https:\/\/terrasdebasto.pt\/#organization\"},\"potentialAction\":[{\"@type\":\"SearchAction\",\"target\":{\"@type\":\"EntryPoint\",\"urlTemplate\":\"https:\/\/terrasdebasto.pt\/?s={search_term_string}\"},\"query-input\":{\"@type\":\"PropertyValueSpecification\",\"valueRequired\":true,\"valueName\":\"search_term_string\"}}],\"inLanguage\":\"pt-PT\"},{\"@type\":\"Organization\",\"@id\":\"https:\/\/terrasdebasto.pt\/#organization\",\"name\":\"Jornal Terras de Basto\",\"url\":\"https:\/\/terrasdebasto.pt\/\",\"logo\":{\"@type\":\"ImageObject\",\"inLanguage\":\"pt-PT\",\"@id\":\"https:\/\/terrasdebasto.pt\/#\/schema\/logo\/image\/\",\"url\":\"https:\/\/terrasdebasto.pt\/wp-content\/uploads\/2024\/06\/LogoNormal.png\",\"contentUrl\":\"https:\/\/terrasdebasto.pt\/wp-content\/uploads\/2024\/06\/LogoNormal.png\",\"width\":5638,\"height\":809,\"caption\":\"Jornal Terras de Basto\"},\"image\":{\"@id\":\"https:\/\/terrasdebasto.pt\/#\/schema\/logo\/image\/\"}},{\"@type\":\"Person\",\"@id\":\"https:\/\/terrasdebasto.pt\/#\/schema\/person\/9f6739f5394ac65c802641773b278b84\",\"name\":\"Jo\u00e3o Paulo Mesquita\",\"image\":{\"@type\":\"ImageObject\",\"inLanguage\":\"pt-PT\",\"@id\":\"https:\/\/terrasdebasto.pt\/#\/schema\/person\/image\/\",\"url\":\"https:\/\/secure.gravatar.com\/avatar\/9bd0f299e6d96336664aab64354168246a3ee3287c47891c50d450e47ed9d7f9?s=96&d=mm&r=g\",\"contentUrl\":\"https:\/\/secure.gravatar.com\/avatar\/9bd0f299e6d96336664aab64354168246a3ee3287c47891c50d450e47ed9d7f9?s=96&d=mm&r=g\",\"caption\":\"Jo\u00e3o Paulo Mesquita\"},\"url\":\"https:\/\/terrasdebasto.pt\/?author=7\"}]}<\/script>\n<!-- \/ Yoast SEO plugin. -->","yoast_head_json":{"title":"Quadras de S\u00e3o Martinho no Arco de Ba\u00falhe - Jornal Terras de Basto","description":"Realiza-se domingo (16), no Arco de Ba\u00falhe, em Cabeceiras de Basto, no 24.\u00ba Encontro de Quadras de S\u00e3o Martinho promovido pelo munic\u00edpio e que vai registar a participa\u00e7\u00e3o de 23 grupos de cantadores ligados a institui\u00e7\u00f5es, associa\u00e7\u00f5es e coletividades concelhias. O encontro \u2013 no pavilh\u00e3o gimnodesportivo arcuense \u2013 tem in\u00edcio marcado para as 14h30. Reviver a tradi\u00e7\u00e3o, estimular a defesa do patrim\u00f3nio cultural e promover a recolha e recria\u00e7\u00e3o das cantigas populares s\u00e3o os objetivos do evento. S\u00e3o premiados todos os grupos participantes com 150 euros.","robots":{"index":"index","follow":"follow","max-snippet":"max-snippet:-1","max-image-preview":"max-image-preview:large","max-video-preview":"max-video-preview:-1"},"canonical":"https:\/\/terrasdebasto.pt\/?p=4936","og_locale":"pt_PT","og_type":"article","og_title":"Quadras de S\u00e3o Martinho no Arco de Ba\u00falhe - Jornal Terras de Basto","og_description":"Realiza-se domingo (16), no Arco de Ba\u00falhe, em Cabeceiras de Basto, no 24.\u00ba Encontro de Quadras de S\u00e3o Martinho promovido pelo munic\u00edpio e que vai registar a participa\u00e7\u00e3o de 23 grupos de cantadores ligados a institui\u00e7\u00f5es, associa\u00e7\u00f5es e coletividades concelhias. O encontro \u2013 no pavilh\u00e3o gimnodesportivo arcuense \u2013 tem in\u00edcio marcado para as 14h30. Reviver a tradi\u00e7\u00e3o, estimular a defesa do patrim\u00f3nio cultural e promover a recolha e recria\u00e7\u00e3o das cantigas populares s\u00e3o os objetivos do evento. S\u00e3o premiados todos os grupos participantes com 150 euros.","og_url":"https:\/\/terrasdebasto.pt\/?p=4936","og_site_name":"Jornal Terras de Basto","article_published_time":"2025-11-14T19:06:25+00:00","article_modified_time":"2025-11-14T19:06:26+00:00","og_image":[{"width":1080,"height":1111,"url":"https:\/\/terrasdebasto.pt\/wp-content\/uploads\/2025\/11\/QUADRAS-DE-SAO-MARTINHO.jpg","type":"image\/jpeg"}],"author":"Jo\u00e3o Paulo Mesquita","twitter_card":"summary_large_image","twitter_misc":{"Escrito por":"Jo\u00e3o Paulo Mesquita","Tempo estimado de leitura":"1 minuto"},"schema":{"@context":"https:\/\/schema.org","@graph":[{"@type":"Article","@id":"https:\/\/terrasdebasto.pt\/?p=4936#article","isPartOf":{"@id":"https:\/\/terrasdebasto.pt\/?p=4936"},"author":{"name":"Jo\u00e3o Paulo Mesquita","@id":"https:\/\/terrasdebasto.pt\/#\/schema\/person\/9f6739f5394ac65c802641773b278b84"},"headline":"Quadras de S\u00e3o Martinho no Arco de Ba\u00falhe","datePublished":"2025-11-14T19:06:25+00:00","dateModified":"2025-11-14T19:06:26+00:00","mainEntityOfPage":{"@id":"https:\/\/terrasdebasto.pt\/?p=4936"},"wordCount":103,"commentCount":0,"publisher":{"@id":"https:\/\/terrasdebasto.pt\/#organization"},"image":{"@id":"https:\/\/terrasdebasto.pt\/?p=4936#primaryimage"},"thumbnailUrl":"https:\/\/terrasdebasto.pt\/wp-content\/uploads\/2025\/11\/QUADRAS-DE-SAO-MARTINHO.jpg","keywords":["Concurso de Quadras","Quadras de S\u00e3o Martinho","Tradi\u00e7\u00e3o"],"articleSection":["Cabeceiras de Basto","Educa\u00e7\u00e3o","Gastronomia","Terras de Basto"],"inLanguage":"pt-PT","potentialAction":[{"@type":"CommentAction","name":"Comment","target":["https:\/\/terrasdebasto.pt\/?p=4936#respond"]}]},{"@type":"WebPage","@id":"https:\/\/terrasdebasto.pt\/?p=4936","url":"https:\/\/terrasdebasto.pt\/?p=4936","name":"Quadras de S\u00e3o Martinho no Arco de Ba\u00falhe - Jornal Terras de Basto","isPartOf":{"@id":"https:\/\/terrasdebasto.pt\/#website"},"primaryImageOfPage":{"@id":"https:\/\/terrasdebasto.pt\/?p=4936#primaryimage"},"image":{"@id":"https:\/\/terrasdebasto.pt\/?p=4936#primaryimage"},"thumbnailUrl":"https:\/\/terrasdebasto.pt\/wp-content\/uploads\/2025\/11\/QUADRAS-DE-SAO-MARTINHO.jpg","datePublished":"2025-11-14T19:06:25+00:00","dateModified":"2025-11-14T19:06:26+00:00","description":"Realiza-se domingo (16), no Arco de Ba\u00falhe, em Cabeceiras de Basto, no 24.\u00ba Encontro de Quadras de S\u00e3o Martinho promovido pelo munic\u00edpio e que vai registar a participa\u00e7\u00e3o de 23 grupos de cantadores ligados a institui\u00e7\u00f5es, associa\u00e7\u00f5es e coletividades concelhias. O encontro \u2013 no pavilh\u00e3o gimnodesportivo arcuense \u2013 tem in\u00edcio marcado para as 14h30. Reviver a tradi\u00e7\u00e3o, estimular a defesa do patrim\u00f3nio cultural e promover a recolha e recria\u00e7\u00e3o das cantigas populares s\u00e3o os objetivos do evento. S\u00e3o premiados todos os grupos participantes com 150 euros.","breadcrumb":{"@id":"https:\/\/terrasdebasto.pt\/?p=4936#breadcrumb"},"inLanguage":"pt-PT","potentialAction":[{"@type":"ReadAction","target":["https:\/\/terrasdebasto.pt\/?p=4936"]}]},{"@type":"ImageObject","inLanguage":"pt-PT","@id":"https:\/\/terrasdebasto.pt\/?p=4936#primaryimage","url":"https:\/\/terrasdebasto.pt\/wp-content\/uploads\/2025\/11\/QUADRAS-DE-SAO-MARTINHO.jpg","contentUrl":"https:\/\/terrasdebasto.pt\/wp-content\/uploads\/2025\/11\/QUADRAS-DE-SAO-MARTINHO.jpg","width":1080,"height":1111},{"@type":"BreadcrumbList","@id":"https:\/\/terrasdebasto.pt\/?p=4936#breadcrumb","itemListElement":[{"@type":"ListItem","position":1,"name":"In\u00edcio","item":"https:\/\/terrasdebasto.pt\/"},{"@type":"ListItem","position":2,"name":"Quadras de S\u00e3o Martinho no Arco de Ba\u00falhe"}]},{"@type":"WebSite","@id":"https:\/\/terrasdebasto.pt\/#website","url":"https:\/\/terrasdebasto.pt\/","name":"Jornal Terras de Basto","description":"","publisher":{"@id":"https:\/\/terrasdebasto.pt\/#organization"},"potentialAction":[{"@type":"SearchAction","target":{"@type":"EntryPoint","urlTemplate":"https:\/\/terrasdebasto.pt\/?s={search_term_string}"},"query-input":{"@type":"PropertyValueSpecification","valueRequired":true,"valueName":"search_term_string"}}],"inLanguage":"pt-PT"},{"@type":"Organization","@id":"https:\/\/terrasdebasto.pt\/#organization","name":"Jornal Terras de Basto","url":"https:\/\/terrasdebasto.pt\/","logo":{"@type":"ImageObject","inLanguage":"pt-PT","@id":"https:\/\/terrasdebasto.pt\/#\/schema\/logo\/image\/","url":"https:\/\/terrasdebasto.pt\/wp-content\/uploads\/2024\/06\/LogoNormal.png","contentUrl":"https:\/\/terrasdebasto.pt\/wp-content\/uploads\/2024\/06\/LogoNormal.png","width":5638,"height":809,"caption":"Jornal Terras de Basto"},"image":{"@id":"https:\/\/terrasdebasto.pt\/#\/schema\/logo\/image\/"}},{"@type":"Person","@id":"https:\/\/terrasdebasto.pt\/#\/schema\/person\/9f6739f5394ac65c802641773b278b84","name":"Jo\u00e3o Paulo Mesquita","image":{"@type":"ImageObject","inLanguage":"pt-PT","@id":"https:\/\/terrasdebasto.pt\/#\/schema\/person\/image\/","url":"https:\/\/secure.gravatar.com\/avatar\/9bd0f299e6d96336664aab64354168246a3ee3287c47891c50d450e47ed9d7f9?s=96&d=mm&r=g","contentUrl":"https:\/\/secure.gravatar.com\/avatar\/9bd0f299e6d96336664aab64354168246a3ee3287c47891c50d450e47ed9d7f9?s=96&d=mm&r=g","caption":"Jo\u00e3o Paulo Mesquita"},"url":"https:\/\/terrasdebasto.pt\/?author=7"}]}},"_links":{"self":[{"href":"https:\/\/terrasdebasto.pt\/index.php?rest_route=\/wp\/v2\/posts\/4936","targetHints":{"allow":["GET"]}}],"collection":[{"href":"https:\/\/terrasdebasto.pt\/index.php?rest_route=\/wp\/v2\/posts"}],"about":[{"href":"https:\/\/terrasdebasto.pt\/index.php?rest_route=\/wp\/v2\/types\/post"}],"author":[{"embeddable":true,"href":"https:\/\/terrasdebasto.pt\/index.php?rest_route=\/wp\/v2\/users\/7"}],"replies":[{"embeddable":true,"href":"https:\/\/terrasdebasto.pt\/index.php?rest_route=%2Fwp%2Fv2%2Fcomments&post=4936"}],"version-history":[{"count":1,"href":"https:\/\/terrasdebasto.pt\/index.php?rest_route=\/wp\/v2\/posts\/4936\/revisions"}],"predecessor-version":[{"id":4938,"href":"https:\/\/terrasdebasto.pt\/index.php?rest_route=\/wp\/v2\/posts\/4936\/revisions\/4938"}],"wp:featuredmedia":[{"embeddable":true,"href":"https:\/\/terrasdebasto.pt\/index.php?rest_route=\/wp\/v2\/media\/4937"}],"wp:attachment":[{"href":"https:\/\/terrasdebasto.pt\/index.php?rest_route=%2Fwp%2Fv2%2Fmedia&parent=4936"}],"wp:term":[{"taxonomy":"category","embeddable":true,"href":"https:\/\/terrasdebasto.pt\/index.php?rest_route=%2Fwp%2Fv2%2Fcategories&post=4936"},{"taxonomy":"post_tag","embeddable":true,"href":"https:\/\/terrasdebasto.pt\/index.php?rest_route=%2Fwp%2Fv2%2Ftags&post=4936"}],"curies":[{"name":"wp","href":"https:\/\/api.w.org\/{rel}","templated":true}]}}