{"id":4933,"date":"2025-11-14T18:26:03","date_gmt":"2025-11-14T18:26:03","guid":{"rendered":"https:\/\/terrasdebasto.pt\/?p=4933"},"modified":"2025-11-14T18:26:04","modified_gmt":"2025-11-14T18:26:04","slug":"cabeceiras-predio-das-cerdeirinhas-avanca-em-breve","status":"publish","type":"post","link":"https:\/\/terrasdebasto.pt\/?p=4933","title":{"rendered":"Cabeceiras: pr\u00e9dio das Cerdeirinhas avan\u00e7a em breve"},"content":{"rendered":"\n<p><\/p>\n\n\n\n<p><strong>O Munic\u00edpio de Cabeceiras de Basto dever\u00e1 iniciar em breve a constru\u00e7\u00e3o de um bloco habitacional multifamiliar no s\u00edtio das Cerdeirinhas, em Refojos, assim dando cumprimento ao projeto definido e aprovado no anterior mandato.<\/strong><\/p>\n\n\n\n<p>A informa\u00e7\u00e3o foi dada pelo presidente, Manuel Ant\u00f3nio Teixeira, durante uma reuni\u00e3o ordin\u00e1ria do executivo realizada esta sexta-feira (14), que assim respondia a um pedido do vereador e ex-presidente sobre \u00abo ponto da situa\u00e7\u00e3o\u00bb relativamente a este assunto.<\/p>\n\n\n\n<p>O autarca social-democrata revelou ent\u00e3o terem-lhe sido j\u00e1 propostos outros locais para a localiza\u00e7\u00e3o do im\u00f3vel financiado pelo Plano de Recupera\u00e7\u00e3o e Resili\u00eancia, o que o levou a equacionar junto do Instituto da Habita\u00e7\u00e3o e da Requalifica\u00e7\u00e3o Urbana a altera\u00e7\u00e3o do projeto.<\/p>\n\n\n\n<p>\u00abO IHRU disse que n\u00e3o; fiquei de lhes enviar uma comunica\u00e7\u00e3o\u2026 Mas entretanto estive a falar com os t\u00e9cnicos [municipais], para ver se se consegue resolver o problema sem tirar o edif\u00edcio do local, fazendo ligeir\u00edssimas altera\u00e7\u00f5es\u00bb, disse, antes de adiantar ter sido contactado, nesta sexta-feira de manh\u00e3, pelos proponentes da provid\u00eancia cautelar.<\/p>\n\n\n\n<p>\u00abO que sei \u00e9 que a provid\u00eancia cautelar foi levantada e, portanto, o edif\u00edcio vai ser constru\u00eddo naquele local; o objetivo \u00e9 come\u00e7ar com as obras o mais r\u00e1pido poss\u00edvel, fazendo esse retoque no projeto\u00bb, disse.<\/p>\n\n\n\n<p>Foi j\u00e1 em respostas ao vereador Joaquim Barreto que Manuel Ant\u00f3nio Teixeira confirmou que \u00abas ligeir\u00edssimas altera\u00e7\u00f5es\u00bb que v\u00e3o ser pedidas aos t\u00e9cnicos passam pelo rebaixamento da implanta\u00e7\u00e3o do pr\u00e9dio, afastando-o tamb\u00e9m da moradia mais pr\u00f3xima.<\/p>\n\n\n\n<p>Embora sem qualquer informa\u00e7\u00e3o privilegiada relativamente ao acordo alcan\u00e7ado em sede de audi\u00eancia judicial, o edil manifestou-se convicto de que ele ter\u00e1 sido alcan\u00e7ado tendo em conta a predisposi\u00e7\u00e3o municipal para \u00abrebaixar\u00bb o pr\u00e9dio e afast\u00e1-lo \u00abum pouco\u00bb, assim correspondendo \u00e0s pretens\u00f5es dos contestat\u00e1rios.<\/p>\n\n\n\n<p>Estas altera\u00e7\u00f5es dever\u00e3o implicar com os interesses da Comunidade de Baldios de Refojos, que para o efeito j\u00e1 foi abordada, num processo que tem de ser c\u00e9lere, uma vez que o seu prazo de execu\u00e7\u00e3o oficial \u00e9 30 de junho de 2026.<\/p>\n\n\n\n<p>O bloco multifamiliar em quest\u00e3o, com dez fra\u00e7\u00f5es \u2013 oito de tipologia \u201cT1\u201d e dois \u201cT2\u201d \u2013, foi a proposta da anterior presid\u00eancia municipal para responder \u00e0s car\u00eancias habitacionais no concelho, no \u00e2mbito da Estat\u00e9gia Local de Habita\u00e7\u00e3o.<\/p>\n\n\n\n<p>O bloco, pensado para estar constru\u00eddo at\u00e9 mar\u00e7o do pr\u00f3ximo ano na Rua das Cerdeirinhas de Cima, est\u00e1 adjudicado em cerca de um milh\u00e3o de euros. [JPM].<\/p>\n","protected":false},"excerpt":{"rendered":"<p>O Munic\u00edpio de Cabeceiras de Basto dever\u00e1 iniciar em breve a constru\u00e7\u00e3o de um bloco habitacional multifamiliar no s\u00edtio das Cerdeirinhas, em Refojos, assim dando cumprimento ao projeto definido e aprovado no anterior mandato. A informa\u00e7\u00e3o foi dada pelo presidente, Manuel Ant\u00f3nio Teixeira, durante uma reuni\u00e3o ordin\u00e1ria do executivo realizada esta sexta-feira (14), que assim [&hellip;]<\/p>\n","protected":false},"author":7,"featured_media":4934,"comment_status":"open","ping_status":"open","sticky":false,"template":"","format":"standard","meta":{"footnotes":""},"categories":[12,9],"tags":[144,829,1169],"class_list":{"0":"post-4933","1":"post","2":"type-post","3":"status-publish","4":"format-standard","5":"has-post-thumbnail","7":"category-cabeceiras-de-basto","8":"category-terras-de-basto","9":"tag-habitacao","10":"tag-habitacao-social","11":"tag-predio-das-cerdeirinhas"},"yoast_head":"<!-- This site is optimized with the Yoast SEO plugin v25.7 - https:\/\/yoast.com\/wordpress\/plugins\/seo\/ -->\n<title>Cabeceiras: pr\u00e9dio das Cerdeirinhas avan\u00e7a em breve - Jornal Terras de Basto<\/title>\n<meta name=\"description\" content=\"O Munic\u00edpio de Cabeceiras de Basto dever\u00e1 iniciar em breve a constru\u00e7\u00e3o de um bloco habitacional multifamiliar no s\u00edtio das Cerdeirinhas, em Refojos, assim dando cumprimento ao projeto definido e aprovado no anterior mandato.\" \/>\n<meta name=\"robots\" content=\"index, follow, max-snippet:-1, max-image-preview:large, max-video-preview:-1\" \/>\n<link rel=\"canonical\" href=\"https:\/\/terrasdebasto.pt\/?p=4933\" \/>\n<meta property=\"og:locale\" content=\"pt_PT\" \/>\n<meta property=\"og:type\" content=\"article\" \/>\n<meta property=\"og:title\" content=\"Cabeceiras: pr\u00e9dio das Cerdeirinhas avan\u00e7a em breve - Jornal Terras de Basto\" \/>\n<meta property=\"og:description\" content=\"O Munic\u00edpio de Cabeceiras de Basto dever\u00e1 iniciar em breve a constru\u00e7\u00e3o de um bloco habitacional multifamiliar no s\u00edtio das Cerdeirinhas, em Refojos, assim dando cumprimento ao projeto definido e aprovado no anterior mandato.\" \/>\n<meta property=\"og:url\" content=\"https:\/\/terrasdebasto.pt\/?p=4933\" \/>\n<meta property=\"og:site_name\" content=\"Jornal Terras de Basto\" \/>\n<meta property=\"article:published_time\" content=\"2025-11-14T18:26:03+00:00\" \/>\n<meta property=\"article:modified_time\" content=\"2025-11-14T18:26:04+00:00\" \/>\n<meta property=\"og:image\" content=\"https:\/\/terrasdebasto.pt\/wp-content\/uploads\/2025\/11\/reuniao-camara.jpg\" \/>\n\t<meta property=\"og:image:width\" content=\"846\" \/>\n\t<meta property=\"og:image:height\" content=\"473\" \/>\n\t<meta property=\"og:image:type\" content=\"image\/jpeg\" \/>\n<meta name=\"author\" content=\"Jo\u00e3o Paulo Mesquita\" \/>\n<meta name=\"twitter:card\" content=\"summary_large_image\" \/>\n<meta name=\"twitter:label1\" content=\"Escrito por\" \/>\n\t<meta name=\"twitter:data1\" content=\"Jo\u00e3o Paulo Mesquita\" \/>\n\t<meta name=\"twitter:label2\" content=\"Tempo estimado de leitura\" \/>\n\t<meta name=\"twitter:data2\" content=\"3 minutos\" \/>\n<script type=\"application\/ld+json\" class=\"yoast-schema-graph\">{\"@context\":\"https:\/\/schema.org\",\"@graph\":[{\"@type\":\"Article\",\"@id\":\"https:\/\/terrasdebasto.pt\/?p=4933#article\",\"isPartOf\":{\"@id\":\"https:\/\/terrasdebasto.pt\/?p=4933\"},\"author\":{\"name\":\"Jo\u00e3o Paulo Mesquita\",\"@id\":\"https:\/\/terrasdebasto.pt\/#\/schema\/person\/9f6739f5394ac65c802641773b278b84\"},\"headline\":\"Cabeceiras: pr\u00e9dio das Cerdeirinhas avan\u00e7a em breve\",\"datePublished\":\"2025-11-14T18:26:03+00:00\",\"dateModified\":\"2025-11-14T18:26:04+00:00\",\"mainEntityOfPage\":{\"@id\":\"https:\/\/terrasdebasto.pt\/?p=4933\"},\"wordCount\":452,\"commentCount\":0,\"publisher\":{\"@id\":\"https:\/\/terrasdebasto.pt\/#organization\"},\"image\":{\"@id\":\"https:\/\/terrasdebasto.pt\/?p=4933#primaryimage\"},\"thumbnailUrl\":\"https:\/\/terrasdebasto.pt\/wp-content\/uploads\/2025\/11\/reuniao-camara.jpg\",\"keywords\":[\"Habita\u00e7\u00e3o\",\"Habita\u00e7\u00e3o Social\",\"Pr\u00e9dio das Cerdeirinhas\"],\"articleSection\":[\"Cabeceiras de Basto\",\"Terras de Basto\"],\"inLanguage\":\"pt-PT\",\"potentialAction\":[{\"@type\":\"CommentAction\",\"name\":\"Comment\",\"target\":[\"https:\/\/terrasdebasto.pt\/?p=4933#respond\"]}]},{\"@type\":\"WebPage\",\"@id\":\"https:\/\/terrasdebasto.pt\/?p=4933\",\"url\":\"https:\/\/terrasdebasto.pt\/?p=4933\",\"name\":\"Cabeceiras: pr\u00e9dio das Cerdeirinhas avan\u00e7a em breve - Jornal Terras de Basto\",\"isPartOf\":{\"@id\":\"https:\/\/terrasdebasto.pt\/#website\"},\"primaryImageOfPage\":{\"@id\":\"https:\/\/terrasdebasto.pt\/?p=4933#primaryimage\"},\"image\":{\"@id\":\"https:\/\/terrasdebasto.pt\/?p=4933#primaryimage\"},\"thumbnailUrl\":\"https:\/\/terrasdebasto.pt\/wp-content\/uploads\/2025\/11\/reuniao-camara.jpg\",\"datePublished\":\"2025-11-14T18:26:03+00:00\",\"dateModified\":\"2025-11-14T18:26:04+00:00\",\"description\":\"O Munic\u00edpio de Cabeceiras de Basto dever\u00e1 iniciar em breve a constru\u00e7\u00e3o de um bloco habitacional multifamiliar no s\u00edtio das Cerdeirinhas, em Refojos, assim dando cumprimento ao projeto definido e aprovado no anterior mandato.\",\"breadcrumb\":{\"@id\":\"https:\/\/terrasdebasto.pt\/?p=4933#breadcrumb\"},\"inLanguage\":\"pt-PT\",\"potentialAction\":[{\"@type\":\"ReadAction\",\"target\":[\"https:\/\/terrasdebasto.pt\/?p=4933\"]}]},{\"@type\":\"ImageObject\",\"inLanguage\":\"pt-PT\",\"@id\":\"https:\/\/terrasdebasto.pt\/?p=4933#primaryimage\",\"url\":\"https:\/\/terrasdebasto.pt\/wp-content\/uploads\/2025\/11\/reuniao-camara.jpg\",\"contentUrl\":\"https:\/\/terrasdebasto.pt\/wp-content\/uploads\/2025\/11\/reuniao-camara.jpg\",\"width\":846,\"height\":473},{\"@type\":\"BreadcrumbList\",\"@id\":\"https:\/\/terrasdebasto.pt\/?p=4933#breadcrumb\",\"itemListElement\":[{\"@type\":\"ListItem\",\"position\":1,\"name\":\"In\u00edcio\",\"item\":\"https:\/\/terrasdebasto.pt\/\"},{\"@type\":\"ListItem\",\"position\":2,\"name\":\"Cabeceiras: pr\u00e9dio das Cerdeirinhas avan\u00e7a em breve\"}]},{\"@type\":\"WebSite\",\"@id\":\"https:\/\/terrasdebasto.pt\/#website\",\"url\":\"https:\/\/terrasdebasto.pt\/\",\"name\":\"Jornal Terras de Basto\",\"description\":\"\",\"publisher\":{\"@id\":\"https:\/\/terrasdebasto.pt\/#organization\"},\"potentialAction\":[{\"@type\":\"SearchAction\",\"target\":{\"@type\":\"EntryPoint\",\"urlTemplate\":\"https:\/\/terrasdebasto.pt\/?s={search_term_string}\"},\"query-input\":{\"@type\":\"PropertyValueSpecification\",\"valueRequired\":true,\"valueName\":\"search_term_string\"}}],\"inLanguage\":\"pt-PT\"},{\"@type\":\"Organization\",\"@id\":\"https:\/\/terrasdebasto.pt\/#organization\",\"name\":\"Jornal Terras de Basto\",\"url\":\"https:\/\/terrasdebasto.pt\/\",\"logo\":{\"@type\":\"ImageObject\",\"inLanguage\":\"pt-PT\",\"@id\":\"https:\/\/terrasdebasto.pt\/#\/schema\/logo\/image\/\",\"url\":\"https:\/\/terrasdebasto.pt\/wp-content\/uploads\/2024\/06\/LogoNormal.png\",\"contentUrl\":\"https:\/\/terrasdebasto.pt\/wp-content\/uploads\/2024\/06\/LogoNormal.png\",\"width\":5638,\"height\":809,\"caption\":\"Jornal Terras de Basto\"},\"image\":{\"@id\":\"https:\/\/terrasdebasto.pt\/#\/schema\/logo\/image\/\"}},{\"@type\":\"Person\",\"@id\":\"https:\/\/terrasdebasto.pt\/#\/schema\/person\/9f6739f5394ac65c802641773b278b84\",\"name\":\"Jo\u00e3o Paulo Mesquita\",\"image\":{\"@type\":\"ImageObject\",\"inLanguage\":\"pt-PT\",\"@id\":\"https:\/\/terrasdebasto.pt\/#\/schema\/person\/image\/\",\"url\":\"https:\/\/secure.gravatar.com\/avatar\/9bd0f299e6d96336664aab64354168246a3ee3287c47891c50d450e47ed9d7f9?s=96&d=mm&r=g\",\"contentUrl\":\"https:\/\/secure.gravatar.com\/avatar\/9bd0f299e6d96336664aab64354168246a3ee3287c47891c50d450e47ed9d7f9?s=96&d=mm&r=g\",\"caption\":\"Jo\u00e3o Paulo Mesquita\"},\"url\":\"https:\/\/terrasdebasto.pt\/?author=7\"}]}<\/script>\n<!-- \/ Yoast SEO plugin. -->","yoast_head_json":{"title":"Cabeceiras: pr\u00e9dio das Cerdeirinhas avan\u00e7a em breve - Jornal Terras de Basto","description":"O Munic\u00edpio de Cabeceiras de Basto dever\u00e1 iniciar em breve a constru\u00e7\u00e3o de um bloco habitacional multifamiliar no s\u00edtio das Cerdeirinhas, em Refojos, assim dando cumprimento ao projeto definido e aprovado no anterior mandato.","robots":{"index":"index","follow":"follow","max-snippet":"max-snippet:-1","max-image-preview":"max-image-preview:large","max-video-preview":"max-video-preview:-1"},"canonical":"https:\/\/terrasdebasto.pt\/?p=4933","og_locale":"pt_PT","og_type":"article","og_title":"Cabeceiras: pr\u00e9dio das Cerdeirinhas avan\u00e7a em breve - Jornal Terras de Basto","og_description":"O Munic\u00edpio de Cabeceiras de Basto dever\u00e1 iniciar em breve a constru\u00e7\u00e3o de um bloco habitacional multifamiliar no s\u00edtio das Cerdeirinhas, em Refojos, assim dando cumprimento ao projeto definido e aprovado no anterior mandato.","og_url":"https:\/\/terrasdebasto.pt\/?p=4933","og_site_name":"Jornal Terras de Basto","article_published_time":"2025-11-14T18:26:03+00:00","article_modified_time":"2025-11-14T18:26:04+00:00","og_image":[{"width":846,"height":473,"url":"https:\/\/terrasdebasto.pt\/wp-content\/uploads\/2025\/11\/reuniao-camara.jpg","type":"image\/jpeg"}],"author":"Jo\u00e3o Paulo Mesquita","twitter_card":"summary_large_image","twitter_misc":{"Escrito por":"Jo\u00e3o Paulo Mesquita","Tempo estimado de leitura":"3 minutos"},"schema":{"@context":"https:\/\/schema.org","@graph":[{"@type":"Article","@id":"https:\/\/terrasdebasto.pt\/?p=4933#article","isPartOf":{"@id":"https:\/\/terrasdebasto.pt\/?p=4933"},"author":{"name":"Jo\u00e3o Paulo Mesquita","@id":"https:\/\/terrasdebasto.pt\/#\/schema\/person\/9f6739f5394ac65c802641773b278b84"},"headline":"Cabeceiras: pr\u00e9dio das Cerdeirinhas avan\u00e7a em breve","datePublished":"2025-11-14T18:26:03+00:00","dateModified":"2025-11-14T18:26:04+00:00","mainEntityOfPage":{"@id":"https:\/\/terrasdebasto.pt\/?p=4933"},"wordCount":452,"commentCount":0,"publisher":{"@id":"https:\/\/terrasdebasto.pt\/#organization"},"image":{"@id":"https:\/\/terrasdebasto.pt\/?p=4933#primaryimage"},"thumbnailUrl":"https:\/\/terrasdebasto.pt\/wp-content\/uploads\/2025\/11\/reuniao-camara.jpg","keywords":["Habita\u00e7\u00e3o","Habita\u00e7\u00e3o Social","Pr\u00e9dio das Cerdeirinhas"],"articleSection":["Cabeceiras de Basto","Terras de Basto"],"inLanguage":"pt-PT","potentialAction":[{"@type":"CommentAction","name":"Comment","target":["https:\/\/terrasdebasto.pt\/?p=4933#respond"]}]},{"@type":"WebPage","@id":"https:\/\/terrasdebasto.pt\/?p=4933","url":"https:\/\/terrasdebasto.pt\/?p=4933","name":"Cabeceiras: pr\u00e9dio das Cerdeirinhas avan\u00e7a em breve - Jornal Terras de Basto","isPartOf":{"@id":"https:\/\/terrasdebasto.pt\/#website"},"primaryImageOfPage":{"@id":"https:\/\/terrasdebasto.pt\/?p=4933#primaryimage"},"image":{"@id":"https:\/\/terrasdebasto.pt\/?p=4933#primaryimage"},"thumbnailUrl":"https:\/\/terrasdebasto.pt\/wp-content\/uploads\/2025\/11\/reuniao-camara.jpg","datePublished":"2025-11-14T18:26:03+00:00","dateModified":"2025-11-14T18:26:04+00:00","description":"O Munic\u00edpio de Cabeceiras de Basto dever\u00e1 iniciar em breve a constru\u00e7\u00e3o de um bloco habitacional multifamiliar no s\u00edtio das Cerdeirinhas, em Refojos, assim dando cumprimento ao projeto definido e aprovado no anterior mandato.","breadcrumb":{"@id":"https:\/\/terrasdebasto.pt\/?p=4933#breadcrumb"},"inLanguage":"pt-PT","potentialAction":[{"@type":"ReadAction","target":["https:\/\/terrasdebasto.pt\/?p=4933"]}]},{"@type":"ImageObject","inLanguage":"pt-PT","@id":"https:\/\/terrasdebasto.pt\/?p=4933#primaryimage","url":"https:\/\/terrasdebasto.pt\/wp-content\/uploads\/2025\/11\/reuniao-camara.jpg","contentUrl":"https:\/\/terrasdebasto.pt\/wp-content\/uploads\/2025\/11\/reuniao-camara.jpg","width":846,"height":473},{"@type":"BreadcrumbList","@id":"https:\/\/terrasdebasto.pt\/?p=4933#breadcrumb","itemListElement":[{"@type":"ListItem","position":1,"name":"In\u00edcio","item":"https:\/\/terrasdebasto.pt\/"},{"@type":"ListItem","position":2,"name":"Cabeceiras: pr\u00e9dio das Cerdeirinhas avan\u00e7a em breve"}]},{"@type":"WebSite","@id":"https:\/\/terrasdebasto.pt\/#website","url":"https:\/\/terrasdebasto.pt\/","name":"Jornal Terras de Basto","description":"","publisher":{"@id":"https:\/\/terrasdebasto.pt\/#organization"},"potentialAction":[{"@type":"SearchAction","target":{"@type":"EntryPoint","urlTemplate":"https:\/\/terrasdebasto.pt\/?s={search_term_string}"},"query-input":{"@type":"PropertyValueSpecification","valueRequired":true,"valueName":"search_term_string"}}],"inLanguage":"pt-PT"},{"@type":"Organization","@id":"https:\/\/terrasdebasto.pt\/#organization","name":"Jornal Terras de Basto","url":"https:\/\/terrasdebasto.pt\/","logo":{"@type":"ImageObject","inLanguage":"pt-PT","@id":"https:\/\/terrasdebasto.pt\/#\/schema\/logo\/image\/","url":"https:\/\/terrasdebasto.pt\/wp-content\/uploads\/2024\/06\/LogoNormal.png","contentUrl":"https:\/\/terrasdebasto.pt\/wp-content\/uploads\/2024\/06\/LogoNormal.png","width":5638,"height":809,"caption":"Jornal Terras de Basto"},"image":{"@id":"https:\/\/terrasdebasto.pt\/#\/schema\/logo\/image\/"}},{"@type":"Person","@id":"https:\/\/terrasdebasto.pt\/#\/schema\/person\/9f6739f5394ac65c802641773b278b84","name":"Jo\u00e3o Paulo Mesquita","image":{"@type":"ImageObject","inLanguage":"pt-PT","@id":"https:\/\/terrasdebasto.pt\/#\/schema\/person\/image\/","url":"https:\/\/secure.gravatar.com\/avatar\/9bd0f299e6d96336664aab64354168246a3ee3287c47891c50d450e47ed9d7f9?s=96&d=mm&r=g","contentUrl":"https:\/\/secure.gravatar.com\/avatar\/9bd0f299e6d96336664aab64354168246a3ee3287c47891c50d450e47ed9d7f9?s=96&d=mm&r=g","caption":"Jo\u00e3o Paulo Mesquita"},"url":"https:\/\/terrasdebasto.pt\/?author=7"}]}},"_links":{"self":[{"href":"https:\/\/terrasdebasto.pt\/index.php?rest_route=\/wp\/v2\/posts\/4933","targetHints":{"allow":["GET"]}}],"collection":[{"href":"https:\/\/terrasdebasto.pt\/index.php?rest_route=\/wp\/v2\/posts"}],"about":[{"href":"https:\/\/terrasdebasto.pt\/index.php?rest_route=\/wp\/v2\/types\/post"}],"author":[{"embeddable":true,"href":"https:\/\/terrasdebasto.pt\/index.php?rest_route=\/wp\/v2\/users\/7"}],"replies":[{"embeddable":true,"href":"https:\/\/terrasdebasto.pt\/index.php?rest_route=%2Fwp%2Fv2%2Fcomments&post=4933"}],"version-history":[{"count":1,"href":"https:\/\/terrasdebasto.pt\/index.php?rest_route=\/wp\/v2\/posts\/4933\/revisions"}],"predecessor-version":[{"id":4935,"href":"https:\/\/terrasdebasto.pt\/index.php?rest_route=\/wp\/v2\/posts\/4933\/revisions\/4935"}],"wp:featuredmedia":[{"embeddable":true,"href":"https:\/\/terrasdebasto.pt\/index.php?rest_route=\/wp\/v2\/media\/4934"}],"wp:attachment":[{"href":"https:\/\/terrasdebasto.pt\/index.php?rest_route=%2Fwp%2Fv2%2Fmedia&parent=4933"}],"wp:term":[{"taxonomy":"category","embeddable":true,"href":"https:\/\/terrasdebasto.pt\/index.php?rest_route=%2Fwp%2Fv2%2Fcategories&post=4933"},{"taxonomy":"post_tag","embeddable":true,"href":"https:\/\/terrasdebasto.pt\/index.php?rest_route=%2Fwp%2Fv2%2Ftags&post=4933"}],"curies":[{"name":"wp","href":"https:\/\/api.w.org\/{rel}","templated":true}]}}