{"id":4929,"date":"2025-11-14T17:26:19","date_gmt":"2025-11-14T17:26:19","guid":{"rendered":"https:\/\/terrasdebasto.pt\/?p=4929"},"modified":"2025-11-14T17:26:19","modified_gmt":"2025-11-14T17:26:19","slug":"bispos-comecam-domingo-visitas-a-celorico","status":"publish","type":"post","link":"https:\/\/terrasdebasto.pt\/?p=4929","title":{"rendered":"Bispos come\u00e7am domingo visitas a Celorico"},"content":{"rendered":"\n<p><\/p>\n\n\n\n<p><strong>Os bispos da Arquidiocese de Braga v\u00e3o dedicar um m\u00eas ao Arciprestado de Celorico de Basto, realizando, entre 16 de novembro e 14 de dezembro, uma visita pastoral \u00e0s suas par\u00f3quias, comunidades e institui\u00e7\u00f5es.<\/strong><\/p>\n\n\n\n<p>A visita inicia-se este domingo (16, 15h00), com uma celebra\u00e7\u00e3o na igreja paroquial do Corgo, onde v\u00e3o ser evocadas as figuras do vener\u00e1vel Bernardo de Vasconcelos, ali sepultado, e do vener\u00e1vel Padre Albino, tamb\u00e9m natural do arciprestado.<\/p>\n\n\n\n<p>Ao longo das semanas seguintes, o arcebispo Jos\u00e9 Cordeiro e os bispos auxiliares N\u00e9lio Pita e Delfim Gomes visitam as diversas comunidades, institui\u00e7\u00f5es e agentes pastorais, promovendo encontros, momentos de ora\u00e7\u00e3o e a\u00e7\u00f5es de forma\u00e7\u00e3o que procuram \u00abfortalecer a vida crist\u00e3 e a presen\u00e7a da Igreja no territ\u00f3rio\u00bb.<\/p>\n\n\n\n<p>No \u00e2mbito desta visita pastoral est\u00e3o previstas tr\u00eas forma\u00e7\u00f5es tem\u00e1ticas abertas \u00e0 participa\u00e7\u00e3o das comunidades. A primeira, dedicada \u00e0 liturgia, ter\u00e1 lugar a 21 de novembro, \u00e0s 21h00, na sede do arciprestado. A segunda, orientada para a catequese, realiza-se a 28 de novembro, \u00e0s 21h00, no audit\u00f3rio do Centro Cultural, espa\u00e7o que tamb\u00e9m acolhe a terceira forma\u00e7\u00e3o, subordinada \u00e0 caridade e \u00e0 a\u00e7\u00e3o social, a de dezembro, tamb\u00e9m \u00e0s 21h00.<\/p>\n\n\n\n<p>Paralelamente, os bispos distribuir-se-\u00e3o pelas par\u00f3quias acompanhadas pelos sacerdotes do arciprestado. Entre 19 e 23 e 27 e 30 de novembro, Jos\u00e9 Cordeiro visita as comunidades confiadas ao padre S\u00e9rgio Ara\u00fajo (Arnoia, Borba da Montanha, Basto Santa Tecla e Carvalho); N\u00e9lio Pita visita as par\u00f3quias sob cuidado do padre Francisco Medeiros (Codessoso, Moreira do Castelo, Ferven\u00e7a e Agilde); e Delfim Gomes encontra as comunidades acompanhadas pelo padre Ant\u00f3nio Gon\u00e7alves (Molares, Gagos, Ourilhe, Ca\u00e7arilhe, Vale de Bouro e Basto S\u00e3o Clemente).<\/p>\n\n\n\n<p>J\u00e1 entre 3 e 7 de dezembro, o arcebispo visita a comunidade de Ribas, conduzida pastoralmente pelo padre Albano Costa, enquanto Delfim Gomes se desloca \u00e0s par\u00f3quias confiadas ao padre Parc\u00eddio Rodrigues (Canedo de Basto, Corgo e Veade) e N\u00e9lio Pita \u00e0s comunidades servidas pelo padre Jos\u00e9 Carlos Macedo (Britelo, G\u00e9meos e Infesta).<\/p>\n\n\n\n<p>A visita pastoral encerra a 14 de dezembro, \u00e0s 15h00, com uma cerim\u00f3nia no Mosteiro de Arnoia, durante a qual acontece a tomada de posse e entrega das provis\u00f5es aos membros dos conselhos pastorais paroquiais e interparoquiais.<\/p>\n","protected":false},"excerpt":{"rendered":"<p>Os bispos da Arquidiocese de Braga v\u00e3o dedicar um m\u00eas ao Arciprestado de Celorico de Basto, realizando, entre 16 de novembro e 14 de dezembro, uma visita pastoral \u00e0s suas par\u00f3quias, comunidades e institui\u00e7\u00f5es. A visita inicia-se este domingo (16, 15h00), com uma celebra\u00e7\u00e3o na igreja paroquial do Corgo, onde v\u00e3o ser evocadas as figuras [&hellip;]<\/p>\n","protected":false},"author":7,"featured_media":4930,"comment_status":"open","ping_status":"open","sticky":false,"template":"","format":"standard","meta":{"footnotes":""},"categories":[13,7,1,9],"tags":[177,963,1167,136,1168],"class_list":{"0":"post-4929","1":"post","2":"type-post","3":"status-publish","4":"format-standard","5":"has-post-thumbnail","7":"category-celorico-de-basto","8":"category-cultura","9":"category-sem-categoria","10":"category-terras-de-basto","11":"tag-arciprestado-de-celorico-de-basto","12":"tag-arquidiocese-de-braga","13":"tag-bispos","14":"tag-igreja-catolica","15":"tag-visitas-pastorais"},"yoast_head":"<!-- This site is optimized with the Yoast SEO plugin v25.7 - https:\/\/yoast.com\/wordpress\/plugins\/seo\/ -->\n<title>Bispos come\u00e7am domingo visitas a Celorico - Jornal Terras de Basto<\/title>\n<meta name=\"description\" content=\"Os bispos da Arquidiocese de Braga v\u00e3o dedicar um m\u00eas ao Arciprestado de Celorico de Basto, realizando, entre 16 de novembro e 14 de dezembro, uma visita pastoral \u00e0s suas par\u00f3quias, comunidades e institui\u00e7\u00f5es.\" \/>\n<meta name=\"robots\" content=\"index, follow, max-snippet:-1, max-image-preview:large, max-video-preview:-1\" \/>\n<link rel=\"canonical\" href=\"https:\/\/terrasdebasto.pt\/?p=4929\" \/>\n<meta property=\"og:locale\" content=\"pt_PT\" \/>\n<meta property=\"og:type\" content=\"article\" \/>\n<meta property=\"og:title\" content=\"Bispos come\u00e7am domingo visitas a Celorico - Jornal Terras de Basto\" \/>\n<meta property=\"og:description\" content=\"Os bispos da Arquidiocese de Braga v\u00e3o dedicar um m\u00eas ao Arciprestado de Celorico de Basto, realizando, entre 16 de novembro e 14 de dezembro, uma visita pastoral \u00e0s suas par\u00f3quias, comunidades e institui\u00e7\u00f5es.\" \/>\n<meta property=\"og:url\" content=\"https:\/\/terrasdebasto.pt\/?p=4929\" \/>\n<meta property=\"og:site_name\" content=\"Jornal Terras de Basto\" \/>\n<meta property=\"article:published_time\" content=\"2025-11-14T17:26:19+00:00\" \/>\n<meta property=\"og:image\" content=\"https:\/\/terrasdebasto.pt\/wp-content\/uploads\/2025\/11\/igreja-ribas.jpg\" \/>\n\t<meta property=\"og:image:width\" content=\"854\" \/>\n\t<meta property=\"og:image:height\" content=\"485\" \/>\n\t<meta property=\"og:image:type\" content=\"image\/jpeg\" \/>\n<meta name=\"author\" content=\"Jo\u00e3o Paulo Mesquita\" \/>\n<meta name=\"twitter:card\" content=\"summary_large_image\" \/>\n<meta name=\"twitter:label1\" content=\"Escrito por\" \/>\n\t<meta name=\"twitter:data1\" content=\"Jo\u00e3o Paulo Mesquita\" \/>\n\t<meta name=\"twitter:label2\" content=\"Tempo estimado de leitura\" \/>\n\t<meta name=\"twitter:data2\" content=\"3 minutos\" \/>\n<script type=\"application\/ld+json\" class=\"yoast-schema-graph\">{\"@context\":\"https:\/\/schema.org\",\"@graph\":[{\"@type\":\"Article\",\"@id\":\"https:\/\/terrasdebasto.pt\/?p=4929#article\",\"isPartOf\":{\"@id\":\"https:\/\/terrasdebasto.pt\/?p=4929\"},\"author\":{\"name\":\"Jo\u00e3o Paulo Mesquita\",\"@id\":\"https:\/\/terrasdebasto.pt\/#\/schema\/person\/9f6739f5394ac65c802641773b278b84\"},\"headline\":\"Bispos come\u00e7am domingo visitas a Celorico\",\"datePublished\":\"2025-11-14T17:26:19+00:00\",\"mainEntityOfPage\":{\"@id\":\"https:\/\/terrasdebasto.pt\/?p=4929\"},\"wordCount\":394,\"commentCount\":0,\"publisher\":{\"@id\":\"https:\/\/terrasdebasto.pt\/#organization\"},\"image\":{\"@id\":\"https:\/\/terrasdebasto.pt\/?p=4929#primaryimage\"},\"thumbnailUrl\":\"https:\/\/terrasdebasto.pt\/wp-content\/uploads\/2025\/11\/igreja-ribas.jpg\",\"keywords\":[\"Arciprestado de Celorico de Basto\",\"Arquidiocese de Braga\",\"Bispos\",\"Igreja Cat\u00f3lica\",\"Visitas Pastorais\"],\"articleSection\":{\"0\":\"Celorico de Basto\",\"1\":\"Cultura\",\"3\":\"Terras de Basto\"},\"inLanguage\":\"pt-PT\",\"potentialAction\":[{\"@type\":\"CommentAction\",\"name\":\"Comment\",\"target\":[\"https:\/\/terrasdebasto.pt\/?p=4929#respond\"]}]},{\"@type\":\"WebPage\",\"@id\":\"https:\/\/terrasdebasto.pt\/?p=4929\",\"url\":\"https:\/\/terrasdebasto.pt\/?p=4929\",\"name\":\"Bispos come\u00e7am domingo visitas a Celorico - Jornal Terras de Basto\",\"isPartOf\":{\"@id\":\"https:\/\/terrasdebasto.pt\/#website\"},\"primaryImageOfPage\":{\"@id\":\"https:\/\/terrasdebasto.pt\/?p=4929#primaryimage\"},\"image\":{\"@id\":\"https:\/\/terrasdebasto.pt\/?p=4929#primaryimage\"},\"thumbnailUrl\":\"https:\/\/terrasdebasto.pt\/wp-content\/uploads\/2025\/11\/igreja-ribas.jpg\",\"datePublished\":\"2025-11-14T17:26:19+00:00\",\"description\":\"Os bispos da Arquidiocese de Braga v\u00e3o dedicar um m\u00eas ao Arciprestado de Celorico de Basto, realizando, entre 16 de novembro e 14 de dezembro, uma visita pastoral \u00e0s suas par\u00f3quias, comunidades e institui\u00e7\u00f5es.\",\"breadcrumb\":{\"@id\":\"https:\/\/terrasdebasto.pt\/?p=4929#breadcrumb\"},\"inLanguage\":\"pt-PT\",\"potentialAction\":[{\"@type\":\"ReadAction\",\"target\":[\"https:\/\/terrasdebasto.pt\/?p=4929\"]}]},{\"@type\":\"ImageObject\",\"inLanguage\":\"pt-PT\",\"@id\":\"https:\/\/terrasdebasto.pt\/?p=4929#primaryimage\",\"url\":\"https:\/\/terrasdebasto.pt\/wp-content\/uploads\/2025\/11\/igreja-ribas.jpg\",\"contentUrl\":\"https:\/\/terrasdebasto.pt\/wp-content\/uploads\/2025\/11\/igreja-ribas.jpg\",\"width\":854,\"height\":485},{\"@type\":\"BreadcrumbList\",\"@id\":\"https:\/\/terrasdebasto.pt\/?p=4929#breadcrumb\",\"itemListElement\":[{\"@type\":\"ListItem\",\"position\":1,\"name\":\"In\u00edcio\",\"item\":\"https:\/\/terrasdebasto.pt\/\"},{\"@type\":\"ListItem\",\"position\":2,\"name\":\"Bispos come\u00e7am domingo visitas a Celorico\"}]},{\"@type\":\"WebSite\",\"@id\":\"https:\/\/terrasdebasto.pt\/#website\",\"url\":\"https:\/\/terrasdebasto.pt\/\",\"name\":\"Jornal Terras de Basto\",\"description\":\"\",\"publisher\":{\"@id\":\"https:\/\/terrasdebasto.pt\/#organization\"},\"potentialAction\":[{\"@type\":\"SearchAction\",\"target\":{\"@type\":\"EntryPoint\",\"urlTemplate\":\"https:\/\/terrasdebasto.pt\/?s={search_term_string}\"},\"query-input\":{\"@type\":\"PropertyValueSpecification\",\"valueRequired\":true,\"valueName\":\"search_term_string\"}}],\"inLanguage\":\"pt-PT\"},{\"@type\":\"Organization\",\"@id\":\"https:\/\/terrasdebasto.pt\/#organization\",\"name\":\"Jornal Terras de Basto\",\"url\":\"https:\/\/terrasdebasto.pt\/\",\"logo\":{\"@type\":\"ImageObject\",\"inLanguage\":\"pt-PT\",\"@id\":\"https:\/\/terrasdebasto.pt\/#\/schema\/logo\/image\/\",\"url\":\"https:\/\/terrasdebasto.pt\/wp-content\/uploads\/2024\/06\/LogoNormal.png\",\"contentUrl\":\"https:\/\/terrasdebasto.pt\/wp-content\/uploads\/2024\/06\/LogoNormal.png\",\"width\":5638,\"height\":809,\"caption\":\"Jornal Terras de Basto\"},\"image\":{\"@id\":\"https:\/\/terrasdebasto.pt\/#\/schema\/logo\/image\/\"}},{\"@type\":\"Person\",\"@id\":\"https:\/\/terrasdebasto.pt\/#\/schema\/person\/9f6739f5394ac65c802641773b278b84\",\"name\":\"Jo\u00e3o Paulo Mesquita\",\"image\":{\"@type\":\"ImageObject\",\"inLanguage\":\"pt-PT\",\"@id\":\"https:\/\/terrasdebasto.pt\/#\/schema\/person\/image\/\",\"url\":\"https:\/\/secure.gravatar.com\/avatar\/9bd0f299e6d96336664aab64354168246a3ee3287c47891c50d450e47ed9d7f9?s=96&d=mm&r=g\",\"contentUrl\":\"https:\/\/secure.gravatar.com\/avatar\/9bd0f299e6d96336664aab64354168246a3ee3287c47891c50d450e47ed9d7f9?s=96&d=mm&r=g\",\"caption\":\"Jo\u00e3o Paulo Mesquita\"},\"url\":\"https:\/\/terrasdebasto.pt\/?author=7\"}]}<\/script>\n<!-- \/ Yoast SEO plugin. -->","yoast_head_json":{"title":"Bispos come\u00e7am domingo visitas a Celorico - Jornal Terras de Basto","description":"Os bispos da Arquidiocese de Braga v\u00e3o dedicar um m\u00eas ao Arciprestado de Celorico de Basto, realizando, entre 16 de novembro e 14 de dezembro, uma visita pastoral \u00e0s suas par\u00f3quias, comunidades e institui\u00e7\u00f5es.","robots":{"index":"index","follow":"follow","max-snippet":"max-snippet:-1","max-image-preview":"max-image-preview:large","max-video-preview":"max-video-preview:-1"},"canonical":"https:\/\/terrasdebasto.pt\/?p=4929","og_locale":"pt_PT","og_type":"article","og_title":"Bispos come\u00e7am domingo visitas a Celorico - Jornal Terras de Basto","og_description":"Os bispos da Arquidiocese de Braga v\u00e3o dedicar um m\u00eas ao Arciprestado de Celorico de Basto, realizando, entre 16 de novembro e 14 de dezembro, uma visita pastoral \u00e0s suas par\u00f3quias, comunidades e institui\u00e7\u00f5es.","og_url":"https:\/\/terrasdebasto.pt\/?p=4929","og_site_name":"Jornal Terras de Basto","article_published_time":"2025-11-14T17:26:19+00:00","og_image":[{"width":854,"height":485,"url":"https:\/\/terrasdebasto.pt\/wp-content\/uploads\/2025\/11\/igreja-ribas.jpg","type":"image\/jpeg"}],"author":"Jo\u00e3o Paulo Mesquita","twitter_card":"summary_large_image","twitter_misc":{"Escrito por":"Jo\u00e3o Paulo Mesquita","Tempo estimado de leitura":"3 minutos"},"schema":{"@context":"https:\/\/schema.org","@graph":[{"@type":"Article","@id":"https:\/\/terrasdebasto.pt\/?p=4929#article","isPartOf":{"@id":"https:\/\/terrasdebasto.pt\/?p=4929"},"author":{"name":"Jo\u00e3o Paulo Mesquita","@id":"https:\/\/terrasdebasto.pt\/#\/schema\/person\/9f6739f5394ac65c802641773b278b84"},"headline":"Bispos come\u00e7am domingo visitas a Celorico","datePublished":"2025-11-14T17:26:19+00:00","mainEntityOfPage":{"@id":"https:\/\/terrasdebasto.pt\/?p=4929"},"wordCount":394,"commentCount":0,"publisher":{"@id":"https:\/\/terrasdebasto.pt\/#organization"},"image":{"@id":"https:\/\/terrasdebasto.pt\/?p=4929#primaryimage"},"thumbnailUrl":"https:\/\/terrasdebasto.pt\/wp-content\/uploads\/2025\/11\/igreja-ribas.jpg","keywords":["Arciprestado de Celorico de Basto","Arquidiocese de Braga","Bispos","Igreja Cat\u00f3lica","Visitas Pastorais"],"articleSection":{"0":"Celorico de Basto","1":"Cultura","3":"Terras de Basto"},"inLanguage":"pt-PT","potentialAction":[{"@type":"CommentAction","name":"Comment","target":["https:\/\/terrasdebasto.pt\/?p=4929#respond"]}]},{"@type":"WebPage","@id":"https:\/\/terrasdebasto.pt\/?p=4929","url":"https:\/\/terrasdebasto.pt\/?p=4929","name":"Bispos come\u00e7am domingo visitas a Celorico - Jornal Terras de Basto","isPartOf":{"@id":"https:\/\/terrasdebasto.pt\/#website"},"primaryImageOfPage":{"@id":"https:\/\/terrasdebasto.pt\/?p=4929#primaryimage"},"image":{"@id":"https:\/\/terrasdebasto.pt\/?p=4929#primaryimage"},"thumbnailUrl":"https:\/\/terrasdebasto.pt\/wp-content\/uploads\/2025\/11\/igreja-ribas.jpg","datePublished":"2025-11-14T17:26:19+00:00","description":"Os bispos da Arquidiocese de Braga v\u00e3o dedicar um m\u00eas ao Arciprestado de Celorico de Basto, realizando, entre 16 de novembro e 14 de dezembro, uma visita pastoral \u00e0s suas par\u00f3quias, comunidades e institui\u00e7\u00f5es.","breadcrumb":{"@id":"https:\/\/terrasdebasto.pt\/?p=4929#breadcrumb"},"inLanguage":"pt-PT","potentialAction":[{"@type":"ReadAction","target":["https:\/\/terrasdebasto.pt\/?p=4929"]}]},{"@type":"ImageObject","inLanguage":"pt-PT","@id":"https:\/\/terrasdebasto.pt\/?p=4929#primaryimage","url":"https:\/\/terrasdebasto.pt\/wp-content\/uploads\/2025\/11\/igreja-ribas.jpg","contentUrl":"https:\/\/terrasdebasto.pt\/wp-content\/uploads\/2025\/11\/igreja-ribas.jpg","width":854,"height":485},{"@type":"BreadcrumbList","@id":"https:\/\/terrasdebasto.pt\/?p=4929#breadcrumb","itemListElement":[{"@type":"ListItem","position":1,"name":"In\u00edcio","item":"https:\/\/terrasdebasto.pt\/"},{"@type":"ListItem","position":2,"name":"Bispos come\u00e7am domingo visitas a Celorico"}]},{"@type":"WebSite","@id":"https:\/\/terrasdebasto.pt\/#website","url":"https:\/\/terrasdebasto.pt\/","name":"Jornal Terras de Basto","description":"","publisher":{"@id":"https:\/\/terrasdebasto.pt\/#organization"},"potentialAction":[{"@type":"SearchAction","target":{"@type":"EntryPoint","urlTemplate":"https:\/\/terrasdebasto.pt\/?s={search_term_string}"},"query-input":{"@type":"PropertyValueSpecification","valueRequired":true,"valueName":"search_term_string"}}],"inLanguage":"pt-PT"},{"@type":"Organization","@id":"https:\/\/terrasdebasto.pt\/#organization","name":"Jornal Terras de Basto","url":"https:\/\/terrasdebasto.pt\/","logo":{"@type":"ImageObject","inLanguage":"pt-PT","@id":"https:\/\/terrasdebasto.pt\/#\/schema\/logo\/image\/","url":"https:\/\/terrasdebasto.pt\/wp-content\/uploads\/2024\/06\/LogoNormal.png","contentUrl":"https:\/\/terrasdebasto.pt\/wp-content\/uploads\/2024\/06\/LogoNormal.png","width":5638,"height":809,"caption":"Jornal Terras de Basto"},"image":{"@id":"https:\/\/terrasdebasto.pt\/#\/schema\/logo\/image\/"}},{"@type":"Person","@id":"https:\/\/terrasdebasto.pt\/#\/schema\/person\/9f6739f5394ac65c802641773b278b84","name":"Jo\u00e3o Paulo Mesquita","image":{"@type":"ImageObject","inLanguage":"pt-PT","@id":"https:\/\/terrasdebasto.pt\/#\/schema\/person\/image\/","url":"https:\/\/secure.gravatar.com\/avatar\/9bd0f299e6d96336664aab64354168246a3ee3287c47891c50d450e47ed9d7f9?s=96&d=mm&r=g","contentUrl":"https:\/\/secure.gravatar.com\/avatar\/9bd0f299e6d96336664aab64354168246a3ee3287c47891c50d450e47ed9d7f9?s=96&d=mm&r=g","caption":"Jo\u00e3o Paulo Mesquita"},"url":"https:\/\/terrasdebasto.pt\/?author=7"}]}},"_links":{"self":[{"href":"https:\/\/terrasdebasto.pt\/index.php?rest_route=\/wp\/v2\/posts\/4929","targetHints":{"allow":["GET"]}}],"collection":[{"href":"https:\/\/terrasdebasto.pt\/index.php?rest_route=\/wp\/v2\/posts"}],"about":[{"href":"https:\/\/terrasdebasto.pt\/index.php?rest_route=\/wp\/v2\/types\/post"}],"author":[{"embeddable":true,"href":"https:\/\/terrasdebasto.pt\/index.php?rest_route=\/wp\/v2\/users\/7"}],"replies":[{"embeddable":true,"href":"https:\/\/terrasdebasto.pt\/index.php?rest_route=%2Fwp%2Fv2%2Fcomments&post=4929"}],"version-history":[{"count":1,"href":"https:\/\/terrasdebasto.pt\/index.php?rest_route=\/wp\/v2\/posts\/4929\/revisions"}],"predecessor-version":[{"id":4931,"href":"https:\/\/terrasdebasto.pt\/index.php?rest_route=\/wp\/v2\/posts\/4929\/revisions\/4931"}],"wp:featuredmedia":[{"embeddable":true,"href":"https:\/\/terrasdebasto.pt\/index.php?rest_route=\/wp\/v2\/media\/4930"}],"wp:attachment":[{"href":"https:\/\/terrasdebasto.pt\/index.php?rest_route=%2Fwp%2Fv2%2Fmedia&parent=4929"}],"wp:term":[{"taxonomy":"category","embeddable":true,"href":"https:\/\/terrasdebasto.pt\/index.php?rest_route=%2Fwp%2Fv2%2Fcategories&post=4929"},{"taxonomy":"post_tag","embeddable":true,"href":"https:\/\/terrasdebasto.pt\/index.php?rest_route=%2Fwp%2Fv2%2Ftags&post=4929"}],"curies":[{"name":"wp","href":"https:\/\/api.w.org\/{rel}","templated":true}]}}