{"id":4877,"date":"2025-11-10T17:09:57","date_gmt":"2025-11-10T17:09:57","guid":{"rendered":"https:\/\/terrasdebasto.pt\/?p=4877"},"modified":"2025-11-10T17:09:58","modified_gmt":"2025-11-10T17:09:58","slug":"dissertacao-destaca-figura-do-veneravel-celoricense-padre-albino","status":"publish","type":"post","link":"https:\/\/terrasdebasto.pt\/?p=4877","title":{"rendered":"Disserta\u00e7\u00e3o destaca figura do vener\u00e1vel celoricense Padre Albino"},"content":{"rendered":"\n<p><\/p>\n\n\n\n<p><strong>\u201cPadre Albino Alves da Cunha e Silva e a Doutrina Social da Igreja no Pontificado do Papa Francisco\u201d \u00e9 o t\u00edtulo da disserta\u00e7\u00e3o agora apresentada por Frei Jac\u00f3, religioso membro da Fraternidade dos Franciscanos na Provid\u00eancia de Deus, na Faculdade de Teologia da Universidade Cat\u00f3lica Portuguesa.<\/strong><\/p>\n\n\n\n<p>A disserta\u00e7\u00e3o centra-se na figura do vener\u00e1vel Albino Alves da Cunha e Silva (1882\u20131973), sacerdote portugu\u00eas natural de Code\u00e7oso, em Celorico de Basto, reconhecido pela Igreja Cat\u00f3lica pelas suas \u00abvirtudes her\u00f3icas\u00bb e em processo de beatifica\u00e7\u00e3o.<\/p>\n\n\n\n<p>A investiga\u00e7\u00e3o prop\u00f5e uma leitura teol\u00f3gica e pastoral da sua vida e obra \u00e0 luz da Doutrina Social da Igreja e da renova\u00e7\u00e3o promovida pelo Papa Francisco, evidenciando a atualidade de seu testemunho crist\u00e3o.<\/p>\n\n\n\n<p>O trabalho foi orientado pelo Professor Lu\u00eds Miguel Figueiredo, arguido pelo Professor Jorge Cunha e apresentado diante de um j\u00fari presidido pelo Professor V\u00edtor Novais.<\/p>\n\n\n\n<p>Segundo o autor, o objetivo do trabalho foi \u00abevidenciar de que modo a f\u00e9 crist\u00e3, quando vivida como pr\u00e1xis transformadora, se manifesta em atitudes concretas de justi\u00e7a, miseric\u00f3rdia e solidariedade\u00bb.<\/p>\n\n\n\n<p>A pesquisa divide-se em tr\u00eas partes complementares, apresentando a primeira os fundamentos teol\u00f3gicos e magisteriais da Doutrina Social da IGreja \u2014 desde a \u201cRerum Novarum\u201d, de Le\u00e3o XIII, at\u00e9 documentos recentes como \u201cEvangelii Gaudium\u201d, \u201cLaudato Si\u2019\u201d, \u201cFratelli Tutti\u201d e \u201cDilexi Te\u201d. A segunda parte tra\u00e7a o percurso humano e espiritual do Padre Albino, cuja f\u00e9 minhota e forma\u00e7\u00e3o moral o prepararam para enfrentar os desafios da Igreja em tempos de seculariza\u00e7\u00e3o e persegui\u00e7\u00e3o religiosa em Portugal.<\/p>\n\n\n\n<p>J\u00e1 a terceira parte, de car\u00e1ter pastoral, aproxima o legado do vener\u00e1vel Albino do magist\u00e9rio do Papa Francisco, apresentando-o como \u00abperegrino de esperan\u00e7a\u00bb e exemplo de Igreja em sa\u00edda, comprometida com os pobres e com a dignidade humana.<\/p>\n\n\n\n<p>Em Catanduva, no interior de S\u00e3o Paulo, onde viveu mais de meio s\u00e9culo, o Padre Albino fundou igrejas, escolas, hospitais e institui\u00e7\u00f5es de assist\u00eancia social \u2014 express\u00e3o concreta de uma f\u00e9 que se traduz em caridade ativa.<\/p>\n\n\n\n<p>Frei Jac\u00f3 sublinha que Padre Albino antecipou profeticamente o pontificado de Francisco, unindo f\u00e9, servi\u00e7o e compromisso social. \u00abO exemplo do Padre Albino permanece como sinal prof\u00e9tico de uma f\u00e9, que, iluminada pela Doutrina Social da Igreja e animada pela miseric\u00f3rdia, continua a transformar pessoas e realidades\u00bb, afirmou durante a defesa.<\/p>\n\n\n\n<p>Reconhecido em 2021 pelo Dicast\u00e9rio das Causas dos Santos como vener\u00e1vel, o sacerdote celoricense \u00e9 hoje uma das figuras portuguesas mais inspiradoras do s\u00e9culo XX. O estudo tamb\u00e9m destaca como a sua espiritualidade deu origem \u00e0 Fraternidade dos Franciscanos na Provid\u00eancia de Deus, que continua a difundir o seu carisma e obra.<\/p>\n","protected":false},"excerpt":{"rendered":"<p>\u201cPadre Albino Alves da Cunha e Silva e a Doutrina Social da Igreja no Pontificado do Papa Francisco\u201d \u00e9 o t\u00edtulo da disserta\u00e7\u00e3o agora apresentada por Frei Jac\u00f3, religioso membro da Fraternidade dos Franciscanos na Provid\u00eancia de Deus, na Faculdade de Teologia da Universidade Cat\u00f3lica Portuguesa. A disserta\u00e7\u00e3o centra-se na figura do vener\u00e1vel Albino Alves [&hellip;]<\/p>\n","protected":false},"author":7,"featured_media":4878,"comment_status":"open","ping_status":"open","sticky":false,"template":"","format":"standard","meta":{"footnotes":""},"categories":[13,7,9],"tags":[1152,40,136,1150,1153,1151],"class_list":{"0":"post-4877","1":"post","2":"type-post","3":"status-publish","4":"format-standard","5":"has-post-thumbnail","7":"category-celorico-de-basto","8":"category-cultura","9":"category-terras-de-basto","10":"tag-catanduva","11":"tag-celorico-de-basto","12":"tag-igreja-catolica","13":"tag-padre-albino","14":"tag-religiao","15":"tag-veneravel"},"yoast_head":"<!-- This site is optimized with the Yoast SEO plugin v25.7 - https:\/\/yoast.com\/wordpress\/plugins\/seo\/ -->\n<title>Disserta\u00e7\u00e3o destaca figura do vener\u00e1vel celoricense Padre Albino - Jornal Terras de Basto<\/title>\n<meta name=\"description\" content=\"\u201cPadre Albino Alves da Cunha e Silva e a Doutrina Social da Igreja no Pontificado do Papa Francisco\u201d \u00e9 o t\u00edtulo da disserta\u00e7\u00e3o agora apresentada por Frei Jac\u00f3, religioso membro da Fraternidade dos Franciscanos na Provid\u00eancia de Deus, na Faculdade de Teologia da Universidade Cat\u00f3lica Portuguesa.\" \/>\n<meta name=\"robots\" content=\"index, follow, max-snippet:-1, max-image-preview:large, max-video-preview:-1\" \/>\n<link rel=\"canonical\" href=\"https:\/\/terrasdebasto.pt\/?p=4877\" \/>\n<meta property=\"og:locale\" content=\"pt_PT\" \/>\n<meta property=\"og:type\" content=\"article\" \/>\n<meta property=\"og:title\" content=\"Disserta\u00e7\u00e3o destaca figura do vener\u00e1vel celoricense Padre Albino - Jornal Terras de Basto\" \/>\n<meta property=\"og:description\" content=\"\u201cPadre Albino Alves da Cunha e Silva e a Doutrina Social da Igreja no Pontificado do Papa Francisco\u201d \u00e9 o t\u00edtulo da disserta\u00e7\u00e3o agora apresentada por Frei Jac\u00f3, religioso membro da Fraternidade dos Franciscanos na Provid\u00eancia de Deus, na Faculdade de Teologia da Universidade Cat\u00f3lica Portuguesa.\" \/>\n<meta property=\"og:url\" content=\"https:\/\/terrasdebasto.pt\/?p=4877\" \/>\n<meta property=\"og:site_name\" content=\"Jornal Terras de Basto\" \/>\n<meta property=\"article:published_time\" content=\"2025-11-10T17:09:57+00:00\" \/>\n<meta property=\"article:modified_time\" content=\"2025-11-10T17:09:58+00:00\" \/>\n<meta property=\"og:image\" content=\"https:\/\/terrasdebasto.pt\/wp-content\/uploads\/2025\/11\/PADRE-ALBINO.jpg\" \/>\n\t<meta property=\"og:image:width\" content=\"579\" \/>\n\t<meta property=\"og:image:height\" content=\"509\" \/>\n\t<meta property=\"og:image:type\" content=\"image\/jpeg\" \/>\n<meta name=\"author\" content=\"Jo\u00e3o Paulo Mesquita\" \/>\n<meta name=\"twitter:card\" content=\"summary_large_image\" \/>\n<meta name=\"twitter:label1\" content=\"Escrito por\" \/>\n\t<meta name=\"twitter:data1\" content=\"Jo\u00e3o Paulo Mesquita\" \/>\n\t<meta name=\"twitter:label2\" content=\"Tempo estimado de leitura\" \/>\n\t<meta name=\"twitter:data2\" content=\"3 minutos\" \/>\n<script type=\"application\/ld+json\" class=\"yoast-schema-graph\">{\"@context\":\"https:\/\/schema.org\",\"@graph\":[{\"@type\":\"Article\",\"@id\":\"https:\/\/terrasdebasto.pt\/?p=4877#article\",\"isPartOf\":{\"@id\":\"https:\/\/terrasdebasto.pt\/?p=4877\"},\"author\":{\"name\":\"Jo\u00e3o Paulo Mesquita\",\"@id\":\"https:\/\/terrasdebasto.pt\/#\/schema\/person\/9f6739f5394ac65c802641773b278b84\"},\"headline\":\"Disserta\u00e7\u00e3o destaca figura do vener\u00e1vel celoricense Padre Albino\",\"datePublished\":\"2025-11-10T17:09:57+00:00\",\"dateModified\":\"2025-11-10T17:09:58+00:00\",\"mainEntityOfPage\":{\"@id\":\"https:\/\/terrasdebasto.pt\/?p=4877\"},\"wordCount\":474,\"commentCount\":0,\"publisher\":{\"@id\":\"https:\/\/terrasdebasto.pt\/#organization\"},\"image\":{\"@id\":\"https:\/\/terrasdebasto.pt\/?p=4877#primaryimage\"},\"thumbnailUrl\":\"https:\/\/terrasdebasto.pt\/wp-content\/uploads\/2025\/11\/PADRE-ALBINO.jpg\",\"keywords\":[\"CATANDUVA\",\"Celorico de Basto\",\"Igreja Cat\u00f3lica\",\"PADRE ALBINO\",\"RELIGI\u00c3O\",\"VENER\u00c1VEL\"],\"articleSection\":[\"Celorico de Basto\",\"Cultura\",\"Terras de Basto\"],\"inLanguage\":\"pt-PT\",\"potentialAction\":[{\"@type\":\"CommentAction\",\"name\":\"Comment\",\"target\":[\"https:\/\/terrasdebasto.pt\/?p=4877#respond\"]}]},{\"@type\":\"WebPage\",\"@id\":\"https:\/\/terrasdebasto.pt\/?p=4877\",\"url\":\"https:\/\/terrasdebasto.pt\/?p=4877\",\"name\":\"Disserta\u00e7\u00e3o destaca figura do vener\u00e1vel celoricense Padre Albino - Jornal Terras de Basto\",\"isPartOf\":{\"@id\":\"https:\/\/terrasdebasto.pt\/#website\"},\"primaryImageOfPage\":{\"@id\":\"https:\/\/terrasdebasto.pt\/?p=4877#primaryimage\"},\"image\":{\"@id\":\"https:\/\/terrasdebasto.pt\/?p=4877#primaryimage\"},\"thumbnailUrl\":\"https:\/\/terrasdebasto.pt\/wp-content\/uploads\/2025\/11\/PADRE-ALBINO.jpg\",\"datePublished\":\"2025-11-10T17:09:57+00:00\",\"dateModified\":\"2025-11-10T17:09:58+00:00\",\"description\":\"\u201cPadre Albino Alves da Cunha e Silva e a Doutrina Social da Igreja no Pontificado do Papa Francisco\u201d \u00e9 o t\u00edtulo da disserta\u00e7\u00e3o agora apresentada por Frei Jac\u00f3, religioso membro da Fraternidade dos Franciscanos na Provid\u00eancia de Deus, na Faculdade de Teologia da Universidade Cat\u00f3lica Portuguesa.\",\"breadcrumb\":{\"@id\":\"https:\/\/terrasdebasto.pt\/?p=4877#breadcrumb\"},\"inLanguage\":\"pt-PT\",\"potentialAction\":[{\"@type\":\"ReadAction\",\"target\":[\"https:\/\/terrasdebasto.pt\/?p=4877\"]}]},{\"@type\":\"ImageObject\",\"inLanguage\":\"pt-PT\",\"@id\":\"https:\/\/terrasdebasto.pt\/?p=4877#primaryimage\",\"url\":\"https:\/\/terrasdebasto.pt\/wp-content\/uploads\/2025\/11\/PADRE-ALBINO.jpg\",\"contentUrl\":\"https:\/\/terrasdebasto.pt\/wp-content\/uploads\/2025\/11\/PADRE-ALBINO.jpg\",\"width\":579,\"height\":509},{\"@type\":\"BreadcrumbList\",\"@id\":\"https:\/\/terrasdebasto.pt\/?p=4877#breadcrumb\",\"itemListElement\":[{\"@type\":\"ListItem\",\"position\":1,\"name\":\"In\u00edcio\",\"item\":\"https:\/\/terrasdebasto.pt\/\"},{\"@type\":\"ListItem\",\"position\":2,\"name\":\"Disserta\u00e7\u00e3o destaca figura do vener\u00e1vel celoricense Padre Albino\"}]},{\"@type\":\"WebSite\",\"@id\":\"https:\/\/terrasdebasto.pt\/#website\",\"url\":\"https:\/\/terrasdebasto.pt\/\",\"name\":\"Jornal Terras de Basto\",\"description\":\"\",\"publisher\":{\"@id\":\"https:\/\/terrasdebasto.pt\/#organization\"},\"potentialAction\":[{\"@type\":\"SearchAction\",\"target\":{\"@type\":\"EntryPoint\",\"urlTemplate\":\"https:\/\/terrasdebasto.pt\/?s={search_term_string}\"},\"query-input\":{\"@type\":\"PropertyValueSpecification\",\"valueRequired\":true,\"valueName\":\"search_term_string\"}}],\"inLanguage\":\"pt-PT\"},{\"@type\":\"Organization\",\"@id\":\"https:\/\/terrasdebasto.pt\/#organization\",\"name\":\"Jornal Terras de Basto\",\"url\":\"https:\/\/terrasdebasto.pt\/\",\"logo\":{\"@type\":\"ImageObject\",\"inLanguage\":\"pt-PT\",\"@id\":\"https:\/\/terrasdebasto.pt\/#\/schema\/logo\/image\/\",\"url\":\"https:\/\/terrasdebasto.pt\/wp-content\/uploads\/2024\/06\/LogoNormal.png\",\"contentUrl\":\"https:\/\/terrasdebasto.pt\/wp-content\/uploads\/2024\/06\/LogoNormal.png\",\"width\":5638,\"height\":809,\"caption\":\"Jornal Terras de Basto\"},\"image\":{\"@id\":\"https:\/\/terrasdebasto.pt\/#\/schema\/logo\/image\/\"}},{\"@type\":\"Person\",\"@id\":\"https:\/\/terrasdebasto.pt\/#\/schema\/person\/9f6739f5394ac65c802641773b278b84\",\"name\":\"Jo\u00e3o Paulo Mesquita\",\"image\":{\"@type\":\"ImageObject\",\"inLanguage\":\"pt-PT\",\"@id\":\"https:\/\/terrasdebasto.pt\/#\/schema\/person\/image\/\",\"url\":\"https:\/\/secure.gravatar.com\/avatar\/9bd0f299e6d96336664aab64354168246a3ee3287c47891c50d450e47ed9d7f9?s=96&d=mm&r=g\",\"contentUrl\":\"https:\/\/secure.gravatar.com\/avatar\/9bd0f299e6d96336664aab64354168246a3ee3287c47891c50d450e47ed9d7f9?s=96&d=mm&r=g\",\"caption\":\"Jo\u00e3o Paulo Mesquita\"},\"url\":\"https:\/\/terrasdebasto.pt\/?author=7\"}]}<\/script>\n<!-- \/ Yoast SEO plugin. -->","yoast_head_json":{"title":"Disserta\u00e7\u00e3o destaca figura do vener\u00e1vel celoricense Padre Albino - Jornal Terras de Basto","description":"\u201cPadre Albino Alves da Cunha e Silva e a Doutrina Social da Igreja no Pontificado do Papa Francisco\u201d \u00e9 o t\u00edtulo da disserta\u00e7\u00e3o agora apresentada por Frei Jac\u00f3, religioso membro da Fraternidade dos Franciscanos na Provid\u00eancia de Deus, na Faculdade de Teologia da Universidade Cat\u00f3lica Portuguesa.","robots":{"index":"index","follow":"follow","max-snippet":"max-snippet:-1","max-image-preview":"max-image-preview:large","max-video-preview":"max-video-preview:-1"},"canonical":"https:\/\/terrasdebasto.pt\/?p=4877","og_locale":"pt_PT","og_type":"article","og_title":"Disserta\u00e7\u00e3o destaca figura do vener\u00e1vel celoricense Padre Albino - Jornal Terras de Basto","og_description":"\u201cPadre Albino Alves da Cunha e Silva e a Doutrina Social da Igreja no Pontificado do Papa Francisco\u201d \u00e9 o t\u00edtulo da disserta\u00e7\u00e3o agora apresentada por Frei Jac\u00f3, religioso membro da Fraternidade dos Franciscanos na Provid\u00eancia de Deus, na Faculdade de Teologia da Universidade Cat\u00f3lica Portuguesa.","og_url":"https:\/\/terrasdebasto.pt\/?p=4877","og_site_name":"Jornal Terras de Basto","article_published_time":"2025-11-10T17:09:57+00:00","article_modified_time":"2025-11-10T17:09:58+00:00","og_image":[{"width":579,"height":509,"url":"https:\/\/terrasdebasto.pt\/wp-content\/uploads\/2025\/11\/PADRE-ALBINO.jpg","type":"image\/jpeg"}],"author":"Jo\u00e3o Paulo Mesquita","twitter_card":"summary_large_image","twitter_misc":{"Escrito por":"Jo\u00e3o Paulo Mesquita","Tempo estimado de leitura":"3 minutos"},"schema":{"@context":"https:\/\/schema.org","@graph":[{"@type":"Article","@id":"https:\/\/terrasdebasto.pt\/?p=4877#article","isPartOf":{"@id":"https:\/\/terrasdebasto.pt\/?p=4877"},"author":{"name":"Jo\u00e3o Paulo Mesquita","@id":"https:\/\/terrasdebasto.pt\/#\/schema\/person\/9f6739f5394ac65c802641773b278b84"},"headline":"Disserta\u00e7\u00e3o destaca figura do vener\u00e1vel celoricense Padre Albino","datePublished":"2025-11-10T17:09:57+00:00","dateModified":"2025-11-10T17:09:58+00:00","mainEntityOfPage":{"@id":"https:\/\/terrasdebasto.pt\/?p=4877"},"wordCount":474,"commentCount":0,"publisher":{"@id":"https:\/\/terrasdebasto.pt\/#organization"},"image":{"@id":"https:\/\/terrasdebasto.pt\/?p=4877#primaryimage"},"thumbnailUrl":"https:\/\/terrasdebasto.pt\/wp-content\/uploads\/2025\/11\/PADRE-ALBINO.jpg","keywords":["CATANDUVA","Celorico de Basto","Igreja Cat\u00f3lica","PADRE ALBINO","RELIGI\u00c3O","VENER\u00c1VEL"],"articleSection":["Celorico de Basto","Cultura","Terras de Basto"],"inLanguage":"pt-PT","potentialAction":[{"@type":"CommentAction","name":"Comment","target":["https:\/\/terrasdebasto.pt\/?p=4877#respond"]}]},{"@type":"WebPage","@id":"https:\/\/terrasdebasto.pt\/?p=4877","url":"https:\/\/terrasdebasto.pt\/?p=4877","name":"Disserta\u00e7\u00e3o destaca figura do vener\u00e1vel celoricense Padre Albino - Jornal Terras de Basto","isPartOf":{"@id":"https:\/\/terrasdebasto.pt\/#website"},"primaryImageOfPage":{"@id":"https:\/\/terrasdebasto.pt\/?p=4877#primaryimage"},"image":{"@id":"https:\/\/terrasdebasto.pt\/?p=4877#primaryimage"},"thumbnailUrl":"https:\/\/terrasdebasto.pt\/wp-content\/uploads\/2025\/11\/PADRE-ALBINO.jpg","datePublished":"2025-11-10T17:09:57+00:00","dateModified":"2025-11-10T17:09:58+00:00","description":"\u201cPadre Albino Alves da Cunha e Silva e a Doutrina Social da Igreja no Pontificado do Papa Francisco\u201d \u00e9 o t\u00edtulo da disserta\u00e7\u00e3o agora apresentada por Frei Jac\u00f3, religioso membro da Fraternidade dos Franciscanos na Provid\u00eancia de Deus, na Faculdade de Teologia da Universidade Cat\u00f3lica Portuguesa.","breadcrumb":{"@id":"https:\/\/terrasdebasto.pt\/?p=4877#breadcrumb"},"inLanguage":"pt-PT","potentialAction":[{"@type":"ReadAction","target":["https:\/\/terrasdebasto.pt\/?p=4877"]}]},{"@type":"ImageObject","inLanguage":"pt-PT","@id":"https:\/\/terrasdebasto.pt\/?p=4877#primaryimage","url":"https:\/\/terrasdebasto.pt\/wp-content\/uploads\/2025\/11\/PADRE-ALBINO.jpg","contentUrl":"https:\/\/terrasdebasto.pt\/wp-content\/uploads\/2025\/11\/PADRE-ALBINO.jpg","width":579,"height":509},{"@type":"BreadcrumbList","@id":"https:\/\/terrasdebasto.pt\/?p=4877#breadcrumb","itemListElement":[{"@type":"ListItem","position":1,"name":"In\u00edcio","item":"https:\/\/terrasdebasto.pt\/"},{"@type":"ListItem","position":2,"name":"Disserta\u00e7\u00e3o destaca figura do vener\u00e1vel celoricense Padre Albino"}]},{"@type":"WebSite","@id":"https:\/\/terrasdebasto.pt\/#website","url":"https:\/\/terrasdebasto.pt\/","name":"Jornal Terras de Basto","description":"","publisher":{"@id":"https:\/\/terrasdebasto.pt\/#organization"},"potentialAction":[{"@type":"SearchAction","target":{"@type":"EntryPoint","urlTemplate":"https:\/\/terrasdebasto.pt\/?s={search_term_string}"},"query-input":{"@type":"PropertyValueSpecification","valueRequired":true,"valueName":"search_term_string"}}],"inLanguage":"pt-PT"},{"@type":"Organization","@id":"https:\/\/terrasdebasto.pt\/#organization","name":"Jornal Terras de Basto","url":"https:\/\/terrasdebasto.pt\/","logo":{"@type":"ImageObject","inLanguage":"pt-PT","@id":"https:\/\/terrasdebasto.pt\/#\/schema\/logo\/image\/","url":"https:\/\/terrasdebasto.pt\/wp-content\/uploads\/2024\/06\/LogoNormal.png","contentUrl":"https:\/\/terrasdebasto.pt\/wp-content\/uploads\/2024\/06\/LogoNormal.png","width":5638,"height":809,"caption":"Jornal Terras de Basto"},"image":{"@id":"https:\/\/terrasdebasto.pt\/#\/schema\/logo\/image\/"}},{"@type":"Person","@id":"https:\/\/terrasdebasto.pt\/#\/schema\/person\/9f6739f5394ac65c802641773b278b84","name":"Jo\u00e3o Paulo Mesquita","image":{"@type":"ImageObject","inLanguage":"pt-PT","@id":"https:\/\/terrasdebasto.pt\/#\/schema\/person\/image\/","url":"https:\/\/secure.gravatar.com\/avatar\/9bd0f299e6d96336664aab64354168246a3ee3287c47891c50d450e47ed9d7f9?s=96&d=mm&r=g","contentUrl":"https:\/\/secure.gravatar.com\/avatar\/9bd0f299e6d96336664aab64354168246a3ee3287c47891c50d450e47ed9d7f9?s=96&d=mm&r=g","caption":"Jo\u00e3o Paulo Mesquita"},"url":"https:\/\/terrasdebasto.pt\/?author=7"}]}},"_links":{"self":[{"href":"https:\/\/terrasdebasto.pt\/index.php?rest_route=\/wp\/v2\/posts\/4877","targetHints":{"allow":["GET"]}}],"collection":[{"href":"https:\/\/terrasdebasto.pt\/index.php?rest_route=\/wp\/v2\/posts"}],"about":[{"href":"https:\/\/terrasdebasto.pt\/index.php?rest_route=\/wp\/v2\/types\/post"}],"author":[{"embeddable":true,"href":"https:\/\/terrasdebasto.pt\/index.php?rest_route=\/wp\/v2\/users\/7"}],"replies":[{"embeddable":true,"href":"https:\/\/terrasdebasto.pt\/index.php?rest_route=%2Fwp%2Fv2%2Fcomments&post=4877"}],"version-history":[{"count":1,"href":"https:\/\/terrasdebasto.pt\/index.php?rest_route=\/wp\/v2\/posts\/4877\/revisions"}],"predecessor-version":[{"id":4879,"href":"https:\/\/terrasdebasto.pt\/index.php?rest_route=\/wp\/v2\/posts\/4877\/revisions\/4879"}],"wp:featuredmedia":[{"embeddable":true,"href":"https:\/\/terrasdebasto.pt\/index.php?rest_route=\/wp\/v2\/media\/4878"}],"wp:attachment":[{"href":"https:\/\/terrasdebasto.pt\/index.php?rest_route=%2Fwp%2Fv2%2Fmedia&parent=4877"}],"wp:term":[{"taxonomy":"category","embeddable":true,"href":"https:\/\/terrasdebasto.pt\/index.php?rest_route=%2Fwp%2Fv2%2Fcategories&post=4877"},{"taxonomy":"post_tag","embeddable":true,"href":"https:\/\/terrasdebasto.pt\/index.php?rest_route=%2Fwp%2Fv2%2Ftags&post=4877"}],"curies":[{"name":"wp","href":"https:\/\/api.w.org\/{rel}","templated":true}]}}