{"id":4873,"date":"2025-11-10T16:28:01","date_gmt":"2025-11-10T16:28:01","guid":{"rendered":"https:\/\/terrasdebasto.pt\/?p=4873"},"modified":"2025-11-10T16:28:02","modified_gmt":"2025-11-10T16:28:02","slug":"pacto-climatico-fala-de-projetos-sustentaveis-a-autarcas-e-tecnicos","status":"publish","type":"post","link":"https:\/\/terrasdebasto.pt\/?p=4873","title":{"rendered":"Pacto Clim\u00e1tico fala de projetos sustent\u00e1veis a autarcas e t\u00e9cnicos"},"content":{"rendered":"\n<p><\/p>\n\n\n\n<p><strong>Especialistas do Pacto Clim\u00e1tico Europeu e da Associa\u00e7\u00e3o Zero v\u00e3o juntar-se esta ter\u00e7a-feira (11, 14h00) em Guimar\u00e3es numa a\u00e7\u00e3o de forma\u00e7\u00e3o sobre projetos sustent\u00e1veis implementados a n\u00edvel local que melhoram a qualidade de vida dos cidad\u00e3os e contribuem para reduzir a pegada de carbono.<\/strong><\/p>\n\n\n\n<p>A iniciativa vai mobilizar autarcas e t\u00e9cnicos municipais do Entre Douro e Minho, assim procurando a ado\u00e7\u00e3o de boas pr\u00e1ticas e projetos de gest\u00e3o sustent\u00e1veis nas \u00e1reas da mobilidade, da energia e da alimenta\u00e7\u00e3o.<\/p>\n\n\n\n<p>Estrat\u00e9gias para convocar a popula\u00e7\u00e3o para diminuir o tr\u00e2nsito, promover o uso de bicicleta e de ciclovias integradas no meio urbano, casos de sucesso na cria\u00e7\u00e3o de infraestruturas adequadas ao uso da bicicleta como meio de transporte, a cria\u00e7\u00e3o de planos municipais para a seguran\u00e7a alimentar ou a promo\u00e7\u00e3o de comunidades de energias renov\u00e1veis, ser\u00e3o temas para esta sess\u00e3o, que acontece no Laborat\u00f3rio da Paisagem.<\/p>\n\n\n\n<p>\u00ab\u00c9 necess\u00e1rio refor\u00e7ar o poder de decis\u00e3o dos munic\u00edpios na ado\u00e7\u00e3o de pol\u00edticas mais sustent\u00e1veis, fomentando o trabalho interdepartamental e valorizando o conhecimento de quem melhor conhece o territ\u00f3rio. S\u00f3 assim ser\u00e1 poss\u00edvel acelerar a a\u00e7\u00e3o clim\u00e1tica local e contribuir para a meta nacional de neutralidade carb\u00f3nica at\u00e9 2050\u00bb, afirma Juliana Carvalho, investigadora na \u00e1rea de mobilidade urbana na Universidade do Porto e embaixadora do Pacto Clim\u00e1tico Europeu.<\/p>\n\n\n\n<p>Esta forma\u00e7\u00e3o prev\u00ea identificar as principais necessidades e dificuldades locais junto dos representantes municipais e, a partir da\u00ed, desenvolver um projeto-piloto tendo por base casos de sucesso anteriores. \u00abUm dos objetivos da forma\u00e7\u00e3o \u00e9 identificar e estruturar uma ideia-base que possa, posteriormente, evoluir para um projeto interdepartamental\u00bb, explica a embaixadora, sublinhando que \u00abo foco ser\u00e1 explorar potenciais sinergias entre mobilidade, alimenta\u00e7\u00e3o e energia, numa abordagem alinhada com as prioridades estrat\u00e9gicas do munic\u00edpio\u00bb.<\/p>\n\n\n\n<p>Juliana Carvalho vai juntar-se aos embaixadores do Pacto Clim\u00e1tico Europeu Ant\u00f3nio Gon\u00e7alves Pereira, coordenador da \u201cEcoMood Portugal\u201d e representante da \u201cClimate Alliance\u201d em Portugal; Cec\u00edlia Delgado, presidente da \u201cAlimentar Cidades Sustent\u00e1veis Associa\u00e7\u00e3o\u201d e investigadora na \u00e1rea de sistemas de alimenta\u00e7\u00e3o sustent\u00e1veis na Nova FCSH; e Rita Prates, da equipa de Energia, Clima e Mobilidade da Associa\u00e7\u00e3o Ambientalista Zero.<\/p>\n\n\n\n<p>O evento \u201cBoas Pr\u00e1ticas de Transi\u00e7\u00e3o Energ\u00e9tica nos Munic\u00edpios Portugueses\u201d conta com a presen\u00e7a de Dalila Sep\u00falveda, diretora do Departamento de Ambiente e Sustentabilidade da C\u00e2mara Municipal de Guimar\u00e3es, e Carlos Ribeiro, diretor-executivo do Laborat\u00f3rio da Paisagem. A a\u00e7\u00e3o \u00e9 particularmente dirigida a autarcas e t\u00e9cnicos aut\u00e1rquicos que integram as comunidades intermunicipais do Ave, do T\u00e2mega e Sousa, do C\u00e1vado, do Alto Minho e da \u00c1rea Metropolitana do Porto.<\/p>\n\n\n\n<p>O Pacto Clim\u00e1tico Europeu \u00e9 uma iniciativa do \u201cEuropean Green Deal\u201d promovido pela Uni\u00e3o Europeia e coordenado em Portugal pela Associa\u00e7\u00e3o Ambientalista Zero, tendo como objetivo mobilizar as comunidades para os investimentos, atividades e processos que sejam progressivamente menos dependentes dos combust\u00edveis f\u00f3sseis e da emiss\u00e3o de outros gases com efeito de estufa, promovendo a transi\u00e7\u00e3o para modos de vida mais seguros e saud\u00e1veis e para uma economia sustent\u00e1vel.<\/p>\n\n\n\n<figure class=\"wp-block-gallery has-nested-images columns-default is-cropped wp-block-gallery-1 is-layout-flex wp-block-gallery-is-layout-flex\">\n<figure class=\"wp-block-image size-large\"><img loading=\"lazy\" decoding=\"async\" width=\"819\" height=\"1024\" data-id=\"4875\" src=\"https:\/\/terrasdebasto.pt\/wp-content\/uploads\/2025\/11\/PACTO-CLIMATICO-819x1024.jpeg\" alt=\"\" class=\"wp-image-4875\" srcset=\"https:\/\/terrasdebasto.pt\/wp-content\/uploads\/2025\/11\/PACTO-CLIMATICO-819x1024.jpeg 819w, https:\/\/terrasdebasto.pt\/wp-content\/uploads\/2025\/11\/PACTO-CLIMATICO-240x300.jpeg 240w, https:\/\/terrasdebasto.pt\/wp-content\/uploads\/2025\/11\/PACTO-CLIMATICO-768x960.jpeg 768w, https:\/\/terrasdebasto.pt\/wp-content\/uploads\/2025\/11\/PACTO-CLIMATICO-150x188.jpeg 150w, https:\/\/terrasdebasto.pt\/wp-content\/uploads\/2025\/11\/PACTO-CLIMATICO-300x375.jpeg 300w, https:\/\/terrasdebasto.pt\/wp-content\/uploads\/2025\/11\/PACTO-CLIMATICO-696x870.jpeg 696w, https:\/\/terrasdebasto.pt\/wp-content\/uploads\/2025\/11\/PACTO-CLIMATICO-1068x1335.jpeg 1068w, https:\/\/terrasdebasto.pt\/wp-content\/uploads\/2025\/11\/PACTO-CLIMATICO.jpeg 1080w\" sizes=\"auto, (max-width: 819px) 100vw, 819px\" \/><\/figure>\n<\/figure>\n","protected":false},"excerpt":{"rendered":"<p>Especialistas do Pacto Clim\u00e1tico Europeu e da Associa\u00e7\u00e3o Zero v\u00e3o juntar-se esta ter\u00e7a-feira (11, 14h00) em Guimar\u00e3es numa a\u00e7\u00e3o de forma\u00e7\u00e3o sobre projetos sustent\u00e1veis implementados a n\u00edvel local que melhoram a qualidade de vida dos cidad\u00e3os e contribuem para reduzir a pegada de carbono. A iniciativa vai mobilizar autarcas e t\u00e9cnicos municipais do Entre Douro [&hellip;]<\/p>\n","protected":false},"author":7,"featured_media":4874,"comment_status":"open","ping_status":"open","sticky":false,"template":"","format":"standard","meta":{"footnotes":""},"categories":[11,9],"tags":[1149,1148,1146,1147],"class_list":{"0":"post-4873","1":"post","2":"type-post","3":"status-publish","4":"format-standard","5":"has-post-thumbnail","7":"category-educacao","8":"category-terras-de-basto","9":"tag-associacao-zero","10":"tag-guimaraes","11":"tag-pacto-climatico","12":"tag-sustentabilidade"},"yoast_head":"<!-- This site is optimized with the Yoast SEO plugin v25.7 - https:\/\/yoast.com\/wordpress\/plugins\/seo\/ -->\n<title>Pacto Clim\u00e1tico fala de projetos sustent\u00e1veis a autarcas e t\u00e9cnicos - Jornal Terras de Basto<\/title>\n<meta name=\"description\" content=\"Especialistas do Pacto Clim\u00e1tico Europeu e da Associa\u00e7\u00e3o Zero v\u00e3o juntar-se esta ter\u00e7a-feira (11, 14h00) em Guimar\u00e3es numa a\u00e7\u00e3o de forma\u00e7\u00e3o sobre projetos sustent\u00e1veis implementados a n\u00edvel local que melhoram a qualidade de vida dos cidad\u00e3os e contribuem para reduzir a pegada de carbono.\" \/>\n<meta name=\"robots\" content=\"index, follow, max-snippet:-1, max-image-preview:large, max-video-preview:-1\" \/>\n<link rel=\"canonical\" href=\"https:\/\/terrasdebasto.pt\/?p=4873\" \/>\n<meta property=\"og:locale\" content=\"pt_PT\" \/>\n<meta property=\"og:type\" content=\"article\" \/>\n<meta property=\"og:title\" content=\"Pacto Clim\u00e1tico fala de projetos sustent\u00e1veis a autarcas e t\u00e9cnicos - Jornal Terras de Basto\" \/>\n<meta property=\"og:description\" content=\"Especialistas do Pacto Clim\u00e1tico Europeu e da Associa\u00e7\u00e3o Zero v\u00e3o juntar-se esta ter\u00e7a-feira (11, 14h00) em Guimar\u00e3es numa a\u00e7\u00e3o de forma\u00e7\u00e3o sobre projetos sustent\u00e1veis implementados a n\u00edvel local que melhoram a qualidade de vida dos cidad\u00e3os e contribuem para reduzir a pegada de carbono.\" \/>\n<meta property=\"og:url\" content=\"https:\/\/terrasdebasto.pt\/?p=4873\" \/>\n<meta property=\"og:site_name\" content=\"Jornal Terras de Basto\" \/>\n<meta property=\"article:published_time\" content=\"2025-11-10T16:28:01+00:00\" \/>\n<meta property=\"article:modified_time\" content=\"2025-11-10T16:28:02+00:00\" \/>\n<meta property=\"og:image\" content=\"https:\/\/terrasdebasto.pt\/wp-content\/uploads\/2025\/11\/PACTO-CLIMATICO-2.png\" \/>\n\t<meta property=\"og:image:width\" content=\"959\" \/>\n\t<meta property=\"og:image:height\" content=\"515\" \/>\n\t<meta property=\"og:image:type\" content=\"image\/png\" \/>\n<meta name=\"author\" content=\"Jo\u00e3o Paulo Mesquita\" \/>\n<meta name=\"twitter:card\" content=\"summary_large_image\" \/>\n<meta name=\"twitter:label1\" content=\"Escrito por\" \/>\n\t<meta name=\"twitter:data1\" content=\"Jo\u00e3o Paulo Mesquita\" \/>\n\t<meta name=\"twitter:label2\" content=\"Tempo estimado de leitura\" \/>\n\t<meta name=\"twitter:data2\" content=\"4 minutos\" \/>\n<script type=\"application\/ld+json\" class=\"yoast-schema-graph\">{\"@context\":\"https:\/\/schema.org\",\"@graph\":[{\"@type\":\"Article\",\"@id\":\"https:\/\/terrasdebasto.pt\/?p=4873#article\",\"isPartOf\":{\"@id\":\"https:\/\/terrasdebasto.pt\/?p=4873\"},\"author\":{\"name\":\"Jo\u00e3o Paulo Mesquita\",\"@id\":\"https:\/\/terrasdebasto.pt\/#\/schema\/person\/9f6739f5394ac65c802641773b278b84\"},\"headline\":\"Pacto Clim\u00e1tico fala de projetos sustent\u00e1veis a autarcas e t\u00e9cnicos\",\"datePublished\":\"2025-11-10T16:28:01+00:00\",\"dateModified\":\"2025-11-10T16:28:02+00:00\",\"mainEntityOfPage\":{\"@id\":\"https:\/\/terrasdebasto.pt\/?p=4873\"},\"wordCount\":563,\"commentCount\":0,\"publisher\":{\"@id\":\"https:\/\/terrasdebasto.pt\/#organization\"},\"image\":{\"@id\":\"https:\/\/terrasdebasto.pt\/?p=4873#primaryimage\"},\"thumbnailUrl\":\"https:\/\/terrasdebasto.pt\/wp-content\/uploads\/2025\/11\/PACTO-CLIMATICO-2.png\",\"keywords\":[\"ASSOCIA\u00c7\u00c3O ZERO\",\"GUIMAR\u00c3ES\",\"PACTO CLIM\u00c1TICO\",\"SUSTENTABILIDADE\"],\"articleSection\":[\"Educa\u00e7\u00e3o\",\"Terras de Basto\"],\"inLanguage\":\"pt-PT\",\"potentialAction\":[{\"@type\":\"CommentAction\",\"name\":\"Comment\",\"target\":[\"https:\/\/terrasdebasto.pt\/?p=4873#respond\"]}]},{\"@type\":\"WebPage\",\"@id\":\"https:\/\/terrasdebasto.pt\/?p=4873\",\"url\":\"https:\/\/terrasdebasto.pt\/?p=4873\",\"name\":\"Pacto Clim\u00e1tico fala de projetos sustent\u00e1veis a autarcas e t\u00e9cnicos - Jornal Terras de Basto\",\"isPartOf\":{\"@id\":\"https:\/\/terrasdebasto.pt\/#website\"},\"primaryImageOfPage\":{\"@id\":\"https:\/\/terrasdebasto.pt\/?p=4873#primaryimage\"},\"image\":{\"@id\":\"https:\/\/terrasdebasto.pt\/?p=4873#primaryimage\"},\"thumbnailUrl\":\"https:\/\/terrasdebasto.pt\/wp-content\/uploads\/2025\/11\/PACTO-CLIMATICO-2.png\",\"datePublished\":\"2025-11-10T16:28:01+00:00\",\"dateModified\":\"2025-11-10T16:28:02+00:00\",\"description\":\"Especialistas do Pacto Clim\u00e1tico Europeu e da Associa\u00e7\u00e3o Zero v\u00e3o juntar-se esta ter\u00e7a-feira (11, 14h00) em Guimar\u00e3es numa a\u00e7\u00e3o de forma\u00e7\u00e3o sobre projetos sustent\u00e1veis implementados a n\u00edvel local que melhoram a qualidade de vida dos cidad\u00e3os e contribuem para reduzir a pegada de carbono.\",\"breadcrumb\":{\"@id\":\"https:\/\/terrasdebasto.pt\/?p=4873#breadcrumb\"},\"inLanguage\":\"pt-PT\",\"potentialAction\":[{\"@type\":\"ReadAction\",\"target\":[\"https:\/\/terrasdebasto.pt\/?p=4873\"]}]},{\"@type\":\"ImageObject\",\"inLanguage\":\"pt-PT\",\"@id\":\"https:\/\/terrasdebasto.pt\/?p=4873#primaryimage\",\"url\":\"https:\/\/terrasdebasto.pt\/wp-content\/uploads\/2025\/11\/PACTO-CLIMATICO-2.png\",\"contentUrl\":\"https:\/\/terrasdebasto.pt\/wp-content\/uploads\/2025\/11\/PACTO-CLIMATICO-2.png\",\"width\":959,\"height\":515},{\"@type\":\"BreadcrumbList\",\"@id\":\"https:\/\/terrasdebasto.pt\/?p=4873#breadcrumb\",\"itemListElement\":[{\"@type\":\"ListItem\",\"position\":1,\"name\":\"In\u00edcio\",\"item\":\"https:\/\/terrasdebasto.pt\/\"},{\"@type\":\"ListItem\",\"position\":2,\"name\":\"Pacto Clim\u00e1tico fala de projetos sustent\u00e1veis a autarcas e t\u00e9cnicos\"}]},{\"@type\":\"WebSite\",\"@id\":\"https:\/\/terrasdebasto.pt\/#website\",\"url\":\"https:\/\/terrasdebasto.pt\/\",\"name\":\"Jornal Terras de Basto\",\"description\":\"\",\"publisher\":{\"@id\":\"https:\/\/terrasdebasto.pt\/#organization\"},\"potentialAction\":[{\"@type\":\"SearchAction\",\"target\":{\"@type\":\"EntryPoint\",\"urlTemplate\":\"https:\/\/terrasdebasto.pt\/?s={search_term_string}\"},\"query-input\":{\"@type\":\"PropertyValueSpecification\",\"valueRequired\":true,\"valueName\":\"search_term_string\"}}],\"inLanguage\":\"pt-PT\"},{\"@type\":\"Organization\",\"@id\":\"https:\/\/terrasdebasto.pt\/#organization\",\"name\":\"Jornal Terras de Basto\",\"url\":\"https:\/\/terrasdebasto.pt\/\",\"logo\":{\"@type\":\"ImageObject\",\"inLanguage\":\"pt-PT\",\"@id\":\"https:\/\/terrasdebasto.pt\/#\/schema\/logo\/image\/\",\"url\":\"https:\/\/terrasdebasto.pt\/wp-content\/uploads\/2024\/06\/LogoNormal.png\",\"contentUrl\":\"https:\/\/terrasdebasto.pt\/wp-content\/uploads\/2024\/06\/LogoNormal.png\",\"width\":5638,\"height\":809,\"caption\":\"Jornal Terras de Basto\"},\"image\":{\"@id\":\"https:\/\/terrasdebasto.pt\/#\/schema\/logo\/image\/\"}},{\"@type\":\"Person\",\"@id\":\"https:\/\/terrasdebasto.pt\/#\/schema\/person\/9f6739f5394ac65c802641773b278b84\",\"name\":\"Jo\u00e3o Paulo Mesquita\",\"image\":{\"@type\":\"ImageObject\",\"inLanguage\":\"pt-PT\",\"@id\":\"https:\/\/terrasdebasto.pt\/#\/schema\/person\/image\/\",\"url\":\"https:\/\/secure.gravatar.com\/avatar\/9bd0f299e6d96336664aab64354168246a3ee3287c47891c50d450e47ed9d7f9?s=96&d=mm&r=g\",\"contentUrl\":\"https:\/\/secure.gravatar.com\/avatar\/9bd0f299e6d96336664aab64354168246a3ee3287c47891c50d450e47ed9d7f9?s=96&d=mm&r=g\",\"caption\":\"Jo\u00e3o Paulo Mesquita\"},\"url\":\"https:\/\/terrasdebasto.pt\/?author=7\"}]}<\/script>\n<!-- \/ Yoast SEO plugin. -->","yoast_head_json":{"title":"Pacto Clim\u00e1tico fala de projetos sustent\u00e1veis a autarcas e t\u00e9cnicos - Jornal Terras de Basto","description":"Especialistas do Pacto Clim\u00e1tico Europeu e da Associa\u00e7\u00e3o Zero v\u00e3o juntar-se esta ter\u00e7a-feira (11, 14h00) em Guimar\u00e3es numa a\u00e7\u00e3o de forma\u00e7\u00e3o sobre projetos sustent\u00e1veis implementados a n\u00edvel local que melhoram a qualidade de vida dos cidad\u00e3os e contribuem para reduzir a pegada de carbono.","robots":{"index":"index","follow":"follow","max-snippet":"max-snippet:-1","max-image-preview":"max-image-preview:large","max-video-preview":"max-video-preview:-1"},"canonical":"https:\/\/terrasdebasto.pt\/?p=4873","og_locale":"pt_PT","og_type":"article","og_title":"Pacto Clim\u00e1tico fala de projetos sustent\u00e1veis a autarcas e t\u00e9cnicos - Jornal Terras de Basto","og_description":"Especialistas do Pacto Clim\u00e1tico Europeu e da Associa\u00e7\u00e3o Zero v\u00e3o juntar-se esta ter\u00e7a-feira (11, 14h00) em Guimar\u00e3es numa a\u00e7\u00e3o de forma\u00e7\u00e3o sobre projetos sustent\u00e1veis implementados a n\u00edvel local que melhoram a qualidade de vida dos cidad\u00e3os e contribuem para reduzir a pegada de carbono.","og_url":"https:\/\/terrasdebasto.pt\/?p=4873","og_site_name":"Jornal Terras de Basto","article_published_time":"2025-11-10T16:28:01+00:00","article_modified_time":"2025-11-10T16:28:02+00:00","og_image":[{"width":959,"height":515,"url":"https:\/\/terrasdebasto.pt\/wp-content\/uploads\/2025\/11\/PACTO-CLIMATICO-2.png","type":"image\/png"}],"author":"Jo\u00e3o Paulo Mesquita","twitter_card":"summary_large_image","twitter_misc":{"Escrito por":"Jo\u00e3o Paulo Mesquita","Tempo estimado de leitura":"4 minutos"},"schema":{"@context":"https:\/\/schema.org","@graph":[{"@type":"Article","@id":"https:\/\/terrasdebasto.pt\/?p=4873#article","isPartOf":{"@id":"https:\/\/terrasdebasto.pt\/?p=4873"},"author":{"name":"Jo\u00e3o Paulo Mesquita","@id":"https:\/\/terrasdebasto.pt\/#\/schema\/person\/9f6739f5394ac65c802641773b278b84"},"headline":"Pacto Clim\u00e1tico fala de projetos sustent\u00e1veis a autarcas e t\u00e9cnicos","datePublished":"2025-11-10T16:28:01+00:00","dateModified":"2025-11-10T16:28:02+00:00","mainEntityOfPage":{"@id":"https:\/\/terrasdebasto.pt\/?p=4873"},"wordCount":563,"commentCount":0,"publisher":{"@id":"https:\/\/terrasdebasto.pt\/#organization"},"image":{"@id":"https:\/\/terrasdebasto.pt\/?p=4873#primaryimage"},"thumbnailUrl":"https:\/\/terrasdebasto.pt\/wp-content\/uploads\/2025\/11\/PACTO-CLIMATICO-2.png","keywords":["ASSOCIA\u00c7\u00c3O ZERO","GUIMAR\u00c3ES","PACTO CLIM\u00c1TICO","SUSTENTABILIDADE"],"articleSection":["Educa\u00e7\u00e3o","Terras de Basto"],"inLanguage":"pt-PT","potentialAction":[{"@type":"CommentAction","name":"Comment","target":["https:\/\/terrasdebasto.pt\/?p=4873#respond"]}]},{"@type":"WebPage","@id":"https:\/\/terrasdebasto.pt\/?p=4873","url":"https:\/\/terrasdebasto.pt\/?p=4873","name":"Pacto Clim\u00e1tico fala de projetos sustent\u00e1veis a autarcas e t\u00e9cnicos - Jornal Terras de Basto","isPartOf":{"@id":"https:\/\/terrasdebasto.pt\/#website"},"primaryImageOfPage":{"@id":"https:\/\/terrasdebasto.pt\/?p=4873#primaryimage"},"image":{"@id":"https:\/\/terrasdebasto.pt\/?p=4873#primaryimage"},"thumbnailUrl":"https:\/\/terrasdebasto.pt\/wp-content\/uploads\/2025\/11\/PACTO-CLIMATICO-2.png","datePublished":"2025-11-10T16:28:01+00:00","dateModified":"2025-11-10T16:28:02+00:00","description":"Especialistas do Pacto Clim\u00e1tico Europeu e da Associa\u00e7\u00e3o Zero v\u00e3o juntar-se esta ter\u00e7a-feira (11, 14h00) em Guimar\u00e3es numa a\u00e7\u00e3o de forma\u00e7\u00e3o sobre projetos sustent\u00e1veis implementados a n\u00edvel local que melhoram a qualidade de vida dos cidad\u00e3os e contribuem para reduzir a pegada de carbono.","breadcrumb":{"@id":"https:\/\/terrasdebasto.pt\/?p=4873#breadcrumb"},"inLanguage":"pt-PT","potentialAction":[{"@type":"ReadAction","target":["https:\/\/terrasdebasto.pt\/?p=4873"]}]},{"@type":"ImageObject","inLanguage":"pt-PT","@id":"https:\/\/terrasdebasto.pt\/?p=4873#primaryimage","url":"https:\/\/terrasdebasto.pt\/wp-content\/uploads\/2025\/11\/PACTO-CLIMATICO-2.png","contentUrl":"https:\/\/terrasdebasto.pt\/wp-content\/uploads\/2025\/11\/PACTO-CLIMATICO-2.png","width":959,"height":515},{"@type":"BreadcrumbList","@id":"https:\/\/terrasdebasto.pt\/?p=4873#breadcrumb","itemListElement":[{"@type":"ListItem","position":1,"name":"In\u00edcio","item":"https:\/\/terrasdebasto.pt\/"},{"@type":"ListItem","position":2,"name":"Pacto Clim\u00e1tico fala de projetos sustent\u00e1veis a autarcas e t\u00e9cnicos"}]},{"@type":"WebSite","@id":"https:\/\/terrasdebasto.pt\/#website","url":"https:\/\/terrasdebasto.pt\/","name":"Jornal Terras de Basto","description":"","publisher":{"@id":"https:\/\/terrasdebasto.pt\/#organization"},"potentialAction":[{"@type":"SearchAction","target":{"@type":"EntryPoint","urlTemplate":"https:\/\/terrasdebasto.pt\/?s={search_term_string}"},"query-input":{"@type":"PropertyValueSpecification","valueRequired":true,"valueName":"search_term_string"}}],"inLanguage":"pt-PT"},{"@type":"Organization","@id":"https:\/\/terrasdebasto.pt\/#organization","name":"Jornal Terras de Basto","url":"https:\/\/terrasdebasto.pt\/","logo":{"@type":"ImageObject","inLanguage":"pt-PT","@id":"https:\/\/terrasdebasto.pt\/#\/schema\/logo\/image\/","url":"https:\/\/terrasdebasto.pt\/wp-content\/uploads\/2024\/06\/LogoNormal.png","contentUrl":"https:\/\/terrasdebasto.pt\/wp-content\/uploads\/2024\/06\/LogoNormal.png","width":5638,"height":809,"caption":"Jornal Terras de Basto"},"image":{"@id":"https:\/\/terrasdebasto.pt\/#\/schema\/logo\/image\/"}},{"@type":"Person","@id":"https:\/\/terrasdebasto.pt\/#\/schema\/person\/9f6739f5394ac65c802641773b278b84","name":"Jo\u00e3o Paulo Mesquita","image":{"@type":"ImageObject","inLanguage":"pt-PT","@id":"https:\/\/terrasdebasto.pt\/#\/schema\/person\/image\/","url":"https:\/\/secure.gravatar.com\/avatar\/9bd0f299e6d96336664aab64354168246a3ee3287c47891c50d450e47ed9d7f9?s=96&d=mm&r=g","contentUrl":"https:\/\/secure.gravatar.com\/avatar\/9bd0f299e6d96336664aab64354168246a3ee3287c47891c50d450e47ed9d7f9?s=96&d=mm&r=g","caption":"Jo\u00e3o Paulo Mesquita"},"url":"https:\/\/terrasdebasto.pt\/?author=7"}]}},"_links":{"self":[{"href":"https:\/\/terrasdebasto.pt\/index.php?rest_route=\/wp\/v2\/posts\/4873","targetHints":{"allow":["GET"]}}],"collection":[{"href":"https:\/\/terrasdebasto.pt\/index.php?rest_route=\/wp\/v2\/posts"}],"about":[{"href":"https:\/\/terrasdebasto.pt\/index.php?rest_route=\/wp\/v2\/types\/post"}],"author":[{"embeddable":true,"href":"https:\/\/terrasdebasto.pt\/index.php?rest_route=\/wp\/v2\/users\/7"}],"replies":[{"embeddable":true,"href":"https:\/\/terrasdebasto.pt\/index.php?rest_route=%2Fwp%2Fv2%2Fcomments&post=4873"}],"version-history":[{"count":1,"href":"https:\/\/terrasdebasto.pt\/index.php?rest_route=\/wp\/v2\/posts\/4873\/revisions"}],"predecessor-version":[{"id":4876,"href":"https:\/\/terrasdebasto.pt\/index.php?rest_route=\/wp\/v2\/posts\/4873\/revisions\/4876"}],"wp:featuredmedia":[{"embeddable":true,"href":"https:\/\/terrasdebasto.pt\/index.php?rest_route=\/wp\/v2\/media\/4874"}],"wp:attachment":[{"href":"https:\/\/terrasdebasto.pt\/index.php?rest_route=%2Fwp%2Fv2%2Fmedia&parent=4873"}],"wp:term":[{"taxonomy":"category","embeddable":true,"href":"https:\/\/terrasdebasto.pt\/index.php?rest_route=%2Fwp%2Fv2%2Fcategories&post=4873"},{"taxonomy":"post_tag","embeddable":true,"href":"https:\/\/terrasdebasto.pt\/index.php?rest_route=%2Fwp%2Fv2%2Ftags&post=4873"}],"curies":[{"name":"wp","href":"https:\/\/api.w.org\/{rel}","templated":true}]}}