{"id":4869,"date":"2025-11-10T14:00:30","date_gmt":"2025-11-10T14:00:30","guid":{"rendered":"https:\/\/terrasdebasto.pt\/?p=4869"},"modified":"2025-11-10T14:00:30","modified_gmt":"2025-11-10T14:00:30","slug":"celorico-oposicao-acusa-sociais-democratas-de-nao-cumprir-prometido","status":"publish","type":"post","link":"https:\/\/terrasdebasto.pt\/?p=4869","title":{"rendered":"Celorico: oposi\u00e7\u00e3o acusa sociais-democratas de n\u00e3o cumprir prometido"},"content":{"rendered":"\n<p><\/p>\n\n\n\n<p><strong>O l\u00edder da oposi\u00e7\u00e3o na C\u00e2mara de Celorico de Basto diz que o executivo social-democrata \u00abn\u00e3o cumpriu mais do que 30% das promessas apresentadas aos celoricenses\u00bb no anterior mandato e lamenta que o concelho continue \u00absem rumo e sem resultados estruturantes\u00bb.<\/strong><\/p>\n\n\n\n<p>Intervindo na primeira reuni\u00e3o da verea\u00e7\u00e3o, Eug\u00e9nio Carvalho reconheceu os resultados das elei\u00e7\u00f5es aut\u00e1rquicas \u2013 em que a coliga\u00e7\u00e3o \u201cJuntos Por Celorico\u201d, que liderou, elegeu dois vereadores, obtendo 3.754 votos (31,3%) \u2013 e assumiu a predisposi\u00e7\u00e3o \u00abpara colaborar em tudo o que for bom para o concelho\u00bb, exigindo \u00abtranspar\u00eancia, rigor e o cumprimento integral das promessas eleitorais\u00bb.<\/p>\n\n\n\n<p>De acordo com uma nota agora divulgada, o vereador socialista abordou ent\u00e3o um tema \u00abque anda na pra\u00e7a p\u00fablica\u00bb, sobre alegadas \u00absuspeitas judiciais que recaem em membros do executivo\u00bb, tendo solicitado esclarecimentos ao presidente da C\u00e2mara sobre \u00aba eventual exist\u00eancia de vereadores constitu\u00eddos arguidos ou investigados\u00bb. Em resposta \u2013 diz a nota \u2013 o presidente de C\u00e2mara afirmou \u00abque nada sabe sobre esse assunto\u00bb. \u00abA \u00e9tica na governa\u00e7\u00e3o local \u00e9 inegoci\u00e1vel; a C\u00e2mara deve ser um exemplo de transpar\u00eancia e n\u00e3o motivo de suspei\u00e7\u00e3o\u00bb, diz.<\/p>\n\n\n\n<p><strong>Gabinete de trabalho<\/strong><\/p>\n\n\n\n<p>Nesta primeira reuni\u00e3o do executivo, o vereador socialista anunciou que ir\u00e1 apresentar na pr\u00f3xima sess\u00e3o uma proposta para que o munic\u00edpio disponibilize \u00abum gabinete digno e com condi\u00e7\u00f5es adequadas ao trabalho\u00bb da oposi\u00e7\u00e3o. \u00abAo longo dos \u00faltimos mandatos, o espa\u00e7o disponibilizado foi manifestamente insuficiente e impr\u00f3prio para o exerc\u00edcio pleno das fun\u00e7\u00f5es democr\u00e1ticas de acompanhamento e fiscaliza\u00e7\u00e3o\u00bb, diz.<\/p>\n\n\n\n<p><strong>Reconhecimento a Andr\u00e9 Marinho<\/strong><\/p>\n\n\n\n<p>Na oportunidade, os vereadores da coliga\u00e7\u00e3o dirigiram felicita\u00e7\u00f5es ao piloto Andr\u00e9 Marinho, campe\u00e3o nacional de \u201cralicross\u201d na categoria \u201c2RM\u201d, \u00abum celoricense que continua a dar cartas no desporto motorizado nacional\u00bb.<\/p>\n\n\n\n<p>Eug\u00e9nio Fernandes Carvalho sublinhou ent\u00e3o que \u00aba 12 de outubro houve tamb\u00e9m um celoricense que foi campe\u00e3o nacional\u00bb, sublinhando que \u00abCelorico de Basto deve orgulhar-se dos seus talentos e apoiar os que dignificam o nome do concelho dentro e fora de portas\u00bb.<\/p>\n\n\n\n<p><strong>Contra aumento de vereadores<\/strong><\/p>\n\n\n\n<p>De acordo com o relato feito na nota da coliga\u00e7\u00e3o, no per\u00edodo da ordem do dia desta primeira reuni\u00e3o camar\u00e1ria, dois assuntos mereceram destaque e as cr\u00edticas dos seus vereadores. Quanto \u00e0 fixa\u00e7\u00e3o do n\u00famero de vereadores em regime de tempo inteiro e meio tempo votou contra a proposta que previa dois vereadores em regime de tempo inteiro e um em meio tempo.<\/p>\n\n\n\n<p>Alega a estrutura eleitoral que \u00aba lei apenas determina a obrigatoriedade de um vereador a tempo inteiro em concelhos da dimens\u00e3o de Celorico de Basto\u00bb.<\/p>\n\n\n\n<p>\u00abPara quem n\u00e3o conseguiu executar mais de 30% do programa com dois vereadores, quando a lei apenas prev\u00ea um, pedir agora dois vereadores e meio \u00e9 incompreens\u00edvel. Isto proporciona um custo acrescido para o er\u00e1rio p\u00fablico, questionando-se se o mesmo crit\u00e9rio ser\u00e1 tido em conta para aumentar assessorias pol\u00edticas enriquecendo a m\u00e1quina partid\u00e1ria com dinheiros p\u00fablicos\u00bb, comentaram os vereadores da coliga\u00e7\u00e3o em declara\u00e7\u00e3o de voto.<\/p>\n\n\n\n<p><strong>Limite do valor para obras<\/strong><\/p>\n\n\n\n<p>Quanto a uma proposta para aumento do limite do valor para obras por administra\u00e7\u00e3o direta, passando de cerca de 150 mil euros para 749 mil euros, a coliga\u00e7\u00e3o optou pela absten\u00e7\u00e3o.<\/p>\n\n\n\n<p>De acordo com a respetiva declara\u00e7\u00e3o de voto, esta op\u00e7\u00e3o \u00abtraduz prud\u00eancia e responsabilidade\u00bb, uma vez que \u00abo aumento expressivo deste limite deve ser acompanhado por mecanismos refor\u00e7ados de controlo e transpar\u00eancia\u00bb.<\/p>\n\n\n\n<p>\u00ab\u00c9 essencial garantir informa\u00e7\u00e3o regular sobre todas as empreitadas por administra\u00e7\u00e3o direta de valor superior a 149.639,37 euros e esclarecer os crit\u00e9rios que determinaram o novo limite\u00bb, disse Eug\u00e9nio Carvalho.<\/p>\n","protected":false},"excerpt":{"rendered":"<p>O l\u00edder da oposi\u00e7\u00e3o na C\u00e2mara de Celorico de Basto diz que o executivo social-democrata \u00abn\u00e3o cumpriu mais do que 30% das promessas apresentadas aos celoricenses\u00bb no anterior mandato e lamenta que o concelho continue \u00absem rumo e sem resultados estruturantes\u00bb. Intervindo na primeira reuni\u00e3o da verea\u00e7\u00e3o, Eug\u00e9nio Carvalho reconheceu os resultados das elei\u00e7\u00f5es aut\u00e1rquicas [&hellip;]<\/p>\n","protected":false},"author":7,"featured_media":4870,"comment_status":"open","ping_status":"open","sticky":false,"template":"","format":"standard","meta":{"footnotes":""},"categories":[13,9],"tags":[1057,1145,641],"class_list":{"0":"post-4869","1":"post","2":"type-post","3":"status-publish","4":"format-standard","5":"has-post-thumbnail","7":"category-celorico-de-basto","8":"category-terras-de-basto","9":"tag-camara-municipal-de-celorico-de-basto","10":"tag-juntos-por-celorico","11":"tag-ps-celorico-de-basto-2"},"yoast_head":"<!-- This site is optimized with the Yoast SEO plugin v25.7 - https:\/\/yoast.com\/wordpress\/plugins\/seo\/ -->\n<title>Celorico: oposi\u00e7\u00e3o acusa sociais-democratas de n\u00e3o cumprir prometido - Jornal Terras de Basto<\/title>\n<meta name=\"description\" content=\"O l\u00edder da oposi\u00e7\u00e3o na C\u00e2mara de Celorico de Basto diz que o executivo social-democrata \u00abn\u00e3o cumpriu mais do que 30% das promessas apresentadas aos celoricenses\u00bb no anterior mandato e lamenta que o concelho continue \u00absem rumo e sem resultados estruturantes\u00bb.\" \/>\n<meta name=\"robots\" content=\"index, follow, max-snippet:-1, max-image-preview:large, max-video-preview:-1\" \/>\n<link rel=\"canonical\" href=\"https:\/\/terrasdebasto.pt\/?p=4869\" \/>\n<meta property=\"og:locale\" content=\"pt_PT\" \/>\n<meta property=\"og:type\" content=\"article\" \/>\n<meta property=\"og:title\" content=\"Celorico: oposi\u00e7\u00e3o acusa sociais-democratas de n\u00e3o cumprir prometido - Jornal Terras de Basto\" \/>\n<meta property=\"og:description\" content=\"O l\u00edder da oposi\u00e7\u00e3o na C\u00e2mara de Celorico de Basto diz que o executivo social-democrata \u00abn\u00e3o cumpriu mais do que 30% das promessas apresentadas aos celoricenses\u00bb no anterior mandato e lamenta que o concelho continue \u00absem rumo e sem resultados estruturantes\u00bb.\" \/>\n<meta property=\"og:url\" content=\"https:\/\/terrasdebasto.pt\/?p=4869\" \/>\n<meta property=\"og:site_name\" content=\"Jornal Terras de Basto\" \/>\n<meta property=\"article:published_time\" content=\"2025-11-10T14:00:30+00:00\" \/>\n<meta property=\"og:image\" content=\"https:\/\/terrasdebasto.pt\/wp-content\/uploads\/2025\/11\/EUGENIO-CARVALHO.jpg\" \/>\n\t<meta property=\"og:image:width\" content=\"2000\" \/>\n\t<meta property=\"og:image:height\" content=\"1143\" \/>\n\t<meta property=\"og:image:type\" content=\"image\/jpeg\" \/>\n<meta name=\"author\" content=\"Jo\u00e3o Paulo Mesquita\" \/>\n<meta name=\"twitter:card\" content=\"summary_large_image\" \/>\n<meta name=\"twitter:label1\" content=\"Escrito por\" \/>\n\t<meta name=\"twitter:data1\" content=\"Jo\u00e3o Paulo Mesquita\" \/>\n\t<meta name=\"twitter:label2\" content=\"Tempo estimado de leitura\" \/>\n\t<meta name=\"twitter:data2\" content=\"4 minutos\" \/>\n<script type=\"application\/ld+json\" class=\"yoast-schema-graph\">{\"@context\":\"https:\/\/schema.org\",\"@graph\":[{\"@type\":\"Article\",\"@id\":\"https:\/\/terrasdebasto.pt\/?p=4869#article\",\"isPartOf\":{\"@id\":\"https:\/\/terrasdebasto.pt\/?p=4869\"},\"author\":{\"name\":\"Jo\u00e3o Paulo Mesquita\",\"@id\":\"https:\/\/terrasdebasto.pt\/#\/schema\/person\/9f6739f5394ac65c802641773b278b84\"},\"headline\":\"Celorico: oposi\u00e7\u00e3o acusa sociais-democratas de n\u00e3o cumprir prometido\",\"datePublished\":\"2025-11-10T14:00:30+00:00\",\"mainEntityOfPage\":{\"@id\":\"https:\/\/terrasdebasto.pt\/?p=4869\"},\"wordCount\":644,\"commentCount\":0,\"publisher\":{\"@id\":\"https:\/\/terrasdebasto.pt\/#organization\"},\"image\":{\"@id\":\"https:\/\/terrasdebasto.pt\/?p=4869#primaryimage\"},\"thumbnailUrl\":\"https:\/\/terrasdebasto.pt\/wp-content\/uploads\/2025\/11\/EUGENIO-CARVALHO.jpg\",\"keywords\":[\"C\u00e2mara Municipal de Celorico de Basto\",\"Juntos por Celorico\",\"PS\/Celorico de Basto\"],\"articleSection\":[\"Celorico de Basto\",\"Terras de Basto\"],\"inLanguage\":\"pt-PT\",\"potentialAction\":[{\"@type\":\"CommentAction\",\"name\":\"Comment\",\"target\":[\"https:\/\/terrasdebasto.pt\/?p=4869#respond\"]}]},{\"@type\":\"WebPage\",\"@id\":\"https:\/\/terrasdebasto.pt\/?p=4869\",\"url\":\"https:\/\/terrasdebasto.pt\/?p=4869\",\"name\":\"Celorico: oposi\u00e7\u00e3o acusa sociais-democratas de n\u00e3o cumprir prometido - Jornal Terras de Basto\",\"isPartOf\":{\"@id\":\"https:\/\/terrasdebasto.pt\/#website\"},\"primaryImageOfPage\":{\"@id\":\"https:\/\/terrasdebasto.pt\/?p=4869#primaryimage\"},\"image\":{\"@id\":\"https:\/\/terrasdebasto.pt\/?p=4869#primaryimage\"},\"thumbnailUrl\":\"https:\/\/terrasdebasto.pt\/wp-content\/uploads\/2025\/11\/EUGENIO-CARVALHO.jpg\",\"datePublished\":\"2025-11-10T14:00:30+00:00\",\"description\":\"O l\u00edder da oposi\u00e7\u00e3o na C\u00e2mara de Celorico de Basto diz que o executivo social-democrata \u00abn\u00e3o cumpriu mais do que 30% das promessas apresentadas aos celoricenses\u00bb no anterior mandato e lamenta que o concelho continue \u00absem rumo e sem resultados estruturantes\u00bb.\",\"breadcrumb\":{\"@id\":\"https:\/\/terrasdebasto.pt\/?p=4869#breadcrumb\"},\"inLanguage\":\"pt-PT\",\"potentialAction\":[{\"@type\":\"ReadAction\",\"target\":[\"https:\/\/terrasdebasto.pt\/?p=4869\"]}]},{\"@type\":\"ImageObject\",\"inLanguage\":\"pt-PT\",\"@id\":\"https:\/\/terrasdebasto.pt\/?p=4869#primaryimage\",\"url\":\"https:\/\/terrasdebasto.pt\/wp-content\/uploads\/2025\/11\/EUGENIO-CARVALHO.jpg\",\"contentUrl\":\"https:\/\/terrasdebasto.pt\/wp-content\/uploads\/2025\/11\/EUGENIO-CARVALHO.jpg\",\"width\":2000,\"height\":1143},{\"@type\":\"BreadcrumbList\",\"@id\":\"https:\/\/terrasdebasto.pt\/?p=4869#breadcrumb\",\"itemListElement\":[{\"@type\":\"ListItem\",\"position\":1,\"name\":\"In\u00edcio\",\"item\":\"https:\/\/terrasdebasto.pt\/\"},{\"@type\":\"ListItem\",\"position\":2,\"name\":\"Celorico: oposi\u00e7\u00e3o acusa sociais-democratas de n\u00e3o cumprir prometido\"}]},{\"@type\":\"WebSite\",\"@id\":\"https:\/\/terrasdebasto.pt\/#website\",\"url\":\"https:\/\/terrasdebasto.pt\/\",\"name\":\"Jornal Terras de Basto\",\"description\":\"\",\"publisher\":{\"@id\":\"https:\/\/terrasdebasto.pt\/#organization\"},\"potentialAction\":[{\"@type\":\"SearchAction\",\"target\":{\"@type\":\"EntryPoint\",\"urlTemplate\":\"https:\/\/terrasdebasto.pt\/?s={search_term_string}\"},\"query-input\":{\"@type\":\"PropertyValueSpecification\",\"valueRequired\":true,\"valueName\":\"search_term_string\"}}],\"inLanguage\":\"pt-PT\"},{\"@type\":\"Organization\",\"@id\":\"https:\/\/terrasdebasto.pt\/#organization\",\"name\":\"Jornal Terras de Basto\",\"url\":\"https:\/\/terrasdebasto.pt\/\",\"logo\":{\"@type\":\"ImageObject\",\"inLanguage\":\"pt-PT\",\"@id\":\"https:\/\/terrasdebasto.pt\/#\/schema\/logo\/image\/\",\"url\":\"https:\/\/terrasdebasto.pt\/wp-content\/uploads\/2024\/06\/LogoNormal.png\",\"contentUrl\":\"https:\/\/terrasdebasto.pt\/wp-content\/uploads\/2024\/06\/LogoNormal.png\",\"width\":5638,\"height\":809,\"caption\":\"Jornal Terras de Basto\"},\"image\":{\"@id\":\"https:\/\/terrasdebasto.pt\/#\/schema\/logo\/image\/\"}},{\"@type\":\"Person\",\"@id\":\"https:\/\/terrasdebasto.pt\/#\/schema\/person\/9f6739f5394ac65c802641773b278b84\",\"name\":\"Jo\u00e3o Paulo Mesquita\",\"image\":{\"@type\":\"ImageObject\",\"inLanguage\":\"pt-PT\",\"@id\":\"https:\/\/terrasdebasto.pt\/#\/schema\/person\/image\/\",\"url\":\"https:\/\/secure.gravatar.com\/avatar\/9bd0f299e6d96336664aab64354168246a3ee3287c47891c50d450e47ed9d7f9?s=96&d=mm&r=g\",\"contentUrl\":\"https:\/\/secure.gravatar.com\/avatar\/9bd0f299e6d96336664aab64354168246a3ee3287c47891c50d450e47ed9d7f9?s=96&d=mm&r=g\",\"caption\":\"Jo\u00e3o Paulo Mesquita\"},\"url\":\"https:\/\/terrasdebasto.pt\/?author=7\"}]}<\/script>\n<!-- \/ Yoast SEO plugin. -->","yoast_head_json":{"title":"Celorico: oposi\u00e7\u00e3o acusa sociais-democratas de n\u00e3o cumprir prometido - Jornal Terras de Basto","description":"O l\u00edder da oposi\u00e7\u00e3o na C\u00e2mara de Celorico de Basto diz que o executivo social-democrata \u00abn\u00e3o cumpriu mais do que 30% das promessas apresentadas aos celoricenses\u00bb no anterior mandato e lamenta que o concelho continue \u00absem rumo e sem resultados estruturantes\u00bb.","robots":{"index":"index","follow":"follow","max-snippet":"max-snippet:-1","max-image-preview":"max-image-preview:large","max-video-preview":"max-video-preview:-1"},"canonical":"https:\/\/terrasdebasto.pt\/?p=4869","og_locale":"pt_PT","og_type":"article","og_title":"Celorico: oposi\u00e7\u00e3o acusa sociais-democratas de n\u00e3o cumprir prometido - Jornal Terras de Basto","og_description":"O l\u00edder da oposi\u00e7\u00e3o na C\u00e2mara de Celorico de Basto diz que o executivo social-democrata \u00abn\u00e3o cumpriu mais do que 30% das promessas apresentadas aos celoricenses\u00bb no anterior mandato e lamenta que o concelho continue \u00absem rumo e sem resultados estruturantes\u00bb.","og_url":"https:\/\/terrasdebasto.pt\/?p=4869","og_site_name":"Jornal Terras de Basto","article_published_time":"2025-11-10T14:00:30+00:00","og_image":[{"width":2000,"height":1143,"url":"https:\/\/terrasdebasto.pt\/wp-content\/uploads\/2025\/11\/EUGENIO-CARVALHO.jpg","type":"image\/jpeg"}],"author":"Jo\u00e3o Paulo Mesquita","twitter_card":"summary_large_image","twitter_misc":{"Escrito por":"Jo\u00e3o Paulo Mesquita","Tempo estimado de leitura":"4 minutos"},"schema":{"@context":"https:\/\/schema.org","@graph":[{"@type":"Article","@id":"https:\/\/terrasdebasto.pt\/?p=4869#article","isPartOf":{"@id":"https:\/\/terrasdebasto.pt\/?p=4869"},"author":{"name":"Jo\u00e3o Paulo Mesquita","@id":"https:\/\/terrasdebasto.pt\/#\/schema\/person\/9f6739f5394ac65c802641773b278b84"},"headline":"Celorico: oposi\u00e7\u00e3o acusa sociais-democratas de n\u00e3o cumprir prometido","datePublished":"2025-11-10T14:00:30+00:00","mainEntityOfPage":{"@id":"https:\/\/terrasdebasto.pt\/?p=4869"},"wordCount":644,"commentCount":0,"publisher":{"@id":"https:\/\/terrasdebasto.pt\/#organization"},"image":{"@id":"https:\/\/terrasdebasto.pt\/?p=4869#primaryimage"},"thumbnailUrl":"https:\/\/terrasdebasto.pt\/wp-content\/uploads\/2025\/11\/EUGENIO-CARVALHO.jpg","keywords":["C\u00e2mara Municipal de Celorico de Basto","Juntos por Celorico","PS\/Celorico de Basto"],"articleSection":["Celorico de Basto","Terras de Basto"],"inLanguage":"pt-PT","potentialAction":[{"@type":"CommentAction","name":"Comment","target":["https:\/\/terrasdebasto.pt\/?p=4869#respond"]}]},{"@type":"WebPage","@id":"https:\/\/terrasdebasto.pt\/?p=4869","url":"https:\/\/terrasdebasto.pt\/?p=4869","name":"Celorico: oposi\u00e7\u00e3o acusa sociais-democratas de n\u00e3o cumprir prometido - Jornal Terras de Basto","isPartOf":{"@id":"https:\/\/terrasdebasto.pt\/#website"},"primaryImageOfPage":{"@id":"https:\/\/terrasdebasto.pt\/?p=4869#primaryimage"},"image":{"@id":"https:\/\/terrasdebasto.pt\/?p=4869#primaryimage"},"thumbnailUrl":"https:\/\/terrasdebasto.pt\/wp-content\/uploads\/2025\/11\/EUGENIO-CARVALHO.jpg","datePublished":"2025-11-10T14:00:30+00:00","description":"O l\u00edder da oposi\u00e7\u00e3o na C\u00e2mara de Celorico de Basto diz que o executivo social-democrata \u00abn\u00e3o cumpriu mais do que 30% das promessas apresentadas aos celoricenses\u00bb no anterior mandato e lamenta que o concelho continue \u00absem rumo e sem resultados estruturantes\u00bb.","breadcrumb":{"@id":"https:\/\/terrasdebasto.pt\/?p=4869#breadcrumb"},"inLanguage":"pt-PT","potentialAction":[{"@type":"ReadAction","target":["https:\/\/terrasdebasto.pt\/?p=4869"]}]},{"@type":"ImageObject","inLanguage":"pt-PT","@id":"https:\/\/terrasdebasto.pt\/?p=4869#primaryimage","url":"https:\/\/terrasdebasto.pt\/wp-content\/uploads\/2025\/11\/EUGENIO-CARVALHO.jpg","contentUrl":"https:\/\/terrasdebasto.pt\/wp-content\/uploads\/2025\/11\/EUGENIO-CARVALHO.jpg","width":2000,"height":1143},{"@type":"BreadcrumbList","@id":"https:\/\/terrasdebasto.pt\/?p=4869#breadcrumb","itemListElement":[{"@type":"ListItem","position":1,"name":"In\u00edcio","item":"https:\/\/terrasdebasto.pt\/"},{"@type":"ListItem","position":2,"name":"Celorico: oposi\u00e7\u00e3o acusa sociais-democratas de n\u00e3o cumprir prometido"}]},{"@type":"WebSite","@id":"https:\/\/terrasdebasto.pt\/#website","url":"https:\/\/terrasdebasto.pt\/","name":"Jornal Terras de Basto","description":"","publisher":{"@id":"https:\/\/terrasdebasto.pt\/#organization"},"potentialAction":[{"@type":"SearchAction","target":{"@type":"EntryPoint","urlTemplate":"https:\/\/terrasdebasto.pt\/?s={search_term_string}"},"query-input":{"@type":"PropertyValueSpecification","valueRequired":true,"valueName":"search_term_string"}}],"inLanguage":"pt-PT"},{"@type":"Organization","@id":"https:\/\/terrasdebasto.pt\/#organization","name":"Jornal Terras de Basto","url":"https:\/\/terrasdebasto.pt\/","logo":{"@type":"ImageObject","inLanguage":"pt-PT","@id":"https:\/\/terrasdebasto.pt\/#\/schema\/logo\/image\/","url":"https:\/\/terrasdebasto.pt\/wp-content\/uploads\/2024\/06\/LogoNormal.png","contentUrl":"https:\/\/terrasdebasto.pt\/wp-content\/uploads\/2024\/06\/LogoNormal.png","width":5638,"height":809,"caption":"Jornal Terras de Basto"},"image":{"@id":"https:\/\/terrasdebasto.pt\/#\/schema\/logo\/image\/"}},{"@type":"Person","@id":"https:\/\/terrasdebasto.pt\/#\/schema\/person\/9f6739f5394ac65c802641773b278b84","name":"Jo\u00e3o Paulo Mesquita","image":{"@type":"ImageObject","inLanguage":"pt-PT","@id":"https:\/\/terrasdebasto.pt\/#\/schema\/person\/image\/","url":"https:\/\/secure.gravatar.com\/avatar\/9bd0f299e6d96336664aab64354168246a3ee3287c47891c50d450e47ed9d7f9?s=96&d=mm&r=g","contentUrl":"https:\/\/secure.gravatar.com\/avatar\/9bd0f299e6d96336664aab64354168246a3ee3287c47891c50d450e47ed9d7f9?s=96&d=mm&r=g","caption":"Jo\u00e3o Paulo Mesquita"},"url":"https:\/\/terrasdebasto.pt\/?author=7"}]}},"_links":{"self":[{"href":"https:\/\/terrasdebasto.pt\/index.php?rest_route=\/wp\/v2\/posts\/4869","targetHints":{"allow":["GET"]}}],"collection":[{"href":"https:\/\/terrasdebasto.pt\/index.php?rest_route=\/wp\/v2\/posts"}],"about":[{"href":"https:\/\/terrasdebasto.pt\/index.php?rest_route=\/wp\/v2\/types\/post"}],"author":[{"embeddable":true,"href":"https:\/\/terrasdebasto.pt\/index.php?rest_route=\/wp\/v2\/users\/7"}],"replies":[{"embeddable":true,"href":"https:\/\/terrasdebasto.pt\/index.php?rest_route=%2Fwp%2Fv2%2Fcomments&post=4869"}],"version-history":[{"count":1,"href":"https:\/\/terrasdebasto.pt\/index.php?rest_route=\/wp\/v2\/posts\/4869\/revisions"}],"predecessor-version":[{"id":4871,"href":"https:\/\/terrasdebasto.pt\/index.php?rest_route=\/wp\/v2\/posts\/4869\/revisions\/4871"}],"wp:featuredmedia":[{"embeddable":true,"href":"https:\/\/terrasdebasto.pt\/index.php?rest_route=\/wp\/v2\/media\/4870"}],"wp:attachment":[{"href":"https:\/\/terrasdebasto.pt\/index.php?rest_route=%2Fwp%2Fv2%2Fmedia&parent=4869"}],"wp:term":[{"taxonomy":"category","embeddable":true,"href":"https:\/\/terrasdebasto.pt\/index.php?rest_route=%2Fwp%2Fv2%2Fcategories&post=4869"},{"taxonomy":"post_tag","embeddable":true,"href":"https:\/\/terrasdebasto.pt\/index.php?rest_route=%2Fwp%2Fv2%2Ftags&post=4869"}],"curies":[{"name":"wp","href":"https:\/\/api.w.org\/{rel}","templated":true}]}}