{"id":4864,"date":"2025-11-10T11:44:57","date_gmt":"2025-11-10T11:44:57","guid":{"rendered":"https:\/\/terrasdebasto.pt\/?p=4864"},"modified":"2025-11-10T12:25:22","modified_gmt":"2025-11-10T12:25:22","slug":"faleceu-jose-goncalves-lopes","status":"publish","type":"post","link":"https:\/\/terrasdebasto.pt\/?p=4864","title":{"rendered":"Faleceu Jos\u00e9 Gon\u00e7alves Lopes"},"content":{"rendered":"\n<p><\/p>\n\n\n\n<p><strong>Jos\u00e9 Gon\u00e7alves Lopes, uma das mais interventivas figuras do Partido Socialista em Cabeceiras de Basto e diretor do seu jornal local, faleceu esta segunda-feira (10), anunciou o peri\u00f3dico.<\/strong><\/p>\n\n\n\n<p>Residente em Braga, \u201cZ\u00e9 Lopes\u201d \u2013 funcion\u00e1rio aposentado da \u201cRodovi\u00e1ria Nacional\u201d e ex-membro do gabinete de apoio \u00e0 presid\u00eancia camar\u00e1ria em mandatos de Joaquim Barreto &#8212; foi v\u00edtima de doen\u00e7a prolongada do foro oncol\u00f3gico, que o afastou fisicamente da mais recente campanha eleitoral.<\/p>\n\n\n\n<p>O corpo do falecido vai estar em c\u00e2mara ardente a partir das 10h30 desta ter\u00e7a-feira na casa mortu\u00e1ria de Refojos, realizando-se o funeral a partir das 15h00.<\/p>\n","protected":false},"excerpt":{"rendered":"<p>Jos\u00e9 Gon\u00e7alves Lopes, uma das mais interventivas figuras do Partido Socialista em Cabeceiras de Basto e diretor do seu jornal local, faleceu esta segunda-feira (10), anunciou o peri\u00f3dico. Residente em Braga, \u201cZ\u00e9 Lopes\u201d \u2013 funcion\u00e1rio aposentado da \u201cRodovi\u00e1ria Nacional\u201d e ex-membro do gabinete de apoio \u00e0 presid\u00eancia camar\u00e1ria em mandatos de Joaquim Barreto &#8212; foi [&hellip;]<\/p>\n","protected":false},"author":7,"featured_media":4865,"comment_status":"open","ping_status":"open","sticky":false,"template":"","format":"standard","meta":{"footnotes":""},"categories":[12],"tags":[29,1143,1144,255],"class_list":{"0":"post-4864","1":"post","2":"type-post","3":"status-publish","4":"format-standard","5":"has-post-thumbnail","7":"category-cabeceiras-de-basto","8":"tag-cabeceiras-de-basto","9":"tag-jose-goncalves-lopes","10":"tag-obito","11":"tag-partido-socialista"},"yoast_head":"<!-- This site is optimized with the Yoast SEO plugin v25.7 - https:\/\/yoast.com\/wordpress\/plugins\/seo\/ -->\n<title>Faleceu Jos\u00e9 Gon\u00e7alves Lopes - Jornal Terras de Basto<\/title>\n<meta name=\"description\" content=\"Jos\u00e9 Gon\u00e7alves Lopes, uma das mais truculentas figuras do Partido Socialista em Cabeceiras de Basto e diretor do seu jornal local, faleceu esta segunda-feira (10), anunciou o peri\u00f3dico.\" \/>\n<meta name=\"robots\" content=\"index, follow, max-snippet:-1, max-image-preview:large, max-video-preview:-1\" \/>\n<link rel=\"canonical\" href=\"https:\/\/terrasdebasto.pt\/?p=4864\" \/>\n<meta property=\"og:locale\" content=\"pt_PT\" \/>\n<meta property=\"og:type\" content=\"article\" \/>\n<meta property=\"og:title\" content=\"Faleceu Jos\u00e9 Gon\u00e7alves Lopes - Jornal Terras de Basto\" \/>\n<meta property=\"og:description\" content=\"Jos\u00e9 Gon\u00e7alves Lopes, uma das mais truculentas figuras do Partido Socialista em Cabeceiras de Basto e diretor do seu jornal local, faleceu esta segunda-feira (10), anunciou o peri\u00f3dico.\" \/>\n<meta property=\"og:url\" content=\"https:\/\/terrasdebasto.pt\/?p=4864\" \/>\n<meta property=\"og:site_name\" content=\"Jornal Terras de Basto\" \/>\n<meta property=\"article:published_time\" content=\"2025-11-10T11:44:57+00:00\" \/>\n<meta property=\"article:modified_time\" content=\"2025-11-10T12:25:22+00:00\" \/>\n<meta property=\"og:image\" content=\"https:\/\/terrasdebasto.pt\/wp-content\/uploads\/2025\/11\/JOSE-LOPES.jpg\" \/>\n\t<meta property=\"og:image:width\" content=\"486\" \/>\n\t<meta property=\"og:image:height\" content=\"305\" \/>\n\t<meta property=\"og:image:type\" content=\"image\/jpeg\" \/>\n<meta name=\"author\" content=\"Jo\u00e3o Paulo Mesquita\" \/>\n<meta name=\"twitter:card\" content=\"summary_large_image\" \/>\n<meta name=\"twitter:label1\" content=\"Escrito por\" \/>\n\t<meta name=\"twitter:data1\" content=\"Jo\u00e3o Paulo Mesquita\" \/>\n\t<meta name=\"twitter:label2\" content=\"Tempo estimado de leitura\" \/>\n\t<meta name=\"twitter:data2\" content=\"1 minuto\" \/>\n<script type=\"application\/ld+json\" class=\"yoast-schema-graph\">{\"@context\":\"https:\/\/schema.org\",\"@graph\":[{\"@type\":\"Article\",\"@id\":\"https:\/\/terrasdebasto.pt\/?p=4864#article\",\"isPartOf\":{\"@id\":\"https:\/\/terrasdebasto.pt\/?p=4864\"},\"author\":{\"name\":\"Jo\u00e3o Paulo Mesquita\",\"@id\":\"https:\/\/terrasdebasto.pt\/#\/schema\/person\/9f6739f5394ac65c802641773b278b84\"},\"headline\":\"Faleceu Jos\u00e9 Gon\u00e7alves Lopes\",\"datePublished\":\"2025-11-10T11:44:57+00:00\",\"dateModified\":\"2025-11-10T12:25:22+00:00\",\"mainEntityOfPage\":{\"@id\":\"https:\/\/terrasdebasto.pt\/?p=4864\"},\"wordCount\":112,\"commentCount\":0,\"publisher\":{\"@id\":\"https:\/\/terrasdebasto.pt\/#organization\"},\"image\":{\"@id\":\"https:\/\/terrasdebasto.pt\/?p=4864#primaryimage\"},\"thumbnailUrl\":\"https:\/\/terrasdebasto.pt\/wp-content\/uploads\/2025\/11\/JOSE-LOPES.jpg\",\"keywords\":[\"Cabeceiras de Basto\",\"Jos\u00e9 Gon\u00e7alves Lopes\",\"\u00d3bito\",\"Partido Socialista\"],\"articleSection\":[\"Cabeceiras de Basto\"],\"inLanguage\":\"pt-PT\",\"potentialAction\":[{\"@type\":\"CommentAction\",\"name\":\"Comment\",\"target\":[\"https:\/\/terrasdebasto.pt\/?p=4864#respond\"]}]},{\"@type\":\"WebPage\",\"@id\":\"https:\/\/terrasdebasto.pt\/?p=4864\",\"url\":\"https:\/\/terrasdebasto.pt\/?p=4864\",\"name\":\"Faleceu Jos\u00e9 Gon\u00e7alves Lopes - Jornal Terras de Basto\",\"isPartOf\":{\"@id\":\"https:\/\/terrasdebasto.pt\/#website\"},\"primaryImageOfPage\":{\"@id\":\"https:\/\/terrasdebasto.pt\/?p=4864#primaryimage\"},\"image\":{\"@id\":\"https:\/\/terrasdebasto.pt\/?p=4864#primaryimage\"},\"thumbnailUrl\":\"https:\/\/terrasdebasto.pt\/wp-content\/uploads\/2025\/11\/JOSE-LOPES.jpg\",\"datePublished\":\"2025-11-10T11:44:57+00:00\",\"dateModified\":\"2025-11-10T12:25:22+00:00\",\"description\":\"Jos\u00e9 Gon\u00e7alves Lopes, uma das mais truculentas figuras do Partido Socialista em Cabeceiras de Basto e diretor do seu jornal local, faleceu esta segunda-feira (10), anunciou o peri\u00f3dico.\",\"breadcrumb\":{\"@id\":\"https:\/\/terrasdebasto.pt\/?p=4864#breadcrumb\"},\"inLanguage\":\"pt-PT\",\"potentialAction\":[{\"@type\":\"ReadAction\",\"target\":[\"https:\/\/terrasdebasto.pt\/?p=4864\"]}]},{\"@type\":\"ImageObject\",\"inLanguage\":\"pt-PT\",\"@id\":\"https:\/\/terrasdebasto.pt\/?p=4864#primaryimage\",\"url\":\"https:\/\/terrasdebasto.pt\/wp-content\/uploads\/2025\/11\/JOSE-LOPES.jpg\",\"contentUrl\":\"https:\/\/terrasdebasto.pt\/wp-content\/uploads\/2025\/11\/JOSE-LOPES.jpg\",\"width\":486,\"height\":305},{\"@type\":\"BreadcrumbList\",\"@id\":\"https:\/\/terrasdebasto.pt\/?p=4864#breadcrumb\",\"itemListElement\":[{\"@type\":\"ListItem\",\"position\":1,\"name\":\"In\u00edcio\",\"item\":\"https:\/\/terrasdebasto.pt\/\"},{\"@type\":\"ListItem\",\"position\":2,\"name\":\"Faleceu Jos\u00e9 Gon\u00e7alves Lopes\"}]},{\"@type\":\"WebSite\",\"@id\":\"https:\/\/terrasdebasto.pt\/#website\",\"url\":\"https:\/\/terrasdebasto.pt\/\",\"name\":\"Jornal Terras de Basto\",\"description\":\"\",\"publisher\":{\"@id\":\"https:\/\/terrasdebasto.pt\/#organization\"},\"potentialAction\":[{\"@type\":\"SearchAction\",\"target\":{\"@type\":\"EntryPoint\",\"urlTemplate\":\"https:\/\/terrasdebasto.pt\/?s={search_term_string}\"},\"query-input\":{\"@type\":\"PropertyValueSpecification\",\"valueRequired\":true,\"valueName\":\"search_term_string\"}}],\"inLanguage\":\"pt-PT\"},{\"@type\":\"Organization\",\"@id\":\"https:\/\/terrasdebasto.pt\/#organization\",\"name\":\"Jornal Terras de Basto\",\"url\":\"https:\/\/terrasdebasto.pt\/\",\"logo\":{\"@type\":\"ImageObject\",\"inLanguage\":\"pt-PT\",\"@id\":\"https:\/\/terrasdebasto.pt\/#\/schema\/logo\/image\/\",\"url\":\"https:\/\/terrasdebasto.pt\/wp-content\/uploads\/2024\/06\/LogoNormal.png\",\"contentUrl\":\"https:\/\/terrasdebasto.pt\/wp-content\/uploads\/2024\/06\/LogoNormal.png\",\"width\":5638,\"height\":809,\"caption\":\"Jornal Terras de Basto\"},\"image\":{\"@id\":\"https:\/\/terrasdebasto.pt\/#\/schema\/logo\/image\/\"}},{\"@type\":\"Person\",\"@id\":\"https:\/\/terrasdebasto.pt\/#\/schema\/person\/9f6739f5394ac65c802641773b278b84\",\"name\":\"Jo\u00e3o Paulo Mesquita\",\"image\":{\"@type\":\"ImageObject\",\"inLanguage\":\"pt-PT\",\"@id\":\"https:\/\/terrasdebasto.pt\/#\/schema\/person\/image\/\",\"url\":\"https:\/\/secure.gravatar.com\/avatar\/9bd0f299e6d96336664aab64354168246a3ee3287c47891c50d450e47ed9d7f9?s=96&d=mm&r=g\",\"contentUrl\":\"https:\/\/secure.gravatar.com\/avatar\/9bd0f299e6d96336664aab64354168246a3ee3287c47891c50d450e47ed9d7f9?s=96&d=mm&r=g\",\"caption\":\"Jo\u00e3o Paulo Mesquita\"},\"url\":\"https:\/\/terrasdebasto.pt\/?author=7\"}]}<\/script>\n<!-- \/ Yoast SEO plugin. -->","yoast_head_json":{"title":"Faleceu Jos\u00e9 Gon\u00e7alves Lopes - Jornal Terras de Basto","description":"Jos\u00e9 Gon\u00e7alves Lopes, uma das mais truculentas figuras do Partido Socialista em Cabeceiras de Basto e diretor do seu jornal local, faleceu esta segunda-feira (10), anunciou o peri\u00f3dico.","robots":{"index":"index","follow":"follow","max-snippet":"max-snippet:-1","max-image-preview":"max-image-preview:large","max-video-preview":"max-video-preview:-1"},"canonical":"https:\/\/terrasdebasto.pt\/?p=4864","og_locale":"pt_PT","og_type":"article","og_title":"Faleceu Jos\u00e9 Gon\u00e7alves Lopes - Jornal Terras de Basto","og_description":"Jos\u00e9 Gon\u00e7alves Lopes, uma das mais truculentas figuras do Partido Socialista em Cabeceiras de Basto e diretor do seu jornal local, faleceu esta segunda-feira (10), anunciou o peri\u00f3dico.","og_url":"https:\/\/terrasdebasto.pt\/?p=4864","og_site_name":"Jornal Terras de Basto","article_published_time":"2025-11-10T11:44:57+00:00","article_modified_time":"2025-11-10T12:25:22+00:00","og_image":[{"width":486,"height":305,"url":"https:\/\/terrasdebasto.pt\/wp-content\/uploads\/2025\/11\/JOSE-LOPES.jpg","type":"image\/jpeg"}],"author":"Jo\u00e3o Paulo Mesquita","twitter_card":"summary_large_image","twitter_misc":{"Escrito por":"Jo\u00e3o Paulo Mesquita","Tempo estimado de leitura":"1 minuto"},"schema":{"@context":"https:\/\/schema.org","@graph":[{"@type":"Article","@id":"https:\/\/terrasdebasto.pt\/?p=4864#article","isPartOf":{"@id":"https:\/\/terrasdebasto.pt\/?p=4864"},"author":{"name":"Jo\u00e3o Paulo Mesquita","@id":"https:\/\/terrasdebasto.pt\/#\/schema\/person\/9f6739f5394ac65c802641773b278b84"},"headline":"Faleceu Jos\u00e9 Gon\u00e7alves Lopes","datePublished":"2025-11-10T11:44:57+00:00","dateModified":"2025-11-10T12:25:22+00:00","mainEntityOfPage":{"@id":"https:\/\/terrasdebasto.pt\/?p=4864"},"wordCount":112,"commentCount":0,"publisher":{"@id":"https:\/\/terrasdebasto.pt\/#organization"},"image":{"@id":"https:\/\/terrasdebasto.pt\/?p=4864#primaryimage"},"thumbnailUrl":"https:\/\/terrasdebasto.pt\/wp-content\/uploads\/2025\/11\/JOSE-LOPES.jpg","keywords":["Cabeceiras de Basto","Jos\u00e9 Gon\u00e7alves Lopes","\u00d3bito","Partido Socialista"],"articleSection":["Cabeceiras de Basto"],"inLanguage":"pt-PT","potentialAction":[{"@type":"CommentAction","name":"Comment","target":["https:\/\/terrasdebasto.pt\/?p=4864#respond"]}]},{"@type":"WebPage","@id":"https:\/\/terrasdebasto.pt\/?p=4864","url":"https:\/\/terrasdebasto.pt\/?p=4864","name":"Faleceu Jos\u00e9 Gon\u00e7alves Lopes - Jornal Terras de Basto","isPartOf":{"@id":"https:\/\/terrasdebasto.pt\/#website"},"primaryImageOfPage":{"@id":"https:\/\/terrasdebasto.pt\/?p=4864#primaryimage"},"image":{"@id":"https:\/\/terrasdebasto.pt\/?p=4864#primaryimage"},"thumbnailUrl":"https:\/\/terrasdebasto.pt\/wp-content\/uploads\/2025\/11\/JOSE-LOPES.jpg","datePublished":"2025-11-10T11:44:57+00:00","dateModified":"2025-11-10T12:25:22+00:00","description":"Jos\u00e9 Gon\u00e7alves Lopes, uma das mais truculentas figuras do Partido Socialista em Cabeceiras de Basto e diretor do seu jornal local, faleceu esta segunda-feira (10), anunciou o peri\u00f3dico.","breadcrumb":{"@id":"https:\/\/terrasdebasto.pt\/?p=4864#breadcrumb"},"inLanguage":"pt-PT","potentialAction":[{"@type":"ReadAction","target":["https:\/\/terrasdebasto.pt\/?p=4864"]}]},{"@type":"ImageObject","inLanguage":"pt-PT","@id":"https:\/\/terrasdebasto.pt\/?p=4864#primaryimage","url":"https:\/\/terrasdebasto.pt\/wp-content\/uploads\/2025\/11\/JOSE-LOPES.jpg","contentUrl":"https:\/\/terrasdebasto.pt\/wp-content\/uploads\/2025\/11\/JOSE-LOPES.jpg","width":486,"height":305},{"@type":"BreadcrumbList","@id":"https:\/\/terrasdebasto.pt\/?p=4864#breadcrumb","itemListElement":[{"@type":"ListItem","position":1,"name":"In\u00edcio","item":"https:\/\/terrasdebasto.pt\/"},{"@type":"ListItem","position":2,"name":"Faleceu Jos\u00e9 Gon\u00e7alves Lopes"}]},{"@type":"WebSite","@id":"https:\/\/terrasdebasto.pt\/#website","url":"https:\/\/terrasdebasto.pt\/","name":"Jornal Terras de Basto","description":"","publisher":{"@id":"https:\/\/terrasdebasto.pt\/#organization"},"potentialAction":[{"@type":"SearchAction","target":{"@type":"EntryPoint","urlTemplate":"https:\/\/terrasdebasto.pt\/?s={search_term_string}"},"query-input":{"@type":"PropertyValueSpecification","valueRequired":true,"valueName":"search_term_string"}}],"inLanguage":"pt-PT"},{"@type":"Organization","@id":"https:\/\/terrasdebasto.pt\/#organization","name":"Jornal Terras de Basto","url":"https:\/\/terrasdebasto.pt\/","logo":{"@type":"ImageObject","inLanguage":"pt-PT","@id":"https:\/\/terrasdebasto.pt\/#\/schema\/logo\/image\/","url":"https:\/\/terrasdebasto.pt\/wp-content\/uploads\/2024\/06\/LogoNormal.png","contentUrl":"https:\/\/terrasdebasto.pt\/wp-content\/uploads\/2024\/06\/LogoNormal.png","width":5638,"height":809,"caption":"Jornal Terras de Basto"},"image":{"@id":"https:\/\/terrasdebasto.pt\/#\/schema\/logo\/image\/"}},{"@type":"Person","@id":"https:\/\/terrasdebasto.pt\/#\/schema\/person\/9f6739f5394ac65c802641773b278b84","name":"Jo\u00e3o Paulo Mesquita","image":{"@type":"ImageObject","inLanguage":"pt-PT","@id":"https:\/\/terrasdebasto.pt\/#\/schema\/person\/image\/","url":"https:\/\/secure.gravatar.com\/avatar\/9bd0f299e6d96336664aab64354168246a3ee3287c47891c50d450e47ed9d7f9?s=96&d=mm&r=g","contentUrl":"https:\/\/secure.gravatar.com\/avatar\/9bd0f299e6d96336664aab64354168246a3ee3287c47891c50d450e47ed9d7f9?s=96&d=mm&r=g","caption":"Jo\u00e3o Paulo Mesquita"},"url":"https:\/\/terrasdebasto.pt\/?author=7"}]}},"_links":{"self":[{"href":"https:\/\/terrasdebasto.pt\/index.php?rest_route=\/wp\/v2\/posts\/4864","targetHints":{"allow":["GET"]}}],"collection":[{"href":"https:\/\/terrasdebasto.pt\/index.php?rest_route=\/wp\/v2\/posts"}],"about":[{"href":"https:\/\/terrasdebasto.pt\/index.php?rest_route=\/wp\/v2\/types\/post"}],"author":[{"embeddable":true,"href":"https:\/\/terrasdebasto.pt\/index.php?rest_route=\/wp\/v2\/users\/7"}],"replies":[{"embeddable":true,"href":"https:\/\/terrasdebasto.pt\/index.php?rest_route=%2Fwp%2Fv2%2Fcomments&post=4864"}],"version-history":[{"count":3,"href":"https:\/\/terrasdebasto.pt\/index.php?rest_route=\/wp\/v2\/posts\/4864\/revisions"}],"predecessor-version":[{"id":4868,"href":"https:\/\/terrasdebasto.pt\/index.php?rest_route=\/wp\/v2\/posts\/4864\/revisions\/4868"}],"wp:featuredmedia":[{"embeddable":true,"href":"https:\/\/terrasdebasto.pt\/index.php?rest_route=\/wp\/v2\/media\/4865"}],"wp:attachment":[{"href":"https:\/\/terrasdebasto.pt\/index.php?rest_route=%2Fwp%2Fv2%2Fmedia&parent=4864"}],"wp:term":[{"taxonomy":"category","embeddable":true,"href":"https:\/\/terrasdebasto.pt\/index.php?rest_route=%2Fwp%2Fv2%2Fcategories&post=4864"},{"taxonomy":"post_tag","embeddable":true,"href":"https:\/\/terrasdebasto.pt\/index.php?rest_route=%2Fwp%2Fv2%2Ftags&post=4864"}],"curies":[{"name":"wp","href":"https:\/\/api.w.org\/{rel}","templated":true}]}}