{"id":4861,"date":"2025-11-09T18:32:07","date_gmt":"2025-11-09T18:32:07","guid":{"rendered":"https:\/\/terrasdebasto.pt\/?p=4861"},"modified":"2025-11-09T18:32:08","modified_gmt":"2025-11-09T18:32:08","slug":"festival-de-tunas-academicas-de-regresso-a-celorico","status":"publish","type":"post","link":"https:\/\/terrasdebasto.pt\/?p=4861","title":{"rendered":"Festival de tunas acad\u00e9micas de regresso a Celorico"},"content":{"rendered":"\n<p><\/p>\n\n\n\n<p><strong>O \u201cTunacel\u201d, um festival de tunas universit\u00e1rias criado em 2019 por jovens estudantes do concelho, est\u00e1 de regresso a Celorico de Basto, a 21 e 22 de novembro, integrado, como nos \u00faltimos anos, no programa oficial da Feira Anual de Santa Catarina.<\/strong><\/p>\n\n\n\n<p>Ano ap\u00f3s ano, com interregno na pandemia, o certame tem ganho relev\u00e2ncia junto da comunidade, contando agora com a participa\u00e7\u00e3o de quatro tunas universit\u00e1rias, num fim de semana marcado pela m\u00fasica e pelas tradi\u00e7\u00f5es, a que se junta assim o esp\u00edrito acad\u00e9mico.<\/p>\n\n\n\n<p>O programa do festival inicia-se sexta-feira (21, 22h00) com um \u201cArraial Minhoto\u201d junto \u00e0 Casa da Terra, com entrada livre. No s\u00e1bado (22), as tunas percorrem, durante a tarde, as ruas da vila no habitual \u201cpasacalles\u201d. \u00c0 noite (21h00), realiza-se o grande espet\u00e1culo no audit\u00f3rio dos bombeiros, em que parte da receita reverte para a associa\u00e7\u00e3o humanit\u00e1ria.<\/p>\n\n\n\n<p>As convidadas deste ano s\u00e3o a \u201cDesertuna &#8211; Tuna Acad\u00e9mica da Universidade da Beira Interior\u201d, a Tuna de Engenharia da Universidade do Porto, a Tuna Acad\u00e9mica de Biom\u00e9dicas e a Tuna Feminina do Instituto Superior de Engenharia do Porto.<\/p>\n\n\n\n<p>A organiza\u00e7\u00e3o convida os leitores do Terras de Basto a participar neste festival, \u00abusando ent\u00e3o o traje universit\u00e1rio ou simplesmente a capa, o que ser\u00e1 apreciado, relembrando os bons velhos tempos de universidade\u00bb.<\/p>\n","protected":false},"excerpt":{"rendered":"<p>O \u201cTunacel\u201d, um festival de tunas universit\u00e1rias criado em 2019 por jovens estudantes do concelho, est\u00e1 de regresso a Celorico de Basto, a 21 e 22 de novembro, integrado, como nos \u00faltimos anos, no programa oficial da Feira Anual de Santa Catarina. Ano ap\u00f3s ano, com interregno na pandemia, o certame tem ganho relev\u00e2ncia junto [&hellip;]<\/p>\n","protected":false},"author":7,"featured_media":4862,"comment_status":"open","ping_status":"open","sticky":false,"template":"","format":"standard","meta":{"footnotes":""},"categories":[13,7,11,9],"tags":[1142,1141,1140],"class_list":{"0":"post-4861","1":"post","2":"type-post","3":"status-publish","4":"format-standard","5":"has-post-thumbnail","7":"category-celorico-de-basto","8":"category-cultura","9":"category-educacao","10":"category-terras-de-basto","11":"tag-feira-anual-de-santa-catarina","12":"tag-festival-de-tunas-de-celorico-de-basto","13":"tag-tunas-academicas"},"yoast_head":"<!-- This site is optimized with the Yoast SEO plugin v25.7 - https:\/\/yoast.com\/wordpress\/plugins\/seo\/ -->\n<title>Festival de tunas acad\u00e9micas de regresso a Celorico - Jornal Terras de Basto<\/title>\n<meta name=\"description\" content=\"O \u201cTunacel\u201d, um festival de tunas universit\u00e1rias criado em 2019 por jovens estudantes do concelho, est\u00e1 de regresso a Celorico de Basto, a 21 e 22 de novembro, integrado, como nos \u00faltimos anos, no programa oficial da Feira Anual de Santa Catarina.\" \/>\n<meta name=\"robots\" content=\"index, follow, max-snippet:-1, max-image-preview:large, max-video-preview:-1\" \/>\n<link rel=\"canonical\" href=\"https:\/\/terrasdebasto.pt\/?p=4861\" \/>\n<meta property=\"og:locale\" content=\"pt_PT\" \/>\n<meta property=\"og:type\" content=\"article\" \/>\n<meta property=\"og:title\" content=\"Festival de tunas acad\u00e9micas de regresso a Celorico - Jornal Terras de Basto\" \/>\n<meta property=\"og:description\" content=\"O \u201cTunacel\u201d, um festival de tunas universit\u00e1rias criado em 2019 por jovens estudantes do concelho, est\u00e1 de regresso a Celorico de Basto, a 21 e 22 de novembro, integrado, como nos \u00faltimos anos, no programa oficial da Feira Anual de Santa Catarina.\" \/>\n<meta property=\"og:url\" content=\"https:\/\/terrasdebasto.pt\/?p=4861\" \/>\n<meta property=\"og:site_name\" content=\"Jornal Terras de Basto\" \/>\n<meta property=\"article:published_time\" content=\"2025-11-09T18:32:07+00:00\" \/>\n<meta property=\"article:modified_time\" content=\"2025-11-09T18:32:08+00:00\" \/>\n<meta property=\"og:image\" content=\"https:\/\/terrasdebasto.pt\/wp-content\/uploads\/2025\/11\/TUNACEL-01.jpg\" \/>\n\t<meta property=\"og:image:width\" content=\"1365\" \/>\n\t<meta property=\"og:image:height\" content=\"1322\" \/>\n\t<meta property=\"og:image:type\" content=\"image\/jpeg\" \/>\n<meta name=\"author\" content=\"Jo\u00e3o Paulo Mesquita\" \/>\n<meta name=\"twitter:card\" content=\"summary_large_image\" \/>\n<meta name=\"twitter:label1\" content=\"Escrito por\" \/>\n\t<meta name=\"twitter:data1\" content=\"Jo\u00e3o Paulo Mesquita\" \/>\n\t<meta name=\"twitter:label2\" content=\"Tempo estimado de leitura\" \/>\n\t<meta name=\"twitter:data2\" content=\"2 minutos\" \/>\n<script type=\"application\/ld+json\" class=\"yoast-schema-graph\">{\"@context\":\"https:\/\/schema.org\",\"@graph\":[{\"@type\":\"Article\",\"@id\":\"https:\/\/terrasdebasto.pt\/?p=4861#article\",\"isPartOf\":{\"@id\":\"https:\/\/terrasdebasto.pt\/?p=4861\"},\"author\":{\"name\":\"Jo\u00e3o Paulo Mesquita\",\"@id\":\"https:\/\/terrasdebasto.pt\/#\/schema\/person\/9f6739f5394ac65c802641773b278b84\"},\"headline\":\"Festival de tunas acad\u00e9micas de regresso a Celorico\",\"datePublished\":\"2025-11-09T18:32:07+00:00\",\"dateModified\":\"2025-11-09T18:32:08+00:00\",\"mainEntityOfPage\":{\"@id\":\"https:\/\/terrasdebasto.pt\/?p=4861\"},\"wordCount\":236,\"commentCount\":0,\"publisher\":{\"@id\":\"https:\/\/terrasdebasto.pt\/#organization\"},\"image\":{\"@id\":\"https:\/\/terrasdebasto.pt\/?p=4861#primaryimage\"},\"thumbnailUrl\":\"https:\/\/terrasdebasto.pt\/wp-content\/uploads\/2025\/11\/TUNACEL-01.jpg\",\"keywords\":[\"Feira Anual de Santa Catarina\",\"Festival de Tunas de Celorico de Basto\",\"Tunas Acad\u00e9micas\"],\"articleSection\":[\"Celorico de Basto\",\"Cultura\",\"Educa\u00e7\u00e3o\",\"Terras de Basto\"],\"inLanguage\":\"pt-PT\",\"potentialAction\":[{\"@type\":\"CommentAction\",\"name\":\"Comment\",\"target\":[\"https:\/\/terrasdebasto.pt\/?p=4861#respond\"]}]},{\"@type\":\"WebPage\",\"@id\":\"https:\/\/terrasdebasto.pt\/?p=4861\",\"url\":\"https:\/\/terrasdebasto.pt\/?p=4861\",\"name\":\"Festival de tunas acad\u00e9micas de regresso a Celorico - Jornal Terras de Basto\",\"isPartOf\":{\"@id\":\"https:\/\/terrasdebasto.pt\/#website\"},\"primaryImageOfPage\":{\"@id\":\"https:\/\/terrasdebasto.pt\/?p=4861#primaryimage\"},\"image\":{\"@id\":\"https:\/\/terrasdebasto.pt\/?p=4861#primaryimage\"},\"thumbnailUrl\":\"https:\/\/terrasdebasto.pt\/wp-content\/uploads\/2025\/11\/TUNACEL-01.jpg\",\"datePublished\":\"2025-11-09T18:32:07+00:00\",\"dateModified\":\"2025-11-09T18:32:08+00:00\",\"description\":\"O \u201cTunacel\u201d, um festival de tunas universit\u00e1rias criado em 2019 por jovens estudantes do concelho, est\u00e1 de regresso a Celorico de Basto, a 21 e 22 de novembro, integrado, como nos \u00faltimos anos, no programa oficial da Feira Anual de Santa Catarina.\",\"breadcrumb\":{\"@id\":\"https:\/\/terrasdebasto.pt\/?p=4861#breadcrumb\"},\"inLanguage\":\"pt-PT\",\"potentialAction\":[{\"@type\":\"ReadAction\",\"target\":[\"https:\/\/terrasdebasto.pt\/?p=4861\"]}]},{\"@type\":\"ImageObject\",\"inLanguage\":\"pt-PT\",\"@id\":\"https:\/\/terrasdebasto.pt\/?p=4861#primaryimage\",\"url\":\"https:\/\/terrasdebasto.pt\/wp-content\/uploads\/2025\/11\/TUNACEL-01.jpg\",\"contentUrl\":\"https:\/\/terrasdebasto.pt\/wp-content\/uploads\/2025\/11\/TUNACEL-01.jpg\",\"width\":1365,\"height\":1322},{\"@type\":\"BreadcrumbList\",\"@id\":\"https:\/\/terrasdebasto.pt\/?p=4861#breadcrumb\",\"itemListElement\":[{\"@type\":\"ListItem\",\"position\":1,\"name\":\"In\u00edcio\",\"item\":\"https:\/\/terrasdebasto.pt\/\"},{\"@type\":\"ListItem\",\"position\":2,\"name\":\"Festival de tunas acad\u00e9micas de regresso a Celorico\"}]},{\"@type\":\"WebSite\",\"@id\":\"https:\/\/terrasdebasto.pt\/#website\",\"url\":\"https:\/\/terrasdebasto.pt\/\",\"name\":\"Jornal Terras de Basto\",\"description\":\"\",\"publisher\":{\"@id\":\"https:\/\/terrasdebasto.pt\/#organization\"},\"potentialAction\":[{\"@type\":\"SearchAction\",\"target\":{\"@type\":\"EntryPoint\",\"urlTemplate\":\"https:\/\/terrasdebasto.pt\/?s={search_term_string}\"},\"query-input\":{\"@type\":\"PropertyValueSpecification\",\"valueRequired\":true,\"valueName\":\"search_term_string\"}}],\"inLanguage\":\"pt-PT\"},{\"@type\":\"Organization\",\"@id\":\"https:\/\/terrasdebasto.pt\/#organization\",\"name\":\"Jornal Terras de Basto\",\"url\":\"https:\/\/terrasdebasto.pt\/\",\"logo\":{\"@type\":\"ImageObject\",\"inLanguage\":\"pt-PT\",\"@id\":\"https:\/\/terrasdebasto.pt\/#\/schema\/logo\/image\/\",\"url\":\"https:\/\/terrasdebasto.pt\/wp-content\/uploads\/2024\/06\/LogoNormal.png\",\"contentUrl\":\"https:\/\/terrasdebasto.pt\/wp-content\/uploads\/2024\/06\/LogoNormal.png\",\"width\":5638,\"height\":809,\"caption\":\"Jornal Terras de Basto\"},\"image\":{\"@id\":\"https:\/\/terrasdebasto.pt\/#\/schema\/logo\/image\/\"}},{\"@type\":\"Person\",\"@id\":\"https:\/\/terrasdebasto.pt\/#\/schema\/person\/9f6739f5394ac65c802641773b278b84\",\"name\":\"Jo\u00e3o Paulo Mesquita\",\"image\":{\"@type\":\"ImageObject\",\"inLanguage\":\"pt-PT\",\"@id\":\"https:\/\/terrasdebasto.pt\/#\/schema\/person\/image\/\",\"url\":\"https:\/\/secure.gravatar.com\/avatar\/9bd0f299e6d96336664aab64354168246a3ee3287c47891c50d450e47ed9d7f9?s=96&d=mm&r=g\",\"contentUrl\":\"https:\/\/secure.gravatar.com\/avatar\/9bd0f299e6d96336664aab64354168246a3ee3287c47891c50d450e47ed9d7f9?s=96&d=mm&r=g\",\"caption\":\"Jo\u00e3o Paulo Mesquita\"},\"url\":\"https:\/\/terrasdebasto.pt\/?author=7\"}]}<\/script>\n<!-- \/ Yoast SEO plugin. -->","yoast_head_json":{"title":"Festival de tunas acad\u00e9micas de regresso a Celorico - Jornal Terras de Basto","description":"O \u201cTunacel\u201d, um festival de tunas universit\u00e1rias criado em 2019 por jovens estudantes do concelho, est\u00e1 de regresso a Celorico de Basto, a 21 e 22 de novembro, integrado, como nos \u00faltimos anos, no programa oficial da Feira Anual de Santa Catarina.","robots":{"index":"index","follow":"follow","max-snippet":"max-snippet:-1","max-image-preview":"max-image-preview:large","max-video-preview":"max-video-preview:-1"},"canonical":"https:\/\/terrasdebasto.pt\/?p=4861","og_locale":"pt_PT","og_type":"article","og_title":"Festival de tunas acad\u00e9micas de regresso a Celorico - Jornal Terras de Basto","og_description":"O \u201cTunacel\u201d, um festival de tunas universit\u00e1rias criado em 2019 por jovens estudantes do concelho, est\u00e1 de regresso a Celorico de Basto, a 21 e 22 de novembro, integrado, como nos \u00faltimos anos, no programa oficial da Feira Anual de Santa Catarina.","og_url":"https:\/\/terrasdebasto.pt\/?p=4861","og_site_name":"Jornal Terras de Basto","article_published_time":"2025-11-09T18:32:07+00:00","article_modified_time":"2025-11-09T18:32:08+00:00","og_image":[{"width":1365,"height":1322,"url":"https:\/\/terrasdebasto.pt\/wp-content\/uploads\/2025\/11\/TUNACEL-01.jpg","type":"image\/jpeg"}],"author":"Jo\u00e3o Paulo Mesquita","twitter_card":"summary_large_image","twitter_misc":{"Escrito por":"Jo\u00e3o Paulo Mesquita","Tempo estimado de leitura":"2 minutos"},"schema":{"@context":"https:\/\/schema.org","@graph":[{"@type":"Article","@id":"https:\/\/terrasdebasto.pt\/?p=4861#article","isPartOf":{"@id":"https:\/\/terrasdebasto.pt\/?p=4861"},"author":{"name":"Jo\u00e3o Paulo Mesquita","@id":"https:\/\/terrasdebasto.pt\/#\/schema\/person\/9f6739f5394ac65c802641773b278b84"},"headline":"Festival de tunas acad\u00e9micas de regresso a Celorico","datePublished":"2025-11-09T18:32:07+00:00","dateModified":"2025-11-09T18:32:08+00:00","mainEntityOfPage":{"@id":"https:\/\/terrasdebasto.pt\/?p=4861"},"wordCount":236,"commentCount":0,"publisher":{"@id":"https:\/\/terrasdebasto.pt\/#organization"},"image":{"@id":"https:\/\/terrasdebasto.pt\/?p=4861#primaryimage"},"thumbnailUrl":"https:\/\/terrasdebasto.pt\/wp-content\/uploads\/2025\/11\/TUNACEL-01.jpg","keywords":["Feira Anual de Santa Catarina","Festival de Tunas de Celorico de Basto","Tunas Acad\u00e9micas"],"articleSection":["Celorico de Basto","Cultura","Educa\u00e7\u00e3o","Terras de Basto"],"inLanguage":"pt-PT","potentialAction":[{"@type":"CommentAction","name":"Comment","target":["https:\/\/terrasdebasto.pt\/?p=4861#respond"]}]},{"@type":"WebPage","@id":"https:\/\/terrasdebasto.pt\/?p=4861","url":"https:\/\/terrasdebasto.pt\/?p=4861","name":"Festival de tunas acad\u00e9micas de regresso a Celorico - Jornal Terras de Basto","isPartOf":{"@id":"https:\/\/terrasdebasto.pt\/#website"},"primaryImageOfPage":{"@id":"https:\/\/terrasdebasto.pt\/?p=4861#primaryimage"},"image":{"@id":"https:\/\/terrasdebasto.pt\/?p=4861#primaryimage"},"thumbnailUrl":"https:\/\/terrasdebasto.pt\/wp-content\/uploads\/2025\/11\/TUNACEL-01.jpg","datePublished":"2025-11-09T18:32:07+00:00","dateModified":"2025-11-09T18:32:08+00:00","description":"O \u201cTunacel\u201d, um festival de tunas universit\u00e1rias criado em 2019 por jovens estudantes do concelho, est\u00e1 de regresso a Celorico de Basto, a 21 e 22 de novembro, integrado, como nos \u00faltimos anos, no programa oficial da Feira Anual de Santa Catarina.","breadcrumb":{"@id":"https:\/\/terrasdebasto.pt\/?p=4861#breadcrumb"},"inLanguage":"pt-PT","potentialAction":[{"@type":"ReadAction","target":["https:\/\/terrasdebasto.pt\/?p=4861"]}]},{"@type":"ImageObject","inLanguage":"pt-PT","@id":"https:\/\/terrasdebasto.pt\/?p=4861#primaryimage","url":"https:\/\/terrasdebasto.pt\/wp-content\/uploads\/2025\/11\/TUNACEL-01.jpg","contentUrl":"https:\/\/terrasdebasto.pt\/wp-content\/uploads\/2025\/11\/TUNACEL-01.jpg","width":1365,"height":1322},{"@type":"BreadcrumbList","@id":"https:\/\/terrasdebasto.pt\/?p=4861#breadcrumb","itemListElement":[{"@type":"ListItem","position":1,"name":"In\u00edcio","item":"https:\/\/terrasdebasto.pt\/"},{"@type":"ListItem","position":2,"name":"Festival de tunas acad\u00e9micas de regresso a Celorico"}]},{"@type":"WebSite","@id":"https:\/\/terrasdebasto.pt\/#website","url":"https:\/\/terrasdebasto.pt\/","name":"Jornal Terras de Basto","description":"","publisher":{"@id":"https:\/\/terrasdebasto.pt\/#organization"},"potentialAction":[{"@type":"SearchAction","target":{"@type":"EntryPoint","urlTemplate":"https:\/\/terrasdebasto.pt\/?s={search_term_string}"},"query-input":{"@type":"PropertyValueSpecification","valueRequired":true,"valueName":"search_term_string"}}],"inLanguage":"pt-PT"},{"@type":"Organization","@id":"https:\/\/terrasdebasto.pt\/#organization","name":"Jornal Terras de Basto","url":"https:\/\/terrasdebasto.pt\/","logo":{"@type":"ImageObject","inLanguage":"pt-PT","@id":"https:\/\/terrasdebasto.pt\/#\/schema\/logo\/image\/","url":"https:\/\/terrasdebasto.pt\/wp-content\/uploads\/2024\/06\/LogoNormal.png","contentUrl":"https:\/\/terrasdebasto.pt\/wp-content\/uploads\/2024\/06\/LogoNormal.png","width":5638,"height":809,"caption":"Jornal Terras de Basto"},"image":{"@id":"https:\/\/terrasdebasto.pt\/#\/schema\/logo\/image\/"}},{"@type":"Person","@id":"https:\/\/terrasdebasto.pt\/#\/schema\/person\/9f6739f5394ac65c802641773b278b84","name":"Jo\u00e3o Paulo Mesquita","image":{"@type":"ImageObject","inLanguage":"pt-PT","@id":"https:\/\/terrasdebasto.pt\/#\/schema\/person\/image\/","url":"https:\/\/secure.gravatar.com\/avatar\/9bd0f299e6d96336664aab64354168246a3ee3287c47891c50d450e47ed9d7f9?s=96&d=mm&r=g","contentUrl":"https:\/\/secure.gravatar.com\/avatar\/9bd0f299e6d96336664aab64354168246a3ee3287c47891c50d450e47ed9d7f9?s=96&d=mm&r=g","caption":"Jo\u00e3o Paulo Mesquita"},"url":"https:\/\/terrasdebasto.pt\/?author=7"}]}},"_links":{"self":[{"href":"https:\/\/terrasdebasto.pt\/index.php?rest_route=\/wp\/v2\/posts\/4861","targetHints":{"allow":["GET"]}}],"collection":[{"href":"https:\/\/terrasdebasto.pt\/index.php?rest_route=\/wp\/v2\/posts"}],"about":[{"href":"https:\/\/terrasdebasto.pt\/index.php?rest_route=\/wp\/v2\/types\/post"}],"author":[{"embeddable":true,"href":"https:\/\/terrasdebasto.pt\/index.php?rest_route=\/wp\/v2\/users\/7"}],"replies":[{"embeddable":true,"href":"https:\/\/terrasdebasto.pt\/index.php?rest_route=%2Fwp%2Fv2%2Fcomments&post=4861"}],"version-history":[{"count":1,"href":"https:\/\/terrasdebasto.pt\/index.php?rest_route=\/wp\/v2\/posts\/4861\/revisions"}],"predecessor-version":[{"id":4863,"href":"https:\/\/terrasdebasto.pt\/index.php?rest_route=\/wp\/v2\/posts\/4861\/revisions\/4863"}],"wp:featuredmedia":[{"embeddable":true,"href":"https:\/\/terrasdebasto.pt\/index.php?rest_route=\/wp\/v2\/media\/4862"}],"wp:attachment":[{"href":"https:\/\/terrasdebasto.pt\/index.php?rest_route=%2Fwp%2Fv2%2Fmedia&parent=4861"}],"wp:term":[{"taxonomy":"category","embeddable":true,"href":"https:\/\/terrasdebasto.pt\/index.php?rest_route=%2Fwp%2Fv2%2Fcategories&post=4861"},{"taxonomy":"post_tag","embeddable":true,"href":"https:\/\/terrasdebasto.pt\/index.php?rest_route=%2Fwp%2Fv2%2Ftags&post=4861"}],"curies":[{"name":"wp","href":"https:\/\/api.w.org\/{rel}","templated":true}]}}