{"id":4849,"date":"2025-11-07T14:59:22","date_gmt":"2025-11-07T14:59:22","guid":{"rendered":"https:\/\/terrasdebasto.pt\/?p=4849"},"modified":"2025-11-07T14:59:22","modified_gmt":"2025-11-07T14:59:22","slug":"caminhada-outonal-em-ribeira-de-pena","status":"publish","type":"post","link":"https:\/\/terrasdebasto.pt\/?p=4849","title":{"rendered":"\u201cCaminhada Outonal\u201d em Ribeira de Pena"},"content":{"rendered":"\n<p><\/p>\n\n\n\n<p><strong>Ribeira de Pena vai assinalar o Dia da Floresta Aut\u00f3ctone com a realiza\u00e7\u00e3o, a 22 de novembro, de uma \u201cCaminhada Outonal\u201d que pretende sensibilizar para a import\u00e2ncia das esp\u00e9cies aut\u00f3ctones e alertar para o avan\u00e7o das esp\u00e9cies invasoras.<\/strong><\/p>\n\n\n\n<p>\u00ab\u00c9 uma iniciativa que visa promover o territ\u00f3rio a partir de uma perspetiva integrada: floresta, patrim\u00f3nio e paisagem\u00bb, diz a entidade promotora, o Munic\u00edpio, adiantando que a concentra\u00e7\u00e3o, \u00e0s 08h00, se faz na Capela das Almas, em Cerva, e que a caminhada propriamente dita se inicia \u00e0s 09h00. A iniciativa compreende um \u00abmomento surpresa\u00bb na Ponte Rom\u00e2nica de Alvite.<\/p>\n\n\n\n<p>A caminhada, de dificuldade f\u00e1cil, tem cerca de 10 km de extens\u00e3o e cruza a tem\u00e1tica da floresta ao Caminho Portugu\u00eas de Santiago de Leon de Rosmithal. A inscri\u00e7\u00e3o pode ser feita em https:\/\/docs.google.com\/&#8230;\/1FAIpQLSeX8prcY7Z2el&#8230;\/viewform<\/p>\n","protected":false},"excerpt":{"rendered":"<p>Ribeira de Pena vai assinalar o Dia da Floresta Aut\u00f3ctone com a realiza\u00e7\u00e3o, a 22 de novembro, de uma \u201cCaminhada Outonal\u201d que pretende sensibilizar para a import\u00e2ncia das esp\u00e9cies aut\u00f3ctones e alertar para o avan\u00e7o das esp\u00e9cies invasoras. \u00ab\u00c9 uma iniciativa que visa promover o territ\u00f3rio a partir de uma perspetiva integrada: floresta, patrim\u00f3nio e [&hellip;]<\/p>\n","protected":false},"author":7,"featured_media":4850,"comment_status":"open","ping_status":"open","sticky":false,"template":"","format":"standard","meta":{"footnotes":""},"categories":[7,8,11,26,10,9],"tags":[],"class_list":{"0":"post-4849","1":"post","2":"type-post","3":"status-publish","4":"format-standard","5":"has-post-thumbnail","7":"category-cultura","8":"category-desporto","9":"category-educacao","10":"category-ribeira-de-pena","11":"category-saude","12":"category-terras-de-basto"},"yoast_head":"<!-- This site is optimized with the Yoast SEO plugin v25.7 - https:\/\/yoast.com\/wordpress\/plugins\/seo\/ -->\n<title>\u201cCaminhada Outonal\u201d em Ribeira de Pena - Jornal Terras de Basto<\/title>\n<meta name=\"description\" content=\"Ribeira de Pena vai assinalar o Dia da Floresta Aut\u00f3ctone com a realiza\u00e7\u00e3o, a 22 de novembro, de uma \u201cCaminhada Outonal\u201d que pretende sensibilizar para a import\u00e2ncia das esp\u00e9cies aut\u00f3ctones e alertar para o avan\u00e7o das esp\u00e9cies invasoras.\" \/>\n<meta name=\"robots\" content=\"index, follow, max-snippet:-1, max-image-preview:large, max-video-preview:-1\" \/>\n<link rel=\"canonical\" href=\"https:\/\/terrasdebasto.pt\/?p=4849\" \/>\n<meta property=\"og:locale\" content=\"pt_PT\" \/>\n<meta property=\"og:type\" content=\"article\" \/>\n<meta property=\"og:title\" content=\"\u201cCaminhada Outonal\u201d em Ribeira de Pena - Jornal Terras de Basto\" \/>\n<meta property=\"og:description\" content=\"Ribeira de Pena vai assinalar o Dia da Floresta Aut\u00f3ctone com a realiza\u00e7\u00e3o, a 22 de novembro, de uma \u201cCaminhada Outonal\u201d que pretende sensibilizar para a import\u00e2ncia das esp\u00e9cies aut\u00f3ctones e alertar para o avan\u00e7o das esp\u00e9cies invasoras.\" \/>\n<meta property=\"og:url\" content=\"https:\/\/terrasdebasto.pt\/?p=4849\" \/>\n<meta property=\"og:site_name\" content=\"Jornal Terras de Basto\" \/>\n<meta property=\"article:published_time\" content=\"2025-11-07T14:59:22+00:00\" \/>\n<meta property=\"og:image\" content=\"https:\/\/terrasdebasto.pt\/wp-content\/uploads\/2025\/11\/CAMINHADA-OUTONAL.jpg\" \/>\n\t<meta property=\"og:image:width\" content=\"1652\" \/>\n\t<meta property=\"og:image:height\" content=\"1367\" \/>\n\t<meta property=\"og:image:type\" content=\"image\/jpeg\" \/>\n<meta name=\"author\" content=\"Jo\u00e3o Paulo Mesquita\" \/>\n<meta name=\"twitter:card\" content=\"summary_large_image\" \/>\n<meta name=\"twitter:label1\" content=\"Escrito por\" \/>\n\t<meta name=\"twitter:data1\" content=\"Jo\u00e3o Paulo Mesquita\" \/>\n\t<meta name=\"twitter:label2\" content=\"Tempo estimado de leitura\" \/>\n\t<meta name=\"twitter:data2\" content=\"1 minuto\" \/>\n<script type=\"application\/ld+json\" class=\"yoast-schema-graph\">{\"@context\":\"https:\/\/schema.org\",\"@graph\":[{\"@type\":\"Article\",\"@id\":\"https:\/\/terrasdebasto.pt\/?p=4849#article\",\"isPartOf\":{\"@id\":\"https:\/\/terrasdebasto.pt\/?p=4849\"},\"author\":{\"name\":\"Jo\u00e3o Paulo Mesquita\",\"@id\":\"https:\/\/terrasdebasto.pt\/#\/schema\/person\/9f6739f5394ac65c802641773b278b84\"},\"headline\":\"\u201cCaminhada Outonal\u201d em Ribeira de Pena\",\"datePublished\":\"2025-11-07T14:59:22+00:00\",\"mainEntityOfPage\":{\"@id\":\"https:\/\/terrasdebasto.pt\/?p=4849\"},\"wordCount\":159,\"commentCount\":0,\"publisher\":{\"@id\":\"https:\/\/terrasdebasto.pt\/#organization\"},\"image\":{\"@id\":\"https:\/\/terrasdebasto.pt\/?p=4849#primaryimage\"},\"thumbnailUrl\":\"https:\/\/terrasdebasto.pt\/wp-content\/uploads\/2025\/11\/CAMINHADA-OUTONAL.jpg\",\"articleSection\":[\"Cultura\",\"Desporto\",\"Educa\u00e7\u00e3o\",\"Ribeira de Pena\",\"Sa\u00fade\",\"Terras de Basto\"],\"inLanguage\":\"pt-PT\",\"potentialAction\":[{\"@type\":\"CommentAction\",\"name\":\"Comment\",\"target\":[\"https:\/\/terrasdebasto.pt\/?p=4849#respond\"]}]},{\"@type\":\"WebPage\",\"@id\":\"https:\/\/terrasdebasto.pt\/?p=4849\",\"url\":\"https:\/\/terrasdebasto.pt\/?p=4849\",\"name\":\"\u201cCaminhada Outonal\u201d em Ribeira de Pena - Jornal Terras de Basto\",\"isPartOf\":{\"@id\":\"https:\/\/terrasdebasto.pt\/#website\"},\"primaryImageOfPage\":{\"@id\":\"https:\/\/terrasdebasto.pt\/?p=4849#primaryimage\"},\"image\":{\"@id\":\"https:\/\/terrasdebasto.pt\/?p=4849#primaryimage\"},\"thumbnailUrl\":\"https:\/\/terrasdebasto.pt\/wp-content\/uploads\/2025\/11\/CAMINHADA-OUTONAL.jpg\",\"datePublished\":\"2025-11-07T14:59:22+00:00\",\"description\":\"Ribeira de Pena vai assinalar o Dia da Floresta Aut\u00f3ctone com a realiza\u00e7\u00e3o, a 22 de novembro, de uma \u201cCaminhada Outonal\u201d que pretende sensibilizar para a import\u00e2ncia das esp\u00e9cies aut\u00f3ctones e alertar para o avan\u00e7o das esp\u00e9cies invasoras.\",\"breadcrumb\":{\"@id\":\"https:\/\/terrasdebasto.pt\/?p=4849#breadcrumb\"},\"inLanguage\":\"pt-PT\",\"potentialAction\":[{\"@type\":\"ReadAction\",\"target\":[\"https:\/\/terrasdebasto.pt\/?p=4849\"]}]},{\"@type\":\"ImageObject\",\"inLanguage\":\"pt-PT\",\"@id\":\"https:\/\/terrasdebasto.pt\/?p=4849#primaryimage\",\"url\":\"https:\/\/terrasdebasto.pt\/wp-content\/uploads\/2025\/11\/CAMINHADA-OUTONAL.jpg\",\"contentUrl\":\"https:\/\/terrasdebasto.pt\/wp-content\/uploads\/2025\/11\/CAMINHADA-OUTONAL.jpg\",\"width\":1652,\"height\":1367},{\"@type\":\"BreadcrumbList\",\"@id\":\"https:\/\/terrasdebasto.pt\/?p=4849#breadcrumb\",\"itemListElement\":[{\"@type\":\"ListItem\",\"position\":1,\"name\":\"In\u00edcio\",\"item\":\"https:\/\/terrasdebasto.pt\/\"},{\"@type\":\"ListItem\",\"position\":2,\"name\":\"\u201cCaminhada Outonal\u201d em Ribeira de Pena\"}]},{\"@type\":\"WebSite\",\"@id\":\"https:\/\/terrasdebasto.pt\/#website\",\"url\":\"https:\/\/terrasdebasto.pt\/\",\"name\":\"Jornal Terras de Basto\",\"description\":\"\",\"publisher\":{\"@id\":\"https:\/\/terrasdebasto.pt\/#organization\"},\"potentialAction\":[{\"@type\":\"SearchAction\",\"target\":{\"@type\":\"EntryPoint\",\"urlTemplate\":\"https:\/\/terrasdebasto.pt\/?s={search_term_string}\"},\"query-input\":{\"@type\":\"PropertyValueSpecification\",\"valueRequired\":true,\"valueName\":\"search_term_string\"}}],\"inLanguage\":\"pt-PT\"},{\"@type\":\"Organization\",\"@id\":\"https:\/\/terrasdebasto.pt\/#organization\",\"name\":\"Jornal Terras de Basto\",\"url\":\"https:\/\/terrasdebasto.pt\/\",\"logo\":{\"@type\":\"ImageObject\",\"inLanguage\":\"pt-PT\",\"@id\":\"https:\/\/terrasdebasto.pt\/#\/schema\/logo\/image\/\",\"url\":\"https:\/\/terrasdebasto.pt\/wp-content\/uploads\/2024\/06\/LogoNormal.png\",\"contentUrl\":\"https:\/\/terrasdebasto.pt\/wp-content\/uploads\/2024\/06\/LogoNormal.png\",\"width\":5638,\"height\":809,\"caption\":\"Jornal Terras de Basto\"},\"image\":{\"@id\":\"https:\/\/terrasdebasto.pt\/#\/schema\/logo\/image\/\"}},{\"@type\":\"Person\",\"@id\":\"https:\/\/terrasdebasto.pt\/#\/schema\/person\/9f6739f5394ac65c802641773b278b84\",\"name\":\"Jo\u00e3o Paulo Mesquita\",\"image\":{\"@type\":\"ImageObject\",\"inLanguage\":\"pt-PT\",\"@id\":\"https:\/\/terrasdebasto.pt\/#\/schema\/person\/image\/\",\"url\":\"https:\/\/secure.gravatar.com\/avatar\/9bd0f299e6d96336664aab64354168246a3ee3287c47891c50d450e47ed9d7f9?s=96&d=mm&r=g\",\"contentUrl\":\"https:\/\/secure.gravatar.com\/avatar\/9bd0f299e6d96336664aab64354168246a3ee3287c47891c50d450e47ed9d7f9?s=96&d=mm&r=g\",\"caption\":\"Jo\u00e3o Paulo Mesquita\"},\"url\":\"https:\/\/terrasdebasto.pt\/?author=7\"}]}<\/script>\n<!-- \/ Yoast SEO plugin. -->","yoast_head_json":{"title":"\u201cCaminhada Outonal\u201d em Ribeira de Pena - Jornal Terras de Basto","description":"Ribeira de Pena vai assinalar o Dia da Floresta Aut\u00f3ctone com a realiza\u00e7\u00e3o, a 22 de novembro, de uma \u201cCaminhada Outonal\u201d que pretende sensibilizar para a import\u00e2ncia das esp\u00e9cies aut\u00f3ctones e alertar para o avan\u00e7o das esp\u00e9cies invasoras.","robots":{"index":"index","follow":"follow","max-snippet":"max-snippet:-1","max-image-preview":"max-image-preview:large","max-video-preview":"max-video-preview:-1"},"canonical":"https:\/\/terrasdebasto.pt\/?p=4849","og_locale":"pt_PT","og_type":"article","og_title":"\u201cCaminhada Outonal\u201d em Ribeira de Pena - Jornal Terras de Basto","og_description":"Ribeira de Pena vai assinalar o Dia da Floresta Aut\u00f3ctone com a realiza\u00e7\u00e3o, a 22 de novembro, de uma \u201cCaminhada Outonal\u201d que pretende sensibilizar para a import\u00e2ncia das esp\u00e9cies aut\u00f3ctones e alertar para o avan\u00e7o das esp\u00e9cies invasoras.","og_url":"https:\/\/terrasdebasto.pt\/?p=4849","og_site_name":"Jornal Terras de Basto","article_published_time":"2025-11-07T14:59:22+00:00","og_image":[{"width":1652,"height":1367,"url":"https:\/\/terrasdebasto.pt\/wp-content\/uploads\/2025\/11\/CAMINHADA-OUTONAL.jpg","type":"image\/jpeg"}],"author":"Jo\u00e3o Paulo Mesquita","twitter_card":"summary_large_image","twitter_misc":{"Escrito por":"Jo\u00e3o Paulo Mesquita","Tempo estimado de leitura":"1 minuto"},"schema":{"@context":"https:\/\/schema.org","@graph":[{"@type":"Article","@id":"https:\/\/terrasdebasto.pt\/?p=4849#article","isPartOf":{"@id":"https:\/\/terrasdebasto.pt\/?p=4849"},"author":{"name":"Jo\u00e3o Paulo Mesquita","@id":"https:\/\/terrasdebasto.pt\/#\/schema\/person\/9f6739f5394ac65c802641773b278b84"},"headline":"\u201cCaminhada Outonal\u201d em Ribeira de Pena","datePublished":"2025-11-07T14:59:22+00:00","mainEntityOfPage":{"@id":"https:\/\/terrasdebasto.pt\/?p=4849"},"wordCount":159,"commentCount":0,"publisher":{"@id":"https:\/\/terrasdebasto.pt\/#organization"},"image":{"@id":"https:\/\/terrasdebasto.pt\/?p=4849#primaryimage"},"thumbnailUrl":"https:\/\/terrasdebasto.pt\/wp-content\/uploads\/2025\/11\/CAMINHADA-OUTONAL.jpg","articleSection":["Cultura","Desporto","Educa\u00e7\u00e3o","Ribeira de Pena","Sa\u00fade","Terras de Basto"],"inLanguage":"pt-PT","potentialAction":[{"@type":"CommentAction","name":"Comment","target":["https:\/\/terrasdebasto.pt\/?p=4849#respond"]}]},{"@type":"WebPage","@id":"https:\/\/terrasdebasto.pt\/?p=4849","url":"https:\/\/terrasdebasto.pt\/?p=4849","name":"\u201cCaminhada Outonal\u201d em Ribeira de Pena - Jornal Terras de Basto","isPartOf":{"@id":"https:\/\/terrasdebasto.pt\/#website"},"primaryImageOfPage":{"@id":"https:\/\/terrasdebasto.pt\/?p=4849#primaryimage"},"image":{"@id":"https:\/\/terrasdebasto.pt\/?p=4849#primaryimage"},"thumbnailUrl":"https:\/\/terrasdebasto.pt\/wp-content\/uploads\/2025\/11\/CAMINHADA-OUTONAL.jpg","datePublished":"2025-11-07T14:59:22+00:00","description":"Ribeira de Pena vai assinalar o Dia da Floresta Aut\u00f3ctone com a realiza\u00e7\u00e3o, a 22 de novembro, de uma \u201cCaminhada Outonal\u201d que pretende sensibilizar para a import\u00e2ncia das esp\u00e9cies aut\u00f3ctones e alertar para o avan\u00e7o das esp\u00e9cies invasoras.","breadcrumb":{"@id":"https:\/\/terrasdebasto.pt\/?p=4849#breadcrumb"},"inLanguage":"pt-PT","potentialAction":[{"@type":"ReadAction","target":["https:\/\/terrasdebasto.pt\/?p=4849"]}]},{"@type":"ImageObject","inLanguage":"pt-PT","@id":"https:\/\/terrasdebasto.pt\/?p=4849#primaryimage","url":"https:\/\/terrasdebasto.pt\/wp-content\/uploads\/2025\/11\/CAMINHADA-OUTONAL.jpg","contentUrl":"https:\/\/terrasdebasto.pt\/wp-content\/uploads\/2025\/11\/CAMINHADA-OUTONAL.jpg","width":1652,"height":1367},{"@type":"BreadcrumbList","@id":"https:\/\/terrasdebasto.pt\/?p=4849#breadcrumb","itemListElement":[{"@type":"ListItem","position":1,"name":"In\u00edcio","item":"https:\/\/terrasdebasto.pt\/"},{"@type":"ListItem","position":2,"name":"\u201cCaminhada Outonal\u201d em Ribeira de Pena"}]},{"@type":"WebSite","@id":"https:\/\/terrasdebasto.pt\/#website","url":"https:\/\/terrasdebasto.pt\/","name":"Jornal Terras de Basto","description":"","publisher":{"@id":"https:\/\/terrasdebasto.pt\/#organization"},"potentialAction":[{"@type":"SearchAction","target":{"@type":"EntryPoint","urlTemplate":"https:\/\/terrasdebasto.pt\/?s={search_term_string}"},"query-input":{"@type":"PropertyValueSpecification","valueRequired":true,"valueName":"search_term_string"}}],"inLanguage":"pt-PT"},{"@type":"Organization","@id":"https:\/\/terrasdebasto.pt\/#organization","name":"Jornal Terras de Basto","url":"https:\/\/terrasdebasto.pt\/","logo":{"@type":"ImageObject","inLanguage":"pt-PT","@id":"https:\/\/terrasdebasto.pt\/#\/schema\/logo\/image\/","url":"https:\/\/terrasdebasto.pt\/wp-content\/uploads\/2024\/06\/LogoNormal.png","contentUrl":"https:\/\/terrasdebasto.pt\/wp-content\/uploads\/2024\/06\/LogoNormal.png","width":5638,"height":809,"caption":"Jornal Terras de Basto"},"image":{"@id":"https:\/\/terrasdebasto.pt\/#\/schema\/logo\/image\/"}},{"@type":"Person","@id":"https:\/\/terrasdebasto.pt\/#\/schema\/person\/9f6739f5394ac65c802641773b278b84","name":"Jo\u00e3o Paulo Mesquita","image":{"@type":"ImageObject","inLanguage":"pt-PT","@id":"https:\/\/terrasdebasto.pt\/#\/schema\/person\/image\/","url":"https:\/\/secure.gravatar.com\/avatar\/9bd0f299e6d96336664aab64354168246a3ee3287c47891c50d450e47ed9d7f9?s=96&d=mm&r=g","contentUrl":"https:\/\/secure.gravatar.com\/avatar\/9bd0f299e6d96336664aab64354168246a3ee3287c47891c50d450e47ed9d7f9?s=96&d=mm&r=g","caption":"Jo\u00e3o Paulo Mesquita"},"url":"https:\/\/terrasdebasto.pt\/?author=7"}]}},"_links":{"self":[{"href":"https:\/\/terrasdebasto.pt\/index.php?rest_route=\/wp\/v2\/posts\/4849","targetHints":{"allow":["GET"]}}],"collection":[{"href":"https:\/\/terrasdebasto.pt\/index.php?rest_route=\/wp\/v2\/posts"}],"about":[{"href":"https:\/\/terrasdebasto.pt\/index.php?rest_route=\/wp\/v2\/types\/post"}],"author":[{"embeddable":true,"href":"https:\/\/terrasdebasto.pt\/index.php?rest_route=\/wp\/v2\/users\/7"}],"replies":[{"embeddable":true,"href":"https:\/\/terrasdebasto.pt\/index.php?rest_route=%2Fwp%2Fv2%2Fcomments&post=4849"}],"version-history":[{"count":1,"href":"https:\/\/terrasdebasto.pt\/index.php?rest_route=\/wp\/v2\/posts\/4849\/revisions"}],"predecessor-version":[{"id":4851,"href":"https:\/\/terrasdebasto.pt\/index.php?rest_route=\/wp\/v2\/posts\/4849\/revisions\/4851"}],"wp:featuredmedia":[{"embeddable":true,"href":"https:\/\/terrasdebasto.pt\/index.php?rest_route=\/wp\/v2\/media\/4850"}],"wp:attachment":[{"href":"https:\/\/terrasdebasto.pt\/index.php?rest_route=%2Fwp%2Fv2%2Fmedia&parent=4849"}],"wp:term":[{"taxonomy":"category","embeddable":true,"href":"https:\/\/terrasdebasto.pt\/index.php?rest_route=%2Fwp%2Fv2%2Fcategories&post=4849"},{"taxonomy":"post_tag","embeddable":true,"href":"https:\/\/terrasdebasto.pt\/index.php?rest_route=%2Fwp%2Fv2%2Ftags&post=4849"}],"curies":[{"name":"wp","href":"https:\/\/api.w.org\/{rel}","templated":true}]}}