{"id":4841,"date":"2025-11-07T13:25:44","date_gmt":"2025-11-07T13:25:44","guid":{"rendered":"https:\/\/terrasdebasto.pt\/?p=4841"},"modified":"2025-11-07T13:26:38","modified_gmt":"2025-11-07T13:26:38","slug":"empresario-veio-conhecer-cabeceiras-de-basto","status":"publish","type":"post","link":"https:\/\/terrasdebasto.pt\/?p=4841","title":{"rendered":"Empres\u00e1rio veio conhecer oportunidades em Cabeceiras de Basto"},"content":{"rendered":"\n<p><\/p>\n\n\n\n<p><strong>Um empres\u00e1rio interessado \u00abem conhecer oportunidades de investimento\u00bb em Cabeceiras de Basto esteve esta quinta-feira (6) na C\u00e2mara Municipal, tendo sido recebido pelo presidente da autarquia.<\/strong><\/p>\n\n\n\n<p>Sem que adiante mais informa\u00e7\u00e3o sobre o encontro ou a identidade do empres\u00e1rio em causa, o gabinete da presid\u00eancia diz que o empres\u00e1rio era acompanhado pelo eurodeputado social-democrata Paulo Cunha, ex-autarca famalicense e atual presidente da estrutura distrital do PSD\/Braga.<\/p>\n\n\n\n<p>\u00abO edil agradeceu a visita e apresentou as potencialidades econ\u00f3micas, industriais e territoriais do concelho, destacando os recursos dispon\u00edveis e as condi\u00e7\u00f5es favor\u00e1veis ao desenvolvimento de novos projetos empresariais\u00bb, diz uma nota oficial.<\/p>\n\n\n\n<p>A capta\u00e7\u00e3o de parceiros econ\u00f3micos \u2013 diz o gabinete da presid\u00eancia \u2013 constitui uma prioridade estrat\u00e9gica para Cabeceiras de Basto, \u00abpermitindo atrair investimento, refor\u00e7ar o tecido empresarial e criar novos postos de trabalho, contribuindo para o desenvolvimento sustent\u00e1vel do concelho\u00bb.<\/p>\n\n\n\n<p><\/p>\n","protected":false},"excerpt":{"rendered":"<p>Um empres\u00e1rio interessado \u00abem conhecer oportunidades de investimento\u00bb em Cabeceiras de Basto esteve esta quinta-feira (6) na C\u00e2mara Municipal, tendo sido recebido pelo presidente da autarquia. Sem que adiante mais informa\u00e7\u00e3o sobre o encontro ou a identidade do empres\u00e1rio em causa, o gabinete da presid\u00eancia diz que o empres\u00e1rio era acompanhado pelo eurodeputado social-democrata Paulo [&hellip;]<\/p>\n","protected":false},"author":7,"featured_media":4842,"comment_status":"open","ping_status":"open","sticky":false,"template":"","format":"standard","meta":{"footnotes":""},"categories":[12,9],"tags":[29,1135,772],"class_list":{"0":"post-4841","1":"post","2":"type-post","3":"status-publish","4":"format-standard","5":"has-post-thumbnail","7":"category-cabeceiras-de-basto","8":"category-terras-de-basto","9":"tag-cabeceiras-de-basto","10":"tag-empresarios","11":"tag-investimento"},"yoast_head":"<!-- This site is optimized with the Yoast SEO plugin v25.7 - https:\/\/yoast.com\/wordpress\/plugins\/seo\/ -->\n<title>Empres\u00e1rio veio conhecer oportunidades em Cabeceiras de Basto - Jornal Terras de Basto<\/title>\n<meta name=\"description\" content=\"Um empres\u00e1rio interessado \u00abem conhecer oportunidades de investimento\u00bb em Cabeceiras de Basto esteve esta quinta-feira (6) na C\u00e2mara Municipal, tendo sido recebido pelo presidente da autarquia.\" \/>\n<meta name=\"robots\" content=\"index, follow, max-snippet:-1, max-image-preview:large, max-video-preview:-1\" \/>\n<link rel=\"canonical\" href=\"https:\/\/terrasdebasto.pt\/?p=4841\" \/>\n<meta property=\"og:locale\" content=\"pt_PT\" \/>\n<meta property=\"og:type\" content=\"article\" \/>\n<meta property=\"og:title\" content=\"Empres\u00e1rio veio conhecer oportunidades em Cabeceiras de Basto - Jornal Terras de Basto\" \/>\n<meta property=\"og:description\" content=\"Um empres\u00e1rio interessado \u00abem conhecer oportunidades de investimento\u00bb em Cabeceiras de Basto esteve esta quinta-feira (6) na C\u00e2mara Municipal, tendo sido recebido pelo presidente da autarquia.\" \/>\n<meta property=\"og:url\" content=\"https:\/\/terrasdebasto.pt\/?p=4841\" \/>\n<meta property=\"og:site_name\" content=\"Jornal Terras de Basto\" \/>\n<meta property=\"article:published_time\" content=\"2025-11-07T13:25:44+00:00\" \/>\n<meta property=\"article:modified_time\" content=\"2025-11-07T13:26:38+00:00\" \/>\n<meta property=\"og:image\" content=\"https:\/\/terrasdebasto.pt\/wp-content\/uploads\/2025\/11\/PAULO-CUNHA.jpg\" \/>\n\t<meta property=\"og:image:width\" content=\"2048\" \/>\n\t<meta property=\"og:image:height\" content=\"1102\" \/>\n\t<meta property=\"og:image:type\" content=\"image\/jpeg\" \/>\n<meta name=\"author\" content=\"Jo\u00e3o Paulo Mesquita\" \/>\n<meta name=\"twitter:card\" content=\"summary_large_image\" \/>\n<meta name=\"twitter:label1\" content=\"Escrito por\" \/>\n\t<meta name=\"twitter:data1\" content=\"Jo\u00e3o Paulo Mesquita\" \/>\n\t<meta name=\"twitter:label2\" content=\"Tempo estimado de leitura\" \/>\n\t<meta name=\"twitter:data2\" content=\"1 minuto\" \/>\n<script type=\"application\/ld+json\" class=\"yoast-schema-graph\">{\"@context\":\"https:\/\/schema.org\",\"@graph\":[{\"@type\":\"Article\",\"@id\":\"https:\/\/terrasdebasto.pt\/?p=4841#article\",\"isPartOf\":{\"@id\":\"https:\/\/terrasdebasto.pt\/?p=4841\"},\"author\":{\"name\":\"Jo\u00e3o Paulo Mesquita\",\"@id\":\"https:\/\/terrasdebasto.pt\/#\/schema\/person\/9f6739f5394ac65c802641773b278b84\"},\"headline\":\"Empres\u00e1rio veio conhecer oportunidades em Cabeceiras de Basto\",\"datePublished\":\"2025-11-07T13:25:44+00:00\",\"dateModified\":\"2025-11-07T13:26:38+00:00\",\"mainEntityOfPage\":{\"@id\":\"https:\/\/terrasdebasto.pt\/?p=4841\"},\"wordCount\":162,\"commentCount\":0,\"publisher\":{\"@id\":\"https:\/\/terrasdebasto.pt\/#organization\"},\"image\":{\"@id\":\"https:\/\/terrasdebasto.pt\/?p=4841#primaryimage\"},\"thumbnailUrl\":\"https:\/\/terrasdebasto.pt\/wp-content\/uploads\/2025\/11\/PAULO-CUNHA.jpg\",\"keywords\":[\"Cabeceiras de Basto\",\"Empres\u00e1rios\",\"Investimento\"],\"articleSection\":[\"Cabeceiras de Basto\",\"Terras de Basto\"],\"inLanguage\":\"pt-PT\",\"potentialAction\":[{\"@type\":\"CommentAction\",\"name\":\"Comment\",\"target\":[\"https:\/\/terrasdebasto.pt\/?p=4841#respond\"]}]},{\"@type\":\"WebPage\",\"@id\":\"https:\/\/terrasdebasto.pt\/?p=4841\",\"url\":\"https:\/\/terrasdebasto.pt\/?p=4841\",\"name\":\"Empres\u00e1rio veio conhecer oportunidades em Cabeceiras de Basto - Jornal Terras de Basto\",\"isPartOf\":{\"@id\":\"https:\/\/terrasdebasto.pt\/#website\"},\"primaryImageOfPage\":{\"@id\":\"https:\/\/terrasdebasto.pt\/?p=4841#primaryimage\"},\"image\":{\"@id\":\"https:\/\/terrasdebasto.pt\/?p=4841#primaryimage\"},\"thumbnailUrl\":\"https:\/\/terrasdebasto.pt\/wp-content\/uploads\/2025\/11\/PAULO-CUNHA.jpg\",\"datePublished\":\"2025-11-07T13:25:44+00:00\",\"dateModified\":\"2025-11-07T13:26:38+00:00\",\"description\":\"Um empres\u00e1rio interessado \u00abem conhecer oportunidades de investimento\u00bb em Cabeceiras de Basto esteve esta quinta-feira (6) na C\u00e2mara Municipal, tendo sido recebido pelo presidente da autarquia.\",\"breadcrumb\":{\"@id\":\"https:\/\/terrasdebasto.pt\/?p=4841#breadcrumb\"},\"inLanguage\":\"pt-PT\",\"potentialAction\":[{\"@type\":\"ReadAction\",\"target\":[\"https:\/\/terrasdebasto.pt\/?p=4841\"]}]},{\"@type\":\"ImageObject\",\"inLanguage\":\"pt-PT\",\"@id\":\"https:\/\/terrasdebasto.pt\/?p=4841#primaryimage\",\"url\":\"https:\/\/terrasdebasto.pt\/wp-content\/uploads\/2025\/11\/PAULO-CUNHA.jpg\",\"contentUrl\":\"https:\/\/terrasdebasto.pt\/wp-content\/uploads\/2025\/11\/PAULO-CUNHA.jpg\",\"width\":2048,\"height\":1102},{\"@type\":\"BreadcrumbList\",\"@id\":\"https:\/\/terrasdebasto.pt\/?p=4841#breadcrumb\",\"itemListElement\":[{\"@type\":\"ListItem\",\"position\":1,\"name\":\"In\u00edcio\",\"item\":\"https:\/\/terrasdebasto.pt\/\"},{\"@type\":\"ListItem\",\"position\":2,\"name\":\"Empres\u00e1rio veio conhecer oportunidades em Cabeceiras de Basto\"}]},{\"@type\":\"WebSite\",\"@id\":\"https:\/\/terrasdebasto.pt\/#website\",\"url\":\"https:\/\/terrasdebasto.pt\/\",\"name\":\"Jornal Terras de Basto\",\"description\":\"\",\"publisher\":{\"@id\":\"https:\/\/terrasdebasto.pt\/#organization\"},\"potentialAction\":[{\"@type\":\"SearchAction\",\"target\":{\"@type\":\"EntryPoint\",\"urlTemplate\":\"https:\/\/terrasdebasto.pt\/?s={search_term_string}\"},\"query-input\":{\"@type\":\"PropertyValueSpecification\",\"valueRequired\":true,\"valueName\":\"search_term_string\"}}],\"inLanguage\":\"pt-PT\"},{\"@type\":\"Organization\",\"@id\":\"https:\/\/terrasdebasto.pt\/#organization\",\"name\":\"Jornal Terras de Basto\",\"url\":\"https:\/\/terrasdebasto.pt\/\",\"logo\":{\"@type\":\"ImageObject\",\"inLanguage\":\"pt-PT\",\"@id\":\"https:\/\/terrasdebasto.pt\/#\/schema\/logo\/image\/\",\"url\":\"https:\/\/terrasdebasto.pt\/wp-content\/uploads\/2024\/06\/LogoNormal.png\",\"contentUrl\":\"https:\/\/terrasdebasto.pt\/wp-content\/uploads\/2024\/06\/LogoNormal.png\",\"width\":5638,\"height\":809,\"caption\":\"Jornal Terras de Basto\"},\"image\":{\"@id\":\"https:\/\/terrasdebasto.pt\/#\/schema\/logo\/image\/\"}},{\"@type\":\"Person\",\"@id\":\"https:\/\/terrasdebasto.pt\/#\/schema\/person\/9f6739f5394ac65c802641773b278b84\",\"name\":\"Jo\u00e3o Paulo Mesquita\",\"image\":{\"@type\":\"ImageObject\",\"inLanguage\":\"pt-PT\",\"@id\":\"https:\/\/terrasdebasto.pt\/#\/schema\/person\/image\/\",\"url\":\"https:\/\/secure.gravatar.com\/avatar\/9bd0f299e6d96336664aab64354168246a3ee3287c47891c50d450e47ed9d7f9?s=96&d=mm&r=g\",\"contentUrl\":\"https:\/\/secure.gravatar.com\/avatar\/9bd0f299e6d96336664aab64354168246a3ee3287c47891c50d450e47ed9d7f9?s=96&d=mm&r=g\",\"caption\":\"Jo\u00e3o Paulo Mesquita\"},\"url\":\"https:\/\/terrasdebasto.pt\/?author=7\"}]}<\/script>\n<!-- \/ Yoast SEO plugin. -->","yoast_head_json":{"title":"Empres\u00e1rio veio conhecer oportunidades em Cabeceiras de Basto - Jornal Terras de Basto","description":"Um empres\u00e1rio interessado \u00abem conhecer oportunidades de investimento\u00bb em Cabeceiras de Basto esteve esta quinta-feira (6) na C\u00e2mara Municipal, tendo sido recebido pelo presidente da autarquia.","robots":{"index":"index","follow":"follow","max-snippet":"max-snippet:-1","max-image-preview":"max-image-preview:large","max-video-preview":"max-video-preview:-1"},"canonical":"https:\/\/terrasdebasto.pt\/?p=4841","og_locale":"pt_PT","og_type":"article","og_title":"Empres\u00e1rio veio conhecer oportunidades em Cabeceiras de Basto - Jornal Terras de Basto","og_description":"Um empres\u00e1rio interessado \u00abem conhecer oportunidades de investimento\u00bb em Cabeceiras de Basto esteve esta quinta-feira (6) na C\u00e2mara Municipal, tendo sido recebido pelo presidente da autarquia.","og_url":"https:\/\/terrasdebasto.pt\/?p=4841","og_site_name":"Jornal Terras de Basto","article_published_time":"2025-11-07T13:25:44+00:00","article_modified_time":"2025-11-07T13:26:38+00:00","og_image":[{"width":2048,"height":1102,"url":"https:\/\/terrasdebasto.pt\/wp-content\/uploads\/2025\/11\/PAULO-CUNHA.jpg","type":"image\/jpeg"}],"author":"Jo\u00e3o Paulo Mesquita","twitter_card":"summary_large_image","twitter_misc":{"Escrito por":"Jo\u00e3o Paulo Mesquita","Tempo estimado de leitura":"1 minuto"},"schema":{"@context":"https:\/\/schema.org","@graph":[{"@type":"Article","@id":"https:\/\/terrasdebasto.pt\/?p=4841#article","isPartOf":{"@id":"https:\/\/terrasdebasto.pt\/?p=4841"},"author":{"name":"Jo\u00e3o Paulo Mesquita","@id":"https:\/\/terrasdebasto.pt\/#\/schema\/person\/9f6739f5394ac65c802641773b278b84"},"headline":"Empres\u00e1rio veio conhecer oportunidades em Cabeceiras de Basto","datePublished":"2025-11-07T13:25:44+00:00","dateModified":"2025-11-07T13:26:38+00:00","mainEntityOfPage":{"@id":"https:\/\/terrasdebasto.pt\/?p=4841"},"wordCount":162,"commentCount":0,"publisher":{"@id":"https:\/\/terrasdebasto.pt\/#organization"},"image":{"@id":"https:\/\/terrasdebasto.pt\/?p=4841#primaryimage"},"thumbnailUrl":"https:\/\/terrasdebasto.pt\/wp-content\/uploads\/2025\/11\/PAULO-CUNHA.jpg","keywords":["Cabeceiras de Basto","Empres\u00e1rios","Investimento"],"articleSection":["Cabeceiras de Basto","Terras de Basto"],"inLanguage":"pt-PT","potentialAction":[{"@type":"CommentAction","name":"Comment","target":["https:\/\/terrasdebasto.pt\/?p=4841#respond"]}]},{"@type":"WebPage","@id":"https:\/\/terrasdebasto.pt\/?p=4841","url":"https:\/\/terrasdebasto.pt\/?p=4841","name":"Empres\u00e1rio veio conhecer oportunidades em Cabeceiras de Basto - Jornal Terras de Basto","isPartOf":{"@id":"https:\/\/terrasdebasto.pt\/#website"},"primaryImageOfPage":{"@id":"https:\/\/terrasdebasto.pt\/?p=4841#primaryimage"},"image":{"@id":"https:\/\/terrasdebasto.pt\/?p=4841#primaryimage"},"thumbnailUrl":"https:\/\/terrasdebasto.pt\/wp-content\/uploads\/2025\/11\/PAULO-CUNHA.jpg","datePublished":"2025-11-07T13:25:44+00:00","dateModified":"2025-11-07T13:26:38+00:00","description":"Um empres\u00e1rio interessado \u00abem conhecer oportunidades de investimento\u00bb em Cabeceiras de Basto esteve esta quinta-feira (6) na C\u00e2mara Municipal, tendo sido recebido pelo presidente da autarquia.","breadcrumb":{"@id":"https:\/\/terrasdebasto.pt\/?p=4841#breadcrumb"},"inLanguage":"pt-PT","potentialAction":[{"@type":"ReadAction","target":["https:\/\/terrasdebasto.pt\/?p=4841"]}]},{"@type":"ImageObject","inLanguage":"pt-PT","@id":"https:\/\/terrasdebasto.pt\/?p=4841#primaryimage","url":"https:\/\/terrasdebasto.pt\/wp-content\/uploads\/2025\/11\/PAULO-CUNHA.jpg","contentUrl":"https:\/\/terrasdebasto.pt\/wp-content\/uploads\/2025\/11\/PAULO-CUNHA.jpg","width":2048,"height":1102},{"@type":"BreadcrumbList","@id":"https:\/\/terrasdebasto.pt\/?p=4841#breadcrumb","itemListElement":[{"@type":"ListItem","position":1,"name":"In\u00edcio","item":"https:\/\/terrasdebasto.pt\/"},{"@type":"ListItem","position":2,"name":"Empres\u00e1rio veio conhecer oportunidades em Cabeceiras de Basto"}]},{"@type":"WebSite","@id":"https:\/\/terrasdebasto.pt\/#website","url":"https:\/\/terrasdebasto.pt\/","name":"Jornal Terras de Basto","description":"","publisher":{"@id":"https:\/\/terrasdebasto.pt\/#organization"},"potentialAction":[{"@type":"SearchAction","target":{"@type":"EntryPoint","urlTemplate":"https:\/\/terrasdebasto.pt\/?s={search_term_string}"},"query-input":{"@type":"PropertyValueSpecification","valueRequired":true,"valueName":"search_term_string"}}],"inLanguage":"pt-PT"},{"@type":"Organization","@id":"https:\/\/terrasdebasto.pt\/#organization","name":"Jornal Terras de Basto","url":"https:\/\/terrasdebasto.pt\/","logo":{"@type":"ImageObject","inLanguage":"pt-PT","@id":"https:\/\/terrasdebasto.pt\/#\/schema\/logo\/image\/","url":"https:\/\/terrasdebasto.pt\/wp-content\/uploads\/2024\/06\/LogoNormal.png","contentUrl":"https:\/\/terrasdebasto.pt\/wp-content\/uploads\/2024\/06\/LogoNormal.png","width":5638,"height":809,"caption":"Jornal Terras de Basto"},"image":{"@id":"https:\/\/terrasdebasto.pt\/#\/schema\/logo\/image\/"}},{"@type":"Person","@id":"https:\/\/terrasdebasto.pt\/#\/schema\/person\/9f6739f5394ac65c802641773b278b84","name":"Jo\u00e3o Paulo Mesquita","image":{"@type":"ImageObject","inLanguage":"pt-PT","@id":"https:\/\/terrasdebasto.pt\/#\/schema\/person\/image\/","url":"https:\/\/secure.gravatar.com\/avatar\/9bd0f299e6d96336664aab64354168246a3ee3287c47891c50d450e47ed9d7f9?s=96&d=mm&r=g","contentUrl":"https:\/\/secure.gravatar.com\/avatar\/9bd0f299e6d96336664aab64354168246a3ee3287c47891c50d450e47ed9d7f9?s=96&d=mm&r=g","caption":"Jo\u00e3o Paulo Mesquita"},"url":"https:\/\/terrasdebasto.pt\/?author=7"}]}},"_links":{"self":[{"href":"https:\/\/terrasdebasto.pt\/index.php?rest_route=\/wp\/v2\/posts\/4841","targetHints":{"allow":["GET"]}}],"collection":[{"href":"https:\/\/terrasdebasto.pt\/index.php?rest_route=\/wp\/v2\/posts"}],"about":[{"href":"https:\/\/terrasdebasto.pt\/index.php?rest_route=\/wp\/v2\/types\/post"}],"author":[{"embeddable":true,"href":"https:\/\/terrasdebasto.pt\/index.php?rest_route=\/wp\/v2\/users\/7"}],"replies":[{"embeddable":true,"href":"https:\/\/terrasdebasto.pt\/index.php?rest_route=%2Fwp%2Fv2%2Fcomments&post=4841"}],"version-history":[{"count":2,"href":"https:\/\/terrasdebasto.pt\/index.php?rest_route=\/wp\/v2\/posts\/4841\/revisions"}],"predecessor-version":[{"id":4844,"href":"https:\/\/terrasdebasto.pt\/index.php?rest_route=\/wp\/v2\/posts\/4841\/revisions\/4844"}],"wp:featuredmedia":[{"embeddable":true,"href":"https:\/\/terrasdebasto.pt\/index.php?rest_route=\/wp\/v2\/media\/4842"}],"wp:attachment":[{"href":"https:\/\/terrasdebasto.pt\/index.php?rest_route=%2Fwp%2Fv2%2Fmedia&parent=4841"}],"wp:term":[{"taxonomy":"category","embeddable":true,"href":"https:\/\/terrasdebasto.pt\/index.php?rest_route=%2Fwp%2Fv2%2Fcategories&post=4841"},{"taxonomy":"post_tag","embeddable":true,"href":"https:\/\/terrasdebasto.pt\/index.php?rest_route=%2Fwp%2Fv2%2Ftags&post=4841"}],"curies":[{"name":"wp","href":"https:\/\/api.w.org\/{rel}","templated":true}]}}