{"id":4838,"date":"2025-11-07T12:51:52","date_gmt":"2025-11-07T12:51:52","guid":{"rendered":"https:\/\/terrasdebasto.pt\/?p=4838"},"modified":"2025-11-07T12:51:52","modified_gmt":"2025-11-07T12:51:52","slug":"correios-de-cabeceiras-dao-ate-final-do-ano-para-corrigir-enderecos","status":"publish","type":"post","link":"https:\/\/terrasdebasto.pt\/?p=4838","title":{"rendered":"Correios de Cabeceiras d\u00e3o at\u00e9 final do ano para corrigir endere\u00e7os"},"content":{"rendered":"\n<p><\/p>\n\n\n\n<p><strong>A empresa \u201cCTT \u2013 Correios de Portugal\u201d assumiu o compromisso, perante o presidente da C\u00e2mara Municipal de Cabeceiras de Basto, de, at\u00e9 ao final deste ano, proceder \u00e0 entrega da correspond\u00eancia \u00abmesmo quando esta n\u00e3o cumpra integralmente todos os requisitos\u00bb.<\/strong><\/p>\n\n\n\n<p>De acordo com uma nota oficial referente a uma reuni\u00e3o que Manuel Ant\u00f3nio Teixeira manteve com o respons\u00e1vel pela distribui\u00e7\u00e3o neste concelho, Jos\u00e9 Ant\u00f3nio Teixeira, e com a chefe dos carteiros, Cristina Sousa, \u00aba partir do in\u00edcio do pr\u00f3ximo ano, ser\u00e1 devolvida toda a correspond\u00eancia que n\u00e3o cumpra os crit\u00e9rios obrigat\u00f3rios\u00bb, designadamente a morada completa, incluindo rua, n\u00famero de porta e c\u00f3digo postal correto; n\u00famero de porta vis\u00edvel no exterior; e caixa de correio acess\u00edvel pela via p\u00fablica.<\/p>\n\n\n\n<p>A iniciativa do autarca foi motivada pelo \u00abelevado n\u00famero de devolu\u00e7\u00f5es de correspond\u00eancia que se tem verificado no concelho\u00bb, que afetam a pr\u00f3pria autarquia, mas muitos dos mun\u00edcipes que disso t\u00eam dado conta p\u00fablica.<\/p>\n\n\n\n<p>O assunto tinha sido levado j\u00e1 a uma sess\u00e3o do executivo municipal pelo ex-vereador Jorge Machado, que o voltou a lembrar na mais recente reuni\u00e3o, quando usava da palavra no tempo dedicado ao p\u00fablico.<\/p>\n\n\n\n<p>Diz a autarquia que, segundo aqueles respons\u00e1veis dos \u201cCTT\u201d, as devolu\u00e7\u00f5es \u00abresultam do cumprimento de diretrizes internas que exigem que a correspond\u00eancia apresente determinados requisitos para ser entregue\u00bb.<\/p>\n\n\n\n<p>\u00abO presidente da C\u00e2mara sensibilizou os \u201cCTT\u201d para a necessidade de permitir um per\u00edodo de adapta\u00e7\u00e3o, dando tempo aos cabeceirenses para procederem \u00e0s devidas corre\u00e7\u00f5es\u00bb, l\u00ea-se na nota oficial.<\/p>\n\n\n\n<p>A autarquia aconselha os mun\u00edcipes a, em caso de d\u00favida, contactarem a respetiva Junta de Freguesia, que lhe prestar\u00e1 o devido apoio.<\/p>\n","protected":false},"excerpt":{"rendered":"<p>A empresa \u201cCTT \u2013 Correios de Portugal\u201d assumiu o compromisso, perante o presidente da C\u00e2mara Municipal de Cabeceiras de Basto, de, at\u00e9 ao final deste ano, proceder \u00e0 entrega da correspond\u00eancia \u00abmesmo quando esta n\u00e3o cumpra integralmente todos os requisitos\u00bb. De acordo com uma nota oficial referente a uma reuni\u00e3o que Manuel Ant\u00f3nio Teixeira manteve [&hellip;]<\/p>\n","protected":false},"author":7,"featured_media":4839,"comment_status":"open","ping_status":"open","sticky":false,"template":"","format":"standard","meta":{"footnotes":""},"categories":[12,9],"tags":[1133,1131,1132,1134],"class_list":{"0":"post-4838","1":"post","2":"type-post","3":"status-publish","4":"format-standard","5":"has-post-thumbnail","7":"category-cabeceiras-de-basto","8":"category-terras-de-basto","9":"tag-carteiros","10":"tag-correios","11":"tag-correspondencia","12":"tag-enderecos"},"yoast_head":"<!-- This site is optimized with the Yoast SEO plugin v25.7 - https:\/\/yoast.com\/wordpress\/plugins\/seo\/ -->\n<title>Correios de Cabeceiras d\u00e3o at\u00e9 final do ano para corrigir endere\u00e7os - Jornal Terras de Basto<\/title>\n<meta name=\"description\" content=\"A empresa \u201cCTT \u2013 Correios de Portugal\u201d assumiu o compromisso, perante o presidente da C\u00e2mara Municipal de Cabeceiras de Basto, de, at\u00e9 ao final deste ano, proceder \u00e0 entrega da correspond\u00eancia \u00abmesmo quando esta n\u00e3o cumpra integralmente todos os requisitos\u00bb.\" \/>\n<meta name=\"robots\" content=\"index, follow, max-snippet:-1, max-image-preview:large, max-video-preview:-1\" \/>\n<link rel=\"canonical\" href=\"https:\/\/terrasdebasto.pt\/?p=4838\" \/>\n<meta property=\"og:locale\" content=\"pt_PT\" \/>\n<meta property=\"og:type\" content=\"article\" \/>\n<meta property=\"og:title\" content=\"Correios de Cabeceiras d\u00e3o at\u00e9 final do ano para corrigir endere\u00e7os - Jornal Terras de Basto\" \/>\n<meta property=\"og:description\" content=\"A empresa \u201cCTT \u2013 Correios de Portugal\u201d assumiu o compromisso, perante o presidente da C\u00e2mara Municipal de Cabeceiras de Basto, de, at\u00e9 ao final deste ano, proceder \u00e0 entrega da correspond\u00eancia \u00abmesmo quando esta n\u00e3o cumpra integralmente todos os requisitos\u00bb.\" \/>\n<meta property=\"og:url\" content=\"https:\/\/terrasdebasto.pt\/?p=4838\" \/>\n<meta property=\"og:site_name\" content=\"Jornal Terras de Basto\" \/>\n<meta property=\"article:published_time\" content=\"2025-11-07T12:51:52+00:00\" \/>\n<meta property=\"og:image\" content=\"https:\/\/terrasdebasto.pt\/wp-content\/uploads\/2025\/11\/CARTEIRO-2.jpg\" \/>\n\t<meta property=\"og:image:width\" content=\"774\" \/>\n\t<meta property=\"og:image:height\" content=\"439\" \/>\n\t<meta property=\"og:image:type\" content=\"image\/jpeg\" \/>\n<meta name=\"author\" content=\"Jo\u00e3o Paulo Mesquita\" \/>\n<meta name=\"twitter:card\" content=\"summary_large_image\" \/>\n<meta name=\"twitter:label1\" content=\"Escrito por\" \/>\n\t<meta name=\"twitter:data1\" content=\"Jo\u00e3o Paulo Mesquita\" \/>\n\t<meta name=\"twitter:label2\" content=\"Tempo estimado de leitura\" \/>\n\t<meta name=\"twitter:data2\" content=\"2 minutos\" \/>\n<script type=\"application\/ld+json\" class=\"yoast-schema-graph\">{\"@context\":\"https:\/\/schema.org\",\"@graph\":[{\"@type\":\"Article\",\"@id\":\"https:\/\/terrasdebasto.pt\/?p=4838#article\",\"isPartOf\":{\"@id\":\"https:\/\/terrasdebasto.pt\/?p=4838\"},\"author\":{\"name\":\"Jo\u00e3o Paulo Mesquita\",\"@id\":\"https:\/\/terrasdebasto.pt\/#\/schema\/person\/9f6739f5394ac65c802641773b278b84\"},\"headline\":\"Correios de Cabeceiras d\u00e3o at\u00e9 final do ano para corrigir endere\u00e7os\",\"datePublished\":\"2025-11-07T12:51:52+00:00\",\"mainEntityOfPage\":{\"@id\":\"https:\/\/terrasdebasto.pt\/?p=4838\"},\"wordCount\":316,\"commentCount\":0,\"publisher\":{\"@id\":\"https:\/\/terrasdebasto.pt\/#organization\"},\"image\":{\"@id\":\"https:\/\/terrasdebasto.pt\/?p=4838#primaryimage\"},\"thumbnailUrl\":\"https:\/\/terrasdebasto.pt\/wp-content\/uploads\/2025\/11\/CARTEIRO-2.jpg\",\"keywords\":[\"Carteiros\",\"Correios\",\"Correspond\u00eancia\",\"Endere\u00e7os\"],\"articleSection\":[\"Cabeceiras de Basto\",\"Terras de Basto\"],\"inLanguage\":\"pt-PT\",\"potentialAction\":[{\"@type\":\"CommentAction\",\"name\":\"Comment\",\"target\":[\"https:\/\/terrasdebasto.pt\/?p=4838#respond\"]}]},{\"@type\":\"WebPage\",\"@id\":\"https:\/\/terrasdebasto.pt\/?p=4838\",\"url\":\"https:\/\/terrasdebasto.pt\/?p=4838\",\"name\":\"Correios de Cabeceiras d\u00e3o at\u00e9 final do ano para corrigir endere\u00e7os - Jornal Terras de Basto\",\"isPartOf\":{\"@id\":\"https:\/\/terrasdebasto.pt\/#website\"},\"primaryImageOfPage\":{\"@id\":\"https:\/\/terrasdebasto.pt\/?p=4838#primaryimage\"},\"image\":{\"@id\":\"https:\/\/terrasdebasto.pt\/?p=4838#primaryimage\"},\"thumbnailUrl\":\"https:\/\/terrasdebasto.pt\/wp-content\/uploads\/2025\/11\/CARTEIRO-2.jpg\",\"datePublished\":\"2025-11-07T12:51:52+00:00\",\"description\":\"A empresa \u201cCTT \u2013 Correios de Portugal\u201d assumiu o compromisso, perante o presidente da C\u00e2mara Municipal de Cabeceiras de Basto, de, at\u00e9 ao final deste ano, proceder \u00e0 entrega da correspond\u00eancia \u00abmesmo quando esta n\u00e3o cumpra integralmente todos os requisitos\u00bb.\",\"breadcrumb\":{\"@id\":\"https:\/\/terrasdebasto.pt\/?p=4838#breadcrumb\"},\"inLanguage\":\"pt-PT\",\"potentialAction\":[{\"@type\":\"ReadAction\",\"target\":[\"https:\/\/terrasdebasto.pt\/?p=4838\"]}]},{\"@type\":\"ImageObject\",\"inLanguage\":\"pt-PT\",\"@id\":\"https:\/\/terrasdebasto.pt\/?p=4838#primaryimage\",\"url\":\"https:\/\/terrasdebasto.pt\/wp-content\/uploads\/2025\/11\/CARTEIRO-2.jpg\",\"contentUrl\":\"https:\/\/terrasdebasto.pt\/wp-content\/uploads\/2025\/11\/CARTEIRO-2.jpg\",\"width\":774,\"height\":439},{\"@type\":\"BreadcrumbList\",\"@id\":\"https:\/\/terrasdebasto.pt\/?p=4838#breadcrumb\",\"itemListElement\":[{\"@type\":\"ListItem\",\"position\":1,\"name\":\"In\u00edcio\",\"item\":\"https:\/\/terrasdebasto.pt\/\"},{\"@type\":\"ListItem\",\"position\":2,\"name\":\"Correios de Cabeceiras d\u00e3o at\u00e9 final do ano para corrigir endere\u00e7os\"}]},{\"@type\":\"WebSite\",\"@id\":\"https:\/\/terrasdebasto.pt\/#website\",\"url\":\"https:\/\/terrasdebasto.pt\/\",\"name\":\"Jornal Terras de Basto\",\"description\":\"\",\"publisher\":{\"@id\":\"https:\/\/terrasdebasto.pt\/#organization\"},\"potentialAction\":[{\"@type\":\"SearchAction\",\"target\":{\"@type\":\"EntryPoint\",\"urlTemplate\":\"https:\/\/terrasdebasto.pt\/?s={search_term_string}\"},\"query-input\":{\"@type\":\"PropertyValueSpecification\",\"valueRequired\":true,\"valueName\":\"search_term_string\"}}],\"inLanguage\":\"pt-PT\"},{\"@type\":\"Organization\",\"@id\":\"https:\/\/terrasdebasto.pt\/#organization\",\"name\":\"Jornal Terras de Basto\",\"url\":\"https:\/\/terrasdebasto.pt\/\",\"logo\":{\"@type\":\"ImageObject\",\"inLanguage\":\"pt-PT\",\"@id\":\"https:\/\/terrasdebasto.pt\/#\/schema\/logo\/image\/\",\"url\":\"https:\/\/terrasdebasto.pt\/wp-content\/uploads\/2024\/06\/LogoNormal.png\",\"contentUrl\":\"https:\/\/terrasdebasto.pt\/wp-content\/uploads\/2024\/06\/LogoNormal.png\",\"width\":5638,\"height\":809,\"caption\":\"Jornal Terras de Basto\"},\"image\":{\"@id\":\"https:\/\/terrasdebasto.pt\/#\/schema\/logo\/image\/\"}},{\"@type\":\"Person\",\"@id\":\"https:\/\/terrasdebasto.pt\/#\/schema\/person\/9f6739f5394ac65c802641773b278b84\",\"name\":\"Jo\u00e3o Paulo Mesquita\",\"image\":{\"@type\":\"ImageObject\",\"inLanguage\":\"pt-PT\",\"@id\":\"https:\/\/terrasdebasto.pt\/#\/schema\/person\/image\/\",\"url\":\"https:\/\/secure.gravatar.com\/avatar\/9bd0f299e6d96336664aab64354168246a3ee3287c47891c50d450e47ed9d7f9?s=96&d=mm&r=g\",\"contentUrl\":\"https:\/\/secure.gravatar.com\/avatar\/9bd0f299e6d96336664aab64354168246a3ee3287c47891c50d450e47ed9d7f9?s=96&d=mm&r=g\",\"caption\":\"Jo\u00e3o Paulo Mesquita\"},\"url\":\"https:\/\/terrasdebasto.pt\/?author=7\"}]}<\/script>\n<!-- \/ Yoast SEO plugin. -->","yoast_head_json":{"title":"Correios de Cabeceiras d\u00e3o at\u00e9 final do ano para corrigir endere\u00e7os - Jornal Terras de Basto","description":"A empresa \u201cCTT \u2013 Correios de Portugal\u201d assumiu o compromisso, perante o presidente da C\u00e2mara Municipal de Cabeceiras de Basto, de, at\u00e9 ao final deste ano, proceder \u00e0 entrega da correspond\u00eancia \u00abmesmo quando esta n\u00e3o cumpra integralmente todos os requisitos\u00bb.","robots":{"index":"index","follow":"follow","max-snippet":"max-snippet:-1","max-image-preview":"max-image-preview:large","max-video-preview":"max-video-preview:-1"},"canonical":"https:\/\/terrasdebasto.pt\/?p=4838","og_locale":"pt_PT","og_type":"article","og_title":"Correios de Cabeceiras d\u00e3o at\u00e9 final do ano para corrigir endere\u00e7os - Jornal Terras de Basto","og_description":"A empresa \u201cCTT \u2013 Correios de Portugal\u201d assumiu o compromisso, perante o presidente da C\u00e2mara Municipal de Cabeceiras de Basto, de, at\u00e9 ao final deste ano, proceder \u00e0 entrega da correspond\u00eancia \u00abmesmo quando esta n\u00e3o cumpra integralmente todos os requisitos\u00bb.","og_url":"https:\/\/terrasdebasto.pt\/?p=4838","og_site_name":"Jornal Terras de Basto","article_published_time":"2025-11-07T12:51:52+00:00","og_image":[{"width":774,"height":439,"url":"https:\/\/terrasdebasto.pt\/wp-content\/uploads\/2025\/11\/CARTEIRO-2.jpg","type":"image\/jpeg"}],"author":"Jo\u00e3o Paulo Mesquita","twitter_card":"summary_large_image","twitter_misc":{"Escrito por":"Jo\u00e3o Paulo Mesquita","Tempo estimado de leitura":"2 minutos"},"schema":{"@context":"https:\/\/schema.org","@graph":[{"@type":"Article","@id":"https:\/\/terrasdebasto.pt\/?p=4838#article","isPartOf":{"@id":"https:\/\/terrasdebasto.pt\/?p=4838"},"author":{"name":"Jo\u00e3o Paulo Mesquita","@id":"https:\/\/terrasdebasto.pt\/#\/schema\/person\/9f6739f5394ac65c802641773b278b84"},"headline":"Correios de Cabeceiras d\u00e3o at\u00e9 final do ano para corrigir endere\u00e7os","datePublished":"2025-11-07T12:51:52+00:00","mainEntityOfPage":{"@id":"https:\/\/terrasdebasto.pt\/?p=4838"},"wordCount":316,"commentCount":0,"publisher":{"@id":"https:\/\/terrasdebasto.pt\/#organization"},"image":{"@id":"https:\/\/terrasdebasto.pt\/?p=4838#primaryimage"},"thumbnailUrl":"https:\/\/terrasdebasto.pt\/wp-content\/uploads\/2025\/11\/CARTEIRO-2.jpg","keywords":["Carteiros","Correios","Correspond\u00eancia","Endere\u00e7os"],"articleSection":["Cabeceiras de Basto","Terras de Basto"],"inLanguage":"pt-PT","potentialAction":[{"@type":"CommentAction","name":"Comment","target":["https:\/\/terrasdebasto.pt\/?p=4838#respond"]}]},{"@type":"WebPage","@id":"https:\/\/terrasdebasto.pt\/?p=4838","url":"https:\/\/terrasdebasto.pt\/?p=4838","name":"Correios de Cabeceiras d\u00e3o at\u00e9 final do ano para corrigir endere\u00e7os - Jornal Terras de Basto","isPartOf":{"@id":"https:\/\/terrasdebasto.pt\/#website"},"primaryImageOfPage":{"@id":"https:\/\/terrasdebasto.pt\/?p=4838#primaryimage"},"image":{"@id":"https:\/\/terrasdebasto.pt\/?p=4838#primaryimage"},"thumbnailUrl":"https:\/\/terrasdebasto.pt\/wp-content\/uploads\/2025\/11\/CARTEIRO-2.jpg","datePublished":"2025-11-07T12:51:52+00:00","description":"A empresa \u201cCTT \u2013 Correios de Portugal\u201d assumiu o compromisso, perante o presidente da C\u00e2mara Municipal de Cabeceiras de Basto, de, at\u00e9 ao final deste ano, proceder \u00e0 entrega da correspond\u00eancia \u00abmesmo quando esta n\u00e3o cumpra integralmente todos os requisitos\u00bb.","breadcrumb":{"@id":"https:\/\/terrasdebasto.pt\/?p=4838#breadcrumb"},"inLanguage":"pt-PT","potentialAction":[{"@type":"ReadAction","target":["https:\/\/terrasdebasto.pt\/?p=4838"]}]},{"@type":"ImageObject","inLanguage":"pt-PT","@id":"https:\/\/terrasdebasto.pt\/?p=4838#primaryimage","url":"https:\/\/terrasdebasto.pt\/wp-content\/uploads\/2025\/11\/CARTEIRO-2.jpg","contentUrl":"https:\/\/terrasdebasto.pt\/wp-content\/uploads\/2025\/11\/CARTEIRO-2.jpg","width":774,"height":439},{"@type":"BreadcrumbList","@id":"https:\/\/terrasdebasto.pt\/?p=4838#breadcrumb","itemListElement":[{"@type":"ListItem","position":1,"name":"In\u00edcio","item":"https:\/\/terrasdebasto.pt\/"},{"@type":"ListItem","position":2,"name":"Correios de Cabeceiras d\u00e3o at\u00e9 final do ano para corrigir endere\u00e7os"}]},{"@type":"WebSite","@id":"https:\/\/terrasdebasto.pt\/#website","url":"https:\/\/terrasdebasto.pt\/","name":"Jornal Terras de Basto","description":"","publisher":{"@id":"https:\/\/terrasdebasto.pt\/#organization"},"potentialAction":[{"@type":"SearchAction","target":{"@type":"EntryPoint","urlTemplate":"https:\/\/terrasdebasto.pt\/?s={search_term_string}"},"query-input":{"@type":"PropertyValueSpecification","valueRequired":true,"valueName":"search_term_string"}}],"inLanguage":"pt-PT"},{"@type":"Organization","@id":"https:\/\/terrasdebasto.pt\/#organization","name":"Jornal Terras de Basto","url":"https:\/\/terrasdebasto.pt\/","logo":{"@type":"ImageObject","inLanguage":"pt-PT","@id":"https:\/\/terrasdebasto.pt\/#\/schema\/logo\/image\/","url":"https:\/\/terrasdebasto.pt\/wp-content\/uploads\/2024\/06\/LogoNormal.png","contentUrl":"https:\/\/terrasdebasto.pt\/wp-content\/uploads\/2024\/06\/LogoNormal.png","width":5638,"height":809,"caption":"Jornal Terras de Basto"},"image":{"@id":"https:\/\/terrasdebasto.pt\/#\/schema\/logo\/image\/"}},{"@type":"Person","@id":"https:\/\/terrasdebasto.pt\/#\/schema\/person\/9f6739f5394ac65c802641773b278b84","name":"Jo\u00e3o Paulo Mesquita","image":{"@type":"ImageObject","inLanguage":"pt-PT","@id":"https:\/\/terrasdebasto.pt\/#\/schema\/person\/image\/","url":"https:\/\/secure.gravatar.com\/avatar\/9bd0f299e6d96336664aab64354168246a3ee3287c47891c50d450e47ed9d7f9?s=96&d=mm&r=g","contentUrl":"https:\/\/secure.gravatar.com\/avatar\/9bd0f299e6d96336664aab64354168246a3ee3287c47891c50d450e47ed9d7f9?s=96&d=mm&r=g","caption":"Jo\u00e3o Paulo Mesquita"},"url":"https:\/\/terrasdebasto.pt\/?author=7"}]}},"_links":{"self":[{"href":"https:\/\/terrasdebasto.pt\/index.php?rest_route=\/wp\/v2\/posts\/4838","targetHints":{"allow":["GET"]}}],"collection":[{"href":"https:\/\/terrasdebasto.pt\/index.php?rest_route=\/wp\/v2\/posts"}],"about":[{"href":"https:\/\/terrasdebasto.pt\/index.php?rest_route=\/wp\/v2\/types\/post"}],"author":[{"embeddable":true,"href":"https:\/\/terrasdebasto.pt\/index.php?rest_route=\/wp\/v2\/users\/7"}],"replies":[{"embeddable":true,"href":"https:\/\/terrasdebasto.pt\/index.php?rest_route=%2Fwp%2Fv2%2Fcomments&post=4838"}],"version-history":[{"count":1,"href":"https:\/\/terrasdebasto.pt\/index.php?rest_route=\/wp\/v2\/posts\/4838\/revisions"}],"predecessor-version":[{"id":4840,"href":"https:\/\/terrasdebasto.pt\/index.php?rest_route=\/wp\/v2\/posts\/4838\/revisions\/4840"}],"wp:featuredmedia":[{"embeddable":true,"href":"https:\/\/terrasdebasto.pt\/index.php?rest_route=\/wp\/v2\/media\/4839"}],"wp:attachment":[{"href":"https:\/\/terrasdebasto.pt\/index.php?rest_route=%2Fwp%2Fv2%2Fmedia&parent=4838"}],"wp:term":[{"taxonomy":"category","embeddable":true,"href":"https:\/\/terrasdebasto.pt\/index.php?rest_route=%2Fwp%2Fv2%2Fcategories&post=4838"},{"taxonomy":"post_tag","embeddable":true,"href":"https:\/\/terrasdebasto.pt\/index.php?rest_route=%2Fwp%2Fv2%2Ftags&post=4838"}],"curies":[{"name":"wp","href":"https:\/\/api.w.org\/{rel}","templated":true}]}}