{"id":4827,"date":"2025-11-05T21:41:38","date_gmt":"2025-11-05T21:41:38","guid":{"rendered":"https:\/\/terrasdebasto.pt\/?p=4827"},"modified":"2025-11-05T21:41:38","modified_gmt":"2025-11-05T21:41:38","slug":"a-bela-e-o-monstro-vao-ajudar-a-construir-um-jardim-sensorial-em-celorico","status":"publish","type":"post","link":"https:\/\/terrasdebasto.pt\/?p=4827","title":{"rendered":"A Bela e o Monstro v\u00e3o ajudar a construir um jardim sensorial em Celorico"},"content":{"rendered":"\n<p><\/p>\n\n\n\n<p><strong>\u201cN\u00e3o h\u00e1 Bela sem Monstro\u201d \u00e9 uma vers\u00e3o adaptada de \u201cA Bela e o Monstro\u201d, um conto cl\u00e1ssico que explora a import\u00e2ncia da beleza interior e da capacidade de amar al\u00e9m das apar\u00eancias. \u00c9 com esta dramatiza\u00e7\u00e3o que a Associa\u00e7\u00e3o de Solidariedade Social de Basto, de Celorico de Basto, vai assinalar \u2013 a 5 e 6 de dezembro \u2013 o Dia Internacional da Pessoa com Defici\u00eancia.<\/strong><\/p>\n\n\n\n<p>Prevista apenas uma representa\u00e7\u00e3o \u2013 \u00e0s 21h00 de sexta-feira (5), no cineteatro dos bombeiros \u2013 a \u201cinstitui\u00e7\u00e3o particular de solidariedade social\u201d viu-se obrigada a agendar mais uma, para o dia seguinte, no mesmo local, para responder \u00e0 ades\u00e3o da comunidade local.<\/p>\n\n\n\n<p>Nat\u00e1lia Lage, a coordenadora deste projeto, explicou ao Terras de Basto que a dramatiza\u00e7\u00e3o em causa tem produ\u00e7\u00e3o exclusiva dos utentes do Centro de Atividades e Capacita\u00e7\u00e3o para a Inclus\u00e3o, uma resposta social destinada a pessoas com defici\u00eancia, maiores de idade, que tempor\u00e1ria ou permanentemente n\u00e3o possam exercer atividade profissional nem dar continuidade ao seu percurso formativo, ou que se encontrem em processo de inclus\u00e3o socioprofissional.<\/p>\n\n\n\n<p>\u00abS\u00e3o duas horas de espet\u00e1culo e nele participam cerca de 60 pessoas, entre atores e figurantes\u00bb, adianta aquela respons\u00e1vel, que lembra o projeto que os fundos assim angariados \u2013 o ingresso custa cinco\u2026 rosas! \u2013 pretende financiar: \u00abdestina-se ao nosso \u201cJardim dos Sentidos\u201d\u00bb.<\/p>\n\n\n\n<p>O \u201cJardim dos Sentidos\u201d \u00e9 um projeto sensorial que pretende estimular os utentes com defici\u00eancia, cuja execu\u00e7\u00e3o est\u00e1 j\u00e1 em curso nos espa\u00e7os exteriores do pr\u00f3prio CACI, na Urbaniza\u00e7\u00e3o de S\u00e3o Silvestre, na vila celoricense.<\/p>\n\n\n\n<p>Al\u00e9m dos mil euros do \u201cBairro Feliz\u201d do \u201cPingo Doce\u201d, no ano passado, teve j\u00e1 apoio de outros privados, designadamente da \u201cQuinta da Raza\u201d, que lhe ofereceu quatro \u00e1rvores.<\/p>\n\n\n\n<p>Concretamente, estamos a tratar de um espa\u00e7o exterior com est\u00edmulos t\u00e1teis (texturas), sonoros, olfativos, visuais e possivelmente gustativos, pensado para beneficiar prioritariamente os utentes com necessidades especiais, promovendo a estimula\u00e7\u00e3o sensorial, relaxamento, intera\u00e7\u00e3o social e bem-estar. \u00abServir\u00e1 como complemento terap\u00eautico ou de lazer adaptado\u00bb, explica Nat\u00e1lia Lage.<\/p>\n\n\n\n<p>Quanto a \u201cA Bela e o Monstro\u201d\u2026 a hist\u00f3ria gira em torno de Bela, uma jovem bondosa e inteligente que, para salvar o pai, passa a viver no castelo de um monstro amaldi\u00e7oado. Com o tempo, descobre que por detr\u00e1s da apar\u00eancia assustadora h\u00e1 um cora\u00e7\u00e3o generoso e sens\u00edvel. O conto \u2013 tal como \u201cN\u00e3o h\u00e1 Bela sem Monstro\u201d \u2013 transmite uma poderosa mensagem sobre empatia, transforma\u00e7\u00e3o e o poder redentor do amor verdadeiro, mostrando que a verdadeira beleza est\u00e1 na alma e n\u00e3o na apar\u00eancia f\u00edsica. [JPM].<\/p>\n","protected":false},"excerpt":{"rendered":"<p>\u201cN\u00e3o h\u00e1 Bela sem Monstro\u201d \u00e9 uma vers\u00e3o adaptada de \u201cA Bela e o Monstro\u201d, um conto cl\u00e1ssico que explora a import\u00e2ncia da beleza interior e da capacidade de amar al\u00e9m das apar\u00eancias. \u00c9 com esta dramatiza\u00e7\u00e3o que a Associa\u00e7\u00e3o de Solidariedade Social de Basto, de Celorico de Basto, vai assinalar \u2013 a 5 e [&hellip;]<\/p>\n","protected":false},"author":7,"featured_media":4828,"comment_status":"open","ping_status":"open","sticky":false,"template":"","format":"standard","meta":{"footnotes":""},"categories":[13,7,11,10,9],"tags":[1127,1128,1129,1126],"class_list":{"0":"post-4827","1":"post","2":"type-post","3":"status-publish","4":"format-standard","5":"has-post-thumbnail","7":"category-celorico-de-basto","8":"category-cultura","9":"category-educacao","10":"category-saude","11":"category-terras-de-basto","12":"tag-a-bela-e-o-monstro","13":"tag-associacao-de-solidariedade-social-de-bassto","14":"tag-caci","15":"tag-nao-ha-bela-sem-monstro"},"yoast_head":"<!-- This site is optimized with the Yoast SEO plugin v25.7 - https:\/\/yoast.com\/wordpress\/plugins\/seo\/ -->\n<title>A Bela e o Monstro v\u00e3o ajudar a construir um jardim sensorial em Celorico - Jornal Terras de Basto<\/title>\n<meta name=\"description\" content=\"\u201cN\u00e3o h\u00e1 Bela sem Monstro\u201d \u00e9 uma vers\u00e3o adaptada de \u201cA Bela e o Monstro\u201d, um conto cl\u00e1ssico que explora a import\u00e2ncia da beleza interior e da capacidade de amar al\u00e9m das apar\u00eancias. \u00c9 com esta dramatiza\u00e7\u00e3o que a Associa\u00e7\u00e3o de Solidariedade Social de Basto, de Celorico de Basto, vai assinalar \u2013 a 5 e 6 de dezembro \u2013 o Dia Internacional da Pessoa com Defici\u00eancia.\" \/>\n<meta name=\"robots\" content=\"index, follow, max-snippet:-1, max-image-preview:large, max-video-preview:-1\" \/>\n<link rel=\"canonical\" href=\"https:\/\/terrasdebasto.pt\/?p=4827\" \/>\n<meta property=\"og:locale\" content=\"pt_PT\" \/>\n<meta property=\"og:type\" content=\"article\" \/>\n<meta property=\"og:title\" content=\"A Bela e o Monstro v\u00e3o ajudar a construir um jardim sensorial em Celorico - Jornal Terras de Basto\" \/>\n<meta property=\"og:description\" content=\"\u201cN\u00e3o h\u00e1 Bela sem Monstro\u201d \u00e9 uma vers\u00e3o adaptada de \u201cA Bela e o Monstro\u201d, um conto cl\u00e1ssico que explora a import\u00e2ncia da beleza interior e da capacidade de amar al\u00e9m das apar\u00eancias. \u00c9 com esta dramatiza\u00e7\u00e3o que a Associa\u00e7\u00e3o de Solidariedade Social de Basto, de Celorico de Basto, vai assinalar \u2013 a 5 e 6 de dezembro \u2013 o Dia Internacional da Pessoa com Defici\u00eancia.\" \/>\n<meta property=\"og:url\" content=\"https:\/\/terrasdebasto.pt\/?p=4827\" \/>\n<meta property=\"og:site_name\" content=\"Jornal Terras de Basto\" \/>\n<meta property=\"article:published_time\" content=\"2025-11-05T21:41:38+00:00\" \/>\n<meta property=\"og:image\" content=\"https:\/\/terrasdebasto.pt\/wp-content\/uploads\/2025\/11\/BELA-E-MONSTRO.jpg\" \/>\n\t<meta property=\"og:image:width\" content=\"1440\" \/>\n\t<meta property=\"og:image:height\" content=\"1440\" \/>\n\t<meta property=\"og:image:type\" content=\"image\/jpeg\" \/>\n<meta name=\"author\" content=\"Jo\u00e3o Paulo Mesquita\" \/>\n<meta name=\"twitter:card\" content=\"summary_large_image\" \/>\n<meta name=\"twitter:label1\" content=\"Escrito por\" \/>\n\t<meta name=\"twitter:data1\" content=\"Jo\u00e3o Paulo Mesquita\" \/>\n\t<meta name=\"twitter:label2\" content=\"Tempo estimado de leitura\" \/>\n\t<meta name=\"twitter:data2\" content=\"3 minutos\" \/>\n<script type=\"application\/ld+json\" class=\"yoast-schema-graph\">{\"@context\":\"https:\/\/schema.org\",\"@graph\":[{\"@type\":\"Article\",\"@id\":\"https:\/\/terrasdebasto.pt\/?p=4827#article\",\"isPartOf\":{\"@id\":\"https:\/\/terrasdebasto.pt\/?p=4827\"},\"author\":{\"name\":\"Jo\u00e3o Paulo Mesquita\",\"@id\":\"https:\/\/terrasdebasto.pt\/#\/schema\/person\/9f6739f5394ac65c802641773b278b84\"},\"headline\":\"A Bela e o Monstro v\u00e3o ajudar a construir um jardim sensorial em Celorico\",\"datePublished\":\"2025-11-05T21:41:38+00:00\",\"mainEntityOfPage\":{\"@id\":\"https:\/\/terrasdebasto.pt\/?p=4827\"},\"wordCount\":463,\"commentCount\":0,\"publisher\":{\"@id\":\"https:\/\/terrasdebasto.pt\/#organization\"},\"image\":{\"@id\":\"https:\/\/terrasdebasto.pt\/?p=4827#primaryimage\"},\"thumbnailUrl\":\"https:\/\/terrasdebasto.pt\/wp-content\/uploads\/2025\/11\/BELA-E-MONSTRO.jpg\",\"keywords\":[\"A Bela e o Monstro\",\"Associa\u00e7\u00e3o de Solidariedade Social de Bassto\",\"CACI\",\"N\u00e3o h\u00e1 Bela sem Monstro\"],\"articleSection\":[\"Celorico de Basto\",\"Cultura\",\"Educa\u00e7\u00e3o\",\"Sa\u00fade\",\"Terras de Basto\"],\"inLanguage\":\"pt-PT\",\"potentialAction\":[{\"@type\":\"CommentAction\",\"name\":\"Comment\",\"target\":[\"https:\/\/terrasdebasto.pt\/?p=4827#respond\"]}]},{\"@type\":\"WebPage\",\"@id\":\"https:\/\/terrasdebasto.pt\/?p=4827\",\"url\":\"https:\/\/terrasdebasto.pt\/?p=4827\",\"name\":\"A Bela e o Monstro v\u00e3o ajudar a construir um jardim sensorial em Celorico - Jornal Terras de Basto\",\"isPartOf\":{\"@id\":\"https:\/\/terrasdebasto.pt\/#website\"},\"primaryImageOfPage\":{\"@id\":\"https:\/\/terrasdebasto.pt\/?p=4827#primaryimage\"},\"image\":{\"@id\":\"https:\/\/terrasdebasto.pt\/?p=4827#primaryimage\"},\"thumbnailUrl\":\"https:\/\/terrasdebasto.pt\/wp-content\/uploads\/2025\/11\/BELA-E-MONSTRO.jpg\",\"datePublished\":\"2025-11-05T21:41:38+00:00\",\"description\":\"\u201cN\u00e3o h\u00e1 Bela sem Monstro\u201d \u00e9 uma vers\u00e3o adaptada de \u201cA Bela e o Monstro\u201d, um conto cl\u00e1ssico que explora a import\u00e2ncia da beleza interior e da capacidade de amar al\u00e9m das apar\u00eancias. \u00c9 com esta dramatiza\u00e7\u00e3o que a Associa\u00e7\u00e3o de Solidariedade Social de Basto, de Celorico de Basto, vai assinalar \u2013 a 5 e 6 de dezembro \u2013 o Dia Internacional da Pessoa com Defici\u00eancia.\",\"breadcrumb\":{\"@id\":\"https:\/\/terrasdebasto.pt\/?p=4827#breadcrumb\"},\"inLanguage\":\"pt-PT\",\"potentialAction\":[{\"@type\":\"ReadAction\",\"target\":[\"https:\/\/terrasdebasto.pt\/?p=4827\"]}]},{\"@type\":\"ImageObject\",\"inLanguage\":\"pt-PT\",\"@id\":\"https:\/\/terrasdebasto.pt\/?p=4827#primaryimage\",\"url\":\"https:\/\/terrasdebasto.pt\/wp-content\/uploads\/2025\/11\/BELA-E-MONSTRO.jpg\",\"contentUrl\":\"https:\/\/terrasdebasto.pt\/wp-content\/uploads\/2025\/11\/BELA-E-MONSTRO.jpg\",\"width\":1440,\"height\":1440},{\"@type\":\"BreadcrumbList\",\"@id\":\"https:\/\/terrasdebasto.pt\/?p=4827#breadcrumb\",\"itemListElement\":[{\"@type\":\"ListItem\",\"position\":1,\"name\":\"In\u00edcio\",\"item\":\"https:\/\/terrasdebasto.pt\/\"},{\"@type\":\"ListItem\",\"position\":2,\"name\":\"A Bela e o Monstro v\u00e3o ajudar a construir um jardim sensorial em Celorico\"}]},{\"@type\":\"WebSite\",\"@id\":\"https:\/\/terrasdebasto.pt\/#website\",\"url\":\"https:\/\/terrasdebasto.pt\/\",\"name\":\"Jornal Terras de Basto\",\"description\":\"\",\"publisher\":{\"@id\":\"https:\/\/terrasdebasto.pt\/#organization\"},\"potentialAction\":[{\"@type\":\"SearchAction\",\"target\":{\"@type\":\"EntryPoint\",\"urlTemplate\":\"https:\/\/terrasdebasto.pt\/?s={search_term_string}\"},\"query-input\":{\"@type\":\"PropertyValueSpecification\",\"valueRequired\":true,\"valueName\":\"search_term_string\"}}],\"inLanguage\":\"pt-PT\"},{\"@type\":\"Organization\",\"@id\":\"https:\/\/terrasdebasto.pt\/#organization\",\"name\":\"Jornal Terras de Basto\",\"url\":\"https:\/\/terrasdebasto.pt\/\",\"logo\":{\"@type\":\"ImageObject\",\"inLanguage\":\"pt-PT\",\"@id\":\"https:\/\/terrasdebasto.pt\/#\/schema\/logo\/image\/\",\"url\":\"https:\/\/terrasdebasto.pt\/wp-content\/uploads\/2024\/06\/LogoNormal.png\",\"contentUrl\":\"https:\/\/terrasdebasto.pt\/wp-content\/uploads\/2024\/06\/LogoNormal.png\",\"width\":5638,\"height\":809,\"caption\":\"Jornal Terras de Basto\"},\"image\":{\"@id\":\"https:\/\/terrasdebasto.pt\/#\/schema\/logo\/image\/\"}},{\"@type\":\"Person\",\"@id\":\"https:\/\/terrasdebasto.pt\/#\/schema\/person\/9f6739f5394ac65c802641773b278b84\",\"name\":\"Jo\u00e3o Paulo Mesquita\",\"image\":{\"@type\":\"ImageObject\",\"inLanguage\":\"pt-PT\",\"@id\":\"https:\/\/terrasdebasto.pt\/#\/schema\/person\/image\/\",\"url\":\"https:\/\/secure.gravatar.com\/avatar\/9bd0f299e6d96336664aab64354168246a3ee3287c47891c50d450e47ed9d7f9?s=96&d=mm&r=g\",\"contentUrl\":\"https:\/\/secure.gravatar.com\/avatar\/9bd0f299e6d96336664aab64354168246a3ee3287c47891c50d450e47ed9d7f9?s=96&d=mm&r=g\",\"caption\":\"Jo\u00e3o Paulo Mesquita\"},\"url\":\"https:\/\/terrasdebasto.pt\/?author=7\"}]}<\/script>\n<!-- \/ Yoast SEO plugin. -->","yoast_head_json":{"title":"A Bela e o Monstro v\u00e3o ajudar a construir um jardim sensorial em Celorico - Jornal Terras de Basto","description":"\u201cN\u00e3o h\u00e1 Bela sem Monstro\u201d \u00e9 uma vers\u00e3o adaptada de \u201cA Bela e o Monstro\u201d, um conto cl\u00e1ssico que explora a import\u00e2ncia da beleza interior e da capacidade de amar al\u00e9m das apar\u00eancias. \u00c9 com esta dramatiza\u00e7\u00e3o que a Associa\u00e7\u00e3o de Solidariedade Social de Basto, de Celorico de Basto, vai assinalar \u2013 a 5 e 6 de dezembro \u2013 o Dia Internacional da Pessoa com Defici\u00eancia.","robots":{"index":"index","follow":"follow","max-snippet":"max-snippet:-1","max-image-preview":"max-image-preview:large","max-video-preview":"max-video-preview:-1"},"canonical":"https:\/\/terrasdebasto.pt\/?p=4827","og_locale":"pt_PT","og_type":"article","og_title":"A Bela e o Monstro v\u00e3o ajudar a construir um jardim sensorial em Celorico - Jornal Terras de Basto","og_description":"\u201cN\u00e3o h\u00e1 Bela sem Monstro\u201d \u00e9 uma vers\u00e3o adaptada de \u201cA Bela e o Monstro\u201d, um conto cl\u00e1ssico que explora a import\u00e2ncia da beleza interior e da capacidade de amar al\u00e9m das apar\u00eancias. \u00c9 com esta dramatiza\u00e7\u00e3o que a Associa\u00e7\u00e3o de Solidariedade Social de Basto, de Celorico de Basto, vai assinalar \u2013 a 5 e 6 de dezembro \u2013 o Dia Internacional da Pessoa com Defici\u00eancia.","og_url":"https:\/\/terrasdebasto.pt\/?p=4827","og_site_name":"Jornal Terras de Basto","article_published_time":"2025-11-05T21:41:38+00:00","og_image":[{"width":1440,"height":1440,"url":"https:\/\/terrasdebasto.pt\/wp-content\/uploads\/2025\/11\/BELA-E-MONSTRO.jpg","type":"image\/jpeg"}],"author":"Jo\u00e3o Paulo Mesquita","twitter_card":"summary_large_image","twitter_misc":{"Escrito por":"Jo\u00e3o Paulo Mesquita","Tempo estimado de leitura":"3 minutos"},"schema":{"@context":"https:\/\/schema.org","@graph":[{"@type":"Article","@id":"https:\/\/terrasdebasto.pt\/?p=4827#article","isPartOf":{"@id":"https:\/\/terrasdebasto.pt\/?p=4827"},"author":{"name":"Jo\u00e3o Paulo Mesquita","@id":"https:\/\/terrasdebasto.pt\/#\/schema\/person\/9f6739f5394ac65c802641773b278b84"},"headline":"A Bela e o Monstro v\u00e3o ajudar a construir um jardim sensorial em Celorico","datePublished":"2025-11-05T21:41:38+00:00","mainEntityOfPage":{"@id":"https:\/\/terrasdebasto.pt\/?p=4827"},"wordCount":463,"commentCount":0,"publisher":{"@id":"https:\/\/terrasdebasto.pt\/#organization"},"image":{"@id":"https:\/\/terrasdebasto.pt\/?p=4827#primaryimage"},"thumbnailUrl":"https:\/\/terrasdebasto.pt\/wp-content\/uploads\/2025\/11\/BELA-E-MONSTRO.jpg","keywords":["A Bela e o Monstro","Associa\u00e7\u00e3o de Solidariedade Social de Bassto","CACI","N\u00e3o h\u00e1 Bela sem Monstro"],"articleSection":["Celorico de Basto","Cultura","Educa\u00e7\u00e3o","Sa\u00fade","Terras de Basto"],"inLanguage":"pt-PT","potentialAction":[{"@type":"CommentAction","name":"Comment","target":["https:\/\/terrasdebasto.pt\/?p=4827#respond"]}]},{"@type":"WebPage","@id":"https:\/\/terrasdebasto.pt\/?p=4827","url":"https:\/\/terrasdebasto.pt\/?p=4827","name":"A Bela e o Monstro v\u00e3o ajudar a construir um jardim sensorial em Celorico - Jornal Terras de Basto","isPartOf":{"@id":"https:\/\/terrasdebasto.pt\/#website"},"primaryImageOfPage":{"@id":"https:\/\/terrasdebasto.pt\/?p=4827#primaryimage"},"image":{"@id":"https:\/\/terrasdebasto.pt\/?p=4827#primaryimage"},"thumbnailUrl":"https:\/\/terrasdebasto.pt\/wp-content\/uploads\/2025\/11\/BELA-E-MONSTRO.jpg","datePublished":"2025-11-05T21:41:38+00:00","description":"\u201cN\u00e3o h\u00e1 Bela sem Monstro\u201d \u00e9 uma vers\u00e3o adaptada de \u201cA Bela e o Monstro\u201d, um conto cl\u00e1ssico que explora a import\u00e2ncia da beleza interior e da capacidade de amar al\u00e9m das apar\u00eancias. \u00c9 com esta dramatiza\u00e7\u00e3o que a Associa\u00e7\u00e3o de Solidariedade Social de Basto, de Celorico de Basto, vai assinalar \u2013 a 5 e 6 de dezembro \u2013 o Dia Internacional da Pessoa com Defici\u00eancia.","breadcrumb":{"@id":"https:\/\/terrasdebasto.pt\/?p=4827#breadcrumb"},"inLanguage":"pt-PT","potentialAction":[{"@type":"ReadAction","target":["https:\/\/terrasdebasto.pt\/?p=4827"]}]},{"@type":"ImageObject","inLanguage":"pt-PT","@id":"https:\/\/terrasdebasto.pt\/?p=4827#primaryimage","url":"https:\/\/terrasdebasto.pt\/wp-content\/uploads\/2025\/11\/BELA-E-MONSTRO.jpg","contentUrl":"https:\/\/terrasdebasto.pt\/wp-content\/uploads\/2025\/11\/BELA-E-MONSTRO.jpg","width":1440,"height":1440},{"@type":"BreadcrumbList","@id":"https:\/\/terrasdebasto.pt\/?p=4827#breadcrumb","itemListElement":[{"@type":"ListItem","position":1,"name":"In\u00edcio","item":"https:\/\/terrasdebasto.pt\/"},{"@type":"ListItem","position":2,"name":"A Bela e o Monstro v\u00e3o ajudar a construir um jardim sensorial em Celorico"}]},{"@type":"WebSite","@id":"https:\/\/terrasdebasto.pt\/#website","url":"https:\/\/terrasdebasto.pt\/","name":"Jornal Terras de Basto","description":"","publisher":{"@id":"https:\/\/terrasdebasto.pt\/#organization"},"potentialAction":[{"@type":"SearchAction","target":{"@type":"EntryPoint","urlTemplate":"https:\/\/terrasdebasto.pt\/?s={search_term_string}"},"query-input":{"@type":"PropertyValueSpecification","valueRequired":true,"valueName":"search_term_string"}}],"inLanguage":"pt-PT"},{"@type":"Organization","@id":"https:\/\/terrasdebasto.pt\/#organization","name":"Jornal Terras de Basto","url":"https:\/\/terrasdebasto.pt\/","logo":{"@type":"ImageObject","inLanguage":"pt-PT","@id":"https:\/\/terrasdebasto.pt\/#\/schema\/logo\/image\/","url":"https:\/\/terrasdebasto.pt\/wp-content\/uploads\/2024\/06\/LogoNormal.png","contentUrl":"https:\/\/terrasdebasto.pt\/wp-content\/uploads\/2024\/06\/LogoNormal.png","width":5638,"height":809,"caption":"Jornal Terras de Basto"},"image":{"@id":"https:\/\/terrasdebasto.pt\/#\/schema\/logo\/image\/"}},{"@type":"Person","@id":"https:\/\/terrasdebasto.pt\/#\/schema\/person\/9f6739f5394ac65c802641773b278b84","name":"Jo\u00e3o Paulo Mesquita","image":{"@type":"ImageObject","inLanguage":"pt-PT","@id":"https:\/\/terrasdebasto.pt\/#\/schema\/person\/image\/","url":"https:\/\/secure.gravatar.com\/avatar\/9bd0f299e6d96336664aab64354168246a3ee3287c47891c50d450e47ed9d7f9?s=96&d=mm&r=g","contentUrl":"https:\/\/secure.gravatar.com\/avatar\/9bd0f299e6d96336664aab64354168246a3ee3287c47891c50d450e47ed9d7f9?s=96&d=mm&r=g","caption":"Jo\u00e3o Paulo Mesquita"},"url":"https:\/\/terrasdebasto.pt\/?author=7"}]}},"_links":{"self":[{"href":"https:\/\/terrasdebasto.pt\/index.php?rest_route=\/wp\/v2\/posts\/4827","targetHints":{"allow":["GET"]}}],"collection":[{"href":"https:\/\/terrasdebasto.pt\/index.php?rest_route=\/wp\/v2\/posts"}],"about":[{"href":"https:\/\/terrasdebasto.pt\/index.php?rest_route=\/wp\/v2\/types\/post"}],"author":[{"embeddable":true,"href":"https:\/\/terrasdebasto.pt\/index.php?rest_route=\/wp\/v2\/users\/7"}],"replies":[{"embeddable":true,"href":"https:\/\/terrasdebasto.pt\/index.php?rest_route=%2Fwp%2Fv2%2Fcomments&post=4827"}],"version-history":[{"count":1,"href":"https:\/\/terrasdebasto.pt\/index.php?rest_route=\/wp\/v2\/posts\/4827\/revisions"}],"predecessor-version":[{"id":4829,"href":"https:\/\/terrasdebasto.pt\/index.php?rest_route=\/wp\/v2\/posts\/4827\/revisions\/4829"}],"wp:featuredmedia":[{"embeddable":true,"href":"https:\/\/terrasdebasto.pt\/index.php?rest_route=\/wp\/v2\/media\/4828"}],"wp:attachment":[{"href":"https:\/\/terrasdebasto.pt\/index.php?rest_route=%2Fwp%2Fv2%2Fmedia&parent=4827"}],"wp:term":[{"taxonomy":"category","embeddable":true,"href":"https:\/\/terrasdebasto.pt\/index.php?rest_route=%2Fwp%2Fv2%2Fcategories&post=4827"},{"taxonomy":"post_tag","embeddable":true,"href":"https:\/\/terrasdebasto.pt\/index.php?rest_route=%2Fwp%2Fv2%2Ftags&post=4827"}],"curies":[{"name":"wp","href":"https:\/\/api.w.org\/{rel}","templated":true}]}}