{"id":4824,"date":"2025-11-05T20:40:05","date_gmt":"2025-11-05T20:40:05","guid":{"rendered":"https:\/\/terrasdebasto.pt\/?p=4824"},"modified":"2025-11-05T20:40:06","modified_gmt":"2025-11-05T20:40:06","slug":"o-homem-que-deu-forma-a-liberdade","status":"publish","type":"post","link":"https:\/\/terrasdebasto.pt\/?p=4824","title":{"rendered":"O homem que deu forma \u00e0 liberdade"},"content":{"rendered":"\n<p><\/p>\n\n\n\n<p><strong>A morte de Francisco Pinto Balsem\u00e3o marca o fim de uma era \u2013 uma daquelas raras em que a vida de um homem se confunde com a pr\u00f3pria hist\u00f3ria de um pa\u00eds. Com ele, desaparece uma das figuras mais marcantes da democracia portuguesa: um pol\u00edtico que preferiu o dever \u00e0 popularidade, um jornalista que acreditou na palavra como instrumento de cidadania, e um empres\u00e1rio que viu nos meios de comunica\u00e7\u00e3o n\u00e3o apenas um neg\u00f3cio, mas um servi\u00e7o p\u00fablico. Em tempos de ru\u00eddo e de pressa, Balsem\u00e3o foi a voz calma da lucidez, da pondera\u00e7\u00e3o e da integridade.<\/strong><\/p>\n\n\n\n<p>Fundar o \u201cExpresso\u201d em 1973, ainda sob o regime do Estado Novo, foi um ato de coragem. Mais do que um jornal, foi o embri\u00e3o da liberdade de imprensa em Portugal. Nascido num contexto de censura, tornou-se, depois do \u201c25 de Abril\u201d, num espa\u00e7o onde o pa\u00eds aprendeu a discutir-se, a criticar-se e a compreender-se. O \u201cExpresso\u201d foi \u2013 e continua a ser \u2013 um espelho da democracia, moldado pela vis\u00e3o de Balsem\u00e3o: um jornalismo livre, rigoroso, informado e respons\u00e1vel. Essa heran\u00e7a n\u00e3o se mede apenas em manchetes ou tiragens, mede-se na cultura democr\u00e1tica que ajudou a consolidar, na forma\u00e7\u00e3o de gera\u00e7\u00f5es de jornalistas e na qualidade do debate p\u00fablico que fomentou.<\/p>\n\n\n\n<p>Mas Balsem\u00e3o n\u00e3o se ficou pelo jornalismo. Foi tamb\u00e9m um dos fundadores do Partido Popular Democr\u00e1tico, mais tarde Partido Social Democrata, ao lado de Francisco S\u00e1 Carneiro, Magalh\u00e3es Mota e outros pioneiros da democracia liberal portuguesa. O PPD foi, desde o in\u00edcio, um projeto reformista e moderado, que procurava equilibrar a liberdade econ\u00f3mica e a justi\u00e7a social \u2013 uma vis\u00e3o que refletia a natureza ponderada de Balsem\u00e3o. Quando a trag\u00e9dia de Camarate levou S\u00e1 Carneiro, em 1980, o destino colocou sobre os seus ombros a dif\u00edcil tarefa de liderar o Governo e o pa\u00eds num momento de dor e instabilidade. F\u00ea-lo sem sobressaltos, com a serenidade de quem sabe que a pol\u00edtica \u00e9, antes de tudo, um servi\u00e7o e n\u00e3o um palco.<\/p>\n\n\n\n<p>A sua passagem por S\u00e3o Bento foi marcada pela sobriedade e pela \u00e9tica. N\u00e3o procurou o carisma, nem o confronto f\u00e1cil. Procurou antes a estabilidade, o consenso e a dignidade das institui\u00e7\u00f5es. Num tempo em que o pa\u00eds ainda consolidava as bases da sua jovem democracia, Balsem\u00e3o foi uma \u00e2ncora \u2013 um homem que acreditava mais na for\u00e7a das ideias do que nas paix\u00f5es moment\u00e2neas. Talvez por isso tenha sido menos compreendido no seu tempo: num ambiente pol\u00edtico que j\u00e1 ent\u00e3o premiava o espet\u00e1culo, a sua discri\u00e7\u00e3o confundia-se com frieza. Mas, \u00e0 dist\u00e2ncia, percebe-se que o seu legado pol\u00edtico foi o da dec\u00eancia e da coer\u00eancia \u2013 virtudes que, infelizmente, continuam a escassear.<\/p>\n\n\n\n<p>Enquanto empres\u00e1rio e l\u00edder do \u201cGrupo Impresa\u201d, Balsem\u00e3o foi igualmente um vision\u00e1rio. Em 1992, ao fundar a \u201cSIC\u201d, rompeu o monop\u00f3lio estatal da televis\u00e3o e introduziu um novo paradigma medi\u00e1tico em Portugal. A televis\u00e3o privada abriu espa\u00e7o \u00e0 diversidade de vozes, ao pluralismo e a uma nova din\u00e2mica na comunica\u00e7\u00e3o social. Mais uma vez, Balsem\u00e3o n\u00e3o foi movido apenas pelo lucro, mas por uma convic\u00e7\u00e3o: a de que uma sociedade democr\u00e1tica precisa de meios livres, competitivos e respons\u00e1veis. A sua lideran\u00e7a na Impresa foi marcada por essa coer\u00eancia entre o ideal e a pr\u00e1tica \u2013 entre o empres\u00e1rio e o cidad\u00e3o.<\/p>\n\n\n\n<p>A morte de Francisco Pinto Balsem\u00e3o deixa um vazio dif\u00edcil de preencher. Representava uma gera\u00e7\u00e3o que acreditava no valor do servi\u00e7o p\u00fablico, na responsabilidade de quem tem voz e na import\u00e2ncia da \u00e9tica como guia da a\u00e7\u00e3o. Num tempo em que tantas figuras p\u00fablicas se deixam consumir pela \u00e2nsia de notoriedade, Balsem\u00e3o foi o exemplo contr\u00e1rio: o homem que se imp\u00f4s pela conten\u00e7\u00e3o, pela reflex\u00e3o e pela coer\u00eancia. N\u00e3o precisou de levantar a voz para ser ouvido \u2013 bastava falar com clareza e convic\u00e7\u00e3o.<\/p>\n\n\n\n<p>Para o PSD, a sua perda \u00e9 tamb\u00e9m simb\u00f3lica. Balsem\u00e3o encarnava o esp\u00edrito fundador do partido: liberal nos princ\u00edpios, social na ambi\u00e7\u00e3o e \u00e9tico na pr\u00e1tica. Num contexto em que o debate pol\u00edtico muitas vezes se reduz a \u201cslogans\u201d, ele recordava a import\u00e2ncia da subst\u00e2ncia \u2013 da pol\u00edtica como arte do poss\u00edvel, n\u00e3o da demagogia. O PSD perde com ele um referencial moral, um s\u00edmbolo de modera\u00e7\u00e3o e de responsabilidade democr\u00e1tica.<\/p>\n\n\n\n<p>Para o jornalismo, a sua aus\u00eancia \u00e9 ainda mais sentida. Num mundo onde a informa\u00e7\u00e3o se banaliza e o ru\u00eddo domina, Balsem\u00e3o foi, at\u00e9 ao fim, um defensor intransigente do rigor, da verdade e da independ\u00eancia editorial. A liberdade de imprensa que hoje tomamos como garantida deve-lhe muito. E talvez o melhor tributo que lhe podemos prestar seja justamente esse: preservar o jornalismo livre, s\u00e9rio e cr\u00edtico que ele ajudou a erguer.<\/p>\n\n\n\n<p>Francisco Pinto Balsem\u00e3o partiu, mas o seu exemplo permanece. Deixou-nos um pa\u00eds mais informado, mais plural e mais maduro. Foi um homem de poucas palavras e de muitos atos, de uma discri\u00e7\u00e3o que era, em si mesma, uma forma de eleg\u00e2ncia. E se h\u00e1 algo que o seu percurso nos ensina \u00e9 que o verdadeiro poder n\u00e3o se imp\u00f5e \u2013 conquista-se pela integridade, pela compet\u00eancia e pelo compromisso com o bem comum.<\/p>\n\n\n\n<p>Portugal fica-lhe a dever parte da sua liberdade. E essa \u00e9, talvez, a mais bela forma de imortalidade.<\/p>\n","protected":false},"excerpt":{"rendered":"<p>A morte de Francisco Pinto Balsem\u00e3o marca o fim de uma era \u2013 uma daquelas raras em que a vida de um homem se confunde com a pr\u00f3pria hist\u00f3ria de um pa\u00eds. Com ele, desaparece uma das figuras mais marcantes da democracia portuguesa: um pol\u00edtico que preferiu o dever \u00e0 popularidade, um jornalista que acreditou [&hellip;]<\/p>\n","protected":false},"author":7,"featured_media":4825,"comment_status":"open","ping_status":"open","sticky":false,"template":"","format":"standard","meta":{"footnotes":""},"categories":[27,9],"tags":[1125,227],"class_list":{"0":"post-4824","1":"post","2":"type-post","3":"status-publish","4":"format-standard","5":"has-post-thumbnail","7":"category-artigo-de-opiniao","8":"category-terras-de-basto","9":"tag-maria-ines-alves","10":"tag-opiniao"},"yoast_head":"<!-- This site is optimized with the Yoast SEO plugin v25.7 - https:\/\/yoast.com\/wordpress\/plugins\/seo\/ -->\n<title>O homem que deu forma \u00e0 liberdade - Jornal Terras de Basto<\/title>\n<meta name=\"description\" content=\"\u00abA liberdade de imprensa que hoje tomamos como garantida deve-lhe muito. E talvez o melhor tributo que lhe podemos prestar seja justamente esse: preservar o jornalismo livre, s\u00e9rio e cr\u00edtico que ele ajudou a erguer\u00bb.\" \/>\n<meta name=\"robots\" content=\"index, follow, max-snippet:-1, max-image-preview:large, max-video-preview:-1\" \/>\n<link rel=\"canonical\" href=\"https:\/\/terrasdebasto.pt\/?p=4824\" \/>\n<meta property=\"og:locale\" content=\"pt_PT\" \/>\n<meta property=\"og:type\" content=\"article\" \/>\n<meta property=\"og:title\" content=\"O homem que deu forma \u00e0 liberdade - Jornal Terras de Basto\" \/>\n<meta property=\"og:description\" content=\"\u00abA liberdade de imprensa que hoje tomamos como garantida deve-lhe muito. E talvez o melhor tributo que lhe podemos prestar seja justamente esse: preservar o jornalismo livre, s\u00e9rio e cr\u00edtico que ele ajudou a erguer\u00bb.\" \/>\n<meta property=\"og:url\" content=\"https:\/\/terrasdebasto.pt\/?p=4824\" \/>\n<meta property=\"og:site_name\" content=\"Jornal Terras de Basto\" \/>\n<meta property=\"article:published_time\" content=\"2025-11-05T20:40:05+00:00\" \/>\n<meta property=\"article:modified_time\" content=\"2025-11-05T20:40:06+00:00\" \/>\n<meta property=\"og:image\" content=\"https:\/\/terrasdebasto.pt\/wp-content\/uploads\/2025\/11\/MARIA-INES-ALVES.jpg\" \/>\n\t<meta property=\"og:image:width\" content=\"852\" \/>\n\t<meta property=\"og:image:height\" content=\"367\" \/>\n\t<meta property=\"og:image:type\" content=\"image\/jpeg\" \/>\n<meta name=\"author\" content=\"Jo\u00e3o Paulo Mesquita\" \/>\n<meta name=\"twitter:card\" content=\"summary_large_image\" \/>\n<meta name=\"twitter:label1\" content=\"Escrito por\" \/>\n\t<meta name=\"twitter:data1\" content=\"Jo\u00e3o Paulo Mesquita\" \/>\n\t<meta name=\"twitter:label2\" content=\"Tempo estimado de leitura\" \/>\n\t<meta name=\"twitter:data2\" content=\"5 minutos\" \/>\n<script type=\"application\/ld+json\" class=\"yoast-schema-graph\">{\"@context\":\"https:\/\/schema.org\",\"@graph\":[{\"@type\":\"Article\",\"@id\":\"https:\/\/terrasdebasto.pt\/?p=4824#article\",\"isPartOf\":{\"@id\":\"https:\/\/terrasdebasto.pt\/?p=4824\"},\"author\":{\"name\":\"Jo\u00e3o Paulo Mesquita\",\"@id\":\"https:\/\/terrasdebasto.pt\/#\/schema\/person\/9f6739f5394ac65c802641773b278b84\"},\"headline\":\"O homem que deu forma \u00e0 liberdade\",\"datePublished\":\"2025-11-05T20:40:05+00:00\",\"dateModified\":\"2025-11-05T20:40:06+00:00\",\"mainEntityOfPage\":{\"@id\":\"https:\/\/terrasdebasto.pt\/?p=4824\"},\"wordCount\":973,\"commentCount\":0,\"publisher\":{\"@id\":\"https:\/\/terrasdebasto.pt\/#organization\"},\"image\":{\"@id\":\"https:\/\/terrasdebasto.pt\/?p=4824#primaryimage\"},\"thumbnailUrl\":\"https:\/\/terrasdebasto.pt\/wp-content\/uploads\/2025\/11\/MARIA-INES-ALVES.jpg\",\"keywords\":[\"Maria In\u00eas Alves\",\"Opini\u00e3o\"],\"articleSection\":[\"Artigo de opini\u00e3o\",\"Terras de Basto\"],\"inLanguage\":\"pt-PT\",\"potentialAction\":[{\"@type\":\"CommentAction\",\"name\":\"Comment\",\"target\":[\"https:\/\/terrasdebasto.pt\/?p=4824#respond\"]}]},{\"@type\":\"WebPage\",\"@id\":\"https:\/\/terrasdebasto.pt\/?p=4824\",\"url\":\"https:\/\/terrasdebasto.pt\/?p=4824\",\"name\":\"O homem que deu forma \u00e0 liberdade - Jornal Terras de Basto\",\"isPartOf\":{\"@id\":\"https:\/\/terrasdebasto.pt\/#website\"},\"primaryImageOfPage\":{\"@id\":\"https:\/\/terrasdebasto.pt\/?p=4824#primaryimage\"},\"image\":{\"@id\":\"https:\/\/terrasdebasto.pt\/?p=4824#primaryimage\"},\"thumbnailUrl\":\"https:\/\/terrasdebasto.pt\/wp-content\/uploads\/2025\/11\/MARIA-INES-ALVES.jpg\",\"datePublished\":\"2025-11-05T20:40:05+00:00\",\"dateModified\":\"2025-11-05T20:40:06+00:00\",\"description\":\"\u00abA liberdade de imprensa que hoje tomamos como garantida deve-lhe muito. E talvez o melhor tributo que lhe podemos prestar seja justamente esse: preservar o jornalismo livre, s\u00e9rio e cr\u00edtico que ele ajudou a erguer\u00bb.\",\"breadcrumb\":{\"@id\":\"https:\/\/terrasdebasto.pt\/?p=4824#breadcrumb\"},\"inLanguage\":\"pt-PT\",\"potentialAction\":[{\"@type\":\"ReadAction\",\"target\":[\"https:\/\/terrasdebasto.pt\/?p=4824\"]}]},{\"@type\":\"ImageObject\",\"inLanguage\":\"pt-PT\",\"@id\":\"https:\/\/terrasdebasto.pt\/?p=4824#primaryimage\",\"url\":\"https:\/\/terrasdebasto.pt\/wp-content\/uploads\/2025\/11\/MARIA-INES-ALVES.jpg\",\"contentUrl\":\"https:\/\/terrasdebasto.pt\/wp-content\/uploads\/2025\/11\/MARIA-INES-ALVES.jpg\",\"width\":852,\"height\":367},{\"@type\":\"BreadcrumbList\",\"@id\":\"https:\/\/terrasdebasto.pt\/?p=4824#breadcrumb\",\"itemListElement\":[{\"@type\":\"ListItem\",\"position\":1,\"name\":\"In\u00edcio\",\"item\":\"https:\/\/terrasdebasto.pt\/\"},{\"@type\":\"ListItem\",\"position\":2,\"name\":\"O homem que deu forma \u00e0 liberdade\"}]},{\"@type\":\"WebSite\",\"@id\":\"https:\/\/terrasdebasto.pt\/#website\",\"url\":\"https:\/\/terrasdebasto.pt\/\",\"name\":\"Jornal Terras de Basto\",\"description\":\"\",\"publisher\":{\"@id\":\"https:\/\/terrasdebasto.pt\/#organization\"},\"potentialAction\":[{\"@type\":\"SearchAction\",\"target\":{\"@type\":\"EntryPoint\",\"urlTemplate\":\"https:\/\/terrasdebasto.pt\/?s={search_term_string}\"},\"query-input\":{\"@type\":\"PropertyValueSpecification\",\"valueRequired\":true,\"valueName\":\"search_term_string\"}}],\"inLanguage\":\"pt-PT\"},{\"@type\":\"Organization\",\"@id\":\"https:\/\/terrasdebasto.pt\/#organization\",\"name\":\"Jornal Terras de Basto\",\"url\":\"https:\/\/terrasdebasto.pt\/\",\"logo\":{\"@type\":\"ImageObject\",\"inLanguage\":\"pt-PT\",\"@id\":\"https:\/\/terrasdebasto.pt\/#\/schema\/logo\/image\/\",\"url\":\"https:\/\/terrasdebasto.pt\/wp-content\/uploads\/2024\/06\/LogoNormal.png\",\"contentUrl\":\"https:\/\/terrasdebasto.pt\/wp-content\/uploads\/2024\/06\/LogoNormal.png\",\"width\":5638,\"height\":809,\"caption\":\"Jornal Terras de Basto\"},\"image\":{\"@id\":\"https:\/\/terrasdebasto.pt\/#\/schema\/logo\/image\/\"}},{\"@type\":\"Person\",\"@id\":\"https:\/\/terrasdebasto.pt\/#\/schema\/person\/9f6739f5394ac65c802641773b278b84\",\"name\":\"Jo\u00e3o Paulo Mesquita\",\"image\":{\"@type\":\"ImageObject\",\"inLanguage\":\"pt-PT\",\"@id\":\"https:\/\/terrasdebasto.pt\/#\/schema\/person\/image\/\",\"url\":\"https:\/\/secure.gravatar.com\/avatar\/9bd0f299e6d96336664aab64354168246a3ee3287c47891c50d450e47ed9d7f9?s=96&d=mm&r=g\",\"contentUrl\":\"https:\/\/secure.gravatar.com\/avatar\/9bd0f299e6d96336664aab64354168246a3ee3287c47891c50d450e47ed9d7f9?s=96&d=mm&r=g\",\"caption\":\"Jo\u00e3o Paulo Mesquita\"},\"url\":\"https:\/\/terrasdebasto.pt\/?author=7\"}]}<\/script>\n<!-- \/ Yoast SEO plugin. -->","yoast_head_json":{"title":"O homem que deu forma \u00e0 liberdade - Jornal Terras de Basto","description":"\u00abA liberdade de imprensa que hoje tomamos como garantida deve-lhe muito. E talvez o melhor tributo que lhe podemos prestar seja justamente esse: preservar o jornalismo livre, s\u00e9rio e cr\u00edtico que ele ajudou a erguer\u00bb.","robots":{"index":"index","follow":"follow","max-snippet":"max-snippet:-1","max-image-preview":"max-image-preview:large","max-video-preview":"max-video-preview:-1"},"canonical":"https:\/\/terrasdebasto.pt\/?p=4824","og_locale":"pt_PT","og_type":"article","og_title":"O homem que deu forma \u00e0 liberdade - Jornal Terras de Basto","og_description":"\u00abA liberdade de imprensa que hoje tomamos como garantida deve-lhe muito. E talvez o melhor tributo que lhe podemos prestar seja justamente esse: preservar o jornalismo livre, s\u00e9rio e cr\u00edtico que ele ajudou a erguer\u00bb.","og_url":"https:\/\/terrasdebasto.pt\/?p=4824","og_site_name":"Jornal Terras de Basto","article_published_time":"2025-11-05T20:40:05+00:00","article_modified_time":"2025-11-05T20:40:06+00:00","og_image":[{"width":852,"height":367,"url":"https:\/\/terrasdebasto.pt\/wp-content\/uploads\/2025\/11\/MARIA-INES-ALVES.jpg","type":"image\/jpeg"}],"author":"Jo\u00e3o Paulo Mesquita","twitter_card":"summary_large_image","twitter_misc":{"Escrito por":"Jo\u00e3o Paulo Mesquita","Tempo estimado de leitura":"5 minutos"},"schema":{"@context":"https:\/\/schema.org","@graph":[{"@type":"Article","@id":"https:\/\/terrasdebasto.pt\/?p=4824#article","isPartOf":{"@id":"https:\/\/terrasdebasto.pt\/?p=4824"},"author":{"name":"Jo\u00e3o Paulo Mesquita","@id":"https:\/\/terrasdebasto.pt\/#\/schema\/person\/9f6739f5394ac65c802641773b278b84"},"headline":"O homem que deu forma \u00e0 liberdade","datePublished":"2025-11-05T20:40:05+00:00","dateModified":"2025-11-05T20:40:06+00:00","mainEntityOfPage":{"@id":"https:\/\/terrasdebasto.pt\/?p=4824"},"wordCount":973,"commentCount":0,"publisher":{"@id":"https:\/\/terrasdebasto.pt\/#organization"},"image":{"@id":"https:\/\/terrasdebasto.pt\/?p=4824#primaryimage"},"thumbnailUrl":"https:\/\/terrasdebasto.pt\/wp-content\/uploads\/2025\/11\/MARIA-INES-ALVES.jpg","keywords":["Maria In\u00eas Alves","Opini\u00e3o"],"articleSection":["Artigo de opini\u00e3o","Terras de Basto"],"inLanguage":"pt-PT","potentialAction":[{"@type":"CommentAction","name":"Comment","target":["https:\/\/terrasdebasto.pt\/?p=4824#respond"]}]},{"@type":"WebPage","@id":"https:\/\/terrasdebasto.pt\/?p=4824","url":"https:\/\/terrasdebasto.pt\/?p=4824","name":"O homem que deu forma \u00e0 liberdade - Jornal Terras de Basto","isPartOf":{"@id":"https:\/\/terrasdebasto.pt\/#website"},"primaryImageOfPage":{"@id":"https:\/\/terrasdebasto.pt\/?p=4824#primaryimage"},"image":{"@id":"https:\/\/terrasdebasto.pt\/?p=4824#primaryimage"},"thumbnailUrl":"https:\/\/terrasdebasto.pt\/wp-content\/uploads\/2025\/11\/MARIA-INES-ALVES.jpg","datePublished":"2025-11-05T20:40:05+00:00","dateModified":"2025-11-05T20:40:06+00:00","description":"\u00abA liberdade de imprensa que hoje tomamos como garantida deve-lhe muito. E talvez o melhor tributo que lhe podemos prestar seja justamente esse: preservar o jornalismo livre, s\u00e9rio e cr\u00edtico que ele ajudou a erguer\u00bb.","breadcrumb":{"@id":"https:\/\/terrasdebasto.pt\/?p=4824#breadcrumb"},"inLanguage":"pt-PT","potentialAction":[{"@type":"ReadAction","target":["https:\/\/terrasdebasto.pt\/?p=4824"]}]},{"@type":"ImageObject","inLanguage":"pt-PT","@id":"https:\/\/terrasdebasto.pt\/?p=4824#primaryimage","url":"https:\/\/terrasdebasto.pt\/wp-content\/uploads\/2025\/11\/MARIA-INES-ALVES.jpg","contentUrl":"https:\/\/terrasdebasto.pt\/wp-content\/uploads\/2025\/11\/MARIA-INES-ALVES.jpg","width":852,"height":367},{"@type":"BreadcrumbList","@id":"https:\/\/terrasdebasto.pt\/?p=4824#breadcrumb","itemListElement":[{"@type":"ListItem","position":1,"name":"In\u00edcio","item":"https:\/\/terrasdebasto.pt\/"},{"@type":"ListItem","position":2,"name":"O homem que deu forma \u00e0 liberdade"}]},{"@type":"WebSite","@id":"https:\/\/terrasdebasto.pt\/#website","url":"https:\/\/terrasdebasto.pt\/","name":"Jornal Terras de Basto","description":"","publisher":{"@id":"https:\/\/terrasdebasto.pt\/#organization"},"potentialAction":[{"@type":"SearchAction","target":{"@type":"EntryPoint","urlTemplate":"https:\/\/terrasdebasto.pt\/?s={search_term_string}"},"query-input":{"@type":"PropertyValueSpecification","valueRequired":true,"valueName":"search_term_string"}}],"inLanguage":"pt-PT"},{"@type":"Organization","@id":"https:\/\/terrasdebasto.pt\/#organization","name":"Jornal Terras de Basto","url":"https:\/\/terrasdebasto.pt\/","logo":{"@type":"ImageObject","inLanguage":"pt-PT","@id":"https:\/\/terrasdebasto.pt\/#\/schema\/logo\/image\/","url":"https:\/\/terrasdebasto.pt\/wp-content\/uploads\/2024\/06\/LogoNormal.png","contentUrl":"https:\/\/terrasdebasto.pt\/wp-content\/uploads\/2024\/06\/LogoNormal.png","width":5638,"height":809,"caption":"Jornal Terras de Basto"},"image":{"@id":"https:\/\/terrasdebasto.pt\/#\/schema\/logo\/image\/"}},{"@type":"Person","@id":"https:\/\/terrasdebasto.pt\/#\/schema\/person\/9f6739f5394ac65c802641773b278b84","name":"Jo\u00e3o Paulo Mesquita","image":{"@type":"ImageObject","inLanguage":"pt-PT","@id":"https:\/\/terrasdebasto.pt\/#\/schema\/person\/image\/","url":"https:\/\/secure.gravatar.com\/avatar\/9bd0f299e6d96336664aab64354168246a3ee3287c47891c50d450e47ed9d7f9?s=96&d=mm&r=g","contentUrl":"https:\/\/secure.gravatar.com\/avatar\/9bd0f299e6d96336664aab64354168246a3ee3287c47891c50d450e47ed9d7f9?s=96&d=mm&r=g","caption":"Jo\u00e3o Paulo Mesquita"},"url":"https:\/\/terrasdebasto.pt\/?author=7"}]}},"_links":{"self":[{"href":"https:\/\/terrasdebasto.pt\/index.php?rest_route=\/wp\/v2\/posts\/4824","targetHints":{"allow":["GET"]}}],"collection":[{"href":"https:\/\/terrasdebasto.pt\/index.php?rest_route=\/wp\/v2\/posts"}],"about":[{"href":"https:\/\/terrasdebasto.pt\/index.php?rest_route=\/wp\/v2\/types\/post"}],"author":[{"embeddable":true,"href":"https:\/\/terrasdebasto.pt\/index.php?rest_route=\/wp\/v2\/users\/7"}],"replies":[{"embeddable":true,"href":"https:\/\/terrasdebasto.pt\/index.php?rest_route=%2Fwp%2Fv2%2Fcomments&post=4824"}],"version-history":[{"count":1,"href":"https:\/\/terrasdebasto.pt\/index.php?rest_route=\/wp\/v2\/posts\/4824\/revisions"}],"predecessor-version":[{"id":4826,"href":"https:\/\/terrasdebasto.pt\/index.php?rest_route=\/wp\/v2\/posts\/4824\/revisions\/4826"}],"wp:featuredmedia":[{"embeddable":true,"href":"https:\/\/terrasdebasto.pt\/index.php?rest_route=\/wp\/v2\/media\/4825"}],"wp:attachment":[{"href":"https:\/\/terrasdebasto.pt\/index.php?rest_route=%2Fwp%2Fv2%2Fmedia&parent=4824"}],"wp:term":[{"taxonomy":"category","embeddable":true,"href":"https:\/\/terrasdebasto.pt\/index.php?rest_route=%2Fwp%2Fv2%2Fcategories&post=4824"},{"taxonomy":"post_tag","embeddable":true,"href":"https:\/\/terrasdebasto.pt\/index.php?rest_route=%2Fwp%2Fv2%2Ftags&post=4824"}],"curies":[{"name":"wp","href":"https:\/\/api.w.org\/{rel}","templated":true}]}}