{"id":4810,"date":"2025-11-05T17:45:49","date_gmt":"2025-11-05T17:45:49","guid":{"rendered":"https:\/\/terrasdebasto.pt\/?p=4810"},"modified":"2025-11-05T17:45:50","modified_gmt":"2025-11-05T17:45:50","slug":"rally-de-historicos-condiciona-transito","status":"publish","type":"post","link":"https:\/\/terrasdebasto.pt\/?p=4810","title":{"rendered":"Rally de hist\u00f3ricos condiciona tr\u00e2nsito"},"content":{"rendered":"\n<p><strong>O tr\u00e2nsito autom\u00f3vel vai estar interrompido \u2013 esta sexta-feira (7), entre as 09h00 e as 18h00 \u2013 na Rua do Centro e na Rua do Carvalhal, entre o Lugar da Veiga e o limite da freguesia de Bucos, e na Rua de Busteliberne e Rua do Alto da Serra, na freguesia de S\u00e3o Nicolau.<\/strong><\/p>\n\n\n\n<p>O motivo \u2013 diz a autarquia local \u2013 \u00e9 a realiza\u00e7\u00e3o do \u201cHistoric Rally Fafe\u201d, de que Cabeceiras de Basto recebe nesse dia duas provas especiais de classifica\u00e7\u00e3o.<\/p>\n\n\n\n<p>O \u201crally\u201d acontece sexta-feira e s\u00e1bado (7 e 8) e, embora se trate da etapa de encerramento desta edi\u00e7\u00e3o da prova, espera \u00abuma aliciante lista de inscritos\u00bb.<\/p>\n\n\n\n<p>O \u201cHistoric Rally Fafe\u201d, que tem organiza\u00e7\u00e3o da Demoporto, estreia-se no calend\u00e1rio do \u201cFIA European Historic Rally Championship\u201d (EHRC) e nele podem participar m\u00e1quinas cl\u00e1ssicas dos anos 60 at\u00e9 aos 2000.<\/p>\n\n\n\n<p>Com um percurso que atravessa algumas das mais ic\u00f3nicas classificativas de terra, reconhecidas internacionalmente pela sua beleza e desafio t\u00e9cnico, o rali tamb\u00e9m integra a chancela FIA no \u201cEuropean Rally Trophy\u201d, refor\u00e7ando o seu prest\u00edgio. O epicentro da competi\u00e7\u00e3o \u00e9 a cidade de Fafe, mas as emo\u00e7\u00f5es estendem-se, al\u00e9m de Cabeceiras de Basto, aos concelhos de Felgueiras e Boticas.<\/p>\n\n\n\n<p>Apresentar\u00e1 algumas inova\u00e7\u00f5es em termos de estrutura, sendo que a \u00fanica classificativa fora de Fafe ser\u00e1 a de Cabeceiras de Basto (10,70 km), com um tra\u00e7ado in\u00e9dito. Outras novidades s\u00e3o a jun\u00e7\u00e3o dos tro\u00e7os de Montim com o de Vila Pouca, passando pela EN 206. O in\u00edcio do tro\u00e7o de Vila Cova, e at\u00e9 meio, \u00e9 totalmente novo e uma estreia absoluta, derivando depois para uma estrada j\u00e1 antes utilizada e de nome Monte.<\/p>\n\n\n\n<p>Se o tro\u00e7o de Anjos\/Gontim (14,04 km) \u00e9 id\u00eantico \u00e0 vers\u00e3o utilizada em 2020, quando o rali integrava o Europeu, o da Queimadela ter\u00e1 agora um final diferente, que corresponde ao acesso \u00e0 EN 207 (Fafe-P\u00f3voa de Lanhoso). O de V\u00e1rzea Cova (10,74 km) mant\u00e9m-se id\u00eantico \u00e0 vers\u00e3o dos anos anteriores.<\/p>\n\n\n\n<p>A prova arranca oficialmente na quinta-feira (6), com a realiza\u00e7\u00e3o do \u201cshakedown\u201d, no tro\u00e7o de Gontim, mas em sentido contr\u00e1rio, come\u00e7ando em Pedra\u00eddo para terminar na Lagoa.<\/p>\n\n\n\n<p>Os pilotos inscritos no Campeonato Regional Norte disputam apenas as classificativas da segunda etapa, no s\u00e1bado (7).<\/p>\n\n\n\n<p>Na sexta-feira (7), a primeira PEC cabeceirense, a segunda da etapa, acontece a partir das 11h55, enquanto a PEC 5 se realiza a partir das 16h22.<\/p>\n\n\n\n<p>Jari-Matti Latvala, vencedor da edi\u00e7\u00e3o espanhola, com um \u201cToyota Celica 4WD Turbo\u201d, j\u00e1 confirmou a sua participa\u00e7\u00e3o, atestando o que a FIA havia assinalado num dos seus \u00faltimos comunicados, referindo-se \u00e0s duas \u00faltimas provas da \u00e9poca.<\/p>\n\n\n\n<p>A equipa brit\u00e2nica \u201cFlexifly Rally Team\u201d, que habitualmente faz alinhar um \u201cBMW M3\u201d e dois \u201cFord Escort 1800\u201d, embora sem especificar detalhes da participa\u00e7\u00e3o, tamb\u00e9m manifestou vontade de participar.<\/p>\n\n\n\n<p>Mais informa\u00e7\u00e3o em: https:\/\/historicrallyfafe.com\/guia-do-espectador\/<\/p>\n\n\n\n<figure class=\"wp-block-gallery has-nested-images columns-default is-cropped wp-block-gallery-1 is-layout-flex wp-block-gallery-is-layout-flex\">\n<figure class=\"wp-block-image size-large\"><img loading=\"lazy\" decoding=\"async\" width=\"1024\" height=\"666\" data-id=\"4813\" src=\"https:\/\/terrasdebasto.pt\/wp-content\/uploads\/2025\/11\/RALLY-HISTORIC-1024x666.jpg\" alt=\"\" class=\"wp-image-4813\" srcset=\"https:\/\/terrasdebasto.pt\/wp-content\/uploads\/2025\/11\/RALLY-HISTORIC-1024x666.jpg 1024w, https:\/\/terrasdebasto.pt\/wp-content\/uploads\/2025\/11\/RALLY-HISTORIC-300x195.jpg 300w, https:\/\/terrasdebasto.pt\/wp-content\/uploads\/2025\/11\/RALLY-HISTORIC-768x499.jpg 768w, https:\/\/terrasdebasto.pt\/wp-content\/uploads\/2025\/11\/RALLY-HISTORIC-150x98.jpg 150w, https:\/\/terrasdebasto.pt\/wp-content\/uploads\/2025\/11\/RALLY-HISTORIC-696x452.jpg 696w, https:\/\/terrasdebasto.pt\/wp-content\/uploads\/2025\/11\/RALLY-HISTORIC-1068x694.jpg 1068w, https:\/\/terrasdebasto.pt\/wp-content\/uploads\/2025\/11\/RALLY-HISTORIC.jpg 1080w\" sizes=\"auto, (max-width: 1024px) 100vw, 1024px\" \/><\/figure>\n<\/figure>\n","protected":false},"excerpt":{"rendered":"<p>O tr\u00e2nsito autom\u00f3vel vai estar interrompido \u2013 esta sexta-feira (7), entre as 09h00 e as 18h00 \u2013 na Rua do Centro e na Rua do Carvalhal, entre o Lugar da Veiga e o limite da freguesia de Bucos, e na Rua de Busteliberne e Rua do Alto da Serra, na freguesia de S\u00e3o Nicolau. O [&hellip;]<\/p>\n","protected":false},"author":7,"featured_media":4812,"comment_status":"open","ping_status":"open","sticky":false,"template":"","format":"standard","meta":{"footnotes":""},"categories":[12,8,9],"tags":[29,1119,1004,1118],"class_list":{"0":"post-4810","1":"post","2":"type-post","3":"status-publish","4":"format-standard","5":"has-post-thumbnail","7":"category-cabeceiras-de-basto","8":"category-desporto","9":"category-terras-de-basto","10":"tag-cabeceiras-de-basto","11":"tag-fafe","12":"tag-historic-rally-fafe","13":"tag-rally-de-historicos"},"yoast_head":"<!-- This site is optimized with the Yoast SEO plugin v25.7 - https:\/\/yoast.com\/wordpress\/plugins\/seo\/ -->\n<title>Rally de hist\u00f3ricos condiciona tr\u00e2nsito - Jornal Terras de Basto<\/title>\n<meta name=\"description\" content=\"O tr\u00e2nsito autom\u00f3vel vai estar interrompido \u2013 esta sexta-feira (7), entre as 09h00 e as 18h00 \u2013 na Rua do Centro e na Rua do Carvalhal, entre o Lugar da Veiga e o limite da freguesia de Bucos, e na Rua de Busteliberne e Rua do Alto da Serra, na freguesia de S\u00e3o Nicolau.\" \/>\n<meta name=\"robots\" content=\"index, follow, max-snippet:-1, max-image-preview:large, max-video-preview:-1\" \/>\n<link rel=\"canonical\" href=\"https:\/\/terrasdebasto.pt\/?p=4810\" \/>\n<meta property=\"og:locale\" content=\"pt_PT\" \/>\n<meta property=\"og:type\" content=\"article\" \/>\n<meta property=\"og:title\" content=\"Rally de hist\u00f3ricos condiciona tr\u00e2nsito - Jornal Terras de Basto\" \/>\n<meta property=\"og:description\" content=\"O tr\u00e2nsito autom\u00f3vel vai estar interrompido \u2013 esta sexta-feira (7), entre as 09h00 e as 18h00 \u2013 na Rua do Centro e na Rua do Carvalhal, entre o Lugar da Veiga e o limite da freguesia de Bucos, e na Rua de Busteliberne e Rua do Alto da Serra, na freguesia de S\u00e3o Nicolau.\" \/>\n<meta property=\"og:url\" content=\"https:\/\/terrasdebasto.pt\/?p=4810\" \/>\n<meta property=\"og:site_name\" content=\"Jornal Terras de Basto\" \/>\n<meta property=\"article:published_time\" content=\"2025-11-05T17:45:49+00:00\" \/>\n<meta property=\"article:modified_time\" content=\"2025-11-05T17:45:50+00:00\" \/>\n<meta property=\"og:image\" content=\"https:\/\/terrasdebasto.pt\/wp-content\/uploads\/2025\/11\/RALLY-HISTORICO-3-1.jpg\" \/>\n\t<meta property=\"og:image:width\" content=\"947\" \/>\n\t<meta property=\"og:image:height\" content=\"832\" \/>\n\t<meta property=\"og:image:type\" content=\"image\/jpeg\" \/>\n<meta name=\"author\" content=\"Jo\u00e3o Paulo Mesquita\" \/>\n<meta name=\"twitter:card\" content=\"summary_large_image\" \/>\n<meta name=\"twitter:label1\" content=\"Escrito por\" \/>\n\t<meta name=\"twitter:data1\" content=\"Jo\u00e3o Paulo Mesquita\" \/>\n\t<meta name=\"twitter:label2\" content=\"Tempo estimado de leitura\" \/>\n\t<meta name=\"twitter:data2\" content=\"3 minutos\" \/>\n<script type=\"application\/ld+json\" class=\"yoast-schema-graph\">{\"@context\":\"https:\/\/schema.org\",\"@graph\":[{\"@type\":\"Article\",\"@id\":\"https:\/\/terrasdebasto.pt\/?p=4810#article\",\"isPartOf\":{\"@id\":\"https:\/\/terrasdebasto.pt\/?p=4810\"},\"author\":{\"name\":\"Jo\u00e3o Paulo Mesquita\",\"@id\":\"https:\/\/terrasdebasto.pt\/#\/schema\/person\/9f6739f5394ac65c802641773b278b84\"},\"headline\":\"Rally de hist\u00f3ricos condiciona tr\u00e2nsito\",\"datePublished\":\"2025-11-05T17:45:49+00:00\",\"dateModified\":\"2025-11-05T17:45:50+00:00\",\"mainEntityOfPage\":{\"@id\":\"https:\/\/terrasdebasto.pt\/?p=4810\"},\"wordCount\":494,\"commentCount\":0,\"publisher\":{\"@id\":\"https:\/\/terrasdebasto.pt\/#organization\"},\"image\":{\"@id\":\"https:\/\/terrasdebasto.pt\/?p=4810#primaryimage\"},\"thumbnailUrl\":\"https:\/\/terrasdebasto.pt\/wp-content\/uploads\/2025\/11\/RALLY-HISTORICO-3-1.jpg\",\"keywords\":[\"Cabeceiras de Basto\",\"Fafe\",\"Historic Rally Fafe\",\"Rally de Hist\u00f3ricos\"],\"articleSection\":[\"Cabeceiras de Basto\",\"Desporto\",\"Terras de Basto\"],\"inLanguage\":\"pt-PT\",\"potentialAction\":[{\"@type\":\"CommentAction\",\"name\":\"Comment\",\"target\":[\"https:\/\/terrasdebasto.pt\/?p=4810#respond\"]}]},{\"@type\":\"WebPage\",\"@id\":\"https:\/\/terrasdebasto.pt\/?p=4810\",\"url\":\"https:\/\/terrasdebasto.pt\/?p=4810\",\"name\":\"Rally de hist\u00f3ricos condiciona tr\u00e2nsito - Jornal Terras de Basto\",\"isPartOf\":{\"@id\":\"https:\/\/terrasdebasto.pt\/#website\"},\"primaryImageOfPage\":{\"@id\":\"https:\/\/terrasdebasto.pt\/?p=4810#primaryimage\"},\"image\":{\"@id\":\"https:\/\/terrasdebasto.pt\/?p=4810#primaryimage\"},\"thumbnailUrl\":\"https:\/\/terrasdebasto.pt\/wp-content\/uploads\/2025\/11\/RALLY-HISTORICO-3-1.jpg\",\"datePublished\":\"2025-11-05T17:45:49+00:00\",\"dateModified\":\"2025-11-05T17:45:50+00:00\",\"description\":\"O tr\u00e2nsito autom\u00f3vel vai estar interrompido \u2013 esta sexta-feira (7), entre as 09h00 e as 18h00 \u2013 na Rua do Centro e na Rua do Carvalhal, entre o Lugar da Veiga e o limite da freguesia de Bucos, e na Rua de Busteliberne e Rua do Alto da Serra, na freguesia de S\u00e3o Nicolau.\",\"breadcrumb\":{\"@id\":\"https:\/\/terrasdebasto.pt\/?p=4810#breadcrumb\"},\"inLanguage\":\"pt-PT\",\"potentialAction\":[{\"@type\":\"ReadAction\",\"target\":[\"https:\/\/terrasdebasto.pt\/?p=4810\"]}]},{\"@type\":\"ImageObject\",\"inLanguage\":\"pt-PT\",\"@id\":\"https:\/\/terrasdebasto.pt\/?p=4810#primaryimage\",\"url\":\"https:\/\/terrasdebasto.pt\/wp-content\/uploads\/2025\/11\/RALLY-HISTORICO-3-1.jpg\",\"contentUrl\":\"https:\/\/terrasdebasto.pt\/wp-content\/uploads\/2025\/11\/RALLY-HISTORICO-3-1.jpg\",\"width\":947,\"height\":832},{\"@type\":\"BreadcrumbList\",\"@id\":\"https:\/\/terrasdebasto.pt\/?p=4810#breadcrumb\",\"itemListElement\":[{\"@type\":\"ListItem\",\"position\":1,\"name\":\"In\u00edcio\",\"item\":\"https:\/\/terrasdebasto.pt\/\"},{\"@type\":\"ListItem\",\"position\":2,\"name\":\"Rally de hist\u00f3ricos condiciona tr\u00e2nsito\"}]},{\"@type\":\"WebSite\",\"@id\":\"https:\/\/terrasdebasto.pt\/#website\",\"url\":\"https:\/\/terrasdebasto.pt\/\",\"name\":\"Jornal Terras de Basto\",\"description\":\"\",\"publisher\":{\"@id\":\"https:\/\/terrasdebasto.pt\/#organization\"},\"potentialAction\":[{\"@type\":\"SearchAction\",\"target\":{\"@type\":\"EntryPoint\",\"urlTemplate\":\"https:\/\/terrasdebasto.pt\/?s={search_term_string}\"},\"query-input\":{\"@type\":\"PropertyValueSpecification\",\"valueRequired\":true,\"valueName\":\"search_term_string\"}}],\"inLanguage\":\"pt-PT\"},{\"@type\":\"Organization\",\"@id\":\"https:\/\/terrasdebasto.pt\/#organization\",\"name\":\"Jornal Terras de Basto\",\"url\":\"https:\/\/terrasdebasto.pt\/\",\"logo\":{\"@type\":\"ImageObject\",\"inLanguage\":\"pt-PT\",\"@id\":\"https:\/\/terrasdebasto.pt\/#\/schema\/logo\/image\/\",\"url\":\"https:\/\/terrasdebasto.pt\/wp-content\/uploads\/2024\/06\/LogoNormal.png\",\"contentUrl\":\"https:\/\/terrasdebasto.pt\/wp-content\/uploads\/2024\/06\/LogoNormal.png\",\"width\":5638,\"height\":809,\"caption\":\"Jornal Terras de Basto\"},\"image\":{\"@id\":\"https:\/\/terrasdebasto.pt\/#\/schema\/logo\/image\/\"}},{\"@type\":\"Person\",\"@id\":\"https:\/\/terrasdebasto.pt\/#\/schema\/person\/9f6739f5394ac65c802641773b278b84\",\"name\":\"Jo\u00e3o Paulo Mesquita\",\"image\":{\"@type\":\"ImageObject\",\"inLanguage\":\"pt-PT\",\"@id\":\"https:\/\/terrasdebasto.pt\/#\/schema\/person\/image\/\",\"url\":\"https:\/\/secure.gravatar.com\/avatar\/9bd0f299e6d96336664aab64354168246a3ee3287c47891c50d450e47ed9d7f9?s=96&d=mm&r=g\",\"contentUrl\":\"https:\/\/secure.gravatar.com\/avatar\/9bd0f299e6d96336664aab64354168246a3ee3287c47891c50d450e47ed9d7f9?s=96&d=mm&r=g\",\"caption\":\"Jo\u00e3o Paulo Mesquita\"},\"url\":\"https:\/\/terrasdebasto.pt\/?author=7\"}]}<\/script>\n<!-- \/ Yoast SEO plugin. -->","yoast_head_json":{"title":"Rally de hist\u00f3ricos condiciona tr\u00e2nsito - Jornal Terras de Basto","description":"O tr\u00e2nsito autom\u00f3vel vai estar interrompido \u2013 esta sexta-feira (7), entre as 09h00 e as 18h00 \u2013 na Rua do Centro e na Rua do Carvalhal, entre o Lugar da Veiga e o limite da freguesia de Bucos, e na Rua de Busteliberne e Rua do Alto da Serra, na freguesia de S\u00e3o Nicolau.","robots":{"index":"index","follow":"follow","max-snippet":"max-snippet:-1","max-image-preview":"max-image-preview:large","max-video-preview":"max-video-preview:-1"},"canonical":"https:\/\/terrasdebasto.pt\/?p=4810","og_locale":"pt_PT","og_type":"article","og_title":"Rally de hist\u00f3ricos condiciona tr\u00e2nsito - Jornal Terras de Basto","og_description":"O tr\u00e2nsito autom\u00f3vel vai estar interrompido \u2013 esta sexta-feira (7), entre as 09h00 e as 18h00 \u2013 na Rua do Centro e na Rua do Carvalhal, entre o Lugar da Veiga e o limite da freguesia de Bucos, e na Rua de Busteliberne e Rua do Alto da Serra, na freguesia de S\u00e3o Nicolau.","og_url":"https:\/\/terrasdebasto.pt\/?p=4810","og_site_name":"Jornal Terras de Basto","article_published_time":"2025-11-05T17:45:49+00:00","article_modified_time":"2025-11-05T17:45:50+00:00","og_image":[{"width":947,"height":832,"url":"https:\/\/terrasdebasto.pt\/wp-content\/uploads\/2025\/11\/RALLY-HISTORICO-3-1.jpg","type":"image\/jpeg"}],"author":"Jo\u00e3o Paulo Mesquita","twitter_card":"summary_large_image","twitter_misc":{"Escrito por":"Jo\u00e3o Paulo Mesquita","Tempo estimado de leitura":"3 minutos"},"schema":{"@context":"https:\/\/schema.org","@graph":[{"@type":"Article","@id":"https:\/\/terrasdebasto.pt\/?p=4810#article","isPartOf":{"@id":"https:\/\/terrasdebasto.pt\/?p=4810"},"author":{"name":"Jo\u00e3o Paulo Mesquita","@id":"https:\/\/terrasdebasto.pt\/#\/schema\/person\/9f6739f5394ac65c802641773b278b84"},"headline":"Rally de hist\u00f3ricos condiciona tr\u00e2nsito","datePublished":"2025-11-05T17:45:49+00:00","dateModified":"2025-11-05T17:45:50+00:00","mainEntityOfPage":{"@id":"https:\/\/terrasdebasto.pt\/?p=4810"},"wordCount":494,"commentCount":0,"publisher":{"@id":"https:\/\/terrasdebasto.pt\/#organization"},"image":{"@id":"https:\/\/terrasdebasto.pt\/?p=4810#primaryimage"},"thumbnailUrl":"https:\/\/terrasdebasto.pt\/wp-content\/uploads\/2025\/11\/RALLY-HISTORICO-3-1.jpg","keywords":["Cabeceiras de Basto","Fafe","Historic Rally Fafe","Rally de Hist\u00f3ricos"],"articleSection":["Cabeceiras de Basto","Desporto","Terras de Basto"],"inLanguage":"pt-PT","potentialAction":[{"@type":"CommentAction","name":"Comment","target":["https:\/\/terrasdebasto.pt\/?p=4810#respond"]}]},{"@type":"WebPage","@id":"https:\/\/terrasdebasto.pt\/?p=4810","url":"https:\/\/terrasdebasto.pt\/?p=4810","name":"Rally de hist\u00f3ricos condiciona tr\u00e2nsito - Jornal Terras de Basto","isPartOf":{"@id":"https:\/\/terrasdebasto.pt\/#website"},"primaryImageOfPage":{"@id":"https:\/\/terrasdebasto.pt\/?p=4810#primaryimage"},"image":{"@id":"https:\/\/terrasdebasto.pt\/?p=4810#primaryimage"},"thumbnailUrl":"https:\/\/terrasdebasto.pt\/wp-content\/uploads\/2025\/11\/RALLY-HISTORICO-3-1.jpg","datePublished":"2025-11-05T17:45:49+00:00","dateModified":"2025-11-05T17:45:50+00:00","description":"O tr\u00e2nsito autom\u00f3vel vai estar interrompido \u2013 esta sexta-feira (7), entre as 09h00 e as 18h00 \u2013 na Rua do Centro e na Rua do Carvalhal, entre o Lugar da Veiga e o limite da freguesia de Bucos, e na Rua de Busteliberne e Rua do Alto da Serra, na freguesia de S\u00e3o Nicolau.","breadcrumb":{"@id":"https:\/\/terrasdebasto.pt\/?p=4810#breadcrumb"},"inLanguage":"pt-PT","potentialAction":[{"@type":"ReadAction","target":["https:\/\/terrasdebasto.pt\/?p=4810"]}]},{"@type":"ImageObject","inLanguage":"pt-PT","@id":"https:\/\/terrasdebasto.pt\/?p=4810#primaryimage","url":"https:\/\/terrasdebasto.pt\/wp-content\/uploads\/2025\/11\/RALLY-HISTORICO-3-1.jpg","contentUrl":"https:\/\/terrasdebasto.pt\/wp-content\/uploads\/2025\/11\/RALLY-HISTORICO-3-1.jpg","width":947,"height":832},{"@type":"BreadcrumbList","@id":"https:\/\/terrasdebasto.pt\/?p=4810#breadcrumb","itemListElement":[{"@type":"ListItem","position":1,"name":"In\u00edcio","item":"https:\/\/terrasdebasto.pt\/"},{"@type":"ListItem","position":2,"name":"Rally de hist\u00f3ricos condiciona tr\u00e2nsito"}]},{"@type":"WebSite","@id":"https:\/\/terrasdebasto.pt\/#website","url":"https:\/\/terrasdebasto.pt\/","name":"Jornal Terras de Basto","description":"","publisher":{"@id":"https:\/\/terrasdebasto.pt\/#organization"},"potentialAction":[{"@type":"SearchAction","target":{"@type":"EntryPoint","urlTemplate":"https:\/\/terrasdebasto.pt\/?s={search_term_string}"},"query-input":{"@type":"PropertyValueSpecification","valueRequired":true,"valueName":"search_term_string"}}],"inLanguage":"pt-PT"},{"@type":"Organization","@id":"https:\/\/terrasdebasto.pt\/#organization","name":"Jornal Terras de Basto","url":"https:\/\/terrasdebasto.pt\/","logo":{"@type":"ImageObject","inLanguage":"pt-PT","@id":"https:\/\/terrasdebasto.pt\/#\/schema\/logo\/image\/","url":"https:\/\/terrasdebasto.pt\/wp-content\/uploads\/2024\/06\/LogoNormal.png","contentUrl":"https:\/\/terrasdebasto.pt\/wp-content\/uploads\/2024\/06\/LogoNormal.png","width":5638,"height":809,"caption":"Jornal Terras de Basto"},"image":{"@id":"https:\/\/terrasdebasto.pt\/#\/schema\/logo\/image\/"}},{"@type":"Person","@id":"https:\/\/terrasdebasto.pt\/#\/schema\/person\/9f6739f5394ac65c802641773b278b84","name":"Jo\u00e3o Paulo Mesquita","image":{"@type":"ImageObject","inLanguage":"pt-PT","@id":"https:\/\/terrasdebasto.pt\/#\/schema\/person\/image\/","url":"https:\/\/secure.gravatar.com\/avatar\/9bd0f299e6d96336664aab64354168246a3ee3287c47891c50d450e47ed9d7f9?s=96&d=mm&r=g","contentUrl":"https:\/\/secure.gravatar.com\/avatar\/9bd0f299e6d96336664aab64354168246a3ee3287c47891c50d450e47ed9d7f9?s=96&d=mm&r=g","caption":"Jo\u00e3o Paulo Mesquita"},"url":"https:\/\/terrasdebasto.pt\/?author=7"}]}},"_links":{"self":[{"href":"https:\/\/terrasdebasto.pt\/index.php?rest_route=\/wp\/v2\/posts\/4810","targetHints":{"allow":["GET"]}}],"collection":[{"href":"https:\/\/terrasdebasto.pt\/index.php?rest_route=\/wp\/v2\/posts"}],"about":[{"href":"https:\/\/terrasdebasto.pt\/index.php?rest_route=\/wp\/v2\/types\/post"}],"author":[{"embeddable":true,"href":"https:\/\/terrasdebasto.pt\/index.php?rest_route=\/wp\/v2\/users\/7"}],"replies":[{"embeddable":true,"href":"https:\/\/terrasdebasto.pt\/index.php?rest_route=%2Fwp%2Fv2%2Fcomments&post=4810"}],"version-history":[{"count":1,"href":"https:\/\/terrasdebasto.pt\/index.php?rest_route=\/wp\/v2\/posts\/4810\/revisions"}],"predecessor-version":[{"id":4814,"href":"https:\/\/terrasdebasto.pt\/index.php?rest_route=\/wp\/v2\/posts\/4810\/revisions\/4814"}],"wp:featuredmedia":[{"embeddable":true,"href":"https:\/\/terrasdebasto.pt\/index.php?rest_route=\/wp\/v2\/media\/4812"}],"wp:attachment":[{"href":"https:\/\/terrasdebasto.pt\/index.php?rest_route=%2Fwp%2Fv2%2Fmedia&parent=4810"}],"wp:term":[{"taxonomy":"category","embeddable":true,"href":"https:\/\/terrasdebasto.pt\/index.php?rest_route=%2Fwp%2Fv2%2Fcategories&post=4810"},{"taxonomy":"post_tag","embeddable":true,"href":"https:\/\/terrasdebasto.pt\/index.php?rest_route=%2Fwp%2Fv2%2Ftags&post=4810"}],"curies":[{"name":"wp","href":"https:\/\/api.w.org\/{rel}","templated":true}]}}