{"id":4803,"date":"2025-11-05T13:20:33","date_gmt":"2025-11-05T13:20:33","guid":{"rendered":"https:\/\/terrasdebasto.pt\/?p=4803"},"modified":"2025-11-05T13:20:33","modified_gmt":"2025-11-05T13:20:33","slug":"beca-continua-com-certificacao-maxima","status":"publish","type":"post","link":"https:\/\/terrasdebasto.pt\/?p=4803","title":{"rendered":"BECA continua com certifica\u00e7\u00e3o m\u00e1xima"},"content":{"rendered":"\n<p><\/p>\n\n\n\n<p><strong>O clube de andebol do Agrupamento de Escolas de Celorico de Basto \u2013 o BECA \u2013 voltou a ser distinguido agora pela Federa\u00e7\u00e3o de Andebol de Portugal com o n\u00edvel m\u00e1ximo \u2013 tr\u00eas estrelas \u2013 no processo de certifica\u00e7\u00e3o de entidade formadora, tanto no setor masculino como feminino.<\/strong><\/p>\n\n\n\n<p>A renova\u00e7\u00e3o da certifica\u00e7\u00e3o \u2013 dizem os seus respons\u00e1veis \u2013 representa \u00abo reconhecimento da qualidade, consist\u00eancia e compromisso do projeto formativo, refor\u00e7ando o trabalho desenvolvido por toda a estrutura do clube ao longo dos \u00faltimos anos\u00bb.<\/p>\n\n\n\n<p>O processo de certifica\u00e7\u00e3o continua a ser \u00abum importante instrumento de valoriza\u00e7\u00e3o e credibilidade\u00bb, permitindo aos clubes evolu\u00edrem na forma\u00e7\u00e3o dos seus jovens atletas e garantirem \u00abuma organiza\u00e7\u00e3o mais s\u00f3lida, moderna e sustent\u00e1vel\u00bb.<\/p>\n\n\n\n<p>\u00abMais do que uma distin\u00e7\u00e3o, esta renova\u00e7\u00e3o das tr\u00eas estrelas confirma o BECA como uma refer\u00eancia nacional na forma\u00e7\u00e3o de andebolistas e reafirma a nossa miss\u00e3o: formar atletas, formar pessoas e continuar a crescer com qualidade e paix\u00e3o\u00bb, afirmam, em nota p\u00fablica.<\/p>\n\n\n\n<p>O \u201cBastinhos Escola Clube de Andebol\u201d dirige, assim, um agradecimento \u00abmuito especial\u00bb a todos os que tornam este reconhecimento poss\u00edvel \u2014 atletas, treinadores, dirigentes, pais, parceiros, escola e toda a comunidade que acredita e apoia diariamente este projeto. \u00abCada conquista \u00e9 o reflexo do empenho, dedica\u00e7\u00e3o e paix\u00e3o de todos os que fazem parte da fam\u00edlia BECA; \u00e9 com este esp\u00edrito coletivo que continuaremos a crescer, formar e inspirar atrav\u00e9s do andebol\u00bb, afirmam.<\/p>\n","protected":false},"excerpt":{"rendered":"<p>O clube de andebol do Agrupamento de Escolas de Celorico de Basto \u2013 o BECA \u2013 voltou a ser distinguido agora pela Federa\u00e7\u00e3o de Andebol de Portugal com o n\u00edvel m\u00e1ximo \u2013 tr\u00eas estrelas \u2013 no processo de certifica\u00e7\u00e3o de entidade formadora, tanto no setor masculino como feminino. A renova\u00e7\u00e3o da certifica\u00e7\u00e3o \u2013 dizem os [&hellip;]<\/p>\n","protected":false},"author":7,"featured_media":4804,"comment_status":"open","ping_status":"open","sticky":false,"template":"","format":"standard","meta":{"footnotes":""},"categories":[13,8,11,9],"tags":[160,1084,161,40,520,1116],"class_list":{"0":"post-4803","1":"post","2":"type-post","3":"status-publish","4":"format-standard","5":"has-post-thumbnail","7":"category-celorico-de-basto","8":"category-desporto","9":"category-educacao","10":"category-terras-de-basto","11":"tag-andebol","12":"tag-bastinhos-escola-clube-andebol","13":"tag-beca-2","14":"tag-celorico-de-basto","15":"tag-desporto-escolar","16":"tag-federacao-portuguesa-de-andebol"},"yoast_head":"<!-- This site is optimized with the Yoast SEO plugin v25.7 - https:\/\/yoast.com\/wordpress\/plugins\/seo\/ -->\n<title>BECA continua com certifica\u00e7\u00e3o m\u00e1xima - Jornal Terras de Basto<\/title>\n<meta name=\"description\" content=\"O clube de andebol do Agrupamento de Escolas de Celorico de Basto \u2013 o BECA \u2013 voltou a ser distinguido agora pela Federa\u00e7\u00e3o de Andebol de Portugal com o n\u00edvel m\u00e1ximo \u2013 tr\u00eas estrelas \u2013 no processo de certifica\u00e7\u00e3o de entidade formadora, tanto no setor masculino como feminino.\" \/>\n<meta name=\"robots\" content=\"index, follow, max-snippet:-1, max-image-preview:large, max-video-preview:-1\" \/>\n<link rel=\"canonical\" href=\"https:\/\/terrasdebasto.pt\/?p=4803\" \/>\n<meta property=\"og:locale\" content=\"pt_PT\" \/>\n<meta property=\"og:type\" content=\"article\" \/>\n<meta property=\"og:title\" content=\"BECA continua com certifica\u00e7\u00e3o m\u00e1xima - Jornal Terras de Basto\" \/>\n<meta property=\"og:description\" content=\"O clube de andebol do Agrupamento de Escolas de Celorico de Basto \u2013 o BECA \u2013 voltou a ser distinguido agora pela Federa\u00e7\u00e3o de Andebol de Portugal com o n\u00edvel m\u00e1ximo \u2013 tr\u00eas estrelas \u2013 no processo de certifica\u00e7\u00e3o de entidade formadora, tanto no setor masculino como feminino.\" \/>\n<meta property=\"og:url\" content=\"https:\/\/terrasdebasto.pt\/?p=4803\" \/>\n<meta property=\"og:site_name\" content=\"Jornal Terras de Basto\" \/>\n<meta property=\"article:published_time\" content=\"2025-11-05T13:20:33+00:00\" \/>\n<meta property=\"og:image\" content=\"https:\/\/terrasdebasto.pt\/wp-content\/uploads\/2025\/11\/BECA-1.jpg\" \/>\n\t<meta property=\"og:image:width\" content=\"1350\" \/>\n\t<meta property=\"og:image:height\" content=\"1013\" \/>\n\t<meta property=\"og:image:type\" content=\"image\/jpeg\" \/>\n<meta name=\"author\" content=\"Jo\u00e3o Paulo Mesquita\" \/>\n<meta name=\"twitter:card\" content=\"summary_large_image\" \/>\n<meta name=\"twitter:label1\" content=\"Escrito por\" \/>\n\t<meta name=\"twitter:data1\" content=\"Jo\u00e3o Paulo Mesquita\" \/>\n\t<meta name=\"twitter:label2\" content=\"Tempo estimado de leitura\" \/>\n\t<meta name=\"twitter:data2\" content=\"2 minutos\" \/>\n<script type=\"application\/ld+json\" class=\"yoast-schema-graph\">{\"@context\":\"https:\/\/schema.org\",\"@graph\":[{\"@type\":\"Article\",\"@id\":\"https:\/\/terrasdebasto.pt\/?p=4803#article\",\"isPartOf\":{\"@id\":\"https:\/\/terrasdebasto.pt\/?p=4803\"},\"author\":{\"name\":\"Jo\u00e3o Paulo Mesquita\",\"@id\":\"https:\/\/terrasdebasto.pt\/#\/schema\/person\/9f6739f5394ac65c802641773b278b84\"},\"headline\":\"BECA continua com certifica\u00e7\u00e3o m\u00e1xima\",\"datePublished\":\"2025-11-05T13:20:33+00:00\",\"mainEntityOfPage\":{\"@id\":\"https:\/\/terrasdebasto.pt\/?p=4803\"},\"wordCount\":261,\"commentCount\":0,\"publisher\":{\"@id\":\"https:\/\/terrasdebasto.pt\/#organization\"},\"image\":{\"@id\":\"https:\/\/terrasdebasto.pt\/?p=4803#primaryimage\"},\"thumbnailUrl\":\"https:\/\/terrasdebasto.pt\/wp-content\/uploads\/2025\/11\/BECA-1.jpg\",\"keywords\":[\"Andebol\",\"Bastinhos Escola Clube Andebol\",\"BECA;\",\"Celorico de Basto\",\"Desporto Escolar\",\"Federa\u00e7\u00e3o Portuguesa de Andebol\"],\"articleSection\":[\"Celorico de Basto\",\"Desporto\",\"Educa\u00e7\u00e3o\",\"Terras de Basto\"],\"inLanguage\":\"pt-PT\",\"potentialAction\":[{\"@type\":\"CommentAction\",\"name\":\"Comment\",\"target\":[\"https:\/\/terrasdebasto.pt\/?p=4803#respond\"]}]},{\"@type\":\"WebPage\",\"@id\":\"https:\/\/terrasdebasto.pt\/?p=4803\",\"url\":\"https:\/\/terrasdebasto.pt\/?p=4803\",\"name\":\"BECA continua com certifica\u00e7\u00e3o m\u00e1xima - Jornal Terras de Basto\",\"isPartOf\":{\"@id\":\"https:\/\/terrasdebasto.pt\/#website\"},\"primaryImageOfPage\":{\"@id\":\"https:\/\/terrasdebasto.pt\/?p=4803#primaryimage\"},\"image\":{\"@id\":\"https:\/\/terrasdebasto.pt\/?p=4803#primaryimage\"},\"thumbnailUrl\":\"https:\/\/terrasdebasto.pt\/wp-content\/uploads\/2025\/11\/BECA-1.jpg\",\"datePublished\":\"2025-11-05T13:20:33+00:00\",\"description\":\"O clube de andebol do Agrupamento de Escolas de Celorico de Basto \u2013 o BECA \u2013 voltou a ser distinguido agora pela Federa\u00e7\u00e3o de Andebol de Portugal com o n\u00edvel m\u00e1ximo \u2013 tr\u00eas estrelas \u2013 no processo de certifica\u00e7\u00e3o de entidade formadora, tanto no setor masculino como feminino.\",\"breadcrumb\":{\"@id\":\"https:\/\/terrasdebasto.pt\/?p=4803#breadcrumb\"},\"inLanguage\":\"pt-PT\",\"potentialAction\":[{\"@type\":\"ReadAction\",\"target\":[\"https:\/\/terrasdebasto.pt\/?p=4803\"]}]},{\"@type\":\"ImageObject\",\"inLanguage\":\"pt-PT\",\"@id\":\"https:\/\/terrasdebasto.pt\/?p=4803#primaryimage\",\"url\":\"https:\/\/terrasdebasto.pt\/wp-content\/uploads\/2025\/11\/BECA-1.jpg\",\"contentUrl\":\"https:\/\/terrasdebasto.pt\/wp-content\/uploads\/2025\/11\/BECA-1.jpg\",\"width\":1350,\"height\":1013},{\"@type\":\"BreadcrumbList\",\"@id\":\"https:\/\/terrasdebasto.pt\/?p=4803#breadcrumb\",\"itemListElement\":[{\"@type\":\"ListItem\",\"position\":1,\"name\":\"In\u00edcio\",\"item\":\"https:\/\/terrasdebasto.pt\/\"},{\"@type\":\"ListItem\",\"position\":2,\"name\":\"BECA continua com certifica\u00e7\u00e3o m\u00e1xima\"}]},{\"@type\":\"WebSite\",\"@id\":\"https:\/\/terrasdebasto.pt\/#website\",\"url\":\"https:\/\/terrasdebasto.pt\/\",\"name\":\"Jornal Terras de Basto\",\"description\":\"\",\"publisher\":{\"@id\":\"https:\/\/terrasdebasto.pt\/#organization\"},\"potentialAction\":[{\"@type\":\"SearchAction\",\"target\":{\"@type\":\"EntryPoint\",\"urlTemplate\":\"https:\/\/terrasdebasto.pt\/?s={search_term_string}\"},\"query-input\":{\"@type\":\"PropertyValueSpecification\",\"valueRequired\":true,\"valueName\":\"search_term_string\"}}],\"inLanguage\":\"pt-PT\"},{\"@type\":\"Organization\",\"@id\":\"https:\/\/terrasdebasto.pt\/#organization\",\"name\":\"Jornal Terras de Basto\",\"url\":\"https:\/\/terrasdebasto.pt\/\",\"logo\":{\"@type\":\"ImageObject\",\"inLanguage\":\"pt-PT\",\"@id\":\"https:\/\/terrasdebasto.pt\/#\/schema\/logo\/image\/\",\"url\":\"https:\/\/terrasdebasto.pt\/wp-content\/uploads\/2024\/06\/LogoNormal.png\",\"contentUrl\":\"https:\/\/terrasdebasto.pt\/wp-content\/uploads\/2024\/06\/LogoNormal.png\",\"width\":5638,\"height\":809,\"caption\":\"Jornal Terras de Basto\"},\"image\":{\"@id\":\"https:\/\/terrasdebasto.pt\/#\/schema\/logo\/image\/\"}},{\"@type\":\"Person\",\"@id\":\"https:\/\/terrasdebasto.pt\/#\/schema\/person\/9f6739f5394ac65c802641773b278b84\",\"name\":\"Jo\u00e3o Paulo Mesquita\",\"image\":{\"@type\":\"ImageObject\",\"inLanguage\":\"pt-PT\",\"@id\":\"https:\/\/terrasdebasto.pt\/#\/schema\/person\/image\/\",\"url\":\"https:\/\/secure.gravatar.com\/avatar\/9bd0f299e6d96336664aab64354168246a3ee3287c47891c50d450e47ed9d7f9?s=96&d=mm&r=g\",\"contentUrl\":\"https:\/\/secure.gravatar.com\/avatar\/9bd0f299e6d96336664aab64354168246a3ee3287c47891c50d450e47ed9d7f9?s=96&d=mm&r=g\",\"caption\":\"Jo\u00e3o Paulo Mesquita\"},\"url\":\"https:\/\/terrasdebasto.pt\/?author=7\"}]}<\/script>\n<!-- \/ Yoast SEO plugin. -->","yoast_head_json":{"title":"BECA continua com certifica\u00e7\u00e3o m\u00e1xima - Jornal Terras de Basto","description":"O clube de andebol do Agrupamento de Escolas de Celorico de Basto \u2013 o BECA \u2013 voltou a ser distinguido agora pela Federa\u00e7\u00e3o de Andebol de Portugal com o n\u00edvel m\u00e1ximo \u2013 tr\u00eas estrelas \u2013 no processo de certifica\u00e7\u00e3o de entidade formadora, tanto no setor masculino como feminino.","robots":{"index":"index","follow":"follow","max-snippet":"max-snippet:-1","max-image-preview":"max-image-preview:large","max-video-preview":"max-video-preview:-1"},"canonical":"https:\/\/terrasdebasto.pt\/?p=4803","og_locale":"pt_PT","og_type":"article","og_title":"BECA continua com certifica\u00e7\u00e3o m\u00e1xima - Jornal Terras de Basto","og_description":"O clube de andebol do Agrupamento de Escolas de Celorico de Basto \u2013 o BECA \u2013 voltou a ser distinguido agora pela Federa\u00e7\u00e3o de Andebol de Portugal com o n\u00edvel m\u00e1ximo \u2013 tr\u00eas estrelas \u2013 no processo de certifica\u00e7\u00e3o de entidade formadora, tanto no setor masculino como feminino.","og_url":"https:\/\/terrasdebasto.pt\/?p=4803","og_site_name":"Jornal Terras de Basto","article_published_time":"2025-11-05T13:20:33+00:00","og_image":[{"width":1350,"height":1013,"url":"https:\/\/terrasdebasto.pt\/wp-content\/uploads\/2025\/11\/BECA-1.jpg","type":"image\/jpeg"}],"author":"Jo\u00e3o Paulo Mesquita","twitter_card":"summary_large_image","twitter_misc":{"Escrito por":"Jo\u00e3o Paulo Mesquita","Tempo estimado de leitura":"2 minutos"},"schema":{"@context":"https:\/\/schema.org","@graph":[{"@type":"Article","@id":"https:\/\/terrasdebasto.pt\/?p=4803#article","isPartOf":{"@id":"https:\/\/terrasdebasto.pt\/?p=4803"},"author":{"name":"Jo\u00e3o Paulo Mesquita","@id":"https:\/\/terrasdebasto.pt\/#\/schema\/person\/9f6739f5394ac65c802641773b278b84"},"headline":"BECA continua com certifica\u00e7\u00e3o m\u00e1xima","datePublished":"2025-11-05T13:20:33+00:00","mainEntityOfPage":{"@id":"https:\/\/terrasdebasto.pt\/?p=4803"},"wordCount":261,"commentCount":0,"publisher":{"@id":"https:\/\/terrasdebasto.pt\/#organization"},"image":{"@id":"https:\/\/terrasdebasto.pt\/?p=4803#primaryimage"},"thumbnailUrl":"https:\/\/terrasdebasto.pt\/wp-content\/uploads\/2025\/11\/BECA-1.jpg","keywords":["Andebol","Bastinhos Escola Clube Andebol","BECA;","Celorico de Basto","Desporto Escolar","Federa\u00e7\u00e3o Portuguesa de Andebol"],"articleSection":["Celorico de Basto","Desporto","Educa\u00e7\u00e3o","Terras de Basto"],"inLanguage":"pt-PT","potentialAction":[{"@type":"CommentAction","name":"Comment","target":["https:\/\/terrasdebasto.pt\/?p=4803#respond"]}]},{"@type":"WebPage","@id":"https:\/\/terrasdebasto.pt\/?p=4803","url":"https:\/\/terrasdebasto.pt\/?p=4803","name":"BECA continua com certifica\u00e7\u00e3o m\u00e1xima - Jornal Terras de Basto","isPartOf":{"@id":"https:\/\/terrasdebasto.pt\/#website"},"primaryImageOfPage":{"@id":"https:\/\/terrasdebasto.pt\/?p=4803#primaryimage"},"image":{"@id":"https:\/\/terrasdebasto.pt\/?p=4803#primaryimage"},"thumbnailUrl":"https:\/\/terrasdebasto.pt\/wp-content\/uploads\/2025\/11\/BECA-1.jpg","datePublished":"2025-11-05T13:20:33+00:00","description":"O clube de andebol do Agrupamento de Escolas de Celorico de Basto \u2013 o BECA \u2013 voltou a ser distinguido agora pela Federa\u00e7\u00e3o de Andebol de Portugal com o n\u00edvel m\u00e1ximo \u2013 tr\u00eas estrelas \u2013 no processo de certifica\u00e7\u00e3o de entidade formadora, tanto no setor masculino como feminino.","breadcrumb":{"@id":"https:\/\/terrasdebasto.pt\/?p=4803#breadcrumb"},"inLanguage":"pt-PT","potentialAction":[{"@type":"ReadAction","target":["https:\/\/terrasdebasto.pt\/?p=4803"]}]},{"@type":"ImageObject","inLanguage":"pt-PT","@id":"https:\/\/terrasdebasto.pt\/?p=4803#primaryimage","url":"https:\/\/terrasdebasto.pt\/wp-content\/uploads\/2025\/11\/BECA-1.jpg","contentUrl":"https:\/\/terrasdebasto.pt\/wp-content\/uploads\/2025\/11\/BECA-1.jpg","width":1350,"height":1013},{"@type":"BreadcrumbList","@id":"https:\/\/terrasdebasto.pt\/?p=4803#breadcrumb","itemListElement":[{"@type":"ListItem","position":1,"name":"In\u00edcio","item":"https:\/\/terrasdebasto.pt\/"},{"@type":"ListItem","position":2,"name":"BECA continua com certifica\u00e7\u00e3o m\u00e1xima"}]},{"@type":"WebSite","@id":"https:\/\/terrasdebasto.pt\/#website","url":"https:\/\/terrasdebasto.pt\/","name":"Jornal Terras de Basto","description":"","publisher":{"@id":"https:\/\/terrasdebasto.pt\/#organization"},"potentialAction":[{"@type":"SearchAction","target":{"@type":"EntryPoint","urlTemplate":"https:\/\/terrasdebasto.pt\/?s={search_term_string}"},"query-input":{"@type":"PropertyValueSpecification","valueRequired":true,"valueName":"search_term_string"}}],"inLanguage":"pt-PT"},{"@type":"Organization","@id":"https:\/\/terrasdebasto.pt\/#organization","name":"Jornal Terras de Basto","url":"https:\/\/terrasdebasto.pt\/","logo":{"@type":"ImageObject","inLanguage":"pt-PT","@id":"https:\/\/terrasdebasto.pt\/#\/schema\/logo\/image\/","url":"https:\/\/terrasdebasto.pt\/wp-content\/uploads\/2024\/06\/LogoNormal.png","contentUrl":"https:\/\/terrasdebasto.pt\/wp-content\/uploads\/2024\/06\/LogoNormal.png","width":5638,"height":809,"caption":"Jornal Terras de Basto"},"image":{"@id":"https:\/\/terrasdebasto.pt\/#\/schema\/logo\/image\/"}},{"@type":"Person","@id":"https:\/\/terrasdebasto.pt\/#\/schema\/person\/9f6739f5394ac65c802641773b278b84","name":"Jo\u00e3o Paulo Mesquita","image":{"@type":"ImageObject","inLanguage":"pt-PT","@id":"https:\/\/terrasdebasto.pt\/#\/schema\/person\/image\/","url":"https:\/\/secure.gravatar.com\/avatar\/9bd0f299e6d96336664aab64354168246a3ee3287c47891c50d450e47ed9d7f9?s=96&d=mm&r=g","contentUrl":"https:\/\/secure.gravatar.com\/avatar\/9bd0f299e6d96336664aab64354168246a3ee3287c47891c50d450e47ed9d7f9?s=96&d=mm&r=g","caption":"Jo\u00e3o Paulo Mesquita"},"url":"https:\/\/terrasdebasto.pt\/?author=7"}]}},"_links":{"self":[{"href":"https:\/\/terrasdebasto.pt\/index.php?rest_route=\/wp\/v2\/posts\/4803","targetHints":{"allow":["GET"]}}],"collection":[{"href":"https:\/\/terrasdebasto.pt\/index.php?rest_route=\/wp\/v2\/posts"}],"about":[{"href":"https:\/\/terrasdebasto.pt\/index.php?rest_route=\/wp\/v2\/types\/post"}],"author":[{"embeddable":true,"href":"https:\/\/terrasdebasto.pt\/index.php?rest_route=\/wp\/v2\/users\/7"}],"replies":[{"embeddable":true,"href":"https:\/\/terrasdebasto.pt\/index.php?rest_route=%2Fwp%2Fv2%2Fcomments&post=4803"}],"version-history":[{"count":1,"href":"https:\/\/terrasdebasto.pt\/index.php?rest_route=\/wp\/v2\/posts\/4803\/revisions"}],"predecessor-version":[{"id":4805,"href":"https:\/\/terrasdebasto.pt\/index.php?rest_route=\/wp\/v2\/posts\/4803\/revisions\/4805"}],"wp:featuredmedia":[{"embeddable":true,"href":"https:\/\/terrasdebasto.pt\/index.php?rest_route=\/wp\/v2\/media\/4804"}],"wp:attachment":[{"href":"https:\/\/terrasdebasto.pt\/index.php?rest_route=%2Fwp%2Fv2%2Fmedia&parent=4803"}],"wp:term":[{"taxonomy":"category","embeddable":true,"href":"https:\/\/terrasdebasto.pt\/index.php?rest_route=%2Fwp%2Fv2%2Fcategories&post=4803"},{"taxonomy":"post_tag","embeddable":true,"href":"https:\/\/terrasdebasto.pt\/index.php?rest_route=%2Fwp%2Fv2%2Ftags&post=4803"}],"curies":[{"name":"wp","href":"https:\/\/api.w.org\/{rel}","templated":true}]}}