{"id":4800,"date":"2025-11-05T11:50:56","date_gmt":"2025-11-05T11:50:56","guid":{"rendered":"https:\/\/terrasdebasto.pt\/?p=4800"},"modified":"2025-11-05T11:50:57","modified_gmt":"2025-11-05T11:50:57","slug":"peticao-defende-preservacao-de-escola-de-canedo","status":"publish","type":"post","link":"https:\/\/terrasdebasto.pt\/?p=4800","title":{"rendered":"Peti\u00e7\u00e3o defende preserva\u00e7\u00e3o de escola de Canedo"},"content":{"rendered":"\n<p><\/p>\n\n\n\n<p><strong>Um grupo de cidad\u00e3os de Canedo de Basto e Corgo, em Celorico de Basto, est\u00e1 a promover uma peti\u00e7\u00e3o p\u00fablica pela \u201cPreserva\u00e7\u00e3o da Escola Prim\u00e1ria de Canedo de Basto como Espa\u00e7o Comunit\u00e1rio\u201d.<\/strong><\/p>\n\n\n\n<p>A peti\u00e7\u00e3o, dispon\u00edvel na plataforma digital <a href=\"https:\/\/peticaopublica.com\/?pi=PT128151\">https:\/\/peticaopublica.com\/?pi=PT128151<\/a>, conta j\u00e1, num curto espa\u00e7o de tempo, com um expressivo n\u00famero de aderentes.<\/p>\n\n\n\n<p>A iniciativa, que se diz apartid\u00e1ria, \u00e9 coordenada por Fernanda Veloso, cidad\u00e3 natural de Canedo, atualmente emigrada na Su\u00ed\u00e7a, que tem acompanhado com preocupa\u00e7\u00e3o o destino do edif\u00edcio.<\/p>\n\n\n\n<p>O movimento pretende impedir que o espa\u00e7o seja convertido em habita\u00e7\u00e3o a custos controlados, defendendo que \u00abessa necessidade pode ser respondida noutros locais, sem sacrificar um patrim\u00f3nio p\u00fablico com forte valor hist\u00f3rico e comunit\u00e1rio\u00bb.<\/p>\n\n\n\n<p>\u00abMesmo longe, continuo ligada \u00e0 minha terra. A antiga escola \u00e9 uma mem\u00f3ria viva e ponto de identidade. Queremos preserv\u00e1-la e dar-lhe nova vida \u2014 um espa\u00e7o comunit\u00e1rio, aberto \u00e0s associa\u00e7\u00f5es, \u00e0s fam\u00edlias e aos nossos seniores, em complementaridade com o Jardim de Inf\u00e2ncia vizinho\u00bb, defende Fernanda Veloso.<\/p>\n\n\n\n<p>A peti\u00e7\u00e3o conta, entretanto, com o apoio p\u00fablico de Carlos Sousa Alves, l\u00edder da oposi\u00e7\u00e3o na Assembleia da Uni\u00e3o de Freguesias de Canedo e Corgo, que recorda ter inscrito no seu programa eleitoral a preserva\u00e7\u00e3o do edif\u00edcio para fins comunit\u00e1rios, em linha com as aspira\u00e7\u00f5es da popula\u00e7\u00e3o.<\/p>\n\n\n\n<p>\u00abFelicito a Fernanda Veloso por esta iniciativa. Esta causa \u00e9 de todos os residentes de Canedo. Foi, \u00e9 e continuar\u00e1 a ser uma prioridade para mim. Lutarei, como l\u00edder da oposi\u00e7\u00e3o, para que a escola continue a servir a comunidade e n\u00e3o seja apagada da nossa mem\u00f3ria coletiva\u00bb, diz Carlos Alves.<\/p>\n\n\n\n<p>O movimento \u2013 garante um dos subscritores \u2013 re\u00fane cidad\u00e3os de diferentes sensibilidades e gera\u00e7\u00f5es \u2014 residentes e emigrantes \u2014 unidos pela convic\u00e7\u00e3o de que defender o edif\u00edcio escolar \u00e9 preservar a identidade e o futuro de Canedo e Corgo.<\/p>\n","protected":false},"excerpt":{"rendered":"<p>Um grupo de cidad\u00e3os de Canedo de Basto e Corgo, em Celorico de Basto, est\u00e1 a promover uma peti\u00e7\u00e3o p\u00fablica pela \u201cPreserva\u00e7\u00e3o da Escola Prim\u00e1ria de Canedo de Basto como Espa\u00e7o Comunit\u00e1rio\u201d. A peti\u00e7\u00e3o, dispon\u00edvel na plataforma digital https:\/\/peticaopublica.com\/?pi=PT128151, conta j\u00e1, num curto espa\u00e7o de tempo, com um expressivo n\u00famero de aderentes. A iniciativa, que [&hellip;]<\/p>\n","protected":false},"author":7,"featured_media":4801,"comment_status":"open","ping_status":"open","sticky":false,"template":"","format":"standard","meta":{"footnotes":""},"categories":[13,7,11,9],"tags":[744,1112,1113,1115],"class_list":{"0":"post-4800","1":"post","2":"type-post","3":"status-publish","4":"format-standard","5":"has-post-thumbnail","7":"category-celorico-de-basto","8":"category-cultura","9":"category-educacao","10":"category-terras-de-basto","11":"tag-corgo","12":"tag-escola-de-canedo","13":"tag-patrionio","14":"tag-peticao"},"yoast_head":"<!-- This site is optimized with the Yoast SEO plugin v25.7 - https:\/\/yoast.com\/wordpress\/plugins\/seo\/ -->\n<title>Peti\u00e7\u00e3o defende preserva\u00e7\u00e3o de escola de Canedo - Jornal Terras de Basto<\/title>\n<meta name=\"description\" content=\"Um grupo de cidad\u00e3os de Canedo de Basto e Corgo, em Celorico de Basto, est\u00e1 a promover uma peti\u00e7\u00e3o p\u00fablica pela \u201cPreserva\u00e7\u00e3o da Escola Prim\u00e1ria de Canedo de Basto como Espa\u00e7o Comunit\u00e1rio\u201d.\" \/>\n<meta name=\"robots\" content=\"index, follow, max-snippet:-1, max-image-preview:large, max-video-preview:-1\" \/>\n<link rel=\"canonical\" href=\"https:\/\/terrasdebasto.pt\/?p=4800\" \/>\n<meta property=\"og:locale\" content=\"pt_PT\" \/>\n<meta property=\"og:type\" content=\"article\" \/>\n<meta property=\"og:title\" content=\"Peti\u00e7\u00e3o defende preserva\u00e7\u00e3o de escola de Canedo - Jornal Terras de Basto\" \/>\n<meta property=\"og:description\" content=\"Um grupo de cidad\u00e3os de Canedo de Basto e Corgo, em Celorico de Basto, est\u00e1 a promover uma peti\u00e7\u00e3o p\u00fablica pela \u201cPreserva\u00e7\u00e3o da Escola Prim\u00e1ria de Canedo de Basto como Espa\u00e7o Comunit\u00e1rio\u201d.\" \/>\n<meta property=\"og:url\" content=\"https:\/\/terrasdebasto.pt\/?p=4800\" \/>\n<meta property=\"og:site_name\" content=\"Jornal Terras de Basto\" \/>\n<meta property=\"article:published_time\" content=\"2025-11-05T11:50:56+00:00\" \/>\n<meta property=\"article:modified_time\" content=\"2025-11-05T11:50:57+00:00\" \/>\n<meta property=\"og:image\" content=\"https:\/\/terrasdebasto.pt\/wp-content\/uploads\/2025\/11\/ESCOLA-DE-CANEDO.jpg\" \/>\n\t<meta property=\"og:image:width\" content=\"1600\" \/>\n\t<meta property=\"og:image:height\" content=\"946\" \/>\n\t<meta property=\"og:image:type\" content=\"image\/jpeg\" \/>\n<meta name=\"author\" content=\"Jo\u00e3o Paulo Mesquita\" \/>\n<meta name=\"twitter:card\" content=\"summary_large_image\" \/>\n<meta name=\"twitter:label1\" content=\"Escrito por\" \/>\n\t<meta name=\"twitter:data1\" content=\"Jo\u00e3o Paulo Mesquita\" \/>\n\t<meta name=\"twitter:label2\" content=\"Tempo estimado de leitura\" \/>\n\t<meta name=\"twitter:data2\" content=\"2 minutos\" \/>\n<script type=\"application\/ld+json\" class=\"yoast-schema-graph\">{\"@context\":\"https:\/\/schema.org\",\"@graph\":[{\"@type\":\"Article\",\"@id\":\"https:\/\/terrasdebasto.pt\/?p=4800#article\",\"isPartOf\":{\"@id\":\"https:\/\/terrasdebasto.pt\/?p=4800\"},\"author\":{\"name\":\"Jo\u00e3o Paulo Mesquita\",\"@id\":\"https:\/\/terrasdebasto.pt\/#\/schema\/person\/9f6739f5394ac65c802641773b278b84\"},\"headline\":\"Peti\u00e7\u00e3o defende preserva\u00e7\u00e3o de escola de Canedo\",\"datePublished\":\"2025-11-05T11:50:56+00:00\",\"dateModified\":\"2025-11-05T11:50:57+00:00\",\"mainEntityOfPage\":{\"@id\":\"https:\/\/terrasdebasto.pt\/?p=4800\"},\"wordCount\":349,\"commentCount\":0,\"publisher\":{\"@id\":\"https:\/\/terrasdebasto.pt\/#organization\"},\"image\":{\"@id\":\"https:\/\/terrasdebasto.pt\/?p=4800#primaryimage\"},\"thumbnailUrl\":\"https:\/\/terrasdebasto.pt\/wp-content\/uploads\/2025\/11\/ESCOLA-DE-CANEDO.jpg\",\"keywords\":[\"Corgo\",\"Escola de Canedo\",\"Patri\u00f3nio\",\"Peti\u00e7\u00e3o\"],\"articleSection\":[\"Celorico de Basto\",\"Cultura\",\"Educa\u00e7\u00e3o\",\"Terras de Basto\"],\"inLanguage\":\"pt-PT\",\"potentialAction\":[{\"@type\":\"CommentAction\",\"name\":\"Comment\",\"target\":[\"https:\/\/terrasdebasto.pt\/?p=4800#respond\"]}]},{\"@type\":\"WebPage\",\"@id\":\"https:\/\/terrasdebasto.pt\/?p=4800\",\"url\":\"https:\/\/terrasdebasto.pt\/?p=4800\",\"name\":\"Peti\u00e7\u00e3o defende preserva\u00e7\u00e3o de escola de Canedo - Jornal Terras de Basto\",\"isPartOf\":{\"@id\":\"https:\/\/terrasdebasto.pt\/#website\"},\"primaryImageOfPage\":{\"@id\":\"https:\/\/terrasdebasto.pt\/?p=4800#primaryimage\"},\"image\":{\"@id\":\"https:\/\/terrasdebasto.pt\/?p=4800#primaryimage\"},\"thumbnailUrl\":\"https:\/\/terrasdebasto.pt\/wp-content\/uploads\/2025\/11\/ESCOLA-DE-CANEDO.jpg\",\"datePublished\":\"2025-11-05T11:50:56+00:00\",\"dateModified\":\"2025-11-05T11:50:57+00:00\",\"description\":\"Um grupo de cidad\u00e3os de Canedo de Basto e Corgo, em Celorico de Basto, est\u00e1 a promover uma peti\u00e7\u00e3o p\u00fablica pela \u201cPreserva\u00e7\u00e3o da Escola Prim\u00e1ria de Canedo de Basto como Espa\u00e7o Comunit\u00e1rio\u201d.\",\"breadcrumb\":{\"@id\":\"https:\/\/terrasdebasto.pt\/?p=4800#breadcrumb\"},\"inLanguage\":\"pt-PT\",\"potentialAction\":[{\"@type\":\"ReadAction\",\"target\":[\"https:\/\/terrasdebasto.pt\/?p=4800\"]}]},{\"@type\":\"ImageObject\",\"inLanguage\":\"pt-PT\",\"@id\":\"https:\/\/terrasdebasto.pt\/?p=4800#primaryimage\",\"url\":\"https:\/\/terrasdebasto.pt\/wp-content\/uploads\/2025\/11\/ESCOLA-DE-CANEDO.jpg\",\"contentUrl\":\"https:\/\/terrasdebasto.pt\/wp-content\/uploads\/2025\/11\/ESCOLA-DE-CANEDO.jpg\",\"width\":1600,\"height\":946},{\"@type\":\"BreadcrumbList\",\"@id\":\"https:\/\/terrasdebasto.pt\/?p=4800#breadcrumb\",\"itemListElement\":[{\"@type\":\"ListItem\",\"position\":1,\"name\":\"In\u00edcio\",\"item\":\"https:\/\/terrasdebasto.pt\/\"},{\"@type\":\"ListItem\",\"position\":2,\"name\":\"Peti\u00e7\u00e3o defende preserva\u00e7\u00e3o de escola de Canedo\"}]},{\"@type\":\"WebSite\",\"@id\":\"https:\/\/terrasdebasto.pt\/#website\",\"url\":\"https:\/\/terrasdebasto.pt\/\",\"name\":\"Jornal Terras de Basto\",\"description\":\"\",\"publisher\":{\"@id\":\"https:\/\/terrasdebasto.pt\/#organization\"},\"potentialAction\":[{\"@type\":\"SearchAction\",\"target\":{\"@type\":\"EntryPoint\",\"urlTemplate\":\"https:\/\/terrasdebasto.pt\/?s={search_term_string}\"},\"query-input\":{\"@type\":\"PropertyValueSpecification\",\"valueRequired\":true,\"valueName\":\"search_term_string\"}}],\"inLanguage\":\"pt-PT\"},{\"@type\":\"Organization\",\"@id\":\"https:\/\/terrasdebasto.pt\/#organization\",\"name\":\"Jornal Terras de Basto\",\"url\":\"https:\/\/terrasdebasto.pt\/\",\"logo\":{\"@type\":\"ImageObject\",\"inLanguage\":\"pt-PT\",\"@id\":\"https:\/\/terrasdebasto.pt\/#\/schema\/logo\/image\/\",\"url\":\"https:\/\/terrasdebasto.pt\/wp-content\/uploads\/2024\/06\/LogoNormal.png\",\"contentUrl\":\"https:\/\/terrasdebasto.pt\/wp-content\/uploads\/2024\/06\/LogoNormal.png\",\"width\":5638,\"height\":809,\"caption\":\"Jornal Terras de Basto\"},\"image\":{\"@id\":\"https:\/\/terrasdebasto.pt\/#\/schema\/logo\/image\/\"}},{\"@type\":\"Person\",\"@id\":\"https:\/\/terrasdebasto.pt\/#\/schema\/person\/9f6739f5394ac65c802641773b278b84\",\"name\":\"Jo\u00e3o Paulo Mesquita\",\"image\":{\"@type\":\"ImageObject\",\"inLanguage\":\"pt-PT\",\"@id\":\"https:\/\/terrasdebasto.pt\/#\/schema\/person\/image\/\",\"url\":\"https:\/\/secure.gravatar.com\/avatar\/9bd0f299e6d96336664aab64354168246a3ee3287c47891c50d450e47ed9d7f9?s=96&d=mm&r=g\",\"contentUrl\":\"https:\/\/secure.gravatar.com\/avatar\/9bd0f299e6d96336664aab64354168246a3ee3287c47891c50d450e47ed9d7f9?s=96&d=mm&r=g\",\"caption\":\"Jo\u00e3o Paulo Mesquita\"},\"url\":\"https:\/\/terrasdebasto.pt\/?author=7\"}]}<\/script>\n<!-- \/ Yoast SEO plugin. -->","yoast_head_json":{"title":"Peti\u00e7\u00e3o defende preserva\u00e7\u00e3o de escola de Canedo - Jornal Terras de Basto","description":"Um grupo de cidad\u00e3os de Canedo de Basto e Corgo, em Celorico de Basto, est\u00e1 a promover uma peti\u00e7\u00e3o p\u00fablica pela \u201cPreserva\u00e7\u00e3o da Escola Prim\u00e1ria de Canedo de Basto como Espa\u00e7o Comunit\u00e1rio\u201d.","robots":{"index":"index","follow":"follow","max-snippet":"max-snippet:-1","max-image-preview":"max-image-preview:large","max-video-preview":"max-video-preview:-1"},"canonical":"https:\/\/terrasdebasto.pt\/?p=4800","og_locale":"pt_PT","og_type":"article","og_title":"Peti\u00e7\u00e3o defende preserva\u00e7\u00e3o de escola de Canedo - Jornal Terras de Basto","og_description":"Um grupo de cidad\u00e3os de Canedo de Basto e Corgo, em Celorico de Basto, est\u00e1 a promover uma peti\u00e7\u00e3o p\u00fablica pela \u201cPreserva\u00e7\u00e3o da Escola Prim\u00e1ria de Canedo de Basto como Espa\u00e7o Comunit\u00e1rio\u201d.","og_url":"https:\/\/terrasdebasto.pt\/?p=4800","og_site_name":"Jornal Terras de Basto","article_published_time":"2025-11-05T11:50:56+00:00","article_modified_time":"2025-11-05T11:50:57+00:00","og_image":[{"width":1600,"height":946,"url":"https:\/\/terrasdebasto.pt\/wp-content\/uploads\/2025\/11\/ESCOLA-DE-CANEDO.jpg","type":"image\/jpeg"}],"author":"Jo\u00e3o Paulo Mesquita","twitter_card":"summary_large_image","twitter_misc":{"Escrito por":"Jo\u00e3o Paulo Mesquita","Tempo estimado de leitura":"2 minutos"},"schema":{"@context":"https:\/\/schema.org","@graph":[{"@type":"Article","@id":"https:\/\/terrasdebasto.pt\/?p=4800#article","isPartOf":{"@id":"https:\/\/terrasdebasto.pt\/?p=4800"},"author":{"name":"Jo\u00e3o Paulo Mesquita","@id":"https:\/\/terrasdebasto.pt\/#\/schema\/person\/9f6739f5394ac65c802641773b278b84"},"headline":"Peti\u00e7\u00e3o defende preserva\u00e7\u00e3o de escola de Canedo","datePublished":"2025-11-05T11:50:56+00:00","dateModified":"2025-11-05T11:50:57+00:00","mainEntityOfPage":{"@id":"https:\/\/terrasdebasto.pt\/?p=4800"},"wordCount":349,"commentCount":0,"publisher":{"@id":"https:\/\/terrasdebasto.pt\/#organization"},"image":{"@id":"https:\/\/terrasdebasto.pt\/?p=4800#primaryimage"},"thumbnailUrl":"https:\/\/terrasdebasto.pt\/wp-content\/uploads\/2025\/11\/ESCOLA-DE-CANEDO.jpg","keywords":["Corgo","Escola de Canedo","Patri\u00f3nio","Peti\u00e7\u00e3o"],"articleSection":["Celorico de Basto","Cultura","Educa\u00e7\u00e3o","Terras de Basto"],"inLanguage":"pt-PT","potentialAction":[{"@type":"CommentAction","name":"Comment","target":["https:\/\/terrasdebasto.pt\/?p=4800#respond"]}]},{"@type":"WebPage","@id":"https:\/\/terrasdebasto.pt\/?p=4800","url":"https:\/\/terrasdebasto.pt\/?p=4800","name":"Peti\u00e7\u00e3o defende preserva\u00e7\u00e3o de escola de Canedo - Jornal Terras de Basto","isPartOf":{"@id":"https:\/\/terrasdebasto.pt\/#website"},"primaryImageOfPage":{"@id":"https:\/\/terrasdebasto.pt\/?p=4800#primaryimage"},"image":{"@id":"https:\/\/terrasdebasto.pt\/?p=4800#primaryimage"},"thumbnailUrl":"https:\/\/terrasdebasto.pt\/wp-content\/uploads\/2025\/11\/ESCOLA-DE-CANEDO.jpg","datePublished":"2025-11-05T11:50:56+00:00","dateModified":"2025-11-05T11:50:57+00:00","description":"Um grupo de cidad\u00e3os de Canedo de Basto e Corgo, em Celorico de Basto, est\u00e1 a promover uma peti\u00e7\u00e3o p\u00fablica pela \u201cPreserva\u00e7\u00e3o da Escola Prim\u00e1ria de Canedo de Basto como Espa\u00e7o Comunit\u00e1rio\u201d.","breadcrumb":{"@id":"https:\/\/terrasdebasto.pt\/?p=4800#breadcrumb"},"inLanguage":"pt-PT","potentialAction":[{"@type":"ReadAction","target":["https:\/\/terrasdebasto.pt\/?p=4800"]}]},{"@type":"ImageObject","inLanguage":"pt-PT","@id":"https:\/\/terrasdebasto.pt\/?p=4800#primaryimage","url":"https:\/\/terrasdebasto.pt\/wp-content\/uploads\/2025\/11\/ESCOLA-DE-CANEDO.jpg","contentUrl":"https:\/\/terrasdebasto.pt\/wp-content\/uploads\/2025\/11\/ESCOLA-DE-CANEDO.jpg","width":1600,"height":946},{"@type":"BreadcrumbList","@id":"https:\/\/terrasdebasto.pt\/?p=4800#breadcrumb","itemListElement":[{"@type":"ListItem","position":1,"name":"In\u00edcio","item":"https:\/\/terrasdebasto.pt\/"},{"@type":"ListItem","position":2,"name":"Peti\u00e7\u00e3o defende preserva\u00e7\u00e3o de escola de Canedo"}]},{"@type":"WebSite","@id":"https:\/\/terrasdebasto.pt\/#website","url":"https:\/\/terrasdebasto.pt\/","name":"Jornal Terras de Basto","description":"","publisher":{"@id":"https:\/\/terrasdebasto.pt\/#organization"},"potentialAction":[{"@type":"SearchAction","target":{"@type":"EntryPoint","urlTemplate":"https:\/\/terrasdebasto.pt\/?s={search_term_string}"},"query-input":{"@type":"PropertyValueSpecification","valueRequired":true,"valueName":"search_term_string"}}],"inLanguage":"pt-PT"},{"@type":"Organization","@id":"https:\/\/terrasdebasto.pt\/#organization","name":"Jornal Terras de Basto","url":"https:\/\/terrasdebasto.pt\/","logo":{"@type":"ImageObject","inLanguage":"pt-PT","@id":"https:\/\/terrasdebasto.pt\/#\/schema\/logo\/image\/","url":"https:\/\/terrasdebasto.pt\/wp-content\/uploads\/2024\/06\/LogoNormal.png","contentUrl":"https:\/\/terrasdebasto.pt\/wp-content\/uploads\/2024\/06\/LogoNormal.png","width":5638,"height":809,"caption":"Jornal Terras de Basto"},"image":{"@id":"https:\/\/terrasdebasto.pt\/#\/schema\/logo\/image\/"}},{"@type":"Person","@id":"https:\/\/terrasdebasto.pt\/#\/schema\/person\/9f6739f5394ac65c802641773b278b84","name":"Jo\u00e3o Paulo Mesquita","image":{"@type":"ImageObject","inLanguage":"pt-PT","@id":"https:\/\/terrasdebasto.pt\/#\/schema\/person\/image\/","url":"https:\/\/secure.gravatar.com\/avatar\/9bd0f299e6d96336664aab64354168246a3ee3287c47891c50d450e47ed9d7f9?s=96&d=mm&r=g","contentUrl":"https:\/\/secure.gravatar.com\/avatar\/9bd0f299e6d96336664aab64354168246a3ee3287c47891c50d450e47ed9d7f9?s=96&d=mm&r=g","caption":"Jo\u00e3o Paulo Mesquita"},"url":"https:\/\/terrasdebasto.pt\/?author=7"}]}},"_links":{"self":[{"href":"https:\/\/terrasdebasto.pt\/index.php?rest_route=\/wp\/v2\/posts\/4800","targetHints":{"allow":["GET"]}}],"collection":[{"href":"https:\/\/terrasdebasto.pt\/index.php?rest_route=\/wp\/v2\/posts"}],"about":[{"href":"https:\/\/terrasdebasto.pt\/index.php?rest_route=\/wp\/v2\/types\/post"}],"author":[{"embeddable":true,"href":"https:\/\/terrasdebasto.pt\/index.php?rest_route=\/wp\/v2\/users\/7"}],"replies":[{"embeddable":true,"href":"https:\/\/terrasdebasto.pt\/index.php?rest_route=%2Fwp%2Fv2%2Fcomments&post=4800"}],"version-history":[{"count":1,"href":"https:\/\/terrasdebasto.pt\/index.php?rest_route=\/wp\/v2\/posts\/4800\/revisions"}],"predecessor-version":[{"id":4802,"href":"https:\/\/terrasdebasto.pt\/index.php?rest_route=\/wp\/v2\/posts\/4800\/revisions\/4802"}],"wp:featuredmedia":[{"embeddable":true,"href":"https:\/\/terrasdebasto.pt\/index.php?rest_route=\/wp\/v2\/media\/4801"}],"wp:attachment":[{"href":"https:\/\/terrasdebasto.pt\/index.php?rest_route=%2Fwp%2Fv2%2Fmedia&parent=4800"}],"wp:term":[{"taxonomy":"category","embeddable":true,"href":"https:\/\/terrasdebasto.pt\/index.php?rest_route=%2Fwp%2Fv2%2Fcategories&post=4800"},{"taxonomy":"post_tag","embeddable":true,"href":"https:\/\/terrasdebasto.pt\/index.php?rest_route=%2Fwp%2Fv2%2Ftags&post=4800"}],"curies":[{"name":"wp","href":"https:\/\/api.w.org\/{rel}","templated":true}]}}