{"id":4794,"date":"2025-11-04T21:04:20","date_gmt":"2025-11-04T21:04:20","guid":{"rendered":"https:\/\/terrasdebasto.pt\/?p=4794"},"modified":"2025-11-04T21:04:20","modified_gmt":"2025-11-04T21:04:20","slug":"nova-tutela-pelas-ccdrs-agrada-a-diretor-da-escola-agricola-de-fermil","status":"publish","type":"post","link":"https:\/\/terrasdebasto.pt\/?p=4794","title":{"rendered":"Nova tutela pelas CCDR\u2019s agrada a diretor da Escola Agr\u00edcola de Fermil"},"content":{"rendered":"\n<p><\/p>\n\n\n\n<p><strong>O diretor da Escola Profissional de Agricultura de Fermil, em Celorico de Basto, veio a p\u00fablico expressar a sua satisfa\u00e7\u00e3o pela integra\u00e7\u00e3o das escolas profissionais agr\u00edcolas na tutela das comiss\u00f5es de coordena\u00e7\u00e3o e desenvolvimento regional.<\/strong><\/p>\n\n\n\n<p>Aprovada j\u00e1 em Conselho de Ministros, a altera\u00e7\u00e3o da tutela implica igualmente uma parceria entre os minist\u00e9rios da Agricultura e da Economia e Coes\u00e3o Territorial.<\/p>\n\n\n\n<p>\u00ab\u00c9 este o caminho; as escolas profissionais de agricultura est\u00e3o desde h\u00e1 muito votadas ao abandono; este \u00e9 um primeiro passo para as reabilitar\u00bb, disse Fernando Fevereiro ao Terras de Basto, a quem o pr\u00f3prio ministro da Agricultura havia j\u00e1 dado a conhecer esta inten\u00e7\u00e3o em encontros mantidos durante desloca\u00e7\u00f5es \u00e0 regi\u00e3o.<\/p>\n\n\n\n<p>Fernando Fevereiro cita declara\u00e7\u00f5es feitas por Jos\u00e9 Manuel Fernandes \u00e0 revista \u201cA Voz do Campo\u201d, de acordo com as quais \u00abo primeiro passo, muito positivo, foi o Minist\u00e9rio da Educa\u00e7\u00e3o ter reconhecido que as escolas profissionais agr\u00edcolas estavam num \u00e2ngulo morto e que n\u00e3o se lhes dava a import\u00e2ncia que t\u00eam de ter\u00bb.<\/p>\n\n\n\n<p>\u00abAs dire\u00e7\u00f5es regionais da Agricultura destru\u00edram-nas, n\u00f3s estamos a recuper\u00e1-las. A Floresta tinha sa\u00eddo da Agricultura, voltou \u00e0 Agricultura; o Bem-Estar animal tinha sa\u00eddo da Agricultura, voltou \u00e0 Agricultura; e as escolas profissionais estavam completamente esquecidas\u2026\u00bb, afirmou, neste contexto, o governante, sublinhando que \u00abuma das prioridades \u00e9 precisamente a renova\u00e7\u00e3o geracional e as compet\u00eancias\u00bb, processo em que as escolas profissionais se imp\u00f5em.<\/p>\n\n\n\n<p>O ministro da Agricultura assumiu nessas declara\u00e7\u00f5es que, ao ficarem sob a tutela da CCDR\u2019s, as escolas profissionais ter\u00e3o de adequar os respetivos programas ao seu territ\u00f3rio, mas que tamb\u00e9m no que respeita ao seu financiamento, \u00abter\u00e3o agora uma nova abordagem, regional e de proximidade\u00bb.<\/p>\n\n\n\n<p>\u00abAs escolas profissionais, as quatorze que existem, s\u00e3o cruciais para atingirmos os nossos objetivos\u00bb, real\u00e7ou Jos\u00e9 Manuel Fernandes.<\/p>\n\n\n\n<p>No que diz respeito ao financiamento destas escolas, Fernando Fevereiro ousa defender que elas devem assumir tamb\u00e9m outras val\u00eancias, designadamente na forma\u00e7\u00e3o de ativos, o que lhes pode proporcionar o acesso a fundos importantes.<\/p>\n\n\n\n<figure class=\"wp-block-gallery has-nested-images columns-default is-cropped wp-block-gallery-1 is-layout-flex wp-block-gallery-is-layout-flex\">\n<figure class=\"wp-block-image size-large\"><img loading=\"lazy\" decoding=\"async\" width=\"1024\" height=\"576\" data-id=\"4796\" src=\"https:\/\/terrasdebasto.pt\/wp-content\/uploads\/2025\/11\/ESCOLA-AGRICOLA-1024x576.jpg\" alt=\"\" class=\"wp-image-4796\" srcset=\"https:\/\/terrasdebasto.pt\/wp-content\/uploads\/2025\/11\/ESCOLA-AGRICOLA-1024x576.jpg 1024w, https:\/\/terrasdebasto.pt\/wp-content\/uploads\/2025\/11\/ESCOLA-AGRICOLA-300x169.jpg 300w, https:\/\/terrasdebasto.pt\/wp-content\/uploads\/2025\/11\/ESCOLA-AGRICOLA-768x432.jpg 768w, https:\/\/terrasdebasto.pt\/wp-content\/uploads\/2025\/11\/ESCOLA-AGRICOLA-150x84.jpg 150w, https:\/\/terrasdebasto.pt\/wp-content\/uploads\/2025\/11\/ESCOLA-AGRICOLA-696x392.jpg 696w, https:\/\/terrasdebasto.pt\/wp-content\/uploads\/2025\/11\/ESCOLA-AGRICOLA-1068x601.jpg 1068w, https:\/\/terrasdebasto.pt\/wp-content\/uploads\/2025\/11\/ESCOLA-AGRICOLA.jpg 1280w\" sizes=\"auto, (max-width: 1024px) 100vw, 1024px\" \/><\/figure>\n<\/figure>\n","protected":false},"excerpt":{"rendered":"<p>O diretor da Escola Profissional de Agricultura de Fermil, em Celorico de Basto, veio a p\u00fablico expressar a sua satisfa\u00e7\u00e3o pela integra\u00e7\u00e3o das escolas profissionais agr\u00edcolas na tutela das comiss\u00f5es de coordena\u00e7\u00e3o e desenvolvimento regional. Aprovada j\u00e1 em Conselho de Ministros, a altera\u00e7\u00e3o da tutela implica igualmente uma parceria entre os minist\u00e9rios da Agricultura e [&hellip;]<\/p>\n","protected":false},"author":7,"featured_media":4795,"comment_status":"open","ping_status":"open","sticky":false,"template":"","format":"standard","meta":{"footnotes":""},"categories":[13,11,9],"tags":[116,1109,276,277,1110,1111],"class_list":{"0":"post-4794","1":"post","2":"type-post","3":"status-publish","4":"format-standard","5":"has-post-thumbnail","7":"category-celorico-de-basto","8":"category-educacao","9":"category-terras-de-basto","10":"tag-escola-profissional-agricola-de-fermil","11":"tag-escolas-profissionais-agricolas","12":"tag-fernando-fevereiro","13":"tag-jose-manuel-fernandes","14":"tag-ministerio-da-agricultura","15":"tag-ministerio-da-economia-e-coesao-territorial"},"yoast_head":"<!-- This site is optimized with the Yoast SEO plugin v25.7 - https:\/\/yoast.com\/wordpress\/plugins\/seo\/ -->\n<title>Nova tutela pelas CCDR\u2019s agrada a diretor da Escola Agr\u00edcola de Fermil - Jornal Terras de Basto<\/title>\n<meta name=\"description\" content=\"O diretor da Escola Profissional de Agricultura de Fermil, em Celorico de Basto, veio a p\u00fablico expressar a sua satisfa\u00e7\u00e3o pela integra\u00e7\u00e3o das escolas profissionais agr\u00edcolas na tutela das comiss\u00f5es de coordena\u00e7\u00e3o e desenvolvimento regional.\" \/>\n<meta name=\"robots\" content=\"index, follow, max-snippet:-1, max-image-preview:large, max-video-preview:-1\" \/>\n<link rel=\"canonical\" href=\"https:\/\/terrasdebasto.pt\/?p=4794\" \/>\n<meta property=\"og:locale\" content=\"pt_PT\" \/>\n<meta property=\"og:type\" content=\"article\" \/>\n<meta property=\"og:title\" content=\"Nova tutela pelas CCDR\u2019s agrada a diretor da Escola Agr\u00edcola de Fermil - Jornal Terras de Basto\" \/>\n<meta property=\"og:description\" content=\"O diretor da Escola Profissional de Agricultura de Fermil, em Celorico de Basto, veio a p\u00fablico expressar a sua satisfa\u00e7\u00e3o pela integra\u00e7\u00e3o das escolas profissionais agr\u00edcolas na tutela das comiss\u00f5es de coordena\u00e7\u00e3o e desenvolvimento regional.\" \/>\n<meta property=\"og:url\" content=\"https:\/\/terrasdebasto.pt\/?p=4794\" \/>\n<meta property=\"og:site_name\" content=\"Jornal Terras de Basto\" \/>\n<meta property=\"article:published_time\" content=\"2025-11-04T21:04:20+00:00\" \/>\n<meta property=\"og:image\" content=\"https:\/\/terrasdebasto.pt\/wp-content\/uploads\/2025\/11\/FERNANDO-FEVEREIRO-2.jpg\" \/>\n\t<meta property=\"og:image:width\" content=\"960\" \/>\n\t<meta property=\"og:image:height\" content=\"640\" \/>\n\t<meta property=\"og:image:type\" content=\"image\/jpeg\" \/>\n<meta name=\"author\" content=\"Jo\u00e3o Paulo Mesquita\" \/>\n<meta name=\"twitter:card\" content=\"summary_large_image\" \/>\n<meta name=\"twitter:label1\" content=\"Escrito por\" \/>\n\t<meta name=\"twitter:data1\" content=\"Jo\u00e3o Paulo Mesquita\" \/>\n\t<meta name=\"twitter:label2\" content=\"Tempo estimado de leitura\" \/>\n\t<meta name=\"twitter:data2\" content=\"3 minutos\" \/>\n<script type=\"application\/ld+json\" class=\"yoast-schema-graph\">{\"@context\":\"https:\/\/schema.org\",\"@graph\":[{\"@type\":\"Article\",\"@id\":\"https:\/\/terrasdebasto.pt\/?p=4794#article\",\"isPartOf\":{\"@id\":\"https:\/\/terrasdebasto.pt\/?p=4794\"},\"author\":{\"name\":\"Jo\u00e3o Paulo Mesquita\",\"@id\":\"https:\/\/terrasdebasto.pt\/#\/schema\/person\/9f6739f5394ac65c802641773b278b84\"},\"headline\":\"Nova tutela pelas CCDR\u2019s agrada a diretor da Escola Agr\u00edcola de Fermil\",\"datePublished\":\"2025-11-04T21:04:20+00:00\",\"mainEntityOfPage\":{\"@id\":\"https:\/\/terrasdebasto.pt\/?p=4794\"},\"wordCount\":372,\"commentCount\":0,\"publisher\":{\"@id\":\"https:\/\/terrasdebasto.pt\/#organization\"},\"image\":{\"@id\":\"https:\/\/terrasdebasto.pt\/?p=4794#primaryimage\"},\"thumbnailUrl\":\"https:\/\/terrasdebasto.pt\/wp-content\/uploads\/2025\/11\/FERNANDO-FEVEREIRO-2.jpg\",\"keywords\":[\"Escola Profissional Agr\u00edcola de Fermil\",\"Escolas Profissionais Agr\u00edcolas\",\"Fernando Fevereiro\",\"Jos\u00e9 Manuel Fernandes\",\"Minist\u00e9rio da Agricultura\",\"Minist\u00e9rio da Economia e Coes\u00e3o Territorial\"],\"articleSection\":[\"Celorico de Basto\",\"Educa\u00e7\u00e3o\",\"Terras de Basto\"],\"inLanguage\":\"pt-PT\",\"potentialAction\":[{\"@type\":\"CommentAction\",\"name\":\"Comment\",\"target\":[\"https:\/\/terrasdebasto.pt\/?p=4794#respond\"]}]},{\"@type\":\"WebPage\",\"@id\":\"https:\/\/terrasdebasto.pt\/?p=4794\",\"url\":\"https:\/\/terrasdebasto.pt\/?p=4794\",\"name\":\"Nova tutela pelas CCDR\u2019s agrada a diretor da Escola Agr\u00edcola de Fermil - Jornal Terras de Basto\",\"isPartOf\":{\"@id\":\"https:\/\/terrasdebasto.pt\/#website\"},\"primaryImageOfPage\":{\"@id\":\"https:\/\/terrasdebasto.pt\/?p=4794#primaryimage\"},\"image\":{\"@id\":\"https:\/\/terrasdebasto.pt\/?p=4794#primaryimage\"},\"thumbnailUrl\":\"https:\/\/terrasdebasto.pt\/wp-content\/uploads\/2025\/11\/FERNANDO-FEVEREIRO-2.jpg\",\"datePublished\":\"2025-11-04T21:04:20+00:00\",\"description\":\"O diretor da Escola Profissional de Agricultura de Fermil, em Celorico de Basto, veio a p\u00fablico expressar a sua satisfa\u00e7\u00e3o pela integra\u00e7\u00e3o das escolas profissionais agr\u00edcolas na tutela das comiss\u00f5es de coordena\u00e7\u00e3o e desenvolvimento regional.\",\"breadcrumb\":{\"@id\":\"https:\/\/terrasdebasto.pt\/?p=4794#breadcrumb\"},\"inLanguage\":\"pt-PT\",\"potentialAction\":[{\"@type\":\"ReadAction\",\"target\":[\"https:\/\/terrasdebasto.pt\/?p=4794\"]}]},{\"@type\":\"ImageObject\",\"inLanguage\":\"pt-PT\",\"@id\":\"https:\/\/terrasdebasto.pt\/?p=4794#primaryimage\",\"url\":\"https:\/\/terrasdebasto.pt\/wp-content\/uploads\/2025\/11\/FERNANDO-FEVEREIRO-2.jpg\",\"contentUrl\":\"https:\/\/terrasdebasto.pt\/wp-content\/uploads\/2025\/11\/FERNANDO-FEVEREIRO-2.jpg\",\"width\":960,\"height\":640},{\"@type\":\"BreadcrumbList\",\"@id\":\"https:\/\/terrasdebasto.pt\/?p=4794#breadcrumb\",\"itemListElement\":[{\"@type\":\"ListItem\",\"position\":1,\"name\":\"In\u00edcio\",\"item\":\"https:\/\/terrasdebasto.pt\/\"},{\"@type\":\"ListItem\",\"position\":2,\"name\":\"Nova tutela pelas CCDR\u2019s agrada a diretor da Escola Agr\u00edcola de Fermil\"}]},{\"@type\":\"WebSite\",\"@id\":\"https:\/\/terrasdebasto.pt\/#website\",\"url\":\"https:\/\/terrasdebasto.pt\/\",\"name\":\"Jornal Terras de Basto\",\"description\":\"\",\"publisher\":{\"@id\":\"https:\/\/terrasdebasto.pt\/#organization\"},\"potentialAction\":[{\"@type\":\"SearchAction\",\"target\":{\"@type\":\"EntryPoint\",\"urlTemplate\":\"https:\/\/terrasdebasto.pt\/?s={search_term_string}\"},\"query-input\":{\"@type\":\"PropertyValueSpecification\",\"valueRequired\":true,\"valueName\":\"search_term_string\"}}],\"inLanguage\":\"pt-PT\"},{\"@type\":\"Organization\",\"@id\":\"https:\/\/terrasdebasto.pt\/#organization\",\"name\":\"Jornal Terras de Basto\",\"url\":\"https:\/\/terrasdebasto.pt\/\",\"logo\":{\"@type\":\"ImageObject\",\"inLanguage\":\"pt-PT\",\"@id\":\"https:\/\/terrasdebasto.pt\/#\/schema\/logo\/image\/\",\"url\":\"https:\/\/terrasdebasto.pt\/wp-content\/uploads\/2024\/06\/LogoNormal.png\",\"contentUrl\":\"https:\/\/terrasdebasto.pt\/wp-content\/uploads\/2024\/06\/LogoNormal.png\",\"width\":5638,\"height\":809,\"caption\":\"Jornal Terras de Basto\"},\"image\":{\"@id\":\"https:\/\/terrasdebasto.pt\/#\/schema\/logo\/image\/\"}},{\"@type\":\"Person\",\"@id\":\"https:\/\/terrasdebasto.pt\/#\/schema\/person\/9f6739f5394ac65c802641773b278b84\",\"name\":\"Jo\u00e3o Paulo Mesquita\",\"image\":{\"@type\":\"ImageObject\",\"inLanguage\":\"pt-PT\",\"@id\":\"https:\/\/terrasdebasto.pt\/#\/schema\/person\/image\/\",\"url\":\"https:\/\/secure.gravatar.com\/avatar\/9bd0f299e6d96336664aab64354168246a3ee3287c47891c50d450e47ed9d7f9?s=96&d=mm&r=g\",\"contentUrl\":\"https:\/\/secure.gravatar.com\/avatar\/9bd0f299e6d96336664aab64354168246a3ee3287c47891c50d450e47ed9d7f9?s=96&d=mm&r=g\",\"caption\":\"Jo\u00e3o Paulo Mesquita\"},\"url\":\"https:\/\/terrasdebasto.pt\/?author=7\"}]}<\/script>\n<!-- \/ Yoast SEO plugin. -->","yoast_head_json":{"title":"Nova tutela pelas CCDR\u2019s agrada a diretor da Escola Agr\u00edcola de Fermil - Jornal Terras de Basto","description":"O diretor da Escola Profissional de Agricultura de Fermil, em Celorico de Basto, veio a p\u00fablico expressar a sua satisfa\u00e7\u00e3o pela integra\u00e7\u00e3o das escolas profissionais agr\u00edcolas na tutela das comiss\u00f5es de coordena\u00e7\u00e3o e desenvolvimento regional.","robots":{"index":"index","follow":"follow","max-snippet":"max-snippet:-1","max-image-preview":"max-image-preview:large","max-video-preview":"max-video-preview:-1"},"canonical":"https:\/\/terrasdebasto.pt\/?p=4794","og_locale":"pt_PT","og_type":"article","og_title":"Nova tutela pelas CCDR\u2019s agrada a diretor da Escola Agr\u00edcola de Fermil - Jornal Terras de Basto","og_description":"O diretor da Escola Profissional de Agricultura de Fermil, em Celorico de Basto, veio a p\u00fablico expressar a sua satisfa\u00e7\u00e3o pela integra\u00e7\u00e3o das escolas profissionais agr\u00edcolas na tutela das comiss\u00f5es de coordena\u00e7\u00e3o e desenvolvimento regional.","og_url":"https:\/\/terrasdebasto.pt\/?p=4794","og_site_name":"Jornal Terras de Basto","article_published_time":"2025-11-04T21:04:20+00:00","og_image":[{"width":960,"height":640,"url":"https:\/\/terrasdebasto.pt\/wp-content\/uploads\/2025\/11\/FERNANDO-FEVEREIRO-2.jpg","type":"image\/jpeg"}],"author":"Jo\u00e3o Paulo Mesquita","twitter_card":"summary_large_image","twitter_misc":{"Escrito por":"Jo\u00e3o Paulo Mesquita","Tempo estimado de leitura":"3 minutos"},"schema":{"@context":"https:\/\/schema.org","@graph":[{"@type":"Article","@id":"https:\/\/terrasdebasto.pt\/?p=4794#article","isPartOf":{"@id":"https:\/\/terrasdebasto.pt\/?p=4794"},"author":{"name":"Jo\u00e3o Paulo Mesquita","@id":"https:\/\/terrasdebasto.pt\/#\/schema\/person\/9f6739f5394ac65c802641773b278b84"},"headline":"Nova tutela pelas CCDR\u2019s agrada a diretor da Escola Agr\u00edcola de Fermil","datePublished":"2025-11-04T21:04:20+00:00","mainEntityOfPage":{"@id":"https:\/\/terrasdebasto.pt\/?p=4794"},"wordCount":372,"commentCount":0,"publisher":{"@id":"https:\/\/terrasdebasto.pt\/#organization"},"image":{"@id":"https:\/\/terrasdebasto.pt\/?p=4794#primaryimage"},"thumbnailUrl":"https:\/\/terrasdebasto.pt\/wp-content\/uploads\/2025\/11\/FERNANDO-FEVEREIRO-2.jpg","keywords":["Escola Profissional Agr\u00edcola de Fermil","Escolas Profissionais Agr\u00edcolas","Fernando Fevereiro","Jos\u00e9 Manuel Fernandes","Minist\u00e9rio da Agricultura","Minist\u00e9rio da Economia e Coes\u00e3o Territorial"],"articleSection":["Celorico de Basto","Educa\u00e7\u00e3o","Terras de Basto"],"inLanguage":"pt-PT","potentialAction":[{"@type":"CommentAction","name":"Comment","target":["https:\/\/terrasdebasto.pt\/?p=4794#respond"]}]},{"@type":"WebPage","@id":"https:\/\/terrasdebasto.pt\/?p=4794","url":"https:\/\/terrasdebasto.pt\/?p=4794","name":"Nova tutela pelas CCDR\u2019s agrada a diretor da Escola Agr\u00edcola de Fermil - Jornal Terras de Basto","isPartOf":{"@id":"https:\/\/terrasdebasto.pt\/#website"},"primaryImageOfPage":{"@id":"https:\/\/terrasdebasto.pt\/?p=4794#primaryimage"},"image":{"@id":"https:\/\/terrasdebasto.pt\/?p=4794#primaryimage"},"thumbnailUrl":"https:\/\/terrasdebasto.pt\/wp-content\/uploads\/2025\/11\/FERNANDO-FEVEREIRO-2.jpg","datePublished":"2025-11-04T21:04:20+00:00","description":"O diretor da Escola Profissional de Agricultura de Fermil, em Celorico de Basto, veio a p\u00fablico expressar a sua satisfa\u00e7\u00e3o pela integra\u00e7\u00e3o das escolas profissionais agr\u00edcolas na tutela das comiss\u00f5es de coordena\u00e7\u00e3o e desenvolvimento regional.","breadcrumb":{"@id":"https:\/\/terrasdebasto.pt\/?p=4794#breadcrumb"},"inLanguage":"pt-PT","potentialAction":[{"@type":"ReadAction","target":["https:\/\/terrasdebasto.pt\/?p=4794"]}]},{"@type":"ImageObject","inLanguage":"pt-PT","@id":"https:\/\/terrasdebasto.pt\/?p=4794#primaryimage","url":"https:\/\/terrasdebasto.pt\/wp-content\/uploads\/2025\/11\/FERNANDO-FEVEREIRO-2.jpg","contentUrl":"https:\/\/terrasdebasto.pt\/wp-content\/uploads\/2025\/11\/FERNANDO-FEVEREIRO-2.jpg","width":960,"height":640},{"@type":"BreadcrumbList","@id":"https:\/\/terrasdebasto.pt\/?p=4794#breadcrumb","itemListElement":[{"@type":"ListItem","position":1,"name":"In\u00edcio","item":"https:\/\/terrasdebasto.pt\/"},{"@type":"ListItem","position":2,"name":"Nova tutela pelas CCDR\u2019s agrada a diretor da Escola Agr\u00edcola de Fermil"}]},{"@type":"WebSite","@id":"https:\/\/terrasdebasto.pt\/#website","url":"https:\/\/terrasdebasto.pt\/","name":"Jornal Terras de Basto","description":"","publisher":{"@id":"https:\/\/terrasdebasto.pt\/#organization"},"potentialAction":[{"@type":"SearchAction","target":{"@type":"EntryPoint","urlTemplate":"https:\/\/terrasdebasto.pt\/?s={search_term_string}"},"query-input":{"@type":"PropertyValueSpecification","valueRequired":true,"valueName":"search_term_string"}}],"inLanguage":"pt-PT"},{"@type":"Organization","@id":"https:\/\/terrasdebasto.pt\/#organization","name":"Jornal Terras de Basto","url":"https:\/\/terrasdebasto.pt\/","logo":{"@type":"ImageObject","inLanguage":"pt-PT","@id":"https:\/\/terrasdebasto.pt\/#\/schema\/logo\/image\/","url":"https:\/\/terrasdebasto.pt\/wp-content\/uploads\/2024\/06\/LogoNormal.png","contentUrl":"https:\/\/terrasdebasto.pt\/wp-content\/uploads\/2024\/06\/LogoNormal.png","width":5638,"height":809,"caption":"Jornal Terras de Basto"},"image":{"@id":"https:\/\/terrasdebasto.pt\/#\/schema\/logo\/image\/"}},{"@type":"Person","@id":"https:\/\/terrasdebasto.pt\/#\/schema\/person\/9f6739f5394ac65c802641773b278b84","name":"Jo\u00e3o Paulo Mesquita","image":{"@type":"ImageObject","inLanguage":"pt-PT","@id":"https:\/\/terrasdebasto.pt\/#\/schema\/person\/image\/","url":"https:\/\/secure.gravatar.com\/avatar\/9bd0f299e6d96336664aab64354168246a3ee3287c47891c50d450e47ed9d7f9?s=96&d=mm&r=g","contentUrl":"https:\/\/secure.gravatar.com\/avatar\/9bd0f299e6d96336664aab64354168246a3ee3287c47891c50d450e47ed9d7f9?s=96&d=mm&r=g","caption":"Jo\u00e3o Paulo Mesquita"},"url":"https:\/\/terrasdebasto.pt\/?author=7"}]}},"_links":{"self":[{"href":"https:\/\/terrasdebasto.pt\/index.php?rest_route=\/wp\/v2\/posts\/4794","targetHints":{"allow":["GET"]}}],"collection":[{"href":"https:\/\/terrasdebasto.pt\/index.php?rest_route=\/wp\/v2\/posts"}],"about":[{"href":"https:\/\/terrasdebasto.pt\/index.php?rest_route=\/wp\/v2\/types\/post"}],"author":[{"embeddable":true,"href":"https:\/\/terrasdebasto.pt\/index.php?rest_route=\/wp\/v2\/users\/7"}],"replies":[{"embeddable":true,"href":"https:\/\/terrasdebasto.pt\/index.php?rest_route=%2Fwp%2Fv2%2Fcomments&post=4794"}],"version-history":[{"count":1,"href":"https:\/\/terrasdebasto.pt\/index.php?rest_route=\/wp\/v2\/posts\/4794\/revisions"}],"predecessor-version":[{"id":4797,"href":"https:\/\/terrasdebasto.pt\/index.php?rest_route=\/wp\/v2\/posts\/4794\/revisions\/4797"}],"wp:featuredmedia":[{"embeddable":true,"href":"https:\/\/terrasdebasto.pt\/index.php?rest_route=\/wp\/v2\/media\/4795"}],"wp:attachment":[{"href":"https:\/\/terrasdebasto.pt\/index.php?rest_route=%2Fwp%2Fv2%2Fmedia&parent=4794"}],"wp:term":[{"taxonomy":"category","embeddable":true,"href":"https:\/\/terrasdebasto.pt\/index.php?rest_route=%2Fwp%2Fv2%2Fcategories&post=4794"},{"taxonomy":"post_tag","embeddable":true,"href":"https:\/\/terrasdebasto.pt\/index.php?rest_route=%2Fwp%2Fv2%2Ftags&post=4794"}],"curies":[{"name":"wp","href":"https:\/\/api.w.org\/{rel}","templated":true}]}}