{"id":4791,"date":"2025-11-04T19:47:23","date_gmt":"2025-11-04T19:47:23","guid":{"rendered":"https:\/\/terrasdebasto.pt\/?p=4791"},"modified":"2025-11-04T19:47:23","modified_gmt":"2025-11-04T19:47:23","slug":"vivaldi-e-piazzolla-ao-despique-em-celorico","status":"publish","type":"post","link":"https:\/\/terrasdebasto.pt\/?p=4791","title":{"rendered":"Vivaldi e Piazzolla ao despique em Celorico"},"content":{"rendered":"\n<p><\/p>\n\n\n\n<p><strong>Um concerto com duas obras distintas interpretadas pelo violinista Pedro Carneiro, como solista, e por um Ensemble de Cordas, acontece este s\u00e1bado (8), a partir das 21h00, no Centro Cultural de Celorico de Basto.<\/strong><\/p>\n\n\n\n<p>A compara\u00e7\u00e3o entre as duas obras \u2013 \u201cAs Quatro Esta\u00e7\u00f5es\u201d, de Antonio Vivaldi, e \u201cAs Quatro Esta\u00e7\u00f5es Portenhas\u201d, de Astor Piazzolla \u2013 \u00e9 frequente em concertos para demonstrar as diferen\u00e7as e semelhan\u00e7as entre ambas.<\/p>\n\n\n\n<p>Este \u00e9 um concerto que integra a programa\u00e7\u00e3o do programa \u201cCelorico a Bulir\u201d para novembro e que procura refor\u00e7ar uma proposta cultural heterog\u00e9nea, caracterizada pela diversidade.<\/p>\n\n\n\n<p>\u00abN\u00e3o podemos ficar \u201ccolados\u201d a determinadas manifesta\u00e7\u00f5es culturais; a oferta que propomos transforma o territ\u00f3rio, desperta mentalidades, acrescenta valor, atrai visitantes e move a economia\u00bb, sublinha a vereadora da tutela, Maria Jos\u00e9 Marinho.<\/p>\n\n\n\n<p>O Ensemble de Cordas \u00e9 composto por quatro violinistas, duas violas de cordas, dois violoncelos e dois contrabaixos, integrando m\u00fasicos com grande palmar\u00e9s na Casa da M\u00fasica, galardoados, por exemplo, no <a><\/a><a href=\"https:\/\/newvibrations.pt\/aleksey-gorokhov-international-violin-competition\/\">Aleksey Gorokhov International Violin Competition<\/a>.<\/p>\n","protected":false},"excerpt":{"rendered":"<p>Um concerto com duas obras distintas interpretadas pelo violinista Pedro Carneiro, como solista, e por um Ensemble de Cordas, acontece este s\u00e1bado (8), a partir das 21h00, no Centro Cultural de Celorico de Basto. A compara\u00e7\u00e3o entre as duas obras \u2013 \u201cAs Quatro Esta\u00e7\u00f5es\u201d, de Antonio Vivaldi, e \u201cAs Quatro Esta\u00e7\u00f5es Portenhas\u201d, de Astor Piazzolla [&hellip;]<\/p>\n","protected":false},"author":7,"featured_media":4792,"comment_status":"open","ping_status":"open","sticky":false,"template":"","format":"standard","meta":{"footnotes":""},"categories":[13,7,11,9],"tags":[1104,1106,1107,1105,40,235,1108],"class_list":{"0":"post-4791","1":"post","2":"type-post","3":"status-publish","4":"format-standard","5":"has-post-thumbnail","7":"category-celorico-de-basto","8":"category-cultura","9":"category-educacao","10":"category-terras-de-basto","11":"tag-antonio-vivaldi","12":"tag-as-quatro-estacoes-2","13":"tag-as-quatro-estacoes-portenhas","14":"tag-astor-piazzolla","15":"tag-celorico-de-basto","16":"tag-musica","17":"tag-pedro-carneiro"},"yoast_head":"<!-- This site is optimized with the Yoast SEO plugin v25.7 - https:\/\/yoast.com\/wordpress\/plugins\/seo\/ -->\n<title>Vivaldi e Piazzolla ao despique em Celorico - Jornal Terras de Basto<\/title>\n<meta name=\"description\" content=\"Um concerto com duas obras distintas interpretadas pelo violinista Pedro Carneiro, como solista, e por um Ensemble de Cordas, acontece este s\u00e1bado (8), a partir das 21h00, no Centro Cultural de Celorico de Basto.\" \/>\n<meta name=\"robots\" content=\"index, follow, max-snippet:-1, max-image-preview:large, max-video-preview:-1\" \/>\n<link rel=\"canonical\" href=\"https:\/\/terrasdebasto.pt\/?p=4791\" \/>\n<meta property=\"og:locale\" content=\"pt_PT\" \/>\n<meta property=\"og:type\" content=\"article\" \/>\n<meta property=\"og:title\" content=\"Vivaldi e Piazzolla ao despique em Celorico - Jornal Terras de Basto\" \/>\n<meta property=\"og:description\" content=\"Um concerto com duas obras distintas interpretadas pelo violinista Pedro Carneiro, como solista, e por um Ensemble de Cordas, acontece este s\u00e1bado (8), a partir das 21h00, no Centro Cultural de Celorico de Basto.\" \/>\n<meta property=\"og:url\" content=\"https:\/\/terrasdebasto.pt\/?p=4791\" \/>\n<meta property=\"og:site_name\" content=\"Jornal Terras de Basto\" \/>\n<meta property=\"article:published_time\" content=\"2025-11-04T19:47:23+00:00\" \/>\n<meta property=\"og:image\" content=\"https:\/\/terrasdebasto.pt\/wp-content\/uploads\/2025\/11\/CONCERTO-CELORICO-scaled.jpg\" \/>\n\t<meta property=\"og:image:width\" content=\"2560\" \/>\n\t<meta property=\"og:image:height\" content=\"1665\" \/>\n\t<meta property=\"og:image:type\" content=\"image\/jpeg\" \/>\n<meta name=\"author\" content=\"Jo\u00e3o Paulo Mesquita\" \/>\n<meta name=\"twitter:card\" content=\"summary_large_image\" \/>\n<meta name=\"twitter:label1\" content=\"Escrito por\" \/>\n\t<meta name=\"twitter:data1\" content=\"Jo\u00e3o Paulo Mesquita\" \/>\n\t<meta name=\"twitter:label2\" content=\"Tempo estimado de leitura\" \/>\n\t<meta name=\"twitter:data2\" content=\"2 minutos\" \/>\n<script type=\"application\/ld+json\" class=\"yoast-schema-graph\">{\"@context\":\"https:\/\/schema.org\",\"@graph\":[{\"@type\":\"Article\",\"@id\":\"https:\/\/terrasdebasto.pt\/?p=4791#article\",\"isPartOf\":{\"@id\":\"https:\/\/terrasdebasto.pt\/?p=4791\"},\"author\":{\"name\":\"Jo\u00e3o Paulo Mesquita\",\"@id\":\"https:\/\/terrasdebasto.pt\/#\/schema\/person\/9f6739f5394ac65c802641773b278b84\"},\"headline\":\"Vivaldi e Piazzolla ao despique em Celorico\",\"datePublished\":\"2025-11-04T19:47:23+00:00\",\"mainEntityOfPage\":{\"@id\":\"https:\/\/terrasdebasto.pt\/?p=4791\"},\"wordCount\":179,\"commentCount\":0,\"publisher\":{\"@id\":\"https:\/\/terrasdebasto.pt\/#organization\"},\"image\":{\"@id\":\"https:\/\/terrasdebasto.pt\/?p=4791#primaryimage\"},\"thumbnailUrl\":\"https:\/\/terrasdebasto.pt\/wp-content\/uploads\/2025\/11\/CONCERTO-CELORICO-scaled.jpg\",\"keywords\":[\"Antonio Vivaldi\",\"As Quatro Esta\u00e7\u00f5es\",\"As Quatro Esta\u00e7\u00f5es Portenhas\",\"Astor Piazzolla\",\"Celorico de Basto\",\"M\u00fasica\",\"Pedro Carneiro\"],\"articleSection\":[\"Celorico de Basto\",\"Cultura\",\"Educa\u00e7\u00e3o\",\"Terras de Basto\"],\"inLanguage\":\"pt-PT\",\"potentialAction\":[{\"@type\":\"CommentAction\",\"name\":\"Comment\",\"target\":[\"https:\/\/terrasdebasto.pt\/?p=4791#respond\"]}]},{\"@type\":\"WebPage\",\"@id\":\"https:\/\/terrasdebasto.pt\/?p=4791\",\"url\":\"https:\/\/terrasdebasto.pt\/?p=4791\",\"name\":\"Vivaldi e Piazzolla ao despique em Celorico - Jornal Terras de Basto\",\"isPartOf\":{\"@id\":\"https:\/\/terrasdebasto.pt\/#website\"},\"primaryImageOfPage\":{\"@id\":\"https:\/\/terrasdebasto.pt\/?p=4791#primaryimage\"},\"image\":{\"@id\":\"https:\/\/terrasdebasto.pt\/?p=4791#primaryimage\"},\"thumbnailUrl\":\"https:\/\/terrasdebasto.pt\/wp-content\/uploads\/2025\/11\/CONCERTO-CELORICO-scaled.jpg\",\"datePublished\":\"2025-11-04T19:47:23+00:00\",\"description\":\"Um concerto com duas obras distintas interpretadas pelo violinista Pedro Carneiro, como solista, e por um Ensemble de Cordas, acontece este s\u00e1bado (8), a partir das 21h00, no Centro Cultural de Celorico de Basto.\",\"breadcrumb\":{\"@id\":\"https:\/\/terrasdebasto.pt\/?p=4791#breadcrumb\"},\"inLanguage\":\"pt-PT\",\"potentialAction\":[{\"@type\":\"ReadAction\",\"target\":[\"https:\/\/terrasdebasto.pt\/?p=4791\"]}]},{\"@type\":\"ImageObject\",\"inLanguage\":\"pt-PT\",\"@id\":\"https:\/\/terrasdebasto.pt\/?p=4791#primaryimage\",\"url\":\"https:\/\/terrasdebasto.pt\/wp-content\/uploads\/2025\/11\/CONCERTO-CELORICO-scaled.jpg\",\"contentUrl\":\"https:\/\/terrasdebasto.pt\/wp-content\/uploads\/2025\/11\/CONCERTO-CELORICO-scaled.jpg\",\"width\":2560,\"height\":1665},{\"@type\":\"BreadcrumbList\",\"@id\":\"https:\/\/terrasdebasto.pt\/?p=4791#breadcrumb\",\"itemListElement\":[{\"@type\":\"ListItem\",\"position\":1,\"name\":\"In\u00edcio\",\"item\":\"https:\/\/terrasdebasto.pt\/\"},{\"@type\":\"ListItem\",\"position\":2,\"name\":\"Vivaldi e Piazzolla ao despique em Celorico\"}]},{\"@type\":\"WebSite\",\"@id\":\"https:\/\/terrasdebasto.pt\/#website\",\"url\":\"https:\/\/terrasdebasto.pt\/\",\"name\":\"Jornal Terras de Basto\",\"description\":\"\",\"publisher\":{\"@id\":\"https:\/\/terrasdebasto.pt\/#organization\"},\"potentialAction\":[{\"@type\":\"SearchAction\",\"target\":{\"@type\":\"EntryPoint\",\"urlTemplate\":\"https:\/\/terrasdebasto.pt\/?s={search_term_string}\"},\"query-input\":{\"@type\":\"PropertyValueSpecification\",\"valueRequired\":true,\"valueName\":\"search_term_string\"}}],\"inLanguage\":\"pt-PT\"},{\"@type\":\"Organization\",\"@id\":\"https:\/\/terrasdebasto.pt\/#organization\",\"name\":\"Jornal Terras de Basto\",\"url\":\"https:\/\/terrasdebasto.pt\/\",\"logo\":{\"@type\":\"ImageObject\",\"inLanguage\":\"pt-PT\",\"@id\":\"https:\/\/terrasdebasto.pt\/#\/schema\/logo\/image\/\",\"url\":\"https:\/\/terrasdebasto.pt\/wp-content\/uploads\/2024\/06\/LogoNormal.png\",\"contentUrl\":\"https:\/\/terrasdebasto.pt\/wp-content\/uploads\/2024\/06\/LogoNormal.png\",\"width\":5638,\"height\":809,\"caption\":\"Jornal Terras de Basto\"},\"image\":{\"@id\":\"https:\/\/terrasdebasto.pt\/#\/schema\/logo\/image\/\"}},{\"@type\":\"Person\",\"@id\":\"https:\/\/terrasdebasto.pt\/#\/schema\/person\/9f6739f5394ac65c802641773b278b84\",\"name\":\"Jo\u00e3o Paulo Mesquita\",\"image\":{\"@type\":\"ImageObject\",\"inLanguage\":\"pt-PT\",\"@id\":\"https:\/\/terrasdebasto.pt\/#\/schema\/person\/image\/\",\"url\":\"https:\/\/secure.gravatar.com\/avatar\/9bd0f299e6d96336664aab64354168246a3ee3287c47891c50d450e47ed9d7f9?s=96&d=mm&r=g\",\"contentUrl\":\"https:\/\/secure.gravatar.com\/avatar\/9bd0f299e6d96336664aab64354168246a3ee3287c47891c50d450e47ed9d7f9?s=96&d=mm&r=g\",\"caption\":\"Jo\u00e3o Paulo Mesquita\"},\"url\":\"https:\/\/terrasdebasto.pt\/?author=7\"}]}<\/script>\n<!-- \/ Yoast SEO plugin. -->","yoast_head_json":{"title":"Vivaldi e Piazzolla ao despique em Celorico - Jornal Terras de Basto","description":"Um concerto com duas obras distintas interpretadas pelo violinista Pedro Carneiro, como solista, e por um Ensemble de Cordas, acontece este s\u00e1bado (8), a partir das 21h00, no Centro Cultural de Celorico de Basto.","robots":{"index":"index","follow":"follow","max-snippet":"max-snippet:-1","max-image-preview":"max-image-preview:large","max-video-preview":"max-video-preview:-1"},"canonical":"https:\/\/terrasdebasto.pt\/?p=4791","og_locale":"pt_PT","og_type":"article","og_title":"Vivaldi e Piazzolla ao despique em Celorico - Jornal Terras de Basto","og_description":"Um concerto com duas obras distintas interpretadas pelo violinista Pedro Carneiro, como solista, e por um Ensemble de Cordas, acontece este s\u00e1bado (8), a partir das 21h00, no Centro Cultural de Celorico de Basto.","og_url":"https:\/\/terrasdebasto.pt\/?p=4791","og_site_name":"Jornal Terras de Basto","article_published_time":"2025-11-04T19:47:23+00:00","og_image":[{"width":2560,"height":1665,"url":"https:\/\/terrasdebasto.pt\/wp-content\/uploads\/2025\/11\/CONCERTO-CELORICO-scaled.jpg","type":"image\/jpeg"}],"author":"Jo\u00e3o Paulo Mesquita","twitter_card":"summary_large_image","twitter_misc":{"Escrito por":"Jo\u00e3o Paulo Mesquita","Tempo estimado de leitura":"2 minutos"},"schema":{"@context":"https:\/\/schema.org","@graph":[{"@type":"Article","@id":"https:\/\/terrasdebasto.pt\/?p=4791#article","isPartOf":{"@id":"https:\/\/terrasdebasto.pt\/?p=4791"},"author":{"name":"Jo\u00e3o Paulo Mesquita","@id":"https:\/\/terrasdebasto.pt\/#\/schema\/person\/9f6739f5394ac65c802641773b278b84"},"headline":"Vivaldi e Piazzolla ao despique em Celorico","datePublished":"2025-11-04T19:47:23+00:00","mainEntityOfPage":{"@id":"https:\/\/terrasdebasto.pt\/?p=4791"},"wordCount":179,"commentCount":0,"publisher":{"@id":"https:\/\/terrasdebasto.pt\/#organization"},"image":{"@id":"https:\/\/terrasdebasto.pt\/?p=4791#primaryimage"},"thumbnailUrl":"https:\/\/terrasdebasto.pt\/wp-content\/uploads\/2025\/11\/CONCERTO-CELORICO-scaled.jpg","keywords":["Antonio Vivaldi","As Quatro Esta\u00e7\u00f5es","As Quatro Esta\u00e7\u00f5es Portenhas","Astor Piazzolla","Celorico de Basto","M\u00fasica","Pedro Carneiro"],"articleSection":["Celorico de Basto","Cultura","Educa\u00e7\u00e3o","Terras de Basto"],"inLanguage":"pt-PT","potentialAction":[{"@type":"CommentAction","name":"Comment","target":["https:\/\/terrasdebasto.pt\/?p=4791#respond"]}]},{"@type":"WebPage","@id":"https:\/\/terrasdebasto.pt\/?p=4791","url":"https:\/\/terrasdebasto.pt\/?p=4791","name":"Vivaldi e Piazzolla ao despique em Celorico - Jornal Terras de Basto","isPartOf":{"@id":"https:\/\/terrasdebasto.pt\/#website"},"primaryImageOfPage":{"@id":"https:\/\/terrasdebasto.pt\/?p=4791#primaryimage"},"image":{"@id":"https:\/\/terrasdebasto.pt\/?p=4791#primaryimage"},"thumbnailUrl":"https:\/\/terrasdebasto.pt\/wp-content\/uploads\/2025\/11\/CONCERTO-CELORICO-scaled.jpg","datePublished":"2025-11-04T19:47:23+00:00","description":"Um concerto com duas obras distintas interpretadas pelo violinista Pedro Carneiro, como solista, e por um Ensemble de Cordas, acontece este s\u00e1bado (8), a partir das 21h00, no Centro Cultural de Celorico de Basto.","breadcrumb":{"@id":"https:\/\/terrasdebasto.pt\/?p=4791#breadcrumb"},"inLanguage":"pt-PT","potentialAction":[{"@type":"ReadAction","target":["https:\/\/terrasdebasto.pt\/?p=4791"]}]},{"@type":"ImageObject","inLanguage":"pt-PT","@id":"https:\/\/terrasdebasto.pt\/?p=4791#primaryimage","url":"https:\/\/terrasdebasto.pt\/wp-content\/uploads\/2025\/11\/CONCERTO-CELORICO-scaled.jpg","contentUrl":"https:\/\/terrasdebasto.pt\/wp-content\/uploads\/2025\/11\/CONCERTO-CELORICO-scaled.jpg","width":2560,"height":1665},{"@type":"BreadcrumbList","@id":"https:\/\/terrasdebasto.pt\/?p=4791#breadcrumb","itemListElement":[{"@type":"ListItem","position":1,"name":"In\u00edcio","item":"https:\/\/terrasdebasto.pt\/"},{"@type":"ListItem","position":2,"name":"Vivaldi e Piazzolla ao despique em Celorico"}]},{"@type":"WebSite","@id":"https:\/\/terrasdebasto.pt\/#website","url":"https:\/\/terrasdebasto.pt\/","name":"Jornal Terras de Basto","description":"","publisher":{"@id":"https:\/\/terrasdebasto.pt\/#organization"},"potentialAction":[{"@type":"SearchAction","target":{"@type":"EntryPoint","urlTemplate":"https:\/\/terrasdebasto.pt\/?s={search_term_string}"},"query-input":{"@type":"PropertyValueSpecification","valueRequired":true,"valueName":"search_term_string"}}],"inLanguage":"pt-PT"},{"@type":"Organization","@id":"https:\/\/terrasdebasto.pt\/#organization","name":"Jornal Terras de Basto","url":"https:\/\/terrasdebasto.pt\/","logo":{"@type":"ImageObject","inLanguage":"pt-PT","@id":"https:\/\/terrasdebasto.pt\/#\/schema\/logo\/image\/","url":"https:\/\/terrasdebasto.pt\/wp-content\/uploads\/2024\/06\/LogoNormal.png","contentUrl":"https:\/\/terrasdebasto.pt\/wp-content\/uploads\/2024\/06\/LogoNormal.png","width":5638,"height":809,"caption":"Jornal Terras de Basto"},"image":{"@id":"https:\/\/terrasdebasto.pt\/#\/schema\/logo\/image\/"}},{"@type":"Person","@id":"https:\/\/terrasdebasto.pt\/#\/schema\/person\/9f6739f5394ac65c802641773b278b84","name":"Jo\u00e3o Paulo Mesquita","image":{"@type":"ImageObject","inLanguage":"pt-PT","@id":"https:\/\/terrasdebasto.pt\/#\/schema\/person\/image\/","url":"https:\/\/secure.gravatar.com\/avatar\/9bd0f299e6d96336664aab64354168246a3ee3287c47891c50d450e47ed9d7f9?s=96&d=mm&r=g","contentUrl":"https:\/\/secure.gravatar.com\/avatar\/9bd0f299e6d96336664aab64354168246a3ee3287c47891c50d450e47ed9d7f9?s=96&d=mm&r=g","caption":"Jo\u00e3o Paulo Mesquita"},"url":"https:\/\/terrasdebasto.pt\/?author=7"}]}},"_links":{"self":[{"href":"https:\/\/terrasdebasto.pt\/index.php?rest_route=\/wp\/v2\/posts\/4791","targetHints":{"allow":["GET"]}}],"collection":[{"href":"https:\/\/terrasdebasto.pt\/index.php?rest_route=\/wp\/v2\/posts"}],"about":[{"href":"https:\/\/terrasdebasto.pt\/index.php?rest_route=\/wp\/v2\/types\/post"}],"author":[{"embeddable":true,"href":"https:\/\/terrasdebasto.pt\/index.php?rest_route=\/wp\/v2\/users\/7"}],"replies":[{"embeddable":true,"href":"https:\/\/terrasdebasto.pt\/index.php?rest_route=%2Fwp%2Fv2%2Fcomments&post=4791"}],"version-history":[{"count":1,"href":"https:\/\/terrasdebasto.pt\/index.php?rest_route=\/wp\/v2\/posts\/4791\/revisions"}],"predecessor-version":[{"id":4793,"href":"https:\/\/terrasdebasto.pt\/index.php?rest_route=\/wp\/v2\/posts\/4791\/revisions\/4793"}],"wp:featuredmedia":[{"embeddable":true,"href":"https:\/\/terrasdebasto.pt\/index.php?rest_route=\/wp\/v2\/media\/4792"}],"wp:attachment":[{"href":"https:\/\/terrasdebasto.pt\/index.php?rest_route=%2Fwp%2Fv2%2Fmedia&parent=4791"}],"wp:term":[{"taxonomy":"category","embeddable":true,"href":"https:\/\/terrasdebasto.pt\/index.php?rest_route=%2Fwp%2Fv2%2Fcategories&post=4791"},{"taxonomy":"post_tag","embeddable":true,"href":"https:\/\/terrasdebasto.pt\/index.php?rest_route=%2Fwp%2Fv2%2Ftags&post=4791"}],"curies":[{"name":"wp","href":"https:\/\/api.w.org\/{rel}","templated":true}]}}