{"id":4753,"date":"2025-11-03T19:33:24","date_gmt":"2025-11-03T19:33:24","guid":{"rendered":"https:\/\/terrasdebasto.pt\/?p=4753"},"modified":"2025-11-03T19:33:25","modified_gmt":"2025-11-03T19:33:25","slug":"mondim-vai-fazer-com-meias-a-arvore-de-natal","status":"publish","type":"post","link":"https:\/\/terrasdebasto.pt\/?p=4753","title":{"rendered":"Mondim vai fazer com meias a \u00c1rvore de Natal"},"content":{"rendered":"\n<p><\/p>\n\n\n\n<p><strong>O elemento principal da \u00c1rvore de Natal que Mondim de Basto vai instalar na pra\u00e7a central da vila v\u00e3o ser as meias, diz o Munic\u00edpio, que diz estar j\u00e1 \u00aba preparar a chegada\u00bb da quadra festiva, o que quer fazer \u00abcom toda a comunidade\u00bb.<\/strong><\/p>\n\n\n\n<p>O desafio que prop\u00f5e \u00e9, assim, o de construir uma \u00c1rvore de Natal \u00abcom simbolismo e originalidade\u00bb, circunst\u00e2ncia em que surge ent\u00e3o aquela pe\u00e7a de vestu\u00e1rio, precisamente \u00abas meias que antigamente se secavam \u00e0 lareira e na Noite de Natal guardavam pequenos presentes, a\u00ed depositados pelas fam\u00edlias, para os mais pequenos\u00bb.<\/p>\n\n\n\n<p>As meias \u2013 lembra, assim, o Munic\u00edpio \u2013 adquiriram um simbolismo de generosidade e de esperan\u00e7a, servindo agora para este \u00abdesafio a toda a comunidade\u00bb, para que participe na constru\u00e7\u00e3o desta \u00e1rvore, \u00abpartilhando as meias que j\u00e1 n\u00e3o lhes fazem falta\u00bb.<\/p>\n\n\n\n<p>\u00abEntregue as meias que j\u00e1 n\u00e3o precisa, at\u00e9 ao dia 21 de novembro, no Posto de Turismo, na Junta de Freguesia, nos Centros de Conv\u00edvio e nas IPSS&#8217;s do concelho\u00bb, prop\u00f5e, para que seja poss\u00edvel, \u00abjuntos, construir uma \u00e1rvore decorada com as cores da esperan\u00e7a!\u00bb.<\/p>\n","protected":false},"excerpt":{"rendered":"<p>O elemento principal da \u00c1rvore de Natal que Mondim de Basto vai instalar na pra\u00e7a central da vila v\u00e3o ser as meias, diz o Munic\u00edpio, que diz estar j\u00e1 \u00aba preparar a chegada\u00bb da quadra festiva, o que quer fazer \u00abcom toda a comunidade\u00bb. O desafio que prop\u00f5e \u00e9, assim, o de construir uma \u00c1rvore [&hellip;]<\/p>\n","protected":false},"author":7,"featured_media":4754,"comment_status":"open","ping_status":"open","sticky":false,"template":"","format":"standard","meta":{"footnotes":""},"categories":[7,16,9],"tags":[1081,1082,85,1083],"class_list":{"0":"post-4753","1":"post","2":"type-post","3":"status-publish","4":"format-standard","5":"has-post-thumbnail","7":"category-cultura","8":"category-mondim-de-basto","9":"category-terras-de-basto","10":"tag-arvore-de-natal","11":"tag-meias-de-natal","12":"tag-mondim-de-basto","13":"tag-natal"},"yoast_head":"<!-- This site is optimized with the Yoast SEO plugin v25.7 - https:\/\/yoast.com\/wordpress\/plugins\/seo\/ -->\n<title>Mondim vai fazer com meias a \u00c1rvore de Natal - Jornal Terras de Basto<\/title>\n<meta name=\"description\" content=\"O elemento principal da \u00c1rvore de Natal que Mondim de Basto vai instalar na pra\u00e7a central da vila v\u00e3o ser as meias, diz o Munic\u00edpio, que diz estar j\u00e1 \u00aba preparar a chegada\u00bb da quadra festiva, o que quer fazer \u00abcom toda a comunidade\u00bb.\" \/>\n<meta name=\"robots\" content=\"index, follow, max-snippet:-1, max-image-preview:large, max-video-preview:-1\" \/>\n<link rel=\"canonical\" href=\"https:\/\/terrasdebasto.pt\/?p=4753\" \/>\n<meta property=\"og:locale\" content=\"pt_PT\" \/>\n<meta property=\"og:type\" content=\"article\" \/>\n<meta property=\"og:title\" content=\"Mondim vai fazer com meias a \u00c1rvore de Natal - Jornal Terras de Basto\" \/>\n<meta property=\"og:description\" content=\"O elemento principal da \u00c1rvore de Natal que Mondim de Basto vai instalar na pra\u00e7a central da vila v\u00e3o ser as meias, diz o Munic\u00edpio, que diz estar j\u00e1 \u00aba preparar a chegada\u00bb da quadra festiva, o que quer fazer \u00abcom toda a comunidade\u00bb.\" \/>\n<meta property=\"og:url\" content=\"https:\/\/terrasdebasto.pt\/?p=4753\" \/>\n<meta property=\"og:site_name\" content=\"Jornal Terras de Basto\" \/>\n<meta property=\"article:published_time\" content=\"2025-11-03T19:33:24+00:00\" \/>\n<meta property=\"article:modified_time\" content=\"2025-11-03T19:33:25+00:00\" \/>\n<meta property=\"og:image\" content=\"https:\/\/terrasdebasto.pt\/wp-content\/uploads\/2025\/11\/MEIAS-MONDIM.jpg\" \/>\n\t<meta property=\"og:image:width\" content=\"2048\" \/>\n\t<meta property=\"og:image:height\" content=\"2048\" \/>\n\t<meta property=\"og:image:type\" content=\"image\/jpeg\" \/>\n<meta name=\"author\" content=\"Jo\u00e3o Paulo Mesquita\" \/>\n<meta name=\"twitter:card\" content=\"summary_large_image\" \/>\n<meta name=\"twitter:label1\" content=\"Escrito por\" \/>\n\t<meta name=\"twitter:data1\" content=\"Jo\u00e3o Paulo Mesquita\" \/>\n\t<meta name=\"twitter:label2\" content=\"Tempo estimado de leitura\" \/>\n\t<meta name=\"twitter:data2\" content=\"2 minutos\" \/>\n<script type=\"application\/ld+json\" class=\"yoast-schema-graph\">{\"@context\":\"https:\/\/schema.org\",\"@graph\":[{\"@type\":\"Article\",\"@id\":\"https:\/\/terrasdebasto.pt\/?p=4753#article\",\"isPartOf\":{\"@id\":\"https:\/\/terrasdebasto.pt\/?p=4753\"},\"author\":{\"name\":\"Jo\u00e3o Paulo Mesquita\",\"@id\":\"https:\/\/terrasdebasto.pt\/#\/schema\/person\/9f6739f5394ac65c802641773b278b84\"},\"headline\":\"Mondim vai fazer com meias a \u00c1rvore de Natal\",\"datePublished\":\"2025-11-03T19:33:24+00:00\",\"dateModified\":\"2025-11-03T19:33:25+00:00\",\"mainEntityOfPage\":{\"@id\":\"https:\/\/terrasdebasto.pt\/?p=4753\"},\"wordCount\":204,\"commentCount\":0,\"publisher\":{\"@id\":\"https:\/\/terrasdebasto.pt\/#organization\"},\"image\":{\"@id\":\"https:\/\/terrasdebasto.pt\/?p=4753#primaryimage\"},\"thumbnailUrl\":\"https:\/\/terrasdebasto.pt\/wp-content\/uploads\/2025\/11\/MEIAS-MONDIM.jpg\",\"keywords\":[\"\u00c1rvore de natal\",\"Meias de Natal\",\"Mondim de Basto\",\"Natal\"],\"articleSection\":[\"Cultura\",\"Mondim de Basto\",\"Terras de Basto\"],\"inLanguage\":\"pt-PT\",\"potentialAction\":[{\"@type\":\"CommentAction\",\"name\":\"Comment\",\"target\":[\"https:\/\/terrasdebasto.pt\/?p=4753#respond\"]}]},{\"@type\":\"WebPage\",\"@id\":\"https:\/\/terrasdebasto.pt\/?p=4753\",\"url\":\"https:\/\/terrasdebasto.pt\/?p=4753\",\"name\":\"Mondim vai fazer com meias a \u00c1rvore de Natal - Jornal Terras de Basto\",\"isPartOf\":{\"@id\":\"https:\/\/terrasdebasto.pt\/#website\"},\"primaryImageOfPage\":{\"@id\":\"https:\/\/terrasdebasto.pt\/?p=4753#primaryimage\"},\"image\":{\"@id\":\"https:\/\/terrasdebasto.pt\/?p=4753#primaryimage\"},\"thumbnailUrl\":\"https:\/\/terrasdebasto.pt\/wp-content\/uploads\/2025\/11\/MEIAS-MONDIM.jpg\",\"datePublished\":\"2025-11-03T19:33:24+00:00\",\"dateModified\":\"2025-11-03T19:33:25+00:00\",\"description\":\"O elemento principal da \u00c1rvore de Natal que Mondim de Basto vai instalar na pra\u00e7a central da vila v\u00e3o ser as meias, diz o Munic\u00edpio, que diz estar j\u00e1 \u00aba preparar a chegada\u00bb da quadra festiva, o que quer fazer \u00abcom toda a comunidade\u00bb.\",\"breadcrumb\":{\"@id\":\"https:\/\/terrasdebasto.pt\/?p=4753#breadcrumb\"},\"inLanguage\":\"pt-PT\",\"potentialAction\":[{\"@type\":\"ReadAction\",\"target\":[\"https:\/\/terrasdebasto.pt\/?p=4753\"]}]},{\"@type\":\"ImageObject\",\"inLanguage\":\"pt-PT\",\"@id\":\"https:\/\/terrasdebasto.pt\/?p=4753#primaryimage\",\"url\":\"https:\/\/terrasdebasto.pt\/wp-content\/uploads\/2025\/11\/MEIAS-MONDIM.jpg\",\"contentUrl\":\"https:\/\/terrasdebasto.pt\/wp-content\/uploads\/2025\/11\/MEIAS-MONDIM.jpg\",\"width\":2048,\"height\":2048},{\"@type\":\"BreadcrumbList\",\"@id\":\"https:\/\/terrasdebasto.pt\/?p=4753#breadcrumb\",\"itemListElement\":[{\"@type\":\"ListItem\",\"position\":1,\"name\":\"In\u00edcio\",\"item\":\"https:\/\/terrasdebasto.pt\/\"},{\"@type\":\"ListItem\",\"position\":2,\"name\":\"Mondim vai fazer com meias a \u00c1rvore de Natal\"}]},{\"@type\":\"WebSite\",\"@id\":\"https:\/\/terrasdebasto.pt\/#website\",\"url\":\"https:\/\/terrasdebasto.pt\/\",\"name\":\"Jornal Terras de Basto\",\"description\":\"\",\"publisher\":{\"@id\":\"https:\/\/terrasdebasto.pt\/#organization\"},\"potentialAction\":[{\"@type\":\"SearchAction\",\"target\":{\"@type\":\"EntryPoint\",\"urlTemplate\":\"https:\/\/terrasdebasto.pt\/?s={search_term_string}\"},\"query-input\":{\"@type\":\"PropertyValueSpecification\",\"valueRequired\":true,\"valueName\":\"search_term_string\"}}],\"inLanguage\":\"pt-PT\"},{\"@type\":\"Organization\",\"@id\":\"https:\/\/terrasdebasto.pt\/#organization\",\"name\":\"Jornal Terras de Basto\",\"url\":\"https:\/\/terrasdebasto.pt\/\",\"logo\":{\"@type\":\"ImageObject\",\"inLanguage\":\"pt-PT\",\"@id\":\"https:\/\/terrasdebasto.pt\/#\/schema\/logo\/image\/\",\"url\":\"https:\/\/terrasdebasto.pt\/wp-content\/uploads\/2024\/06\/LogoNormal.png\",\"contentUrl\":\"https:\/\/terrasdebasto.pt\/wp-content\/uploads\/2024\/06\/LogoNormal.png\",\"width\":5638,\"height\":809,\"caption\":\"Jornal Terras de Basto\"},\"image\":{\"@id\":\"https:\/\/terrasdebasto.pt\/#\/schema\/logo\/image\/\"}},{\"@type\":\"Person\",\"@id\":\"https:\/\/terrasdebasto.pt\/#\/schema\/person\/9f6739f5394ac65c802641773b278b84\",\"name\":\"Jo\u00e3o Paulo Mesquita\",\"image\":{\"@type\":\"ImageObject\",\"inLanguage\":\"pt-PT\",\"@id\":\"https:\/\/terrasdebasto.pt\/#\/schema\/person\/image\/\",\"url\":\"https:\/\/secure.gravatar.com\/avatar\/9bd0f299e6d96336664aab64354168246a3ee3287c47891c50d450e47ed9d7f9?s=96&d=mm&r=g\",\"contentUrl\":\"https:\/\/secure.gravatar.com\/avatar\/9bd0f299e6d96336664aab64354168246a3ee3287c47891c50d450e47ed9d7f9?s=96&d=mm&r=g\",\"caption\":\"Jo\u00e3o Paulo Mesquita\"},\"url\":\"https:\/\/terrasdebasto.pt\/?author=7\"}]}<\/script>\n<!-- \/ Yoast SEO plugin. -->","yoast_head_json":{"title":"Mondim vai fazer com meias a \u00c1rvore de Natal - Jornal Terras de Basto","description":"O elemento principal da \u00c1rvore de Natal que Mondim de Basto vai instalar na pra\u00e7a central da vila v\u00e3o ser as meias, diz o Munic\u00edpio, que diz estar j\u00e1 \u00aba preparar a chegada\u00bb da quadra festiva, o que quer fazer \u00abcom toda a comunidade\u00bb.","robots":{"index":"index","follow":"follow","max-snippet":"max-snippet:-1","max-image-preview":"max-image-preview:large","max-video-preview":"max-video-preview:-1"},"canonical":"https:\/\/terrasdebasto.pt\/?p=4753","og_locale":"pt_PT","og_type":"article","og_title":"Mondim vai fazer com meias a \u00c1rvore de Natal - Jornal Terras de Basto","og_description":"O elemento principal da \u00c1rvore de Natal que Mondim de Basto vai instalar na pra\u00e7a central da vila v\u00e3o ser as meias, diz o Munic\u00edpio, que diz estar j\u00e1 \u00aba preparar a chegada\u00bb da quadra festiva, o que quer fazer \u00abcom toda a comunidade\u00bb.","og_url":"https:\/\/terrasdebasto.pt\/?p=4753","og_site_name":"Jornal Terras de Basto","article_published_time":"2025-11-03T19:33:24+00:00","article_modified_time":"2025-11-03T19:33:25+00:00","og_image":[{"width":2048,"height":2048,"url":"https:\/\/terrasdebasto.pt\/wp-content\/uploads\/2025\/11\/MEIAS-MONDIM.jpg","type":"image\/jpeg"}],"author":"Jo\u00e3o Paulo Mesquita","twitter_card":"summary_large_image","twitter_misc":{"Escrito por":"Jo\u00e3o Paulo Mesquita","Tempo estimado de leitura":"2 minutos"},"schema":{"@context":"https:\/\/schema.org","@graph":[{"@type":"Article","@id":"https:\/\/terrasdebasto.pt\/?p=4753#article","isPartOf":{"@id":"https:\/\/terrasdebasto.pt\/?p=4753"},"author":{"name":"Jo\u00e3o Paulo Mesquita","@id":"https:\/\/terrasdebasto.pt\/#\/schema\/person\/9f6739f5394ac65c802641773b278b84"},"headline":"Mondim vai fazer com meias a \u00c1rvore de Natal","datePublished":"2025-11-03T19:33:24+00:00","dateModified":"2025-11-03T19:33:25+00:00","mainEntityOfPage":{"@id":"https:\/\/terrasdebasto.pt\/?p=4753"},"wordCount":204,"commentCount":0,"publisher":{"@id":"https:\/\/terrasdebasto.pt\/#organization"},"image":{"@id":"https:\/\/terrasdebasto.pt\/?p=4753#primaryimage"},"thumbnailUrl":"https:\/\/terrasdebasto.pt\/wp-content\/uploads\/2025\/11\/MEIAS-MONDIM.jpg","keywords":["\u00c1rvore de natal","Meias de Natal","Mondim de Basto","Natal"],"articleSection":["Cultura","Mondim de Basto","Terras de Basto"],"inLanguage":"pt-PT","potentialAction":[{"@type":"CommentAction","name":"Comment","target":["https:\/\/terrasdebasto.pt\/?p=4753#respond"]}]},{"@type":"WebPage","@id":"https:\/\/terrasdebasto.pt\/?p=4753","url":"https:\/\/terrasdebasto.pt\/?p=4753","name":"Mondim vai fazer com meias a \u00c1rvore de Natal - Jornal Terras de Basto","isPartOf":{"@id":"https:\/\/terrasdebasto.pt\/#website"},"primaryImageOfPage":{"@id":"https:\/\/terrasdebasto.pt\/?p=4753#primaryimage"},"image":{"@id":"https:\/\/terrasdebasto.pt\/?p=4753#primaryimage"},"thumbnailUrl":"https:\/\/terrasdebasto.pt\/wp-content\/uploads\/2025\/11\/MEIAS-MONDIM.jpg","datePublished":"2025-11-03T19:33:24+00:00","dateModified":"2025-11-03T19:33:25+00:00","description":"O elemento principal da \u00c1rvore de Natal que Mondim de Basto vai instalar na pra\u00e7a central da vila v\u00e3o ser as meias, diz o Munic\u00edpio, que diz estar j\u00e1 \u00aba preparar a chegada\u00bb da quadra festiva, o que quer fazer \u00abcom toda a comunidade\u00bb.","breadcrumb":{"@id":"https:\/\/terrasdebasto.pt\/?p=4753#breadcrumb"},"inLanguage":"pt-PT","potentialAction":[{"@type":"ReadAction","target":["https:\/\/terrasdebasto.pt\/?p=4753"]}]},{"@type":"ImageObject","inLanguage":"pt-PT","@id":"https:\/\/terrasdebasto.pt\/?p=4753#primaryimage","url":"https:\/\/terrasdebasto.pt\/wp-content\/uploads\/2025\/11\/MEIAS-MONDIM.jpg","contentUrl":"https:\/\/terrasdebasto.pt\/wp-content\/uploads\/2025\/11\/MEIAS-MONDIM.jpg","width":2048,"height":2048},{"@type":"BreadcrumbList","@id":"https:\/\/terrasdebasto.pt\/?p=4753#breadcrumb","itemListElement":[{"@type":"ListItem","position":1,"name":"In\u00edcio","item":"https:\/\/terrasdebasto.pt\/"},{"@type":"ListItem","position":2,"name":"Mondim vai fazer com meias a \u00c1rvore de Natal"}]},{"@type":"WebSite","@id":"https:\/\/terrasdebasto.pt\/#website","url":"https:\/\/terrasdebasto.pt\/","name":"Jornal Terras de Basto","description":"","publisher":{"@id":"https:\/\/terrasdebasto.pt\/#organization"},"potentialAction":[{"@type":"SearchAction","target":{"@type":"EntryPoint","urlTemplate":"https:\/\/terrasdebasto.pt\/?s={search_term_string}"},"query-input":{"@type":"PropertyValueSpecification","valueRequired":true,"valueName":"search_term_string"}}],"inLanguage":"pt-PT"},{"@type":"Organization","@id":"https:\/\/terrasdebasto.pt\/#organization","name":"Jornal Terras de Basto","url":"https:\/\/terrasdebasto.pt\/","logo":{"@type":"ImageObject","inLanguage":"pt-PT","@id":"https:\/\/terrasdebasto.pt\/#\/schema\/logo\/image\/","url":"https:\/\/terrasdebasto.pt\/wp-content\/uploads\/2024\/06\/LogoNormal.png","contentUrl":"https:\/\/terrasdebasto.pt\/wp-content\/uploads\/2024\/06\/LogoNormal.png","width":5638,"height":809,"caption":"Jornal Terras de Basto"},"image":{"@id":"https:\/\/terrasdebasto.pt\/#\/schema\/logo\/image\/"}},{"@type":"Person","@id":"https:\/\/terrasdebasto.pt\/#\/schema\/person\/9f6739f5394ac65c802641773b278b84","name":"Jo\u00e3o Paulo Mesquita","image":{"@type":"ImageObject","inLanguage":"pt-PT","@id":"https:\/\/terrasdebasto.pt\/#\/schema\/person\/image\/","url":"https:\/\/secure.gravatar.com\/avatar\/9bd0f299e6d96336664aab64354168246a3ee3287c47891c50d450e47ed9d7f9?s=96&d=mm&r=g","contentUrl":"https:\/\/secure.gravatar.com\/avatar\/9bd0f299e6d96336664aab64354168246a3ee3287c47891c50d450e47ed9d7f9?s=96&d=mm&r=g","caption":"Jo\u00e3o Paulo Mesquita"},"url":"https:\/\/terrasdebasto.pt\/?author=7"}]}},"_links":{"self":[{"href":"https:\/\/terrasdebasto.pt\/index.php?rest_route=\/wp\/v2\/posts\/4753","targetHints":{"allow":["GET"]}}],"collection":[{"href":"https:\/\/terrasdebasto.pt\/index.php?rest_route=\/wp\/v2\/posts"}],"about":[{"href":"https:\/\/terrasdebasto.pt\/index.php?rest_route=\/wp\/v2\/types\/post"}],"author":[{"embeddable":true,"href":"https:\/\/terrasdebasto.pt\/index.php?rest_route=\/wp\/v2\/users\/7"}],"replies":[{"embeddable":true,"href":"https:\/\/terrasdebasto.pt\/index.php?rest_route=%2Fwp%2Fv2%2Fcomments&post=4753"}],"version-history":[{"count":1,"href":"https:\/\/terrasdebasto.pt\/index.php?rest_route=\/wp\/v2\/posts\/4753\/revisions"}],"predecessor-version":[{"id":4755,"href":"https:\/\/terrasdebasto.pt\/index.php?rest_route=\/wp\/v2\/posts\/4753\/revisions\/4755"}],"wp:featuredmedia":[{"embeddable":true,"href":"https:\/\/terrasdebasto.pt\/index.php?rest_route=\/wp\/v2\/media\/4754"}],"wp:attachment":[{"href":"https:\/\/terrasdebasto.pt\/index.php?rest_route=%2Fwp%2Fv2%2Fmedia&parent=4753"}],"wp:term":[{"taxonomy":"category","embeddable":true,"href":"https:\/\/terrasdebasto.pt\/index.php?rest_route=%2Fwp%2Fv2%2Fcategories&post=4753"},{"taxonomy":"post_tag","embeddable":true,"href":"https:\/\/terrasdebasto.pt\/index.php?rest_route=%2Fwp%2Fv2%2Ftags&post=4753"}],"curies":[{"name":"wp","href":"https:\/\/api.w.org\/{rel}","templated":true}]}}