{"id":4750,"date":"2025-11-03T19:11:34","date_gmt":"2025-11-03T19:11:34","guid":{"rendered":"https:\/\/terrasdebasto.pt\/?p=4750"},"modified":"2025-11-03T19:11:34","modified_gmt":"2025-11-03T19:11:34","slug":"celorico-antonio-machado-honrado-por-servir-o-municipio","status":"publish","type":"post","link":"https:\/\/terrasdebasto.pt\/?p=4750","title":{"rendered":"Celorico: Ant\u00f3nio Machado honrado por servir o Munic\u00edpio"},"content":{"rendered":"\n<p><\/p>\n\n\n\n<p><strong>Ant\u00f3nio Machado, o socialista que deixou agora a presid\u00eancia da Assembleia Municipal de Celorico de Basto, diz que \u00abfoi uma honra servir esta institui\u00e7\u00e3o\u00bb e que, com os demais dirigentes aut\u00e1rquicos locais, foi poss\u00edvel deixar \u00abum contributo s\u00f3lido\u00bb, designadamente \u00abno refor\u00e7o da transpar\u00eancia, no rigor e na dignidade do trabalho\u00bb deste plen\u00e1rio, o que \u00ab\u00e9 motivo de orgulho para todos\u00bb.<\/strong><\/p>\n\n\n\n<p>Em breve interven\u00e7\u00e3o na sess\u00e3o de instala\u00e7\u00e3o dos \u00f3rg\u00e3os aut\u00e1rquicos \u2013 a que presidiu \u2013 o autarca, que n\u00e3o se recandidatou ao cargo, assumiu a passagem de testemunho \u00abcom tranquilidade e confian\u00e7a\u00bb, desejando sucesso ao sucessor, o social-democrata Jos\u00e9 Carvalho da Silva,<\/p>\n\n\n\n<p>\u00abO novo executivo, agora eleito, tem pela frente grandes desafios e tamb\u00e9m grandes oportunidades; quero deixar uma palavra de parab\u00e9ns a todos os eleitos, desejando-vos um mandato pleno de sucesso, di\u00e1logo e esp\u00edrito de miss\u00e3o; o vosso sucesso ser\u00e1, certamente, o sucesso da nossa comunidade\u00bb, disse.<\/p>\n\n\n\n<p>Ant\u00f3nio Machado \u2013 que fica agora como reserva entre os mais destacados dirigentes do Partido Socialista em Celorico de Basto \u2013 explicou ent\u00e3o que a decis\u00e3o de n\u00e3o se recandidatar foi \u00abuma decis\u00e3o ponderada, tomada com serenidade\u00bb, porque acredita que \u00aba renova\u00e7\u00e3o faz parte da vitalidade das institui\u00e7\u00f5es\u00bb. \u00abSaio com o sentimento de dever cumprido e com a certeza de que esta Assembleia continuar\u00e1 em boas m\u00e3os\u00bb, reafirmou.<\/p>\n\n\n\n<p>Recorde-se que a coliga\u00e7\u00e3o \u201cJuntos por Celorico\u201d \u2013 liderada pelo PS, com o partido \u201cN\u00f3s, Cidad\u00e3os!\u201d \u2013 apresentou como cabe\u00e7a-de-lista \u00e0 Assembleia Municipal o ex-vereador Carlos Peixoto, que anunciou j\u00e1 a sua ren\u00fancia ao lugar de membro do plen\u00e1rio.<\/p>\n\n\n\n<p>Ant\u00f3nio Machado agradeceu, entretanto, \u00aba todos os membros da Assembleia\u00bb que consigo \u00abpartilharam trabalho, decis\u00f5es dif\u00edceis e, sobretudo, a vontade de servir\u00bb; ao executivo cessante, \u00abpela coopera\u00e7\u00e3o institucional e pelo di\u00e1logo construtivo\u00bb que mantiveram, \u00abmesmo nas diferen\u00e7as\u00bb; aos colaboradores e t\u00e9cnicos, que, \u00abmuitas vezes de forma discreta, garantem o bom funcionamento\u00bb deste \u00f3rg\u00e3o municipal.<\/p>\n\n\n\n<p>\u00abLevo comigo muitas mem\u00f3rias, muito aprendizado e, acima de tudo, a gratid\u00e3o de ter podido contribuir para o fortalecimento da democracia e da participa\u00e7\u00e3o c\u00edvica. Termino como comecei, com uma palavra simples, mas sincera: obrigado. Obrigado pela confian\u00e7a, pelo companheirismo e pelo respeito que sempre me demonstraram. Desejo a todos muito \u00eaxito nesta nova etapa. E, como cidad\u00e3o, continuarei dispon\u00edvel, atento e comprometido com o futuro da nossa comunidade\u00bb, concluiu.<\/p>\n","protected":false},"excerpt":{"rendered":"<p>Ant\u00f3nio Machado, o socialista que deixou agora a presid\u00eancia da Assembleia Municipal de Celorico de Basto, diz que \u00abfoi uma honra servir esta institui\u00e7\u00e3o\u00bb e que, com os demais dirigentes aut\u00e1rquicos locais, foi poss\u00edvel deixar \u00abum contributo s\u00f3lido\u00bb, designadamente \u00abno refor\u00e7o da transpar\u00eancia, no rigor e na dignidade do trabalho\u00bb deste plen\u00e1rio, o que \u00ab\u00e9 [&hellip;]<\/p>\n","protected":false},"author":7,"featured_media":4751,"comment_status":"open","ping_status":"open","sticky":false,"template":"","format":"standard","meta":{"footnotes":""},"categories":[13,9],"tags":[1080,1079,40],"class_list":{"0":"post-4750","1":"post","2":"type-post","3":"status-publish","4":"format-standard","5":"has-post-thumbnail","7":"category-celorico-de-basto","8":"category-terras-de-basto","9":"tag-antonio-machado","10":"tag-assembleia-municipal-de-celorico-de-basto","11":"tag-celorico-de-basto"},"yoast_head":"<!-- This site is optimized with the Yoast SEO plugin v25.7 - https:\/\/yoast.com\/wordpress\/plugins\/seo\/ -->\n<title>Celorico: Ant\u00f3nio Machado honrado por servir o Munic\u00edpio - Jornal Terras de Basto<\/title>\n<meta name=\"description\" content=\"Ant\u00f3nio Machado, o socialista que deixou agora a presid\u00eancia da Assembleia Municipal de Celorico de Basto, diz que \u00abfoi uma honra servir esta institui\u00e7\u00e3o\u00bb e que, com os demais dirigentes aut\u00e1rquicos locais, foi poss\u00edvel deixar \u00abum contributo s\u00f3lido\u00bb, designadamente \u00abno refor\u00e7o da transpar\u00eancia, no rigor e na dignidade do trabalho\u00bb deste plen\u00e1rio, o que \u00ab\u00e9 motivo de orgulho para todos\u00bb.\" \/>\n<meta name=\"robots\" content=\"index, follow, max-snippet:-1, max-image-preview:large, max-video-preview:-1\" \/>\n<link rel=\"canonical\" href=\"https:\/\/terrasdebasto.pt\/?p=4750\" \/>\n<meta property=\"og:locale\" content=\"pt_PT\" \/>\n<meta property=\"og:type\" content=\"article\" \/>\n<meta property=\"og:title\" content=\"Celorico: Ant\u00f3nio Machado honrado por servir o Munic\u00edpio - Jornal Terras de Basto\" \/>\n<meta property=\"og:description\" content=\"Ant\u00f3nio Machado, o socialista que deixou agora a presid\u00eancia da Assembleia Municipal de Celorico de Basto, diz que \u00abfoi uma honra servir esta institui\u00e7\u00e3o\u00bb e que, com os demais dirigentes aut\u00e1rquicos locais, foi poss\u00edvel deixar \u00abum contributo s\u00f3lido\u00bb, designadamente \u00abno refor\u00e7o da transpar\u00eancia, no rigor e na dignidade do trabalho\u00bb deste plen\u00e1rio, o que \u00ab\u00e9 motivo de orgulho para todos\u00bb.\" \/>\n<meta property=\"og:url\" content=\"https:\/\/terrasdebasto.pt\/?p=4750\" \/>\n<meta property=\"og:site_name\" content=\"Jornal Terras de Basto\" \/>\n<meta property=\"article:published_time\" content=\"2025-11-03T19:11:34+00:00\" \/>\n<meta property=\"og:image\" content=\"https:\/\/terrasdebasto.pt\/wp-content\/uploads\/2025\/11\/ANTONIO-MACHADO.jpg\" \/>\n\t<meta property=\"og:image:width\" content=\"2435\" \/>\n\t<meta property=\"og:image:height\" content=\"1794\" \/>\n\t<meta property=\"og:image:type\" content=\"image\/jpeg\" \/>\n<meta name=\"author\" content=\"Jo\u00e3o Paulo Mesquita\" \/>\n<meta name=\"twitter:card\" content=\"summary_large_image\" \/>\n<meta name=\"twitter:label1\" content=\"Escrito por\" \/>\n\t<meta name=\"twitter:data1\" content=\"Jo\u00e3o Paulo Mesquita\" \/>\n\t<meta name=\"twitter:label2\" content=\"Tempo estimado de leitura\" \/>\n\t<meta name=\"twitter:data2\" content=\"3 minutos\" \/>\n<script type=\"application\/ld+json\" class=\"yoast-schema-graph\">{\"@context\":\"https:\/\/schema.org\",\"@graph\":[{\"@type\":\"Article\",\"@id\":\"https:\/\/terrasdebasto.pt\/?p=4750#article\",\"isPartOf\":{\"@id\":\"https:\/\/terrasdebasto.pt\/?p=4750\"},\"author\":{\"name\":\"Jo\u00e3o Paulo Mesquita\",\"@id\":\"https:\/\/terrasdebasto.pt\/#\/schema\/person\/9f6739f5394ac65c802641773b278b84\"},\"headline\":\"Celorico: Ant\u00f3nio Machado honrado por servir o Munic\u00edpio\",\"datePublished\":\"2025-11-03T19:11:34+00:00\",\"mainEntityOfPage\":{\"@id\":\"https:\/\/terrasdebasto.pt\/?p=4750\"},\"wordCount\":431,\"commentCount\":0,\"publisher\":{\"@id\":\"https:\/\/terrasdebasto.pt\/#organization\"},\"image\":{\"@id\":\"https:\/\/terrasdebasto.pt\/?p=4750#primaryimage\"},\"thumbnailUrl\":\"https:\/\/terrasdebasto.pt\/wp-content\/uploads\/2025\/11\/ANTONIO-MACHADO.jpg\",\"keywords\":[\"Ant\u00f3nio Machado\",\"Assembleia Municipal de Celorico de Basto\",\"Celorico de Basto\"],\"articleSection\":[\"Celorico de Basto\",\"Terras de Basto\"],\"inLanguage\":\"pt-PT\",\"potentialAction\":[{\"@type\":\"CommentAction\",\"name\":\"Comment\",\"target\":[\"https:\/\/terrasdebasto.pt\/?p=4750#respond\"]}]},{\"@type\":\"WebPage\",\"@id\":\"https:\/\/terrasdebasto.pt\/?p=4750\",\"url\":\"https:\/\/terrasdebasto.pt\/?p=4750\",\"name\":\"Celorico: Ant\u00f3nio Machado honrado por servir o Munic\u00edpio - Jornal Terras de Basto\",\"isPartOf\":{\"@id\":\"https:\/\/terrasdebasto.pt\/#website\"},\"primaryImageOfPage\":{\"@id\":\"https:\/\/terrasdebasto.pt\/?p=4750#primaryimage\"},\"image\":{\"@id\":\"https:\/\/terrasdebasto.pt\/?p=4750#primaryimage\"},\"thumbnailUrl\":\"https:\/\/terrasdebasto.pt\/wp-content\/uploads\/2025\/11\/ANTONIO-MACHADO.jpg\",\"datePublished\":\"2025-11-03T19:11:34+00:00\",\"description\":\"Ant\u00f3nio Machado, o socialista que deixou agora a presid\u00eancia da Assembleia Municipal de Celorico de Basto, diz que \u00abfoi uma honra servir esta institui\u00e7\u00e3o\u00bb e que, com os demais dirigentes aut\u00e1rquicos locais, foi poss\u00edvel deixar \u00abum contributo s\u00f3lido\u00bb, designadamente \u00abno refor\u00e7o da transpar\u00eancia, no rigor e na dignidade do trabalho\u00bb deste plen\u00e1rio, o que \u00ab\u00e9 motivo de orgulho para todos\u00bb.\",\"breadcrumb\":{\"@id\":\"https:\/\/terrasdebasto.pt\/?p=4750#breadcrumb\"},\"inLanguage\":\"pt-PT\",\"potentialAction\":[{\"@type\":\"ReadAction\",\"target\":[\"https:\/\/terrasdebasto.pt\/?p=4750\"]}]},{\"@type\":\"ImageObject\",\"inLanguage\":\"pt-PT\",\"@id\":\"https:\/\/terrasdebasto.pt\/?p=4750#primaryimage\",\"url\":\"https:\/\/terrasdebasto.pt\/wp-content\/uploads\/2025\/11\/ANTONIO-MACHADO.jpg\",\"contentUrl\":\"https:\/\/terrasdebasto.pt\/wp-content\/uploads\/2025\/11\/ANTONIO-MACHADO.jpg\",\"width\":2435,\"height\":1794},{\"@type\":\"BreadcrumbList\",\"@id\":\"https:\/\/terrasdebasto.pt\/?p=4750#breadcrumb\",\"itemListElement\":[{\"@type\":\"ListItem\",\"position\":1,\"name\":\"In\u00edcio\",\"item\":\"https:\/\/terrasdebasto.pt\/\"},{\"@type\":\"ListItem\",\"position\":2,\"name\":\"Celorico: Ant\u00f3nio Machado honrado por servir o Munic\u00edpio\"}]},{\"@type\":\"WebSite\",\"@id\":\"https:\/\/terrasdebasto.pt\/#website\",\"url\":\"https:\/\/terrasdebasto.pt\/\",\"name\":\"Jornal Terras de Basto\",\"description\":\"\",\"publisher\":{\"@id\":\"https:\/\/terrasdebasto.pt\/#organization\"},\"potentialAction\":[{\"@type\":\"SearchAction\",\"target\":{\"@type\":\"EntryPoint\",\"urlTemplate\":\"https:\/\/terrasdebasto.pt\/?s={search_term_string}\"},\"query-input\":{\"@type\":\"PropertyValueSpecification\",\"valueRequired\":true,\"valueName\":\"search_term_string\"}}],\"inLanguage\":\"pt-PT\"},{\"@type\":\"Organization\",\"@id\":\"https:\/\/terrasdebasto.pt\/#organization\",\"name\":\"Jornal Terras de Basto\",\"url\":\"https:\/\/terrasdebasto.pt\/\",\"logo\":{\"@type\":\"ImageObject\",\"inLanguage\":\"pt-PT\",\"@id\":\"https:\/\/terrasdebasto.pt\/#\/schema\/logo\/image\/\",\"url\":\"https:\/\/terrasdebasto.pt\/wp-content\/uploads\/2024\/06\/LogoNormal.png\",\"contentUrl\":\"https:\/\/terrasdebasto.pt\/wp-content\/uploads\/2024\/06\/LogoNormal.png\",\"width\":5638,\"height\":809,\"caption\":\"Jornal Terras de Basto\"},\"image\":{\"@id\":\"https:\/\/terrasdebasto.pt\/#\/schema\/logo\/image\/\"}},{\"@type\":\"Person\",\"@id\":\"https:\/\/terrasdebasto.pt\/#\/schema\/person\/9f6739f5394ac65c802641773b278b84\",\"name\":\"Jo\u00e3o Paulo Mesquita\",\"image\":{\"@type\":\"ImageObject\",\"inLanguage\":\"pt-PT\",\"@id\":\"https:\/\/terrasdebasto.pt\/#\/schema\/person\/image\/\",\"url\":\"https:\/\/secure.gravatar.com\/avatar\/9bd0f299e6d96336664aab64354168246a3ee3287c47891c50d450e47ed9d7f9?s=96&d=mm&r=g\",\"contentUrl\":\"https:\/\/secure.gravatar.com\/avatar\/9bd0f299e6d96336664aab64354168246a3ee3287c47891c50d450e47ed9d7f9?s=96&d=mm&r=g\",\"caption\":\"Jo\u00e3o Paulo Mesquita\"},\"url\":\"https:\/\/terrasdebasto.pt\/?author=7\"}]}<\/script>\n<!-- \/ Yoast SEO plugin. -->","yoast_head_json":{"title":"Celorico: Ant\u00f3nio Machado honrado por servir o Munic\u00edpio - Jornal Terras de Basto","description":"Ant\u00f3nio Machado, o socialista que deixou agora a presid\u00eancia da Assembleia Municipal de Celorico de Basto, diz que \u00abfoi uma honra servir esta institui\u00e7\u00e3o\u00bb e que, com os demais dirigentes aut\u00e1rquicos locais, foi poss\u00edvel deixar \u00abum contributo s\u00f3lido\u00bb, designadamente \u00abno refor\u00e7o da transpar\u00eancia, no rigor e na dignidade do trabalho\u00bb deste plen\u00e1rio, o que \u00ab\u00e9 motivo de orgulho para todos\u00bb.","robots":{"index":"index","follow":"follow","max-snippet":"max-snippet:-1","max-image-preview":"max-image-preview:large","max-video-preview":"max-video-preview:-1"},"canonical":"https:\/\/terrasdebasto.pt\/?p=4750","og_locale":"pt_PT","og_type":"article","og_title":"Celorico: Ant\u00f3nio Machado honrado por servir o Munic\u00edpio - Jornal Terras de Basto","og_description":"Ant\u00f3nio Machado, o socialista que deixou agora a presid\u00eancia da Assembleia Municipal de Celorico de Basto, diz que \u00abfoi uma honra servir esta institui\u00e7\u00e3o\u00bb e que, com os demais dirigentes aut\u00e1rquicos locais, foi poss\u00edvel deixar \u00abum contributo s\u00f3lido\u00bb, designadamente \u00abno refor\u00e7o da transpar\u00eancia, no rigor e na dignidade do trabalho\u00bb deste plen\u00e1rio, o que \u00ab\u00e9 motivo de orgulho para todos\u00bb.","og_url":"https:\/\/terrasdebasto.pt\/?p=4750","og_site_name":"Jornal Terras de Basto","article_published_time":"2025-11-03T19:11:34+00:00","og_image":[{"width":2435,"height":1794,"url":"https:\/\/terrasdebasto.pt\/wp-content\/uploads\/2025\/11\/ANTONIO-MACHADO.jpg","type":"image\/jpeg"}],"author":"Jo\u00e3o Paulo Mesquita","twitter_card":"summary_large_image","twitter_misc":{"Escrito por":"Jo\u00e3o Paulo Mesquita","Tempo estimado de leitura":"3 minutos"},"schema":{"@context":"https:\/\/schema.org","@graph":[{"@type":"Article","@id":"https:\/\/terrasdebasto.pt\/?p=4750#article","isPartOf":{"@id":"https:\/\/terrasdebasto.pt\/?p=4750"},"author":{"name":"Jo\u00e3o Paulo Mesquita","@id":"https:\/\/terrasdebasto.pt\/#\/schema\/person\/9f6739f5394ac65c802641773b278b84"},"headline":"Celorico: Ant\u00f3nio Machado honrado por servir o Munic\u00edpio","datePublished":"2025-11-03T19:11:34+00:00","mainEntityOfPage":{"@id":"https:\/\/terrasdebasto.pt\/?p=4750"},"wordCount":431,"commentCount":0,"publisher":{"@id":"https:\/\/terrasdebasto.pt\/#organization"},"image":{"@id":"https:\/\/terrasdebasto.pt\/?p=4750#primaryimage"},"thumbnailUrl":"https:\/\/terrasdebasto.pt\/wp-content\/uploads\/2025\/11\/ANTONIO-MACHADO.jpg","keywords":["Ant\u00f3nio Machado","Assembleia Municipal de Celorico de Basto","Celorico de Basto"],"articleSection":["Celorico de Basto","Terras de Basto"],"inLanguage":"pt-PT","potentialAction":[{"@type":"CommentAction","name":"Comment","target":["https:\/\/terrasdebasto.pt\/?p=4750#respond"]}]},{"@type":"WebPage","@id":"https:\/\/terrasdebasto.pt\/?p=4750","url":"https:\/\/terrasdebasto.pt\/?p=4750","name":"Celorico: Ant\u00f3nio Machado honrado por servir o Munic\u00edpio - Jornal Terras de Basto","isPartOf":{"@id":"https:\/\/terrasdebasto.pt\/#website"},"primaryImageOfPage":{"@id":"https:\/\/terrasdebasto.pt\/?p=4750#primaryimage"},"image":{"@id":"https:\/\/terrasdebasto.pt\/?p=4750#primaryimage"},"thumbnailUrl":"https:\/\/terrasdebasto.pt\/wp-content\/uploads\/2025\/11\/ANTONIO-MACHADO.jpg","datePublished":"2025-11-03T19:11:34+00:00","description":"Ant\u00f3nio Machado, o socialista que deixou agora a presid\u00eancia da Assembleia Municipal de Celorico de Basto, diz que \u00abfoi uma honra servir esta institui\u00e7\u00e3o\u00bb e que, com os demais dirigentes aut\u00e1rquicos locais, foi poss\u00edvel deixar \u00abum contributo s\u00f3lido\u00bb, designadamente \u00abno refor\u00e7o da transpar\u00eancia, no rigor e na dignidade do trabalho\u00bb deste plen\u00e1rio, o que \u00ab\u00e9 motivo de orgulho para todos\u00bb.","breadcrumb":{"@id":"https:\/\/terrasdebasto.pt\/?p=4750#breadcrumb"},"inLanguage":"pt-PT","potentialAction":[{"@type":"ReadAction","target":["https:\/\/terrasdebasto.pt\/?p=4750"]}]},{"@type":"ImageObject","inLanguage":"pt-PT","@id":"https:\/\/terrasdebasto.pt\/?p=4750#primaryimage","url":"https:\/\/terrasdebasto.pt\/wp-content\/uploads\/2025\/11\/ANTONIO-MACHADO.jpg","contentUrl":"https:\/\/terrasdebasto.pt\/wp-content\/uploads\/2025\/11\/ANTONIO-MACHADO.jpg","width":2435,"height":1794},{"@type":"BreadcrumbList","@id":"https:\/\/terrasdebasto.pt\/?p=4750#breadcrumb","itemListElement":[{"@type":"ListItem","position":1,"name":"In\u00edcio","item":"https:\/\/terrasdebasto.pt\/"},{"@type":"ListItem","position":2,"name":"Celorico: Ant\u00f3nio Machado honrado por servir o Munic\u00edpio"}]},{"@type":"WebSite","@id":"https:\/\/terrasdebasto.pt\/#website","url":"https:\/\/terrasdebasto.pt\/","name":"Jornal Terras de Basto","description":"","publisher":{"@id":"https:\/\/terrasdebasto.pt\/#organization"},"potentialAction":[{"@type":"SearchAction","target":{"@type":"EntryPoint","urlTemplate":"https:\/\/terrasdebasto.pt\/?s={search_term_string}"},"query-input":{"@type":"PropertyValueSpecification","valueRequired":true,"valueName":"search_term_string"}}],"inLanguage":"pt-PT"},{"@type":"Organization","@id":"https:\/\/terrasdebasto.pt\/#organization","name":"Jornal Terras de Basto","url":"https:\/\/terrasdebasto.pt\/","logo":{"@type":"ImageObject","inLanguage":"pt-PT","@id":"https:\/\/terrasdebasto.pt\/#\/schema\/logo\/image\/","url":"https:\/\/terrasdebasto.pt\/wp-content\/uploads\/2024\/06\/LogoNormal.png","contentUrl":"https:\/\/terrasdebasto.pt\/wp-content\/uploads\/2024\/06\/LogoNormal.png","width":5638,"height":809,"caption":"Jornal Terras de Basto"},"image":{"@id":"https:\/\/terrasdebasto.pt\/#\/schema\/logo\/image\/"}},{"@type":"Person","@id":"https:\/\/terrasdebasto.pt\/#\/schema\/person\/9f6739f5394ac65c802641773b278b84","name":"Jo\u00e3o Paulo Mesquita","image":{"@type":"ImageObject","inLanguage":"pt-PT","@id":"https:\/\/terrasdebasto.pt\/#\/schema\/person\/image\/","url":"https:\/\/secure.gravatar.com\/avatar\/9bd0f299e6d96336664aab64354168246a3ee3287c47891c50d450e47ed9d7f9?s=96&d=mm&r=g","contentUrl":"https:\/\/secure.gravatar.com\/avatar\/9bd0f299e6d96336664aab64354168246a3ee3287c47891c50d450e47ed9d7f9?s=96&d=mm&r=g","caption":"Jo\u00e3o Paulo Mesquita"},"url":"https:\/\/terrasdebasto.pt\/?author=7"}]}},"_links":{"self":[{"href":"https:\/\/terrasdebasto.pt\/index.php?rest_route=\/wp\/v2\/posts\/4750","targetHints":{"allow":["GET"]}}],"collection":[{"href":"https:\/\/terrasdebasto.pt\/index.php?rest_route=\/wp\/v2\/posts"}],"about":[{"href":"https:\/\/terrasdebasto.pt\/index.php?rest_route=\/wp\/v2\/types\/post"}],"author":[{"embeddable":true,"href":"https:\/\/terrasdebasto.pt\/index.php?rest_route=\/wp\/v2\/users\/7"}],"replies":[{"embeddable":true,"href":"https:\/\/terrasdebasto.pt\/index.php?rest_route=%2Fwp%2Fv2%2Fcomments&post=4750"}],"version-history":[{"count":1,"href":"https:\/\/terrasdebasto.pt\/index.php?rest_route=\/wp\/v2\/posts\/4750\/revisions"}],"predecessor-version":[{"id":4752,"href":"https:\/\/terrasdebasto.pt\/index.php?rest_route=\/wp\/v2\/posts\/4750\/revisions\/4752"}],"wp:featuredmedia":[{"embeddable":true,"href":"https:\/\/terrasdebasto.pt\/index.php?rest_route=\/wp\/v2\/media\/4751"}],"wp:attachment":[{"href":"https:\/\/terrasdebasto.pt\/index.php?rest_route=%2Fwp%2Fv2%2Fmedia&parent=4750"}],"wp:term":[{"taxonomy":"category","embeddable":true,"href":"https:\/\/terrasdebasto.pt\/index.php?rest_route=%2Fwp%2Fv2%2Fcategories&post=4750"},{"taxonomy":"post_tag","embeddable":true,"href":"https:\/\/terrasdebasto.pt\/index.php?rest_route=%2Fwp%2Fv2%2Ftags&post=4750"}],"curies":[{"name":"wp","href":"https:\/\/api.w.org\/{rel}","templated":true}]}}