{"id":4746,"date":"2025-11-03T17:51:57","date_gmt":"2025-11-03T17:51:57","guid":{"rendered":"https:\/\/terrasdebasto.pt\/?p=4746"},"modified":"2025-11-03T17:53:15","modified_gmt":"2025-11-03T17:53:15","slug":"cim-do-ave-lanca-nova-newsletter","status":"publish","type":"post","link":"https:\/\/terrasdebasto.pt\/?p=4746","title":{"rendered":"CIM do Ave lan\u00e7a nova \u201cnewsletter\u201d"},"content":{"rendered":"\n<p><\/p>\n\n\n\n<p><strong>A Comunidade Intermunicipal do Ave (CIM do Ave) \u2013 em que se integram os munic\u00edpios de Cabeceiras de Basto e de Mondim de Basto \u2013 anunciou esta segunda-feira (3) o lan\u00e7amento de nova \u201cnewsletter\u201d institucional. A publica\u00e7\u00e3o digital, com periodicidade trimestral, tem como objetivo principal \u00abinformar de forma clara e regular todos os cidad\u00e3os sobre as atividades desenvolvidas, planeadas ou em implementa\u00e7\u00e3o pela institui\u00e7\u00e3o, refor\u00e7ando assim os princ\u00edpios da boa governan\u00e7a, da transpar\u00eancia e da presta\u00e7\u00e3o de contas\u00bb.<\/strong><\/p>\n\n\n\n<p>Marta Coutada, do secretariado-executivo da CIM do Ave e diretora por iner\u00eancia da publica\u00e7\u00e3o, justifica o lan\u00e7amento da nova ferramenta como \u00abum passo fundamental\u00bb na estrat\u00e9gia de comunica\u00e7\u00e3o da institui\u00e7\u00e3o, alicer\u00e7ada na \u00abtotal transpar\u00eancia e no desejo de criar uma maior proximidade com os cidad\u00e3os\u00bb. \u00abQueremos que todos conhe\u00e7am o trabalho que \u00e9 desenvolvido em seu benef\u00edcio e que se sintam parte ativa no desenvolvimento coeso e sustent\u00e1vel da regi\u00e3o\u00bb, diz.<\/p>\n\n\n\n<p>O primeiro n\u00famero \u2013 que faz capa com uma imagem da Senhora da Gra\u00e7a, em Mondim de Basto \u2013 \u00e9 mono-tem\u00e1tico, constituindo um balan\u00e7o do trabalho realizado pelas diferentes unidades da CIM do Ave ao longo do mandato que decorreu de 2021 a outubro de 2025. \u00abAtrav\u00e9s de artigos que detalham projetos, investimentos e resultados, a publica\u00e7\u00e3o oferece uma vis\u00e3o abrangente e transparente da a\u00e7\u00e3o da CIM do Ave no territ\u00f3rio durante aquele per\u00edodo\u00bb, adianta.<\/p>\n\n\n\n<p>Al\u00e9m da presta\u00e7\u00e3o de contas da atividade institucional, a \u201cnewsletter\u201d \u2013 que tem projeto gr\u00e1fico de Elmano Mada\u00edl, da \u201cBOC- Bons Of\u00edcios Consultores\u201d \u2013 pretende ser tamb\u00e9m uma montra do territ\u00f3rio, dando visibilidade \u00e0s pessoas, aos lugares e ao riqu\u00edssimo patrim\u00f3nio cultural e natural dos oito munic\u00edpios que constituem a comunidade. Os conte\u00fados ser\u00e3o produzidos internamente, frequentemente pelos pr\u00f3prios coordenadores de cada unidade, garantindo autenticidade e proximidade t\u00e9cnica.<\/p>\n\n\n\n<p>A publica\u00e7\u00e3o \u2013 que surge j\u00e1 desatualizada nalguns dos seus conte\u00fados, por for\u00e7a das recentes elei\u00e7\u00f5es aut\u00e1rquicas \u2013 ser\u00e1 distribu\u00edda exclusivamente em suporte digital, via correio eletr\u00f3nico, uma op\u00e7\u00e3o que alia a efic\u00e1cia ao alcance imediato \u00e0 responsabilidade ambiental, evitando desperd\u00edcios de papel\u00bb. Para receber, os interessados podem inscrever-se atrav\u00e9s do s\u00edtio oficial em www.cim-ave.pt.<\/p>\n\n\n\n<p>A Comunidade Intermunicipal do Ave \u00e9 uma associa\u00e7\u00e3o de munic\u00edpios de fins m\u00faltiplos, criada em 2009 para promover a gest\u00e3o de projetos intermunicipais no territ\u00f3rio do Ave, cuja \u00e1rea geogr\u00e1fica corresponde \u00e0 NUTS III do Ave e que integra os munic\u00edpios de Cabeceiras de Basto, Mondim de Basto, Fafe, Guimar\u00e3es, P\u00f3voa de Lanhoso, Vieira do Minho, Vila Nova de Famalic\u00e3o e Vizela.<\/p>\n","protected":false},"excerpt":{"rendered":"<p>A Comunidade Intermunicipal do Ave (CIM do Ave) \u2013 em que se integram os munic\u00edpios de Cabeceiras de Basto e de Mondim de Basto \u2013 anunciou esta segunda-feira (3) o lan\u00e7amento de nova \u201cnewsletter\u201d institucional. A publica\u00e7\u00e3o digital, com periodicidade trimestral, tem como objetivo principal \u00abinformar de forma clara e regular todos os cidad\u00e3os sobre [&hellip;]<\/p>\n","protected":false},"author":7,"featured_media":4748,"comment_status":"open","ping_status":"open","sticky":false,"template":"","format":"standard","meta":{"footnotes":""},"categories":[12,7,16,9],"tags":[247,1077,1078],"class_list":{"0":"post-4746","1":"post","2":"type-post","3":"status-publish","4":"format-standard","5":"has-post-thumbnail","7":"category-cabeceiras-de-basto","8":"category-cultura","9":"category-mondim-de-basto","10":"category-terras-de-basto","11":"tag-cim-do-ave","12":"tag-comunidade-intermunicipal-do-ave","13":"tag-newsletter"},"yoast_head":"<!-- This site is optimized with the Yoast SEO plugin v25.7 - https:\/\/yoast.com\/wordpress\/plugins\/seo\/ -->\n<title>CIM do Ave lan\u00e7a nova \u201cnewsletter\u201d - Jornal Terras de Basto<\/title>\n<meta name=\"description\" content=\"A Comunidade Intermunicipal do Ave (CIM do Ave) \u2013 em que se integram os munic\u00edpios de Cabeceiras de Basto e de Mondim de Basto \u2013 anunciou esta segunda-feira (3) o lan\u00e7amento de nova \u201cnewsletter\u201d institucional. A publica\u00e7\u00e3o digital, com periodicidade trimestral, tem como objetivo principal \u00abinformar de forma clara e regular todos os cidad\u00e3os sobre as atividades desenvolvidas, planeadas ou em implementa\u00e7\u00e3o pela institui\u00e7\u00e3o, refor\u00e7ando assim os princ\u00edpios da boa governan\u00e7a, da transpar\u00eancia e da presta\u00e7\u00e3o de contas\u00bb.\" \/>\n<meta name=\"robots\" content=\"index, follow, max-snippet:-1, max-image-preview:large, max-video-preview:-1\" \/>\n<link rel=\"canonical\" href=\"https:\/\/terrasdebasto.pt\/?p=4746\" \/>\n<meta property=\"og:locale\" content=\"pt_PT\" \/>\n<meta property=\"og:type\" content=\"article\" \/>\n<meta property=\"og:title\" content=\"CIM do Ave lan\u00e7a nova \u201cnewsletter\u201d - Jornal Terras de Basto\" \/>\n<meta property=\"og:description\" content=\"A Comunidade Intermunicipal do Ave (CIM do Ave) \u2013 em que se integram os munic\u00edpios de Cabeceiras de Basto e de Mondim de Basto \u2013 anunciou esta segunda-feira (3) o lan\u00e7amento de nova \u201cnewsletter\u201d institucional. A publica\u00e7\u00e3o digital, com periodicidade trimestral, tem como objetivo principal \u00abinformar de forma clara e regular todos os cidad\u00e3os sobre as atividades desenvolvidas, planeadas ou em implementa\u00e7\u00e3o pela institui\u00e7\u00e3o, refor\u00e7ando assim os princ\u00edpios da boa governan\u00e7a, da transpar\u00eancia e da presta\u00e7\u00e3o de contas\u00bb.\" \/>\n<meta property=\"og:url\" content=\"https:\/\/terrasdebasto.pt\/?p=4746\" \/>\n<meta property=\"og:site_name\" content=\"Jornal Terras de Basto\" \/>\n<meta property=\"article:published_time\" content=\"2025-11-03T17:51:57+00:00\" \/>\n<meta property=\"article:modified_time\" content=\"2025-11-03T17:53:15+00:00\" \/>\n<meta property=\"og:image\" content=\"https:\/\/terrasdebasto.pt\/wp-content\/uploads\/2025\/11\/CIM-DO-AVE-NEWSLETTER.jpg\" \/>\n\t<meta property=\"og:image:width\" content=\"1276\" \/>\n\t<meta property=\"og:image:height\" content=\"1612\" \/>\n\t<meta property=\"og:image:type\" content=\"image\/jpeg\" \/>\n<meta name=\"author\" content=\"Jo\u00e3o Paulo Mesquita\" \/>\n<meta name=\"twitter:card\" content=\"summary_large_image\" \/>\n<meta name=\"twitter:label1\" content=\"Escrito por\" \/>\n\t<meta name=\"twitter:data1\" content=\"Jo\u00e3o Paulo Mesquita\" \/>\n\t<meta name=\"twitter:label2\" content=\"Tempo estimado de leitura\" \/>\n\t<meta name=\"twitter:data2\" content=\"3 minutos\" \/>\n<script type=\"application\/ld+json\" class=\"yoast-schema-graph\">{\"@context\":\"https:\/\/schema.org\",\"@graph\":[{\"@type\":\"Article\",\"@id\":\"https:\/\/terrasdebasto.pt\/?p=4746#article\",\"isPartOf\":{\"@id\":\"https:\/\/terrasdebasto.pt\/?p=4746\"},\"author\":{\"name\":\"Jo\u00e3o Paulo Mesquita\",\"@id\":\"https:\/\/terrasdebasto.pt\/#\/schema\/person\/9f6739f5394ac65c802641773b278b84\"},\"headline\":\"CIM do Ave lan\u00e7a nova \u201cnewsletter\u201d\",\"datePublished\":\"2025-11-03T17:51:57+00:00\",\"dateModified\":\"2025-11-03T17:53:15+00:00\",\"mainEntityOfPage\":{\"@id\":\"https:\/\/terrasdebasto.pt\/?p=4746\"},\"wordCount\":471,\"commentCount\":0,\"publisher\":{\"@id\":\"https:\/\/terrasdebasto.pt\/#organization\"},\"image\":{\"@id\":\"https:\/\/terrasdebasto.pt\/?p=4746#primaryimage\"},\"thumbnailUrl\":\"https:\/\/terrasdebasto.pt\/wp-content\/uploads\/2025\/11\/CIM-DO-AVE-NEWSLETTER.jpg\",\"keywords\":[\"CIM do Ave\",\"Comunidade Intermunicipal do Ave\",\"Newsletter\"],\"articleSection\":[\"Cabeceiras de Basto\",\"Cultura\",\"Mondim de Basto\",\"Terras de Basto\"],\"inLanguage\":\"pt-PT\",\"potentialAction\":[{\"@type\":\"CommentAction\",\"name\":\"Comment\",\"target\":[\"https:\/\/terrasdebasto.pt\/?p=4746#respond\"]}]},{\"@type\":\"WebPage\",\"@id\":\"https:\/\/terrasdebasto.pt\/?p=4746\",\"url\":\"https:\/\/terrasdebasto.pt\/?p=4746\",\"name\":\"CIM do Ave lan\u00e7a nova \u201cnewsletter\u201d - Jornal Terras de Basto\",\"isPartOf\":{\"@id\":\"https:\/\/terrasdebasto.pt\/#website\"},\"primaryImageOfPage\":{\"@id\":\"https:\/\/terrasdebasto.pt\/?p=4746#primaryimage\"},\"image\":{\"@id\":\"https:\/\/terrasdebasto.pt\/?p=4746#primaryimage\"},\"thumbnailUrl\":\"https:\/\/terrasdebasto.pt\/wp-content\/uploads\/2025\/11\/CIM-DO-AVE-NEWSLETTER.jpg\",\"datePublished\":\"2025-11-03T17:51:57+00:00\",\"dateModified\":\"2025-11-03T17:53:15+00:00\",\"description\":\"A Comunidade Intermunicipal do Ave (CIM do Ave) \u2013 em que se integram os munic\u00edpios de Cabeceiras de Basto e de Mondim de Basto \u2013 anunciou esta segunda-feira (3) o lan\u00e7amento de nova \u201cnewsletter\u201d institucional. A publica\u00e7\u00e3o digital, com periodicidade trimestral, tem como objetivo principal \u00abinformar de forma clara e regular todos os cidad\u00e3os sobre as atividades desenvolvidas, planeadas ou em implementa\u00e7\u00e3o pela institui\u00e7\u00e3o, refor\u00e7ando assim os princ\u00edpios da boa governan\u00e7a, da transpar\u00eancia e da presta\u00e7\u00e3o de contas\u00bb.\",\"breadcrumb\":{\"@id\":\"https:\/\/terrasdebasto.pt\/?p=4746#breadcrumb\"},\"inLanguage\":\"pt-PT\",\"potentialAction\":[{\"@type\":\"ReadAction\",\"target\":[\"https:\/\/terrasdebasto.pt\/?p=4746\"]}]},{\"@type\":\"ImageObject\",\"inLanguage\":\"pt-PT\",\"@id\":\"https:\/\/terrasdebasto.pt\/?p=4746#primaryimage\",\"url\":\"https:\/\/terrasdebasto.pt\/wp-content\/uploads\/2025\/11\/CIM-DO-AVE-NEWSLETTER.jpg\",\"contentUrl\":\"https:\/\/terrasdebasto.pt\/wp-content\/uploads\/2025\/11\/CIM-DO-AVE-NEWSLETTER.jpg\",\"width\":1276,\"height\":1612},{\"@type\":\"BreadcrumbList\",\"@id\":\"https:\/\/terrasdebasto.pt\/?p=4746#breadcrumb\",\"itemListElement\":[{\"@type\":\"ListItem\",\"position\":1,\"name\":\"In\u00edcio\",\"item\":\"https:\/\/terrasdebasto.pt\/\"},{\"@type\":\"ListItem\",\"position\":2,\"name\":\"CIM do Ave lan\u00e7a nova \u201cnewsletter\u201d\"}]},{\"@type\":\"WebSite\",\"@id\":\"https:\/\/terrasdebasto.pt\/#website\",\"url\":\"https:\/\/terrasdebasto.pt\/\",\"name\":\"Jornal Terras de Basto\",\"description\":\"\",\"publisher\":{\"@id\":\"https:\/\/terrasdebasto.pt\/#organization\"},\"potentialAction\":[{\"@type\":\"SearchAction\",\"target\":{\"@type\":\"EntryPoint\",\"urlTemplate\":\"https:\/\/terrasdebasto.pt\/?s={search_term_string}\"},\"query-input\":{\"@type\":\"PropertyValueSpecification\",\"valueRequired\":true,\"valueName\":\"search_term_string\"}}],\"inLanguage\":\"pt-PT\"},{\"@type\":\"Organization\",\"@id\":\"https:\/\/terrasdebasto.pt\/#organization\",\"name\":\"Jornal Terras de Basto\",\"url\":\"https:\/\/terrasdebasto.pt\/\",\"logo\":{\"@type\":\"ImageObject\",\"inLanguage\":\"pt-PT\",\"@id\":\"https:\/\/terrasdebasto.pt\/#\/schema\/logo\/image\/\",\"url\":\"https:\/\/terrasdebasto.pt\/wp-content\/uploads\/2024\/06\/LogoNormal.png\",\"contentUrl\":\"https:\/\/terrasdebasto.pt\/wp-content\/uploads\/2024\/06\/LogoNormal.png\",\"width\":5638,\"height\":809,\"caption\":\"Jornal Terras de Basto\"},\"image\":{\"@id\":\"https:\/\/terrasdebasto.pt\/#\/schema\/logo\/image\/\"}},{\"@type\":\"Person\",\"@id\":\"https:\/\/terrasdebasto.pt\/#\/schema\/person\/9f6739f5394ac65c802641773b278b84\",\"name\":\"Jo\u00e3o Paulo Mesquita\",\"image\":{\"@type\":\"ImageObject\",\"inLanguage\":\"pt-PT\",\"@id\":\"https:\/\/terrasdebasto.pt\/#\/schema\/person\/image\/\",\"url\":\"https:\/\/secure.gravatar.com\/avatar\/9bd0f299e6d96336664aab64354168246a3ee3287c47891c50d450e47ed9d7f9?s=96&d=mm&r=g\",\"contentUrl\":\"https:\/\/secure.gravatar.com\/avatar\/9bd0f299e6d96336664aab64354168246a3ee3287c47891c50d450e47ed9d7f9?s=96&d=mm&r=g\",\"caption\":\"Jo\u00e3o Paulo Mesquita\"},\"url\":\"https:\/\/terrasdebasto.pt\/?author=7\"}]}<\/script>\n<!-- \/ Yoast SEO plugin. -->","yoast_head_json":{"title":"CIM do Ave lan\u00e7a nova \u201cnewsletter\u201d - Jornal Terras de Basto","description":"A Comunidade Intermunicipal do Ave (CIM do Ave) \u2013 em que se integram os munic\u00edpios de Cabeceiras de Basto e de Mondim de Basto \u2013 anunciou esta segunda-feira (3) o lan\u00e7amento de nova \u201cnewsletter\u201d institucional. A publica\u00e7\u00e3o digital, com periodicidade trimestral, tem como objetivo principal \u00abinformar de forma clara e regular todos os cidad\u00e3os sobre as atividades desenvolvidas, planeadas ou em implementa\u00e7\u00e3o pela institui\u00e7\u00e3o, refor\u00e7ando assim os princ\u00edpios da boa governan\u00e7a, da transpar\u00eancia e da presta\u00e7\u00e3o de contas\u00bb.","robots":{"index":"index","follow":"follow","max-snippet":"max-snippet:-1","max-image-preview":"max-image-preview:large","max-video-preview":"max-video-preview:-1"},"canonical":"https:\/\/terrasdebasto.pt\/?p=4746","og_locale":"pt_PT","og_type":"article","og_title":"CIM do Ave lan\u00e7a nova \u201cnewsletter\u201d - Jornal Terras de Basto","og_description":"A Comunidade Intermunicipal do Ave (CIM do Ave) \u2013 em que se integram os munic\u00edpios de Cabeceiras de Basto e de Mondim de Basto \u2013 anunciou esta segunda-feira (3) o lan\u00e7amento de nova \u201cnewsletter\u201d institucional. A publica\u00e7\u00e3o digital, com periodicidade trimestral, tem como objetivo principal \u00abinformar de forma clara e regular todos os cidad\u00e3os sobre as atividades desenvolvidas, planeadas ou em implementa\u00e7\u00e3o pela institui\u00e7\u00e3o, refor\u00e7ando assim os princ\u00edpios da boa governan\u00e7a, da transpar\u00eancia e da presta\u00e7\u00e3o de contas\u00bb.","og_url":"https:\/\/terrasdebasto.pt\/?p=4746","og_site_name":"Jornal Terras de Basto","article_published_time":"2025-11-03T17:51:57+00:00","article_modified_time":"2025-11-03T17:53:15+00:00","og_image":[{"width":1276,"height":1612,"url":"https:\/\/terrasdebasto.pt\/wp-content\/uploads\/2025\/11\/CIM-DO-AVE-NEWSLETTER.jpg","type":"image\/jpeg"}],"author":"Jo\u00e3o Paulo Mesquita","twitter_card":"summary_large_image","twitter_misc":{"Escrito por":"Jo\u00e3o Paulo Mesquita","Tempo estimado de leitura":"3 minutos"},"schema":{"@context":"https:\/\/schema.org","@graph":[{"@type":"Article","@id":"https:\/\/terrasdebasto.pt\/?p=4746#article","isPartOf":{"@id":"https:\/\/terrasdebasto.pt\/?p=4746"},"author":{"name":"Jo\u00e3o Paulo Mesquita","@id":"https:\/\/terrasdebasto.pt\/#\/schema\/person\/9f6739f5394ac65c802641773b278b84"},"headline":"CIM do Ave lan\u00e7a nova \u201cnewsletter\u201d","datePublished":"2025-11-03T17:51:57+00:00","dateModified":"2025-11-03T17:53:15+00:00","mainEntityOfPage":{"@id":"https:\/\/terrasdebasto.pt\/?p=4746"},"wordCount":471,"commentCount":0,"publisher":{"@id":"https:\/\/terrasdebasto.pt\/#organization"},"image":{"@id":"https:\/\/terrasdebasto.pt\/?p=4746#primaryimage"},"thumbnailUrl":"https:\/\/terrasdebasto.pt\/wp-content\/uploads\/2025\/11\/CIM-DO-AVE-NEWSLETTER.jpg","keywords":["CIM do Ave","Comunidade Intermunicipal do Ave","Newsletter"],"articleSection":["Cabeceiras de Basto","Cultura","Mondim de Basto","Terras de Basto"],"inLanguage":"pt-PT","potentialAction":[{"@type":"CommentAction","name":"Comment","target":["https:\/\/terrasdebasto.pt\/?p=4746#respond"]}]},{"@type":"WebPage","@id":"https:\/\/terrasdebasto.pt\/?p=4746","url":"https:\/\/terrasdebasto.pt\/?p=4746","name":"CIM do Ave lan\u00e7a nova \u201cnewsletter\u201d - Jornal Terras de Basto","isPartOf":{"@id":"https:\/\/terrasdebasto.pt\/#website"},"primaryImageOfPage":{"@id":"https:\/\/terrasdebasto.pt\/?p=4746#primaryimage"},"image":{"@id":"https:\/\/terrasdebasto.pt\/?p=4746#primaryimage"},"thumbnailUrl":"https:\/\/terrasdebasto.pt\/wp-content\/uploads\/2025\/11\/CIM-DO-AVE-NEWSLETTER.jpg","datePublished":"2025-11-03T17:51:57+00:00","dateModified":"2025-11-03T17:53:15+00:00","description":"A Comunidade Intermunicipal do Ave (CIM do Ave) \u2013 em que se integram os munic\u00edpios de Cabeceiras de Basto e de Mondim de Basto \u2013 anunciou esta segunda-feira (3) o lan\u00e7amento de nova \u201cnewsletter\u201d institucional. A publica\u00e7\u00e3o digital, com periodicidade trimestral, tem como objetivo principal \u00abinformar de forma clara e regular todos os cidad\u00e3os sobre as atividades desenvolvidas, planeadas ou em implementa\u00e7\u00e3o pela institui\u00e7\u00e3o, refor\u00e7ando assim os princ\u00edpios da boa governan\u00e7a, da transpar\u00eancia e da presta\u00e7\u00e3o de contas\u00bb.","breadcrumb":{"@id":"https:\/\/terrasdebasto.pt\/?p=4746#breadcrumb"},"inLanguage":"pt-PT","potentialAction":[{"@type":"ReadAction","target":["https:\/\/terrasdebasto.pt\/?p=4746"]}]},{"@type":"ImageObject","inLanguage":"pt-PT","@id":"https:\/\/terrasdebasto.pt\/?p=4746#primaryimage","url":"https:\/\/terrasdebasto.pt\/wp-content\/uploads\/2025\/11\/CIM-DO-AVE-NEWSLETTER.jpg","contentUrl":"https:\/\/terrasdebasto.pt\/wp-content\/uploads\/2025\/11\/CIM-DO-AVE-NEWSLETTER.jpg","width":1276,"height":1612},{"@type":"BreadcrumbList","@id":"https:\/\/terrasdebasto.pt\/?p=4746#breadcrumb","itemListElement":[{"@type":"ListItem","position":1,"name":"In\u00edcio","item":"https:\/\/terrasdebasto.pt\/"},{"@type":"ListItem","position":2,"name":"CIM do Ave lan\u00e7a nova \u201cnewsletter\u201d"}]},{"@type":"WebSite","@id":"https:\/\/terrasdebasto.pt\/#website","url":"https:\/\/terrasdebasto.pt\/","name":"Jornal Terras de Basto","description":"","publisher":{"@id":"https:\/\/terrasdebasto.pt\/#organization"},"potentialAction":[{"@type":"SearchAction","target":{"@type":"EntryPoint","urlTemplate":"https:\/\/terrasdebasto.pt\/?s={search_term_string}"},"query-input":{"@type":"PropertyValueSpecification","valueRequired":true,"valueName":"search_term_string"}}],"inLanguage":"pt-PT"},{"@type":"Organization","@id":"https:\/\/terrasdebasto.pt\/#organization","name":"Jornal Terras de Basto","url":"https:\/\/terrasdebasto.pt\/","logo":{"@type":"ImageObject","inLanguage":"pt-PT","@id":"https:\/\/terrasdebasto.pt\/#\/schema\/logo\/image\/","url":"https:\/\/terrasdebasto.pt\/wp-content\/uploads\/2024\/06\/LogoNormal.png","contentUrl":"https:\/\/terrasdebasto.pt\/wp-content\/uploads\/2024\/06\/LogoNormal.png","width":5638,"height":809,"caption":"Jornal Terras de Basto"},"image":{"@id":"https:\/\/terrasdebasto.pt\/#\/schema\/logo\/image\/"}},{"@type":"Person","@id":"https:\/\/terrasdebasto.pt\/#\/schema\/person\/9f6739f5394ac65c802641773b278b84","name":"Jo\u00e3o Paulo Mesquita","image":{"@type":"ImageObject","inLanguage":"pt-PT","@id":"https:\/\/terrasdebasto.pt\/#\/schema\/person\/image\/","url":"https:\/\/secure.gravatar.com\/avatar\/9bd0f299e6d96336664aab64354168246a3ee3287c47891c50d450e47ed9d7f9?s=96&d=mm&r=g","contentUrl":"https:\/\/secure.gravatar.com\/avatar\/9bd0f299e6d96336664aab64354168246a3ee3287c47891c50d450e47ed9d7f9?s=96&d=mm&r=g","caption":"Jo\u00e3o Paulo Mesquita"},"url":"https:\/\/terrasdebasto.pt\/?author=7"}]}},"_links":{"self":[{"href":"https:\/\/terrasdebasto.pt\/index.php?rest_route=\/wp\/v2\/posts\/4746","targetHints":{"allow":["GET"]}}],"collection":[{"href":"https:\/\/terrasdebasto.pt\/index.php?rest_route=\/wp\/v2\/posts"}],"about":[{"href":"https:\/\/terrasdebasto.pt\/index.php?rest_route=\/wp\/v2\/types\/post"}],"author":[{"embeddable":true,"href":"https:\/\/terrasdebasto.pt\/index.php?rest_route=\/wp\/v2\/users\/7"}],"replies":[{"embeddable":true,"href":"https:\/\/terrasdebasto.pt\/index.php?rest_route=%2Fwp%2Fv2%2Fcomments&post=4746"}],"version-history":[{"count":2,"href":"https:\/\/terrasdebasto.pt\/index.php?rest_route=\/wp\/v2\/posts\/4746\/revisions"}],"predecessor-version":[{"id":4749,"href":"https:\/\/terrasdebasto.pt\/index.php?rest_route=\/wp\/v2\/posts\/4746\/revisions\/4749"}],"wp:featuredmedia":[{"embeddable":true,"href":"https:\/\/terrasdebasto.pt\/index.php?rest_route=\/wp\/v2\/media\/4748"}],"wp:attachment":[{"href":"https:\/\/terrasdebasto.pt\/index.php?rest_route=%2Fwp%2Fv2%2Fmedia&parent=4746"}],"wp:term":[{"taxonomy":"category","embeddable":true,"href":"https:\/\/terrasdebasto.pt\/index.php?rest_route=%2Fwp%2Fv2%2Fcategories&post=4746"},{"taxonomy":"post_tag","embeddable":true,"href":"https:\/\/terrasdebasto.pt\/index.php?rest_route=%2Fwp%2Fv2%2Ftags&post=4746"}],"curies":[{"name":"wp","href":"https:\/\/api.w.org\/{rel}","templated":true}]}}