{"id":4652,"date":"2025-10-30T12:07:27","date_gmt":"2025-10-30T12:07:27","guid":{"rendered":"https:\/\/terrasdebasto.pt\/?p=4652"},"modified":"2025-10-30T12:10:18","modified_gmt":"2025-10-30T12:10:18","slug":"agora-e-ele-quem-manda","status":"publish","type":"post","link":"https:\/\/terrasdebasto.pt\/?p=4652","title":{"rendered":"Agora, \u00e9 ele quem manda"},"content":{"rendered":"\n<p><\/p>\n\n\n\n<p><strong>Manuel Ant\u00f3nio Teixeira acaba de assumir a presid\u00eancia da C\u00e2mara Municipal de Cabeceiras de Basto. Numa conversa mais intimista do que o habitual, n\u00e3o evita afirmar que, n\u00e3o fora a candidatura independente do hist\u00f3rico socialista Joaquim Barreto, muito provavelmente teria ganho com maioria absoluta. Aferir o estado da Unidade de Cuidados Continuados da regi-cooperativa \u201cBasto Vida\u201d, eventualmente infetada com \u201csalmonella\u201d, foi o seu primeiro exerc\u00edcio como presidente. J\u00e1 reuniu com os dirigentes da tecnoestrutura municipal, e diz que, se pudesse lan\u00e7ar j\u00e1 uma grande obra, ela seria o prometido \u201ccentro de espet\u00e1culos\u201d. \u00c0 discuss\u00e3o p\u00fablica tenciona p\u00f4r em breve a invers\u00e3o do sentido do tr\u00e2nsito na Rua do Pinheiro e na Pra\u00e7a da Rep\u00fablica.<\/strong><\/p>\n\n\n\n<p>Por <strong>Jo\u00e3o Paulo Mesquita<\/strong><\/p>\n\n\n\n<p><\/p>\n\n\n\n<p><strong>P. Os resultados eleitorais corresponderam, ent\u00e3o, \u00e0 expectativa? No contexto do munic\u00edpio e das suas autarquias, que resultados o surpreenderam mais, tanto positiva como negativamente?&#8230;<\/strong><\/p>\n\n\n\n<p><strong>R.<\/strong> Como lhe disse, e como definido pela dire\u00e7\u00e3o de campanha, sim. At\u00e9 lhe posso confidenciar que foi sempre o valor que o nosso mandat\u00e1rio definiu como ating\u00edvel. Ali\u00e1s, se f\u00f4ssemos \u201cpescar\u201d 450 votos ao terceiro colocado, de pessoas descontentes com o poder anterior, ter\u00edamos conquistado a maioria absoluta.<\/p>\n\n\n\n<p>De forma negativa, claramente a mesa de voto de Gondi\u00e3es. Sempre foi uma mesa\/freguesia social-democrata e se perd\u00eassemos para o \u201cServir Cabeceiras\u201d, dada a influ\u00eancia do Eng.\u00ba Joaquim Barreto nessa regi\u00e3o, ainda compreender\u00edamos. Agora perder para o partido que durante anos esqueceu esta freguesia \u00e9 um pouco incompreens\u00edvel, mas \u00e9 a vontade do povo\u2026<\/p>\n\n\n\n<p>De forma positiva, os resultados de Refojos e Outeiro, onde sa\u00edmos vitoriosos nos diversos \u00f3rg\u00e3os, como esper\u00e1vamos, mas por margens superiores. Mas tamb\u00e9m a freguesia de Bucos e a Uni\u00e3o de Freguesias do Arco de Ba\u00falhe e Vila Nune, onde ganh\u00e1mos para os \u00f3rg\u00e3os municipais e perdemos as juntas por apenas cerca de tr\u00eas pontos percentuais.<\/p>\n\n\n\n<p><strong>P. Tomemos o exemplo do Arco de Ba\u00falhe\u2026<\/strong><\/p>\n\n\n\n<p><strong>R.<\/strong> Sim\u2026 A\u00ed ficamos um pouco mais tristes, pois os \u201cvilanunenses\u201d ouviram-nos e mudaram! E apenas a vontade dos arcuenses, de manter o poder instalado, n\u00e3o permitiu a mudan\u00e7a que desej\u00e1vamos e que, penso, merec\u00edamos.<\/p>\n\n\n\n<p>(&#8230;)<\/p>\n\n\n\n<p><strong>NOTA &#8211; Leia a entrevista na \u00edntegra na edi\u00e7\u00e3o impressa do Terras de Basto que se encontra em distribui\u00e7\u00e3o.<\/strong><\/p>\n\n\n\n<figure class=\"wp-block-gallery has-nested-images columns-default is-cropped wp-block-gallery-1 is-layout-flex wp-block-gallery-is-layout-flex\">\n<figure class=\"wp-block-image size-large\"><img loading=\"lazy\" decoding=\"async\" width=\"1024\" height=\"807\" data-id=\"4654\" src=\"https:\/\/terrasdebasto.pt\/wp-content\/uploads\/2025\/10\/FOTO-02-MAT-1024x807.jpg\" alt=\"\" class=\"wp-image-4654\" srcset=\"https:\/\/terrasdebasto.pt\/wp-content\/uploads\/2025\/10\/FOTO-02-MAT-1024x807.jpg 1024w, https:\/\/terrasdebasto.pt\/wp-content\/uploads\/2025\/10\/FOTO-02-MAT-300x236.jpg 300w, https:\/\/terrasdebasto.pt\/wp-content\/uploads\/2025\/10\/FOTO-02-MAT-768x605.jpg 768w, https:\/\/terrasdebasto.pt\/wp-content\/uploads\/2025\/10\/FOTO-02-MAT-1536x1210.jpg 1536w, https:\/\/terrasdebasto.pt\/wp-content\/uploads\/2025\/10\/FOTO-02-MAT-2048x1613.jpg 2048w, https:\/\/terrasdebasto.pt\/wp-content\/uploads\/2025\/10\/FOTO-02-MAT-150x118.jpg 150w, https:\/\/terrasdebasto.pt\/wp-content\/uploads\/2025\/10\/FOTO-02-MAT-696x548.jpg 696w, https:\/\/terrasdebasto.pt\/wp-content\/uploads\/2025\/10\/FOTO-02-MAT-1068x841.jpg 1068w, https:\/\/terrasdebasto.pt\/wp-content\/uploads\/2025\/10\/FOTO-02-MAT-1920x1512.jpg 1920w\" sizes=\"auto, (max-width: 1024px) 100vw, 1024px\" \/><\/figure>\n<\/figure>\n\n\n\n<figure class=\"wp-block-gallery has-nested-images columns-default is-cropped wp-block-gallery-2 is-layout-flex wp-block-gallery-is-layout-flex\">\n<figure class=\"wp-block-image size-large\"><img loading=\"lazy\" decoding=\"async\" width=\"1024\" height=\"720\" data-id=\"4655\" src=\"https:\/\/terrasdebasto.pt\/wp-content\/uploads\/2025\/10\/FOTO-03-MAT-1024x720.jpg\" alt=\"\" class=\"wp-image-4655\" srcset=\"https:\/\/terrasdebasto.pt\/wp-content\/uploads\/2025\/10\/FOTO-03-MAT-1024x720.jpg 1024w, https:\/\/terrasdebasto.pt\/wp-content\/uploads\/2025\/10\/FOTO-03-MAT-300x211.jpg 300w, https:\/\/terrasdebasto.pt\/wp-content\/uploads\/2025\/10\/FOTO-03-MAT-768x540.jpg 768w, https:\/\/terrasdebasto.pt\/wp-content\/uploads\/2025\/10\/FOTO-03-MAT-1536x1080.jpg 1536w, https:\/\/terrasdebasto.pt\/wp-content\/uploads\/2025\/10\/FOTO-03-MAT-2048x1440.jpg 2048w, https:\/\/terrasdebasto.pt\/wp-content\/uploads\/2025\/10\/FOTO-03-MAT-150x105.jpg 150w, https:\/\/terrasdebasto.pt\/wp-content\/uploads\/2025\/10\/FOTO-03-MAT-696x489.jpg 696w, https:\/\/terrasdebasto.pt\/wp-content\/uploads\/2025\/10\/FOTO-03-MAT-1068x751.jpg 1068w, https:\/\/terrasdebasto.pt\/wp-content\/uploads\/2025\/10\/FOTO-03-MAT-1920x1350.jpg 1920w\" sizes=\"auto, (max-width: 1024px) 100vw, 1024px\" \/><\/figure>\n<\/figure>\n","protected":false},"excerpt":{"rendered":"<p>Manuel Ant\u00f3nio Teixeira acaba de assumir a presid\u00eancia da C\u00e2mara Municipal de Cabeceiras de Basto. Numa conversa mais intimista do que o habitual, n\u00e3o evita afirmar que, n\u00e3o fora a candidatura independente do hist\u00f3rico socialista Joaquim Barreto, muito provavelmente teria ganho com maioria absoluta. Aferir o estado da Unidade de Cuidados Continuados da regi-cooperativa \u201cBasto [&hellip;]<\/p>\n","protected":false},"author":7,"featured_media":4653,"comment_status":"open","ping_status":"open","sticky":false,"template":"","format":"standard","meta":{"footnotes":""},"categories":[12,7,28],"tags":[861,525],"class_list":{"0":"post-4652","1":"post","2":"type-post","3":"status-publish","4":"format-standard","5":"has-post-thumbnail","7":"category-cabeceiras-de-basto","8":"category-cultura","9":"category-entrevista","10":"tag-camara-de-cabeceiras-de-basto","11":"tag-manuel-antonio-teixeira"},"yoast_head":"<!-- This site is optimized with the Yoast SEO plugin v25.7 - https:\/\/yoast.com\/wordpress\/plugins\/seo\/ -->\n<title>Agora, \u00e9 ele quem manda - Jornal Terras de Basto<\/title>\n<meta name=\"description\" content=\"Manuel Ant\u00f3nio Teixeira acaba de assumir a presid\u00eancia da C\u00e2mara Municipal de Cabeceiras de Basto. Numa conversa mais intimista do que o habitual, n\u00e3o evita afirmar que, n\u00e3o fora a candidatura independente do hist\u00f3rico socialista Joaquim Barreto, muito provavelmente teria ganho com maioria absoluta.\" \/>\n<meta name=\"robots\" content=\"index, follow, max-snippet:-1, max-image-preview:large, max-video-preview:-1\" \/>\n<link rel=\"canonical\" href=\"https:\/\/terrasdebasto.pt\/?p=4652\" \/>\n<meta property=\"og:locale\" content=\"pt_PT\" \/>\n<meta property=\"og:type\" content=\"article\" \/>\n<meta property=\"og:title\" content=\"Agora, \u00e9 ele quem manda - Jornal Terras de Basto\" \/>\n<meta property=\"og:description\" content=\"Manuel Ant\u00f3nio Teixeira acaba de assumir a presid\u00eancia da C\u00e2mara Municipal de Cabeceiras de Basto. Numa conversa mais intimista do que o habitual, n\u00e3o evita afirmar que, n\u00e3o fora a candidatura independente do hist\u00f3rico socialista Joaquim Barreto, muito provavelmente teria ganho com maioria absoluta.\" \/>\n<meta property=\"og:url\" content=\"https:\/\/terrasdebasto.pt\/?p=4652\" \/>\n<meta property=\"og:site_name\" content=\"Jornal Terras de Basto\" \/>\n<meta property=\"article:published_time\" content=\"2025-10-30T12:07:27+00:00\" \/>\n<meta property=\"article:modified_time\" content=\"2025-10-30T12:10:18+00:00\" \/>\n<meta property=\"og:image\" content=\"https:\/\/terrasdebasto.pt\/wp-content\/uploads\/2025\/10\/FOTO-01-MAT.jpg\" \/>\n\t<meta property=\"og:image:width\" content=\"2406\" \/>\n\t<meta property=\"og:image:height\" content=\"1829\" \/>\n\t<meta property=\"og:image:type\" content=\"image\/jpeg\" \/>\n<meta name=\"author\" content=\"Jo\u00e3o Paulo Mesquita\" \/>\n<meta name=\"twitter:card\" content=\"summary_large_image\" \/>\n<meta name=\"twitter:label1\" content=\"Escrito por\" \/>\n\t<meta name=\"twitter:data1\" content=\"Jo\u00e3o Paulo Mesquita\" \/>\n\t<meta name=\"twitter:label2\" content=\"Tempo estimado de leitura\" \/>\n\t<meta name=\"twitter:data2\" content=\"3 minutos\" \/>\n<script type=\"application\/ld+json\" class=\"yoast-schema-graph\">{\"@context\":\"https:\/\/schema.org\",\"@graph\":[{\"@type\":\"Article\",\"@id\":\"https:\/\/terrasdebasto.pt\/?p=4652#article\",\"isPartOf\":{\"@id\":\"https:\/\/terrasdebasto.pt\/?p=4652\"},\"author\":{\"name\":\"Jo\u00e3o Paulo Mesquita\",\"@id\":\"https:\/\/terrasdebasto.pt\/#\/schema\/person\/9f6739f5394ac65c802641773b278b84\"},\"headline\":\"Agora, \u00e9 ele quem manda\",\"datePublished\":\"2025-10-30T12:07:27+00:00\",\"dateModified\":\"2025-10-30T12:10:18+00:00\",\"mainEntityOfPage\":{\"@id\":\"https:\/\/terrasdebasto.pt\/?p=4652\"},\"wordCount\":411,\"commentCount\":0,\"publisher\":{\"@id\":\"https:\/\/terrasdebasto.pt\/#organization\"},\"image\":{\"@id\":\"https:\/\/terrasdebasto.pt\/?p=4652#primaryimage\"},\"thumbnailUrl\":\"https:\/\/terrasdebasto.pt\/wp-content\/uploads\/2025\/10\/FOTO-01-MAT.jpg\",\"keywords\":[\"C\u00e2mara de Cabeceiras de Basto\",\"Manuel Ant\u00f3nio Teixeira\"],\"articleSection\":[\"Cabeceiras de Basto\",\"Cultura\",\"Entrevista\"],\"inLanguage\":\"pt-PT\",\"potentialAction\":[{\"@type\":\"CommentAction\",\"name\":\"Comment\",\"target\":[\"https:\/\/terrasdebasto.pt\/?p=4652#respond\"]}]},{\"@type\":\"WebPage\",\"@id\":\"https:\/\/terrasdebasto.pt\/?p=4652\",\"url\":\"https:\/\/terrasdebasto.pt\/?p=4652\",\"name\":\"Agora, \u00e9 ele quem manda - Jornal Terras de Basto\",\"isPartOf\":{\"@id\":\"https:\/\/terrasdebasto.pt\/#website\"},\"primaryImageOfPage\":{\"@id\":\"https:\/\/terrasdebasto.pt\/?p=4652#primaryimage\"},\"image\":{\"@id\":\"https:\/\/terrasdebasto.pt\/?p=4652#primaryimage\"},\"thumbnailUrl\":\"https:\/\/terrasdebasto.pt\/wp-content\/uploads\/2025\/10\/FOTO-01-MAT.jpg\",\"datePublished\":\"2025-10-30T12:07:27+00:00\",\"dateModified\":\"2025-10-30T12:10:18+00:00\",\"description\":\"Manuel Ant\u00f3nio Teixeira acaba de assumir a presid\u00eancia da C\u00e2mara Municipal de Cabeceiras de Basto. Numa conversa mais intimista do que o habitual, n\u00e3o evita afirmar que, n\u00e3o fora a candidatura independente do hist\u00f3rico socialista Joaquim Barreto, muito provavelmente teria ganho com maioria absoluta.\",\"breadcrumb\":{\"@id\":\"https:\/\/terrasdebasto.pt\/?p=4652#breadcrumb\"},\"inLanguage\":\"pt-PT\",\"potentialAction\":[{\"@type\":\"ReadAction\",\"target\":[\"https:\/\/terrasdebasto.pt\/?p=4652\"]}]},{\"@type\":\"ImageObject\",\"inLanguage\":\"pt-PT\",\"@id\":\"https:\/\/terrasdebasto.pt\/?p=4652#primaryimage\",\"url\":\"https:\/\/terrasdebasto.pt\/wp-content\/uploads\/2025\/10\/FOTO-01-MAT.jpg\",\"contentUrl\":\"https:\/\/terrasdebasto.pt\/wp-content\/uploads\/2025\/10\/FOTO-01-MAT.jpg\",\"width\":2406,\"height\":1829},{\"@type\":\"BreadcrumbList\",\"@id\":\"https:\/\/terrasdebasto.pt\/?p=4652#breadcrumb\",\"itemListElement\":[{\"@type\":\"ListItem\",\"position\":1,\"name\":\"In\u00edcio\",\"item\":\"https:\/\/terrasdebasto.pt\/\"},{\"@type\":\"ListItem\",\"position\":2,\"name\":\"Agora, \u00e9 ele quem manda\"}]},{\"@type\":\"WebSite\",\"@id\":\"https:\/\/terrasdebasto.pt\/#website\",\"url\":\"https:\/\/terrasdebasto.pt\/\",\"name\":\"Jornal Terras de Basto\",\"description\":\"\",\"publisher\":{\"@id\":\"https:\/\/terrasdebasto.pt\/#organization\"},\"potentialAction\":[{\"@type\":\"SearchAction\",\"target\":{\"@type\":\"EntryPoint\",\"urlTemplate\":\"https:\/\/terrasdebasto.pt\/?s={search_term_string}\"},\"query-input\":{\"@type\":\"PropertyValueSpecification\",\"valueRequired\":true,\"valueName\":\"search_term_string\"}}],\"inLanguage\":\"pt-PT\"},{\"@type\":\"Organization\",\"@id\":\"https:\/\/terrasdebasto.pt\/#organization\",\"name\":\"Jornal Terras de Basto\",\"url\":\"https:\/\/terrasdebasto.pt\/\",\"logo\":{\"@type\":\"ImageObject\",\"inLanguage\":\"pt-PT\",\"@id\":\"https:\/\/terrasdebasto.pt\/#\/schema\/logo\/image\/\",\"url\":\"https:\/\/terrasdebasto.pt\/wp-content\/uploads\/2024\/06\/LogoNormal.png\",\"contentUrl\":\"https:\/\/terrasdebasto.pt\/wp-content\/uploads\/2024\/06\/LogoNormal.png\",\"width\":5638,\"height\":809,\"caption\":\"Jornal Terras de Basto\"},\"image\":{\"@id\":\"https:\/\/terrasdebasto.pt\/#\/schema\/logo\/image\/\"}},{\"@type\":\"Person\",\"@id\":\"https:\/\/terrasdebasto.pt\/#\/schema\/person\/9f6739f5394ac65c802641773b278b84\",\"name\":\"Jo\u00e3o Paulo Mesquita\",\"image\":{\"@type\":\"ImageObject\",\"inLanguage\":\"pt-PT\",\"@id\":\"https:\/\/terrasdebasto.pt\/#\/schema\/person\/image\/\",\"url\":\"https:\/\/secure.gravatar.com\/avatar\/9bd0f299e6d96336664aab64354168246a3ee3287c47891c50d450e47ed9d7f9?s=96&d=mm&r=g\",\"contentUrl\":\"https:\/\/secure.gravatar.com\/avatar\/9bd0f299e6d96336664aab64354168246a3ee3287c47891c50d450e47ed9d7f9?s=96&d=mm&r=g\",\"caption\":\"Jo\u00e3o Paulo Mesquita\"},\"url\":\"https:\/\/terrasdebasto.pt\/?author=7\"}]}<\/script>\n<!-- \/ Yoast SEO plugin. -->","yoast_head_json":{"title":"Agora, \u00e9 ele quem manda - Jornal Terras de Basto","description":"Manuel Ant\u00f3nio Teixeira acaba de assumir a presid\u00eancia da C\u00e2mara Municipal de Cabeceiras de Basto. Numa conversa mais intimista do que o habitual, n\u00e3o evita afirmar que, n\u00e3o fora a candidatura independente do hist\u00f3rico socialista Joaquim Barreto, muito provavelmente teria ganho com maioria absoluta.","robots":{"index":"index","follow":"follow","max-snippet":"max-snippet:-1","max-image-preview":"max-image-preview:large","max-video-preview":"max-video-preview:-1"},"canonical":"https:\/\/terrasdebasto.pt\/?p=4652","og_locale":"pt_PT","og_type":"article","og_title":"Agora, \u00e9 ele quem manda - Jornal Terras de Basto","og_description":"Manuel Ant\u00f3nio Teixeira acaba de assumir a presid\u00eancia da C\u00e2mara Municipal de Cabeceiras de Basto. Numa conversa mais intimista do que o habitual, n\u00e3o evita afirmar que, n\u00e3o fora a candidatura independente do hist\u00f3rico socialista Joaquim Barreto, muito provavelmente teria ganho com maioria absoluta.","og_url":"https:\/\/terrasdebasto.pt\/?p=4652","og_site_name":"Jornal Terras de Basto","article_published_time":"2025-10-30T12:07:27+00:00","article_modified_time":"2025-10-30T12:10:18+00:00","og_image":[{"width":2406,"height":1829,"url":"https:\/\/terrasdebasto.pt\/wp-content\/uploads\/2025\/10\/FOTO-01-MAT.jpg","type":"image\/jpeg"}],"author":"Jo\u00e3o Paulo Mesquita","twitter_card":"summary_large_image","twitter_misc":{"Escrito por":"Jo\u00e3o Paulo Mesquita","Tempo estimado de leitura":"3 minutos"},"schema":{"@context":"https:\/\/schema.org","@graph":[{"@type":"Article","@id":"https:\/\/terrasdebasto.pt\/?p=4652#article","isPartOf":{"@id":"https:\/\/terrasdebasto.pt\/?p=4652"},"author":{"name":"Jo\u00e3o Paulo Mesquita","@id":"https:\/\/terrasdebasto.pt\/#\/schema\/person\/9f6739f5394ac65c802641773b278b84"},"headline":"Agora, \u00e9 ele quem manda","datePublished":"2025-10-30T12:07:27+00:00","dateModified":"2025-10-30T12:10:18+00:00","mainEntityOfPage":{"@id":"https:\/\/terrasdebasto.pt\/?p=4652"},"wordCount":411,"commentCount":0,"publisher":{"@id":"https:\/\/terrasdebasto.pt\/#organization"},"image":{"@id":"https:\/\/terrasdebasto.pt\/?p=4652#primaryimage"},"thumbnailUrl":"https:\/\/terrasdebasto.pt\/wp-content\/uploads\/2025\/10\/FOTO-01-MAT.jpg","keywords":["C\u00e2mara de Cabeceiras de Basto","Manuel Ant\u00f3nio Teixeira"],"articleSection":["Cabeceiras de Basto","Cultura","Entrevista"],"inLanguage":"pt-PT","potentialAction":[{"@type":"CommentAction","name":"Comment","target":["https:\/\/terrasdebasto.pt\/?p=4652#respond"]}]},{"@type":"WebPage","@id":"https:\/\/terrasdebasto.pt\/?p=4652","url":"https:\/\/terrasdebasto.pt\/?p=4652","name":"Agora, \u00e9 ele quem manda - Jornal Terras de Basto","isPartOf":{"@id":"https:\/\/terrasdebasto.pt\/#website"},"primaryImageOfPage":{"@id":"https:\/\/terrasdebasto.pt\/?p=4652#primaryimage"},"image":{"@id":"https:\/\/terrasdebasto.pt\/?p=4652#primaryimage"},"thumbnailUrl":"https:\/\/terrasdebasto.pt\/wp-content\/uploads\/2025\/10\/FOTO-01-MAT.jpg","datePublished":"2025-10-30T12:07:27+00:00","dateModified":"2025-10-30T12:10:18+00:00","description":"Manuel Ant\u00f3nio Teixeira acaba de assumir a presid\u00eancia da C\u00e2mara Municipal de Cabeceiras de Basto. Numa conversa mais intimista do que o habitual, n\u00e3o evita afirmar que, n\u00e3o fora a candidatura independente do hist\u00f3rico socialista Joaquim Barreto, muito provavelmente teria ganho com maioria absoluta.","breadcrumb":{"@id":"https:\/\/terrasdebasto.pt\/?p=4652#breadcrumb"},"inLanguage":"pt-PT","potentialAction":[{"@type":"ReadAction","target":["https:\/\/terrasdebasto.pt\/?p=4652"]}]},{"@type":"ImageObject","inLanguage":"pt-PT","@id":"https:\/\/terrasdebasto.pt\/?p=4652#primaryimage","url":"https:\/\/terrasdebasto.pt\/wp-content\/uploads\/2025\/10\/FOTO-01-MAT.jpg","contentUrl":"https:\/\/terrasdebasto.pt\/wp-content\/uploads\/2025\/10\/FOTO-01-MAT.jpg","width":2406,"height":1829},{"@type":"BreadcrumbList","@id":"https:\/\/terrasdebasto.pt\/?p=4652#breadcrumb","itemListElement":[{"@type":"ListItem","position":1,"name":"In\u00edcio","item":"https:\/\/terrasdebasto.pt\/"},{"@type":"ListItem","position":2,"name":"Agora, \u00e9 ele quem manda"}]},{"@type":"WebSite","@id":"https:\/\/terrasdebasto.pt\/#website","url":"https:\/\/terrasdebasto.pt\/","name":"Jornal Terras de Basto","description":"","publisher":{"@id":"https:\/\/terrasdebasto.pt\/#organization"},"potentialAction":[{"@type":"SearchAction","target":{"@type":"EntryPoint","urlTemplate":"https:\/\/terrasdebasto.pt\/?s={search_term_string}"},"query-input":{"@type":"PropertyValueSpecification","valueRequired":true,"valueName":"search_term_string"}}],"inLanguage":"pt-PT"},{"@type":"Organization","@id":"https:\/\/terrasdebasto.pt\/#organization","name":"Jornal Terras de Basto","url":"https:\/\/terrasdebasto.pt\/","logo":{"@type":"ImageObject","inLanguage":"pt-PT","@id":"https:\/\/terrasdebasto.pt\/#\/schema\/logo\/image\/","url":"https:\/\/terrasdebasto.pt\/wp-content\/uploads\/2024\/06\/LogoNormal.png","contentUrl":"https:\/\/terrasdebasto.pt\/wp-content\/uploads\/2024\/06\/LogoNormal.png","width":5638,"height":809,"caption":"Jornal Terras de Basto"},"image":{"@id":"https:\/\/terrasdebasto.pt\/#\/schema\/logo\/image\/"}},{"@type":"Person","@id":"https:\/\/terrasdebasto.pt\/#\/schema\/person\/9f6739f5394ac65c802641773b278b84","name":"Jo\u00e3o Paulo Mesquita","image":{"@type":"ImageObject","inLanguage":"pt-PT","@id":"https:\/\/terrasdebasto.pt\/#\/schema\/person\/image\/","url":"https:\/\/secure.gravatar.com\/avatar\/9bd0f299e6d96336664aab64354168246a3ee3287c47891c50d450e47ed9d7f9?s=96&d=mm&r=g","contentUrl":"https:\/\/secure.gravatar.com\/avatar\/9bd0f299e6d96336664aab64354168246a3ee3287c47891c50d450e47ed9d7f9?s=96&d=mm&r=g","caption":"Jo\u00e3o Paulo Mesquita"},"url":"https:\/\/terrasdebasto.pt\/?author=7"}]}},"_links":{"self":[{"href":"https:\/\/terrasdebasto.pt\/index.php?rest_route=\/wp\/v2\/posts\/4652","targetHints":{"allow":["GET"]}}],"collection":[{"href":"https:\/\/terrasdebasto.pt\/index.php?rest_route=\/wp\/v2\/posts"}],"about":[{"href":"https:\/\/terrasdebasto.pt\/index.php?rest_route=\/wp\/v2\/types\/post"}],"author":[{"embeddable":true,"href":"https:\/\/terrasdebasto.pt\/index.php?rest_route=\/wp\/v2\/users\/7"}],"replies":[{"embeddable":true,"href":"https:\/\/terrasdebasto.pt\/index.php?rest_route=%2Fwp%2Fv2%2Fcomments&post=4652"}],"version-history":[{"count":1,"href":"https:\/\/terrasdebasto.pt\/index.php?rest_route=\/wp\/v2\/posts\/4652\/revisions"}],"predecessor-version":[{"id":4656,"href":"https:\/\/terrasdebasto.pt\/index.php?rest_route=\/wp\/v2\/posts\/4652\/revisions\/4656"}],"wp:featuredmedia":[{"embeddable":true,"href":"https:\/\/terrasdebasto.pt\/index.php?rest_route=\/wp\/v2\/media\/4653"}],"wp:attachment":[{"href":"https:\/\/terrasdebasto.pt\/index.php?rest_route=%2Fwp%2Fv2%2Fmedia&parent=4652"}],"wp:term":[{"taxonomy":"category","embeddable":true,"href":"https:\/\/terrasdebasto.pt\/index.php?rest_route=%2Fwp%2Fv2%2Fcategories&post=4652"},{"taxonomy":"post_tag","embeddable":true,"href":"https:\/\/terrasdebasto.pt\/index.php?rest_route=%2Fwp%2Fv2%2Ftags&post=4652"}],"curies":[{"name":"wp","href":"https:\/\/api.w.org\/{rel}","templated":true}]}}