{"id":4627,"date":"2025-10-29T13:10:34","date_gmt":"2025-10-29T13:10:34","guid":{"rendered":"https:\/\/terrasdebasto.pt\/?p=4627"},"modified":"2025-10-29T13:10:34","modified_gmt":"2025-10-29T13:10:34","slug":"mais-uma-otima-edicao-do-terras-de-basto-16","status":"publish","type":"post","link":"https:\/\/terrasdebasto.pt\/?p=4627","title":{"rendered":"Mais uma \u00f3tima edi\u00e7\u00e3o do Terras de Basto"},"content":{"rendered":"\n<p><\/p>\n\n\n\n<p>Agora, \u00e9 ele quem manda. E ele \u00e9 Manuel Ant\u00f3nio Teixeira, que acaba de assumir a presid\u00eancia da C\u00e2mara de Cabeceiras de Basto. Numa conversa mais intimista do que o habitual, n\u00e3o evita afirmar ao Terras de Basto que, n\u00e3o fora a candidatura independente do hist\u00f3rico socialista Joaquim Barreto, muito provavelmente teria ganho com maioria absoluta. J\u00e1 reuniu com os dirigentes da tecnoestrutura municipal, e diz que, se pudesse lan\u00e7ar j\u00e1 uma grande obra, ela seria o prometido \u201ccentro de espet\u00e1culos\u201d. \u00c0 discuss\u00e3o p\u00fablica tenciona p\u00f4r em breve a invers\u00e3o do sentido do tr\u00e2nsito na Rua do Pinheiro e na Pra\u00e7a da Rep\u00fablica. Este \u00e9 o principal destaque de mais uma \u00f3tima edi\u00e7\u00e3o do Terras de Basto, quase a sair para distribui\u00e7\u00e3o. \u201c\u00c0s quintas, de quinze em quinze\u201d\u2026<\/p>\n\n\n\n<p>Mas, a par desta entrevista com o novo edil de Basto, esta edi\u00e7\u00e3o traz-lhe muitos outros motivos para boas leituras. \u00c9 o caso de um trabalho sobre a evoca\u00e7\u00e3o que Celorico de Basto fez agora, a prop\u00f3sito do centen\u00e1rio de nascimento, do arquiteto paisagista Il\u00eddio de Ara\u00fajo, natural da Lameira. F\u00ea-lo com visitas, confer\u00eancias, uma exposi\u00e7\u00e3o e o lan\u00e7amento do in\u00e9dito \u201cA Arte da Jardinagem nas Terras de Basto\u201d.<\/p>\n\n\n\n<p>J\u00e1 em Mondim de Basto, o destaque vai para a tomada de posse dos novos \u00f3rg\u00e3os aut\u00e1rquicos. Foi ao futuro que o presidente da C\u00e2mara apontou o foco da sua primeira interven\u00e7\u00e3o ap\u00f3s a tomada de posse para novo mandato. Um \u00abfuturo de oportunidades\u00bb, \u00abpara todas as fam\u00edlias e para todas as idades\u00bb, \u00abde desenvolvimento e crescimento sustent\u00e1vel\u00bb, \u00abem que ningu\u00e9m fique para tr\u00e1s\u00bb, prometeu.<\/p>\n\n\n\n<p>Tamb\u00e9m em Ribeira de Pena, a chamada \u00e0 primeira p\u00e1gina se faz com a tomada de posse dos novos autarcas. Teve emo\u00e7\u00e3o de sobra e pareceu induzida pelo recente ambiente da campanha eleitoral a sess\u00e3o de instala\u00e7\u00e3o dos \u00f3rg\u00e3os aut\u00e1rquicos. Foi neste contexto que Jo\u00e3o Noronha relevou \u00aba maior vit\u00f3ria de sempre alguma vez alcan\u00e7ada pelo Partido Socialista no concelho\u00bb.<\/p>\n\n\n\n<p>No mesmo contexto, voltamos a Cabeceiras de Basto para relevar a \u00faltima interven\u00e7\u00e3o de Joaquim Barreto como presidente-cessante da Assembleia Municipal, que aproveitou a despedida para relevar os \u00abdesafios importantes\u00bb que o concelho enfrenta: \u00aba perda de popula\u00e7\u00e3o, o envelhecimento, a necessidade de investimento e a cria\u00e7\u00e3o de oportunidades\u00bb.<\/p>\n\n\n\n<p>E \u00e9 destes e de muitos outros temas que se faz a edi\u00e7\u00e3o do Terras de Basto de 30 de outubro, no caso, a terceira edi\u00e7\u00e3o do m\u00eas. Tenha boas leituras.<\/p>\n\n\n\n<p>Jo\u00e3o Paulo Mesquita<\/p>\n\n\n\n<p>Diretor<\/p>\n","protected":false},"excerpt":{"rendered":"<p>Agora, \u00e9 ele quem manda. E ele \u00e9 Manuel Ant\u00f3nio Teixeira, que acaba de assumir a presid\u00eancia da C\u00e2mara de Cabeceiras de Basto. Numa conversa mais intimista do que o habitual, n\u00e3o evita afirmar ao Terras de Basto que, n\u00e3o fora a candidatura independente do hist\u00f3rico socialista Joaquim Barreto, muito provavelmente teria ganho com maioria [&hellip;]<\/p>\n","protected":false},"author":7,"featured_media":4628,"comment_status":"open","ping_status":"open","sticky":false,"template":"","format":"standard","meta":{"footnotes":""},"categories":[27,12,13,7,8,11,28,2,16,26,10,15,9],"tags":[994,1037,775,502,230],"class_list":{"0":"post-4627","1":"post","2":"type-post","3":"status-publish","4":"format-standard","5":"has-post-thumbnail","7":"category-artigo-de-opiniao","8":"category-cabeceiras-de-basto","9":"category-celorico-de-basto","10":"category-cultura","11":"category-desporto","12":"category-educacao","13":"category-entrevista","14":"category-featured","15":"category-mondim-de-basto","16":"category-ribeira-de-pena","17":"category-saude","18":"category-technology","19":"category-terras-de-basto","20":"tag-imprensa","21":"tag-imprensa-de-basto","22":"tag-imprensa-regional","23":"tag-jornal-terras-de-basto","24":"tag-terras-de-basto"},"yoast_head":"<!-- This site is optimized with the Yoast SEO plugin v25.7 - https:\/\/yoast.com\/wordpress\/plugins\/seo\/ -->\n<title>Mais uma \u00f3tima edi\u00e7\u00e3o do Terras de Basto - Jornal Terras de Basto<\/title>\n<meta name=\"description\" content=\"Agora, \u00e9 ele quem manda. E ele \u00e9 Manuel Ant\u00f3nio Teixeira, que acaba de assumir a presid\u00eancia da C\u00e2mara de Cabeceiras de Basto. Numa conversa mais intimista do que o habitual, n\u00e3o evita afirmar ao Terras de Basto que, n\u00e3o fora a candidatura independente do hist\u00f3rico socialista Joaquim Barreto, muito provavelmente teria ganho com maioria absoluta. J\u00e1 reuniu com os dirigentes da tecnoestrutura municipal, e diz que, se pudesse lan\u00e7ar j\u00e1 uma grande obra, ela seria o prometido \u201ccentro de espet\u00e1culos\u201d. \u00c0 discuss\u00e3o p\u00fablica tenciona p\u00f4r em breve a invers\u00e3o do sentido do tr\u00e2nsito na Rua do Pinheiro e na Pra\u00e7a da Rep\u00fablica. Este \u00e9 o principal destaque de mais uma \u00f3tima edi\u00e7\u00e3o do Terras de Basto, quase a sair para distribui\u00e7\u00e3o. \u201c\u00c0s quintas, de quinze em quinze\u201d\u2026\" \/>\n<meta name=\"robots\" content=\"index, follow, max-snippet:-1, max-image-preview:large, max-video-preview:-1\" \/>\n<link rel=\"canonical\" href=\"https:\/\/terrasdebasto.pt\/?p=4627\" \/>\n<meta property=\"og:locale\" content=\"pt_PT\" \/>\n<meta property=\"og:type\" content=\"article\" \/>\n<meta property=\"og:title\" content=\"Mais uma \u00f3tima edi\u00e7\u00e3o do Terras de Basto - Jornal Terras de Basto\" \/>\n<meta property=\"og:description\" content=\"Agora, \u00e9 ele quem manda. E ele \u00e9 Manuel Ant\u00f3nio Teixeira, que acaba de assumir a presid\u00eancia da C\u00e2mara de Cabeceiras de Basto. Numa conversa mais intimista do que o habitual, n\u00e3o evita afirmar ao Terras de Basto que, n\u00e3o fora a candidatura independente do hist\u00f3rico socialista Joaquim Barreto, muito provavelmente teria ganho com maioria absoluta. J\u00e1 reuniu com os dirigentes da tecnoestrutura municipal, e diz que, se pudesse lan\u00e7ar j\u00e1 uma grande obra, ela seria o prometido \u201ccentro de espet\u00e1culos\u201d. \u00c0 discuss\u00e3o p\u00fablica tenciona p\u00f4r em breve a invers\u00e3o do sentido do tr\u00e2nsito na Rua do Pinheiro e na Pra\u00e7a da Rep\u00fablica. Este \u00e9 o principal destaque de mais uma \u00f3tima edi\u00e7\u00e3o do Terras de Basto, quase a sair para distribui\u00e7\u00e3o. \u201c\u00c0s quintas, de quinze em quinze\u201d\u2026\" \/>\n<meta property=\"og:url\" content=\"https:\/\/terrasdebasto.pt\/?p=4627\" \/>\n<meta property=\"og:site_name\" content=\"Jornal Terras de Basto\" \/>\n<meta property=\"article:published_time\" content=\"2025-10-29T13:10:34+00:00\" \/>\n<meta property=\"og:image\" content=\"https:\/\/terrasdebasto.pt\/wp-content\/uploads\/2025\/10\/CAPA-1.jpg\" \/>\n\t<meta property=\"og:image:width\" content=\"1054\" \/>\n\t<meta property=\"og:image:height\" content=\"1280\" \/>\n\t<meta property=\"og:image:type\" content=\"image\/jpeg\" \/>\n<meta name=\"author\" content=\"Jo\u00e3o Paulo Mesquita\" \/>\n<meta name=\"twitter:card\" content=\"summary_large_image\" \/>\n<meta name=\"twitter:label1\" content=\"Escrito por\" \/>\n\t<meta name=\"twitter:data1\" content=\"Jo\u00e3o Paulo Mesquita\" \/>\n\t<meta name=\"twitter:label2\" content=\"Tempo estimado de leitura\" \/>\n\t<meta name=\"twitter:data2\" content=\"3 minutos\" \/>\n<script type=\"application\/ld+json\" class=\"yoast-schema-graph\">{\"@context\":\"https:\/\/schema.org\",\"@graph\":[{\"@type\":\"Article\",\"@id\":\"https:\/\/terrasdebasto.pt\/?p=4627#article\",\"isPartOf\":{\"@id\":\"https:\/\/terrasdebasto.pt\/?p=4627\"},\"author\":{\"name\":\"Jo\u00e3o Paulo Mesquita\",\"@id\":\"https:\/\/terrasdebasto.pt\/#\/schema\/person\/9f6739f5394ac65c802641773b278b84\"},\"headline\":\"Mais uma \u00f3tima edi\u00e7\u00e3o do Terras de Basto\",\"datePublished\":\"2025-10-29T13:10:34+00:00\",\"mainEntityOfPage\":{\"@id\":\"https:\/\/terrasdebasto.pt\/?p=4627\"},\"wordCount\":461,\"commentCount\":0,\"publisher\":{\"@id\":\"https:\/\/terrasdebasto.pt\/#organization\"},\"image\":{\"@id\":\"https:\/\/terrasdebasto.pt\/?p=4627#primaryimage\"},\"thumbnailUrl\":\"https:\/\/terrasdebasto.pt\/wp-content\/uploads\/2025\/10\/CAPA-1.jpg\",\"keywords\":[\"Imprensa\",\"Imprensa de Basto\",\"Imprensa Regional\",\"Jornal Terras de Basto\",\"Terras de Basto\"],\"articleSection\":[\"Artigo de opini\u00e3o\",\"Cabeceiras de Basto\",\"Celorico de Basto\",\"Cultura\",\"Desporto\",\"Educa\u00e7\u00e3o\",\"Entrevista\",\"Featured\",\"Mondim de Basto\",\"Ribeira de Pena\",\"Sa\u00fade\",\"Tecnologia\",\"Terras de Basto\"],\"inLanguage\":\"pt-PT\",\"potentialAction\":[{\"@type\":\"CommentAction\",\"name\":\"Comment\",\"target\":[\"https:\/\/terrasdebasto.pt\/?p=4627#respond\"]}]},{\"@type\":\"WebPage\",\"@id\":\"https:\/\/terrasdebasto.pt\/?p=4627\",\"url\":\"https:\/\/terrasdebasto.pt\/?p=4627\",\"name\":\"Mais uma \u00f3tima edi\u00e7\u00e3o do Terras de Basto - Jornal Terras de Basto\",\"isPartOf\":{\"@id\":\"https:\/\/terrasdebasto.pt\/#website\"},\"primaryImageOfPage\":{\"@id\":\"https:\/\/terrasdebasto.pt\/?p=4627#primaryimage\"},\"image\":{\"@id\":\"https:\/\/terrasdebasto.pt\/?p=4627#primaryimage\"},\"thumbnailUrl\":\"https:\/\/terrasdebasto.pt\/wp-content\/uploads\/2025\/10\/CAPA-1.jpg\",\"datePublished\":\"2025-10-29T13:10:34+00:00\",\"description\":\"Agora, \u00e9 ele quem manda. E ele \u00e9 Manuel Ant\u00f3nio Teixeira, que acaba de assumir a presid\u00eancia da C\u00e2mara de Cabeceiras de Basto. Numa conversa mais intimista do que o habitual, n\u00e3o evita afirmar ao Terras de Basto que, n\u00e3o fora a candidatura independente do hist\u00f3rico socialista Joaquim Barreto, muito provavelmente teria ganho com maioria absoluta. J\u00e1 reuniu com os dirigentes da tecnoestrutura municipal, e diz que, se pudesse lan\u00e7ar j\u00e1 uma grande obra, ela seria o prometido \u201ccentro de espet\u00e1culos\u201d. \u00c0 discuss\u00e3o p\u00fablica tenciona p\u00f4r em breve a invers\u00e3o do sentido do tr\u00e2nsito na Rua do Pinheiro e na Pra\u00e7a da Rep\u00fablica. Este \u00e9 o principal destaque de mais uma \u00f3tima edi\u00e7\u00e3o do Terras de Basto, quase a sair para distribui\u00e7\u00e3o. \u201c\u00c0s quintas, de quinze em quinze\u201d\u2026\",\"breadcrumb\":{\"@id\":\"https:\/\/terrasdebasto.pt\/?p=4627#breadcrumb\"},\"inLanguage\":\"pt-PT\",\"potentialAction\":[{\"@type\":\"ReadAction\",\"target\":[\"https:\/\/terrasdebasto.pt\/?p=4627\"]}]},{\"@type\":\"ImageObject\",\"inLanguage\":\"pt-PT\",\"@id\":\"https:\/\/terrasdebasto.pt\/?p=4627#primaryimage\",\"url\":\"https:\/\/terrasdebasto.pt\/wp-content\/uploads\/2025\/10\/CAPA-1.jpg\",\"contentUrl\":\"https:\/\/terrasdebasto.pt\/wp-content\/uploads\/2025\/10\/CAPA-1.jpg\",\"width\":1054,\"height\":1280},{\"@type\":\"BreadcrumbList\",\"@id\":\"https:\/\/terrasdebasto.pt\/?p=4627#breadcrumb\",\"itemListElement\":[{\"@type\":\"ListItem\",\"position\":1,\"name\":\"In\u00edcio\",\"item\":\"https:\/\/terrasdebasto.pt\/\"},{\"@type\":\"ListItem\",\"position\":2,\"name\":\"Mais uma \u00f3tima edi\u00e7\u00e3o do Terras de Basto\"}]},{\"@type\":\"WebSite\",\"@id\":\"https:\/\/terrasdebasto.pt\/#website\",\"url\":\"https:\/\/terrasdebasto.pt\/\",\"name\":\"Jornal Terras de Basto\",\"description\":\"\",\"publisher\":{\"@id\":\"https:\/\/terrasdebasto.pt\/#organization\"},\"potentialAction\":[{\"@type\":\"SearchAction\",\"target\":{\"@type\":\"EntryPoint\",\"urlTemplate\":\"https:\/\/terrasdebasto.pt\/?s={search_term_string}\"},\"query-input\":{\"@type\":\"PropertyValueSpecification\",\"valueRequired\":true,\"valueName\":\"search_term_string\"}}],\"inLanguage\":\"pt-PT\"},{\"@type\":\"Organization\",\"@id\":\"https:\/\/terrasdebasto.pt\/#organization\",\"name\":\"Jornal Terras de Basto\",\"url\":\"https:\/\/terrasdebasto.pt\/\",\"logo\":{\"@type\":\"ImageObject\",\"inLanguage\":\"pt-PT\",\"@id\":\"https:\/\/terrasdebasto.pt\/#\/schema\/logo\/image\/\",\"url\":\"https:\/\/terrasdebasto.pt\/wp-content\/uploads\/2024\/06\/LogoNormal.png\",\"contentUrl\":\"https:\/\/terrasdebasto.pt\/wp-content\/uploads\/2024\/06\/LogoNormal.png\",\"width\":5638,\"height\":809,\"caption\":\"Jornal Terras de Basto\"},\"image\":{\"@id\":\"https:\/\/terrasdebasto.pt\/#\/schema\/logo\/image\/\"}},{\"@type\":\"Person\",\"@id\":\"https:\/\/terrasdebasto.pt\/#\/schema\/person\/9f6739f5394ac65c802641773b278b84\",\"name\":\"Jo\u00e3o Paulo Mesquita\",\"image\":{\"@type\":\"ImageObject\",\"inLanguage\":\"pt-PT\",\"@id\":\"https:\/\/terrasdebasto.pt\/#\/schema\/person\/image\/\",\"url\":\"https:\/\/secure.gravatar.com\/avatar\/9bd0f299e6d96336664aab64354168246a3ee3287c47891c50d450e47ed9d7f9?s=96&d=mm&r=g\",\"contentUrl\":\"https:\/\/secure.gravatar.com\/avatar\/9bd0f299e6d96336664aab64354168246a3ee3287c47891c50d450e47ed9d7f9?s=96&d=mm&r=g\",\"caption\":\"Jo\u00e3o Paulo Mesquita\"},\"url\":\"https:\/\/terrasdebasto.pt\/?author=7\"}]}<\/script>\n<!-- \/ Yoast SEO plugin. -->","yoast_head_json":{"title":"Mais uma \u00f3tima edi\u00e7\u00e3o do Terras de Basto - Jornal Terras de Basto","description":"Agora, \u00e9 ele quem manda. E ele \u00e9 Manuel Ant\u00f3nio Teixeira, que acaba de assumir a presid\u00eancia da C\u00e2mara de Cabeceiras de Basto. Numa conversa mais intimista do que o habitual, n\u00e3o evita afirmar ao Terras de Basto que, n\u00e3o fora a candidatura independente do hist\u00f3rico socialista Joaquim Barreto, muito provavelmente teria ganho com maioria absoluta. J\u00e1 reuniu com os dirigentes da tecnoestrutura municipal, e diz que, se pudesse lan\u00e7ar j\u00e1 uma grande obra, ela seria o prometido \u201ccentro de espet\u00e1culos\u201d. \u00c0 discuss\u00e3o p\u00fablica tenciona p\u00f4r em breve a invers\u00e3o do sentido do tr\u00e2nsito na Rua do Pinheiro e na Pra\u00e7a da Rep\u00fablica. Este \u00e9 o principal destaque de mais uma \u00f3tima edi\u00e7\u00e3o do Terras de Basto, quase a sair para distribui\u00e7\u00e3o. \u201c\u00c0s quintas, de quinze em quinze\u201d\u2026","robots":{"index":"index","follow":"follow","max-snippet":"max-snippet:-1","max-image-preview":"max-image-preview:large","max-video-preview":"max-video-preview:-1"},"canonical":"https:\/\/terrasdebasto.pt\/?p=4627","og_locale":"pt_PT","og_type":"article","og_title":"Mais uma \u00f3tima edi\u00e7\u00e3o do Terras de Basto - Jornal Terras de Basto","og_description":"Agora, \u00e9 ele quem manda. E ele \u00e9 Manuel Ant\u00f3nio Teixeira, que acaba de assumir a presid\u00eancia da C\u00e2mara de Cabeceiras de Basto. Numa conversa mais intimista do que o habitual, n\u00e3o evita afirmar ao Terras de Basto que, n\u00e3o fora a candidatura independente do hist\u00f3rico socialista Joaquim Barreto, muito provavelmente teria ganho com maioria absoluta. J\u00e1 reuniu com os dirigentes da tecnoestrutura municipal, e diz que, se pudesse lan\u00e7ar j\u00e1 uma grande obra, ela seria o prometido \u201ccentro de espet\u00e1culos\u201d. \u00c0 discuss\u00e3o p\u00fablica tenciona p\u00f4r em breve a invers\u00e3o do sentido do tr\u00e2nsito na Rua do Pinheiro e na Pra\u00e7a da Rep\u00fablica. Este \u00e9 o principal destaque de mais uma \u00f3tima edi\u00e7\u00e3o do Terras de Basto, quase a sair para distribui\u00e7\u00e3o. \u201c\u00c0s quintas, de quinze em quinze\u201d\u2026","og_url":"https:\/\/terrasdebasto.pt\/?p=4627","og_site_name":"Jornal Terras de Basto","article_published_time":"2025-10-29T13:10:34+00:00","og_image":[{"width":1054,"height":1280,"url":"https:\/\/terrasdebasto.pt\/wp-content\/uploads\/2025\/10\/CAPA-1.jpg","type":"image\/jpeg"}],"author":"Jo\u00e3o Paulo Mesquita","twitter_card":"summary_large_image","twitter_misc":{"Escrito por":"Jo\u00e3o Paulo Mesquita","Tempo estimado de leitura":"3 minutos"},"schema":{"@context":"https:\/\/schema.org","@graph":[{"@type":"Article","@id":"https:\/\/terrasdebasto.pt\/?p=4627#article","isPartOf":{"@id":"https:\/\/terrasdebasto.pt\/?p=4627"},"author":{"name":"Jo\u00e3o Paulo Mesquita","@id":"https:\/\/terrasdebasto.pt\/#\/schema\/person\/9f6739f5394ac65c802641773b278b84"},"headline":"Mais uma \u00f3tima edi\u00e7\u00e3o do Terras de Basto","datePublished":"2025-10-29T13:10:34+00:00","mainEntityOfPage":{"@id":"https:\/\/terrasdebasto.pt\/?p=4627"},"wordCount":461,"commentCount":0,"publisher":{"@id":"https:\/\/terrasdebasto.pt\/#organization"},"image":{"@id":"https:\/\/terrasdebasto.pt\/?p=4627#primaryimage"},"thumbnailUrl":"https:\/\/terrasdebasto.pt\/wp-content\/uploads\/2025\/10\/CAPA-1.jpg","keywords":["Imprensa","Imprensa de Basto","Imprensa Regional","Jornal Terras de Basto","Terras de Basto"],"articleSection":["Artigo de opini\u00e3o","Cabeceiras de Basto","Celorico de Basto","Cultura","Desporto","Educa\u00e7\u00e3o","Entrevista","Featured","Mondim de Basto","Ribeira de Pena","Sa\u00fade","Tecnologia","Terras de Basto"],"inLanguage":"pt-PT","potentialAction":[{"@type":"CommentAction","name":"Comment","target":["https:\/\/terrasdebasto.pt\/?p=4627#respond"]}]},{"@type":"WebPage","@id":"https:\/\/terrasdebasto.pt\/?p=4627","url":"https:\/\/terrasdebasto.pt\/?p=4627","name":"Mais uma \u00f3tima edi\u00e7\u00e3o do Terras de Basto - Jornal Terras de Basto","isPartOf":{"@id":"https:\/\/terrasdebasto.pt\/#website"},"primaryImageOfPage":{"@id":"https:\/\/terrasdebasto.pt\/?p=4627#primaryimage"},"image":{"@id":"https:\/\/terrasdebasto.pt\/?p=4627#primaryimage"},"thumbnailUrl":"https:\/\/terrasdebasto.pt\/wp-content\/uploads\/2025\/10\/CAPA-1.jpg","datePublished":"2025-10-29T13:10:34+00:00","description":"Agora, \u00e9 ele quem manda. E ele \u00e9 Manuel Ant\u00f3nio Teixeira, que acaba de assumir a presid\u00eancia da C\u00e2mara de Cabeceiras de Basto. Numa conversa mais intimista do que o habitual, n\u00e3o evita afirmar ao Terras de Basto que, n\u00e3o fora a candidatura independente do hist\u00f3rico socialista Joaquim Barreto, muito provavelmente teria ganho com maioria absoluta. J\u00e1 reuniu com os dirigentes da tecnoestrutura municipal, e diz que, se pudesse lan\u00e7ar j\u00e1 uma grande obra, ela seria o prometido \u201ccentro de espet\u00e1culos\u201d. \u00c0 discuss\u00e3o p\u00fablica tenciona p\u00f4r em breve a invers\u00e3o do sentido do tr\u00e2nsito na Rua do Pinheiro e na Pra\u00e7a da Rep\u00fablica. Este \u00e9 o principal destaque de mais uma \u00f3tima edi\u00e7\u00e3o do Terras de Basto, quase a sair para distribui\u00e7\u00e3o. \u201c\u00c0s quintas, de quinze em quinze\u201d\u2026","breadcrumb":{"@id":"https:\/\/terrasdebasto.pt\/?p=4627#breadcrumb"},"inLanguage":"pt-PT","potentialAction":[{"@type":"ReadAction","target":["https:\/\/terrasdebasto.pt\/?p=4627"]}]},{"@type":"ImageObject","inLanguage":"pt-PT","@id":"https:\/\/terrasdebasto.pt\/?p=4627#primaryimage","url":"https:\/\/terrasdebasto.pt\/wp-content\/uploads\/2025\/10\/CAPA-1.jpg","contentUrl":"https:\/\/terrasdebasto.pt\/wp-content\/uploads\/2025\/10\/CAPA-1.jpg","width":1054,"height":1280},{"@type":"BreadcrumbList","@id":"https:\/\/terrasdebasto.pt\/?p=4627#breadcrumb","itemListElement":[{"@type":"ListItem","position":1,"name":"In\u00edcio","item":"https:\/\/terrasdebasto.pt\/"},{"@type":"ListItem","position":2,"name":"Mais uma \u00f3tima edi\u00e7\u00e3o do Terras de Basto"}]},{"@type":"WebSite","@id":"https:\/\/terrasdebasto.pt\/#website","url":"https:\/\/terrasdebasto.pt\/","name":"Jornal Terras de Basto","description":"","publisher":{"@id":"https:\/\/terrasdebasto.pt\/#organization"},"potentialAction":[{"@type":"SearchAction","target":{"@type":"EntryPoint","urlTemplate":"https:\/\/terrasdebasto.pt\/?s={search_term_string}"},"query-input":{"@type":"PropertyValueSpecification","valueRequired":true,"valueName":"search_term_string"}}],"inLanguage":"pt-PT"},{"@type":"Organization","@id":"https:\/\/terrasdebasto.pt\/#organization","name":"Jornal Terras de Basto","url":"https:\/\/terrasdebasto.pt\/","logo":{"@type":"ImageObject","inLanguage":"pt-PT","@id":"https:\/\/terrasdebasto.pt\/#\/schema\/logo\/image\/","url":"https:\/\/terrasdebasto.pt\/wp-content\/uploads\/2024\/06\/LogoNormal.png","contentUrl":"https:\/\/terrasdebasto.pt\/wp-content\/uploads\/2024\/06\/LogoNormal.png","width":5638,"height":809,"caption":"Jornal Terras de Basto"},"image":{"@id":"https:\/\/terrasdebasto.pt\/#\/schema\/logo\/image\/"}},{"@type":"Person","@id":"https:\/\/terrasdebasto.pt\/#\/schema\/person\/9f6739f5394ac65c802641773b278b84","name":"Jo\u00e3o Paulo Mesquita","image":{"@type":"ImageObject","inLanguage":"pt-PT","@id":"https:\/\/terrasdebasto.pt\/#\/schema\/person\/image\/","url":"https:\/\/secure.gravatar.com\/avatar\/9bd0f299e6d96336664aab64354168246a3ee3287c47891c50d450e47ed9d7f9?s=96&d=mm&r=g","contentUrl":"https:\/\/secure.gravatar.com\/avatar\/9bd0f299e6d96336664aab64354168246a3ee3287c47891c50d450e47ed9d7f9?s=96&d=mm&r=g","caption":"Jo\u00e3o Paulo Mesquita"},"url":"https:\/\/terrasdebasto.pt\/?author=7"}]}},"_links":{"self":[{"href":"https:\/\/terrasdebasto.pt\/index.php?rest_route=\/wp\/v2\/posts\/4627","targetHints":{"allow":["GET"]}}],"collection":[{"href":"https:\/\/terrasdebasto.pt\/index.php?rest_route=\/wp\/v2\/posts"}],"about":[{"href":"https:\/\/terrasdebasto.pt\/index.php?rest_route=\/wp\/v2\/types\/post"}],"author":[{"embeddable":true,"href":"https:\/\/terrasdebasto.pt\/index.php?rest_route=\/wp\/v2\/users\/7"}],"replies":[{"embeddable":true,"href":"https:\/\/terrasdebasto.pt\/index.php?rest_route=%2Fwp%2Fv2%2Fcomments&post=4627"}],"version-history":[{"count":1,"href":"https:\/\/terrasdebasto.pt\/index.php?rest_route=\/wp\/v2\/posts\/4627\/revisions"}],"predecessor-version":[{"id":4629,"href":"https:\/\/terrasdebasto.pt\/index.php?rest_route=\/wp\/v2\/posts\/4627\/revisions\/4629"}],"wp:featuredmedia":[{"embeddable":true,"href":"https:\/\/terrasdebasto.pt\/index.php?rest_route=\/wp\/v2\/media\/4628"}],"wp:attachment":[{"href":"https:\/\/terrasdebasto.pt\/index.php?rest_route=%2Fwp%2Fv2%2Fmedia&parent=4627"}],"wp:term":[{"taxonomy":"category","embeddable":true,"href":"https:\/\/terrasdebasto.pt\/index.php?rest_route=%2Fwp%2Fv2%2Fcategories&post=4627"},{"taxonomy":"post_tag","embeddable":true,"href":"https:\/\/terrasdebasto.pt\/index.php?rest_route=%2Fwp%2Fv2%2Ftags&post=4627"}],"curies":[{"name":"wp","href":"https:\/\/api.w.org\/{rel}","templated":true}]}}