{"id":4624,"date":"2025-10-27T19:49:46","date_gmt":"2025-10-27T19:49:46","guid":{"rendered":"https:\/\/terrasdebasto.pt\/?p=4624"},"modified":"2025-10-27T19:49:46","modified_gmt":"2025-10-27T19:49:46","slug":"celorico-instala-centro-de-protecao-civil","status":"publish","type":"post","link":"https:\/\/terrasdebasto.pt\/?p=4624","title":{"rendered":"Celorico instala centro de prote\u00e7\u00e3o civil"},"content":{"rendered":"\n<p><\/p>\n\n\n\n<p><strong>A cria\u00e7\u00e3o de um Centro de Prote\u00e7\u00e3o Civil e de Gest\u00e3o Integrada de Riscos \u00e9 o objetivo da reabilita\u00e7\u00e3o de espa\u00e7os do edif\u00edcio do mercado que o Munic\u00edpio de Celorico de Basto se prop\u00f5e levar a cabo em consequ\u00eancia da aprova\u00e7\u00e3o da respetiva candidatura a financiamento de fundos comunit\u00e1rios.<\/strong><\/p>\n\n\n\n<p>A par da remodela\u00e7\u00e3o do im\u00f3vel, a candidatura \u2013 com o valor eleg\u00edvel de 543.136,32\u20ac e comparticipa\u00e7\u00e3o de 286.795,28\u20ac &#8212; compreende tamb\u00e9m a aquisi\u00e7\u00e3o de equipamento de ponta, nomeadamente um drone, destinado \u00e0 realiza\u00e7\u00e3o de m\u00faltiplas tarefas e fun\u00e7\u00f5es relacionadas com a prote\u00e7\u00e3o de pessoas, bens e ambiente.<\/p>\n\n\n\n<p>Compreende igualmente a aquisi\u00e7\u00e3o de uma viatura de prote\u00e7\u00e3o civil, que \u00abassumir\u00e1 um papel essencial no apoio a situa\u00e7\u00f5es de emerg\u00eancia, na vigil\u00e2ncia territorial e na assist\u00eancia \u00e0s popula\u00e7\u00f5es\u00bb.<\/p>\n\n\n\n<p>Submetida ao programa \u201cNorte2030\u201d, vai permitir a remodela\u00e7\u00e3o integral de um espa\u00e7o do edif\u00edcio do mercado municipal em adiantado estado de degrada\u00e7\u00e3o, a\u00ed ficando instalada a estrutura estrat\u00e9gica de coordena\u00e7\u00e3o e resposta.<\/p>\n\n\n\n<p>\u00abEste centro vai permitir maior efic\u00e1cia na prepara\u00e7\u00e3o da estrat\u00e9gia de salvaguarda das nossas popula\u00e7\u00f5es em todas as situa\u00e7\u00f5es; os efeitos das altera\u00e7\u00f5es clim\u00e1ticas t\u00eam vindo a evidenciar-se pela negativa, temos de estar preparados, com respostas claras e eficientes\u00bb, justifica o presidente da C\u00e2mara Municipal, Jos\u00e9 Peixoto Lima.<\/p>\n","protected":false},"excerpt":{"rendered":"<p>A cria\u00e7\u00e3o de um Centro de Prote\u00e7\u00e3o Civil e de Gest\u00e3o Integrada de Riscos \u00e9 o objetivo da reabilita\u00e7\u00e3o de espa\u00e7os do edif\u00edcio do mercado que o Munic\u00edpio de Celorico de Basto se prop\u00f5e levar a cabo em consequ\u00eancia da aprova\u00e7\u00e3o da respetiva candidatura a financiamento de fundos comunit\u00e1rios. A par da remodela\u00e7\u00e3o do im\u00f3vel, [&hellip;]<\/p>\n","protected":false},"author":7,"featured_media":4625,"comment_status":"open","ping_status":"open","sticky":false,"template":"","format":"standard","meta":{"footnotes":""},"categories":[13,9],"tags":[1036,481],"class_list":{"0":"post-4624","1":"post","2":"type-post","3":"status-publish","4":"format-standard","5":"has-post-thumbnail","7":"category-celorico-de-basto","8":"category-terras-de-basto","9":"tag-centro-municipal-de-protecao-civil","10":"tag-protecao-civil"},"yoast_head":"<!-- This site is optimized with the Yoast SEO plugin v25.7 - https:\/\/yoast.com\/wordpress\/plugins\/seo\/ -->\n<title>Celorico instala centro de prote\u00e7\u00e3o civil - Jornal Terras de Basto<\/title>\n<meta name=\"description\" content=\"A cria\u00e7\u00e3o de um Centro de Prote\u00e7\u00e3o Civil e de Gest\u00e3o Integrada de Riscos \u00e9 o objetivo da reabilita\u00e7\u00e3o de espa\u00e7os do edif\u00edcio do mercado que o Munic\u00edpio de Celorico de Basto se prop\u00f5e levar a cabo em consequ\u00eancia da aprova\u00e7\u00e3o da respetiva candidatura a financiamento de fundos comunit\u00e1rios.\" \/>\n<meta name=\"robots\" content=\"index, follow, max-snippet:-1, max-image-preview:large, max-video-preview:-1\" \/>\n<link rel=\"canonical\" href=\"https:\/\/terrasdebasto.pt\/?p=4624\" \/>\n<meta property=\"og:locale\" content=\"pt_PT\" \/>\n<meta property=\"og:type\" content=\"article\" \/>\n<meta property=\"og:title\" content=\"Celorico instala centro de prote\u00e7\u00e3o civil - Jornal Terras de Basto\" \/>\n<meta property=\"og:description\" content=\"A cria\u00e7\u00e3o de um Centro de Prote\u00e7\u00e3o Civil e de Gest\u00e3o Integrada de Riscos \u00e9 o objetivo da reabilita\u00e7\u00e3o de espa\u00e7os do edif\u00edcio do mercado que o Munic\u00edpio de Celorico de Basto se prop\u00f5e levar a cabo em consequ\u00eancia da aprova\u00e7\u00e3o da respetiva candidatura a financiamento de fundos comunit\u00e1rios.\" \/>\n<meta property=\"og:url\" content=\"https:\/\/terrasdebasto.pt\/?p=4624\" \/>\n<meta property=\"og:site_name\" content=\"Jornal Terras de Basto\" \/>\n<meta property=\"article:published_time\" content=\"2025-10-27T19:49:46+00:00\" \/>\n<meta property=\"og:image\" content=\"https:\/\/terrasdebasto.pt\/wp-content\/uploads\/2025\/10\/MERCADO-CELORICO-DE-BASTO.jpg\" \/>\n\t<meta property=\"og:image:width\" content=\"1730\" \/>\n\t<meta property=\"og:image:height\" content=\"975\" \/>\n\t<meta property=\"og:image:type\" content=\"image\/jpeg\" \/>\n<meta name=\"author\" content=\"Jo\u00e3o Paulo Mesquita\" \/>\n<meta name=\"twitter:card\" content=\"summary_large_image\" \/>\n<meta name=\"twitter:label1\" content=\"Escrito por\" \/>\n\t<meta name=\"twitter:data1\" content=\"Jo\u00e3o Paulo Mesquita\" \/>\n\t<meta name=\"twitter:label2\" content=\"Tempo estimado de leitura\" \/>\n\t<meta name=\"twitter:data2\" content=\"2 minutos\" \/>\n<script type=\"application\/ld+json\" class=\"yoast-schema-graph\">{\"@context\":\"https:\/\/schema.org\",\"@graph\":[{\"@type\":\"Article\",\"@id\":\"https:\/\/terrasdebasto.pt\/?p=4624#article\",\"isPartOf\":{\"@id\":\"https:\/\/terrasdebasto.pt\/?p=4624\"},\"author\":{\"name\":\"Jo\u00e3o Paulo Mesquita\",\"@id\":\"https:\/\/terrasdebasto.pt\/#\/schema\/person\/9f6739f5394ac65c802641773b278b84\"},\"headline\":\"Celorico instala centro de prote\u00e7\u00e3o civil\",\"datePublished\":\"2025-10-27T19:49:46+00:00\",\"mainEntityOfPage\":{\"@id\":\"https:\/\/terrasdebasto.pt\/?p=4624\"},\"wordCount\":251,\"commentCount\":0,\"publisher\":{\"@id\":\"https:\/\/terrasdebasto.pt\/#organization\"},\"image\":{\"@id\":\"https:\/\/terrasdebasto.pt\/?p=4624#primaryimage\"},\"thumbnailUrl\":\"https:\/\/terrasdebasto.pt\/wp-content\/uploads\/2025\/10\/MERCADO-CELORICO-DE-BASTO.jpg\",\"keywords\":[\"Centro Municipal de Prote\u00e7\u00e3o Civil\",\"Prote\u00e7\u00e3o Civil\"],\"articleSection\":[\"Celorico de Basto\",\"Terras de Basto\"],\"inLanguage\":\"pt-PT\",\"potentialAction\":[{\"@type\":\"CommentAction\",\"name\":\"Comment\",\"target\":[\"https:\/\/terrasdebasto.pt\/?p=4624#respond\"]}]},{\"@type\":\"WebPage\",\"@id\":\"https:\/\/terrasdebasto.pt\/?p=4624\",\"url\":\"https:\/\/terrasdebasto.pt\/?p=4624\",\"name\":\"Celorico instala centro de prote\u00e7\u00e3o civil - Jornal Terras de Basto\",\"isPartOf\":{\"@id\":\"https:\/\/terrasdebasto.pt\/#website\"},\"primaryImageOfPage\":{\"@id\":\"https:\/\/terrasdebasto.pt\/?p=4624#primaryimage\"},\"image\":{\"@id\":\"https:\/\/terrasdebasto.pt\/?p=4624#primaryimage\"},\"thumbnailUrl\":\"https:\/\/terrasdebasto.pt\/wp-content\/uploads\/2025\/10\/MERCADO-CELORICO-DE-BASTO.jpg\",\"datePublished\":\"2025-10-27T19:49:46+00:00\",\"description\":\"A cria\u00e7\u00e3o de um Centro de Prote\u00e7\u00e3o Civil e de Gest\u00e3o Integrada de Riscos \u00e9 o objetivo da reabilita\u00e7\u00e3o de espa\u00e7os do edif\u00edcio do mercado que o Munic\u00edpio de Celorico de Basto se prop\u00f5e levar a cabo em consequ\u00eancia da aprova\u00e7\u00e3o da respetiva candidatura a financiamento de fundos comunit\u00e1rios.\",\"breadcrumb\":{\"@id\":\"https:\/\/terrasdebasto.pt\/?p=4624#breadcrumb\"},\"inLanguage\":\"pt-PT\",\"potentialAction\":[{\"@type\":\"ReadAction\",\"target\":[\"https:\/\/terrasdebasto.pt\/?p=4624\"]}]},{\"@type\":\"ImageObject\",\"inLanguage\":\"pt-PT\",\"@id\":\"https:\/\/terrasdebasto.pt\/?p=4624#primaryimage\",\"url\":\"https:\/\/terrasdebasto.pt\/wp-content\/uploads\/2025\/10\/MERCADO-CELORICO-DE-BASTO.jpg\",\"contentUrl\":\"https:\/\/terrasdebasto.pt\/wp-content\/uploads\/2025\/10\/MERCADO-CELORICO-DE-BASTO.jpg\",\"width\":1730,\"height\":975},{\"@type\":\"BreadcrumbList\",\"@id\":\"https:\/\/terrasdebasto.pt\/?p=4624#breadcrumb\",\"itemListElement\":[{\"@type\":\"ListItem\",\"position\":1,\"name\":\"In\u00edcio\",\"item\":\"https:\/\/terrasdebasto.pt\/\"},{\"@type\":\"ListItem\",\"position\":2,\"name\":\"Celorico instala centro de prote\u00e7\u00e3o civil\"}]},{\"@type\":\"WebSite\",\"@id\":\"https:\/\/terrasdebasto.pt\/#website\",\"url\":\"https:\/\/terrasdebasto.pt\/\",\"name\":\"Jornal Terras de Basto\",\"description\":\"\",\"publisher\":{\"@id\":\"https:\/\/terrasdebasto.pt\/#organization\"},\"potentialAction\":[{\"@type\":\"SearchAction\",\"target\":{\"@type\":\"EntryPoint\",\"urlTemplate\":\"https:\/\/terrasdebasto.pt\/?s={search_term_string}\"},\"query-input\":{\"@type\":\"PropertyValueSpecification\",\"valueRequired\":true,\"valueName\":\"search_term_string\"}}],\"inLanguage\":\"pt-PT\"},{\"@type\":\"Organization\",\"@id\":\"https:\/\/terrasdebasto.pt\/#organization\",\"name\":\"Jornal Terras de Basto\",\"url\":\"https:\/\/terrasdebasto.pt\/\",\"logo\":{\"@type\":\"ImageObject\",\"inLanguage\":\"pt-PT\",\"@id\":\"https:\/\/terrasdebasto.pt\/#\/schema\/logo\/image\/\",\"url\":\"https:\/\/terrasdebasto.pt\/wp-content\/uploads\/2024\/06\/LogoNormal.png\",\"contentUrl\":\"https:\/\/terrasdebasto.pt\/wp-content\/uploads\/2024\/06\/LogoNormal.png\",\"width\":5638,\"height\":809,\"caption\":\"Jornal Terras de Basto\"},\"image\":{\"@id\":\"https:\/\/terrasdebasto.pt\/#\/schema\/logo\/image\/\"}},{\"@type\":\"Person\",\"@id\":\"https:\/\/terrasdebasto.pt\/#\/schema\/person\/9f6739f5394ac65c802641773b278b84\",\"name\":\"Jo\u00e3o Paulo Mesquita\",\"image\":{\"@type\":\"ImageObject\",\"inLanguage\":\"pt-PT\",\"@id\":\"https:\/\/terrasdebasto.pt\/#\/schema\/person\/image\/\",\"url\":\"https:\/\/secure.gravatar.com\/avatar\/9bd0f299e6d96336664aab64354168246a3ee3287c47891c50d450e47ed9d7f9?s=96&d=mm&r=g\",\"contentUrl\":\"https:\/\/secure.gravatar.com\/avatar\/9bd0f299e6d96336664aab64354168246a3ee3287c47891c50d450e47ed9d7f9?s=96&d=mm&r=g\",\"caption\":\"Jo\u00e3o Paulo Mesquita\"},\"url\":\"https:\/\/terrasdebasto.pt\/?author=7\"}]}<\/script>\n<!-- \/ Yoast SEO plugin. -->","yoast_head_json":{"title":"Celorico instala centro de prote\u00e7\u00e3o civil - Jornal Terras de Basto","description":"A cria\u00e7\u00e3o de um Centro de Prote\u00e7\u00e3o Civil e de Gest\u00e3o Integrada de Riscos \u00e9 o objetivo da reabilita\u00e7\u00e3o de espa\u00e7os do edif\u00edcio do mercado que o Munic\u00edpio de Celorico de Basto se prop\u00f5e levar a cabo em consequ\u00eancia da aprova\u00e7\u00e3o da respetiva candidatura a financiamento de fundos comunit\u00e1rios.","robots":{"index":"index","follow":"follow","max-snippet":"max-snippet:-1","max-image-preview":"max-image-preview:large","max-video-preview":"max-video-preview:-1"},"canonical":"https:\/\/terrasdebasto.pt\/?p=4624","og_locale":"pt_PT","og_type":"article","og_title":"Celorico instala centro de prote\u00e7\u00e3o civil - Jornal Terras de Basto","og_description":"A cria\u00e7\u00e3o de um Centro de Prote\u00e7\u00e3o Civil e de Gest\u00e3o Integrada de Riscos \u00e9 o objetivo da reabilita\u00e7\u00e3o de espa\u00e7os do edif\u00edcio do mercado que o Munic\u00edpio de Celorico de Basto se prop\u00f5e levar a cabo em consequ\u00eancia da aprova\u00e7\u00e3o da respetiva candidatura a financiamento de fundos comunit\u00e1rios.","og_url":"https:\/\/terrasdebasto.pt\/?p=4624","og_site_name":"Jornal Terras de Basto","article_published_time":"2025-10-27T19:49:46+00:00","og_image":[{"width":1730,"height":975,"url":"https:\/\/terrasdebasto.pt\/wp-content\/uploads\/2025\/10\/MERCADO-CELORICO-DE-BASTO.jpg","type":"image\/jpeg"}],"author":"Jo\u00e3o Paulo Mesquita","twitter_card":"summary_large_image","twitter_misc":{"Escrito por":"Jo\u00e3o Paulo Mesquita","Tempo estimado de leitura":"2 minutos"},"schema":{"@context":"https:\/\/schema.org","@graph":[{"@type":"Article","@id":"https:\/\/terrasdebasto.pt\/?p=4624#article","isPartOf":{"@id":"https:\/\/terrasdebasto.pt\/?p=4624"},"author":{"name":"Jo\u00e3o Paulo Mesquita","@id":"https:\/\/terrasdebasto.pt\/#\/schema\/person\/9f6739f5394ac65c802641773b278b84"},"headline":"Celorico instala centro de prote\u00e7\u00e3o civil","datePublished":"2025-10-27T19:49:46+00:00","mainEntityOfPage":{"@id":"https:\/\/terrasdebasto.pt\/?p=4624"},"wordCount":251,"commentCount":0,"publisher":{"@id":"https:\/\/terrasdebasto.pt\/#organization"},"image":{"@id":"https:\/\/terrasdebasto.pt\/?p=4624#primaryimage"},"thumbnailUrl":"https:\/\/terrasdebasto.pt\/wp-content\/uploads\/2025\/10\/MERCADO-CELORICO-DE-BASTO.jpg","keywords":["Centro Municipal de Prote\u00e7\u00e3o Civil","Prote\u00e7\u00e3o Civil"],"articleSection":["Celorico de Basto","Terras de Basto"],"inLanguage":"pt-PT","potentialAction":[{"@type":"CommentAction","name":"Comment","target":["https:\/\/terrasdebasto.pt\/?p=4624#respond"]}]},{"@type":"WebPage","@id":"https:\/\/terrasdebasto.pt\/?p=4624","url":"https:\/\/terrasdebasto.pt\/?p=4624","name":"Celorico instala centro de prote\u00e7\u00e3o civil - Jornal Terras de Basto","isPartOf":{"@id":"https:\/\/terrasdebasto.pt\/#website"},"primaryImageOfPage":{"@id":"https:\/\/terrasdebasto.pt\/?p=4624#primaryimage"},"image":{"@id":"https:\/\/terrasdebasto.pt\/?p=4624#primaryimage"},"thumbnailUrl":"https:\/\/terrasdebasto.pt\/wp-content\/uploads\/2025\/10\/MERCADO-CELORICO-DE-BASTO.jpg","datePublished":"2025-10-27T19:49:46+00:00","description":"A cria\u00e7\u00e3o de um Centro de Prote\u00e7\u00e3o Civil e de Gest\u00e3o Integrada de Riscos \u00e9 o objetivo da reabilita\u00e7\u00e3o de espa\u00e7os do edif\u00edcio do mercado que o Munic\u00edpio de Celorico de Basto se prop\u00f5e levar a cabo em consequ\u00eancia da aprova\u00e7\u00e3o da respetiva candidatura a financiamento de fundos comunit\u00e1rios.","breadcrumb":{"@id":"https:\/\/terrasdebasto.pt\/?p=4624#breadcrumb"},"inLanguage":"pt-PT","potentialAction":[{"@type":"ReadAction","target":["https:\/\/terrasdebasto.pt\/?p=4624"]}]},{"@type":"ImageObject","inLanguage":"pt-PT","@id":"https:\/\/terrasdebasto.pt\/?p=4624#primaryimage","url":"https:\/\/terrasdebasto.pt\/wp-content\/uploads\/2025\/10\/MERCADO-CELORICO-DE-BASTO.jpg","contentUrl":"https:\/\/terrasdebasto.pt\/wp-content\/uploads\/2025\/10\/MERCADO-CELORICO-DE-BASTO.jpg","width":1730,"height":975},{"@type":"BreadcrumbList","@id":"https:\/\/terrasdebasto.pt\/?p=4624#breadcrumb","itemListElement":[{"@type":"ListItem","position":1,"name":"In\u00edcio","item":"https:\/\/terrasdebasto.pt\/"},{"@type":"ListItem","position":2,"name":"Celorico instala centro de prote\u00e7\u00e3o civil"}]},{"@type":"WebSite","@id":"https:\/\/terrasdebasto.pt\/#website","url":"https:\/\/terrasdebasto.pt\/","name":"Jornal Terras de Basto","description":"","publisher":{"@id":"https:\/\/terrasdebasto.pt\/#organization"},"potentialAction":[{"@type":"SearchAction","target":{"@type":"EntryPoint","urlTemplate":"https:\/\/terrasdebasto.pt\/?s={search_term_string}"},"query-input":{"@type":"PropertyValueSpecification","valueRequired":true,"valueName":"search_term_string"}}],"inLanguage":"pt-PT"},{"@type":"Organization","@id":"https:\/\/terrasdebasto.pt\/#organization","name":"Jornal Terras de Basto","url":"https:\/\/terrasdebasto.pt\/","logo":{"@type":"ImageObject","inLanguage":"pt-PT","@id":"https:\/\/terrasdebasto.pt\/#\/schema\/logo\/image\/","url":"https:\/\/terrasdebasto.pt\/wp-content\/uploads\/2024\/06\/LogoNormal.png","contentUrl":"https:\/\/terrasdebasto.pt\/wp-content\/uploads\/2024\/06\/LogoNormal.png","width":5638,"height":809,"caption":"Jornal Terras de Basto"},"image":{"@id":"https:\/\/terrasdebasto.pt\/#\/schema\/logo\/image\/"}},{"@type":"Person","@id":"https:\/\/terrasdebasto.pt\/#\/schema\/person\/9f6739f5394ac65c802641773b278b84","name":"Jo\u00e3o Paulo Mesquita","image":{"@type":"ImageObject","inLanguage":"pt-PT","@id":"https:\/\/terrasdebasto.pt\/#\/schema\/person\/image\/","url":"https:\/\/secure.gravatar.com\/avatar\/9bd0f299e6d96336664aab64354168246a3ee3287c47891c50d450e47ed9d7f9?s=96&d=mm&r=g","contentUrl":"https:\/\/secure.gravatar.com\/avatar\/9bd0f299e6d96336664aab64354168246a3ee3287c47891c50d450e47ed9d7f9?s=96&d=mm&r=g","caption":"Jo\u00e3o Paulo Mesquita"},"url":"https:\/\/terrasdebasto.pt\/?author=7"}]}},"_links":{"self":[{"href":"https:\/\/terrasdebasto.pt\/index.php?rest_route=\/wp\/v2\/posts\/4624","targetHints":{"allow":["GET"]}}],"collection":[{"href":"https:\/\/terrasdebasto.pt\/index.php?rest_route=\/wp\/v2\/posts"}],"about":[{"href":"https:\/\/terrasdebasto.pt\/index.php?rest_route=\/wp\/v2\/types\/post"}],"author":[{"embeddable":true,"href":"https:\/\/terrasdebasto.pt\/index.php?rest_route=\/wp\/v2\/users\/7"}],"replies":[{"embeddable":true,"href":"https:\/\/terrasdebasto.pt\/index.php?rest_route=%2Fwp%2Fv2%2Fcomments&post=4624"}],"version-history":[{"count":1,"href":"https:\/\/terrasdebasto.pt\/index.php?rest_route=\/wp\/v2\/posts\/4624\/revisions"}],"predecessor-version":[{"id":4626,"href":"https:\/\/terrasdebasto.pt\/index.php?rest_route=\/wp\/v2\/posts\/4624\/revisions\/4626"}],"wp:featuredmedia":[{"embeddable":true,"href":"https:\/\/terrasdebasto.pt\/index.php?rest_route=\/wp\/v2\/media\/4625"}],"wp:attachment":[{"href":"https:\/\/terrasdebasto.pt\/index.php?rest_route=%2Fwp%2Fv2%2Fmedia&parent=4624"}],"wp:term":[{"taxonomy":"category","embeddable":true,"href":"https:\/\/terrasdebasto.pt\/index.php?rest_route=%2Fwp%2Fv2%2Fcategories&post=4624"},{"taxonomy":"post_tag","embeddable":true,"href":"https:\/\/terrasdebasto.pt\/index.php?rest_route=%2Fwp%2Fv2%2Ftags&post=4624"}],"curies":[{"name":"wp","href":"https:\/\/api.w.org\/{rel}","templated":true}]}}