{"id":4617,"date":"2025-10-27T18:50:35","date_gmt":"2025-10-27T18:50:35","guid":{"rendered":"https:\/\/terrasdebasto.pt\/?p=4617"},"modified":"2025-10-27T18:50:35","modified_gmt":"2025-10-27T18:50:35","slug":"parques-empresariais-de-celorico-dotados-de-depositos-de-gas-autonomos","status":"publish","type":"post","link":"https:\/\/terrasdebasto.pt\/?p=4617","title":{"rendered":"Parques empresariais de Celorico dotados de dep\u00f3sitos de g\u00e1s aut\u00f3nomos"},"content":{"rendered":"\n<p><\/p>\n\n\n\n<p><strong>Dois parques empresariais de Celorico de Basto contam, desde esta segunda-feira (27), com dep\u00f3sitos aut\u00f3nomos de g\u00e1s instalados pela empresa concession\u00e1ria da rede de distribui\u00e7\u00e3o no concelho.<\/strong><\/p>\n\n\n\n<p>Em causa est\u00e3o os parques da Lameira e de Lordelo\/Crespos e a instala\u00e7\u00e3o destas unidades aut\u00f3nomas expressa, de acordo com a presidente do conselho de administra\u00e7\u00e3o da concession\u00e1ria, \u00abo compromisso com a descarboniza\u00e7\u00e3o energ\u00e9tica, que s\u00f3 se faz em parceria com diversas entidades\u00bb.<\/p>\n\n\n\n<p>A inaugura\u00e7\u00e3o dos dois dep\u00f3sitos justificou um ciclo de confer\u00eancias sobre \u201cA import\u00e2ncia do g\u00e1s natural no desenvolvimento de comunidades de energia\u201d, cuja primeira palestra, no centro cultural celoricense, contou com a participa\u00e7\u00e3o do secret\u00e1rio-de-Estado da Energia, Jean-Barroca, e com a presidente da \u201cSonorg\u00e1s\u201d, Concei\u00e7\u00e3o Call\u00e9 Lucas.<\/p>\n\n\n\n<figure class=\"wp-block-gallery has-nested-images columns-default is-cropped wp-block-gallery-1 is-layout-flex wp-block-gallery-is-layout-flex\">\n<figure class=\"wp-block-image size-large\"><img loading=\"lazy\" decoding=\"async\" width=\"1024\" height=\"683\" data-id=\"4619\" src=\"https:\/\/terrasdebasto.pt\/wp-content\/uploads\/2025\/10\/SONORGAS-02-1024x683.jpg\" alt=\"\" class=\"wp-image-4619\" srcset=\"https:\/\/terrasdebasto.pt\/wp-content\/uploads\/2025\/10\/SONORGAS-02-1024x683.jpg 1024w, https:\/\/terrasdebasto.pt\/wp-content\/uploads\/2025\/10\/SONORGAS-02-300x200.jpg 300w, https:\/\/terrasdebasto.pt\/wp-content\/uploads\/2025\/10\/SONORGAS-02-768x512.jpg 768w, https:\/\/terrasdebasto.pt\/wp-content\/uploads\/2025\/10\/SONORGAS-02-1536x1025.jpg 1536w, https:\/\/terrasdebasto.pt\/wp-content\/uploads\/2025\/10\/SONORGAS-02-150x100.jpg 150w, https:\/\/terrasdebasto.pt\/wp-content\/uploads\/2025\/10\/SONORGAS-02-696x464.jpg 696w, https:\/\/terrasdebasto.pt\/wp-content\/uploads\/2025\/10\/SONORGAS-02-1068x712.jpg 1068w, https:\/\/terrasdebasto.pt\/wp-content\/uploads\/2025\/10\/SONORGAS-02-1920x1281.jpg 1920w, https:\/\/terrasdebasto.pt\/wp-content\/uploads\/2025\/10\/SONORGAS-02.jpg 2048w\" sizes=\"auto, (max-width: 1024px) 100vw, 1024px\" \/><\/figure>\n<\/figure>\n\n\n\n<p>Na circunst\u00e2ncia, o presidente do Munic\u00edpio de Celorico de Basto fez quest\u00e3o de sublinhar que as duas unidades de g\u00e1s agora apresentadas v\u00e3o contribuir para dotar este territ\u00f3rio de \u00abuma solu\u00e7\u00e3o essencial em termos de sustentabilidade e viabilidade econ\u00f3mica\u00bb, permitindo \u00abacompanhar a rota da descarboniza\u00e7\u00e3o com solu\u00e7\u00f5es vi\u00e1veis e absolutamente decisivas para a transi\u00e7\u00e3o energ\u00e9tica\u00bb.<\/p>\n\n\n\n<p>\u00abEnquanto decisor pol\u00edtico, estarei absolutamente dispon\u00edvel para colaborar com as diferentes entidades que pretendam contribuir para encontrar as melhores solu\u00e7\u00f5es que beneficiem as nossas popula\u00e7\u00f5es e as nossas empresas\u00bb, aproveitou Peixoto Lima para reafirmar.&nbsp;<\/p>\n\n\n\n<p>J\u00e1 o secret\u00e1rio-de-Estado da tutela sublinhou que, mesmo em Celorico de Basto, \u00abno limiar do interior norte, a energia \u00e9, e deve ser, um ativo estrat\u00e9gico e um projeto de desenvolvimento\u00bb.<\/p>\n\n\n\n<p>\u00abAs UAG\u2019s que hoje inaugur\u00e1mos refor\u00e7am a seguran\u00e7a e a competitividade das empresas, criam emprego e criam riqueza, e daqui queremos que parta um exemplo de integra\u00e7\u00e3o de gases renov\u00e1veis, com o biometano \u00e0 cabe\u00e7a, em comunidades que se quer sejam refer\u00eancia nacional\u00bb, disse Jean Barroca.<\/p>\n\n\n\n<p>Os participantes nesta a\u00e7\u00e3o tiveram a oportunidade de assistir a duas abordagens distintas, integradas no tema central da confer\u00eancia: o primeiro painel deu destaque \u00e0s \u201cInfraestruturas de distribui\u00e7\u00e3o como catalizadores de investimento e inova\u00e7\u00e3o\u201d e&nbsp; o segundo painel abordou \u201co desafio da competitividade energ\u00e9tica\u201d, assuntos abordados por especialistas acreditados no panorama nacional e internacional.<\/p>\n\n\n\n<figure class=\"wp-block-gallery has-nested-images columns-default is-cropped wp-block-gallery-2 is-layout-flex wp-block-gallery-is-layout-flex\">\n<figure class=\"wp-block-image size-large\"><img loading=\"lazy\" decoding=\"async\" width=\"1024\" height=\"587\" data-id=\"4621\" src=\"https:\/\/terrasdebasto.pt\/wp-content\/uploads\/2025\/10\/SONORGAS-01-1024x587.jpg\" alt=\"\" class=\"wp-image-4621\" srcset=\"https:\/\/terrasdebasto.pt\/wp-content\/uploads\/2025\/10\/SONORGAS-01-1024x587.jpg 1024w, https:\/\/terrasdebasto.pt\/wp-content\/uploads\/2025\/10\/SONORGAS-01-300x172.jpg 300w, https:\/\/terrasdebasto.pt\/wp-content\/uploads\/2025\/10\/SONORGAS-01-768x440.jpg 768w, https:\/\/terrasdebasto.pt\/wp-content\/uploads\/2025\/10\/SONORGAS-01-150x86.jpg 150w, https:\/\/terrasdebasto.pt\/wp-content\/uploads\/2025\/10\/SONORGAS-01-696x399.jpg 696w, https:\/\/terrasdebasto.pt\/wp-content\/uploads\/2025\/10\/SONORGAS-01-1068x612.jpg 1068w, https:\/\/terrasdebasto.pt\/wp-content\/uploads\/2025\/10\/SONORGAS-01.jpg 1447w\" sizes=\"auto, (max-width: 1024px) 100vw, 1024px\" \/><\/figure>\n<\/figure>\n\n\n\n<figure class=\"wp-block-gallery has-nested-images columns-default is-cropped wp-block-gallery-3 is-layout-flex wp-block-gallery-is-layout-flex\">\n<figure class=\"wp-block-image size-large\"><img loading=\"lazy\" decoding=\"async\" width=\"1024\" height=\"683\" data-id=\"4622\" src=\"https:\/\/terrasdebasto.pt\/wp-content\/uploads\/2025\/10\/SONORGAS-03-1024x683.jpg\" alt=\"\" class=\"wp-image-4622\" srcset=\"https:\/\/terrasdebasto.pt\/wp-content\/uploads\/2025\/10\/SONORGAS-03-1024x683.jpg 1024w, https:\/\/terrasdebasto.pt\/wp-content\/uploads\/2025\/10\/SONORGAS-03-300x200.jpg 300w, https:\/\/terrasdebasto.pt\/wp-content\/uploads\/2025\/10\/SONORGAS-03-768x512.jpg 768w, https:\/\/terrasdebasto.pt\/wp-content\/uploads\/2025\/10\/SONORGAS-03-1536x1025.jpg 1536w, https:\/\/terrasdebasto.pt\/wp-content\/uploads\/2025\/10\/SONORGAS-03-150x100.jpg 150w, https:\/\/terrasdebasto.pt\/wp-content\/uploads\/2025\/10\/SONORGAS-03-696x464.jpg 696w, https:\/\/terrasdebasto.pt\/wp-content\/uploads\/2025\/10\/SONORGAS-03-1068x712.jpg 1068w, https:\/\/terrasdebasto.pt\/wp-content\/uploads\/2025\/10\/SONORGAS-03-1920x1281.jpg 1920w, https:\/\/terrasdebasto.pt\/wp-content\/uploads\/2025\/10\/SONORGAS-03.jpg 2048w\" sizes=\"auto, (max-width: 1024px) 100vw, 1024px\" \/><\/figure>\n<\/figure>\n","protected":false},"excerpt":{"rendered":"<p>Dois parques empresariais de Celorico de Basto contam, desde esta segunda-feira (27), com dep\u00f3sitos aut\u00f3nomos de g\u00e1s instalados pela empresa concession\u00e1ria da rede de distribui\u00e7\u00e3o no concelho. Em causa est\u00e3o os parques da Lameira e de Lordelo\/Crespos e a instala\u00e7\u00e3o destas unidades aut\u00f3nomas expressa, de acordo com a presidente do conselho de administra\u00e7\u00e3o da concession\u00e1ria, [&hellip;]<\/p>\n","protected":false},"author":7,"featured_media":4618,"comment_status":"open","ping_status":"open","sticky":false,"template":"","format":"standard","meta":{"footnotes":""},"categories":[13,15,9],"tags":[1034,1035],"class_list":{"0":"post-4617","1":"post","2":"type-post","3":"status-publish","4":"format-standard","5":"has-post-thumbnail","7":"category-celorico-de-basto","8":"category-technology","9":"category-terras-de-basto","10":"tag-gas-renovavel","11":"tag-parques-empresariais-celorico-de-basto"},"yoast_head":"<!-- This site is optimized with the Yoast SEO plugin v25.7 - https:\/\/yoast.com\/wordpress\/plugins\/seo\/ -->\n<title>Parques empresariais de Celorico dotados de dep\u00f3sitos de g\u00e1s aut\u00f3nomos - Jornal Terras de Basto<\/title>\n<meta name=\"description\" content=\"Dois parques empresariais de Celorico de Basto contam, desde esta segunda-feira (27), com dep\u00f3sitos aut\u00f3nomos de g\u00e1s instalados pela empresa concession\u00e1ria da rede de distribui\u00e7\u00e3o no concelho.\" \/>\n<meta name=\"robots\" content=\"index, follow, max-snippet:-1, max-image-preview:large, max-video-preview:-1\" \/>\n<link rel=\"canonical\" href=\"https:\/\/terrasdebasto.pt\/?p=4617\" \/>\n<meta property=\"og:locale\" content=\"pt_PT\" \/>\n<meta property=\"og:type\" content=\"article\" \/>\n<meta property=\"og:title\" content=\"Parques empresariais de Celorico dotados de dep\u00f3sitos de g\u00e1s aut\u00f3nomos - Jornal Terras de Basto\" \/>\n<meta property=\"og:description\" content=\"Dois parques empresariais de Celorico de Basto contam, desde esta segunda-feira (27), com dep\u00f3sitos aut\u00f3nomos de g\u00e1s instalados pela empresa concession\u00e1ria da rede de distribui\u00e7\u00e3o no concelho.\" \/>\n<meta property=\"og:url\" content=\"https:\/\/terrasdebasto.pt\/?p=4617\" \/>\n<meta property=\"og:site_name\" content=\"Jornal Terras de Basto\" \/>\n<meta property=\"article:published_time\" content=\"2025-10-27T18:50:35+00:00\" \/>\n<meta property=\"og:image\" content=\"https:\/\/terrasdebasto.pt\/wp-content\/uploads\/2025\/10\/SONORGAS-00.jpg\" \/>\n\t<meta property=\"og:image:width\" content=\"1921\" \/>\n\t<meta property=\"og:image:height\" content=\"1124\" \/>\n\t<meta property=\"og:image:type\" content=\"image\/jpeg\" \/>\n<meta name=\"author\" content=\"Jo\u00e3o Paulo Mesquita\" \/>\n<meta name=\"twitter:card\" content=\"summary_large_image\" \/>\n<meta name=\"twitter:label1\" content=\"Escrito por\" \/>\n\t<meta name=\"twitter:data1\" content=\"Jo\u00e3o Paulo Mesquita\" \/>\n\t<meta name=\"twitter:label2\" content=\"Tempo estimado de leitura\" \/>\n\t<meta name=\"twitter:data2\" content=\"3 minutos\" \/>\n<script type=\"application\/ld+json\" class=\"yoast-schema-graph\">{\"@context\":\"https:\/\/schema.org\",\"@graph\":[{\"@type\":\"Article\",\"@id\":\"https:\/\/terrasdebasto.pt\/?p=4617#article\",\"isPartOf\":{\"@id\":\"https:\/\/terrasdebasto.pt\/?p=4617\"},\"author\":{\"name\":\"Jo\u00e3o Paulo Mesquita\",\"@id\":\"https:\/\/terrasdebasto.pt\/#\/schema\/person\/9f6739f5394ac65c802641773b278b84\"},\"headline\":\"Parques empresariais de Celorico dotados de dep\u00f3sitos de g\u00e1s aut\u00f3nomos\",\"datePublished\":\"2025-10-27T18:50:35+00:00\",\"mainEntityOfPage\":{\"@id\":\"https:\/\/terrasdebasto.pt\/?p=4617\"},\"wordCount\":403,\"commentCount\":0,\"publisher\":{\"@id\":\"https:\/\/terrasdebasto.pt\/#organization\"},\"image\":{\"@id\":\"https:\/\/terrasdebasto.pt\/?p=4617#primaryimage\"},\"thumbnailUrl\":\"https:\/\/terrasdebasto.pt\/wp-content\/uploads\/2025\/10\/SONORGAS-00.jpg\",\"keywords\":[\"G\u00e1s Renov\u00e1vel\",\"Parques Empresariais Celorico de Basto\"],\"articleSection\":[\"Celorico de Basto\",\"Tecnologia\",\"Terras de Basto\"],\"inLanguage\":\"pt-PT\",\"potentialAction\":[{\"@type\":\"CommentAction\",\"name\":\"Comment\",\"target\":[\"https:\/\/terrasdebasto.pt\/?p=4617#respond\"]}]},{\"@type\":\"WebPage\",\"@id\":\"https:\/\/terrasdebasto.pt\/?p=4617\",\"url\":\"https:\/\/terrasdebasto.pt\/?p=4617\",\"name\":\"Parques empresariais de Celorico dotados de dep\u00f3sitos de g\u00e1s aut\u00f3nomos - Jornal Terras de Basto\",\"isPartOf\":{\"@id\":\"https:\/\/terrasdebasto.pt\/#website\"},\"primaryImageOfPage\":{\"@id\":\"https:\/\/terrasdebasto.pt\/?p=4617#primaryimage\"},\"image\":{\"@id\":\"https:\/\/terrasdebasto.pt\/?p=4617#primaryimage\"},\"thumbnailUrl\":\"https:\/\/terrasdebasto.pt\/wp-content\/uploads\/2025\/10\/SONORGAS-00.jpg\",\"datePublished\":\"2025-10-27T18:50:35+00:00\",\"description\":\"Dois parques empresariais de Celorico de Basto contam, desde esta segunda-feira (27), com dep\u00f3sitos aut\u00f3nomos de g\u00e1s instalados pela empresa concession\u00e1ria da rede de distribui\u00e7\u00e3o no concelho.\",\"breadcrumb\":{\"@id\":\"https:\/\/terrasdebasto.pt\/?p=4617#breadcrumb\"},\"inLanguage\":\"pt-PT\",\"potentialAction\":[{\"@type\":\"ReadAction\",\"target\":[\"https:\/\/terrasdebasto.pt\/?p=4617\"]}]},{\"@type\":\"ImageObject\",\"inLanguage\":\"pt-PT\",\"@id\":\"https:\/\/terrasdebasto.pt\/?p=4617#primaryimage\",\"url\":\"https:\/\/terrasdebasto.pt\/wp-content\/uploads\/2025\/10\/SONORGAS-00.jpg\",\"contentUrl\":\"https:\/\/terrasdebasto.pt\/wp-content\/uploads\/2025\/10\/SONORGAS-00.jpg\",\"width\":1921,\"height\":1124},{\"@type\":\"BreadcrumbList\",\"@id\":\"https:\/\/terrasdebasto.pt\/?p=4617#breadcrumb\",\"itemListElement\":[{\"@type\":\"ListItem\",\"position\":1,\"name\":\"In\u00edcio\",\"item\":\"https:\/\/terrasdebasto.pt\/\"},{\"@type\":\"ListItem\",\"position\":2,\"name\":\"Parques empresariais de Celorico dotados de dep\u00f3sitos de g\u00e1s aut\u00f3nomos\"}]},{\"@type\":\"WebSite\",\"@id\":\"https:\/\/terrasdebasto.pt\/#website\",\"url\":\"https:\/\/terrasdebasto.pt\/\",\"name\":\"Jornal Terras de Basto\",\"description\":\"\",\"publisher\":{\"@id\":\"https:\/\/terrasdebasto.pt\/#organization\"},\"potentialAction\":[{\"@type\":\"SearchAction\",\"target\":{\"@type\":\"EntryPoint\",\"urlTemplate\":\"https:\/\/terrasdebasto.pt\/?s={search_term_string}\"},\"query-input\":{\"@type\":\"PropertyValueSpecification\",\"valueRequired\":true,\"valueName\":\"search_term_string\"}}],\"inLanguage\":\"pt-PT\"},{\"@type\":\"Organization\",\"@id\":\"https:\/\/terrasdebasto.pt\/#organization\",\"name\":\"Jornal Terras de Basto\",\"url\":\"https:\/\/terrasdebasto.pt\/\",\"logo\":{\"@type\":\"ImageObject\",\"inLanguage\":\"pt-PT\",\"@id\":\"https:\/\/terrasdebasto.pt\/#\/schema\/logo\/image\/\",\"url\":\"https:\/\/terrasdebasto.pt\/wp-content\/uploads\/2024\/06\/LogoNormal.png\",\"contentUrl\":\"https:\/\/terrasdebasto.pt\/wp-content\/uploads\/2024\/06\/LogoNormal.png\",\"width\":5638,\"height\":809,\"caption\":\"Jornal Terras de Basto\"},\"image\":{\"@id\":\"https:\/\/terrasdebasto.pt\/#\/schema\/logo\/image\/\"}},{\"@type\":\"Person\",\"@id\":\"https:\/\/terrasdebasto.pt\/#\/schema\/person\/9f6739f5394ac65c802641773b278b84\",\"name\":\"Jo\u00e3o Paulo Mesquita\",\"image\":{\"@type\":\"ImageObject\",\"inLanguage\":\"pt-PT\",\"@id\":\"https:\/\/terrasdebasto.pt\/#\/schema\/person\/image\/\",\"url\":\"https:\/\/secure.gravatar.com\/avatar\/9bd0f299e6d96336664aab64354168246a3ee3287c47891c50d450e47ed9d7f9?s=96&d=mm&r=g\",\"contentUrl\":\"https:\/\/secure.gravatar.com\/avatar\/9bd0f299e6d96336664aab64354168246a3ee3287c47891c50d450e47ed9d7f9?s=96&d=mm&r=g\",\"caption\":\"Jo\u00e3o Paulo Mesquita\"},\"url\":\"https:\/\/terrasdebasto.pt\/?author=7\"}]}<\/script>\n<!-- \/ Yoast SEO plugin. -->","yoast_head_json":{"title":"Parques empresariais de Celorico dotados de dep\u00f3sitos de g\u00e1s aut\u00f3nomos - Jornal Terras de Basto","description":"Dois parques empresariais de Celorico de Basto contam, desde esta segunda-feira (27), com dep\u00f3sitos aut\u00f3nomos de g\u00e1s instalados pela empresa concession\u00e1ria da rede de distribui\u00e7\u00e3o no concelho.","robots":{"index":"index","follow":"follow","max-snippet":"max-snippet:-1","max-image-preview":"max-image-preview:large","max-video-preview":"max-video-preview:-1"},"canonical":"https:\/\/terrasdebasto.pt\/?p=4617","og_locale":"pt_PT","og_type":"article","og_title":"Parques empresariais de Celorico dotados de dep\u00f3sitos de g\u00e1s aut\u00f3nomos - Jornal Terras de Basto","og_description":"Dois parques empresariais de Celorico de Basto contam, desde esta segunda-feira (27), com dep\u00f3sitos aut\u00f3nomos de g\u00e1s instalados pela empresa concession\u00e1ria da rede de distribui\u00e7\u00e3o no concelho.","og_url":"https:\/\/terrasdebasto.pt\/?p=4617","og_site_name":"Jornal Terras de Basto","article_published_time":"2025-10-27T18:50:35+00:00","og_image":[{"width":1921,"height":1124,"url":"https:\/\/terrasdebasto.pt\/wp-content\/uploads\/2025\/10\/SONORGAS-00.jpg","type":"image\/jpeg"}],"author":"Jo\u00e3o Paulo Mesquita","twitter_card":"summary_large_image","twitter_misc":{"Escrito por":"Jo\u00e3o Paulo Mesquita","Tempo estimado de leitura":"3 minutos"},"schema":{"@context":"https:\/\/schema.org","@graph":[{"@type":"Article","@id":"https:\/\/terrasdebasto.pt\/?p=4617#article","isPartOf":{"@id":"https:\/\/terrasdebasto.pt\/?p=4617"},"author":{"name":"Jo\u00e3o Paulo Mesquita","@id":"https:\/\/terrasdebasto.pt\/#\/schema\/person\/9f6739f5394ac65c802641773b278b84"},"headline":"Parques empresariais de Celorico dotados de dep\u00f3sitos de g\u00e1s aut\u00f3nomos","datePublished":"2025-10-27T18:50:35+00:00","mainEntityOfPage":{"@id":"https:\/\/terrasdebasto.pt\/?p=4617"},"wordCount":403,"commentCount":0,"publisher":{"@id":"https:\/\/terrasdebasto.pt\/#organization"},"image":{"@id":"https:\/\/terrasdebasto.pt\/?p=4617#primaryimage"},"thumbnailUrl":"https:\/\/terrasdebasto.pt\/wp-content\/uploads\/2025\/10\/SONORGAS-00.jpg","keywords":["G\u00e1s Renov\u00e1vel","Parques Empresariais Celorico de Basto"],"articleSection":["Celorico de Basto","Tecnologia","Terras de Basto"],"inLanguage":"pt-PT","potentialAction":[{"@type":"CommentAction","name":"Comment","target":["https:\/\/terrasdebasto.pt\/?p=4617#respond"]}]},{"@type":"WebPage","@id":"https:\/\/terrasdebasto.pt\/?p=4617","url":"https:\/\/terrasdebasto.pt\/?p=4617","name":"Parques empresariais de Celorico dotados de dep\u00f3sitos de g\u00e1s aut\u00f3nomos - Jornal Terras de Basto","isPartOf":{"@id":"https:\/\/terrasdebasto.pt\/#website"},"primaryImageOfPage":{"@id":"https:\/\/terrasdebasto.pt\/?p=4617#primaryimage"},"image":{"@id":"https:\/\/terrasdebasto.pt\/?p=4617#primaryimage"},"thumbnailUrl":"https:\/\/terrasdebasto.pt\/wp-content\/uploads\/2025\/10\/SONORGAS-00.jpg","datePublished":"2025-10-27T18:50:35+00:00","description":"Dois parques empresariais de Celorico de Basto contam, desde esta segunda-feira (27), com dep\u00f3sitos aut\u00f3nomos de g\u00e1s instalados pela empresa concession\u00e1ria da rede de distribui\u00e7\u00e3o no concelho.","breadcrumb":{"@id":"https:\/\/terrasdebasto.pt\/?p=4617#breadcrumb"},"inLanguage":"pt-PT","potentialAction":[{"@type":"ReadAction","target":["https:\/\/terrasdebasto.pt\/?p=4617"]}]},{"@type":"ImageObject","inLanguage":"pt-PT","@id":"https:\/\/terrasdebasto.pt\/?p=4617#primaryimage","url":"https:\/\/terrasdebasto.pt\/wp-content\/uploads\/2025\/10\/SONORGAS-00.jpg","contentUrl":"https:\/\/terrasdebasto.pt\/wp-content\/uploads\/2025\/10\/SONORGAS-00.jpg","width":1921,"height":1124},{"@type":"BreadcrumbList","@id":"https:\/\/terrasdebasto.pt\/?p=4617#breadcrumb","itemListElement":[{"@type":"ListItem","position":1,"name":"In\u00edcio","item":"https:\/\/terrasdebasto.pt\/"},{"@type":"ListItem","position":2,"name":"Parques empresariais de Celorico dotados de dep\u00f3sitos de g\u00e1s aut\u00f3nomos"}]},{"@type":"WebSite","@id":"https:\/\/terrasdebasto.pt\/#website","url":"https:\/\/terrasdebasto.pt\/","name":"Jornal Terras de Basto","description":"","publisher":{"@id":"https:\/\/terrasdebasto.pt\/#organization"},"potentialAction":[{"@type":"SearchAction","target":{"@type":"EntryPoint","urlTemplate":"https:\/\/terrasdebasto.pt\/?s={search_term_string}"},"query-input":{"@type":"PropertyValueSpecification","valueRequired":true,"valueName":"search_term_string"}}],"inLanguage":"pt-PT"},{"@type":"Organization","@id":"https:\/\/terrasdebasto.pt\/#organization","name":"Jornal Terras de Basto","url":"https:\/\/terrasdebasto.pt\/","logo":{"@type":"ImageObject","inLanguage":"pt-PT","@id":"https:\/\/terrasdebasto.pt\/#\/schema\/logo\/image\/","url":"https:\/\/terrasdebasto.pt\/wp-content\/uploads\/2024\/06\/LogoNormal.png","contentUrl":"https:\/\/terrasdebasto.pt\/wp-content\/uploads\/2024\/06\/LogoNormal.png","width":5638,"height":809,"caption":"Jornal Terras de Basto"},"image":{"@id":"https:\/\/terrasdebasto.pt\/#\/schema\/logo\/image\/"}},{"@type":"Person","@id":"https:\/\/terrasdebasto.pt\/#\/schema\/person\/9f6739f5394ac65c802641773b278b84","name":"Jo\u00e3o Paulo Mesquita","image":{"@type":"ImageObject","inLanguage":"pt-PT","@id":"https:\/\/terrasdebasto.pt\/#\/schema\/person\/image\/","url":"https:\/\/secure.gravatar.com\/avatar\/9bd0f299e6d96336664aab64354168246a3ee3287c47891c50d450e47ed9d7f9?s=96&d=mm&r=g","contentUrl":"https:\/\/secure.gravatar.com\/avatar\/9bd0f299e6d96336664aab64354168246a3ee3287c47891c50d450e47ed9d7f9?s=96&d=mm&r=g","caption":"Jo\u00e3o Paulo Mesquita"},"url":"https:\/\/terrasdebasto.pt\/?author=7"}]}},"_links":{"self":[{"href":"https:\/\/terrasdebasto.pt\/index.php?rest_route=\/wp\/v2\/posts\/4617","targetHints":{"allow":["GET"]}}],"collection":[{"href":"https:\/\/terrasdebasto.pt\/index.php?rest_route=\/wp\/v2\/posts"}],"about":[{"href":"https:\/\/terrasdebasto.pt\/index.php?rest_route=\/wp\/v2\/types\/post"}],"author":[{"embeddable":true,"href":"https:\/\/terrasdebasto.pt\/index.php?rest_route=\/wp\/v2\/users\/7"}],"replies":[{"embeddable":true,"href":"https:\/\/terrasdebasto.pt\/index.php?rest_route=%2Fwp%2Fv2%2Fcomments&post=4617"}],"version-history":[{"count":1,"href":"https:\/\/terrasdebasto.pt\/index.php?rest_route=\/wp\/v2\/posts\/4617\/revisions"}],"predecessor-version":[{"id":4623,"href":"https:\/\/terrasdebasto.pt\/index.php?rest_route=\/wp\/v2\/posts\/4617\/revisions\/4623"}],"wp:featuredmedia":[{"embeddable":true,"href":"https:\/\/terrasdebasto.pt\/index.php?rest_route=\/wp\/v2\/media\/4618"}],"wp:attachment":[{"href":"https:\/\/terrasdebasto.pt\/index.php?rest_route=%2Fwp%2Fv2%2Fmedia&parent=4617"}],"wp:term":[{"taxonomy":"category","embeddable":true,"href":"https:\/\/terrasdebasto.pt\/index.php?rest_route=%2Fwp%2Fv2%2Fcategories&post=4617"},{"taxonomy":"post_tag","embeddable":true,"href":"https:\/\/terrasdebasto.pt\/index.php?rest_route=%2Fwp%2Fv2%2Ftags&post=4617"}],"curies":[{"name":"wp","href":"https:\/\/api.w.org\/{rel}","templated":true}]}}