{"id":4613,"date":"2025-10-27T16:43:33","date_gmt":"2025-10-27T16:43:33","guid":{"rendered":"https:\/\/terrasdebasto.pt\/?p=4613"},"modified":"2025-10-27T22:09:59","modified_gmt":"2025-10-27T22:09:59","slug":"cabeceiras-apoios-a-natalidade-por-transferencia","status":"publish","type":"post","link":"https:\/\/terrasdebasto.pt\/?p=4613","title":{"rendered":"Cabeceiras: apoios \u00e0 natalidade por transfer\u00eancia"},"content":{"rendered":"\n<p><\/p>\n\n\n\n<p><strong>O Munic\u00edpio de Cabeceiras de Basto emitiu esta segunda-feira (27) oito apoios \u00e0 natalidade, num montante global de 5.200 euros, que \u2013 diz uma nota entretanto divulgada \u2013 v\u00e3o deixar se ser entregues fisicamente em cerim\u00f3nia p\u00fablica, como at\u00e9 agora acontecia.<\/strong><\/p>\n\n\n\n<p>\u00abNesta primeira fase, os cheques seguem, a partir de agora, via carta postal; futuramente, os apoios ser\u00e3o efetuados por transfer\u00eancia banc\u00e1ria\u00bb, informa a presid\u00eancia municipal.<\/p>\n\n\n\n<p>O valor do subs\u00eddio a atribuir \u00e9 de 600 euros, no caso do primeiro filho; 800 euros, para o segundo filho; e 1.000 euros, sendo o terceiro filho, ou mais.<\/p>\n\n\n\n<p>Para saber mais, os interessados podem aceder ao regulamento em <a href=\"https:\/\/cabeceirasdebasto.pt\/files\/40\/40443.pdf\">https:\/\/cabeceirasdebasto.pt\/files\/40\/40443.pdf<\/a> e ao formul\u00e1rio em <a href=\"https:\/\/cabeceirasdebasto.pt\/files\/40\/40444.pdf\">https:\/\/cabeceirasdebasto.pt\/files\/40\/40444.pdf<\/a>.<\/p>\n\n\n\n<p><\/p>\n","protected":false},"excerpt":{"rendered":"<p>O Munic\u00edpio de Cabeceiras de Basto emitiu esta segunda-feira (27) oito apoios \u00e0 natalidade, num montante global de 5.200 euros, que \u2013 diz uma nota entretanto divulgada \u2013 v\u00e3o deixar se ser entregues fisicamente em cerim\u00f3nia p\u00fablica, como at\u00e9 agora acontecia. \u00abNesta primeira fase, os cheques seguem, a partir de agora, via carta postal; futuramente, [&hellip;]<\/p>\n","protected":false},"author":7,"featured_media":4614,"comment_status":"open","ping_status":"open","sticky":false,"template":"","format":"standard","meta":{"footnotes":""},"categories":[12,11,9],"tags":[1032,1033,1031],"class_list":{"0":"post-4613","1":"post","2":"type-post","3":"status-publish","4":"format-standard","5":"has-post-thumbnail","7":"category-cabeceiras-de-basto","8":"category-educacao","9":"category-terras-de-basto","10":"tag-apoios-a-natalidade","11":"tag-cabeceiras-de-bssto","12":"tag-natalidade"},"yoast_head":"<!-- This site is optimized with the Yoast SEO plugin v25.7 - https:\/\/yoast.com\/wordpress\/plugins\/seo\/ -->\n<title>Cabeceiras: apoios \u00e0 natalidade por transfer\u00eancia - Jornal Terras de Basto<\/title>\n<meta name=\"description\" content=\"O Munic\u00edpio de Cabeceiras de Basto emitiu esta segunda-feira (27) oito apoios \u00e0 natalidade, num montante global de 5.200 euros, que \u2013 diz uma nota entretanto divulgada \u2013 v\u00e3o deixar se ser entregues fisicamente em cerim\u00f3nia p\u00fablica, como at\u00e9 agora acontecia.\" \/>\n<meta name=\"robots\" content=\"index, follow, max-snippet:-1, max-image-preview:large, max-video-preview:-1\" \/>\n<link rel=\"canonical\" href=\"https:\/\/terrasdebasto.pt\/?p=4613\" \/>\n<meta property=\"og:locale\" content=\"pt_PT\" \/>\n<meta property=\"og:type\" content=\"article\" \/>\n<meta property=\"og:title\" content=\"Cabeceiras: apoios \u00e0 natalidade por transfer\u00eancia - Jornal Terras de Basto\" \/>\n<meta property=\"og:description\" content=\"O Munic\u00edpio de Cabeceiras de Basto emitiu esta segunda-feira (27) oito apoios \u00e0 natalidade, num montante global de 5.200 euros, que \u2013 diz uma nota entretanto divulgada \u2013 v\u00e3o deixar se ser entregues fisicamente em cerim\u00f3nia p\u00fablica, como at\u00e9 agora acontecia.\" \/>\n<meta property=\"og:url\" content=\"https:\/\/terrasdebasto.pt\/?p=4613\" \/>\n<meta property=\"og:site_name\" content=\"Jornal Terras de Basto\" \/>\n<meta property=\"article:published_time\" content=\"2025-10-27T16:43:33+00:00\" \/>\n<meta property=\"article:modified_time\" content=\"2025-10-27T22:09:59+00:00\" \/>\n<meta property=\"og:image\" content=\"https:\/\/terrasdebasto.pt\/wp-content\/uploads\/2025\/10\/NATALIDADE.jpg\" \/>\n\t<meta property=\"og:image:width\" content=\"800\" \/>\n\t<meta property=\"og:image:height\" content=\"580\" \/>\n\t<meta property=\"og:image:type\" content=\"image\/jpeg\" \/>\n<meta name=\"author\" content=\"Jo\u00e3o Paulo Mesquita\" \/>\n<meta name=\"twitter:card\" content=\"summary_large_image\" \/>\n<meta name=\"twitter:label1\" content=\"Escrito por\" \/>\n\t<meta name=\"twitter:data1\" content=\"Jo\u00e3o Paulo Mesquita\" \/>\n\t<meta name=\"twitter:label2\" content=\"Tempo estimado de leitura\" \/>\n\t<meta name=\"twitter:data2\" content=\"1 minuto\" \/>\n<script type=\"application\/ld+json\" class=\"yoast-schema-graph\">{\"@context\":\"https:\/\/schema.org\",\"@graph\":[{\"@type\":\"Article\",\"@id\":\"https:\/\/terrasdebasto.pt\/?p=4613#article\",\"isPartOf\":{\"@id\":\"https:\/\/terrasdebasto.pt\/?p=4613\"},\"author\":{\"name\":\"Jo\u00e3o Paulo Mesquita\",\"@id\":\"https:\/\/terrasdebasto.pt\/#\/schema\/person\/9f6739f5394ac65c802641773b278b84\"},\"headline\":\"Cabeceiras: apoios \u00e0 natalidade por transfer\u00eancia\",\"datePublished\":\"2025-10-27T16:43:33+00:00\",\"dateModified\":\"2025-10-27T22:09:59+00:00\",\"mainEntityOfPage\":{\"@id\":\"https:\/\/terrasdebasto.pt\/?p=4613\"},\"wordCount\":127,\"commentCount\":0,\"publisher\":{\"@id\":\"https:\/\/terrasdebasto.pt\/#organization\"},\"image\":{\"@id\":\"https:\/\/terrasdebasto.pt\/?p=4613#primaryimage\"},\"thumbnailUrl\":\"https:\/\/terrasdebasto.pt\/wp-content\/uploads\/2025\/10\/NATALIDADE.jpg\",\"keywords\":[\"Apoios \u00e0 Natalidade\",\"Cabeceiras de Bssto\",\"Natalidade\"],\"articleSection\":[\"Cabeceiras de Basto\",\"Educa\u00e7\u00e3o\",\"Terras de Basto\"],\"inLanguage\":\"pt-PT\",\"potentialAction\":[{\"@type\":\"CommentAction\",\"name\":\"Comment\",\"target\":[\"https:\/\/terrasdebasto.pt\/?p=4613#respond\"]}]},{\"@type\":\"WebPage\",\"@id\":\"https:\/\/terrasdebasto.pt\/?p=4613\",\"url\":\"https:\/\/terrasdebasto.pt\/?p=4613\",\"name\":\"Cabeceiras: apoios \u00e0 natalidade por transfer\u00eancia - Jornal Terras de Basto\",\"isPartOf\":{\"@id\":\"https:\/\/terrasdebasto.pt\/#website\"},\"primaryImageOfPage\":{\"@id\":\"https:\/\/terrasdebasto.pt\/?p=4613#primaryimage\"},\"image\":{\"@id\":\"https:\/\/terrasdebasto.pt\/?p=4613#primaryimage\"},\"thumbnailUrl\":\"https:\/\/terrasdebasto.pt\/wp-content\/uploads\/2025\/10\/NATALIDADE.jpg\",\"datePublished\":\"2025-10-27T16:43:33+00:00\",\"dateModified\":\"2025-10-27T22:09:59+00:00\",\"description\":\"O Munic\u00edpio de Cabeceiras de Basto emitiu esta segunda-feira (27) oito apoios \u00e0 natalidade, num montante global de 5.200 euros, que \u2013 diz uma nota entretanto divulgada \u2013 v\u00e3o deixar se ser entregues fisicamente em cerim\u00f3nia p\u00fablica, como at\u00e9 agora acontecia.\",\"breadcrumb\":{\"@id\":\"https:\/\/terrasdebasto.pt\/?p=4613#breadcrumb\"},\"inLanguage\":\"pt-PT\",\"potentialAction\":[{\"@type\":\"ReadAction\",\"target\":[\"https:\/\/terrasdebasto.pt\/?p=4613\"]}]},{\"@type\":\"ImageObject\",\"inLanguage\":\"pt-PT\",\"@id\":\"https:\/\/terrasdebasto.pt\/?p=4613#primaryimage\",\"url\":\"https:\/\/terrasdebasto.pt\/wp-content\/uploads\/2025\/10\/NATALIDADE.jpg\",\"contentUrl\":\"https:\/\/terrasdebasto.pt\/wp-content\/uploads\/2025\/10\/NATALIDADE.jpg\",\"width\":800,\"height\":580,\"caption\":\"A baby girls feet being held the heart-shaped hands of her mother TFGP.\"},{\"@type\":\"BreadcrumbList\",\"@id\":\"https:\/\/terrasdebasto.pt\/?p=4613#breadcrumb\",\"itemListElement\":[{\"@type\":\"ListItem\",\"position\":1,\"name\":\"In\u00edcio\",\"item\":\"https:\/\/terrasdebasto.pt\/\"},{\"@type\":\"ListItem\",\"position\":2,\"name\":\"Cabeceiras: apoios \u00e0 natalidade por transfer\u00eancia\"}]},{\"@type\":\"WebSite\",\"@id\":\"https:\/\/terrasdebasto.pt\/#website\",\"url\":\"https:\/\/terrasdebasto.pt\/\",\"name\":\"Jornal Terras de Basto\",\"description\":\"\",\"publisher\":{\"@id\":\"https:\/\/terrasdebasto.pt\/#organization\"},\"potentialAction\":[{\"@type\":\"SearchAction\",\"target\":{\"@type\":\"EntryPoint\",\"urlTemplate\":\"https:\/\/terrasdebasto.pt\/?s={search_term_string}\"},\"query-input\":{\"@type\":\"PropertyValueSpecification\",\"valueRequired\":true,\"valueName\":\"search_term_string\"}}],\"inLanguage\":\"pt-PT\"},{\"@type\":\"Organization\",\"@id\":\"https:\/\/terrasdebasto.pt\/#organization\",\"name\":\"Jornal Terras de Basto\",\"url\":\"https:\/\/terrasdebasto.pt\/\",\"logo\":{\"@type\":\"ImageObject\",\"inLanguage\":\"pt-PT\",\"@id\":\"https:\/\/terrasdebasto.pt\/#\/schema\/logo\/image\/\",\"url\":\"https:\/\/terrasdebasto.pt\/wp-content\/uploads\/2024\/06\/LogoNormal.png\",\"contentUrl\":\"https:\/\/terrasdebasto.pt\/wp-content\/uploads\/2024\/06\/LogoNormal.png\",\"width\":5638,\"height\":809,\"caption\":\"Jornal Terras de Basto\"},\"image\":{\"@id\":\"https:\/\/terrasdebasto.pt\/#\/schema\/logo\/image\/\"}},{\"@type\":\"Person\",\"@id\":\"https:\/\/terrasdebasto.pt\/#\/schema\/person\/9f6739f5394ac65c802641773b278b84\",\"name\":\"Jo\u00e3o Paulo Mesquita\",\"image\":{\"@type\":\"ImageObject\",\"inLanguage\":\"pt-PT\",\"@id\":\"https:\/\/terrasdebasto.pt\/#\/schema\/person\/image\/\",\"url\":\"https:\/\/secure.gravatar.com\/avatar\/9bd0f299e6d96336664aab64354168246a3ee3287c47891c50d450e47ed9d7f9?s=96&d=mm&r=g\",\"contentUrl\":\"https:\/\/secure.gravatar.com\/avatar\/9bd0f299e6d96336664aab64354168246a3ee3287c47891c50d450e47ed9d7f9?s=96&d=mm&r=g\",\"caption\":\"Jo\u00e3o Paulo Mesquita\"},\"url\":\"https:\/\/terrasdebasto.pt\/?author=7\"}]}<\/script>\n<!-- \/ Yoast SEO plugin. -->","yoast_head_json":{"title":"Cabeceiras: apoios \u00e0 natalidade por transfer\u00eancia - Jornal Terras de Basto","description":"O Munic\u00edpio de Cabeceiras de Basto emitiu esta segunda-feira (27) oito apoios \u00e0 natalidade, num montante global de 5.200 euros, que \u2013 diz uma nota entretanto divulgada \u2013 v\u00e3o deixar se ser entregues fisicamente em cerim\u00f3nia p\u00fablica, como at\u00e9 agora acontecia.","robots":{"index":"index","follow":"follow","max-snippet":"max-snippet:-1","max-image-preview":"max-image-preview:large","max-video-preview":"max-video-preview:-1"},"canonical":"https:\/\/terrasdebasto.pt\/?p=4613","og_locale":"pt_PT","og_type":"article","og_title":"Cabeceiras: apoios \u00e0 natalidade por transfer\u00eancia - Jornal Terras de Basto","og_description":"O Munic\u00edpio de Cabeceiras de Basto emitiu esta segunda-feira (27) oito apoios \u00e0 natalidade, num montante global de 5.200 euros, que \u2013 diz uma nota entretanto divulgada \u2013 v\u00e3o deixar se ser entregues fisicamente em cerim\u00f3nia p\u00fablica, como at\u00e9 agora acontecia.","og_url":"https:\/\/terrasdebasto.pt\/?p=4613","og_site_name":"Jornal Terras de Basto","article_published_time":"2025-10-27T16:43:33+00:00","article_modified_time":"2025-10-27T22:09:59+00:00","og_image":[{"width":800,"height":580,"url":"https:\/\/terrasdebasto.pt\/wp-content\/uploads\/2025\/10\/NATALIDADE.jpg","type":"image\/jpeg"}],"author":"Jo\u00e3o Paulo Mesquita","twitter_card":"summary_large_image","twitter_misc":{"Escrito por":"Jo\u00e3o Paulo Mesquita","Tempo estimado de leitura":"1 minuto"},"schema":{"@context":"https:\/\/schema.org","@graph":[{"@type":"Article","@id":"https:\/\/terrasdebasto.pt\/?p=4613#article","isPartOf":{"@id":"https:\/\/terrasdebasto.pt\/?p=4613"},"author":{"name":"Jo\u00e3o Paulo Mesquita","@id":"https:\/\/terrasdebasto.pt\/#\/schema\/person\/9f6739f5394ac65c802641773b278b84"},"headline":"Cabeceiras: apoios \u00e0 natalidade por transfer\u00eancia","datePublished":"2025-10-27T16:43:33+00:00","dateModified":"2025-10-27T22:09:59+00:00","mainEntityOfPage":{"@id":"https:\/\/terrasdebasto.pt\/?p=4613"},"wordCount":127,"commentCount":0,"publisher":{"@id":"https:\/\/terrasdebasto.pt\/#organization"},"image":{"@id":"https:\/\/terrasdebasto.pt\/?p=4613#primaryimage"},"thumbnailUrl":"https:\/\/terrasdebasto.pt\/wp-content\/uploads\/2025\/10\/NATALIDADE.jpg","keywords":["Apoios \u00e0 Natalidade","Cabeceiras de Bssto","Natalidade"],"articleSection":["Cabeceiras de Basto","Educa\u00e7\u00e3o","Terras de Basto"],"inLanguage":"pt-PT","potentialAction":[{"@type":"CommentAction","name":"Comment","target":["https:\/\/terrasdebasto.pt\/?p=4613#respond"]}]},{"@type":"WebPage","@id":"https:\/\/terrasdebasto.pt\/?p=4613","url":"https:\/\/terrasdebasto.pt\/?p=4613","name":"Cabeceiras: apoios \u00e0 natalidade por transfer\u00eancia - Jornal Terras de Basto","isPartOf":{"@id":"https:\/\/terrasdebasto.pt\/#website"},"primaryImageOfPage":{"@id":"https:\/\/terrasdebasto.pt\/?p=4613#primaryimage"},"image":{"@id":"https:\/\/terrasdebasto.pt\/?p=4613#primaryimage"},"thumbnailUrl":"https:\/\/terrasdebasto.pt\/wp-content\/uploads\/2025\/10\/NATALIDADE.jpg","datePublished":"2025-10-27T16:43:33+00:00","dateModified":"2025-10-27T22:09:59+00:00","description":"O Munic\u00edpio de Cabeceiras de Basto emitiu esta segunda-feira (27) oito apoios \u00e0 natalidade, num montante global de 5.200 euros, que \u2013 diz uma nota entretanto divulgada \u2013 v\u00e3o deixar se ser entregues fisicamente em cerim\u00f3nia p\u00fablica, como at\u00e9 agora acontecia.","breadcrumb":{"@id":"https:\/\/terrasdebasto.pt\/?p=4613#breadcrumb"},"inLanguage":"pt-PT","potentialAction":[{"@type":"ReadAction","target":["https:\/\/terrasdebasto.pt\/?p=4613"]}]},{"@type":"ImageObject","inLanguage":"pt-PT","@id":"https:\/\/terrasdebasto.pt\/?p=4613#primaryimage","url":"https:\/\/terrasdebasto.pt\/wp-content\/uploads\/2025\/10\/NATALIDADE.jpg","contentUrl":"https:\/\/terrasdebasto.pt\/wp-content\/uploads\/2025\/10\/NATALIDADE.jpg","width":800,"height":580,"caption":"A baby girls feet being held the heart-shaped hands of her mother TFGP."},{"@type":"BreadcrumbList","@id":"https:\/\/terrasdebasto.pt\/?p=4613#breadcrumb","itemListElement":[{"@type":"ListItem","position":1,"name":"In\u00edcio","item":"https:\/\/terrasdebasto.pt\/"},{"@type":"ListItem","position":2,"name":"Cabeceiras: apoios \u00e0 natalidade por transfer\u00eancia"}]},{"@type":"WebSite","@id":"https:\/\/terrasdebasto.pt\/#website","url":"https:\/\/terrasdebasto.pt\/","name":"Jornal Terras de Basto","description":"","publisher":{"@id":"https:\/\/terrasdebasto.pt\/#organization"},"potentialAction":[{"@type":"SearchAction","target":{"@type":"EntryPoint","urlTemplate":"https:\/\/terrasdebasto.pt\/?s={search_term_string}"},"query-input":{"@type":"PropertyValueSpecification","valueRequired":true,"valueName":"search_term_string"}}],"inLanguage":"pt-PT"},{"@type":"Organization","@id":"https:\/\/terrasdebasto.pt\/#organization","name":"Jornal Terras de Basto","url":"https:\/\/terrasdebasto.pt\/","logo":{"@type":"ImageObject","inLanguage":"pt-PT","@id":"https:\/\/terrasdebasto.pt\/#\/schema\/logo\/image\/","url":"https:\/\/terrasdebasto.pt\/wp-content\/uploads\/2024\/06\/LogoNormal.png","contentUrl":"https:\/\/terrasdebasto.pt\/wp-content\/uploads\/2024\/06\/LogoNormal.png","width":5638,"height":809,"caption":"Jornal Terras de Basto"},"image":{"@id":"https:\/\/terrasdebasto.pt\/#\/schema\/logo\/image\/"}},{"@type":"Person","@id":"https:\/\/terrasdebasto.pt\/#\/schema\/person\/9f6739f5394ac65c802641773b278b84","name":"Jo\u00e3o Paulo Mesquita","image":{"@type":"ImageObject","inLanguage":"pt-PT","@id":"https:\/\/terrasdebasto.pt\/#\/schema\/person\/image\/","url":"https:\/\/secure.gravatar.com\/avatar\/9bd0f299e6d96336664aab64354168246a3ee3287c47891c50d450e47ed9d7f9?s=96&d=mm&r=g","contentUrl":"https:\/\/secure.gravatar.com\/avatar\/9bd0f299e6d96336664aab64354168246a3ee3287c47891c50d450e47ed9d7f9?s=96&d=mm&r=g","caption":"Jo\u00e3o Paulo Mesquita"},"url":"https:\/\/terrasdebasto.pt\/?author=7"}]}},"_links":{"self":[{"href":"https:\/\/terrasdebasto.pt\/index.php?rest_route=\/wp\/v2\/posts\/4613","targetHints":{"allow":["GET"]}}],"collection":[{"href":"https:\/\/terrasdebasto.pt\/index.php?rest_route=\/wp\/v2\/posts"}],"about":[{"href":"https:\/\/terrasdebasto.pt\/index.php?rest_route=\/wp\/v2\/types\/post"}],"author":[{"embeddable":true,"href":"https:\/\/terrasdebasto.pt\/index.php?rest_route=\/wp\/v2\/users\/7"}],"replies":[{"embeddable":true,"href":"https:\/\/terrasdebasto.pt\/index.php?rest_route=%2Fwp%2Fv2%2Fcomments&post=4613"}],"version-history":[{"count":2,"href":"https:\/\/terrasdebasto.pt\/index.php?rest_route=\/wp\/v2\/posts\/4613\/revisions"}],"predecessor-version":[{"id":4616,"href":"https:\/\/terrasdebasto.pt\/index.php?rest_route=\/wp\/v2\/posts\/4613\/revisions\/4616"}],"wp:featuredmedia":[{"embeddable":true,"href":"https:\/\/terrasdebasto.pt\/index.php?rest_route=\/wp\/v2\/media\/4614"}],"wp:attachment":[{"href":"https:\/\/terrasdebasto.pt\/index.php?rest_route=%2Fwp%2Fv2%2Fmedia&parent=4613"}],"wp:term":[{"taxonomy":"category","embeddable":true,"href":"https:\/\/terrasdebasto.pt\/index.php?rest_route=%2Fwp%2Fv2%2Fcategories&post=4613"},{"taxonomy":"post_tag","embeddable":true,"href":"https:\/\/terrasdebasto.pt\/index.php?rest_route=%2Fwp%2Fv2%2Ftags&post=4613"}],"curies":[{"name":"wp","href":"https:\/\/api.w.org\/{rel}","templated":true}]}}