{"id":4525,"date":"2025-10-23T19:05:28","date_gmt":"2025-10-23T19:05:28","guid":{"rendered":"https:\/\/terrasdebasto.pt\/?p=4525"},"modified":"2025-10-23T19:05:28","modified_gmt":"2025-10-23T19:05:28","slug":"rali-de-historicos-com-duas-provas-em-cabeceiras-de-basto","status":"publish","type":"post","link":"https:\/\/terrasdebasto.pt\/?p=4525","title":{"rendered":"Rali de hist\u00f3ricos com duas provas em Cabeceiras de Basto"},"content":{"rendered":"\n<p><\/p>\n\n\n\n<p><strong>Cabeceiras de Basto vai receber duas provas especiais de classifica\u00e7\u00e3o do \u201cHistoric Rally Fafe\u201d, que se realiza pela primeira vez a 7 e 8 de novembro e para o qual, embora seja a etapa de encerramento, \u00e9 esperada \u00abuma aliciante lista de inscritos\u00bb.<\/strong><\/p>\n\n\n\n<p>O \u201cHistoric Rally Fafe\u201d, que tem organiza\u00e7\u00e3o da Demoporto, estreia-se no calend\u00e1rio do \u201cFIA European Historic Rally Championship\u201d (EHRC) e nele podem participar m\u00e1quinas cl\u00e1ssicas dos anos 60 at\u00e9 aos 2000.<\/p>\n\n\n\n<p>Com um percurso que atravessa algumas das mais ic\u00f3nicas classificativas de terra, reconhecidas internacionalmente pela sua beleza e desafio t\u00e9cnico, o rali tamb\u00e9m integra a chancela FIA no \u201cEuropean Rally Trophy\u201d, refor\u00e7ando o seu prest\u00edgio. O epicentro da competi\u00e7\u00e3o \u00e9 a cidade de Fafe, mas as emo\u00e7\u00f5es estendem-se, al\u00e9m de Cabeceiras de Basto, aos concelhos de Felgueiras e Boticas.<\/p>\n\n\n\n<figure class=\"wp-block-gallery has-nested-images columns-default is-cropped wp-block-gallery-1 is-layout-flex wp-block-gallery-is-layout-flex\">\n<figure class=\"wp-block-image size-large\"><img loading=\"lazy\" decoding=\"async\" width=\"724\" height=\"869\" data-id=\"4528\" src=\"https:\/\/terrasdebasto.pt\/wp-content\/uploads\/2025\/10\/CLASSICOS-3.jpeg\" alt=\"\" class=\"wp-image-4528\" srcset=\"https:\/\/terrasdebasto.pt\/wp-content\/uploads\/2025\/10\/CLASSICOS-3.jpeg 724w, https:\/\/terrasdebasto.pt\/wp-content\/uploads\/2025\/10\/CLASSICOS-3-250x300.jpeg 250w, https:\/\/terrasdebasto.pt\/wp-content\/uploads\/2025\/10\/CLASSICOS-3-150x180.jpeg 150w, https:\/\/terrasdebasto.pt\/wp-content\/uploads\/2025\/10\/CLASSICOS-3-300x360.jpeg 300w, https:\/\/terrasdebasto.pt\/wp-content\/uploads\/2025\/10\/CLASSICOS-3-696x835.jpeg 696w\" sizes=\"auto, (max-width: 724px) 100vw, 724px\" \/><\/figure>\n<\/figure>\n\n\n\n<p>O &#8220;Historic Rally Fafe&#8221; apresentar\u00e1 algumas inova\u00e7\u00f5es em termos de estrutura, sendo que a \u00fanica classificativa fora de Fafe ser\u00e1 a de Cabeceiras de Basto (10,70 km), com um tra\u00e7ado in\u00e9dito. Outras novidades s\u00e3o a jun\u00e7\u00e3o dos tro\u00e7os de Montim com o de Vila Pouca, passando pela EN 206. O in\u00edcio do tro\u00e7o de Vila Cova, e at\u00e9 meio, \u00e9 totalmente novo e uma estreia absoluta, derivando depois para uma estrada j\u00e1 antes utilizada e de nome Monte.<\/p>\n\n\n\n<p>Se o tro\u00e7o de Anjos\/Gontim (14,04 km) \u00e9 id\u00eantico \u00e0 vers\u00e3o utilizada em 2020, quando o rali integrava o Europeu, o da Queimadela ter\u00e1 agora um final diferente, que corresponde ao acesso \u00e0 EN 207 (Fafe-P\u00f3voa de Lanhoso). O de V\u00e1rzea Cova (10,74 km) mant\u00e9m-se id\u00eantico \u00e0 vers\u00e3o dos anos anteriores.<\/p>\n\n\n\n<p>A prova arranca oficialmente na quinta-feira (6), com a realiza\u00e7\u00e3o do \u201cshakedown\u201d, no tro\u00e7o de Gontim, mas em sentido contr\u00e1rio, come\u00e7ando em Pedra\u00eddo para terminar na Lagoa.<\/p>\n\n\n\n<p>Os pilotos inscritos no Campeonato Regional Norte disputam apenas as classificativas da segunda etapa, no s\u00e1bado (7).<\/p>\n\n\n\n<figure class=\"wp-block-gallery has-nested-images columns-default is-cropped wp-block-gallery-2 is-layout-flex wp-block-gallery-is-layout-flex\">\n<figure class=\"wp-block-image size-large\"><img loading=\"lazy\" decoding=\"async\" width=\"1024\" height=\"682\" data-id=\"4529\" src=\"https:\/\/terrasdebasto.pt\/wp-content\/uploads\/2025\/10\/CLASSICOS-2-1.jpeg\" alt=\"\" class=\"wp-image-4529\" srcset=\"https:\/\/terrasdebasto.pt\/wp-content\/uploads\/2025\/10\/CLASSICOS-2-1.jpeg 1024w, https:\/\/terrasdebasto.pt\/wp-content\/uploads\/2025\/10\/CLASSICOS-2-1-300x200.jpeg 300w, https:\/\/terrasdebasto.pt\/wp-content\/uploads\/2025\/10\/CLASSICOS-2-1-768x512.jpeg 768w, https:\/\/terrasdebasto.pt\/wp-content\/uploads\/2025\/10\/CLASSICOS-2-1-150x100.jpeg 150w, https:\/\/terrasdebasto.pt\/wp-content\/uploads\/2025\/10\/CLASSICOS-2-1-696x464.jpeg 696w\" sizes=\"auto, (max-width: 1024px) 100vw, 1024px\" \/><\/figure>\n<\/figure>\n\n\n\n<p>Na sexta-feira (7), a primeira PEC cabeceirense, a segunda da etapa, acontece a partir das 11h55, enquanto a PEC 5 se realiza a partir das 16h22.<\/p>\n\n\n\n<p>Jari-Matti Latvala, vencedor da edi\u00e7\u00e3o espanhola, com um \u201cToyota Celica 4WD Turbo\u201d, j\u00e1 confirmou a sua participa\u00e7\u00e3o, atestando o que a FIA havia assinalado num dos seus \u00faltimos comunicados, referindo-se \u00e0s duas \u00faltimas provas da \u00e9poca.<\/p>\n\n\n\n<p>A equipa brit\u00e2nica \u201cFlexifly Rally Team\u201d, que habitualmente faz alinhar um \u201cBMW M3\u201d e dois \u201cFord Escort 1800\u201d, embora sem especificar detalhes da participa\u00e7\u00e3o, tamb\u00e9m manifestou vontade de participar.<\/p>\n\n\n\n<p>O polaco Maciej Lubiak, em \u201cPorsche 911 Carrera RS 3.0\u201d, quarto classificado nas Ast\u00farias e no \u201ctop 3\u201d da tabela classificativa do campeonato, \u00e9 uma das hip\u00f3teses em aberto. De igual modo, tamb\u00e9m o espanhol Ant\u00f3nio Sainz \u2013 irm\u00e3o do bicampe\u00e3o mundial de ralis e vencedor do Dakar, Carlos Sainz \u2013, uma das figuras de refer\u00eancia espanholas dos ralis hist\u00f3ricos, pondera vir a Fafe com o espetacular \u201cSubaru Impreza 555\u201d.<\/p>\n\n\n\n<p>Alberto Fraga Vilari\u00f1o, tamb\u00e9m do pa\u00eds vizinho, adiantou \u00e0 \u201cDemoporto\u201d que comparecer\u00e1 com o seu \u201cAudi Quattro Sport E2\u201d. Ainda oriunda de Espanha, a \u201cCosmos Racing\u201d dever\u00e1 assegurar a participa\u00e7\u00e3o do \u201cFord Escort RS Cosworth\u201d ex-oficial, que nas Ast\u00farias foi guiado pelo belga Bruno Thiry, antigo piloto da equipa oficial da Ford.<\/p>\n\n\n\n<figure class=\"wp-block-gallery has-nested-images columns-default is-cropped wp-block-gallery-3 is-layout-flex wp-block-gallery-is-layout-flex\">\n<figure class=\"wp-block-image size-large\"><img loading=\"lazy\" decoding=\"async\" width=\"1024\" height=\"682\" data-id=\"4530\" src=\"https:\/\/terrasdebasto.pt\/wp-content\/uploads\/2025\/10\/CLASSICOS-4.jpg\" alt=\"\" class=\"wp-image-4530\" srcset=\"https:\/\/terrasdebasto.pt\/wp-content\/uploads\/2025\/10\/CLASSICOS-4.jpg 1024w, https:\/\/terrasdebasto.pt\/wp-content\/uploads\/2025\/10\/CLASSICOS-4-300x200.jpg 300w, https:\/\/terrasdebasto.pt\/wp-content\/uploads\/2025\/10\/CLASSICOS-4-768x512.jpg 768w, https:\/\/terrasdebasto.pt\/wp-content\/uploads\/2025\/10\/CLASSICOS-4-150x100.jpg 150w, https:\/\/terrasdebasto.pt\/wp-content\/uploads\/2025\/10\/CLASSICOS-4-696x464.jpg 696w\" sizes=\"auto, (max-width: 1024px) 100vw, 1024px\" \/><\/figure>\n<\/figure>\n","protected":false},"excerpt":{"rendered":"<p>Cabeceiras de Basto vai receber duas provas especiais de classifica\u00e7\u00e3o do \u201cHistoric Rally Fafe\u201d, que se realiza pela primeira vez a 7 e 8 de novembro e para o qual, embora seja a etapa de encerramento, \u00e9 esperada \u00abuma aliciante lista de inscritos\u00bb. O \u201cHistoric Rally Fafe\u201d, que tem organiza\u00e7\u00e3o da Demoporto, estreia-se no calend\u00e1rio [&hellip;]<\/p>\n","protected":false},"author":7,"featured_media":4526,"comment_status":"open","ping_status":"open","sticky":false,"template":"","format":"standard","meta":{"footnotes":""},"categories":[12,8,9],"tags":[29,1004,1005],"class_list":{"0":"post-4525","1":"post","2":"type-post","3":"status-publish","4":"format-standard","5":"has-post-thumbnail","7":"category-cabeceiras-de-basto","8":"category-desporto","9":"category-terras-de-basto","10":"tag-cabeceiras-de-basto","11":"tag-historic-rally-fafe","12":"tag-ralis-de-fafe"},"yoast_head":"<!-- This site is optimized with the Yoast SEO plugin v25.7 - https:\/\/yoast.com\/wordpress\/plugins\/seo\/ -->\n<title>Rali de hist\u00f3ricos com duas provas em Cabeceiras de Basto - Jornal Terras de Basto<\/title>\n<meta name=\"description\" content=\"Cabeceiras de Basto vai receber duas provas especiais de classifica\u00e7\u00e3o do \u201cHistoric Rally Fafe\u201d, que se realiza pela primeira vez a 7 e 8 de novembro e para o qual, embora seja a etapa de encerramento, \u00e9 esperada \u00abuma aliciante lista de inscritos\u00bb. O \u201cHistoric Rally Fafe\u201d, que tem organiza\u00e7\u00e3o da Demoporto, estreia-se no calend\u00e1rio do \u201cFIA European Historic Rally Championship\u201d (EHRC) e nele podem participar m\u00e1quinas cl\u00e1ssicas dos anos 60 at\u00e9 aos 2000.\" \/>\n<meta name=\"robots\" content=\"index, follow, max-snippet:-1, max-image-preview:large, max-video-preview:-1\" \/>\n<link rel=\"canonical\" href=\"https:\/\/terrasdebasto.pt\/?p=4525\" \/>\n<meta property=\"og:locale\" content=\"pt_PT\" \/>\n<meta property=\"og:type\" content=\"article\" \/>\n<meta property=\"og:title\" content=\"Rali de hist\u00f3ricos com duas provas em Cabeceiras de Basto - Jornal Terras de Basto\" \/>\n<meta property=\"og:description\" content=\"Cabeceiras de Basto vai receber duas provas especiais de classifica\u00e7\u00e3o do \u201cHistoric Rally Fafe\u201d, que se realiza pela primeira vez a 7 e 8 de novembro e para o qual, embora seja a etapa de encerramento, \u00e9 esperada \u00abuma aliciante lista de inscritos\u00bb. O \u201cHistoric Rally Fafe\u201d, que tem organiza\u00e7\u00e3o da Demoporto, estreia-se no calend\u00e1rio do \u201cFIA European Historic Rally Championship\u201d (EHRC) e nele podem participar m\u00e1quinas cl\u00e1ssicas dos anos 60 at\u00e9 aos 2000.\" \/>\n<meta property=\"og:url\" content=\"https:\/\/terrasdebasto.pt\/?p=4525\" \/>\n<meta property=\"og:site_name\" content=\"Jornal Terras de Basto\" \/>\n<meta property=\"article:published_time\" content=\"2025-10-23T19:05:28+00:00\" \/>\n<meta property=\"og:image\" content=\"https:\/\/terrasdebasto.pt\/wp-content\/uploads\/2025\/10\/CLASSICOS-Maciej-Lubiak_Porsche-911_3_-Large-1024x682-1.jpeg\" \/>\n\t<meta property=\"og:image:width\" content=\"1024\" \/>\n\t<meta property=\"og:image:height\" content=\"682\" \/>\n\t<meta property=\"og:image:type\" content=\"image\/jpeg\" \/>\n<meta name=\"author\" content=\"Jo\u00e3o Paulo Mesquita\" \/>\n<meta name=\"twitter:card\" content=\"summary_large_image\" \/>\n<meta name=\"twitter:label1\" content=\"Escrito por\" \/>\n\t<meta name=\"twitter:data1\" content=\"Jo\u00e3o Paulo Mesquita\" \/>\n\t<meta name=\"twitter:label2\" content=\"Tempo estimado de leitura\" \/>\n\t<meta name=\"twitter:data2\" content=\"4 minutos\" \/>\n<script type=\"application\/ld+json\" class=\"yoast-schema-graph\">{\"@context\":\"https:\/\/schema.org\",\"@graph\":[{\"@type\":\"Article\",\"@id\":\"https:\/\/terrasdebasto.pt\/?p=4525#article\",\"isPartOf\":{\"@id\":\"https:\/\/terrasdebasto.pt\/?p=4525\"},\"author\":{\"name\":\"Jo\u00e3o Paulo Mesquita\",\"@id\":\"https:\/\/terrasdebasto.pt\/#\/schema\/person\/9f6739f5394ac65c802641773b278b84\"},\"headline\":\"Rali de hist\u00f3ricos com duas provas em Cabeceiras de Basto\",\"datePublished\":\"2025-10-23T19:05:28+00:00\",\"mainEntityOfPage\":{\"@id\":\"https:\/\/terrasdebasto.pt\/?p=4525\"},\"wordCount\":554,\"commentCount\":0,\"publisher\":{\"@id\":\"https:\/\/terrasdebasto.pt\/#organization\"},\"image\":{\"@id\":\"https:\/\/terrasdebasto.pt\/?p=4525#primaryimage\"},\"thumbnailUrl\":\"https:\/\/terrasdebasto.pt\/wp-content\/uploads\/2025\/10\/CLASSICOS-Maciej-Lubiak_Porsche-911_3_-Large-1024x682-1.jpeg\",\"keywords\":[\"Cabeceiras de Basto\",\"Historic Rally Fafe\",\"Ralis de Fafe\"],\"articleSection\":[\"Cabeceiras de Basto\",\"Desporto\",\"Terras de Basto\"],\"inLanguage\":\"pt-PT\",\"potentialAction\":[{\"@type\":\"CommentAction\",\"name\":\"Comment\",\"target\":[\"https:\/\/terrasdebasto.pt\/?p=4525#respond\"]}]},{\"@type\":\"WebPage\",\"@id\":\"https:\/\/terrasdebasto.pt\/?p=4525\",\"url\":\"https:\/\/terrasdebasto.pt\/?p=4525\",\"name\":\"Rali de hist\u00f3ricos com duas provas em Cabeceiras de Basto - Jornal Terras de Basto\",\"isPartOf\":{\"@id\":\"https:\/\/terrasdebasto.pt\/#website\"},\"primaryImageOfPage\":{\"@id\":\"https:\/\/terrasdebasto.pt\/?p=4525#primaryimage\"},\"image\":{\"@id\":\"https:\/\/terrasdebasto.pt\/?p=4525#primaryimage\"},\"thumbnailUrl\":\"https:\/\/terrasdebasto.pt\/wp-content\/uploads\/2025\/10\/CLASSICOS-Maciej-Lubiak_Porsche-911_3_-Large-1024x682-1.jpeg\",\"datePublished\":\"2025-10-23T19:05:28+00:00\",\"description\":\"Cabeceiras de Basto vai receber duas provas especiais de classifica\u00e7\u00e3o do \u201cHistoric Rally Fafe\u201d, que se realiza pela primeira vez a 7 e 8 de novembro e para o qual, embora seja a etapa de encerramento, \u00e9 esperada \u00abuma aliciante lista de inscritos\u00bb. O \u201cHistoric Rally Fafe\u201d, que tem organiza\u00e7\u00e3o da Demoporto, estreia-se no calend\u00e1rio do \u201cFIA European Historic Rally Championship\u201d (EHRC) e nele podem participar m\u00e1quinas cl\u00e1ssicas dos anos 60 at\u00e9 aos 2000.\",\"breadcrumb\":{\"@id\":\"https:\/\/terrasdebasto.pt\/?p=4525#breadcrumb\"},\"inLanguage\":\"pt-PT\",\"potentialAction\":[{\"@type\":\"ReadAction\",\"target\":[\"https:\/\/terrasdebasto.pt\/?p=4525\"]}]},{\"@type\":\"ImageObject\",\"inLanguage\":\"pt-PT\",\"@id\":\"https:\/\/terrasdebasto.pt\/?p=4525#primaryimage\",\"url\":\"https:\/\/terrasdebasto.pt\/wp-content\/uploads\/2025\/10\/CLASSICOS-Maciej-Lubiak_Porsche-911_3_-Large-1024x682-1.jpeg\",\"contentUrl\":\"https:\/\/terrasdebasto.pt\/wp-content\/uploads\/2025\/10\/CLASSICOS-Maciej-Lubiak_Porsche-911_3_-Large-1024x682-1.jpeg\",\"width\":1024,\"height\":682},{\"@type\":\"BreadcrumbList\",\"@id\":\"https:\/\/terrasdebasto.pt\/?p=4525#breadcrumb\",\"itemListElement\":[{\"@type\":\"ListItem\",\"position\":1,\"name\":\"In\u00edcio\",\"item\":\"https:\/\/terrasdebasto.pt\/\"},{\"@type\":\"ListItem\",\"position\":2,\"name\":\"Rali de hist\u00f3ricos com duas provas em Cabeceiras de Basto\"}]},{\"@type\":\"WebSite\",\"@id\":\"https:\/\/terrasdebasto.pt\/#website\",\"url\":\"https:\/\/terrasdebasto.pt\/\",\"name\":\"Jornal Terras de Basto\",\"description\":\"\",\"publisher\":{\"@id\":\"https:\/\/terrasdebasto.pt\/#organization\"},\"potentialAction\":[{\"@type\":\"SearchAction\",\"target\":{\"@type\":\"EntryPoint\",\"urlTemplate\":\"https:\/\/terrasdebasto.pt\/?s={search_term_string}\"},\"query-input\":{\"@type\":\"PropertyValueSpecification\",\"valueRequired\":true,\"valueName\":\"search_term_string\"}}],\"inLanguage\":\"pt-PT\"},{\"@type\":\"Organization\",\"@id\":\"https:\/\/terrasdebasto.pt\/#organization\",\"name\":\"Jornal Terras de Basto\",\"url\":\"https:\/\/terrasdebasto.pt\/\",\"logo\":{\"@type\":\"ImageObject\",\"inLanguage\":\"pt-PT\",\"@id\":\"https:\/\/terrasdebasto.pt\/#\/schema\/logo\/image\/\",\"url\":\"https:\/\/terrasdebasto.pt\/wp-content\/uploads\/2024\/06\/LogoNormal.png\",\"contentUrl\":\"https:\/\/terrasdebasto.pt\/wp-content\/uploads\/2024\/06\/LogoNormal.png\",\"width\":5638,\"height\":809,\"caption\":\"Jornal Terras de Basto\"},\"image\":{\"@id\":\"https:\/\/terrasdebasto.pt\/#\/schema\/logo\/image\/\"}},{\"@type\":\"Person\",\"@id\":\"https:\/\/terrasdebasto.pt\/#\/schema\/person\/9f6739f5394ac65c802641773b278b84\",\"name\":\"Jo\u00e3o Paulo Mesquita\",\"image\":{\"@type\":\"ImageObject\",\"inLanguage\":\"pt-PT\",\"@id\":\"https:\/\/terrasdebasto.pt\/#\/schema\/person\/image\/\",\"url\":\"https:\/\/secure.gravatar.com\/avatar\/9bd0f299e6d96336664aab64354168246a3ee3287c47891c50d450e47ed9d7f9?s=96&d=mm&r=g\",\"contentUrl\":\"https:\/\/secure.gravatar.com\/avatar\/9bd0f299e6d96336664aab64354168246a3ee3287c47891c50d450e47ed9d7f9?s=96&d=mm&r=g\",\"caption\":\"Jo\u00e3o Paulo Mesquita\"},\"url\":\"https:\/\/terrasdebasto.pt\/?author=7\"}]}<\/script>\n<!-- \/ Yoast SEO plugin. -->","yoast_head_json":{"title":"Rali de hist\u00f3ricos com duas provas em Cabeceiras de Basto - Jornal Terras de Basto","description":"Cabeceiras de Basto vai receber duas provas especiais de classifica\u00e7\u00e3o do \u201cHistoric Rally Fafe\u201d, que se realiza pela primeira vez a 7 e 8 de novembro e para o qual, embora seja a etapa de encerramento, \u00e9 esperada \u00abuma aliciante lista de inscritos\u00bb. O \u201cHistoric Rally Fafe\u201d, que tem organiza\u00e7\u00e3o da Demoporto, estreia-se no calend\u00e1rio do \u201cFIA European Historic Rally Championship\u201d (EHRC) e nele podem participar m\u00e1quinas cl\u00e1ssicas dos anos 60 at\u00e9 aos 2000.","robots":{"index":"index","follow":"follow","max-snippet":"max-snippet:-1","max-image-preview":"max-image-preview:large","max-video-preview":"max-video-preview:-1"},"canonical":"https:\/\/terrasdebasto.pt\/?p=4525","og_locale":"pt_PT","og_type":"article","og_title":"Rali de hist\u00f3ricos com duas provas em Cabeceiras de Basto - Jornal Terras de Basto","og_description":"Cabeceiras de Basto vai receber duas provas especiais de classifica\u00e7\u00e3o do \u201cHistoric Rally Fafe\u201d, que se realiza pela primeira vez a 7 e 8 de novembro e para o qual, embora seja a etapa de encerramento, \u00e9 esperada \u00abuma aliciante lista de inscritos\u00bb. O \u201cHistoric Rally Fafe\u201d, que tem organiza\u00e7\u00e3o da Demoporto, estreia-se no calend\u00e1rio do \u201cFIA European Historic Rally Championship\u201d (EHRC) e nele podem participar m\u00e1quinas cl\u00e1ssicas dos anos 60 at\u00e9 aos 2000.","og_url":"https:\/\/terrasdebasto.pt\/?p=4525","og_site_name":"Jornal Terras de Basto","article_published_time":"2025-10-23T19:05:28+00:00","og_image":[{"width":1024,"height":682,"url":"https:\/\/terrasdebasto.pt\/wp-content\/uploads\/2025\/10\/CLASSICOS-Maciej-Lubiak_Porsche-911_3_-Large-1024x682-1.jpeg","type":"image\/jpeg"}],"author":"Jo\u00e3o Paulo Mesquita","twitter_card":"summary_large_image","twitter_misc":{"Escrito por":"Jo\u00e3o Paulo Mesquita","Tempo estimado de leitura":"4 minutos"},"schema":{"@context":"https:\/\/schema.org","@graph":[{"@type":"Article","@id":"https:\/\/terrasdebasto.pt\/?p=4525#article","isPartOf":{"@id":"https:\/\/terrasdebasto.pt\/?p=4525"},"author":{"name":"Jo\u00e3o Paulo Mesquita","@id":"https:\/\/terrasdebasto.pt\/#\/schema\/person\/9f6739f5394ac65c802641773b278b84"},"headline":"Rali de hist\u00f3ricos com duas provas em Cabeceiras de Basto","datePublished":"2025-10-23T19:05:28+00:00","mainEntityOfPage":{"@id":"https:\/\/terrasdebasto.pt\/?p=4525"},"wordCount":554,"commentCount":0,"publisher":{"@id":"https:\/\/terrasdebasto.pt\/#organization"},"image":{"@id":"https:\/\/terrasdebasto.pt\/?p=4525#primaryimage"},"thumbnailUrl":"https:\/\/terrasdebasto.pt\/wp-content\/uploads\/2025\/10\/CLASSICOS-Maciej-Lubiak_Porsche-911_3_-Large-1024x682-1.jpeg","keywords":["Cabeceiras de Basto","Historic Rally Fafe","Ralis de Fafe"],"articleSection":["Cabeceiras de Basto","Desporto","Terras de Basto"],"inLanguage":"pt-PT","potentialAction":[{"@type":"CommentAction","name":"Comment","target":["https:\/\/terrasdebasto.pt\/?p=4525#respond"]}]},{"@type":"WebPage","@id":"https:\/\/terrasdebasto.pt\/?p=4525","url":"https:\/\/terrasdebasto.pt\/?p=4525","name":"Rali de hist\u00f3ricos com duas provas em Cabeceiras de Basto - Jornal Terras de Basto","isPartOf":{"@id":"https:\/\/terrasdebasto.pt\/#website"},"primaryImageOfPage":{"@id":"https:\/\/terrasdebasto.pt\/?p=4525#primaryimage"},"image":{"@id":"https:\/\/terrasdebasto.pt\/?p=4525#primaryimage"},"thumbnailUrl":"https:\/\/terrasdebasto.pt\/wp-content\/uploads\/2025\/10\/CLASSICOS-Maciej-Lubiak_Porsche-911_3_-Large-1024x682-1.jpeg","datePublished":"2025-10-23T19:05:28+00:00","description":"Cabeceiras de Basto vai receber duas provas especiais de classifica\u00e7\u00e3o do \u201cHistoric Rally Fafe\u201d, que se realiza pela primeira vez a 7 e 8 de novembro e para o qual, embora seja a etapa de encerramento, \u00e9 esperada \u00abuma aliciante lista de inscritos\u00bb. O \u201cHistoric Rally Fafe\u201d, que tem organiza\u00e7\u00e3o da Demoporto, estreia-se no calend\u00e1rio do \u201cFIA European Historic Rally Championship\u201d (EHRC) e nele podem participar m\u00e1quinas cl\u00e1ssicas dos anos 60 at\u00e9 aos 2000.","breadcrumb":{"@id":"https:\/\/terrasdebasto.pt\/?p=4525#breadcrumb"},"inLanguage":"pt-PT","potentialAction":[{"@type":"ReadAction","target":["https:\/\/terrasdebasto.pt\/?p=4525"]}]},{"@type":"ImageObject","inLanguage":"pt-PT","@id":"https:\/\/terrasdebasto.pt\/?p=4525#primaryimage","url":"https:\/\/terrasdebasto.pt\/wp-content\/uploads\/2025\/10\/CLASSICOS-Maciej-Lubiak_Porsche-911_3_-Large-1024x682-1.jpeg","contentUrl":"https:\/\/terrasdebasto.pt\/wp-content\/uploads\/2025\/10\/CLASSICOS-Maciej-Lubiak_Porsche-911_3_-Large-1024x682-1.jpeg","width":1024,"height":682},{"@type":"BreadcrumbList","@id":"https:\/\/terrasdebasto.pt\/?p=4525#breadcrumb","itemListElement":[{"@type":"ListItem","position":1,"name":"In\u00edcio","item":"https:\/\/terrasdebasto.pt\/"},{"@type":"ListItem","position":2,"name":"Rali de hist\u00f3ricos com duas provas em Cabeceiras de Basto"}]},{"@type":"WebSite","@id":"https:\/\/terrasdebasto.pt\/#website","url":"https:\/\/terrasdebasto.pt\/","name":"Jornal Terras de Basto","description":"","publisher":{"@id":"https:\/\/terrasdebasto.pt\/#organization"},"potentialAction":[{"@type":"SearchAction","target":{"@type":"EntryPoint","urlTemplate":"https:\/\/terrasdebasto.pt\/?s={search_term_string}"},"query-input":{"@type":"PropertyValueSpecification","valueRequired":true,"valueName":"search_term_string"}}],"inLanguage":"pt-PT"},{"@type":"Organization","@id":"https:\/\/terrasdebasto.pt\/#organization","name":"Jornal Terras de Basto","url":"https:\/\/terrasdebasto.pt\/","logo":{"@type":"ImageObject","inLanguage":"pt-PT","@id":"https:\/\/terrasdebasto.pt\/#\/schema\/logo\/image\/","url":"https:\/\/terrasdebasto.pt\/wp-content\/uploads\/2024\/06\/LogoNormal.png","contentUrl":"https:\/\/terrasdebasto.pt\/wp-content\/uploads\/2024\/06\/LogoNormal.png","width":5638,"height":809,"caption":"Jornal Terras de Basto"},"image":{"@id":"https:\/\/terrasdebasto.pt\/#\/schema\/logo\/image\/"}},{"@type":"Person","@id":"https:\/\/terrasdebasto.pt\/#\/schema\/person\/9f6739f5394ac65c802641773b278b84","name":"Jo\u00e3o Paulo Mesquita","image":{"@type":"ImageObject","inLanguage":"pt-PT","@id":"https:\/\/terrasdebasto.pt\/#\/schema\/person\/image\/","url":"https:\/\/secure.gravatar.com\/avatar\/9bd0f299e6d96336664aab64354168246a3ee3287c47891c50d450e47ed9d7f9?s=96&d=mm&r=g","contentUrl":"https:\/\/secure.gravatar.com\/avatar\/9bd0f299e6d96336664aab64354168246a3ee3287c47891c50d450e47ed9d7f9?s=96&d=mm&r=g","caption":"Jo\u00e3o Paulo Mesquita"},"url":"https:\/\/terrasdebasto.pt\/?author=7"}]}},"_links":{"self":[{"href":"https:\/\/terrasdebasto.pt\/index.php?rest_route=\/wp\/v2\/posts\/4525","targetHints":{"allow":["GET"]}}],"collection":[{"href":"https:\/\/terrasdebasto.pt\/index.php?rest_route=\/wp\/v2\/posts"}],"about":[{"href":"https:\/\/terrasdebasto.pt\/index.php?rest_route=\/wp\/v2\/types\/post"}],"author":[{"embeddable":true,"href":"https:\/\/terrasdebasto.pt\/index.php?rest_route=\/wp\/v2\/users\/7"}],"replies":[{"embeddable":true,"href":"https:\/\/terrasdebasto.pt\/index.php?rest_route=%2Fwp%2Fv2%2Fcomments&post=4525"}],"version-history":[{"count":1,"href":"https:\/\/terrasdebasto.pt\/index.php?rest_route=\/wp\/v2\/posts\/4525\/revisions"}],"predecessor-version":[{"id":4531,"href":"https:\/\/terrasdebasto.pt\/index.php?rest_route=\/wp\/v2\/posts\/4525\/revisions\/4531"}],"wp:featuredmedia":[{"embeddable":true,"href":"https:\/\/terrasdebasto.pt\/index.php?rest_route=\/wp\/v2\/media\/4526"}],"wp:attachment":[{"href":"https:\/\/terrasdebasto.pt\/index.php?rest_route=%2Fwp%2Fv2%2Fmedia&parent=4525"}],"wp:term":[{"taxonomy":"category","embeddable":true,"href":"https:\/\/terrasdebasto.pt\/index.php?rest_route=%2Fwp%2Fv2%2Fcategories&post=4525"},{"taxonomy":"post_tag","embeddable":true,"href":"https:\/\/terrasdebasto.pt\/index.php?rest_route=%2Fwp%2Fv2%2Ftags&post=4525"}],"curies":[{"name":"wp","href":"https:\/\/api.w.org\/{rel}","templated":true}]}}