{"id":4515,"date":"2025-10-23T17:19:04","date_gmt":"2025-10-23T17:19:04","guid":{"rendered":"https:\/\/terrasdebasto.pt\/?p=4515"},"modified":"2025-10-23T17:19:05","modified_gmt":"2025-10-23T17:19:05","slug":"celorico-de-basto-sensibiliza-para-cancro-da-mama","status":"publish","type":"post","link":"https:\/\/terrasdebasto.pt\/?p=4515","title":{"rendered":"Celorico de Basto sensibiliza para cancro da mama"},"content":{"rendered":"\n<p><\/p>\n\n\n\n<p><strong>Sensibilizar para a preven\u00e7\u00e3o e dete\u00e7\u00e3o precoce do cancro da mama \u00e9 o objetivo da campanha \u201cOutubro Rosa\u201d, a que o Munic\u00edpio de Celorico de Basto se associou com a realiza\u00e7\u00e3o de uma aula de \u201cyoga\u201d e de outras a\u00e7\u00f5es para toda a comunidade.<\/strong><\/p>\n\n\n\n<figure class=\"wp-block-gallery has-nested-images columns-default is-cropped wp-block-gallery-1 is-layout-flex wp-block-gallery-is-layout-flex\">\n<figure class=\"wp-block-image size-large\"><img loading=\"lazy\" decoding=\"async\" width=\"1024\" height=\"697\" data-id=\"4519\" src=\"https:\/\/terrasdebasto.pt\/wp-content\/uploads\/2025\/10\/OUTUBRO-ROSA-2-1-1024x697.jpg\" alt=\"\" class=\"wp-image-4519\" srcset=\"https:\/\/terrasdebasto.pt\/wp-content\/uploads\/2025\/10\/OUTUBRO-ROSA-2-1-1024x697.jpg 1024w, https:\/\/terrasdebasto.pt\/wp-content\/uploads\/2025\/10\/OUTUBRO-ROSA-2-1-300x204.jpg 300w, https:\/\/terrasdebasto.pt\/wp-content\/uploads\/2025\/10\/OUTUBRO-ROSA-2-1-768x523.jpg 768w, https:\/\/terrasdebasto.pt\/wp-content\/uploads\/2025\/10\/OUTUBRO-ROSA-2-1-1536x1045.jpg 1536w, https:\/\/terrasdebasto.pt\/wp-content\/uploads\/2025\/10\/OUTUBRO-ROSA-2-1-2048x1394.jpg 2048w, https:\/\/terrasdebasto.pt\/wp-content\/uploads\/2025\/10\/OUTUBRO-ROSA-2-1-150x102.jpg 150w, https:\/\/terrasdebasto.pt\/wp-content\/uploads\/2025\/10\/OUTUBRO-ROSA-2-1-696x474.jpg 696w, https:\/\/terrasdebasto.pt\/wp-content\/uploads\/2025\/10\/OUTUBRO-ROSA-2-1-1068x727.jpg 1068w, https:\/\/terrasdebasto.pt\/wp-content\/uploads\/2025\/10\/OUTUBRO-ROSA-2-1-1920x1307.jpg 1920w\" sizes=\"auto, (max-width: 1024px) 100vw, 1024px\" \/><\/figure>\n<\/figure>\n\n\n\n<p>A sensibiliza\u00e7\u00e3o para este problema de sa\u00fade \u2013 um tipo de cancro que afeta mais as mulheres, com a dete\u00e7\u00e3o anual de cerca de 9.000 casos \u2013 passou igualmente pela distribui\u00e7\u00e3o de informa\u00e7\u00e3o sobre os sinais de alerta e os comportamentos para redu\u00e7\u00e3o do risco, material distribu\u00eddo pelo concelho.<\/p>\n\n\n\n<p>Em paralelo, foi promovida uma aula de \u201cyoga\u201d, com o intuito de consciencializar para os cuidados pessoais e para o bem-estar integral \u2013 corpo e mente. \u00abVivemos um verdadeiro flagelo, que atinge maioritariamente as mulheres; a preven\u00e7\u00e3o \u00e9 fundamental e exige que cada uma de n\u00f3s tenha maior aten\u00e7\u00e3o ao pr\u00f3prio corpo, saiba priorizar-se e mimar-se com comportamentos saud\u00e1veis\u00bb, sublinhou, a prop\u00f3sito, a vereadora-eleita, Maria Jos\u00e9 Marinho, para quem \u00abo \u201cyoga\u201d tem caracter\u00edsticas \u00fanicas na promo\u00e7\u00e3o do bem-estar integral\u00bb.<\/p>\n\n\n\n<p>O cancro da mama \u00e9 uma das doen\u00e7as com maior impacto na nossa sociedade, n\u00e3o s\u00f3 por ser muito frequente, mas tamb\u00e9m porque agride um \u00f3rg\u00e3o cheio de simbolismo, na maternidade e na feminilidade. \u00abPretendemos tamb\u00e9m homenagear e refor\u00e7ar a nossa empatia com todas as mulheres com cancro da mama\u00bb, sublinhou a autarca.<\/p>\n\n\n\n<p>A par destas a\u00e7\u00f5es, foram promovidas outras, de sensibiliza\u00e7\u00e3o para a preven\u00e7\u00e3o e para os sinais de&nbsp; alerta do cancro da mama junto dos idosos do programa \u201cCelorico&nbsp; a Mexer\u201d.&nbsp;<\/p>\n\n\n\n<figure class=\"wp-block-gallery has-nested-images columns-default is-cropped wp-block-gallery-2 is-layout-flex wp-block-gallery-is-layout-flex\">\n<figure class=\"wp-block-image size-large\"><img loading=\"lazy\" decoding=\"async\" width=\"916\" height=\"712\" data-id=\"4522\" src=\"https:\/\/terrasdebasto.pt\/wp-content\/uploads\/2025\/10\/OUTUBRO-ROSA-1-1.jpg\" alt=\"\" class=\"wp-image-4522\" srcset=\"https:\/\/terrasdebasto.pt\/wp-content\/uploads\/2025\/10\/OUTUBRO-ROSA-1-1.jpg 916w, https:\/\/terrasdebasto.pt\/wp-content\/uploads\/2025\/10\/OUTUBRO-ROSA-1-1-300x233.jpg 300w, https:\/\/terrasdebasto.pt\/wp-content\/uploads\/2025\/10\/OUTUBRO-ROSA-1-1-768x597.jpg 768w, https:\/\/terrasdebasto.pt\/wp-content\/uploads\/2025\/10\/OUTUBRO-ROSA-1-1-150x117.jpg 150w, https:\/\/terrasdebasto.pt\/wp-content\/uploads\/2025\/10\/OUTUBRO-ROSA-1-1-696x541.jpg 696w\" sizes=\"auto, (max-width: 916px) 100vw, 916px\" \/><\/figure>\n\n\n\n<figure class=\"wp-block-image size-large\"><img loading=\"lazy\" decoding=\"async\" width=\"973\" height=\"765\" data-id=\"4521\" src=\"https:\/\/terrasdebasto.pt\/wp-content\/uploads\/2025\/10\/OUTUBRO-ROSA-4.jpg\" alt=\"\" class=\"wp-image-4521\" srcset=\"https:\/\/terrasdebasto.pt\/wp-content\/uploads\/2025\/10\/OUTUBRO-ROSA-4.jpg 973w, https:\/\/terrasdebasto.pt\/wp-content\/uploads\/2025\/10\/OUTUBRO-ROSA-4-300x236.jpg 300w, https:\/\/terrasdebasto.pt\/wp-content\/uploads\/2025\/10\/OUTUBRO-ROSA-4-768x604.jpg 768w, https:\/\/terrasdebasto.pt\/wp-content\/uploads\/2025\/10\/OUTUBRO-ROSA-4-150x118.jpg 150w, https:\/\/terrasdebasto.pt\/wp-content\/uploads\/2025\/10\/OUTUBRO-ROSA-4-696x547.jpg 696w\" sizes=\"auto, (max-width: 973px) 100vw, 973px\" \/><\/figure>\n<\/figure>\n\n\n\n<figure class=\"wp-block-gallery has-nested-images columns-default is-cropped wp-block-gallery-3 is-layout-flex wp-block-gallery-is-layout-flex\">\n<figure class=\"wp-block-image size-large\"><img loading=\"lazy\" decoding=\"async\" width=\"1024\" height=\"621\" data-id=\"4523\" src=\"https:\/\/terrasdebasto.pt\/wp-content\/uploads\/2025\/10\/OUTUBRO-ROSA-5-1024x621.jpg\" alt=\"\" class=\"wp-image-4523\" srcset=\"https:\/\/terrasdebasto.pt\/wp-content\/uploads\/2025\/10\/OUTUBRO-ROSA-5-1024x621.jpg 1024w, https:\/\/terrasdebasto.pt\/wp-content\/uploads\/2025\/10\/OUTUBRO-ROSA-5-300x182.jpg 300w, https:\/\/terrasdebasto.pt\/wp-content\/uploads\/2025\/10\/OUTUBRO-ROSA-5-768x466.jpg 768w, https:\/\/terrasdebasto.pt\/wp-content\/uploads\/2025\/10\/OUTUBRO-ROSA-5-1536x931.jpg 1536w, https:\/\/terrasdebasto.pt\/wp-content\/uploads\/2025\/10\/OUTUBRO-ROSA-5-2048x1242.jpg 2048w, https:\/\/terrasdebasto.pt\/wp-content\/uploads\/2025\/10\/OUTUBRO-ROSA-5-150x91.jpg 150w, https:\/\/terrasdebasto.pt\/wp-content\/uploads\/2025\/10\/OUTUBRO-ROSA-5-696x422.jpg 696w, https:\/\/terrasdebasto.pt\/wp-content\/uploads\/2025\/10\/OUTUBRO-ROSA-5-1068x648.jpg 1068w, https:\/\/terrasdebasto.pt\/wp-content\/uploads\/2025\/10\/OUTUBRO-ROSA-5-1920x1164.jpg 1920w\" sizes=\"auto, (max-width: 1024px) 100vw, 1024px\" \/><\/figure>\n<\/figure>\n","protected":false},"excerpt":{"rendered":"<p>Sensibilizar para a preven\u00e7\u00e3o e dete\u00e7\u00e3o precoce do cancro da mama \u00e9 o objetivo da campanha \u201cOutubro Rosa\u201d, a que o Munic\u00edpio de Celorico de Basto se associou com a realiza\u00e7\u00e3o de uma aula de \u201cyoga\u201d e de outras a\u00e7\u00f5es para toda a comunidade. A sensibiliza\u00e7\u00e3o para este problema de sa\u00fade \u2013 um tipo de [&hellip;]<\/p>\n","protected":false},"author":7,"featured_media":4518,"comment_status":"open","ping_status":"open","sticky":false,"template":"","format":"standard","meta":{"footnotes":""},"categories":[13,10,9],"tags":[1002,40,1001,1003],"class_list":{"0":"post-4515","1":"post","2":"type-post","3":"status-publish","4":"format-standard","5":"has-post-thumbnail","7":"category-celorico-de-basto","8":"category-saude","9":"category-terras-de-basto","10":"tag-cancro-da-mama","11":"tag-celorico-de-basto","12":"tag-outubro-rosa","13":"tag-prevencao-do-cancro"},"yoast_head":"<!-- This site is optimized with the Yoast SEO plugin v25.7 - https:\/\/yoast.com\/wordpress\/plugins\/seo\/ -->\n<title>Celorico de Basto sensibiliza para cancro da mama - Jornal Terras de Basto<\/title>\n<meta name=\"description\" content=\"Sensibilizar para a preven\u00e7\u00e3o e dete\u00e7\u00e3o precoce do cancro da mama \u00e9 o objetivo da campanha \u201cOutubro Rosa\u201d, a que o Munic\u00edpio de Celorico de Basto se associou com a realiza\u00e7\u00e3o de uma aula de \u201cyoga\u201d e de outras a\u00e7\u00f5es para toda a comunidade.\" \/>\n<meta name=\"robots\" content=\"index, follow, max-snippet:-1, max-image-preview:large, max-video-preview:-1\" \/>\n<link rel=\"canonical\" href=\"https:\/\/terrasdebasto.pt\/?p=4515\" \/>\n<meta property=\"og:locale\" content=\"pt_PT\" \/>\n<meta property=\"og:type\" content=\"article\" \/>\n<meta property=\"og:title\" content=\"Celorico de Basto sensibiliza para cancro da mama - Jornal Terras de Basto\" \/>\n<meta property=\"og:description\" content=\"Sensibilizar para a preven\u00e7\u00e3o e dete\u00e7\u00e3o precoce do cancro da mama \u00e9 o objetivo da campanha \u201cOutubro Rosa\u201d, a que o Munic\u00edpio de Celorico de Basto se associou com a realiza\u00e7\u00e3o de uma aula de \u201cyoga\u201d e de outras a\u00e7\u00f5es para toda a comunidade.\" \/>\n<meta property=\"og:url\" content=\"https:\/\/terrasdebasto.pt\/?p=4515\" \/>\n<meta property=\"og:site_name\" content=\"Jornal Terras de Basto\" \/>\n<meta property=\"article:published_time\" content=\"2025-10-23T17:19:04+00:00\" \/>\n<meta property=\"article:modified_time\" content=\"2025-10-23T17:19:05+00:00\" \/>\n<meta property=\"og:image\" content=\"https:\/\/terrasdebasto.pt\/wp-content\/uploads\/2025\/10\/OUTUBRO-ROSA-3-1.jpg\" \/>\n\t<meta property=\"og:image:width\" content=\"2318\" \/>\n\t<meta property=\"og:image:height\" content=\"1619\" \/>\n\t<meta property=\"og:image:type\" content=\"image\/jpeg\" \/>\n<meta name=\"author\" content=\"Jo\u00e3o Paulo Mesquita\" \/>\n<meta name=\"twitter:card\" content=\"summary_large_image\" \/>\n<meta name=\"twitter:label1\" content=\"Escrito por\" \/>\n\t<meta name=\"twitter:data1\" content=\"Jo\u00e3o Paulo Mesquita\" \/>\n\t<meta name=\"twitter:label2\" content=\"Tempo estimado de leitura\" \/>\n\t<meta name=\"twitter:data2\" content=\"3 minutos\" \/>\n<script type=\"application\/ld+json\" class=\"yoast-schema-graph\">{\"@context\":\"https:\/\/schema.org\",\"@graph\":[{\"@type\":\"Article\",\"@id\":\"https:\/\/terrasdebasto.pt\/?p=4515#article\",\"isPartOf\":{\"@id\":\"https:\/\/terrasdebasto.pt\/?p=4515\"},\"author\":{\"name\":\"Jo\u00e3o Paulo Mesquita\",\"@id\":\"https:\/\/terrasdebasto.pt\/#\/schema\/person\/9f6739f5394ac65c802641773b278b84\"},\"headline\":\"Celorico de Basto sensibiliza para cancro da mama\",\"datePublished\":\"2025-10-23T17:19:04+00:00\",\"dateModified\":\"2025-10-23T17:19:05+00:00\",\"mainEntityOfPage\":{\"@id\":\"https:\/\/terrasdebasto.pt\/?p=4515\"},\"wordCount\":288,\"commentCount\":0,\"publisher\":{\"@id\":\"https:\/\/terrasdebasto.pt\/#organization\"},\"image\":{\"@id\":\"https:\/\/terrasdebasto.pt\/?p=4515#primaryimage\"},\"thumbnailUrl\":\"https:\/\/terrasdebasto.pt\/wp-content\/uploads\/2025\/10\/OUTUBRO-ROSA-3-1.jpg\",\"keywords\":[\"Cancro da Mama\",\"Celorico de Basto\",\"Outubro Rosa\",\"Preven\u00e7\u00e3o do Cancro\"],\"articleSection\":[\"Celorico de Basto\",\"Sa\u00fade\",\"Terras de Basto\"],\"inLanguage\":\"pt-PT\",\"potentialAction\":[{\"@type\":\"CommentAction\",\"name\":\"Comment\",\"target\":[\"https:\/\/terrasdebasto.pt\/?p=4515#respond\"]}]},{\"@type\":\"WebPage\",\"@id\":\"https:\/\/terrasdebasto.pt\/?p=4515\",\"url\":\"https:\/\/terrasdebasto.pt\/?p=4515\",\"name\":\"Celorico de Basto sensibiliza para cancro da mama - Jornal Terras de Basto\",\"isPartOf\":{\"@id\":\"https:\/\/terrasdebasto.pt\/#website\"},\"primaryImageOfPage\":{\"@id\":\"https:\/\/terrasdebasto.pt\/?p=4515#primaryimage\"},\"image\":{\"@id\":\"https:\/\/terrasdebasto.pt\/?p=4515#primaryimage\"},\"thumbnailUrl\":\"https:\/\/terrasdebasto.pt\/wp-content\/uploads\/2025\/10\/OUTUBRO-ROSA-3-1.jpg\",\"datePublished\":\"2025-10-23T17:19:04+00:00\",\"dateModified\":\"2025-10-23T17:19:05+00:00\",\"description\":\"Sensibilizar para a preven\u00e7\u00e3o e dete\u00e7\u00e3o precoce do cancro da mama \u00e9 o objetivo da campanha \u201cOutubro Rosa\u201d, a que o Munic\u00edpio de Celorico de Basto se associou com a realiza\u00e7\u00e3o de uma aula de \u201cyoga\u201d e de outras a\u00e7\u00f5es para toda a comunidade.\",\"breadcrumb\":{\"@id\":\"https:\/\/terrasdebasto.pt\/?p=4515#breadcrumb\"},\"inLanguage\":\"pt-PT\",\"potentialAction\":[{\"@type\":\"ReadAction\",\"target\":[\"https:\/\/terrasdebasto.pt\/?p=4515\"]}]},{\"@type\":\"ImageObject\",\"inLanguage\":\"pt-PT\",\"@id\":\"https:\/\/terrasdebasto.pt\/?p=4515#primaryimage\",\"url\":\"https:\/\/terrasdebasto.pt\/wp-content\/uploads\/2025\/10\/OUTUBRO-ROSA-3-1.jpg\",\"contentUrl\":\"https:\/\/terrasdebasto.pt\/wp-content\/uploads\/2025\/10\/OUTUBRO-ROSA-3-1.jpg\",\"width\":2318,\"height\":1619},{\"@type\":\"BreadcrumbList\",\"@id\":\"https:\/\/terrasdebasto.pt\/?p=4515#breadcrumb\",\"itemListElement\":[{\"@type\":\"ListItem\",\"position\":1,\"name\":\"In\u00edcio\",\"item\":\"https:\/\/terrasdebasto.pt\/\"},{\"@type\":\"ListItem\",\"position\":2,\"name\":\"Celorico de Basto sensibiliza para cancro da mama\"}]},{\"@type\":\"WebSite\",\"@id\":\"https:\/\/terrasdebasto.pt\/#website\",\"url\":\"https:\/\/terrasdebasto.pt\/\",\"name\":\"Jornal Terras de Basto\",\"description\":\"\",\"publisher\":{\"@id\":\"https:\/\/terrasdebasto.pt\/#organization\"},\"potentialAction\":[{\"@type\":\"SearchAction\",\"target\":{\"@type\":\"EntryPoint\",\"urlTemplate\":\"https:\/\/terrasdebasto.pt\/?s={search_term_string}\"},\"query-input\":{\"@type\":\"PropertyValueSpecification\",\"valueRequired\":true,\"valueName\":\"search_term_string\"}}],\"inLanguage\":\"pt-PT\"},{\"@type\":\"Organization\",\"@id\":\"https:\/\/terrasdebasto.pt\/#organization\",\"name\":\"Jornal Terras de Basto\",\"url\":\"https:\/\/terrasdebasto.pt\/\",\"logo\":{\"@type\":\"ImageObject\",\"inLanguage\":\"pt-PT\",\"@id\":\"https:\/\/terrasdebasto.pt\/#\/schema\/logo\/image\/\",\"url\":\"https:\/\/terrasdebasto.pt\/wp-content\/uploads\/2024\/06\/LogoNormal.png\",\"contentUrl\":\"https:\/\/terrasdebasto.pt\/wp-content\/uploads\/2024\/06\/LogoNormal.png\",\"width\":5638,\"height\":809,\"caption\":\"Jornal Terras de Basto\"},\"image\":{\"@id\":\"https:\/\/terrasdebasto.pt\/#\/schema\/logo\/image\/\"}},{\"@type\":\"Person\",\"@id\":\"https:\/\/terrasdebasto.pt\/#\/schema\/person\/9f6739f5394ac65c802641773b278b84\",\"name\":\"Jo\u00e3o Paulo Mesquita\",\"image\":{\"@type\":\"ImageObject\",\"inLanguage\":\"pt-PT\",\"@id\":\"https:\/\/terrasdebasto.pt\/#\/schema\/person\/image\/\",\"url\":\"https:\/\/secure.gravatar.com\/avatar\/9bd0f299e6d96336664aab64354168246a3ee3287c47891c50d450e47ed9d7f9?s=96&d=mm&r=g\",\"contentUrl\":\"https:\/\/secure.gravatar.com\/avatar\/9bd0f299e6d96336664aab64354168246a3ee3287c47891c50d450e47ed9d7f9?s=96&d=mm&r=g\",\"caption\":\"Jo\u00e3o Paulo Mesquita\"},\"url\":\"https:\/\/terrasdebasto.pt\/?author=7\"}]}<\/script>\n<!-- \/ Yoast SEO plugin. -->","yoast_head_json":{"title":"Celorico de Basto sensibiliza para cancro da mama - Jornal Terras de Basto","description":"Sensibilizar para a preven\u00e7\u00e3o e dete\u00e7\u00e3o precoce do cancro da mama \u00e9 o objetivo da campanha \u201cOutubro Rosa\u201d, a que o Munic\u00edpio de Celorico de Basto se associou com a realiza\u00e7\u00e3o de uma aula de \u201cyoga\u201d e de outras a\u00e7\u00f5es para toda a comunidade.","robots":{"index":"index","follow":"follow","max-snippet":"max-snippet:-1","max-image-preview":"max-image-preview:large","max-video-preview":"max-video-preview:-1"},"canonical":"https:\/\/terrasdebasto.pt\/?p=4515","og_locale":"pt_PT","og_type":"article","og_title":"Celorico de Basto sensibiliza para cancro da mama - Jornal Terras de Basto","og_description":"Sensibilizar para a preven\u00e7\u00e3o e dete\u00e7\u00e3o precoce do cancro da mama \u00e9 o objetivo da campanha \u201cOutubro Rosa\u201d, a que o Munic\u00edpio de Celorico de Basto se associou com a realiza\u00e7\u00e3o de uma aula de \u201cyoga\u201d e de outras a\u00e7\u00f5es para toda a comunidade.","og_url":"https:\/\/terrasdebasto.pt\/?p=4515","og_site_name":"Jornal Terras de Basto","article_published_time":"2025-10-23T17:19:04+00:00","article_modified_time":"2025-10-23T17:19:05+00:00","og_image":[{"width":2318,"height":1619,"url":"https:\/\/terrasdebasto.pt\/wp-content\/uploads\/2025\/10\/OUTUBRO-ROSA-3-1.jpg","type":"image\/jpeg"}],"author":"Jo\u00e3o Paulo Mesquita","twitter_card":"summary_large_image","twitter_misc":{"Escrito por":"Jo\u00e3o Paulo Mesquita","Tempo estimado de leitura":"3 minutos"},"schema":{"@context":"https:\/\/schema.org","@graph":[{"@type":"Article","@id":"https:\/\/terrasdebasto.pt\/?p=4515#article","isPartOf":{"@id":"https:\/\/terrasdebasto.pt\/?p=4515"},"author":{"name":"Jo\u00e3o Paulo Mesquita","@id":"https:\/\/terrasdebasto.pt\/#\/schema\/person\/9f6739f5394ac65c802641773b278b84"},"headline":"Celorico de Basto sensibiliza para cancro da mama","datePublished":"2025-10-23T17:19:04+00:00","dateModified":"2025-10-23T17:19:05+00:00","mainEntityOfPage":{"@id":"https:\/\/terrasdebasto.pt\/?p=4515"},"wordCount":288,"commentCount":0,"publisher":{"@id":"https:\/\/terrasdebasto.pt\/#organization"},"image":{"@id":"https:\/\/terrasdebasto.pt\/?p=4515#primaryimage"},"thumbnailUrl":"https:\/\/terrasdebasto.pt\/wp-content\/uploads\/2025\/10\/OUTUBRO-ROSA-3-1.jpg","keywords":["Cancro da Mama","Celorico de Basto","Outubro Rosa","Preven\u00e7\u00e3o do Cancro"],"articleSection":["Celorico de Basto","Sa\u00fade","Terras de Basto"],"inLanguage":"pt-PT","potentialAction":[{"@type":"CommentAction","name":"Comment","target":["https:\/\/terrasdebasto.pt\/?p=4515#respond"]}]},{"@type":"WebPage","@id":"https:\/\/terrasdebasto.pt\/?p=4515","url":"https:\/\/terrasdebasto.pt\/?p=4515","name":"Celorico de Basto sensibiliza para cancro da mama - Jornal Terras de Basto","isPartOf":{"@id":"https:\/\/terrasdebasto.pt\/#website"},"primaryImageOfPage":{"@id":"https:\/\/terrasdebasto.pt\/?p=4515#primaryimage"},"image":{"@id":"https:\/\/terrasdebasto.pt\/?p=4515#primaryimage"},"thumbnailUrl":"https:\/\/terrasdebasto.pt\/wp-content\/uploads\/2025\/10\/OUTUBRO-ROSA-3-1.jpg","datePublished":"2025-10-23T17:19:04+00:00","dateModified":"2025-10-23T17:19:05+00:00","description":"Sensibilizar para a preven\u00e7\u00e3o e dete\u00e7\u00e3o precoce do cancro da mama \u00e9 o objetivo da campanha \u201cOutubro Rosa\u201d, a que o Munic\u00edpio de Celorico de Basto se associou com a realiza\u00e7\u00e3o de uma aula de \u201cyoga\u201d e de outras a\u00e7\u00f5es para toda a comunidade.","breadcrumb":{"@id":"https:\/\/terrasdebasto.pt\/?p=4515#breadcrumb"},"inLanguage":"pt-PT","potentialAction":[{"@type":"ReadAction","target":["https:\/\/terrasdebasto.pt\/?p=4515"]}]},{"@type":"ImageObject","inLanguage":"pt-PT","@id":"https:\/\/terrasdebasto.pt\/?p=4515#primaryimage","url":"https:\/\/terrasdebasto.pt\/wp-content\/uploads\/2025\/10\/OUTUBRO-ROSA-3-1.jpg","contentUrl":"https:\/\/terrasdebasto.pt\/wp-content\/uploads\/2025\/10\/OUTUBRO-ROSA-3-1.jpg","width":2318,"height":1619},{"@type":"BreadcrumbList","@id":"https:\/\/terrasdebasto.pt\/?p=4515#breadcrumb","itemListElement":[{"@type":"ListItem","position":1,"name":"In\u00edcio","item":"https:\/\/terrasdebasto.pt\/"},{"@type":"ListItem","position":2,"name":"Celorico de Basto sensibiliza para cancro da mama"}]},{"@type":"WebSite","@id":"https:\/\/terrasdebasto.pt\/#website","url":"https:\/\/terrasdebasto.pt\/","name":"Jornal Terras de Basto","description":"","publisher":{"@id":"https:\/\/terrasdebasto.pt\/#organization"},"potentialAction":[{"@type":"SearchAction","target":{"@type":"EntryPoint","urlTemplate":"https:\/\/terrasdebasto.pt\/?s={search_term_string}"},"query-input":{"@type":"PropertyValueSpecification","valueRequired":true,"valueName":"search_term_string"}}],"inLanguage":"pt-PT"},{"@type":"Organization","@id":"https:\/\/terrasdebasto.pt\/#organization","name":"Jornal Terras de Basto","url":"https:\/\/terrasdebasto.pt\/","logo":{"@type":"ImageObject","inLanguage":"pt-PT","@id":"https:\/\/terrasdebasto.pt\/#\/schema\/logo\/image\/","url":"https:\/\/terrasdebasto.pt\/wp-content\/uploads\/2024\/06\/LogoNormal.png","contentUrl":"https:\/\/terrasdebasto.pt\/wp-content\/uploads\/2024\/06\/LogoNormal.png","width":5638,"height":809,"caption":"Jornal Terras de Basto"},"image":{"@id":"https:\/\/terrasdebasto.pt\/#\/schema\/logo\/image\/"}},{"@type":"Person","@id":"https:\/\/terrasdebasto.pt\/#\/schema\/person\/9f6739f5394ac65c802641773b278b84","name":"Jo\u00e3o Paulo Mesquita","image":{"@type":"ImageObject","inLanguage":"pt-PT","@id":"https:\/\/terrasdebasto.pt\/#\/schema\/person\/image\/","url":"https:\/\/secure.gravatar.com\/avatar\/9bd0f299e6d96336664aab64354168246a3ee3287c47891c50d450e47ed9d7f9?s=96&d=mm&r=g","contentUrl":"https:\/\/secure.gravatar.com\/avatar\/9bd0f299e6d96336664aab64354168246a3ee3287c47891c50d450e47ed9d7f9?s=96&d=mm&r=g","caption":"Jo\u00e3o Paulo Mesquita"},"url":"https:\/\/terrasdebasto.pt\/?author=7"}]}},"_links":{"self":[{"href":"https:\/\/terrasdebasto.pt\/index.php?rest_route=\/wp\/v2\/posts\/4515","targetHints":{"allow":["GET"]}}],"collection":[{"href":"https:\/\/terrasdebasto.pt\/index.php?rest_route=\/wp\/v2\/posts"}],"about":[{"href":"https:\/\/terrasdebasto.pt\/index.php?rest_route=\/wp\/v2\/types\/post"}],"author":[{"embeddable":true,"href":"https:\/\/terrasdebasto.pt\/index.php?rest_route=\/wp\/v2\/users\/7"}],"replies":[{"embeddable":true,"href":"https:\/\/terrasdebasto.pt\/index.php?rest_route=%2Fwp%2Fv2%2Fcomments&post=4515"}],"version-history":[{"count":1,"href":"https:\/\/terrasdebasto.pt\/index.php?rest_route=\/wp\/v2\/posts\/4515\/revisions"}],"predecessor-version":[{"id":4524,"href":"https:\/\/terrasdebasto.pt\/index.php?rest_route=\/wp\/v2\/posts\/4515\/revisions\/4524"}],"wp:featuredmedia":[{"embeddable":true,"href":"https:\/\/terrasdebasto.pt\/index.php?rest_route=\/wp\/v2\/media\/4518"}],"wp:attachment":[{"href":"https:\/\/terrasdebasto.pt\/index.php?rest_route=%2Fwp%2Fv2%2Fmedia&parent=4515"}],"wp:term":[{"taxonomy":"category","embeddable":true,"href":"https:\/\/terrasdebasto.pt\/index.php?rest_route=%2Fwp%2Fv2%2Fcategories&post=4515"},{"taxonomy":"post_tag","embeddable":true,"href":"https:\/\/terrasdebasto.pt\/index.php?rest_route=%2Fwp%2Fv2%2Ftags&post=4515"}],"curies":[{"name":"wp","href":"https:\/\/api.w.org\/{rel}","templated":true}]}}