{"id":4504,"date":"2025-10-23T15:26:09","date_gmt":"2025-10-23T15:26:09","guid":{"rendered":"https:\/\/terrasdebasto.pt\/?p=4504"},"modified":"2025-10-23T15:26:09","modified_gmt":"2025-10-23T15:26:09","slug":"centro-de-formacao-de-basto-releva-qualidades-de-laborinho-lucio","status":"publish","type":"post","link":"https:\/\/terrasdebasto.pt\/?p=4504","title":{"rendered":"Centro de Forma\u00e7\u00e3o de Basto releva qualidades de Laborinho L\u00facio"},"content":{"rendered":"\n<p><\/p>\n\n\n\n<p><strong>O Centro de Forma\u00e7\u00e3o de Basto \u2013 estrutura de apoio \u00e0 classe docente das Terras de Basto \u2013 considera que \u00c1lvaro Laborinho L\u00facio, que faleceu esta quinta-feira (21), era \u00abuma das personalidades mais marcantes da vida p\u00fablica portuguesa das \u00faltimas d\u00e9cadas\u00bb, deixando \u00abuma heran\u00e7a de integridade, intelig\u00eancia e humanismo que transcende os cargos que desempenhou\u00bb.<\/strong><\/p>\n\n\n\n<p>Numa nota de pesar em que rende \u00abhomenagem a um amigo\u00bb, aquela entidade lembra que o antigo Ministro da Justi\u00e7a e Ministro da Rep\u00fablica para a Regi\u00e3o Aut\u00f3noma dos A\u00e7ores, natural da Nazar\u00e9, foi sempre um homem profundamente ligado \u00e0 cultura e \u00e0s artes. O teatro marcou-lhe a juventude \u2014 foi \u00abum verdadeiro homem da cultura e da educa\u00e7\u00e3o, um intelectual singular que conciliou a profundidade do pensamento com a proximidade humana\u00bb.<\/p>\n\n\n\n<p>\u00abA sua palavra, sempre serena e firme, inspirou gera\u00e7\u00f5es de professores, magistrados e cidad\u00e3os; o seu humor subtil, a sua generosidade e o seu compromisso com o bem comum deixam uma marca indel\u00e9vel em todos os que com ele privaram ou escutaram as suas palavras\u00bb, afirma.<\/p>\n\n\n\n<p>\u00abBem-haja pelo que partilhou, pelo pensamento que nos legou e, sobretudo, pelo excelente ser humano que foi, um homem de sabedoria, humor contagiante e generosidade sem medida\u00bb, acrescenta ainda.<\/p>\n\n\n\n<p>Licenciado e mestre em Direito pela Faculdade de Direito da Universidade de Coimbra, Laborinho L\u00facio destacou-se como juiz-conselheiro do Supremo Tribunal de Justi\u00e7a, de onde saiu jubilado, mas nunca retirado da vida p\u00fablica ou intelectual. A sua voz e o seu pensamento continuaram a iluminar reflex\u00f5es sobre justi\u00e7a, cidadania, \u00e9tica e educa\u00e7\u00e3o.<\/p>\n\n\n\n<p>\u00c9 neste contexto que o Centro de Forma\u00e7\u00e3o de Basto recorda que, em outubro de 2018, no XIV Congresso Nacional dos CFAE, na F\u00e1brica de Santo Thyrso, Laborinho L\u00facio brindou a plateia com \u00abuma brilhante comunica\u00e7\u00e3o subordinada ao tema da educa\u00e7\u00e3o para a cidadania e para a cultura democr\u00e1tica, comentada pelo jornalista Carlos Magno. \u00abFoi uma das muitas ocasi\u00f5es em que o seu discurso, profundo e inspirador, convidou todos a pensar a forma\u00e7\u00e3o e a educa\u00e7\u00e3o como pilares da democracia\u00bb, sublinha.<\/p>\n\n\n\n<p>J\u00e1 em setembro de 2024, aquela entidade dedicada \u00e0 forma\u00e7\u00e3o dos professores lembra a sua passagem por Mondim de Basto, onde, no Favo das Artes, a seu convite, participou numa iniciativa comemorativa dos \u201c50 anos da Revolu\u00e7\u00e3o dos Cravos\u201d, \u00abuma celebra\u00e7\u00e3o da liberdade, dos valores democr\u00e1ticos e do di\u00e1logo, causas que sempre defendeu com convic\u00e7\u00e3o e lucidez\u00bb.<\/p>\n","protected":false},"excerpt":{"rendered":"<p>O Centro de Forma\u00e7\u00e3o de Basto \u2013 estrutura de apoio \u00e0 classe docente das Terras de Basto \u2013 considera que \u00c1lvaro Laborinho L\u00facio, que faleceu esta quinta-feira (21), era \u00abuma das personalidades mais marcantes da vida p\u00fablica portuguesa das \u00faltimas d\u00e9cadas\u00bb, deixando \u00abuma heran\u00e7a de integridade, intelig\u00eancia e humanismo que transcende os cargos que desempenhou\u00bb. [&hellip;]<\/p>\n","protected":false},"author":7,"featured_media":4505,"comment_status":"open","ping_status":"open","sticky":false,"template":"","format":"standard","meta":{"footnotes":""},"categories":[12,13,7,11,16,26,9],"tags":[996,997,998],"class_list":{"0":"post-4504","1":"post","2":"type-post","3":"status-publish","4":"format-standard","5":"has-post-thumbnail","7":"category-cabeceiras-de-basto","8":"category-celorico-de-basto","9":"category-cultura","10":"category-educacao","11":"category-mondim-de-basto","12":"category-ribeira-de-pena","13":"category-terras-de-basto","14":"tag-centro-de-formacao-de-basto","15":"tag-laborinho-lucio","16":"tag-pesar"},"yoast_head":"<!-- This site is optimized with the Yoast SEO plugin v25.7 - https:\/\/yoast.com\/wordpress\/plugins\/seo\/ -->\n<title>Centro de Forma\u00e7\u00e3o de Basto releva qualidades de Laborinho L\u00facio - Jornal Terras de Basto<\/title>\n<meta name=\"description\" content=\"O Centro de Forma\u00e7\u00e3o de Basto \u2013 estrutura de apoio \u00e0 classe docente das Terras de Basto \u2013 considera que \u00c1lvaro Laborinho L\u00facio, que faleceu esta quinta-feira (21), era \u00abuma das personalidades mais marcantes da vida p\u00fablica portuguesa das \u00faltimas d\u00e9cadas\u00bb, deixando \u00abuma heran\u00e7a de integridade, intelig\u00eancia e humanismo que transcende os cargos que desempenhou\u00bb.\" \/>\n<meta name=\"robots\" content=\"index, follow, max-snippet:-1, max-image-preview:large, max-video-preview:-1\" \/>\n<link rel=\"canonical\" href=\"https:\/\/terrasdebasto.pt\/?p=4504\" \/>\n<meta property=\"og:locale\" content=\"pt_PT\" \/>\n<meta property=\"og:type\" content=\"article\" \/>\n<meta property=\"og:title\" content=\"Centro de Forma\u00e7\u00e3o de Basto releva qualidades de Laborinho L\u00facio - Jornal Terras de Basto\" \/>\n<meta property=\"og:description\" content=\"O Centro de Forma\u00e7\u00e3o de Basto \u2013 estrutura de apoio \u00e0 classe docente das Terras de Basto \u2013 considera que \u00c1lvaro Laborinho L\u00facio, que faleceu esta quinta-feira (21), era \u00abuma das personalidades mais marcantes da vida p\u00fablica portuguesa das \u00faltimas d\u00e9cadas\u00bb, deixando \u00abuma heran\u00e7a de integridade, intelig\u00eancia e humanismo que transcende os cargos que desempenhou\u00bb.\" \/>\n<meta property=\"og:url\" content=\"https:\/\/terrasdebasto.pt\/?p=4504\" \/>\n<meta property=\"og:site_name\" content=\"Jornal Terras de Basto\" \/>\n<meta property=\"article:published_time\" content=\"2025-10-23T15:26:09+00:00\" \/>\n<meta property=\"og:image\" content=\"https:\/\/terrasdebasto.pt\/wp-content\/uploads\/2025\/10\/LABORINHO-LUCIO.jpg\" \/>\n\t<meta property=\"og:image:width\" content=\"1200\" \/>\n\t<meta property=\"og:image:height\" content=\"1150\" \/>\n\t<meta property=\"og:image:type\" content=\"image\/jpeg\" \/>\n<meta name=\"author\" content=\"Jo\u00e3o Paulo Mesquita\" \/>\n<meta name=\"twitter:card\" content=\"summary_large_image\" \/>\n<meta name=\"twitter:label1\" content=\"Escrito por\" \/>\n\t<meta name=\"twitter:data1\" content=\"Jo\u00e3o Paulo Mesquita\" \/>\n\t<meta name=\"twitter:label2\" content=\"Tempo estimado de leitura\" \/>\n\t<meta name=\"twitter:data2\" content=\"3 minutos\" \/>\n<script type=\"application\/ld+json\" class=\"yoast-schema-graph\">{\"@context\":\"https:\/\/schema.org\",\"@graph\":[{\"@type\":\"Article\",\"@id\":\"https:\/\/terrasdebasto.pt\/?p=4504#article\",\"isPartOf\":{\"@id\":\"https:\/\/terrasdebasto.pt\/?p=4504\"},\"author\":{\"name\":\"Jo\u00e3o Paulo Mesquita\",\"@id\":\"https:\/\/terrasdebasto.pt\/#\/schema\/person\/9f6739f5394ac65c802641773b278b84\"},\"headline\":\"Centro de Forma\u00e7\u00e3o de Basto releva qualidades de Laborinho L\u00facio\",\"datePublished\":\"2025-10-23T15:26:09+00:00\",\"mainEntityOfPage\":{\"@id\":\"https:\/\/terrasdebasto.pt\/?p=4504\"},\"wordCount\":429,\"commentCount\":0,\"publisher\":{\"@id\":\"https:\/\/terrasdebasto.pt\/#organization\"},\"image\":{\"@id\":\"https:\/\/terrasdebasto.pt\/?p=4504#primaryimage\"},\"thumbnailUrl\":\"https:\/\/terrasdebasto.pt\/wp-content\/uploads\/2025\/10\/LABORINHO-LUCIO.jpg\",\"keywords\":[\"Centro de Forma\u00e7\u00e3o de Basto\",\"Laborinho L\u00facio\",\"Pesar\"],\"articleSection\":[\"Cabeceiras de Basto\",\"Celorico de Basto\",\"Cultura\",\"Educa\u00e7\u00e3o\",\"Mondim de Basto\",\"Ribeira de Pena\",\"Terras de Basto\"],\"inLanguage\":\"pt-PT\",\"potentialAction\":[{\"@type\":\"CommentAction\",\"name\":\"Comment\",\"target\":[\"https:\/\/terrasdebasto.pt\/?p=4504#respond\"]}]},{\"@type\":\"WebPage\",\"@id\":\"https:\/\/terrasdebasto.pt\/?p=4504\",\"url\":\"https:\/\/terrasdebasto.pt\/?p=4504\",\"name\":\"Centro de Forma\u00e7\u00e3o de Basto releva qualidades de Laborinho L\u00facio - Jornal Terras de Basto\",\"isPartOf\":{\"@id\":\"https:\/\/terrasdebasto.pt\/#website\"},\"primaryImageOfPage\":{\"@id\":\"https:\/\/terrasdebasto.pt\/?p=4504#primaryimage\"},\"image\":{\"@id\":\"https:\/\/terrasdebasto.pt\/?p=4504#primaryimage\"},\"thumbnailUrl\":\"https:\/\/terrasdebasto.pt\/wp-content\/uploads\/2025\/10\/LABORINHO-LUCIO.jpg\",\"datePublished\":\"2025-10-23T15:26:09+00:00\",\"description\":\"O Centro de Forma\u00e7\u00e3o de Basto \u2013 estrutura de apoio \u00e0 classe docente das Terras de Basto \u2013 considera que \u00c1lvaro Laborinho L\u00facio, que faleceu esta quinta-feira (21), era \u00abuma das personalidades mais marcantes da vida p\u00fablica portuguesa das \u00faltimas d\u00e9cadas\u00bb, deixando \u00abuma heran\u00e7a de integridade, intelig\u00eancia e humanismo que transcende os cargos que desempenhou\u00bb.\",\"breadcrumb\":{\"@id\":\"https:\/\/terrasdebasto.pt\/?p=4504#breadcrumb\"},\"inLanguage\":\"pt-PT\",\"potentialAction\":[{\"@type\":\"ReadAction\",\"target\":[\"https:\/\/terrasdebasto.pt\/?p=4504\"]}]},{\"@type\":\"ImageObject\",\"inLanguage\":\"pt-PT\",\"@id\":\"https:\/\/terrasdebasto.pt\/?p=4504#primaryimage\",\"url\":\"https:\/\/terrasdebasto.pt\/wp-content\/uploads\/2025\/10\/LABORINHO-LUCIO.jpg\",\"contentUrl\":\"https:\/\/terrasdebasto.pt\/wp-content\/uploads\/2025\/10\/LABORINHO-LUCIO.jpg\",\"width\":1200,\"height\":1150},{\"@type\":\"BreadcrumbList\",\"@id\":\"https:\/\/terrasdebasto.pt\/?p=4504#breadcrumb\",\"itemListElement\":[{\"@type\":\"ListItem\",\"position\":1,\"name\":\"In\u00edcio\",\"item\":\"https:\/\/terrasdebasto.pt\/\"},{\"@type\":\"ListItem\",\"position\":2,\"name\":\"Centro de Forma\u00e7\u00e3o de Basto releva qualidades de Laborinho L\u00facio\"}]},{\"@type\":\"WebSite\",\"@id\":\"https:\/\/terrasdebasto.pt\/#website\",\"url\":\"https:\/\/terrasdebasto.pt\/\",\"name\":\"Jornal Terras de Basto\",\"description\":\"\",\"publisher\":{\"@id\":\"https:\/\/terrasdebasto.pt\/#organization\"},\"potentialAction\":[{\"@type\":\"SearchAction\",\"target\":{\"@type\":\"EntryPoint\",\"urlTemplate\":\"https:\/\/terrasdebasto.pt\/?s={search_term_string}\"},\"query-input\":{\"@type\":\"PropertyValueSpecification\",\"valueRequired\":true,\"valueName\":\"search_term_string\"}}],\"inLanguage\":\"pt-PT\"},{\"@type\":\"Organization\",\"@id\":\"https:\/\/terrasdebasto.pt\/#organization\",\"name\":\"Jornal Terras de Basto\",\"url\":\"https:\/\/terrasdebasto.pt\/\",\"logo\":{\"@type\":\"ImageObject\",\"inLanguage\":\"pt-PT\",\"@id\":\"https:\/\/terrasdebasto.pt\/#\/schema\/logo\/image\/\",\"url\":\"https:\/\/terrasdebasto.pt\/wp-content\/uploads\/2024\/06\/LogoNormal.png\",\"contentUrl\":\"https:\/\/terrasdebasto.pt\/wp-content\/uploads\/2024\/06\/LogoNormal.png\",\"width\":5638,\"height\":809,\"caption\":\"Jornal Terras de Basto\"},\"image\":{\"@id\":\"https:\/\/terrasdebasto.pt\/#\/schema\/logo\/image\/\"}},{\"@type\":\"Person\",\"@id\":\"https:\/\/terrasdebasto.pt\/#\/schema\/person\/9f6739f5394ac65c802641773b278b84\",\"name\":\"Jo\u00e3o Paulo Mesquita\",\"image\":{\"@type\":\"ImageObject\",\"inLanguage\":\"pt-PT\",\"@id\":\"https:\/\/terrasdebasto.pt\/#\/schema\/person\/image\/\",\"url\":\"https:\/\/secure.gravatar.com\/avatar\/9bd0f299e6d96336664aab64354168246a3ee3287c47891c50d450e47ed9d7f9?s=96&d=mm&r=g\",\"contentUrl\":\"https:\/\/secure.gravatar.com\/avatar\/9bd0f299e6d96336664aab64354168246a3ee3287c47891c50d450e47ed9d7f9?s=96&d=mm&r=g\",\"caption\":\"Jo\u00e3o Paulo Mesquita\"},\"url\":\"https:\/\/terrasdebasto.pt\/?author=7\"}]}<\/script>\n<!-- \/ Yoast SEO plugin. -->","yoast_head_json":{"title":"Centro de Forma\u00e7\u00e3o de Basto releva qualidades de Laborinho L\u00facio - Jornal Terras de Basto","description":"O Centro de Forma\u00e7\u00e3o de Basto \u2013 estrutura de apoio \u00e0 classe docente das Terras de Basto \u2013 considera que \u00c1lvaro Laborinho L\u00facio, que faleceu esta quinta-feira (21), era \u00abuma das personalidades mais marcantes da vida p\u00fablica portuguesa das \u00faltimas d\u00e9cadas\u00bb, deixando \u00abuma heran\u00e7a de integridade, intelig\u00eancia e humanismo que transcende os cargos que desempenhou\u00bb.","robots":{"index":"index","follow":"follow","max-snippet":"max-snippet:-1","max-image-preview":"max-image-preview:large","max-video-preview":"max-video-preview:-1"},"canonical":"https:\/\/terrasdebasto.pt\/?p=4504","og_locale":"pt_PT","og_type":"article","og_title":"Centro de Forma\u00e7\u00e3o de Basto releva qualidades de Laborinho L\u00facio - Jornal Terras de Basto","og_description":"O Centro de Forma\u00e7\u00e3o de Basto \u2013 estrutura de apoio \u00e0 classe docente das Terras de Basto \u2013 considera que \u00c1lvaro Laborinho L\u00facio, que faleceu esta quinta-feira (21), era \u00abuma das personalidades mais marcantes da vida p\u00fablica portuguesa das \u00faltimas d\u00e9cadas\u00bb, deixando \u00abuma heran\u00e7a de integridade, intelig\u00eancia e humanismo que transcende os cargos que desempenhou\u00bb.","og_url":"https:\/\/terrasdebasto.pt\/?p=4504","og_site_name":"Jornal Terras de Basto","article_published_time":"2025-10-23T15:26:09+00:00","og_image":[{"width":1200,"height":1150,"url":"https:\/\/terrasdebasto.pt\/wp-content\/uploads\/2025\/10\/LABORINHO-LUCIO.jpg","type":"image\/jpeg"}],"author":"Jo\u00e3o Paulo Mesquita","twitter_card":"summary_large_image","twitter_misc":{"Escrito por":"Jo\u00e3o Paulo Mesquita","Tempo estimado de leitura":"3 minutos"},"schema":{"@context":"https:\/\/schema.org","@graph":[{"@type":"Article","@id":"https:\/\/terrasdebasto.pt\/?p=4504#article","isPartOf":{"@id":"https:\/\/terrasdebasto.pt\/?p=4504"},"author":{"name":"Jo\u00e3o Paulo Mesquita","@id":"https:\/\/terrasdebasto.pt\/#\/schema\/person\/9f6739f5394ac65c802641773b278b84"},"headline":"Centro de Forma\u00e7\u00e3o de Basto releva qualidades de Laborinho L\u00facio","datePublished":"2025-10-23T15:26:09+00:00","mainEntityOfPage":{"@id":"https:\/\/terrasdebasto.pt\/?p=4504"},"wordCount":429,"commentCount":0,"publisher":{"@id":"https:\/\/terrasdebasto.pt\/#organization"},"image":{"@id":"https:\/\/terrasdebasto.pt\/?p=4504#primaryimage"},"thumbnailUrl":"https:\/\/terrasdebasto.pt\/wp-content\/uploads\/2025\/10\/LABORINHO-LUCIO.jpg","keywords":["Centro de Forma\u00e7\u00e3o de Basto","Laborinho L\u00facio","Pesar"],"articleSection":["Cabeceiras de Basto","Celorico de Basto","Cultura","Educa\u00e7\u00e3o","Mondim de Basto","Ribeira de Pena","Terras de Basto"],"inLanguage":"pt-PT","potentialAction":[{"@type":"CommentAction","name":"Comment","target":["https:\/\/terrasdebasto.pt\/?p=4504#respond"]}]},{"@type":"WebPage","@id":"https:\/\/terrasdebasto.pt\/?p=4504","url":"https:\/\/terrasdebasto.pt\/?p=4504","name":"Centro de Forma\u00e7\u00e3o de Basto releva qualidades de Laborinho L\u00facio - Jornal Terras de Basto","isPartOf":{"@id":"https:\/\/terrasdebasto.pt\/#website"},"primaryImageOfPage":{"@id":"https:\/\/terrasdebasto.pt\/?p=4504#primaryimage"},"image":{"@id":"https:\/\/terrasdebasto.pt\/?p=4504#primaryimage"},"thumbnailUrl":"https:\/\/terrasdebasto.pt\/wp-content\/uploads\/2025\/10\/LABORINHO-LUCIO.jpg","datePublished":"2025-10-23T15:26:09+00:00","description":"O Centro de Forma\u00e7\u00e3o de Basto \u2013 estrutura de apoio \u00e0 classe docente das Terras de Basto \u2013 considera que \u00c1lvaro Laborinho L\u00facio, que faleceu esta quinta-feira (21), era \u00abuma das personalidades mais marcantes da vida p\u00fablica portuguesa das \u00faltimas d\u00e9cadas\u00bb, deixando \u00abuma heran\u00e7a de integridade, intelig\u00eancia e humanismo que transcende os cargos que desempenhou\u00bb.","breadcrumb":{"@id":"https:\/\/terrasdebasto.pt\/?p=4504#breadcrumb"},"inLanguage":"pt-PT","potentialAction":[{"@type":"ReadAction","target":["https:\/\/terrasdebasto.pt\/?p=4504"]}]},{"@type":"ImageObject","inLanguage":"pt-PT","@id":"https:\/\/terrasdebasto.pt\/?p=4504#primaryimage","url":"https:\/\/terrasdebasto.pt\/wp-content\/uploads\/2025\/10\/LABORINHO-LUCIO.jpg","contentUrl":"https:\/\/terrasdebasto.pt\/wp-content\/uploads\/2025\/10\/LABORINHO-LUCIO.jpg","width":1200,"height":1150},{"@type":"BreadcrumbList","@id":"https:\/\/terrasdebasto.pt\/?p=4504#breadcrumb","itemListElement":[{"@type":"ListItem","position":1,"name":"In\u00edcio","item":"https:\/\/terrasdebasto.pt\/"},{"@type":"ListItem","position":2,"name":"Centro de Forma\u00e7\u00e3o de Basto releva qualidades de Laborinho L\u00facio"}]},{"@type":"WebSite","@id":"https:\/\/terrasdebasto.pt\/#website","url":"https:\/\/terrasdebasto.pt\/","name":"Jornal Terras de Basto","description":"","publisher":{"@id":"https:\/\/terrasdebasto.pt\/#organization"},"potentialAction":[{"@type":"SearchAction","target":{"@type":"EntryPoint","urlTemplate":"https:\/\/terrasdebasto.pt\/?s={search_term_string}"},"query-input":{"@type":"PropertyValueSpecification","valueRequired":true,"valueName":"search_term_string"}}],"inLanguage":"pt-PT"},{"@type":"Organization","@id":"https:\/\/terrasdebasto.pt\/#organization","name":"Jornal Terras de Basto","url":"https:\/\/terrasdebasto.pt\/","logo":{"@type":"ImageObject","inLanguage":"pt-PT","@id":"https:\/\/terrasdebasto.pt\/#\/schema\/logo\/image\/","url":"https:\/\/terrasdebasto.pt\/wp-content\/uploads\/2024\/06\/LogoNormal.png","contentUrl":"https:\/\/terrasdebasto.pt\/wp-content\/uploads\/2024\/06\/LogoNormal.png","width":5638,"height":809,"caption":"Jornal Terras de Basto"},"image":{"@id":"https:\/\/terrasdebasto.pt\/#\/schema\/logo\/image\/"}},{"@type":"Person","@id":"https:\/\/terrasdebasto.pt\/#\/schema\/person\/9f6739f5394ac65c802641773b278b84","name":"Jo\u00e3o Paulo Mesquita","image":{"@type":"ImageObject","inLanguage":"pt-PT","@id":"https:\/\/terrasdebasto.pt\/#\/schema\/person\/image\/","url":"https:\/\/secure.gravatar.com\/avatar\/9bd0f299e6d96336664aab64354168246a3ee3287c47891c50d450e47ed9d7f9?s=96&d=mm&r=g","contentUrl":"https:\/\/secure.gravatar.com\/avatar\/9bd0f299e6d96336664aab64354168246a3ee3287c47891c50d450e47ed9d7f9?s=96&d=mm&r=g","caption":"Jo\u00e3o Paulo Mesquita"},"url":"https:\/\/terrasdebasto.pt\/?author=7"}]}},"_links":{"self":[{"href":"https:\/\/terrasdebasto.pt\/index.php?rest_route=\/wp\/v2\/posts\/4504","targetHints":{"allow":["GET"]}}],"collection":[{"href":"https:\/\/terrasdebasto.pt\/index.php?rest_route=\/wp\/v2\/posts"}],"about":[{"href":"https:\/\/terrasdebasto.pt\/index.php?rest_route=\/wp\/v2\/types\/post"}],"author":[{"embeddable":true,"href":"https:\/\/terrasdebasto.pt\/index.php?rest_route=\/wp\/v2\/users\/7"}],"replies":[{"embeddable":true,"href":"https:\/\/terrasdebasto.pt\/index.php?rest_route=%2Fwp%2Fv2%2Fcomments&post=4504"}],"version-history":[{"count":1,"href":"https:\/\/terrasdebasto.pt\/index.php?rest_route=\/wp\/v2\/posts\/4504\/revisions"}],"predecessor-version":[{"id":4506,"href":"https:\/\/terrasdebasto.pt\/index.php?rest_route=\/wp\/v2\/posts\/4504\/revisions\/4506"}],"wp:featuredmedia":[{"embeddable":true,"href":"https:\/\/terrasdebasto.pt\/index.php?rest_route=\/wp\/v2\/media\/4505"}],"wp:attachment":[{"href":"https:\/\/terrasdebasto.pt\/index.php?rest_route=%2Fwp%2Fv2%2Fmedia&parent=4504"}],"wp:term":[{"taxonomy":"category","embeddable":true,"href":"https:\/\/terrasdebasto.pt\/index.php?rest_route=%2Fwp%2Fv2%2Fcategories&post=4504"},{"taxonomy":"post_tag","embeddable":true,"href":"https:\/\/terrasdebasto.pt\/index.php?rest_route=%2Fwp%2Fv2%2Ftags&post=4504"}],"curies":[{"name":"wp","href":"https:\/\/api.w.org\/{rel}","templated":true}]}}