{"id":4495,"date":"2025-10-23T13:09:50","date_gmt":"2025-10-23T13:09:50","guid":{"rendered":"https:\/\/terrasdebasto.pt\/?p=4495"},"modified":"2025-10-23T13:09:51","modified_gmt":"2025-10-23T13:09:51","slug":"mais-uma-otima-edicao-do-terras-de-basto-15","status":"publish","type":"post","link":"https:\/\/terrasdebasto.pt\/?p=4495","title":{"rendered":"Mais uma \u00f3tima edi\u00e7\u00e3o do Terras de Basto"},"content":{"rendered":"\n<p><\/p>\n\n\n\n<p><a><\/a>Todos os utentes da Unidade de Cuidados Continuados da \u201cBasto Vida\u201d, em Cabeceiras de Basto, tinham sido evacuados para instala\u00e7\u00f5es de retaguarda \u00e0 hora do fecho de mais esta edi\u00e7\u00e3o do Terras de Basto, pronto a sair para distribui\u00e7\u00e3o. Motivo desta evacua\u00e7\u00e3o \u2013 que faz o primeiro destaque de capa \u2013 s\u00e3o as suspeitas de contamina\u00e7\u00e3o das \u00e1guas da rede interna com a bact\u00e9ria \u201clegionella\u201d.<\/p>\n\n\n\n<p>Mas o principal assunto desta edi\u00e7\u00e3o s\u00e3o mesmo os resultados das elei\u00e7\u00f5es aut\u00e1rquicas nos quatro munic\u00edpios das Terras de Basto. Que ficaram mais laranja com a vit\u00f3ria da coliga\u00e7\u00e3o de centro-direita em Cabeceiras de Basto. A par do novel presidente Manuel Ant\u00f3nio Teixeira, os sociais-democratas refor\u00e7aram o seu poder em Celorico de Basto, onde Peixoto Lima alcan\u00e7ou uma maioria de cinco vereadores, bem como em Mondim de Basto, onde Bruno Ferreira sedimentou a estabilidade. S\u00f3 o socialista Jo\u00e3o Noronha, igualmente em maioria, teve o dobro dos votos da advers\u00e1ria em Ribeira de Pena.<\/p>\n\n\n\n<p>A capa desta edi\u00e7\u00e3o faz-se ainda com refer\u00eancias ao Clube Desportivo Celoricense, que joga no pr\u00f3ximo s\u00e1bado (18) com o FC Porto, em Barcelos, em partida a contar para a terceira eliminat\u00f3ria da Ta\u00e7a de Portugal. O Clube de Basto sonha fazer hist\u00f3ria.<\/p>\n\n\n\n<p>Ainda em Celorico de Basto, apresentamos um trabalho sobre o espumante da Quinta da Chouza, particularmente da sua marca \u201cCh\u00e3o do Rio\u201d, que faz do m\u00e9todo cl\u00e1ssico uma afirma\u00e7\u00e3o do \u201cterroir\u201d. Arinto, padeiro e paci\u00eancia: vinhos de prova e de lugar.<\/p>\n\n\n\n<p>Passamos igualmente por Ribeira de Pena, onde o milho ocupa lugar central na hist\u00f3ria e na identidade rural do concelho, tendo sido durante s\u00e9culos o sustento de muitas fam\u00edlias e a base de uma cultura agr\u00edcola marcada pela entreajuda e pelo conv\u00edvio. Foi com uma desfolhada que isso tudo foi lembrado.<\/p>\n\n\n\n<p>Tenha boas leituras com o Terras de Basto.<\/p>\n\n\n\n<p>O diretor<\/p>\n\n\n\n<p>Jo\u00e3o Paulo Mesquita<\/p>\n","protected":false},"excerpt":{"rendered":"<p>Todos os utentes da Unidade de Cuidados Continuados da \u201cBasto Vida\u201d, em Cabeceiras de Basto, tinham sido evacuados para instala\u00e7\u00f5es de retaguarda \u00e0 hora do fecho de mais esta edi\u00e7\u00e3o do Terras de Basto, pronto a sair para distribui\u00e7\u00e3o. Motivo desta evacua\u00e7\u00e3o \u2013 que faz o primeiro destaque de capa \u2013 s\u00e3o as suspeitas de [&hellip;]<\/p>\n","protected":false},"author":7,"featured_media":4496,"comment_status":"open","ping_status":"open","sticky":false,"template":"","format":"standard","meta":{"footnotes":""},"categories":[12,13,7,16,26,9],"tags":[994,775,995,230],"class_list":{"0":"post-4495","1":"post","2":"type-post","3":"status-publish","4":"format-standard","5":"has-post-thumbnail","7":"category-cabeceiras-de-basto","8":"category-celorico-de-basto","9":"category-cultura","10":"category-mondim-de-basto","11":"category-ribeira-de-pena","12":"category-terras-de-basto","13":"tag-imprensa","14":"tag-imprensa-regional","15":"tag-jornais","16":"tag-terras-de-basto"},"yoast_head":"<!-- This site is optimized with the Yoast SEO plugin v25.7 - https:\/\/yoast.com\/wordpress\/plugins\/seo\/ -->\n<title>Mais uma \u00f3tima edi\u00e7\u00e3o do Terras de Basto - Jornal Terras de Basto<\/title>\n<meta name=\"description\" content=\"Todos os utentes da Unidade de Cuidados Continuados da \u201cBasto Vida\u201d, em Cabeceiras de Basto, tinham sido evacuados para instala\u00e7\u00f5es de retaguarda \u00e0 hora do fecho de mais esta edi\u00e7\u00e3o do Terras de Basto, pronto a sair para distribui\u00e7\u00e3o. Motivo desta evacua\u00e7\u00e3o \u2013 que faz o primeiro destaque de capa \u2013 s\u00e3o as suspeitas de contamina\u00e7\u00e3o das \u00e1guas da rede interna com a bact\u00e9ria \u201clegionella\u201d.\" \/>\n<meta name=\"robots\" content=\"index, follow, max-snippet:-1, max-image-preview:large, max-video-preview:-1\" \/>\n<link rel=\"canonical\" href=\"https:\/\/terrasdebasto.pt\/?p=4495\" \/>\n<meta property=\"og:locale\" content=\"pt_PT\" \/>\n<meta property=\"og:type\" content=\"article\" \/>\n<meta property=\"og:title\" content=\"Mais uma \u00f3tima edi\u00e7\u00e3o do Terras de Basto - Jornal Terras de Basto\" \/>\n<meta property=\"og:description\" content=\"Todos os utentes da Unidade de Cuidados Continuados da \u201cBasto Vida\u201d, em Cabeceiras de Basto, tinham sido evacuados para instala\u00e7\u00f5es de retaguarda \u00e0 hora do fecho de mais esta edi\u00e7\u00e3o do Terras de Basto, pronto a sair para distribui\u00e7\u00e3o. Motivo desta evacua\u00e7\u00e3o \u2013 que faz o primeiro destaque de capa \u2013 s\u00e3o as suspeitas de contamina\u00e7\u00e3o das \u00e1guas da rede interna com a bact\u00e9ria \u201clegionella\u201d.\" \/>\n<meta property=\"og:url\" content=\"https:\/\/terrasdebasto.pt\/?p=4495\" \/>\n<meta property=\"og:site_name\" content=\"Jornal Terras de Basto\" \/>\n<meta property=\"article:published_time\" content=\"2025-10-23T13:09:50+00:00\" \/>\n<meta property=\"article:modified_time\" content=\"2025-10-23T13:09:51+00:00\" \/>\n<meta property=\"og:image\" content=\"https:\/\/terrasdebasto.pt\/wp-content\/uploads\/2025\/10\/CAPA.jpg\" \/>\n\t<meta property=\"og:image:width\" content=\"1315\" \/>\n\t<meta property=\"og:image:height\" content=\"1600\" \/>\n\t<meta property=\"og:image:type\" content=\"image\/jpeg\" \/>\n<meta name=\"author\" content=\"Jo\u00e3o Paulo Mesquita\" \/>\n<meta name=\"twitter:card\" content=\"summary_large_image\" \/>\n<meta name=\"twitter:label1\" content=\"Escrito por\" \/>\n\t<meta name=\"twitter:data1\" content=\"Jo\u00e3o Paulo Mesquita\" \/>\n\t<meta name=\"twitter:label2\" content=\"Tempo estimado de leitura\" \/>\n\t<meta name=\"twitter:data2\" content=\"2 minutos\" \/>\n<script type=\"application\/ld+json\" class=\"yoast-schema-graph\">{\"@context\":\"https:\/\/schema.org\",\"@graph\":[{\"@type\":\"Article\",\"@id\":\"https:\/\/terrasdebasto.pt\/?p=4495#article\",\"isPartOf\":{\"@id\":\"https:\/\/terrasdebasto.pt\/?p=4495\"},\"author\":{\"name\":\"Jo\u00e3o Paulo Mesquita\",\"@id\":\"https:\/\/terrasdebasto.pt\/#\/schema\/person\/9f6739f5394ac65c802641773b278b84\"},\"headline\":\"Mais uma \u00f3tima edi\u00e7\u00e3o do Terras de Basto\",\"datePublished\":\"2025-10-23T13:09:50+00:00\",\"dateModified\":\"2025-10-23T13:09:51+00:00\",\"mainEntityOfPage\":{\"@id\":\"https:\/\/terrasdebasto.pt\/?p=4495\"},\"wordCount\":348,\"commentCount\":0,\"publisher\":{\"@id\":\"https:\/\/terrasdebasto.pt\/#organization\"},\"image\":{\"@id\":\"https:\/\/terrasdebasto.pt\/?p=4495#primaryimage\"},\"thumbnailUrl\":\"https:\/\/terrasdebasto.pt\/wp-content\/uploads\/2025\/10\/CAPA.jpg\",\"keywords\":[\"Imprensa\",\"Imprensa Regional\",\"Jornais\",\"Terras de Basto\"],\"articleSection\":[\"Cabeceiras de Basto\",\"Celorico de Basto\",\"Cultura\",\"Mondim de Basto\",\"Ribeira de Pena\",\"Terras de Basto\"],\"inLanguage\":\"pt-PT\",\"potentialAction\":[{\"@type\":\"CommentAction\",\"name\":\"Comment\",\"target\":[\"https:\/\/terrasdebasto.pt\/?p=4495#respond\"]}]},{\"@type\":\"WebPage\",\"@id\":\"https:\/\/terrasdebasto.pt\/?p=4495\",\"url\":\"https:\/\/terrasdebasto.pt\/?p=4495\",\"name\":\"Mais uma \u00f3tima edi\u00e7\u00e3o do Terras de Basto - Jornal Terras de Basto\",\"isPartOf\":{\"@id\":\"https:\/\/terrasdebasto.pt\/#website\"},\"primaryImageOfPage\":{\"@id\":\"https:\/\/terrasdebasto.pt\/?p=4495#primaryimage\"},\"image\":{\"@id\":\"https:\/\/terrasdebasto.pt\/?p=4495#primaryimage\"},\"thumbnailUrl\":\"https:\/\/terrasdebasto.pt\/wp-content\/uploads\/2025\/10\/CAPA.jpg\",\"datePublished\":\"2025-10-23T13:09:50+00:00\",\"dateModified\":\"2025-10-23T13:09:51+00:00\",\"description\":\"Todos os utentes da Unidade de Cuidados Continuados da \u201cBasto Vida\u201d, em Cabeceiras de Basto, tinham sido evacuados para instala\u00e7\u00f5es de retaguarda \u00e0 hora do fecho de mais esta edi\u00e7\u00e3o do Terras de Basto, pronto a sair para distribui\u00e7\u00e3o. Motivo desta evacua\u00e7\u00e3o \u2013 que faz o primeiro destaque de capa \u2013 s\u00e3o as suspeitas de contamina\u00e7\u00e3o das \u00e1guas da rede interna com a bact\u00e9ria \u201clegionella\u201d.\",\"breadcrumb\":{\"@id\":\"https:\/\/terrasdebasto.pt\/?p=4495#breadcrumb\"},\"inLanguage\":\"pt-PT\",\"potentialAction\":[{\"@type\":\"ReadAction\",\"target\":[\"https:\/\/terrasdebasto.pt\/?p=4495\"]}]},{\"@type\":\"ImageObject\",\"inLanguage\":\"pt-PT\",\"@id\":\"https:\/\/terrasdebasto.pt\/?p=4495#primaryimage\",\"url\":\"https:\/\/terrasdebasto.pt\/wp-content\/uploads\/2025\/10\/CAPA.jpg\",\"contentUrl\":\"https:\/\/terrasdebasto.pt\/wp-content\/uploads\/2025\/10\/CAPA.jpg\",\"width\":1315,\"height\":1600},{\"@type\":\"BreadcrumbList\",\"@id\":\"https:\/\/terrasdebasto.pt\/?p=4495#breadcrumb\",\"itemListElement\":[{\"@type\":\"ListItem\",\"position\":1,\"name\":\"In\u00edcio\",\"item\":\"https:\/\/terrasdebasto.pt\/\"},{\"@type\":\"ListItem\",\"position\":2,\"name\":\"Mais uma \u00f3tima edi\u00e7\u00e3o do Terras de Basto\"}]},{\"@type\":\"WebSite\",\"@id\":\"https:\/\/terrasdebasto.pt\/#website\",\"url\":\"https:\/\/terrasdebasto.pt\/\",\"name\":\"Jornal Terras de Basto\",\"description\":\"\",\"publisher\":{\"@id\":\"https:\/\/terrasdebasto.pt\/#organization\"},\"potentialAction\":[{\"@type\":\"SearchAction\",\"target\":{\"@type\":\"EntryPoint\",\"urlTemplate\":\"https:\/\/terrasdebasto.pt\/?s={search_term_string}\"},\"query-input\":{\"@type\":\"PropertyValueSpecification\",\"valueRequired\":true,\"valueName\":\"search_term_string\"}}],\"inLanguage\":\"pt-PT\"},{\"@type\":\"Organization\",\"@id\":\"https:\/\/terrasdebasto.pt\/#organization\",\"name\":\"Jornal Terras de Basto\",\"url\":\"https:\/\/terrasdebasto.pt\/\",\"logo\":{\"@type\":\"ImageObject\",\"inLanguage\":\"pt-PT\",\"@id\":\"https:\/\/terrasdebasto.pt\/#\/schema\/logo\/image\/\",\"url\":\"https:\/\/terrasdebasto.pt\/wp-content\/uploads\/2024\/06\/LogoNormal.png\",\"contentUrl\":\"https:\/\/terrasdebasto.pt\/wp-content\/uploads\/2024\/06\/LogoNormal.png\",\"width\":5638,\"height\":809,\"caption\":\"Jornal Terras de Basto\"},\"image\":{\"@id\":\"https:\/\/terrasdebasto.pt\/#\/schema\/logo\/image\/\"}},{\"@type\":\"Person\",\"@id\":\"https:\/\/terrasdebasto.pt\/#\/schema\/person\/9f6739f5394ac65c802641773b278b84\",\"name\":\"Jo\u00e3o Paulo Mesquita\",\"image\":{\"@type\":\"ImageObject\",\"inLanguage\":\"pt-PT\",\"@id\":\"https:\/\/terrasdebasto.pt\/#\/schema\/person\/image\/\",\"url\":\"https:\/\/secure.gravatar.com\/avatar\/9bd0f299e6d96336664aab64354168246a3ee3287c47891c50d450e47ed9d7f9?s=96&d=mm&r=g\",\"contentUrl\":\"https:\/\/secure.gravatar.com\/avatar\/9bd0f299e6d96336664aab64354168246a3ee3287c47891c50d450e47ed9d7f9?s=96&d=mm&r=g\",\"caption\":\"Jo\u00e3o Paulo Mesquita\"},\"url\":\"https:\/\/terrasdebasto.pt\/?author=7\"}]}<\/script>\n<!-- \/ Yoast SEO plugin. -->","yoast_head_json":{"title":"Mais uma \u00f3tima edi\u00e7\u00e3o do Terras de Basto - Jornal Terras de Basto","description":"Todos os utentes da Unidade de Cuidados Continuados da \u201cBasto Vida\u201d, em Cabeceiras de Basto, tinham sido evacuados para instala\u00e7\u00f5es de retaguarda \u00e0 hora do fecho de mais esta edi\u00e7\u00e3o do Terras de Basto, pronto a sair para distribui\u00e7\u00e3o. Motivo desta evacua\u00e7\u00e3o \u2013 que faz o primeiro destaque de capa \u2013 s\u00e3o as suspeitas de contamina\u00e7\u00e3o das \u00e1guas da rede interna com a bact\u00e9ria \u201clegionella\u201d.","robots":{"index":"index","follow":"follow","max-snippet":"max-snippet:-1","max-image-preview":"max-image-preview:large","max-video-preview":"max-video-preview:-1"},"canonical":"https:\/\/terrasdebasto.pt\/?p=4495","og_locale":"pt_PT","og_type":"article","og_title":"Mais uma \u00f3tima edi\u00e7\u00e3o do Terras de Basto - Jornal Terras de Basto","og_description":"Todos os utentes da Unidade de Cuidados Continuados da \u201cBasto Vida\u201d, em Cabeceiras de Basto, tinham sido evacuados para instala\u00e7\u00f5es de retaguarda \u00e0 hora do fecho de mais esta edi\u00e7\u00e3o do Terras de Basto, pronto a sair para distribui\u00e7\u00e3o. Motivo desta evacua\u00e7\u00e3o \u2013 que faz o primeiro destaque de capa \u2013 s\u00e3o as suspeitas de contamina\u00e7\u00e3o das \u00e1guas da rede interna com a bact\u00e9ria \u201clegionella\u201d.","og_url":"https:\/\/terrasdebasto.pt\/?p=4495","og_site_name":"Jornal Terras de Basto","article_published_time":"2025-10-23T13:09:50+00:00","article_modified_time":"2025-10-23T13:09:51+00:00","og_image":[{"width":1315,"height":1600,"url":"https:\/\/terrasdebasto.pt\/wp-content\/uploads\/2025\/10\/CAPA.jpg","type":"image\/jpeg"}],"author":"Jo\u00e3o Paulo Mesquita","twitter_card":"summary_large_image","twitter_misc":{"Escrito por":"Jo\u00e3o Paulo Mesquita","Tempo estimado de leitura":"2 minutos"},"schema":{"@context":"https:\/\/schema.org","@graph":[{"@type":"Article","@id":"https:\/\/terrasdebasto.pt\/?p=4495#article","isPartOf":{"@id":"https:\/\/terrasdebasto.pt\/?p=4495"},"author":{"name":"Jo\u00e3o Paulo Mesquita","@id":"https:\/\/terrasdebasto.pt\/#\/schema\/person\/9f6739f5394ac65c802641773b278b84"},"headline":"Mais uma \u00f3tima edi\u00e7\u00e3o do Terras de Basto","datePublished":"2025-10-23T13:09:50+00:00","dateModified":"2025-10-23T13:09:51+00:00","mainEntityOfPage":{"@id":"https:\/\/terrasdebasto.pt\/?p=4495"},"wordCount":348,"commentCount":0,"publisher":{"@id":"https:\/\/terrasdebasto.pt\/#organization"},"image":{"@id":"https:\/\/terrasdebasto.pt\/?p=4495#primaryimage"},"thumbnailUrl":"https:\/\/terrasdebasto.pt\/wp-content\/uploads\/2025\/10\/CAPA.jpg","keywords":["Imprensa","Imprensa Regional","Jornais","Terras de Basto"],"articleSection":["Cabeceiras de Basto","Celorico de Basto","Cultura","Mondim de Basto","Ribeira de Pena","Terras de Basto"],"inLanguage":"pt-PT","potentialAction":[{"@type":"CommentAction","name":"Comment","target":["https:\/\/terrasdebasto.pt\/?p=4495#respond"]}]},{"@type":"WebPage","@id":"https:\/\/terrasdebasto.pt\/?p=4495","url":"https:\/\/terrasdebasto.pt\/?p=4495","name":"Mais uma \u00f3tima edi\u00e7\u00e3o do Terras de Basto - Jornal Terras de Basto","isPartOf":{"@id":"https:\/\/terrasdebasto.pt\/#website"},"primaryImageOfPage":{"@id":"https:\/\/terrasdebasto.pt\/?p=4495#primaryimage"},"image":{"@id":"https:\/\/terrasdebasto.pt\/?p=4495#primaryimage"},"thumbnailUrl":"https:\/\/terrasdebasto.pt\/wp-content\/uploads\/2025\/10\/CAPA.jpg","datePublished":"2025-10-23T13:09:50+00:00","dateModified":"2025-10-23T13:09:51+00:00","description":"Todos os utentes da Unidade de Cuidados Continuados da \u201cBasto Vida\u201d, em Cabeceiras de Basto, tinham sido evacuados para instala\u00e7\u00f5es de retaguarda \u00e0 hora do fecho de mais esta edi\u00e7\u00e3o do Terras de Basto, pronto a sair para distribui\u00e7\u00e3o. Motivo desta evacua\u00e7\u00e3o \u2013 que faz o primeiro destaque de capa \u2013 s\u00e3o as suspeitas de contamina\u00e7\u00e3o das \u00e1guas da rede interna com a bact\u00e9ria \u201clegionella\u201d.","breadcrumb":{"@id":"https:\/\/terrasdebasto.pt\/?p=4495#breadcrumb"},"inLanguage":"pt-PT","potentialAction":[{"@type":"ReadAction","target":["https:\/\/terrasdebasto.pt\/?p=4495"]}]},{"@type":"ImageObject","inLanguage":"pt-PT","@id":"https:\/\/terrasdebasto.pt\/?p=4495#primaryimage","url":"https:\/\/terrasdebasto.pt\/wp-content\/uploads\/2025\/10\/CAPA.jpg","contentUrl":"https:\/\/terrasdebasto.pt\/wp-content\/uploads\/2025\/10\/CAPA.jpg","width":1315,"height":1600},{"@type":"BreadcrumbList","@id":"https:\/\/terrasdebasto.pt\/?p=4495#breadcrumb","itemListElement":[{"@type":"ListItem","position":1,"name":"In\u00edcio","item":"https:\/\/terrasdebasto.pt\/"},{"@type":"ListItem","position":2,"name":"Mais uma \u00f3tima edi\u00e7\u00e3o do Terras de Basto"}]},{"@type":"WebSite","@id":"https:\/\/terrasdebasto.pt\/#website","url":"https:\/\/terrasdebasto.pt\/","name":"Jornal Terras de Basto","description":"","publisher":{"@id":"https:\/\/terrasdebasto.pt\/#organization"},"potentialAction":[{"@type":"SearchAction","target":{"@type":"EntryPoint","urlTemplate":"https:\/\/terrasdebasto.pt\/?s={search_term_string}"},"query-input":{"@type":"PropertyValueSpecification","valueRequired":true,"valueName":"search_term_string"}}],"inLanguage":"pt-PT"},{"@type":"Organization","@id":"https:\/\/terrasdebasto.pt\/#organization","name":"Jornal Terras de Basto","url":"https:\/\/terrasdebasto.pt\/","logo":{"@type":"ImageObject","inLanguage":"pt-PT","@id":"https:\/\/terrasdebasto.pt\/#\/schema\/logo\/image\/","url":"https:\/\/terrasdebasto.pt\/wp-content\/uploads\/2024\/06\/LogoNormal.png","contentUrl":"https:\/\/terrasdebasto.pt\/wp-content\/uploads\/2024\/06\/LogoNormal.png","width":5638,"height":809,"caption":"Jornal Terras de Basto"},"image":{"@id":"https:\/\/terrasdebasto.pt\/#\/schema\/logo\/image\/"}},{"@type":"Person","@id":"https:\/\/terrasdebasto.pt\/#\/schema\/person\/9f6739f5394ac65c802641773b278b84","name":"Jo\u00e3o Paulo Mesquita","image":{"@type":"ImageObject","inLanguage":"pt-PT","@id":"https:\/\/terrasdebasto.pt\/#\/schema\/person\/image\/","url":"https:\/\/secure.gravatar.com\/avatar\/9bd0f299e6d96336664aab64354168246a3ee3287c47891c50d450e47ed9d7f9?s=96&d=mm&r=g","contentUrl":"https:\/\/secure.gravatar.com\/avatar\/9bd0f299e6d96336664aab64354168246a3ee3287c47891c50d450e47ed9d7f9?s=96&d=mm&r=g","caption":"Jo\u00e3o Paulo Mesquita"},"url":"https:\/\/terrasdebasto.pt\/?author=7"}]}},"_links":{"self":[{"href":"https:\/\/terrasdebasto.pt\/index.php?rest_route=\/wp\/v2\/posts\/4495","targetHints":{"allow":["GET"]}}],"collection":[{"href":"https:\/\/terrasdebasto.pt\/index.php?rest_route=\/wp\/v2\/posts"}],"about":[{"href":"https:\/\/terrasdebasto.pt\/index.php?rest_route=\/wp\/v2\/types\/post"}],"author":[{"embeddable":true,"href":"https:\/\/terrasdebasto.pt\/index.php?rest_route=\/wp\/v2\/users\/7"}],"replies":[{"embeddable":true,"href":"https:\/\/terrasdebasto.pt\/index.php?rest_route=%2Fwp%2Fv2%2Fcomments&post=4495"}],"version-history":[{"count":1,"href":"https:\/\/terrasdebasto.pt\/index.php?rest_route=\/wp\/v2\/posts\/4495\/revisions"}],"predecessor-version":[{"id":4497,"href":"https:\/\/terrasdebasto.pt\/index.php?rest_route=\/wp\/v2\/posts\/4495\/revisions\/4497"}],"wp:featuredmedia":[{"embeddable":true,"href":"https:\/\/terrasdebasto.pt\/index.php?rest_route=\/wp\/v2\/media\/4496"}],"wp:attachment":[{"href":"https:\/\/terrasdebasto.pt\/index.php?rest_route=%2Fwp%2Fv2%2Fmedia&parent=4495"}],"wp:term":[{"taxonomy":"category","embeddable":true,"href":"https:\/\/terrasdebasto.pt\/index.php?rest_route=%2Fwp%2Fv2%2Fcategories&post=4495"},{"taxonomy":"post_tag","embeddable":true,"href":"https:\/\/terrasdebasto.pt\/index.php?rest_route=%2Fwp%2Fv2%2Ftags&post=4495"}],"curies":[{"name":"wp","href":"https:\/\/api.w.org\/{rel}","templated":true}]}}