{"id":4477,"date":"2025-10-22T14:37:26","date_gmt":"2025-10-22T14:37:26","guid":{"rendered":"https:\/\/terrasdebasto.pt\/?p=4477"},"modified":"2025-10-22T22:21:24","modified_gmt":"2025-10-22T22:21:24","slug":"marcelo-em-celorico-para-festejar-25-anos-de-ipss","status":"publish","type":"post","link":"https:\/\/terrasdebasto.pt\/?p=4477","title":{"rendered":"Marcelo em Celorico para festejar 25 anos de IPSS"},"content":{"rendered":"\n<p><\/p>\n\n\n\n<p><strong>O Presidente da Rep\u00fablica, Marcelo Rebelo de Sousa, e a Secret\u00e1ria de Estado da A\u00e7\u00e3o Social e da Inclus\u00e3o, Clara Marques Mendes, s\u00e3o dois dos convidados da Associa\u00e7\u00e3o de Solidariedade Social de Basto para a sess\u00e3o comemorativa do 25.\u00ba anivers\u00e1rio da sua funda\u00e7\u00e3o.<\/strong><\/p>\n\n\n\n<p>De acordo com Joaquim Mota e Silva, que preside \u00e0 institui\u00e7\u00e3o, a sess\u00e3o acontece a partir das 15h30 de 28 de outubro, no audit\u00f3rio do Centro Cultural de Celorico de Basto.<\/p>\n\n\n\n<p>Esta Institui\u00e7\u00e3o Particular de Solidariedade Social sediada em Celorico de Basto tem como miss\u00e3o desenvolver projetos de car\u00e1cter social e educativo junto da comunidade local, especialmente para os grupos mais vulner\u00e1veis.<\/p>\n\n\n\n<p>Entre a cerca de uma dezena de val\u00eancias que disponibiliza, incluem-se uma creche, &nbsp;com capacidade para 35 crian\u00e7as (7:00-19:30); um Centro de Atividades de Tempos Livres (ATL), para crian\u00e7as\/jovens em idade escolar; o Servi\u00e7o de Apoio Domicili\u00e1rio (idosos); um centro de dia para idosos ou adultos dependentes; um centro comunit\u00e1rio (fam\u00edlia e comunidade), espa\u00e7o de apoio \u00e0 comunidade geral; e um Centro de Apoio \u00e0 Defici\u00eancia, que inclui um lar residencial para pessoas com defici\u00eancia, resid\u00eancia de autonomiza\u00e7\u00e3o e inclus\u00e3o e Centro de Atividades e Capacita\u00e7\u00e3o para a Inclus\u00e3o (CACI).<\/p>\n","protected":false},"excerpt":{"rendered":"<p>O Presidente da Rep\u00fablica, Marcelo Rebelo de Sousa, e a Secret\u00e1ria de Estado da A\u00e7\u00e3o Social e da Inclus\u00e3o, Clara Marques Mendes, s\u00e3o dois dos convidados da Associa\u00e7\u00e3o de Solidariedade Social de Basto para a sess\u00e3o comemorativa do 25.\u00ba anivers\u00e1rio da sua funda\u00e7\u00e3o. De acordo com Joaquim Mota e Silva, que preside \u00e0 institui\u00e7\u00e3o, a [&hellip;]<\/p>\n","protected":false},"author":7,"featured_media":4478,"comment_status":"open","ping_status":"open","sticky":false,"template":"","format":"standard","meta":{"footnotes":""},"categories":[13,11,10,9],"tags":[990,989,988,40,637],"class_list":{"0":"post-4477","1":"post","2":"type-post","3":"status-publish","4":"format-standard","5":"has-post-thumbnail","7":"category-celorico-de-basto","8":"category-educacao","9":"category-saude","10":"category-terras-de-basto","11":"tag-25-anos","12":"tag-assb","13":"tag-associacao-de-solidariedade-social-de-basto","14":"tag-celorico-de-basto","15":"tag-ipss"},"yoast_head":"<!-- This site is optimized with the Yoast SEO plugin v25.7 - https:\/\/yoast.com\/wordpress\/plugins\/seo\/ -->\n<title>Marcelo em Celorico para festejar 25 anos de IPSS - Jornal Terras de Basto<\/title>\n<meta name=\"description\" content=\"O Presidente da Rep\u00fablica, Marcelo Rebelo de Sousa, e a Secret\u00e1ria de Estado da A\u00e7\u00e3o Social e da Inclus\u00e3o, Clara Marques Mendes, s\u00e3o dois dos convidados da Associa\u00e7\u00e3o de Solidariedade Social de Basto para a sess\u00e3o comemorativa do 25.\u00ba anivers\u00e1rio da sua funda\u00e7\u00e3o.\" \/>\n<meta name=\"robots\" content=\"index, follow, max-snippet:-1, max-image-preview:large, max-video-preview:-1\" \/>\n<link rel=\"canonical\" href=\"https:\/\/terrasdebasto.pt\/?p=4477\" \/>\n<meta property=\"og:locale\" content=\"pt_PT\" \/>\n<meta property=\"og:type\" content=\"article\" \/>\n<meta property=\"og:title\" content=\"Marcelo em Celorico para festejar 25 anos de IPSS - Jornal Terras de Basto\" \/>\n<meta property=\"og:description\" content=\"O Presidente da Rep\u00fablica, Marcelo Rebelo de Sousa, e a Secret\u00e1ria de Estado da A\u00e7\u00e3o Social e da Inclus\u00e3o, Clara Marques Mendes, s\u00e3o dois dos convidados da Associa\u00e7\u00e3o de Solidariedade Social de Basto para a sess\u00e3o comemorativa do 25.\u00ba anivers\u00e1rio da sua funda\u00e7\u00e3o.\" \/>\n<meta property=\"og:url\" content=\"https:\/\/terrasdebasto.pt\/?p=4477\" \/>\n<meta property=\"og:site_name\" content=\"Jornal Terras de Basto\" \/>\n<meta property=\"article:published_time\" content=\"2025-10-22T14:37:26+00:00\" \/>\n<meta property=\"article:modified_time\" content=\"2025-10-22T22:21:24+00:00\" \/>\n<meta property=\"og:image\" content=\"https:\/\/terrasdebasto.pt\/wp-content\/uploads\/2025\/10\/ASSB-3.jpg\" \/>\n\t<meta property=\"og:image:width\" content=\"1796\" \/>\n\t<meta property=\"og:image:height\" content=\"1269\" \/>\n\t<meta property=\"og:image:type\" content=\"image\/jpeg\" \/>\n<meta name=\"author\" content=\"Jo\u00e3o Paulo Mesquita\" \/>\n<meta name=\"twitter:card\" content=\"summary_large_image\" \/>\n<meta name=\"twitter:label1\" content=\"Escrito por\" \/>\n\t<meta name=\"twitter:data1\" content=\"Jo\u00e3o Paulo Mesquita\" \/>\n\t<meta name=\"twitter:label2\" content=\"Tempo estimado de leitura\" \/>\n\t<meta name=\"twitter:data2\" content=\"2 minutos\" \/>\n<script type=\"application\/ld+json\" class=\"yoast-schema-graph\">{\"@context\":\"https:\/\/schema.org\",\"@graph\":[{\"@type\":\"Article\",\"@id\":\"https:\/\/terrasdebasto.pt\/?p=4477#article\",\"isPartOf\":{\"@id\":\"https:\/\/terrasdebasto.pt\/?p=4477\"},\"author\":{\"name\":\"Jo\u00e3o Paulo Mesquita\",\"@id\":\"https:\/\/terrasdebasto.pt\/#\/schema\/person\/9f6739f5394ac65c802641773b278b84\"},\"headline\":\"Marcelo em Celorico para festejar 25 anos de IPSS\",\"datePublished\":\"2025-10-22T14:37:26+00:00\",\"dateModified\":\"2025-10-22T22:21:24+00:00\",\"mainEntityOfPage\":{\"@id\":\"https:\/\/terrasdebasto.pt\/?p=4477\"},\"wordCount\":230,\"commentCount\":0,\"publisher\":{\"@id\":\"https:\/\/terrasdebasto.pt\/#organization\"},\"image\":{\"@id\":\"https:\/\/terrasdebasto.pt\/?p=4477#primaryimage\"},\"thumbnailUrl\":\"https:\/\/terrasdebasto.pt\/wp-content\/uploads\/2025\/10\/ASSB-3.jpg\",\"keywords\":[\"25 anos\",\"ASSB\",\"Associa\u00e7\u00e3o de Solidariedade Social de Basto\",\"Celorico de Basto\",\"IPSS\"],\"articleSection\":[\"Celorico de Basto\",\"Educa\u00e7\u00e3o\",\"Sa\u00fade\",\"Terras de Basto\"],\"inLanguage\":\"pt-PT\",\"potentialAction\":[{\"@type\":\"CommentAction\",\"name\":\"Comment\",\"target\":[\"https:\/\/terrasdebasto.pt\/?p=4477#respond\"]}]},{\"@type\":\"WebPage\",\"@id\":\"https:\/\/terrasdebasto.pt\/?p=4477\",\"url\":\"https:\/\/terrasdebasto.pt\/?p=4477\",\"name\":\"Marcelo em Celorico para festejar 25 anos de IPSS - Jornal Terras de Basto\",\"isPartOf\":{\"@id\":\"https:\/\/terrasdebasto.pt\/#website\"},\"primaryImageOfPage\":{\"@id\":\"https:\/\/terrasdebasto.pt\/?p=4477#primaryimage\"},\"image\":{\"@id\":\"https:\/\/terrasdebasto.pt\/?p=4477#primaryimage\"},\"thumbnailUrl\":\"https:\/\/terrasdebasto.pt\/wp-content\/uploads\/2025\/10\/ASSB-3.jpg\",\"datePublished\":\"2025-10-22T14:37:26+00:00\",\"dateModified\":\"2025-10-22T22:21:24+00:00\",\"description\":\"O Presidente da Rep\u00fablica, Marcelo Rebelo de Sousa, e a Secret\u00e1ria de Estado da A\u00e7\u00e3o Social e da Inclus\u00e3o, Clara Marques Mendes, s\u00e3o dois dos convidados da Associa\u00e7\u00e3o de Solidariedade Social de Basto para a sess\u00e3o comemorativa do 25.\u00ba anivers\u00e1rio da sua funda\u00e7\u00e3o.\",\"breadcrumb\":{\"@id\":\"https:\/\/terrasdebasto.pt\/?p=4477#breadcrumb\"},\"inLanguage\":\"pt-PT\",\"potentialAction\":[{\"@type\":\"ReadAction\",\"target\":[\"https:\/\/terrasdebasto.pt\/?p=4477\"]}]},{\"@type\":\"ImageObject\",\"inLanguage\":\"pt-PT\",\"@id\":\"https:\/\/terrasdebasto.pt\/?p=4477#primaryimage\",\"url\":\"https:\/\/terrasdebasto.pt\/wp-content\/uploads\/2025\/10\/ASSB-3.jpg\",\"contentUrl\":\"https:\/\/terrasdebasto.pt\/wp-content\/uploads\/2025\/10\/ASSB-3.jpg\",\"width\":1796,\"height\":1269},{\"@type\":\"BreadcrumbList\",\"@id\":\"https:\/\/terrasdebasto.pt\/?p=4477#breadcrumb\",\"itemListElement\":[{\"@type\":\"ListItem\",\"position\":1,\"name\":\"In\u00edcio\",\"item\":\"https:\/\/terrasdebasto.pt\/\"},{\"@type\":\"ListItem\",\"position\":2,\"name\":\"Marcelo em Celorico para festejar 25 anos de IPSS\"}]},{\"@type\":\"WebSite\",\"@id\":\"https:\/\/terrasdebasto.pt\/#website\",\"url\":\"https:\/\/terrasdebasto.pt\/\",\"name\":\"Jornal Terras de Basto\",\"description\":\"\",\"publisher\":{\"@id\":\"https:\/\/terrasdebasto.pt\/#organization\"},\"potentialAction\":[{\"@type\":\"SearchAction\",\"target\":{\"@type\":\"EntryPoint\",\"urlTemplate\":\"https:\/\/terrasdebasto.pt\/?s={search_term_string}\"},\"query-input\":{\"@type\":\"PropertyValueSpecification\",\"valueRequired\":true,\"valueName\":\"search_term_string\"}}],\"inLanguage\":\"pt-PT\"},{\"@type\":\"Organization\",\"@id\":\"https:\/\/terrasdebasto.pt\/#organization\",\"name\":\"Jornal Terras de Basto\",\"url\":\"https:\/\/terrasdebasto.pt\/\",\"logo\":{\"@type\":\"ImageObject\",\"inLanguage\":\"pt-PT\",\"@id\":\"https:\/\/terrasdebasto.pt\/#\/schema\/logo\/image\/\",\"url\":\"https:\/\/terrasdebasto.pt\/wp-content\/uploads\/2024\/06\/LogoNormal.png\",\"contentUrl\":\"https:\/\/terrasdebasto.pt\/wp-content\/uploads\/2024\/06\/LogoNormal.png\",\"width\":5638,\"height\":809,\"caption\":\"Jornal Terras de Basto\"},\"image\":{\"@id\":\"https:\/\/terrasdebasto.pt\/#\/schema\/logo\/image\/\"}},{\"@type\":\"Person\",\"@id\":\"https:\/\/terrasdebasto.pt\/#\/schema\/person\/9f6739f5394ac65c802641773b278b84\",\"name\":\"Jo\u00e3o Paulo Mesquita\",\"image\":{\"@type\":\"ImageObject\",\"inLanguage\":\"pt-PT\",\"@id\":\"https:\/\/terrasdebasto.pt\/#\/schema\/person\/image\/\",\"url\":\"https:\/\/secure.gravatar.com\/avatar\/9bd0f299e6d96336664aab64354168246a3ee3287c47891c50d450e47ed9d7f9?s=96&d=mm&r=g\",\"contentUrl\":\"https:\/\/secure.gravatar.com\/avatar\/9bd0f299e6d96336664aab64354168246a3ee3287c47891c50d450e47ed9d7f9?s=96&d=mm&r=g\",\"caption\":\"Jo\u00e3o Paulo Mesquita\"},\"url\":\"https:\/\/terrasdebasto.pt\/?author=7\"}]}<\/script>\n<!-- \/ Yoast SEO plugin. -->","yoast_head_json":{"title":"Marcelo em Celorico para festejar 25 anos de IPSS - Jornal Terras de Basto","description":"O Presidente da Rep\u00fablica, Marcelo Rebelo de Sousa, e a Secret\u00e1ria de Estado da A\u00e7\u00e3o Social e da Inclus\u00e3o, Clara Marques Mendes, s\u00e3o dois dos convidados da Associa\u00e7\u00e3o de Solidariedade Social de Basto para a sess\u00e3o comemorativa do 25.\u00ba anivers\u00e1rio da sua funda\u00e7\u00e3o.","robots":{"index":"index","follow":"follow","max-snippet":"max-snippet:-1","max-image-preview":"max-image-preview:large","max-video-preview":"max-video-preview:-1"},"canonical":"https:\/\/terrasdebasto.pt\/?p=4477","og_locale":"pt_PT","og_type":"article","og_title":"Marcelo em Celorico para festejar 25 anos de IPSS - Jornal Terras de Basto","og_description":"O Presidente da Rep\u00fablica, Marcelo Rebelo de Sousa, e a Secret\u00e1ria de Estado da A\u00e7\u00e3o Social e da Inclus\u00e3o, Clara Marques Mendes, s\u00e3o dois dos convidados da Associa\u00e7\u00e3o de Solidariedade Social de Basto para a sess\u00e3o comemorativa do 25.\u00ba anivers\u00e1rio da sua funda\u00e7\u00e3o.","og_url":"https:\/\/terrasdebasto.pt\/?p=4477","og_site_name":"Jornal Terras de Basto","article_published_time":"2025-10-22T14:37:26+00:00","article_modified_time":"2025-10-22T22:21:24+00:00","og_image":[{"width":1796,"height":1269,"url":"https:\/\/terrasdebasto.pt\/wp-content\/uploads\/2025\/10\/ASSB-3.jpg","type":"image\/jpeg"}],"author":"Jo\u00e3o Paulo Mesquita","twitter_card":"summary_large_image","twitter_misc":{"Escrito por":"Jo\u00e3o Paulo Mesquita","Tempo estimado de leitura":"2 minutos"},"schema":{"@context":"https:\/\/schema.org","@graph":[{"@type":"Article","@id":"https:\/\/terrasdebasto.pt\/?p=4477#article","isPartOf":{"@id":"https:\/\/terrasdebasto.pt\/?p=4477"},"author":{"name":"Jo\u00e3o Paulo Mesquita","@id":"https:\/\/terrasdebasto.pt\/#\/schema\/person\/9f6739f5394ac65c802641773b278b84"},"headline":"Marcelo em Celorico para festejar 25 anos de IPSS","datePublished":"2025-10-22T14:37:26+00:00","dateModified":"2025-10-22T22:21:24+00:00","mainEntityOfPage":{"@id":"https:\/\/terrasdebasto.pt\/?p=4477"},"wordCount":230,"commentCount":0,"publisher":{"@id":"https:\/\/terrasdebasto.pt\/#organization"},"image":{"@id":"https:\/\/terrasdebasto.pt\/?p=4477#primaryimage"},"thumbnailUrl":"https:\/\/terrasdebasto.pt\/wp-content\/uploads\/2025\/10\/ASSB-3.jpg","keywords":["25 anos","ASSB","Associa\u00e7\u00e3o de Solidariedade Social de Basto","Celorico de Basto","IPSS"],"articleSection":["Celorico de Basto","Educa\u00e7\u00e3o","Sa\u00fade","Terras de Basto"],"inLanguage":"pt-PT","potentialAction":[{"@type":"CommentAction","name":"Comment","target":["https:\/\/terrasdebasto.pt\/?p=4477#respond"]}]},{"@type":"WebPage","@id":"https:\/\/terrasdebasto.pt\/?p=4477","url":"https:\/\/terrasdebasto.pt\/?p=4477","name":"Marcelo em Celorico para festejar 25 anos de IPSS - Jornal Terras de Basto","isPartOf":{"@id":"https:\/\/terrasdebasto.pt\/#website"},"primaryImageOfPage":{"@id":"https:\/\/terrasdebasto.pt\/?p=4477#primaryimage"},"image":{"@id":"https:\/\/terrasdebasto.pt\/?p=4477#primaryimage"},"thumbnailUrl":"https:\/\/terrasdebasto.pt\/wp-content\/uploads\/2025\/10\/ASSB-3.jpg","datePublished":"2025-10-22T14:37:26+00:00","dateModified":"2025-10-22T22:21:24+00:00","description":"O Presidente da Rep\u00fablica, Marcelo Rebelo de Sousa, e a Secret\u00e1ria de Estado da A\u00e7\u00e3o Social e da Inclus\u00e3o, Clara Marques Mendes, s\u00e3o dois dos convidados da Associa\u00e7\u00e3o de Solidariedade Social de Basto para a sess\u00e3o comemorativa do 25.\u00ba anivers\u00e1rio da sua funda\u00e7\u00e3o.","breadcrumb":{"@id":"https:\/\/terrasdebasto.pt\/?p=4477#breadcrumb"},"inLanguage":"pt-PT","potentialAction":[{"@type":"ReadAction","target":["https:\/\/terrasdebasto.pt\/?p=4477"]}]},{"@type":"ImageObject","inLanguage":"pt-PT","@id":"https:\/\/terrasdebasto.pt\/?p=4477#primaryimage","url":"https:\/\/terrasdebasto.pt\/wp-content\/uploads\/2025\/10\/ASSB-3.jpg","contentUrl":"https:\/\/terrasdebasto.pt\/wp-content\/uploads\/2025\/10\/ASSB-3.jpg","width":1796,"height":1269},{"@type":"BreadcrumbList","@id":"https:\/\/terrasdebasto.pt\/?p=4477#breadcrumb","itemListElement":[{"@type":"ListItem","position":1,"name":"In\u00edcio","item":"https:\/\/terrasdebasto.pt\/"},{"@type":"ListItem","position":2,"name":"Marcelo em Celorico para festejar 25 anos de IPSS"}]},{"@type":"WebSite","@id":"https:\/\/terrasdebasto.pt\/#website","url":"https:\/\/terrasdebasto.pt\/","name":"Jornal Terras de Basto","description":"","publisher":{"@id":"https:\/\/terrasdebasto.pt\/#organization"},"potentialAction":[{"@type":"SearchAction","target":{"@type":"EntryPoint","urlTemplate":"https:\/\/terrasdebasto.pt\/?s={search_term_string}"},"query-input":{"@type":"PropertyValueSpecification","valueRequired":true,"valueName":"search_term_string"}}],"inLanguage":"pt-PT"},{"@type":"Organization","@id":"https:\/\/terrasdebasto.pt\/#organization","name":"Jornal Terras de Basto","url":"https:\/\/terrasdebasto.pt\/","logo":{"@type":"ImageObject","inLanguage":"pt-PT","@id":"https:\/\/terrasdebasto.pt\/#\/schema\/logo\/image\/","url":"https:\/\/terrasdebasto.pt\/wp-content\/uploads\/2024\/06\/LogoNormal.png","contentUrl":"https:\/\/terrasdebasto.pt\/wp-content\/uploads\/2024\/06\/LogoNormal.png","width":5638,"height":809,"caption":"Jornal Terras de Basto"},"image":{"@id":"https:\/\/terrasdebasto.pt\/#\/schema\/logo\/image\/"}},{"@type":"Person","@id":"https:\/\/terrasdebasto.pt\/#\/schema\/person\/9f6739f5394ac65c802641773b278b84","name":"Jo\u00e3o Paulo Mesquita","image":{"@type":"ImageObject","inLanguage":"pt-PT","@id":"https:\/\/terrasdebasto.pt\/#\/schema\/person\/image\/","url":"https:\/\/secure.gravatar.com\/avatar\/9bd0f299e6d96336664aab64354168246a3ee3287c47891c50d450e47ed9d7f9?s=96&d=mm&r=g","contentUrl":"https:\/\/secure.gravatar.com\/avatar\/9bd0f299e6d96336664aab64354168246a3ee3287c47891c50d450e47ed9d7f9?s=96&d=mm&r=g","caption":"Jo\u00e3o Paulo Mesquita"},"url":"https:\/\/terrasdebasto.pt\/?author=7"}]}},"_links":{"self":[{"href":"https:\/\/terrasdebasto.pt\/index.php?rest_route=\/wp\/v2\/posts\/4477","targetHints":{"allow":["GET"]}}],"collection":[{"href":"https:\/\/terrasdebasto.pt\/index.php?rest_route=\/wp\/v2\/posts"}],"about":[{"href":"https:\/\/terrasdebasto.pt\/index.php?rest_route=\/wp\/v2\/types\/post"}],"author":[{"embeddable":true,"href":"https:\/\/terrasdebasto.pt\/index.php?rest_route=\/wp\/v2\/users\/7"}],"replies":[{"embeddable":true,"href":"https:\/\/terrasdebasto.pt\/index.php?rest_route=%2Fwp%2Fv2%2Fcomments&post=4477"}],"version-history":[{"count":1,"href":"https:\/\/terrasdebasto.pt\/index.php?rest_route=\/wp\/v2\/posts\/4477\/revisions"}],"predecessor-version":[{"id":4479,"href":"https:\/\/terrasdebasto.pt\/index.php?rest_route=\/wp\/v2\/posts\/4477\/revisions\/4479"}],"wp:featuredmedia":[{"embeddable":true,"href":"https:\/\/terrasdebasto.pt\/index.php?rest_route=\/wp\/v2\/media\/4478"}],"wp:attachment":[{"href":"https:\/\/terrasdebasto.pt\/index.php?rest_route=%2Fwp%2Fv2%2Fmedia&parent=4477"}],"wp:term":[{"taxonomy":"category","embeddable":true,"href":"https:\/\/terrasdebasto.pt\/index.php?rest_route=%2Fwp%2Fv2%2Fcategories&post=4477"},{"taxonomy":"post_tag","embeddable":true,"href":"https:\/\/terrasdebasto.pt\/index.php?rest_route=%2Fwp%2Fv2%2Ftags&post=4477"}],"curies":[{"name":"wp","href":"https:\/\/api.w.org\/{rel}","templated":true}]}}