{"id":4468,"date":"2025-10-22T13:51:44","date_gmt":"2025-10-22T13:51:44","guid":{"rendered":"https:\/\/terrasdebasto.pt\/?p=4468"},"modified":"2025-10-22T13:51:44","modified_gmt":"2025-10-22T13:51:44","slug":"ribeira-de-pena-limpa-bermas","status":"publish","type":"post","link":"https:\/\/terrasdebasto.pt\/?p=4468","title":{"rendered":"Ribeira de Pena limpa bermas"},"content":{"rendered":"\n<p>Uma brigada de sapadores florestais da Comunidade Intermunicipal do Alto T\u00e2mega e Barroso est\u00e1 a proceder \u00e0 manuten\u00e7\u00e3o das faixas de gest\u00e3o de combust\u00edvel em Ribeira de Pena, anunciou fonte municipal.<\/p>\n\n\n\n<p>Os trabalhos de silvicultura preventiva iniciaram-se na freguesia de Canedo e v\u00e3o prolongar-se ao longo da Estrada Municipal 312.<\/p>\n\n\n\n<p>\u00abA interven\u00e7\u00e3o visa diminuir a carga de combust\u00edvel, criando zonas de descontinuidade horizontal e vertical da vegeta\u00e7\u00e3o, que contribuem para a compartimenta\u00e7\u00e3o do territ\u00f3rio, permitindo um combate com mais efici\u00eancia e seguran\u00e7a, em caso de inc\u00eandio rural\u00bb, diz a fonte.<\/p>\n\n\n\n<figure class=\"wp-block-gallery has-nested-images columns-default is-cropped wp-block-gallery-1 is-layout-flex wp-block-gallery-is-layout-flex\">\n<figure class=\"wp-block-image size-large\"><img loading=\"lazy\" decoding=\"async\" width=\"1024\" height=\"622\" data-id=\"4470\" src=\"https:\/\/terrasdebasto.pt\/wp-content\/uploads\/2025\/10\/FAIXAS-DE-GESTAO-RIBEIRA-DE-PENA-02-1024x622.jpg\" alt=\"\" class=\"wp-image-4470\" srcset=\"https:\/\/terrasdebasto.pt\/wp-content\/uploads\/2025\/10\/FAIXAS-DE-GESTAO-RIBEIRA-DE-PENA-02-1024x622.jpg 1024w, https:\/\/terrasdebasto.pt\/wp-content\/uploads\/2025\/10\/FAIXAS-DE-GESTAO-RIBEIRA-DE-PENA-02-300x182.jpg 300w, https:\/\/terrasdebasto.pt\/wp-content\/uploads\/2025\/10\/FAIXAS-DE-GESTAO-RIBEIRA-DE-PENA-02-768x466.jpg 768w, https:\/\/terrasdebasto.pt\/wp-content\/uploads\/2025\/10\/FAIXAS-DE-GESTAO-RIBEIRA-DE-PENA-02-1536x932.jpg 1536w, https:\/\/terrasdebasto.pt\/wp-content\/uploads\/2025\/10\/FAIXAS-DE-GESTAO-RIBEIRA-DE-PENA-02-150x91.jpg 150w, https:\/\/terrasdebasto.pt\/wp-content\/uploads\/2025\/10\/FAIXAS-DE-GESTAO-RIBEIRA-DE-PENA-02-696x422.jpg 696w, https:\/\/terrasdebasto.pt\/wp-content\/uploads\/2025\/10\/FAIXAS-DE-GESTAO-RIBEIRA-DE-PENA-02-1068x648.jpg 1068w, https:\/\/terrasdebasto.pt\/wp-content\/uploads\/2025\/10\/FAIXAS-DE-GESTAO-RIBEIRA-DE-PENA-02-1920x1165.jpg 1920w, https:\/\/terrasdebasto.pt\/wp-content\/uploads\/2025\/10\/FAIXAS-DE-GESTAO-RIBEIRA-DE-PENA-02.jpg 1982w\" sizes=\"auto, (max-width: 1024px) 100vw, 1024px\" \/><\/figure>\n\n\n\n<figure class=\"wp-block-image size-large\"><img loading=\"lazy\" decoding=\"async\" width=\"1024\" height=\"656\" data-id=\"4471\" src=\"https:\/\/terrasdebasto.pt\/wp-content\/uploads\/2025\/10\/FAIXAS-DE-GESTAO-RIBEIRA-DE-PENA-03-1024x656.jpg\" alt=\"\" class=\"wp-image-4471\" srcset=\"https:\/\/terrasdebasto.pt\/wp-content\/uploads\/2025\/10\/FAIXAS-DE-GESTAO-RIBEIRA-DE-PENA-03-1024x656.jpg 1024w, https:\/\/terrasdebasto.pt\/wp-content\/uploads\/2025\/10\/FAIXAS-DE-GESTAO-RIBEIRA-DE-PENA-03-300x192.jpg 300w, https:\/\/terrasdebasto.pt\/wp-content\/uploads\/2025\/10\/FAIXAS-DE-GESTAO-RIBEIRA-DE-PENA-03-768x492.jpg 768w, https:\/\/terrasdebasto.pt\/wp-content\/uploads\/2025\/10\/FAIXAS-DE-GESTAO-RIBEIRA-DE-PENA-03-1536x985.jpg 1536w, https:\/\/terrasdebasto.pt\/wp-content\/uploads\/2025\/10\/FAIXAS-DE-GESTAO-RIBEIRA-DE-PENA-03-150x96.jpg 150w, https:\/\/terrasdebasto.pt\/wp-content\/uploads\/2025\/10\/FAIXAS-DE-GESTAO-RIBEIRA-DE-PENA-03-696x446.jpg 696w, https:\/\/terrasdebasto.pt\/wp-content\/uploads\/2025\/10\/FAIXAS-DE-GESTAO-RIBEIRA-DE-PENA-03-1068x685.jpg 1068w, https:\/\/terrasdebasto.pt\/wp-content\/uploads\/2025\/10\/FAIXAS-DE-GESTAO-RIBEIRA-DE-PENA-03.jpg 1839w\" sizes=\"auto, (max-width: 1024px) 100vw, 1024px\" \/><\/figure>\n\n\n\n<figure class=\"wp-block-image size-large\"><img loading=\"lazy\" decoding=\"async\" width=\"1024\" height=\"655\" data-id=\"4472\" src=\"https:\/\/terrasdebasto.pt\/wp-content\/uploads\/2025\/10\/FAIXAS-DE-GESTAO-RIBEIRA-DE-PENA-04-1024x655.jpg\" alt=\"\" class=\"wp-image-4472\" srcset=\"https:\/\/terrasdebasto.pt\/wp-content\/uploads\/2025\/10\/FAIXAS-DE-GESTAO-RIBEIRA-DE-PENA-04-1024x655.jpg 1024w, https:\/\/terrasdebasto.pt\/wp-content\/uploads\/2025\/10\/FAIXAS-DE-GESTAO-RIBEIRA-DE-PENA-04-300x192.jpg 300w, https:\/\/terrasdebasto.pt\/wp-content\/uploads\/2025\/10\/FAIXAS-DE-GESTAO-RIBEIRA-DE-PENA-04-768x492.jpg 768w, https:\/\/terrasdebasto.pt\/wp-content\/uploads\/2025\/10\/FAIXAS-DE-GESTAO-RIBEIRA-DE-PENA-04-1536x983.jpg 1536w, https:\/\/terrasdebasto.pt\/wp-content\/uploads\/2025\/10\/FAIXAS-DE-GESTAO-RIBEIRA-DE-PENA-04-150x96.jpg 150w, https:\/\/terrasdebasto.pt\/wp-content\/uploads\/2025\/10\/FAIXAS-DE-GESTAO-RIBEIRA-DE-PENA-04-696x445.jpg 696w, https:\/\/terrasdebasto.pt\/wp-content\/uploads\/2025\/10\/FAIXAS-DE-GESTAO-RIBEIRA-DE-PENA-04-1068x683.jpg 1068w, https:\/\/terrasdebasto.pt\/wp-content\/uploads\/2025\/10\/FAIXAS-DE-GESTAO-RIBEIRA-DE-PENA-04.jpg 1911w\" sizes=\"auto, (max-width: 1024px) 100vw, 1024px\" \/><\/figure>\n\n\n\n<figure class=\"wp-block-image size-large\"><img loading=\"lazy\" decoding=\"async\" width=\"1024\" height=\"650\" data-id=\"4473\" src=\"https:\/\/terrasdebasto.pt\/wp-content\/uploads\/2025\/10\/FAIXAS-DE-GESTAO-RIBEIRA-DE-PENA-05-1024x650.jpg\" alt=\"\" class=\"wp-image-4473\" srcset=\"https:\/\/terrasdebasto.pt\/wp-content\/uploads\/2025\/10\/FAIXAS-DE-GESTAO-RIBEIRA-DE-PENA-05-1024x650.jpg 1024w, https:\/\/terrasdebasto.pt\/wp-content\/uploads\/2025\/10\/FAIXAS-DE-GESTAO-RIBEIRA-DE-PENA-05-300x190.jpg 300w, https:\/\/terrasdebasto.pt\/wp-content\/uploads\/2025\/10\/FAIXAS-DE-GESTAO-RIBEIRA-DE-PENA-05-768x487.jpg 768w, https:\/\/terrasdebasto.pt\/wp-content\/uploads\/2025\/10\/FAIXAS-DE-GESTAO-RIBEIRA-DE-PENA-05-1536x974.jpg 1536w, https:\/\/terrasdebasto.pt\/wp-content\/uploads\/2025\/10\/FAIXAS-DE-GESTAO-RIBEIRA-DE-PENA-05-150x95.jpg 150w, https:\/\/terrasdebasto.pt\/wp-content\/uploads\/2025\/10\/FAIXAS-DE-GESTAO-RIBEIRA-DE-PENA-05-696x441.jpg 696w, https:\/\/terrasdebasto.pt\/wp-content\/uploads\/2025\/10\/FAIXAS-DE-GESTAO-RIBEIRA-DE-PENA-05-1068x677.jpg 1068w, https:\/\/terrasdebasto.pt\/wp-content\/uploads\/2025\/10\/FAIXAS-DE-GESTAO-RIBEIRA-DE-PENA-05-1920x1218.jpg 1920w, https:\/\/terrasdebasto.pt\/wp-content\/uploads\/2025\/10\/FAIXAS-DE-GESTAO-RIBEIRA-DE-PENA-05.jpg 2048w\" sizes=\"auto, (max-width: 1024px) 100vw, 1024px\" \/><\/figure>\n<\/figure>\n","protected":false},"excerpt":{"rendered":"<p>Uma brigada de sapadores florestais da Comunidade Intermunicipal do Alto T\u00e2mega e Barroso est\u00e1 a proceder \u00e0 manuten\u00e7\u00e3o das faixas de gest\u00e3o de combust\u00edvel em Ribeira de Pena, anunciou fonte municipal. Os trabalhos de silvicultura preventiva iniciaram-se na freguesia de Canedo e v\u00e3o prolongar-se ao longo da Estrada Municipal 312. \u00abA interven\u00e7\u00e3o visa diminuir a [&hellip;]<\/p>\n","protected":false},"author":7,"featured_media":4469,"comment_status":"open","ping_status":"open","sticky":false,"template":"","format":"standard","meta":{"footnotes":""},"categories":[26,9],"tags":[987,986,56],"class_list":{"0":"post-4468","1":"post","2":"type-post","3":"status-publish","4":"format-standard","5":"has-post-thumbnail","7":"category-ribeira-de-pena","8":"category-terras-de-basto","9":"tag-bermas","10":"tag-limpeza-das-faixas-de-combustao","11":"tag-ribeira-de-pena"},"yoast_head":"<!-- This site is optimized with the Yoast SEO plugin v25.7 - https:\/\/yoast.com\/wordpress\/plugins\/seo\/ -->\n<title>Ribeira de Pena limpa bermas - Jornal Terras de Basto<\/title>\n<meta name=\"description\" content=\"Uma brigada de sapadores florestais da Comunidade Intermunicipal do Alto T\u00e2mega e Barroso est\u00e1 a proceder \u00e0 manuten\u00e7\u00e3o das faixas de gest\u00e3o de combust\u00edvel em Ribeira de Pena, anunciou fonte municipal.\" \/>\n<meta name=\"robots\" content=\"index, follow, max-snippet:-1, max-image-preview:large, max-video-preview:-1\" \/>\n<link rel=\"canonical\" href=\"https:\/\/terrasdebasto.pt\/?p=4468\" \/>\n<meta property=\"og:locale\" content=\"pt_PT\" \/>\n<meta property=\"og:type\" content=\"article\" \/>\n<meta property=\"og:title\" content=\"Ribeira de Pena limpa bermas - Jornal Terras de Basto\" \/>\n<meta property=\"og:description\" content=\"Uma brigada de sapadores florestais da Comunidade Intermunicipal do Alto T\u00e2mega e Barroso est\u00e1 a proceder \u00e0 manuten\u00e7\u00e3o das faixas de gest\u00e3o de combust\u00edvel em Ribeira de Pena, anunciou fonte municipal.\" \/>\n<meta property=\"og:url\" content=\"https:\/\/terrasdebasto.pt\/?p=4468\" \/>\n<meta property=\"og:site_name\" content=\"Jornal Terras de Basto\" \/>\n<meta property=\"article:published_time\" content=\"2025-10-22T13:51:44+00:00\" \/>\n<meta property=\"og:image\" content=\"https:\/\/terrasdebasto.pt\/wp-content\/uploads\/2025\/10\/FAIXAS-DE-GESTAO-RIBEIRA-DE-PENA-01.jpg\" \/>\n\t<meta property=\"og:image:width\" content=\"1807\" \/>\n\t<meta property=\"og:image:height\" content=\"1183\" \/>\n\t<meta property=\"og:image:type\" content=\"image\/jpeg\" \/>\n<meta name=\"author\" content=\"Jo\u00e3o Paulo Mesquita\" \/>\n<meta name=\"twitter:card\" content=\"summary_large_image\" \/>\n<meta name=\"twitter:label1\" content=\"Escrito por\" \/>\n\t<meta name=\"twitter:data1\" content=\"Jo\u00e3o Paulo Mesquita\" \/>\n\t<meta name=\"twitter:label2\" content=\"Tempo estimado de leitura\" \/>\n\t<meta name=\"twitter:data2\" content=\"2 minutos\" \/>\n<script type=\"application\/ld+json\" class=\"yoast-schema-graph\">{\"@context\":\"https:\/\/schema.org\",\"@graph\":[{\"@type\":\"Article\",\"@id\":\"https:\/\/terrasdebasto.pt\/?p=4468#article\",\"isPartOf\":{\"@id\":\"https:\/\/terrasdebasto.pt\/?p=4468\"},\"author\":{\"name\":\"Jo\u00e3o Paulo Mesquita\",\"@id\":\"https:\/\/terrasdebasto.pt\/#\/schema\/person\/9f6739f5394ac65c802641773b278b84\"},\"headline\":\"Ribeira de Pena limpa bermas\",\"datePublished\":\"2025-10-22T13:51:44+00:00\",\"mainEntityOfPage\":{\"@id\":\"https:\/\/terrasdebasto.pt\/?p=4468\"},\"wordCount\":106,\"commentCount\":0,\"publisher\":{\"@id\":\"https:\/\/terrasdebasto.pt\/#organization\"},\"image\":{\"@id\":\"https:\/\/terrasdebasto.pt\/?p=4468#primaryimage\"},\"thumbnailUrl\":\"https:\/\/terrasdebasto.pt\/wp-content\/uploads\/2025\/10\/FAIXAS-DE-GESTAO-RIBEIRA-DE-PENA-01.jpg\",\"keywords\":[\"Bermas\",\"Limpeza das Faixas de Combust\u00e3o\",\"Ribeira de Pena\"],\"articleSection\":[\"Ribeira de Pena\",\"Terras de Basto\"],\"inLanguage\":\"pt-PT\",\"potentialAction\":[{\"@type\":\"CommentAction\",\"name\":\"Comment\",\"target\":[\"https:\/\/terrasdebasto.pt\/?p=4468#respond\"]}]},{\"@type\":\"WebPage\",\"@id\":\"https:\/\/terrasdebasto.pt\/?p=4468\",\"url\":\"https:\/\/terrasdebasto.pt\/?p=4468\",\"name\":\"Ribeira de Pena limpa bermas - Jornal Terras de Basto\",\"isPartOf\":{\"@id\":\"https:\/\/terrasdebasto.pt\/#website\"},\"primaryImageOfPage\":{\"@id\":\"https:\/\/terrasdebasto.pt\/?p=4468#primaryimage\"},\"image\":{\"@id\":\"https:\/\/terrasdebasto.pt\/?p=4468#primaryimage\"},\"thumbnailUrl\":\"https:\/\/terrasdebasto.pt\/wp-content\/uploads\/2025\/10\/FAIXAS-DE-GESTAO-RIBEIRA-DE-PENA-01.jpg\",\"datePublished\":\"2025-10-22T13:51:44+00:00\",\"description\":\"Uma brigada de sapadores florestais da Comunidade Intermunicipal do Alto T\u00e2mega e Barroso est\u00e1 a proceder \u00e0 manuten\u00e7\u00e3o das faixas de gest\u00e3o de combust\u00edvel em Ribeira de Pena, anunciou fonte municipal.\",\"breadcrumb\":{\"@id\":\"https:\/\/terrasdebasto.pt\/?p=4468#breadcrumb\"},\"inLanguage\":\"pt-PT\",\"potentialAction\":[{\"@type\":\"ReadAction\",\"target\":[\"https:\/\/terrasdebasto.pt\/?p=4468\"]}]},{\"@type\":\"ImageObject\",\"inLanguage\":\"pt-PT\",\"@id\":\"https:\/\/terrasdebasto.pt\/?p=4468#primaryimage\",\"url\":\"https:\/\/terrasdebasto.pt\/wp-content\/uploads\/2025\/10\/FAIXAS-DE-GESTAO-RIBEIRA-DE-PENA-01.jpg\",\"contentUrl\":\"https:\/\/terrasdebasto.pt\/wp-content\/uploads\/2025\/10\/FAIXAS-DE-GESTAO-RIBEIRA-DE-PENA-01.jpg\",\"width\":1807,\"height\":1183},{\"@type\":\"BreadcrumbList\",\"@id\":\"https:\/\/terrasdebasto.pt\/?p=4468#breadcrumb\",\"itemListElement\":[{\"@type\":\"ListItem\",\"position\":1,\"name\":\"In\u00edcio\",\"item\":\"https:\/\/terrasdebasto.pt\/\"},{\"@type\":\"ListItem\",\"position\":2,\"name\":\"Ribeira de Pena limpa bermas\"}]},{\"@type\":\"WebSite\",\"@id\":\"https:\/\/terrasdebasto.pt\/#website\",\"url\":\"https:\/\/terrasdebasto.pt\/\",\"name\":\"Jornal Terras de Basto\",\"description\":\"\",\"publisher\":{\"@id\":\"https:\/\/terrasdebasto.pt\/#organization\"},\"potentialAction\":[{\"@type\":\"SearchAction\",\"target\":{\"@type\":\"EntryPoint\",\"urlTemplate\":\"https:\/\/terrasdebasto.pt\/?s={search_term_string}\"},\"query-input\":{\"@type\":\"PropertyValueSpecification\",\"valueRequired\":true,\"valueName\":\"search_term_string\"}}],\"inLanguage\":\"pt-PT\"},{\"@type\":\"Organization\",\"@id\":\"https:\/\/terrasdebasto.pt\/#organization\",\"name\":\"Jornal Terras de Basto\",\"url\":\"https:\/\/terrasdebasto.pt\/\",\"logo\":{\"@type\":\"ImageObject\",\"inLanguage\":\"pt-PT\",\"@id\":\"https:\/\/terrasdebasto.pt\/#\/schema\/logo\/image\/\",\"url\":\"https:\/\/terrasdebasto.pt\/wp-content\/uploads\/2024\/06\/LogoNormal.png\",\"contentUrl\":\"https:\/\/terrasdebasto.pt\/wp-content\/uploads\/2024\/06\/LogoNormal.png\",\"width\":5638,\"height\":809,\"caption\":\"Jornal Terras de Basto\"},\"image\":{\"@id\":\"https:\/\/terrasdebasto.pt\/#\/schema\/logo\/image\/\"}},{\"@type\":\"Person\",\"@id\":\"https:\/\/terrasdebasto.pt\/#\/schema\/person\/9f6739f5394ac65c802641773b278b84\",\"name\":\"Jo\u00e3o Paulo Mesquita\",\"image\":{\"@type\":\"ImageObject\",\"inLanguage\":\"pt-PT\",\"@id\":\"https:\/\/terrasdebasto.pt\/#\/schema\/person\/image\/\",\"url\":\"https:\/\/secure.gravatar.com\/avatar\/9bd0f299e6d96336664aab64354168246a3ee3287c47891c50d450e47ed9d7f9?s=96&d=mm&r=g\",\"contentUrl\":\"https:\/\/secure.gravatar.com\/avatar\/9bd0f299e6d96336664aab64354168246a3ee3287c47891c50d450e47ed9d7f9?s=96&d=mm&r=g\",\"caption\":\"Jo\u00e3o Paulo Mesquita\"},\"url\":\"https:\/\/terrasdebasto.pt\/?author=7\"}]}<\/script>\n<!-- \/ Yoast SEO plugin. -->","yoast_head_json":{"title":"Ribeira de Pena limpa bermas - Jornal Terras de Basto","description":"Uma brigada de sapadores florestais da Comunidade Intermunicipal do Alto T\u00e2mega e Barroso est\u00e1 a proceder \u00e0 manuten\u00e7\u00e3o das faixas de gest\u00e3o de combust\u00edvel em Ribeira de Pena, anunciou fonte municipal.","robots":{"index":"index","follow":"follow","max-snippet":"max-snippet:-1","max-image-preview":"max-image-preview:large","max-video-preview":"max-video-preview:-1"},"canonical":"https:\/\/terrasdebasto.pt\/?p=4468","og_locale":"pt_PT","og_type":"article","og_title":"Ribeira de Pena limpa bermas - Jornal Terras de Basto","og_description":"Uma brigada de sapadores florestais da Comunidade Intermunicipal do Alto T\u00e2mega e Barroso est\u00e1 a proceder \u00e0 manuten\u00e7\u00e3o das faixas de gest\u00e3o de combust\u00edvel em Ribeira de Pena, anunciou fonte municipal.","og_url":"https:\/\/terrasdebasto.pt\/?p=4468","og_site_name":"Jornal Terras de Basto","article_published_time":"2025-10-22T13:51:44+00:00","og_image":[{"width":1807,"height":1183,"url":"https:\/\/terrasdebasto.pt\/wp-content\/uploads\/2025\/10\/FAIXAS-DE-GESTAO-RIBEIRA-DE-PENA-01.jpg","type":"image\/jpeg"}],"author":"Jo\u00e3o Paulo Mesquita","twitter_card":"summary_large_image","twitter_misc":{"Escrito por":"Jo\u00e3o Paulo Mesquita","Tempo estimado de leitura":"2 minutos"},"schema":{"@context":"https:\/\/schema.org","@graph":[{"@type":"Article","@id":"https:\/\/terrasdebasto.pt\/?p=4468#article","isPartOf":{"@id":"https:\/\/terrasdebasto.pt\/?p=4468"},"author":{"name":"Jo\u00e3o Paulo Mesquita","@id":"https:\/\/terrasdebasto.pt\/#\/schema\/person\/9f6739f5394ac65c802641773b278b84"},"headline":"Ribeira de Pena limpa bermas","datePublished":"2025-10-22T13:51:44+00:00","mainEntityOfPage":{"@id":"https:\/\/terrasdebasto.pt\/?p=4468"},"wordCount":106,"commentCount":0,"publisher":{"@id":"https:\/\/terrasdebasto.pt\/#organization"},"image":{"@id":"https:\/\/terrasdebasto.pt\/?p=4468#primaryimage"},"thumbnailUrl":"https:\/\/terrasdebasto.pt\/wp-content\/uploads\/2025\/10\/FAIXAS-DE-GESTAO-RIBEIRA-DE-PENA-01.jpg","keywords":["Bermas","Limpeza das Faixas de Combust\u00e3o","Ribeira de Pena"],"articleSection":["Ribeira de Pena","Terras de Basto"],"inLanguage":"pt-PT","potentialAction":[{"@type":"CommentAction","name":"Comment","target":["https:\/\/terrasdebasto.pt\/?p=4468#respond"]}]},{"@type":"WebPage","@id":"https:\/\/terrasdebasto.pt\/?p=4468","url":"https:\/\/terrasdebasto.pt\/?p=4468","name":"Ribeira de Pena limpa bermas - Jornal Terras de Basto","isPartOf":{"@id":"https:\/\/terrasdebasto.pt\/#website"},"primaryImageOfPage":{"@id":"https:\/\/terrasdebasto.pt\/?p=4468#primaryimage"},"image":{"@id":"https:\/\/terrasdebasto.pt\/?p=4468#primaryimage"},"thumbnailUrl":"https:\/\/terrasdebasto.pt\/wp-content\/uploads\/2025\/10\/FAIXAS-DE-GESTAO-RIBEIRA-DE-PENA-01.jpg","datePublished":"2025-10-22T13:51:44+00:00","description":"Uma brigada de sapadores florestais da Comunidade Intermunicipal do Alto T\u00e2mega e Barroso est\u00e1 a proceder \u00e0 manuten\u00e7\u00e3o das faixas de gest\u00e3o de combust\u00edvel em Ribeira de Pena, anunciou fonte municipal.","breadcrumb":{"@id":"https:\/\/terrasdebasto.pt\/?p=4468#breadcrumb"},"inLanguage":"pt-PT","potentialAction":[{"@type":"ReadAction","target":["https:\/\/terrasdebasto.pt\/?p=4468"]}]},{"@type":"ImageObject","inLanguage":"pt-PT","@id":"https:\/\/terrasdebasto.pt\/?p=4468#primaryimage","url":"https:\/\/terrasdebasto.pt\/wp-content\/uploads\/2025\/10\/FAIXAS-DE-GESTAO-RIBEIRA-DE-PENA-01.jpg","contentUrl":"https:\/\/terrasdebasto.pt\/wp-content\/uploads\/2025\/10\/FAIXAS-DE-GESTAO-RIBEIRA-DE-PENA-01.jpg","width":1807,"height":1183},{"@type":"BreadcrumbList","@id":"https:\/\/terrasdebasto.pt\/?p=4468#breadcrumb","itemListElement":[{"@type":"ListItem","position":1,"name":"In\u00edcio","item":"https:\/\/terrasdebasto.pt\/"},{"@type":"ListItem","position":2,"name":"Ribeira de Pena limpa bermas"}]},{"@type":"WebSite","@id":"https:\/\/terrasdebasto.pt\/#website","url":"https:\/\/terrasdebasto.pt\/","name":"Jornal Terras de Basto","description":"","publisher":{"@id":"https:\/\/terrasdebasto.pt\/#organization"},"potentialAction":[{"@type":"SearchAction","target":{"@type":"EntryPoint","urlTemplate":"https:\/\/terrasdebasto.pt\/?s={search_term_string}"},"query-input":{"@type":"PropertyValueSpecification","valueRequired":true,"valueName":"search_term_string"}}],"inLanguage":"pt-PT"},{"@type":"Organization","@id":"https:\/\/terrasdebasto.pt\/#organization","name":"Jornal Terras de Basto","url":"https:\/\/terrasdebasto.pt\/","logo":{"@type":"ImageObject","inLanguage":"pt-PT","@id":"https:\/\/terrasdebasto.pt\/#\/schema\/logo\/image\/","url":"https:\/\/terrasdebasto.pt\/wp-content\/uploads\/2024\/06\/LogoNormal.png","contentUrl":"https:\/\/terrasdebasto.pt\/wp-content\/uploads\/2024\/06\/LogoNormal.png","width":5638,"height":809,"caption":"Jornal Terras de Basto"},"image":{"@id":"https:\/\/terrasdebasto.pt\/#\/schema\/logo\/image\/"}},{"@type":"Person","@id":"https:\/\/terrasdebasto.pt\/#\/schema\/person\/9f6739f5394ac65c802641773b278b84","name":"Jo\u00e3o Paulo Mesquita","image":{"@type":"ImageObject","inLanguage":"pt-PT","@id":"https:\/\/terrasdebasto.pt\/#\/schema\/person\/image\/","url":"https:\/\/secure.gravatar.com\/avatar\/9bd0f299e6d96336664aab64354168246a3ee3287c47891c50d450e47ed9d7f9?s=96&d=mm&r=g","contentUrl":"https:\/\/secure.gravatar.com\/avatar\/9bd0f299e6d96336664aab64354168246a3ee3287c47891c50d450e47ed9d7f9?s=96&d=mm&r=g","caption":"Jo\u00e3o Paulo Mesquita"},"url":"https:\/\/terrasdebasto.pt\/?author=7"}]}},"_links":{"self":[{"href":"https:\/\/terrasdebasto.pt\/index.php?rest_route=\/wp\/v2\/posts\/4468","targetHints":{"allow":["GET"]}}],"collection":[{"href":"https:\/\/terrasdebasto.pt\/index.php?rest_route=\/wp\/v2\/posts"}],"about":[{"href":"https:\/\/terrasdebasto.pt\/index.php?rest_route=\/wp\/v2\/types\/post"}],"author":[{"embeddable":true,"href":"https:\/\/terrasdebasto.pt\/index.php?rest_route=\/wp\/v2\/users\/7"}],"replies":[{"embeddable":true,"href":"https:\/\/terrasdebasto.pt\/index.php?rest_route=%2Fwp%2Fv2%2Fcomments&post=4468"}],"version-history":[{"count":1,"href":"https:\/\/terrasdebasto.pt\/index.php?rest_route=\/wp\/v2\/posts\/4468\/revisions"}],"predecessor-version":[{"id":4474,"href":"https:\/\/terrasdebasto.pt\/index.php?rest_route=\/wp\/v2\/posts\/4468\/revisions\/4474"}],"wp:featuredmedia":[{"embeddable":true,"href":"https:\/\/terrasdebasto.pt\/index.php?rest_route=\/wp\/v2\/media\/4469"}],"wp:attachment":[{"href":"https:\/\/terrasdebasto.pt\/index.php?rest_route=%2Fwp%2Fv2%2Fmedia&parent=4468"}],"wp:term":[{"taxonomy":"category","embeddable":true,"href":"https:\/\/terrasdebasto.pt\/index.php?rest_route=%2Fwp%2Fv2%2Fcategories&post=4468"},{"taxonomy":"post_tag","embeddable":true,"href":"https:\/\/terrasdebasto.pt\/index.php?rest_route=%2Fwp%2Fv2%2Ftags&post=4468"}],"curies":[{"name":"wp","href":"https:\/\/api.w.org\/{rel}","templated":true}]}}