{"id":4452,"date":"2025-10-22T12:08:37","date_gmt":"2025-10-22T12:08:37","guid":{"rendered":"https:\/\/terrasdebasto.pt\/?p=4452"},"modified":"2025-10-22T12:08:38","modified_gmt":"2025-10-22T12:08:38","slug":"quinta-da-chouza-espumante-de-basto-com-alma-de-rio","status":"publish","type":"post","link":"https:\/\/terrasdebasto.pt\/?p=4452","title":{"rendered":"Quinta da Chouza: espumante de Basto com alma de rio"},"content":{"rendered":"\n<p><strong>Na Quinta da Chouza, em Fermil de Basto, a marca \u201cCh\u00e3o do Rio\u201d faz do m\u00e9todo cl\u00e1ssico uma afirma\u00e7\u00e3o do \u201cterroir\u201d. Arinto, padeiro e paci\u00eancia: vinhos de prova e de lugar.<\/strong><\/p>\n\n\n\n<figure class=\"wp-block-gallery has-nested-images columns-default is-cropped wp-block-gallery-1 is-layout-flex wp-block-gallery-is-layout-flex\">\n<figure class=\"wp-block-image size-large\"><img loading=\"lazy\" decoding=\"async\" width=\"1024\" height=\"683\" data-id=\"4453\" src=\"https:\/\/terrasdebasto.pt\/wp-content\/uploads\/2025\/10\/FOTO-02-1024x683.jpg\" alt=\"\" class=\"wp-image-4453\" srcset=\"https:\/\/terrasdebasto.pt\/wp-content\/uploads\/2025\/10\/FOTO-02-1024x683.jpg 1024w, https:\/\/terrasdebasto.pt\/wp-content\/uploads\/2025\/10\/FOTO-02-300x200.jpg 300w, https:\/\/terrasdebasto.pt\/wp-content\/uploads\/2025\/10\/FOTO-02-768x512.jpg 768w, https:\/\/terrasdebasto.pt\/wp-content\/uploads\/2025\/10\/FOTO-02-1536x1024.jpg 1536w, https:\/\/terrasdebasto.pt\/wp-content\/uploads\/2025\/10\/FOTO-02-2048x1365.jpg 2048w, https:\/\/terrasdebasto.pt\/wp-content\/uploads\/2025\/10\/FOTO-02-150x100.jpg 150w, https:\/\/terrasdebasto.pt\/wp-content\/uploads\/2025\/10\/FOTO-02-696x464.jpg 696w, https:\/\/terrasdebasto.pt\/wp-content\/uploads\/2025\/10\/FOTO-02-1068x712.jpg 1068w, https:\/\/terrasdebasto.pt\/wp-content\/uploads\/2025\/10\/FOTO-02-1920x1280.jpg 1920w\" sizes=\"auto, (max-width: 1024px) 100vw, 1024px\" \/><\/figure>\n<\/figure>\n\n\n\n<p><\/p>\n\n\n\n<p>Por <strong>Ana Margarida Pereira<\/strong><\/p>\n\n\n\n<p><br>Entre um ribeiro de \u00e1guas claras, dois moinhos recuperados e uma pequena praia que pede p\u00e9s descal\u00e7os, nasce um espumante com sotaque de Basto. Na Quinta da Chouza, a marca \u201cCh\u00e3o do Rio\u201d transformou a geografia em r\u00f3tulo e o tempo em m\u00e9todo. S\u00e3o vinhos brancos e espumantes que estagiam meses, por vezes anos, at\u00e9 chegarem \u00e0 mesa. \u00abQuero um espumante de lugar, mais de mesa do que de festa\u00bb, resume o engenheiro-agr\u00f3nomo Francisco Paulo Oliveira, enquanto aponta a casa-moinho que inspirou o nome e a imagem da marca.<\/p>\n\n\n\n<p>O nome veio da terra, literalmente. \u00abA marca \u201cCh\u00e3o do Rio\u201d nasceu da nossa pequena praia fluvial. O r\u00f3tulo mostra a casa-moinho e a m\u00f3, que lembram esse passado\u00bb, conta. O batismo cristaliza uma paisagem: o ribeiro que atravessa a propriedade, as quedas de \u00e1gua, as lagoas, a sombra generosa das \u00e1rvores, um cen\u00e1rio que acolhe hoje a sala de provas e d\u00e1 sentido ao enoturismo.<\/p>\n\n\n\n<p>A Quinta da Chouza \u00e9 um projeto autoral, feito do zero. N\u00e3o h\u00e1 heran\u00e7as agr\u00edcolas, nem um cat\u00e1logo de vinhas compradas a terceiros. \u00abA quinta \u00e9 um projeto exclusivamente meu\u00bb. A viticultura \u00e9 concentrada e controlada: 2,5 hectares de vinha, uva pr\u00f3pria e transforma\u00e7\u00e3o na adega da casa. \u00abH\u00e1 anos em que produzo mais, outros menos. A escala \u00e9 pequena por op\u00e7\u00e3o\u00bb, explica.<\/p>\n\n\n\n<p>O portef\u00f3lio come\u00e7ou com vinhos brancos e, h\u00e1 tr\u00eas anos, ganhou espumantes. Hoje \u00e9 o espumante que conduz a narrativa. A escolha das castas obedece \u00e0 sub-regi\u00e3o: Trajadura e Arinto s\u00e3o pilares, o Padeiro de Basto oferece a via ros\u00e9 e o Alvarinho entra como exce\u00e7\u00e3o consciente. \u00abFa\u00e7o quest\u00e3o de que as castas predominantes sejam as indicadas para Basto\u00bb, sublinha. O Arinto, em particular, tornou-se a espinha dorsal da bolha, pela acidez firme, pela tens\u00e3o e pela capacidade de est\u00e1gio prolongado. \u00abEscolhi o Arinto pela acidez e pela forma como aguenta anos de cave. Procuro um espumante gastron\u00f3mico\u00bb, justifica.<\/p>\n\n\n\n<figure class=\"wp-block-gallery has-nested-images columns-default is-cropped wp-block-gallery-2 is-layout-flex wp-block-gallery-is-layout-flex\">\n<figure class=\"wp-block-image size-large\"><img loading=\"lazy\" decoding=\"async\" width=\"1024\" height=\"768\" data-id=\"4454\" src=\"https:\/\/terrasdebasto.pt\/wp-content\/uploads\/2025\/10\/FOTO-01-QUINTA-DA-CHOUZA-1024x768.jpg\" alt=\"\" class=\"wp-image-4454\" srcset=\"https:\/\/terrasdebasto.pt\/wp-content\/uploads\/2025\/10\/FOTO-01-QUINTA-DA-CHOUZA-1024x768.jpg 1024w, https:\/\/terrasdebasto.pt\/wp-content\/uploads\/2025\/10\/FOTO-01-QUINTA-DA-CHOUZA-300x225.jpg 300w, https:\/\/terrasdebasto.pt\/wp-content\/uploads\/2025\/10\/FOTO-01-QUINTA-DA-CHOUZA-768x576.jpg 768w, https:\/\/terrasdebasto.pt\/wp-content\/uploads\/2025\/10\/FOTO-01-QUINTA-DA-CHOUZA-1536x1152.jpg 1536w, https:\/\/terrasdebasto.pt\/wp-content\/uploads\/2025\/10\/FOTO-01-QUINTA-DA-CHOUZA-150x113.jpg 150w, https:\/\/terrasdebasto.pt\/wp-content\/uploads\/2025\/10\/FOTO-01-QUINTA-DA-CHOUZA-696x522.jpg 696w, https:\/\/terrasdebasto.pt\/wp-content\/uploads\/2025\/10\/FOTO-01-QUINTA-DA-CHOUZA-1068x801.jpg 1068w, https:\/\/terrasdebasto.pt\/wp-content\/uploads\/2025\/10\/FOTO-01-QUINTA-DA-CHOUZA-1920x1440.jpg 1920w, https:\/\/terrasdebasto.pt\/wp-content\/uploads\/2025\/10\/FOTO-01-QUINTA-DA-CHOUZA.jpg 2048w\" sizes=\"auto, (max-width: 1024px) 100vw, 1024px\" \/><\/figure>\n<\/figure>\n\n\n\n<p>A identidade visual tamb\u00e9m conta a hist\u00f3ria. No r\u00f3tulo, a casa-moinho do alojamento e o \u00edcone da m\u00f3 resumem a mem\u00f3ria do lugar e o passado da moagem. N\u00e3o \u00e9 apenas uma imagem: \u00e9 um compromisso de transpar\u00eancia. Francisco insiste que a garrafa \u201censine\u201d quem a l\u00ea. Ano do vinho base, data da tiragem para segunda fermenta\u00e7\u00e3o, estilo definido na dosagem. \u00abNas garrafas deve dizer-se tudo o que \u00e9 essencial. Transpar\u00eancia gera confian\u00e7a\u00bb, diz.<\/p>\n\n\n\n<p>Produzir aqui \u00e9, ao mesmo tempo, neg\u00f3cio e preserva\u00e7\u00e3o. O produtor deixou a vida de consultor e formador para se dedicar aos projetos agr\u00edcolas, ao turismo e ao vinho, mas recusa separar a aventura econ\u00f3mica da miss\u00e3o cultural. Defender a sub-regi\u00e3o e as suas castas, trabalhar com o que o s\u00edtio pede, aceitar a sombra das \u00e1rvores mesmo quando custa em quantidade. \u00abA quinta vive do lugar: ribeiro, sombra, humidade. Produzimos sem rega. \u00c0s vezes com menos uva, mas com identidade\u00bb.<\/p>\n\n\n\n<p>O resultado est\u00e1 na garrafa e na cave: reservas com nove e catorze meses de est\u00e1gio e um \u201csuper reserva\u201d que dorme vinte e seis meses antes do acabamento. Pequenas s\u00e9ries, cerca de quatro mil garrafas anuais, que saem da enoteca para a mesa local e, em caixas, para v\u00e1rios pa\u00edses europeus e para os Estados Unidos. Mais do que n\u00fameros, interessa a ideia: um espumante de Basto com assinatura, nascido \u00abno Ch\u00e3o do Rio\u00bb, pensado para a mesa e fiel ao s\u00edtio que o inspira.<\/p>\n\n\n\n<figure class=\"wp-block-gallery has-nested-images columns-default is-cropped wp-block-gallery-3 is-layout-flex wp-block-gallery-is-layout-flex\">\n<figure class=\"wp-block-image size-large\"><img loading=\"lazy\" decoding=\"async\" width=\"1024\" height=\"849\" data-id=\"4455\" src=\"https:\/\/terrasdebasto.pt\/wp-content\/uploads\/2025\/10\/FOTO-03-1024x849.jpg\" alt=\"\" class=\"wp-image-4455\" srcset=\"https:\/\/terrasdebasto.pt\/wp-content\/uploads\/2025\/10\/FOTO-03-1024x849.jpg 1024w, https:\/\/terrasdebasto.pt\/wp-content\/uploads\/2025\/10\/FOTO-03-300x249.jpg 300w, https:\/\/terrasdebasto.pt\/wp-content\/uploads\/2025\/10\/FOTO-03-768x637.jpg 768w, https:\/\/terrasdebasto.pt\/wp-content\/uploads\/2025\/10\/FOTO-03-150x124.jpg 150w, https:\/\/terrasdebasto.pt\/wp-content\/uploads\/2025\/10\/FOTO-03-696x577.jpg 696w, https:\/\/terrasdebasto.pt\/wp-content\/uploads\/2025\/10\/FOTO-03-1068x886.jpg 1068w, https:\/\/terrasdebasto.pt\/wp-content\/uploads\/2025\/10\/FOTO-03.jpg 1124w\" sizes=\"auto, (max-width: 1024px) 100vw, 1024px\" \/><\/figure>\n<\/figure>\n\n\n\n<p><strong>O espumante de Basto<\/strong><\/p>\n\n\n\n<p>A aposta fez-se naturalmente. Depois de oito anos a produzir vinhos brancos, Francisco Paulo Oliveira decidiu olhar para a bolha como desafio t\u00e9cnico e caminho de futuro. \u00abO espumante \u00e9 um produto muito diferente do vinho. Espero que haja cada vez mais consumo e que as pessoas percebam que n\u00e3o serve apenas para festas. Quero que seja gastron\u00f3mico, que acompanhe a refei\u00e7\u00e3o\u00bb.<\/p>\n\n\n\n<p>Na regi\u00e3o, a tend\u00eancia \u00e9 recente, mas vis\u00edvel. \u00abH\u00e1 tr\u00eas ou quatro anos havia muito menos produtores de espumante. Hoje j\u00e1 somos mais, e ainda temos margem para crescer\u00bb. A diferen\u00e7a, explica, est\u00e1 no processo. O m\u00e9todo cl\u00e1ssico exige paci\u00eancia, cave fresca e rigor t\u00e9cnico. A cada garrafa corresponde uma segunda fermenta\u00e7\u00e3o, um est\u00e1gio prolongado e uma decis\u00e3o final sobre o estilo.<\/p>\n\n\n\n<p>O \u201cCh\u00e3o do Rio\u201d j\u00e1 se distinguiu com certifica\u00e7\u00e3o de \u00abespumante de qualidade de vinho verde\u00bb, atribu\u00edda pela Comiss\u00e3o de Viticultura da Regi\u00e3o dos Vinhos Verdes. O \u201csuper reserva\u201d, com vinte e seis meses de cave, recebeu o designativo de \u201ccolheita selecionada\u201d, distin\u00e7\u00e3o rara neste segmento.<\/p>\n\n\n\n<p>A escolha do Arinto como casta principal n\u00e3o foi por acaso. A acidez firme e a estrutura tornam-no ideal para espumantes de guarda. A convic\u00e7\u00e3o do produtor foi refor\u00e7ada por dois jovens franceses, vindos da regi\u00e3o de Bord\u00e9us, que visitaram a quinta h\u00e1 alguns anos. \u00abNa altura, tinha um vinho exclusivamente de Arinto. Eles provaram e disseram que encontravam nesta casta caracter\u00edsticas muito pr\u00f3ximas do \u201cChardonnay\u201d, base dos grandes champanhes. Foi um sinal de que estava no bom caminho\u00bb.<\/p>\n\n\n\n<p>Hoje, o portef\u00f3lio integra tr\u00eas n\u00edveis de est\u00e1gio: nove meses, catorze meses e vinte e seis meses. O Arinto domina, mas o Padeiro de Basto j\u00e1 originou dois ros\u00e9s distintos, um meio seco e um bruto natural. \u00abS\u00e3o produtos diferentes, com mais ou menos a\u00e7\u00facar, mas sempre feitos a partir do que a vinha nos d\u00e1. O objetivo \u00e9 continuar a diversificar sem perder a identidade da sub-regi\u00e3o\u00bb.<\/p>\n\n\n\n<p>A rece\u00e7\u00e3o tem sido positiva. O \u201cCh\u00e3o do Rio\u201d n\u00e3o \u00e9 produzido em grandes volumes, cerca de quatro mil garrafas por ano, mas j\u00e1 chega a mercados exigentes. Esc\u00f3cia, Fran\u00e7a, Pol\u00f3nia, Espanha, B\u00e9lgica e Estados Unidos receberam pequenos lotes. \u00abN\u00e3o sou produtor de paletes. Trabalho em caixas, em encomendas pequenas, mas tenho tido aceita\u00e7\u00e3o muito interessante. Em Fran\u00e7a, um grupo de empres\u00e1rios provou os nossos espumantes e levou duas caixas de vinte e quatro garrafas. Para mim, isso vale muito\u00bb.<\/p>\n\n\n\n<figure class=\"wp-block-gallery has-nested-images columns-default is-cropped wp-block-gallery-4 is-layout-flex wp-block-gallery-is-layout-flex\">\n<figure class=\"wp-block-image size-large\"><img loading=\"lazy\" decoding=\"async\" width=\"996\" height=\"1024\" data-id=\"4456\" src=\"https:\/\/terrasdebasto.pt\/wp-content\/uploads\/2025\/10\/FOTO-05-996x1024.jpg\" alt=\"\" class=\"wp-image-4456\" srcset=\"https:\/\/terrasdebasto.pt\/wp-content\/uploads\/2025\/10\/FOTO-05-996x1024.jpg 996w, https:\/\/terrasdebasto.pt\/wp-content\/uploads\/2025\/10\/FOTO-05-292x300.jpg 292w, https:\/\/terrasdebasto.pt\/wp-content\/uploads\/2025\/10\/FOTO-05-768x790.jpg 768w, https:\/\/terrasdebasto.pt\/wp-content\/uploads\/2025\/10\/FOTO-05-1494x1536.jpg 1494w, https:\/\/terrasdebasto.pt\/wp-content\/uploads\/2025\/10\/FOTO-05-150x154.jpg 150w, https:\/\/terrasdebasto.pt\/wp-content\/uploads\/2025\/10\/FOTO-05-300x308.jpg 300w, https:\/\/terrasdebasto.pt\/wp-content\/uploads\/2025\/10\/FOTO-05-696x715.jpg 696w, https:\/\/terrasdebasto.pt\/wp-content\/uploads\/2025\/10\/FOTO-05-1068x1098.jpg 1068w, https:\/\/terrasdebasto.pt\/wp-content\/uploads\/2025\/10\/FOTO-05.jpg 1500w\" sizes=\"auto, (max-width: 996px) 100vw, 996px\" \/><\/figure>\n<\/figure>\n\n\n\n<p><strong>M\u00e9todo e cave<\/strong><\/p>\n\n\n\n<p>Na adega da Quinta da Chouza, o m\u00e9todo \u00e9 cl\u00e1ssico e a escala \u00e9 artesanal. Tudo come\u00e7a com a prensagem, feita em equipamento moderno, seguida da fermenta\u00e7\u00e3o controlada a frio. A partir da\u00ed, o vinho-base ganha nova vida quando \u00e9 preparada a tiragem, momento em que se junta levedura e a\u00e7\u00facar para provocar a segunda fermenta\u00e7\u00e3o em garrafa.<\/p>\n\n\n\n<p>As garrafas seguem depois para a cave, onde repousam meses ou anos. \u00c9 aqui que a paci\u00eancia do produtor faz a diferen\u00e7a. \u00abCada garrafa vai dormir durante um per\u00edodo que pode ser curto ou prolongado. Depende do estilo que queremos alcan\u00e7ar\u00bb, explica Francisco Paulo Oliveira.<\/p>\n\n\n\n<p>O trabalho manual ainda conta muito. Antes do acabamento final, as garrafas passam pelos pupitres de madeira. Durante dois meses s\u00e3o giradas um quarto de volta por dia, num processo conhecido como \u201cremuage\u201d. No final, chega o momento do \u201cd\u00e9gorgement\u201d: a c\u00e1psula provis\u00f3ria \u00e9 retirada, expulsam-se as impurezas acumuladas no gargalo e decide-se o estilo do espumante.<\/p>\n\n\n\n<p>A dosagem dita a diferen\u00e7a entre um bruto natural, sem adi\u00e7\u00e3o de a\u00e7\u00facar, um bruto com at\u00e9 doze gramas por litro, um seco, um meio-seco ou at\u00e9 um doce. Na sala de provas da enoteca, \u00e9 poss\u00edvel encontrar exemplos destes estilos lado a lado, todos elaborados com o mesmo cuidado.<\/p>\n\n\n\n<p>\u00abFa\u00e7o o espumante como se faz em Fran\u00e7a. O m\u00e9todo \u00e9 o mesmo. O que varia \u00e9 a escala e o s\u00edtio. Aqui, trabalhamos apenas com as uvas da quinta e com aten\u00e7\u00e3o a cada garrafa\u00bb, explica.<\/p>\n\n\n\n<figure class=\"wp-block-gallery has-nested-images columns-default is-cropped wp-block-gallery-5 is-layout-flex wp-block-gallery-is-layout-flex\">\n<figure class=\"wp-block-image size-large\"><img loading=\"lazy\" decoding=\"async\" width=\"683\" height=\"1024\" data-id=\"4457\" src=\"https:\/\/terrasdebasto.pt\/wp-content\/uploads\/2025\/10\/FOTO-04-683x1024.jpg\" alt=\"\" class=\"wp-image-4457\" srcset=\"https:\/\/terrasdebasto.pt\/wp-content\/uploads\/2025\/10\/FOTO-04-683x1024.jpg 683w, https:\/\/terrasdebasto.pt\/wp-content\/uploads\/2025\/10\/FOTO-04-200x300.jpg 200w, https:\/\/terrasdebasto.pt\/wp-content\/uploads\/2025\/10\/FOTO-04-768x1151.jpg 768w, https:\/\/terrasdebasto.pt\/wp-content\/uploads\/2025\/10\/FOTO-04-1025x1536.jpg 1025w, https:\/\/terrasdebasto.pt\/wp-content\/uploads\/2025\/10\/FOTO-04-150x225.jpg 150w, https:\/\/terrasdebasto.pt\/wp-content\/uploads\/2025\/10\/FOTO-04-300x450.jpg 300w, https:\/\/terrasdebasto.pt\/wp-content\/uploads\/2025\/10\/FOTO-04-696x1043.jpg 696w, https:\/\/terrasdebasto.pt\/wp-content\/uploads\/2025\/10\/FOTO-04-1068x1601.jpg 1068w, https:\/\/terrasdebasto.pt\/wp-content\/uploads\/2025\/10\/FOTO-04.jpg 1366w\" sizes=\"auto, (max-width: 683px) 100vw, 683px\" \/><\/figure>\n<\/figure>\n\n\n\n<p><strong>Provar onde tudo acontece<\/strong><\/p>\n\n\n\n<p>Mas a Quinta da Chouza n\u00e3o \u00e9 apenas vinha e adega. \u00c9 tamb\u00e9m um espa\u00e7o de agroturismo, pensado para fam\u00edlias e para quem procura a experi\u00eancia completa do vinho. O ribeiro, a praia fluvial, os moinhos recuperados e a piscina ao ar-livre comp\u00f5em o cen\u00e1rio de um turismo que cruza natureza, descanso e prova de espumantes.<\/p>\n\n\n\n<p>As casas de alojamento est\u00e3o distribu\u00eddas por tr\u00eas n\u00facleos independentes. A casa principal tem tr\u00eas quartos e as casas-moinho oferecem mais dois, todos com casa de banho privativa. Cada espa\u00e7o disp\u00f5e de cozinha pr\u00f3pria e zona de churrasqueira. A piscina comum tem espregui\u00e7adeiras identificadas para cada casa e h\u00e1 ainda um pequeno barco para passeios na praia fluvial.<\/p>\n\n\n\n<p>As visitas de enoturismo seguem sempre o mesmo percurso: passeio pelos moinhos e pela praia, passagem pela vinha, entrada na adega e descida \u00e0 cave. O momento alto \u00e9 a prova. Francisco Paulo Oliveira costuma entregar aos visitantes garrafas ainda por rotular, permitindo que participem no processo final de colar o r\u00f3tulo ou colocar a c\u00e1psula. \u00ab\u00c9 um gesto simples, mas cria mem\u00f3ria. Muitos filmam ou fotografam esse instante\u00bb.<\/p>\n\n\n\n<p>H\u00e1 tamb\u00e9m hist\u00f3rias inesperadas. Fam\u00edlias estrangeiras que chegam a Portugal pela primeira vez e decidem ficar em Fermil de Basto, atra\u00eddas pelas imagens do barco e da praia fluvial. Crian\u00e7as que insistem em regressar \u00e0 quinta depois do almo\u00e7o, dispensando passeios a Guimar\u00e3es, Braga ou Porto. Visitantes que pedem para levar a garrafa e os copos para a beira do ribeiro e provar o espumante com os p\u00e9s na \u00e1gua.<\/p>\n\n\n\n<p>O calend\u00e1rio de alojamento abre de mar\u00e7o a outubro e encerra no inverno. A procura \u00e9 tal que muitos h\u00f3spedes reservam com meses de anteced\u00eancia. \u00abTemos s\u00f3 cinco alojamentos. \u00c9 pequeno por op\u00e7\u00e3o. N\u00e3o queremos perder a escala familiar e o acolhimento personalizado\u00bb, adianta.<\/p>\n\n\n\n<p>Mais do que dormir ou provar, trata-se de viver o lugar. No fim, cada visitante leva para casa uma garrafa, mas tamb\u00e9m a mem\u00f3ria de um espumante que nasce na paisagem onde foi servido.<\/p>\n\n\n\n<p><strong>Um terroir com sombra e futuro<\/strong><\/p>\n\n\n\n<p>As altera\u00e7\u00f5es clim\u00e1ticas s\u00e3o hoje um dos maiores desafios da viticultura. Na Quinta da Chouza, Francisco Paulo Oliveira acredita que o s\u00edtio ainda oferece condi\u00e7\u00f5es privilegiadas. \u00abN\u00e3o tenho sistema de rega e consigo produzir sem essa necessidade. O ribeiro atravessa a quinta, a humidade \u00e9 constante e a arboriza\u00e7\u00e3o protege a vinha\u00bb. A sombra das \u00e1rvores pode reduzir a produ\u00e7\u00e3o, mas o produtor prefere manter esse equil\u00edbrio natural. \u00ab\u00c0s vezes, h\u00e1 menos uva, mas o resultado tem identidade\u00bb.<\/p>\n\n\n\n<p>O futuro passa por consolidar a linha de espumantes. O Arinto continuar\u00e1 a ser a base dos brancos, enquanto o Padeiro de Basto sustenta os ros\u00e9s, j\u00e1 dispon\u00edveis em vers\u00e3o meio-seco e bruto natural. O \u201csuper reserva\u201d de Arinto, com vinte e seis meses de cave, \u00e9 hoje a refer\u00eancia mais prestigiada, mas h\u00e1 um objetivo em curso: lan\u00e7ar um \u201cmega reserva\u201d com mais de tr\u00eas anos de est\u00e1gio. \u00abSer\u00e1 um produto que queremos marcar pela diferen\u00e7a\u00bb.<\/p>\n\n\n\n<p>A \u00e1rea de vinha n\u00e3o dever\u00e1 aumentar. S\u00e3o 2,5 hectares que ainda n\u00e3o atingiram o pleno de produ\u00e7\u00e3o e que poder\u00e3o crescer em rendimento sem necessidade de expans\u00e3o. O foco \u00e9 a qualidade e a consist\u00eancia, n\u00e3o a quantidade.<\/p>\n\n\n\n<p>No enoturismo, a ambi\u00e7\u00e3o \u00e9 manter a escala familiar e acrescentar apenas um alojamento especial, pensado para um p\u00fablico mais diferenciado. O calend\u00e1rio j\u00e1 atrai visitantes de todo o mundo e refor\u00e7a a notoriedade da marca.<\/p>\n\n\n\n<p>Para a regi\u00e3o, Francisco Paulo Oliveira deixa uma proposta: criar um evento anual dedicado em exclusivo ao espumante. \u00abJ\u00e1 temos produtores suficientes para justificar. Celorico, Cabeceiras e Mondim deviam avan\u00e7ar. Seria um marco e ajudaria a afirmar a sub-regi\u00e3o no contexto dos Vinhos Verdes\u00bb, diz.<\/p>\n","protected":false},"excerpt":{"rendered":"<p>Na Quinta da Chouza, em Fermil de Basto, a marca \u201cCh\u00e3o do Rio\u201d faz do m\u00e9todo cl\u00e1ssico uma afirma\u00e7\u00e3o do \u201cterroir\u201d. Arinto, padeiro e paci\u00eancia: vinhos de prova e de lugar. Por Ana Margarida Pereira Entre um ribeiro de \u00e1guas claras, dois moinhos recuperados e uma pequena praia que pede p\u00e9s descal\u00e7os, nasce um espumante [&hellip;]<\/p>\n","protected":false},"author":7,"featured_media":4454,"comment_status":"open","ping_status":"open","sticky":false,"template":"","format":"standard","meta":{"footnotes":""},"categories":[13,14,9],"tags":[40,978,977,979,323,976],"class_list":{"0":"post-4452","1":"post","2":"type-post","3":"status-publish","4":"format-standard","5":"has-post-thumbnail","7":"category-celorico-de-basto","8":"category-gastronomia","9":"category-terras-de-basto","10":"tag-celorico-de-basto","11":"tag-chao-do-rio","12":"tag-espumantes","13":"tag-francisco-paulo-oliveira","14":"tag-vinhos-verdes","15":"tag-viticultura"},"yoast_head":"<!-- This site is optimized with the Yoast SEO plugin v25.7 - https:\/\/yoast.com\/wordpress\/plugins\/seo\/ -->\n<title>Quinta da Chouza: espumante de Basto com alma de rio - Jornal Terras de Basto<\/title>\n<meta name=\"description\" content=\"Na Quinta da Chouza, em Fermil de Basto, a marca \u201cCh\u00e3o do Rio\u201d faz do m\u00e9todo cl\u00e1ssico uma afirma\u00e7\u00e3o do \u201cterroir\u201d. Arinto, padeiro e paci\u00eancia: vinhos de prova e de lugar.\" \/>\n<meta name=\"robots\" content=\"index, follow, max-snippet:-1, max-image-preview:large, max-video-preview:-1\" \/>\n<link rel=\"canonical\" href=\"https:\/\/terrasdebasto.pt\/?p=4452\" \/>\n<meta property=\"og:locale\" content=\"pt_PT\" \/>\n<meta property=\"og:type\" content=\"article\" \/>\n<meta property=\"og:title\" content=\"Quinta da Chouza: espumante de Basto com alma de rio - Jornal Terras de Basto\" \/>\n<meta property=\"og:description\" content=\"Na Quinta da Chouza, em Fermil de Basto, a marca \u201cCh\u00e3o do Rio\u201d faz do m\u00e9todo cl\u00e1ssico uma afirma\u00e7\u00e3o do \u201cterroir\u201d. Arinto, padeiro e paci\u00eancia: vinhos de prova e de lugar.\" \/>\n<meta property=\"og:url\" content=\"https:\/\/terrasdebasto.pt\/?p=4452\" \/>\n<meta property=\"og:site_name\" content=\"Jornal Terras de Basto\" \/>\n<meta property=\"article:published_time\" content=\"2025-10-22T12:08:37+00:00\" \/>\n<meta property=\"article:modified_time\" content=\"2025-10-22T12:08:38+00:00\" \/>\n<meta property=\"og:image\" content=\"https:\/\/terrasdebasto.pt\/wp-content\/uploads\/2025\/10\/FOTO-01-QUINTA-DA-CHOUZA.jpg\" \/>\n\t<meta property=\"og:image:width\" content=\"2048\" \/>\n\t<meta property=\"og:image:height\" content=\"1536\" \/>\n\t<meta property=\"og:image:type\" content=\"image\/jpeg\" \/>\n<meta name=\"author\" content=\"Jo\u00e3o Paulo Mesquita\" \/>\n<meta name=\"twitter:card\" content=\"summary_large_image\" \/>\n<meta name=\"twitter:label1\" content=\"Escrito por\" \/>\n\t<meta name=\"twitter:data1\" content=\"Jo\u00e3o Paulo Mesquita\" \/>\n\t<meta name=\"twitter:label2\" content=\"Tempo estimado de leitura\" \/>\n\t<meta name=\"twitter:data2\" content=\"12 minutos\" \/>\n<script type=\"application\/ld+json\" class=\"yoast-schema-graph\">{\"@context\":\"https:\/\/schema.org\",\"@graph\":[{\"@type\":\"Article\",\"@id\":\"https:\/\/terrasdebasto.pt\/?p=4452#article\",\"isPartOf\":{\"@id\":\"https:\/\/terrasdebasto.pt\/?p=4452\"},\"author\":{\"name\":\"Jo\u00e3o Paulo Mesquita\",\"@id\":\"https:\/\/terrasdebasto.pt\/#\/schema\/person\/9f6739f5394ac65c802641773b278b84\"},\"headline\":\"Quinta da Chouza: espumante de Basto com alma de rio\",\"datePublished\":\"2025-10-22T12:08:37+00:00\",\"dateModified\":\"2025-10-22T12:08:38+00:00\",\"mainEntityOfPage\":{\"@id\":\"https:\/\/terrasdebasto.pt\/?p=4452\"},\"wordCount\":2028,\"commentCount\":1,\"publisher\":{\"@id\":\"https:\/\/terrasdebasto.pt\/#organization\"},\"image\":{\"@id\":\"https:\/\/terrasdebasto.pt\/?p=4452#primaryimage\"},\"thumbnailUrl\":\"https:\/\/terrasdebasto.pt\/wp-content\/uploads\/2025\/10\/FOTO-01-QUINTA-DA-CHOUZA.jpg\",\"keywords\":[\"Celorico de Basto\",\"Ch\u00e3o do Rio\",\"Espumantes\",\"Francisco Paulo Oliveira\",\"vinhos verdes\",\"Viticultura\"],\"articleSection\":[\"Celorico de Basto\",\"Gastronomia\",\"Terras de Basto\"],\"inLanguage\":\"pt-PT\",\"potentialAction\":[{\"@type\":\"CommentAction\",\"name\":\"Comment\",\"target\":[\"https:\/\/terrasdebasto.pt\/?p=4452#respond\"]}]},{\"@type\":\"WebPage\",\"@id\":\"https:\/\/terrasdebasto.pt\/?p=4452\",\"url\":\"https:\/\/terrasdebasto.pt\/?p=4452\",\"name\":\"Quinta da Chouza: espumante de Basto com alma de rio - Jornal Terras de Basto\",\"isPartOf\":{\"@id\":\"https:\/\/terrasdebasto.pt\/#website\"},\"primaryImageOfPage\":{\"@id\":\"https:\/\/terrasdebasto.pt\/?p=4452#primaryimage\"},\"image\":{\"@id\":\"https:\/\/terrasdebasto.pt\/?p=4452#primaryimage\"},\"thumbnailUrl\":\"https:\/\/terrasdebasto.pt\/wp-content\/uploads\/2025\/10\/FOTO-01-QUINTA-DA-CHOUZA.jpg\",\"datePublished\":\"2025-10-22T12:08:37+00:00\",\"dateModified\":\"2025-10-22T12:08:38+00:00\",\"description\":\"Na Quinta da Chouza, em Fermil de Basto, a marca \u201cCh\u00e3o do Rio\u201d faz do m\u00e9todo cl\u00e1ssico uma afirma\u00e7\u00e3o do \u201cterroir\u201d. Arinto, padeiro e paci\u00eancia: vinhos de prova e de lugar.\",\"breadcrumb\":{\"@id\":\"https:\/\/terrasdebasto.pt\/?p=4452#breadcrumb\"},\"inLanguage\":\"pt-PT\",\"potentialAction\":[{\"@type\":\"ReadAction\",\"target\":[\"https:\/\/terrasdebasto.pt\/?p=4452\"]}]},{\"@type\":\"ImageObject\",\"inLanguage\":\"pt-PT\",\"@id\":\"https:\/\/terrasdebasto.pt\/?p=4452#primaryimage\",\"url\":\"https:\/\/terrasdebasto.pt\/wp-content\/uploads\/2025\/10\/FOTO-01-QUINTA-DA-CHOUZA.jpg\",\"contentUrl\":\"https:\/\/terrasdebasto.pt\/wp-content\/uploads\/2025\/10\/FOTO-01-QUINTA-DA-CHOUZA.jpg\",\"width\":2048,\"height\":1536},{\"@type\":\"BreadcrumbList\",\"@id\":\"https:\/\/terrasdebasto.pt\/?p=4452#breadcrumb\",\"itemListElement\":[{\"@type\":\"ListItem\",\"position\":1,\"name\":\"In\u00edcio\",\"item\":\"https:\/\/terrasdebasto.pt\/\"},{\"@type\":\"ListItem\",\"position\":2,\"name\":\"Quinta da Chouza: espumante de Basto com alma de rio\"}]},{\"@type\":\"WebSite\",\"@id\":\"https:\/\/terrasdebasto.pt\/#website\",\"url\":\"https:\/\/terrasdebasto.pt\/\",\"name\":\"Jornal Terras de Basto\",\"description\":\"\",\"publisher\":{\"@id\":\"https:\/\/terrasdebasto.pt\/#organization\"},\"potentialAction\":[{\"@type\":\"SearchAction\",\"target\":{\"@type\":\"EntryPoint\",\"urlTemplate\":\"https:\/\/terrasdebasto.pt\/?s={search_term_string}\"},\"query-input\":{\"@type\":\"PropertyValueSpecification\",\"valueRequired\":true,\"valueName\":\"search_term_string\"}}],\"inLanguage\":\"pt-PT\"},{\"@type\":\"Organization\",\"@id\":\"https:\/\/terrasdebasto.pt\/#organization\",\"name\":\"Jornal Terras de Basto\",\"url\":\"https:\/\/terrasdebasto.pt\/\",\"logo\":{\"@type\":\"ImageObject\",\"inLanguage\":\"pt-PT\",\"@id\":\"https:\/\/terrasdebasto.pt\/#\/schema\/logo\/image\/\",\"url\":\"https:\/\/terrasdebasto.pt\/wp-content\/uploads\/2024\/06\/LogoNormal.png\",\"contentUrl\":\"https:\/\/terrasdebasto.pt\/wp-content\/uploads\/2024\/06\/LogoNormal.png\",\"width\":5638,\"height\":809,\"caption\":\"Jornal Terras de Basto\"},\"image\":{\"@id\":\"https:\/\/terrasdebasto.pt\/#\/schema\/logo\/image\/\"}},{\"@type\":\"Person\",\"@id\":\"https:\/\/terrasdebasto.pt\/#\/schema\/person\/9f6739f5394ac65c802641773b278b84\",\"name\":\"Jo\u00e3o Paulo Mesquita\",\"image\":{\"@type\":\"ImageObject\",\"inLanguage\":\"pt-PT\",\"@id\":\"https:\/\/terrasdebasto.pt\/#\/schema\/person\/image\/\",\"url\":\"https:\/\/secure.gravatar.com\/avatar\/9bd0f299e6d96336664aab64354168246a3ee3287c47891c50d450e47ed9d7f9?s=96&d=mm&r=g\",\"contentUrl\":\"https:\/\/secure.gravatar.com\/avatar\/9bd0f299e6d96336664aab64354168246a3ee3287c47891c50d450e47ed9d7f9?s=96&d=mm&r=g\",\"caption\":\"Jo\u00e3o Paulo Mesquita\"},\"url\":\"https:\/\/terrasdebasto.pt\/?author=7\"}]}<\/script>\n<!-- \/ Yoast SEO plugin. -->","yoast_head_json":{"title":"Quinta da Chouza: espumante de Basto com alma de rio - Jornal Terras de Basto","description":"Na Quinta da Chouza, em Fermil de Basto, a marca \u201cCh\u00e3o do Rio\u201d faz do m\u00e9todo cl\u00e1ssico uma afirma\u00e7\u00e3o do \u201cterroir\u201d. Arinto, padeiro e paci\u00eancia: vinhos de prova e de lugar.","robots":{"index":"index","follow":"follow","max-snippet":"max-snippet:-1","max-image-preview":"max-image-preview:large","max-video-preview":"max-video-preview:-1"},"canonical":"https:\/\/terrasdebasto.pt\/?p=4452","og_locale":"pt_PT","og_type":"article","og_title":"Quinta da Chouza: espumante de Basto com alma de rio - Jornal Terras de Basto","og_description":"Na Quinta da Chouza, em Fermil de Basto, a marca \u201cCh\u00e3o do Rio\u201d faz do m\u00e9todo cl\u00e1ssico uma afirma\u00e7\u00e3o do \u201cterroir\u201d. Arinto, padeiro e paci\u00eancia: vinhos de prova e de lugar.","og_url":"https:\/\/terrasdebasto.pt\/?p=4452","og_site_name":"Jornal Terras de Basto","article_published_time":"2025-10-22T12:08:37+00:00","article_modified_time":"2025-10-22T12:08:38+00:00","og_image":[{"width":2048,"height":1536,"url":"https:\/\/terrasdebasto.pt\/wp-content\/uploads\/2025\/10\/FOTO-01-QUINTA-DA-CHOUZA.jpg","type":"image\/jpeg"}],"author":"Jo\u00e3o Paulo Mesquita","twitter_card":"summary_large_image","twitter_misc":{"Escrito por":"Jo\u00e3o Paulo Mesquita","Tempo estimado de leitura":"12 minutos"},"schema":{"@context":"https:\/\/schema.org","@graph":[{"@type":"Article","@id":"https:\/\/terrasdebasto.pt\/?p=4452#article","isPartOf":{"@id":"https:\/\/terrasdebasto.pt\/?p=4452"},"author":{"name":"Jo\u00e3o Paulo Mesquita","@id":"https:\/\/terrasdebasto.pt\/#\/schema\/person\/9f6739f5394ac65c802641773b278b84"},"headline":"Quinta da Chouza: espumante de Basto com alma de rio","datePublished":"2025-10-22T12:08:37+00:00","dateModified":"2025-10-22T12:08:38+00:00","mainEntityOfPage":{"@id":"https:\/\/terrasdebasto.pt\/?p=4452"},"wordCount":2028,"commentCount":1,"publisher":{"@id":"https:\/\/terrasdebasto.pt\/#organization"},"image":{"@id":"https:\/\/terrasdebasto.pt\/?p=4452#primaryimage"},"thumbnailUrl":"https:\/\/terrasdebasto.pt\/wp-content\/uploads\/2025\/10\/FOTO-01-QUINTA-DA-CHOUZA.jpg","keywords":["Celorico de Basto","Ch\u00e3o do Rio","Espumantes","Francisco Paulo Oliveira","vinhos verdes","Viticultura"],"articleSection":["Celorico de Basto","Gastronomia","Terras de Basto"],"inLanguage":"pt-PT","potentialAction":[{"@type":"CommentAction","name":"Comment","target":["https:\/\/terrasdebasto.pt\/?p=4452#respond"]}]},{"@type":"WebPage","@id":"https:\/\/terrasdebasto.pt\/?p=4452","url":"https:\/\/terrasdebasto.pt\/?p=4452","name":"Quinta da Chouza: espumante de Basto com alma de rio - Jornal Terras de Basto","isPartOf":{"@id":"https:\/\/terrasdebasto.pt\/#website"},"primaryImageOfPage":{"@id":"https:\/\/terrasdebasto.pt\/?p=4452#primaryimage"},"image":{"@id":"https:\/\/terrasdebasto.pt\/?p=4452#primaryimage"},"thumbnailUrl":"https:\/\/terrasdebasto.pt\/wp-content\/uploads\/2025\/10\/FOTO-01-QUINTA-DA-CHOUZA.jpg","datePublished":"2025-10-22T12:08:37+00:00","dateModified":"2025-10-22T12:08:38+00:00","description":"Na Quinta da Chouza, em Fermil de Basto, a marca \u201cCh\u00e3o do Rio\u201d faz do m\u00e9todo cl\u00e1ssico uma afirma\u00e7\u00e3o do \u201cterroir\u201d. Arinto, padeiro e paci\u00eancia: vinhos de prova e de lugar.","breadcrumb":{"@id":"https:\/\/terrasdebasto.pt\/?p=4452#breadcrumb"},"inLanguage":"pt-PT","potentialAction":[{"@type":"ReadAction","target":["https:\/\/terrasdebasto.pt\/?p=4452"]}]},{"@type":"ImageObject","inLanguage":"pt-PT","@id":"https:\/\/terrasdebasto.pt\/?p=4452#primaryimage","url":"https:\/\/terrasdebasto.pt\/wp-content\/uploads\/2025\/10\/FOTO-01-QUINTA-DA-CHOUZA.jpg","contentUrl":"https:\/\/terrasdebasto.pt\/wp-content\/uploads\/2025\/10\/FOTO-01-QUINTA-DA-CHOUZA.jpg","width":2048,"height":1536},{"@type":"BreadcrumbList","@id":"https:\/\/terrasdebasto.pt\/?p=4452#breadcrumb","itemListElement":[{"@type":"ListItem","position":1,"name":"In\u00edcio","item":"https:\/\/terrasdebasto.pt\/"},{"@type":"ListItem","position":2,"name":"Quinta da Chouza: espumante de Basto com alma de rio"}]},{"@type":"WebSite","@id":"https:\/\/terrasdebasto.pt\/#website","url":"https:\/\/terrasdebasto.pt\/","name":"Jornal Terras de Basto","description":"","publisher":{"@id":"https:\/\/terrasdebasto.pt\/#organization"},"potentialAction":[{"@type":"SearchAction","target":{"@type":"EntryPoint","urlTemplate":"https:\/\/terrasdebasto.pt\/?s={search_term_string}"},"query-input":{"@type":"PropertyValueSpecification","valueRequired":true,"valueName":"search_term_string"}}],"inLanguage":"pt-PT"},{"@type":"Organization","@id":"https:\/\/terrasdebasto.pt\/#organization","name":"Jornal Terras de Basto","url":"https:\/\/terrasdebasto.pt\/","logo":{"@type":"ImageObject","inLanguage":"pt-PT","@id":"https:\/\/terrasdebasto.pt\/#\/schema\/logo\/image\/","url":"https:\/\/terrasdebasto.pt\/wp-content\/uploads\/2024\/06\/LogoNormal.png","contentUrl":"https:\/\/terrasdebasto.pt\/wp-content\/uploads\/2024\/06\/LogoNormal.png","width":5638,"height":809,"caption":"Jornal Terras de Basto"},"image":{"@id":"https:\/\/terrasdebasto.pt\/#\/schema\/logo\/image\/"}},{"@type":"Person","@id":"https:\/\/terrasdebasto.pt\/#\/schema\/person\/9f6739f5394ac65c802641773b278b84","name":"Jo\u00e3o Paulo Mesquita","image":{"@type":"ImageObject","inLanguage":"pt-PT","@id":"https:\/\/terrasdebasto.pt\/#\/schema\/person\/image\/","url":"https:\/\/secure.gravatar.com\/avatar\/9bd0f299e6d96336664aab64354168246a3ee3287c47891c50d450e47ed9d7f9?s=96&d=mm&r=g","contentUrl":"https:\/\/secure.gravatar.com\/avatar\/9bd0f299e6d96336664aab64354168246a3ee3287c47891c50d450e47ed9d7f9?s=96&d=mm&r=g","caption":"Jo\u00e3o Paulo Mesquita"},"url":"https:\/\/terrasdebasto.pt\/?author=7"}]}},"_links":{"self":[{"href":"https:\/\/terrasdebasto.pt\/index.php?rest_route=\/wp\/v2\/posts\/4452","targetHints":{"allow":["GET"]}}],"collection":[{"href":"https:\/\/terrasdebasto.pt\/index.php?rest_route=\/wp\/v2\/posts"}],"about":[{"href":"https:\/\/terrasdebasto.pt\/index.php?rest_route=\/wp\/v2\/types\/post"}],"author":[{"embeddable":true,"href":"https:\/\/terrasdebasto.pt\/index.php?rest_route=\/wp\/v2\/users\/7"}],"replies":[{"embeddable":true,"href":"https:\/\/terrasdebasto.pt\/index.php?rest_route=%2Fwp%2Fv2%2Fcomments&post=4452"}],"version-history":[{"count":1,"href":"https:\/\/terrasdebasto.pt\/index.php?rest_route=\/wp\/v2\/posts\/4452\/revisions"}],"predecessor-version":[{"id":4458,"href":"https:\/\/terrasdebasto.pt\/index.php?rest_route=\/wp\/v2\/posts\/4452\/revisions\/4458"}],"wp:featuredmedia":[{"embeddable":true,"href":"https:\/\/terrasdebasto.pt\/index.php?rest_route=\/wp\/v2\/media\/4454"}],"wp:attachment":[{"href":"https:\/\/terrasdebasto.pt\/index.php?rest_route=%2Fwp%2Fv2%2Fmedia&parent=4452"}],"wp:term":[{"taxonomy":"category","embeddable":true,"href":"https:\/\/terrasdebasto.pt\/index.php?rest_route=%2Fwp%2Fv2%2Fcategories&post=4452"},{"taxonomy":"post_tag","embeddable":true,"href":"https:\/\/terrasdebasto.pt\/index.php?rest_route=%2Fwp%2Fv2%2Ftags&post=4452"}],"curies":[{"name":"wp","href":"https:\/\/api.w.org\/{rel}","templated":true}]}}