{"id":4449,"date":"2025-10-22T11:56:07","date_gmt":"2025-10-22T11:56:07","guid":{"rendered":"https:\/\/terrasdebasto.pt\/?p=4449"},"modified":"2025-10-22T11:56:07","modified_gmt":"2025-10-22T11:56:07","slug":"celorico-requalifica-areas-empresariais","status":"publish","type":"post","link":"https:\/\/terrasdebasto.pt\/?p=4449","title":{"rendered":"Celorico requalifica \u00e1reas empresariais"},"content":{"rendered":"\n<p><\/p>\n\n\n\n<p><strong>Celorico de Basto viu agora aprovadas duas candidaturas ao \u201cNorte 2030\u201d, num valor global aproximado dos 2 milh\u00f5es e 230 mil euros, destinadas \u00e0 cria\u00e7\u00e3o e expans\u00e3o de \u00e1reas de acolhimento empresarial.<\/strong><\/p>\n\n\n\n<p>De acordo com fonte municipal, apresentadas no \u00e2mbito da estrat\u00e9gia \u201cinfraestruturas e equipamentos de base n\u00e3o tecnol\u00f3gica de apoio \u00e0 competitividade\u201d, as candidaturas t\u00eam em conta \u00aba necessidade de melhorar as condi\u00e7\u00f5es de instala\u00e7\u00e3o das empresas\u00bb e de \u00abpotenciar economias com impacto na competitividade das PME\u2019s\u00bb.<\/p>\n\n\n\n<p>A inten\u00e7\u00e3o \u00e9 potenciar a atra\u00e7\u00e3o de investimento, atrav\u00e9s da cria\u00e7\u00e3o e crescimento de empresas, assim alcan\u00e7ando um desenvolvimento territorial equilibrado.<\/p>\n\n\n\n<p>\u00abEm causa est\u00e3o investimentos em instala\u00e7\u00f5es, equipamentos e acessos complementares espec\u00edficos, quer ao n\u00edvel da requalifica\u00e7\u00e3o de meios existentes, quer da expans\u00e3o e constru\u00e7\u00e3o de novos, bem como do refor\u00e7o dos servi\u00e7os prestados, em linha com as agendas digital e clim\u00e1tica\u00bb, explica fonte municipal.<\/p>\n\n\n\n<p>Os dois projetos aprovados \u2013 referentes \u00e0 requalifica\u00e7\u00e3o do Parque Empresarial de Basto (Polo 1) e \u00e0 expans\u00e3o e requalifica\u00e7\u00e3o do Parque Empresarial de Carvalho \u2013 permitir\u00e3o requalificar as acessibilidades dos dois equipamentos, atrav\u00e9s da reabilita\u00e7\u00e3o dos arruamentos, das \u00e1reas de estacionamento e dos passeios, com a introdu\u00e7\u00e3o de melhorias ao n\u00edvel da seguran\u00e7a de pe\u00f5es e da acessibilidade a pessoas com mobilidade condicionada.<\/p>\n\n\n\n<p>\u00abEm termos de infraestruturas, ser\u00e1 reabilitada a rede de fibra \u00f3tica existente e instalada nos locais em falta; com esta candidatura ser\u00e1 refor\u00e7ada tamb\u00e9m a rede el\u00e9trica, para permitir carregadores de ve\u00edculos el\u00e9tricos; o projeto de requalifica\u00e7\u00e3o inclui ainda a execu\u00e7\u00e3o das redes abastecimento de \u00e1gua, drenagem de \u00e1guas residuais e \u00e1guas pluviais\u00bb, explicita.<\/p>\n\n\n\n<p>No Parque Empresarial de Basto (Polo 1), o edif\u00edcio das oficinas municipais ser\u00e1, assim, reabilitado, sendo particularmente melhoradas as condi\u00e7\u00f5es de seguran\u00e7a e de trabalho, atrav\u00e9s da cria\u00e7\u00e3o de espa\u00e7os mais funcionais, acess\u00edveis e inclusivos, que potenciem em simult\u00e2neo o bem-estar dos trabalhadores e da popula\u00e7\u00e3o em geral.<\/p>\n\n\n\n<p>A requalifica\u00e7\u00e3o do Parque Empresarial de Basto (Polo 1) envolve um investimento total de 1.380.759,08\u20ac, com uma comparticipa\u00e7\u00e3o do Fundo Europeu de Desenvolvimento Regional de 400.000,00\u20ac.<\/p>\n\n\n\n<p>No Parque Empresarial de Carvalho, al\u00e9m da sua requalifica\u00e7\u00e3o, ser\u00e3o disponibilizados lotes para cria\u00e7\u00e3o e crescimento de empresas. A sua expans\u00e3o e requalifica\u00e7\u00e3o envolve um investimento total de 849.183,59\u20ac, com uma comparticipa\u00e7\u00e3o do Fundo Europeu de Desenvolvimento Regional de 616.306,00\u20ac.<\/p>\n","protected":false},"excerpt":{"rendered":"<p>Celorico de Basto viu agora aprovadas duas candidaturas ao \u201cNorte 2030\u201d, num valor global aproximado dos 2 milh\u00f5es e 230 mil euros, destinadas \u00e0 cria\u00e7\u00e3o e expans\u00e3o de \u00e1reas de acolhimento empresarial. De acordo com fonte municipal, apresentadas no \u00e2mbito da estrat\u00e9gia \u201cinfraestruturas e equipamentos de base n\u00e3o tecnol\u00f3gica de apoio \u00e0 competitividade\u201d, as candidaturas [&hellip;]<\/p>\n","protected":false},"author":7,"featured_media":4450,"comment_status":"open","ping_status":"open","sticky":false,"template":"","format":"standard","meta":{"footnotes":""},"categories":[13,9],"tags":[40,975],"class_list":{"0":"post-4449","1":"post","2":"type-post","3":"status-publish","4":"format-standard","5":"has-post-thumbnail","7":"category-celorico-de-basto","8":"category-terras-de-basto","9":"tag-celorico-de-basto","10":"tag-zonas-industriais"},"yoast_head":"<!-- This site is optimized with the Yoast SEO plugin v25.7 - https:\/\/yoast.com\/wordpress\/plugins\/seo\/ -->\n<title>Celorico requalifica \u00e1reas empresariais - Jornal Terras de Basto<\/title>\n<meta name=\"description\" content=\"Celorico de Basto viu agora aprovadas duas candidaturas ao \u201cNorte 2030\u201d, num valor global aproximado dos 2 milh\u00f5es e 230 mil euros, destinadas \u00e0 cria\u00e7\u00e3o e expans\u00e3o de \u00e1reas de acolhimento empresarial.\" \/>\n<meta name=\"robots\" content=\"index, follow, max-snippet:-1, max-image-preview:large, max-video-preview:-1\" \/>\n<link rel=\"canonical\" href=\"https:\/\/terrasdebasto.pt\/?p=4449\" \/>\n<meta property=\"og:locale\" content=\"pt_PT\" \/>\n<meta property=\"og:type\" content=\"article\" \/>\n<meta property=\"og:title\" content=\"Celorico requalifica \u00e1reas empresariais - Jornal Terras de Basto\" \/>\n<meta property=\"og:description\" content=\"Celorico de Basto viu agora aprovadas duas candidaturas ao \u201cNorte 2030\u201d, num valor global aproximado dos 2 milh\u00f5es e 230 mil euros, destinadas \u00e0 cria\u00e7\u00e3o e expans\u00e3o de \u00e1reas de acolhimento empresarial.\" \/>\n<meta property=\"og:url\" content=\"https:\/\/terrasdebasto.pt\/?p=4449\" \/>\n<meta property=\"og:site_name\" content=\"Jornal Terras de Basto\" \/>\n<meta property=\"article:published_time\" content=\"2025-10-22T11:56:07+00:00\" \/>\n<meta property=\"og:image\" content=\"https:\/\/terrasdebasto.pt\/wp-content\/uploads\/2025\/10\/AREAS-EMPRESARIAIS-CELORICO-1.jpg\" \/>\n\t<meta property=\"og:image:width\" content=\"2048\" \/>\n\t<meta property=\"og:image:height\" content=\"1056\" \/>\n\t<meta property=\"og:image:type\" content=\"image\/jpeg\" \/>\n<meta name=\"author\" content=\"Jo\u00e3o Paulo Mesquita\" \/>\n<meta name=\"twitter:card\" content=\"summary_large_image\" \/>\n<meta name=\"twitter:label1\" content=\"Escrito por\" \/>\n\t<meta name=\"twitter:data1\" content=\"Jo\u00e3o Paulo Mesquita\" \/>\n\t<meta name=\"twitter:label2\" content=\"Tempo estimado de leitura\" \/>\n\t<meta name=\"twitter:data2\" content=\"3 minutos\" \/>\n<script type=\"application\/ld+json\" class=\"yoast-schema-graph\">{\"@context\":\"https:\/\/schema.org\",\"@graph\":[{\"@type\":\"Article\",\"@id\":\"https:\/\/terrasdebasto.pt\/?p=4449#article\",\"isPartOf\":{\"@id\":\"https:\/\/terrasdebasto.pt\/?p=4449\"},\"author\":{\"name\":\"Jo\u00e3o Paulo Mesquita\",\"@id\":\"https:\/\/terrasdebasto.pt\/#\/schema\/person\/9f6739f5394ac65c802641773b278b84\"},\"headline\":\"Celorico requalifica \u00e1reas empresariais\",\"datePublished\":\"2025-10-22T11:56:07+00:00\",\"mainEntityOfPage\":{\"@id\":\"https:\/\/terrasdebasto.pt\/?p=4449\"},\"wordCount\":422,\"commentCount\":0,\"publisher\":{\"@id\":\"https:\/\/terrasdebasto.pt\/#organization\"},\"image\":{\"@id\":\"https:\/\/terrasdebasto.pt\/?p=4449#primaryimage\"},\"thumbnailUrl\":\"https:\/\/terrasdebasto.pt\/wp-content\/uploads\/2025\/10\/AREAS-EMPRESARIAIS-CELORICO-1.jpg\",\"keywords\":[\"Celorico de Basto\",\"Zonas industriais\"],\"articleSection\":[\"Celorico de Basto\",\"Terras de Basto\"],\"inLanguage\":\"pt-PT\",\"potentialAction\":[{\"@type\":\"CommentAction\",\"name\":\"Comment\",\"target\":[\"https:\/\/terrasdebasto.pt\/?p=4449#respond\"]}]},{\"@type\":\"WebPage\",\"@id\":\"https:\/\/terrasdebasto.pt\/?p=4449\",\"url\":\"https:\/\/terrasdebasto.pt\/?p=4449\",\"name\":\"Celorico requalifica \u00e1reas empresariais - Jornal Terras de Basto\",\"isPartOf\":{\"@id\":\"https:\/\/terrasdebasto.pt\/#website\"},\"primaryImageOfPage\":{\"@id\":\"https:\/\/terrasdebasto.pt\/?p=4449#primaryimage\"},\"image\":{\"@id\":\"https:\/\/terrasdebasto.pt\/?p=4449#primaryimage\"},\"thumbnailUrl\":\"https:\/\/terrasdebasto.pt\/wp-content\/uploads\/2025\/10\/AREAS-EMPRESARIAIS-CELORICO-1.jpg\",\"datePublished\":\"2025-10-22T11:56:07+00:00\",\"description\":\"Celorico de Basto viu agora aprovadas duas candidaturas ao \u201cNorte 2030\u201d, num valor global aproximado dos 2 milh\u00f5es e 230 mil euros, destinadas \u00e0 cria\u00e7\u00e3o e expans\u00e3o de \u00e1reas de acolhimento empresarial.\",\"breadcrumb\":{\"@id\":\"https:\/\/terrasdebasto.pt\/?p=4449#breadcrumb\"},\"inLanguage\":\"pt-PT\",\"potentialAction\":[{\"@type\":\"ReadAction\",\"target\":[\"https:\/\/terrasdebasto.pt\/?p=4449\"]}]},{\"@type\":\"ImageObject\",\"inLanguage\":\"pt-PT\",\"@id\":\"https:\/\/terrasdebasto.pt\/?p=4449#primaryimage\",\"url\":\"https:\/\/terrasdebasto.pt\/wp-content\/uploads\/2025\/10\/AREAS-EMPRESARIAIS-CELORICO-1.jpg\",\"contentUrl\":\"https:\/\/terrasdebasto.pt\/wp-content\/uploads\/2025\/10\/AREAS-EMPRESARIAIS-CELORICO-1.jpg\",\"width\":2048,\"height\":1056,\"caption\":\"default\"},{\"@type\":\"BreadcrumbList\",\"@id\":\"https:\/\/terrasdebasto.pt\/?p=4449#breadcrumb\",\"itemListElement\":[{\"@type\":\"ListItem\",\"position\":1,\"name\":\"In\u00edcio\",\"item\":\"https:\/\/terrasdebasto.pt\/\"},{\"@type\":\"ListItem\",\"position\":2,\"name\":\"Celorico requalifica \u00e1reas empresariais\"}]},{\"@type\":\"WebSite\",\"@id\":\"https:\/\/terrasdebasto.pt\/#website\",\"url\":\"https:\/\/terrasdebasto.pt\/\",\"name\":\"Jornal Terras de Basto\",\"description\":\"\",\"publisher\":{\"@id\":\"https:\/\/terrasdebasto.pt\/#organization\"},\"potentialAction\":[{\"@type\":\"SearchAction\",\"target\":{\"@type\":\"EntryPoint\",\"urlTemplate\":\"https:\/\/terrasdebasto.pt\/?s={search_term_string}\"},\"query-input\":{\"@type\":\"PropertyValueSpecification\",\"valueRequired\":true,\"valueName\":\"search_term_string\"}}],\"inLanguage\":\"pt-PT\"},{\"@type\":\"Organization\",\"@id\":\"https:\/\/terrasdebasto.pt\/#organization\",\"name\":\"Jornal Terras de Basto\",\"url\":\"https:\/\/terrasdebasto.pt\/\",\"logo\":{\"@type\":\"ImageObject\",\"inLanguage\":\"pt-PT\",\"@id\":\"https:\/\/terrasdebasto.pt\/#\/schema\/logo\/image\/\",\"url\":\"https:\/\/terrasdebasto.pt\/wp-content\/uploads\/2024\/06\/LogoNormal.png\",\"contentUrl\":\"https:\/\/terrasdebasto.pt\/wp-content\/uploads\/2024\/06\/LogoNormal.png\",\"width\":5638,\"height\":809,\"caption\":\"Jornal Terras de Basto\"},\"image\":{\"@id\":\"https:\/\/terrasdebasto.pt\/#\/schema\/logo\/image\/\"}},{\"@type\":\"Person\",\"@id\":\"https:\/\/terrasdebasto.pt\/#\/schema\/person\/9f6739f5394ac65c802641773b278b84\",\"name\":\"Jo\u00e3o Paulo Mesquita\",\"image\":{\"@type\":\"ImageObject\",\"inLanguage\":\"pt-PT\",\"@id\":\"https:\/\/terrasdebasto.pt\/#\/schema\/person\/image\/\",\"url\":\"https:\/\/secure.gravatar.com\/avatar\/9bd0f299e6d96336664aab64354168246a3ee3287c47891c50d450e47ed9d7f9?s=96&d=mm&r=g\",\"contentUrl\":\"https:\/\/secure.gravatar.com\/avatar\/9bd0f299e6d96336664aab64354168246a3ee3287c47891c50d450e47ed9d7f9?s=96&d=mm&r=g\",\"caption\":\"Jo\u00e3o Paulo Mesquita\"},\"url\":\"https:\/\/terrasdebasto.pt\/?author=7\"}]}<\/script>\n<!-- \/ Yoast SEO plugin. -->","yoast_head_json":{"title":"Celorico requalifica \u00e1reas empresariais - Jornal Terras de Basto","description":"Celorico de Basto viu agora aprovadas duas candidaturas ao \u201cNorte 2030\u201d, num valor global aproximado dos 2 milh\u00f5es e 230 mil euros, destinadas \u00e0 cria\u00e7\u00e3o e expans\u00e3o de \u00e1reas de acolhimento empresarial.","robots":{"index":"index","follow":"follow","max-snippet":"max-snippet:-1","max-image-preview":"max-image-preview:large","max-video-preview":"max-video-preview:-1"},"canonical":"https:\/\/terrasdebasto.pt\/?p=4449","og_locale":"pt_PT","og_type":"article","og_title":"Celorico requalifica \u00e1reas empresariais - Jornal Terras de Basto","og_description":"Celorico de Basto viu agora aprovadas duas candidaturas ao \u201cNorte 2030\u201d, num valor global aproximado dos 2 milh\u00f5es e 230 mil euros, destinadas \u00e0 cria\u00e7\u00e3o e expans\u00e3o de \u00e1reas de acolhimento empresarial.","og_url":"https:\/\/terrasdebasto.pt\/?p=4449","og_site_name":"Jornal Terras de Basto","article_published_time":"2025-10-22T11:56:07+00:00","og_image":[{"width":2048,"height":1056,"url":"https:\/\/terrasdebasto.pt\/wp-content\/uploads\/2025\/10\/AREAS-EMPRESARIAIS-CELORICO-1.jpg","type":"image\/jpeg"}],"author":"Jo\u00e3o Paulo Mesquita","twitter_card":"summary_large_image","twitter_misc":{"Escrito por":"Jo\u00e3o Paulo Mesquita","Tempo estimado de leitura":"3 minutos"},"schema":{"@context":"https:\/\/schema.org","@graph":[{"@type":"Article","@id":"https:\/\/terrasdebasto.pt\/?p=4449#article","isPartOf":{"@id":"https:\/\/terrasdebasto.pt\/?p=4449"},"author":{"name":"Jo\u00e3o Paulo Mesquita","@id":"https:\/\/terrasdebasto.pt\/#\/schema\/person\/9f6739f5394ac65c802641773b278b84"},"headline":"Celorico requalifica \u00e1reas empresariais","datePublished":"2025-10-22T11:56:07+00:00","mainEntityOfPage":{"@id":"https:\/\/terrasdebasto.pt\/?p=4449"},"wordCount":422,"commentCount":0,"publisher":{"@id":"https:\/\/terrasdebasto.pt\/#organization"},"image":{"@id":"https:\/\/terrasdebasto.pt\/?p=4449#primaryimage"},"thumbnailUrl":"https:\/\/terrasdebasto.pt\/wp-content\/uploads\/2025\/10\/AREAS-EMPRESARIAIS-CELORICO-1.jpg","keywords":["Celorico de Basto","Zonas industriais"],"articleSection":["Celorico de Basto","Terras de Basto"],"inLanguage":"pt-PT","potentialAction":[{"@type":"CommentAction","name":"Comment","target":["https:\/\/terrasdebasto.pt\/?p=4449#respond"]}]},{"@type":"WebPage","@id":"https:\/\/terrasdebasto.pt\/?p=4449","url":"https:\/\/terrasdebasto.pt\/?p=4449","name":"Celorico requalifica \u00e1reas empresariais - Jornal Terras de Basto","isPartOf":{"@id":"https:\/\/terrasdebasto.pt\/#website"},"primaryImageOfPage":{"@id":"https:\/\/terrasdebasto.pt\/?p=4449#primaryimage"},"image":{"@id":"https:\/\/terrasdebasto.pt\/?p=4449#primaryimage"},"thumbnailUrl":"https:\/\/terrasdebasto.pt\/wp-content\/uploads\/2025\/10\/AREAS-EMPRESARIAIS-CELORICO-1.jpg","datePublished":"2025-10-22T11:56:07+00:00","description":"Celorico de Basto viu agora aprovadas duas candidaturas ao \u201cNorte 2030\u201d, num valor global aproximado dos 2 milh\u00f5es e 230 mil euros, destinadas \u00e0 cria\u00e7\u00e3o e expans\u00e3o de \u00e1reas de acolhimento empresarial.","breadcrumb":{"@id":"https:\/\/terrasdebasto.pt\/?p=4449#breadcrumb"},"inLanguage":"pt-PT","potentialAction":[{"@type":"ReadAction","target":["https:\/\/terrasdebasto.pt\/?p=4449"]}]},{"@type":"ImageObject","inLanguage":"pt-PT","@id":"https:\/\/terrasdebasto.pt\/?p=4449#primaryimage","url":"https:\/\/terrasdebasto.pt\/wp-content\/uploads\/2025\/10\/AREAS-EMPRESARIAIS-CELORICO-1.jpg","contentUrl":"https:\/\/terrasdebasto.pt\/wp-content\/uploads\/2025\/10\/AREAS-EMPRESARIAIS-CELORICO-1.jpg","width":2048,"height":1056,"caption":"default"},{"@type":"BreadcrumbList","@id":"https:\/\/terrasdebasto.pt\/?p=4449#breadcrumb","itemListElement":[{"@type":"ListItem","position":1,"name":"In\u00edcio","item":"https:\/\/terrasdebasto.pt\/"},{"@type":"ListItem","position":2,"name":"Celorico requalifica \u00e1reas empresariais"}]},{"@type":"WebSite","@id":"https:\/\/terrasdebasto.pt\/#website","url":"https:\/\/terrasdebasto.pt\/","name":"Jornal Terras de Basto","description":"","publisher":{"@id":"https:\/\/terrasdebasto.pt\/#organization"},"potentialAction":[{"@type":"SearchAction","target":{"@type":"EntryPoint","urlTemplate":"https:\/\/terrasdebasto.pt\/?s={search_term_string}"},"query-input":{"@type":"PropertyValueSpecification","valueRequired":true,"valueName":"search_term_string"}}],"inLanguage":"pt-PT"},{"@type":"Organization","@id":"https:\/\/terrasdebasto.pt\/#organization","name":"Jornal Terras de Basto","url":"https:\/\/terrasdebasto.pt\/","logo":{"@type":"ImageObject","inLanguage":"pt-PT","@id":"https:\/\/terrasdebasto.pt\/#\/schema\/logo\/image\/","url":"https:\/\/terrasdebasto.pt\/wp-content\/uploads\/2024\/06\/LogoNormal.png","contentUrl":"https:\/\/terrasdebasto.pt\/wp-content\/uploads\/2024\/06\/LogoNormal.png","width":5638,"height":809,"caption":"Jornal Terras de Basto"},"image":{"@id":"https:\/\/terrasdebasto.pt\/#\/schema\/logo\/image\/"}},{"@type":"Person","@id":"https:\/\/terrasdebasto.pt\/#\/schema\/person\/9f6739f5394ac65c802641773b278b84","name":"Jo\u00e3o Paulo Mesquita","image":{"@type":"ImageObject","inLanguage":"pt-PT","@id":"https:\/\/terrasdebasto.pt\/#\/schema\/person\/image\/","url":"https:\/\/secure.gravatar.com\/avatar\/9bd0f299e6d96336664aab64354168246a3ee3287c47891c50d450e47ed9d7f9?s=96&d=mm&r=g","contentUrl":"https:\/\/secure.gravatar.com\/avatar\/9bd0f299e6d96336664aab64354168246a3ee3287c47891c50d450e47ed9d7f9?s=96&d=mm&r=g","caption":"Jo\u00e3o Paulo Mesquita"},"url":"https:\/\/terrasdebasto.pt\/?author=7"}]}},"_links":{"self":[{"href":"https:\/\/terrasdebasto.pt\/index.php?rest_route=\/wp\/v2\/posts\/4449","targetHints":{"allow":["GET"]}}],"collection":[{"href":"https:\/\/terrasdebasto.pt\/index.php?rest_route=\/wp\/v2\/posts"}],"about":[{"href":"https:\/\/terrasdebasto.pt\/index.php?rest_route=\/wp\/v2\/types\/post"}],"author":[{"embeddable":true,"href":"https:\/\/terrasdebasto.pt\/index.php?rest_route=\/wp\/v2\/users\/7"}],"replies":[{"embeddable":true,"href":"https:\/\/terrasdebasto.pt\/index.php?rest_route=%2Fwp%2Fv2%2Fcomments&post=4449"}],"version-history":[{"count":1,"href":"https:\/\/terrasdebasto.pt\/index.php?rest_route=\/wp\/v2\/posts\/4449\/revisions"}],"predecessor-version":[{"id":4451,"href":"https:\/\/terrasdebasto.pt\/index.php?rest_route=\/wp\/v2\/posts\/4449\/revisions\/4451"}],"wp:featuredmedia":[{"embeddable":true,"href":"https:\/\/terrasdebasto.pt\/index.php?rest_route=\/wp\/v2\/media\/4450"}],"wp:attachment":[{"href":"https:\/\/terrasdebasto.pt\/index.php?rest_route=%2Fwp%2Fv2%2Fmedia&parent=4449"}],"wp:term":[{"taxonomy":"category","embeddable":true,"href":"https:\/\/terrasdebasto.pt\/index.php?rest_route=%2Fwp%2Fv2%2Fcategories&post=4449"},{"taxonomy":"post_tag","embeddable":true,"href":"https:\/\/terrasdebasto.pt\/index.php?rest_route=%2Fwp%2Fv2%2Ftags&post=4449"}],"curies":[{"name":"wp","href":"https:\/\/api.w.org\/{rel}","templated":true}]}}