{"id":4443,"date":"2025-10-22T11:30:57","date_gmt":"2025-10-22T11:30:57","guid":{"rendered":"https:\/\/terrasdebasto.pt\/?p=4443"},"modified":"2025-10-22T11:36:14","modified_gmt":"2025-10-22T11:36:14","slug":"celorico-de-basto-bolsas-para-universitarios","status":"publish","type":"post","link":"https:\/\/terrasdebasto.pt\/?p=4443","title":{"rendered":"Celorico de Basto: bolsas para universit\u00e1rios"},"content":{"rendered":"\n<p><\/p>\n\n\n\n<p><strong>Est\u00e1 a decorrer, em Celorico de Basto, o per\u00edodo para formaliza\u00e7\u00e3o de candidaturas a apoios municipais aos estudantes que frequentam o ensino superior, que devem ser conclu\u00eddas at\u00e9 15 de novembro.<\/strong><\/p>\n\n\n\n<p>Podem candidatar-se estudantes cujo rendimento do agregado familiar seja igual ou inferior a 5 IAS (Indexante de Apoios Sociais) e as candidaturas devem ser efetivadas \u201conline\u201d, em <a href=\"https:\/\/www.mun-celoricodebasto.pt\/viver\/educacao-e-formacao\/ensino-superior\/#gf_29\">https:\/\/www.mun-celoricodebasto.pt\/viver\/educacao-e-formacao\/ensino-superior\/#gf_29<\/a><\/p>\n\n\n\n<p>\u00abEste aumento do IAS vem alargar o n\u00famero de benefici\u00e1rios e ajudar mais fam\u00edlias no percurso acad\u00e9mico dos seus filhos\u00bb, diz a vereadora da tutela, que releva a import\u00e2ncia da forma\u00e7\u00e3o acad\u00e9mica dos jovens celoricenses tamb\u00e9m para o desenvolvimento do concelho.<\/p>\n\n\n\n<p>\u00abAs dificuldades econ\u00f3micas n\u00e3o podem ser fator dissuasor da continuidade dos estudos, independentemente das notas ou dos sonhos de cada um. Este apoio \u00e9 mais um incentivo \u00e0 continuidade da forma\u00e7\u00e3o e da qualifica\u00e7\u00e3o, com o objetivo de facilitar o ingresso na vida profissional\u00bb, diz Maria Jos\u00e9 Marinho.<\/p>\n\n\n\n<p>Este \u00e9 o terceiro ano que o munic\u00edpio atribui bolsas de estudo dirigidas a estudantes do ensino superior, desde que integrados em agregados familiares economicamente mais d\u00e9beis.<\/p>\n\n\n\n<p>O valor da bolsa \u00e9 atribu\u00eddo de acordo com o escal\u00e3o de rendimentos (A, B, C) e faz-se mediante o pagamento de uma \u00fanica presta\u00e7\u00e3o \u2013 no valor de 600\u20ac, 400\u20ac ou 200\u20ac &#8211;, que disponibiliza para o efeito um valor global de 63.000\u20ac.<\/p>\n\n\n\n<p>Al\u00e9m das condi\u00e7\u00f5es econ\u00f3micas, os candidatos t\u00eam de corresponder a requisitos afixados no respetivo regulamento, dispon\u00edvel para consulta na p\u00e1gina oficial do munic\u00edpio.<\/p>\n\n\n\n<p><\/p>\n","protected":false},"excerpt":{"rendered":"<p>Est\u00e1 a decorrer, em Celorico de Basto, o per\u00edodo para formaliza\u00e7\u00e3o de candidaturas a apoios municipais aos estudantes que frequentam o ensino superior, que devem ser conclu\u00eddas at\u00e9 15 de novembro. Podem candidatar-se estudantes cujo rendimento do agregado familiar seja igual ou inferior a 5 IAS (Indexante de Apoios Sociais) e as candidaturas devem ser [&hellip;]<\/p>\n","protected":false},"author":7,"featured_media":4445,"comment_status":"open","ping_status":"open","sticky":false,"template":"","format":"standard","meta":{"footnotes":""},"categories":[13,11],"tags":[431,40,974],"class_list":{"0":"post-4443","1":"post","2":"type-post","3":"status-publish","4":"format-standard","5":"has-post-thumbnail","7":"category-celorico-de-basto","8":"category-educacao","9":"tag-bolsas-de-estudo","10":"tag-celorico-de-basto","11":"tag-universitarios"},"yoast_head":"<!-- This site is optimized with the Yoast SEO plugin v25.7 - https:\/\/yoast.com\/wordpress\/plugins\/seo\/ -->\n<title>Celorico de Basto: bolsas para universit\u00e1rios - Jornal Terras de Basto<\/title>\n<meta name=\"description\" content=\"Est\u00e1 a decorrer, em Celorico de Basto, o per\u00edodo para formaliza\u00e7\u00e3o de candidaturas a apoios municipais aos estudantes que frequentam o ensino superior, que devem ser conclu\u00eddas at\u00e9 15 de novembro.\" \/>\n<meta name=\"robots\" content=\"index, follow, max-snippet:-1, max-image-preview:large, max-video-preview:-1\" \/>\n<link rel=\"canonical\" href=\"https:\/\/terrasdebasto.pt\/?p=4443\" \/>\n<meta property=\"og:locale\" content=\"pt_PT\" \/>\n<meta property=\"og:type\" content=\"article\" \/>\n<meta property=\"og:title\" content=\"Celorico de Basto: bolsas para universit\u00e1rios - Jornal Terras de Basto\" \/>\n<meta property=\"og:description\" content=\"Est\u00e1 a decorrer, em Celorico de Basto, o per\u00edodo para formaliza\u00e7\u00e3o de candidaturas a apoios municipais aos estudantes que frequentam o ensino superior, que devem ser conclu\u00eddas at\u00e9 15 de novembro.\" \/>\n<meta property=\"og:url\" content=\"https:\/\/terrasdebasto.pt\/?p=4443\" \/>\n<meta property=\"og:site_name\" content=\"Jornal Terras de Basto\" \/>\n<meta property=\"article:published_time\" content=\"2025-10-22T11:30:57+00:00\" \/>\n<meta property=\"article:modified_time\" content=\"2025-10-22T11:36:14+00:00\" \/>\n<meta property=\"og:image\" content=\"https:\/\/terrasdebasto.pt\/wp-content\/uploads\/2025\/10\/ESTUDANTES.png\" \/>\n\t<meta property=\"og:image:width\" content=\"1080\" \/>\n\t<meta property=\"og:image:height\" content=\"738\" \/>\n\t<meta property=\"og:image:type\" content=\"image\/png\" \/>\n<meta name=\"author\" content=\"Jo\u00e3o Paulo Mesquita\" \/>\n<meta name=\"twitter:card\" content=\"summary_large_image\" \/>\n<meta name=\"twitter:label1\" content=\"Escrito por\" \/>\n\t<meta name=\"twitter:data1\" content=\"Jo\u00e3o Paulo Mesquita\" \/>\n\t<meta name=\"twitter:label2\" content=\"Tempo estimado de leitura\" \/>\n\t<meta name=\"twitter:data2\" content=\"2 minutos\" \/>\n<script type=\"application\/ld+json\" class=\"yoast-schema-graph\">{\"@context\":\"https:\/\/schema.org\",\"@graph\":[{\"@type\":\"Article\",\"@id\":\"https:\/\/terrasdebasto.pt\/?p=4443#article\",\"isPartOf\":{\"@id\":\"https:\/\/terrasdebasto.pt\/?p=4443\"},\"author\":{\"name\":\"Jo\u00e3o Paulo Mesquita\",\"@id\":\"https:\/\/terrasdebasto.pt\/#\/schema\/person\/9f6739f5394ac65c802641773b278b84\"},\"headline\":\"Celorico de Basto: bolsas para universit\u00e1rios\",\"datePublished\":\"2025-10-22T11:30:57+00:00\",\"dateModified\":\"2025-10-22T11:36:14+00:00\",\"mainEntityOfPage\":{\"@id\":\"https:\/\/terrasdebasto.pt\/?p=4443\"},\"wordCount\":272,\"commentCount\":0,\"publisher\":{\"@id\":\"https:\/\/terrasdebasto.pt\/#organization\"},\"image\":{\"@id\":\"https:\/\/terrasdebasto.pt\/?p=4443#primaryimage\"},\"thumbnailUrl\":\"https:\/\/terrasdebasto.pt\/wp-content\/uploads\/2025\/10\/ESTUDANTES.png\",\"keywords\":[\"Bolsas de Estudo\",\"Celorico de Basto\",\"Universit\u00e1rios\"],\"articleSection\":[\"Celorico de Basto\",\"Educa\u00e7\u00e3o\"],\"inLanguage\":\"pt-PT\",\"potentialAction\":[{\"@type\":\"CommentAction\",\"name\":\"Comment\",\"target\":[\"https:\/\/terrasdebasto.pt\/?p=4443#respond\"]}]},{\"@type\":\"WebPage\",\"@id\":\"https:\/\/terrasdebasto.pt\/?p=4443\",\"url\":\"https:\/\/terrasdebasto.pt\/?p=4443\",\"name\":\"Celorico de Basto: bolsas para universit\u00e1rios - Jornal Terras de Basto\",\"isPartOf\":{\"@id\":\"https:\/\/terrasdebasto.pt\/#website\"},\"primaryImageOfPage\":{\"@id\":\"https:\/\/terrasdebasto.pt\/?p=4443#primaryimage\"},\"image\":{\"@id\":\"https:\/\/terrasdebasto.pt\/?p=4443#primaryimage\"},\"thumbnailUrl\":\"https:\/\/terrasdebasto.pt\/wp-content\/uploads\/2025\/10\/ESTUDANTES.png\",\"datePublished\":\"2025-10-22T11:30:57+00:00\",\"dateModified\":\"2025-10-22T11:36:14+00:00\",\"description\":\"Est\u00e1 a decorrer, em Celorico de Basto, o per\u00edodo para formaliza\u00e7\u00e3o de candidaturas a apoios municipais aos estudantes que frequentam o ensino superior, que devem ser conclu\u00eddas at\u00e9 15 de novembro.\",\"breadcrumb\":{\"@id\":\"https:\/\/terrasdebasto.pt\/?p=4443#breadcrumb\"},\"inLanguage\":\"pt-PT\",\"potentialAction\":[{\"@type\":\"ReadAction\",\"target\":[\"https:\/\/terrasdebasto.pt\/?p=4443\"]}]},{\"@type\":\"ImageObject\",\"inLanguage\":\"pt-PT\",\"@id\":\"https:\/\/terrasdebasto.pt\/?p=4443#primaryimage\",\"url\":\"https:\/\/terrasdebasto.pt\/wp-content\/uploads\/2025\/10\/ESTUDANTES.png\",\"contentUrl\":\"https:\/\/terrasdebasto.pt\/wp-content\/uploads\/2025\/10\/ESTUDANTES.png\",\"width\":1080,\"height\":738},{\"@type\":\"BreadcrumbList\",\"@id\":\"https:\/\/terrasdebasto.pt\/?p=4443#breadcrumb\",\"itemListElement\":[{\"@type\":\"ListItem\",\"position\":1,\"name\":\"In\u00edcio\",\"item\":\"https:\/\/terrasdebasto.pt\/\"},{\"@type\":\"ListItem\",\"position\":2,\"name\":\"Celorico de Basto: bolsas para universit\u00e1rios\"}]},{\"@type\":\"WebSite\",\"@id\":\"https:\/\/terrasdebasto.pt\/#website\",\"url\":\"https:\/\/terrasdebasto.pt\/\",\"name\":\"Jornal Terras de Basto\",\"description\":\"\",\"publisher\":{\"@id\":\"https:\/\/terrasdebasto.pt\/#organization\"},\"potentialAction\":[{\"@type\":\"SearchAction\",\"target\":{\"@type\":\"EntryPoint\",\"urlTemplate\":\"https:\/\/terrasdebasto.pt\/?s={search_term_string}\"},\"query-input\":{\"@type\":\"PropertyValueSpecification\",\"valueRequired\":true,\"valueName\":\"search_term_string\"}}],\"inLanguage\":\"pt-PT\"},{\"@type\":\"Organization\",\"@id\":\"https:\/\/terrasdebasto.pt\/#organization\",\"name\":\"Jornal Terras de Basto\",\"url\":\"https:\/\/terrasdebasto.pt\/\",\"logo\":{\"@type\":\"ImageObject\",\"inLanguage\":\"pt-PT\",\"@id\":\"https:\/\/terrasdebasto.pt\/#\/schema\/logo\/image\/\",\"url\":\"https:\/\/terrasdebasto.pt\/wp-content\/uploads\/2024\/06\/LogoNormal.png\",\"contentUrl\":\"https:\/\/terrasdebasto.pt\/wp-content\/uploads\/2024\/06\/LogoNormal.png\",\"width\":5638,\"height\":809,\"caption\":\"Jornal Terras de Basto\"},\"image\":{\"@id\":\"https:\/\/terrasdebasto.pt\/#\/schema\/logo\/image\/\"}},{\"@type\":\"Person\",\"@id\":\"https:\/\/terrasdebasto.pt\/#\/schema\/person\/9f6739f5394ac65c802641773b278b84\",\"name\":\"Jo\u00e3o Paulo Mesquita\",\"image\":{\"@type\":\"ImageObject\",\"inLanguage\":\"pt-PT\",\"@id\":\"https:\/\/terrasdebasto.pt\/#\/schema\/person\/image\/\",\"url\":\"https:\/\/secure.gravatar.com\/avatar\/9bd0f299e6d96336664aab64354168246a3ee3287c47891c50d450e47ed9d7f9?s=96&d=mm&r=g\",\"contentUrl\":\"https:\/\/secure.gravatar.com\/avatar\/9bd0f299e6d96336664aab64354168246a3ee3287c47891c50d450e47ed9d7f9?s=96&d=mm&r=g\",\"caption\":\"Jo\u00e3o Paulo Mesquita\"},\"url\":\"https:\/\/terrasdebasto.pt\/?author=7\"}]}<\/script>\n<!-- \/ Yoast SEO plugin. -->","yoast_head_json":{"title":"Celorico de Basto: bolsas para universit\u00e1rios - Jornal Terras de Basto","description":"Est\u00e1 a decorrer, em Celorico de Basto, o per\u00edodo para formaliza\u00e7\u00e3o de candidaturas a apoios municipais aos estudantes que frequentam o ensino superior, que devem ser conclu\u00eddas at\u00e9 15 de novembro.","robots":{"index":"index","follow":"follow","max-snippet":"max-snippet:-1","max-image-preview":"max-image-preview:large","max-video-preview":"max-video-preview:-1"},"canonical":"https:\/\/terrasdebasto.pt\/?p=4443","og_locale":"pt_PT","og_type":"article","og_title":"Celorico de Basto: bolsas para universit\u00e1rios - Jornal Terras de Basto","og_description":"Est\u00e1 a decorrer, em Celorico de Basto, o per\u00edodo para formaliza\u00e7\u00e3o de candidaturas a apoios municipais aos estudantes que frequentam o ensino superior, que devem ser conclu\u00eddas at\u00e9 15 de novembro.","og_url":"https:\/\/terrasdebasto.pt\/?p=4443","og_site_name":"Jornal Terras de Basto","article_published_time":"2025-10-22T11:30:57+00:00","article_modified_time":"2025-10-22T11:36:14+00:00","og_image":[{"width":1080,"height":738,"url":"https:\/\/terrasdebasto.pt\/wp-content\/uploads\/2025\/10\/ESTUDANTES.png","type":"image\/png"}],"author":"Jo\u00e3o Paulo Mesquita","twitter_card":"summary_large_image","twitter_misc":{"Escrito por":"Jo\u00e3o Paulo Mesquita","Tempo estimado de leitura":"2 minutos"},"schema":{"@context":"https:\/\/schema.org","@graph":[{"@type":"Article","@id":"https:\/\/terrasdebasto.pt\/?p=4443#article","isPartOf":{"@id":"https:\/\/terrasdebasto.pt\/?p=4443"},"author":{"name":"Jo\u00e3o Paulo Mesquita","@id":"https:\/\/terrasdebasto.pt\/#\/schema\/person\/9f6739f5394ac65c802641773b278b84"},"headline":"Celorico de Basto: bolsas para universit\u00e1rios","datePublished":"2025-10-22T11:30:57+00:00","dateModified":"2025-10-22T11:36:14+00:00","mainEntityOfPage":{"@id":"https:\/\/terrasdebasto.pt\/?p=4443"},"wordCount":272,"commentCount":0,"publisher":{"@id":"https:\/\/terrasdebasto.pt\/#organization"},"image":{"@id":"https:\/\/terrasdebasto.pt\/?p=4443#primaryimage"},"thumbnailUrl":"https:\/\/terrasdebasto.pt\/wp-content\/uploads\/2025\/10\/ESTUDANTES.png","keywords":["Bolsas de Estudo","Celorico de Basto","Universit\u00e1rios"],"articleSection":["Celorico de Basto","Educa\u00e7\u00e3o"],"inLanguage":"pt-PT","potentialAction":[{"@type":"CommentAction","name":"Comment","target":["https:\/\/terrasdebasto.pt\/?p=4443#respond"]}]},{"@type":"WebPage","@id":"https:\/\/terrasdebasto.pt\/?p=4443","url":"https:\/\/terrasdebasto.pt\/?p=4443","name":"Celorico de Basto: bolsas para universit\u00e1rios - Jornal Terras de Basto","isPartOf":{"@id":"https:\/\/terrasdebasto.pt\/#website"},"primaryImageOfPage":{"@id":"https:\/\/terrasdebasto.pt\/?p=4443#primaryimage"},"image":{"@id":"https:\/\/terrasdebasto.pt\/?p=4443#primaryimage"},"thumbnailUrl":"https:\/\/terrasdebasto.pt\/wp-content\/uploads\/2025\/10\/ESTUDANTES.png","datePublished":"2025-10-22T11:30:57+00:00","dateModified":"2025-10-22T11:36:14+00:00","description":"Est\u00e1 a decorrer, em Celorico de Basto, o per\u00edodo para formaliza\u00e7\u00e3o de candidaturas a apoios municipais aos estudantes que frequentam o ensino superior, que devem ser conclu\u00eddas at\u00e9 15 de novembro.","breadcrumb":{"@id":"https:\/\/terrasdebasto.pt\/?p=4443#breadcrumb"},"inLanguage":"pt-PT","potentialAction":[{"@type":"ReadAction","target":["https:\/\/terrasdebasto.pt\/?p=4443"]}]},{"@type":"ImageObject","inLanguage":"pt-PT","@id":"https:\/\/terrasdebasto.pt\/?p=4443#primaryimage","url":"https:\/\/terrasdebasto.pt\/wp-content\/uploads\/2025\/10\/ESTUDANTES.png","contentUrl":"https:\/\/terrasdebasto.pt\/wp-content\/uploads\/2025\/10\/ESTUDANTES.png","width":1080,"height":738},{"@type":"BreadcrumbList","@id":"https:\/\/terrasdebasto.pt\/?p=4443#breadcrumb","itemListElement":[{"@type":"ListItem","position":1,"name":"In\u00edcio","item":"https:\/\/terrasdebasto.pt\/"},{"@type":"ListItem","position":2,"name":"Celorico de Basto: bolsas para universit\u00e1rios"}]},{"@type":"WebSite","@id":"https:\/\/terrasdebasto.pt\/#website","url":"https:\/\/terrasdebasto.pt\/","name":"Jornal Terras de Basto","description":"","publisher":{"@id":"https:\/\/terrasdebasto.pt\/#organization"},"potentialAction":[{"@type":"SearchAction","target":{"@type":"EntryPoint","urlTemplate":"https:\/\/terrasdebasto.pt\/?s={search_term_string}"},"query-input":{"@type":"PropertyValueSpecification","valueRequired":true,"valueName":"search_term_string"}}],"inLanguage":"pt-PT"},{"@type":"Organization","@id":"https:\/\/terrasdebasto.pt\/#organization","name":"Jornal Terras de Basto","url":"https:\/\/terrasdebasto.pt\/","logo":{"@type":"ImageObject","inLanguage":"pt-PT","@id":"https:\/\/terrasdebasto.pt\/#\/schema\/logo\/image\/","url":"https:\/\/terrasdebasto.pt\/wp-content\/uploads\/2024\/06\/LogoNormal.png","contentUrl":"https:\/\/terrasdebasto.pt\/wp-content\/uploads\/2024\/06\/LogoNormal.png","width":5638,"height":809,"caption":"Jornal Terras de Basto"},"image":{"@id":"https:\/\/terrasdebasto.pt\/#\/schema\/logo\/image\/"}},{"@type":"Person","@id":"https:\/\/terrasdebasto.pt\/#\/schema\/person\/9f6739f5394ac65c802641773b278b84","name":"Jo\u00e3o Paulo Mesquita","image":{"@type":"ImageObject","inLanguage":"pt-PT","@id":"https:\/\/terrasdebasto.pt\/#\/schema\/person\/image\/","url":"https:\/\/secure.gravatar.com\/avatar\/9bd0f299e6d96336664aab64354168246a3ee3287c47891c50d450e47ed9d7f9?s=96&d=mm&r=g","contentUrl":"https:\/\/secure.gravatar.com\/avatar\/9bd0f299e6d96336664aab64354168246a3ee3287c47891c50d450e47ed9d7f9?s=96&d=mm&r=g","caption":"Jo\u00e3o Paulo Mesquita"},"url":"https:\/\/terrasdebasto.pt\/?author=7"}]}},"_links":{"self":[{"href":"https:\/\/terrasdebasto.pt\/index.php?rest_route=\/wp\/v2\/posts\/4443","targetHints":{"allow":["GET"]}}],"collection":[{"href":"https:\/\/terrasdebasto.pt\/index.php?rest_route=\/wp\/v2\/posts"}],"about":[{"href":"https:\/\/terrasdebasto.pt\/index.php?rest_route=\/wp\/v2\/types\/post"}],"author":[{"embeddable":true,"href":"https:\/\/terrasdebasto.pt\/index.php?rest_route=\/wp\/v2\/users\/7"}],"replies":[{"embeddable":true,"href":"https:\/\/terrasdebasto.pt\/index.php?rest_route=%2Fwp%2Fv2%2Fcomments&post=4443"}],"version-history":[{"count":3,"href":"https:\/\/terrasdebasto.pt\/index.php?rest_route=\/wp\/v2\/posts\/4443\/revisions"}],"predecessor-version":[{"id":4448,"href":"https:\/\/terrasdebasto.pt\/index.php?rest_route=\/wp\/v2\/posts\/4443\/revisions\/4448"}],"wp:featuredmedia":[{"embeddable":true,"href":"https:\/\/terrasdebasto.pt\/index.php?rest_route=\/wp\/v2\/media\/4445"}],"wp:attachment":[{"href":"https:\/\/terrasdebasto.pt\/index.php?rest_route=%2Fwp%2Fv2%2Fmedia&parent=4443"}],"wp:term":[{"taxonomy":"category","embeddable":true,"href":"https:\/\/terrasdebasto.pt\/index.php?rest_route=%2Fwp%2Fv2%2Fcategories&post=4443"},{"taxonomy":"post_tag","embeddable":true,"href":"https:\/\/terrasdebasto.pt\/index.php?rest_route=%2Fwp%2Fv2%2Ftags&post=4443"}],"curies":[{"name":"wp","href":"https:\/\/api.w.org\/{rel}","templated":true}]}}