{"id":4407,"date":"2025-05-29T23:46:27","date_gmt":"2025-05-29T23:46:27","guid":{"rendered":"https:\/\/terrasdebasto.pt\/?p=4407"},"modified":"2025-05-29T23:46:27","modified_gmt":"2025-05-29T23:46:27","slug":"praca-da-republica-camara-diz-que-barreto-e-oposicao-nao-tem-de-saber-de-nada","status":"publish","type":"post","link":"https:\/\/terrasdebasto.pt\/?p=4407","title":{"rendered":"Pra\u00e7a da Rep\u00fablica: C\u00e2mara diz que Barreto e Oposi\u00e7\u00e3o n\u00e3o t\u00eam de saber de nada"},"content":{"rendered":"\n<p><strong>A presid\u00eancia da C\u00e2mara Municipal de Cabeceiras de Basto considera que o presidente da Assembleia Municipal, tal como os vereadores sem tempo atribu\u00eddo, como \u00e9 o caso dos quatros vereadores na oposi\u00e7\u00e3o, n\u00e3o t\u00eam nada a saber sobre projetos como o da interven\u00e7\u00e3o em curso nos jardins da Pra\u00e7a da Rep\u00fablica.<\/strong><\/p>\n\n\n\n<p>Em esclarecimento atrav\u00e9s da p\u00e1gina no \u201cFacebook\u201d do jornal para-oficial, que prefere citar \u00abfonte jur\u00eddica especializada\u00bb n\u00e3o identificada, a presid\u00eancia do executivo vem a p\u00fablico dizer que \u00aba condu\u00e7\u00e3o de interven\u00e7\u00f5es como a requalifica\u00e7\u00e3o do jardim da Pra\u00e7a da Rep\u00fablica enquadra-se nas compet\u00eancias pr\u00f3prias\u00bb de Francisco Alves ou, por delega\u00e7\u00e3o, do vereador com o pelouro correspondente\u00bb.<\/p>\n\n\n\n<p>\u00abTrata-se de mat\u00e9rias de gest\u00e3o corrente e operacional do Munic\u00edpio, que n\u00e3o carecem de aprova\u00e7\u00e3o formal do Executivo em plen\u00e1rio, nem exigem comunica\u00e7\u00e3o pr\u00e9via aos vereadores sem pelouro atribu\u00eddo. Do mesmo modo, a Assembleia Municipal \u2013 e, por iner\u00eancia, a sua presid\u00eancia \u2013 n\u00e3o possui compet\u00eancia deliberativa ou fiscalizadora direta sobre este tipo de decis\u00f5es t\u00e9cnicas e executivas\u00bb, l\u00ea-se na p\u00e1gina do \u201cEcos de Basto\u201d no \u201cFacebook\u201d.<\/p>\n\n\n\n<p>Depois de se terem pronunciado sobre o assunto j\u00e1 na quarta-feira (28), atrav\u00e9s da r\u00e1dio local, os autarcas socialistas na C\u00e2mara de Cabeceiras de Basto reafirmam agora que estamos perante \u00abum processo perfeitamente legal, sustentado na autonomia administrativa das c\u00e2maras municipais consagrada no Regime Jur\u00eddico das Autarquias Locais\u00bb.<\/p>\n\n\n\n<p>Refira-se que o texto publicado no jornal \u2013 cujo diretor \u00e9 o autarca socialista Jos\u00e9 Lopes e a editora \u00e9 a filha do presidente da C\u00e2mara \u2013 pretende responder a uma tomada de posi\u00e7\u00e3o do tamb\u00e9m socialista Joaquim Barreto, que, em declara\u00e7\u00f5es ao Terras de Basto, reivindicava informa\u00e7\u00e3o sobre o projeto da interven\u00e7\u00e3o em curso, uma empreitada com custos da ordem dos 40 mi euros que alterou completamente as caracter\u00edsticas do jardim existente, completamente degradado em consequ\u00eancia de anos e anos de abandono.<\/p>\n\n\n\n<p>Tendo como primeiro subscritor o hist\u00f3rico dirigente socialista, est\u00e1 tamb\u00e9m a circular na vila uma peti\u00e7\u00e3o que reivindica ao presidente da C\u00e2mara \u00abinforma\u00e7\u00e3o urgente sobre o projeto de execu\u00e7\u00e3o desta obra\u00bb, bem assim como \u00aba suspens\u00e3o imediata dos trabalhos em curso, at\u00e9 que seja prestado um esclarecimento pormenorizado sobre o projeto aos autarcas e aos mun\u00edcipes interessados\u00bb.<\/p>\n\n\n\n<p>Tal como a peti\u00e7\u00e3o p\u00fablica, tamb\u00e9m a missiva enviada ter\u00e7a-feira (26) por Joaquim Barreto a Francisco Alves real\u00e7a \u00abo envolvimento edificado e patrimonial rico, com hist\u00f3ria e cultura, de que se destaca o Mosteiro de Refojos e as habita\u00e7\u00f5es que circundam a pra\u00e7a\u00bb. Chama igualmente a aten\u00e7\u00e3o para \u00aba elevada import\u00e2ncia hist\u00f3rica, principalmente para todos aqueles que sentem, vivem e amam a sua terra, bem como os moradores, comerciantes e utilizadores\u00bb desta pra\u00e7a central.<\/p>\n\n\n\n<p>\u00abDado que os mun\u00edcipes se interrogam, com apreens\u00e3o e com preocupa\u00e7\u00e3o, sobre o que vai acontecer com os trabalhos executados e a executar\u00bb, o ainda presidente da Assembleia Municipal \u2013 que recusou o convite para se recandidatar \u2013 solicitava ao l\u00edder camar\u00e1rio que, no \u00e2mbito das compet\u00eancias da Assembleia Municipal, designadamente as de \u00abacompanhar e fiscalizar a atividade da c\u00e2mara municipal\u00bb, lhe fosse facultado com urg\u00eancia o projeto de execu\u00e7\u00e3o das obras em causa e que os trabalhos fossem suspensos at\u00e9 cabal esclarecimento p\u00fablico desse mesmo projeto.<\/p>\n\n\n\n<p>Os trabalhos de remo\u00e7\u00e3o da maior parte dos arbustos e plantas que integravam os canteiros da pra\u00e7a \u2013 confirmou o Terras de Basto no local \u2013 continuaram esta quinta-feira (29), levados a cabo pela empresa adjudicat\u00e1ria, a \u201cHorto da Paragem\u201d, de Alvite \u2013 Cabeceiras de Basto.<\/p>\n\n\n\n<p>No local era, entretanto, vis\u00edvel a estrutura met\u00e1lica que ir\u00e1 suportar o anunciado \u201coutdoor\u201d com que, ap\u00f3s uma semana de trabalhos, a presid\u00eancia da C\u00e2mara pretende dar a conhecer as caracter\u00edsticas da interven\u00e7\u00e3o em causa. [JPM].<\/p>\n","protected":false},"excerpt":{"rendered":"<p>A presid\u00eancia da C\u00e2mara Municipal de Cabeceiras de Basto considera que o presidente da Assembleia Municipal, tal como os vereadores sem tempo atribu\u00eddo, como \u00e9 o caso dos quatros vereadores na oposi\u00e7\u00e3o, n\u00e3o t\u00eam nada a saber sobre projetos como o da interven\u00e7\u00e3o em curso nos jardins da Pra\u00e7a da Rep\u00fablica. Em esclarecimento atrav\u00e9s da [&hellip;]<\/p>\n","protected":false},"author":7,"featured_media":4408,"comment_status":"open","ping_status":"open","sticky":false,"template":"","format":"standard","meta":{"footnotes":""},"categories":[12,9],"tags":[921,31],"class_list":{"0":"post-4407","1":"post","2":"type-post","3":"status-publish","4":"format-standard","5":"has-post-thumbnail","7":"category-cabeceiras-de-basto","8":"category-terras-de-basto","9":"tag-jardins-da-praca-da-republica","10":"tag-praca-da-republica"},"yoast_head":"<!-- This site is optimized with the Yoast SEO plugin v25.7 - https:\/\/yoast.com\/wordpress\/plugins\/seo\/ -->\n<title>Pra\u00e7a da Rep\u00fablica: C\u00e2mara diz que Barreto e Oposi\u00e7\u00e3o n\u00e3o t\u00eam de saber de nada - Jornal Terras de Basto<\/title>\n<meta name=\"description\" content=\"A presid\u00eancia da C\u00e2mara Municipal de Cabeceiras de Basto considera que o presidente da Assembleia Municipal, tal como os vereadores sem tempo atribu\u00eddo, como \u00e9 o caso dos quatros vereadores na oposi\u00e7\u00e3o, n\u00e3o t\u00eam nada a saber sobre projetos como o da interven\u00e7\u00e3o em curso nos jardins da Pra\u00e7a da Rep\u00fablica.\" \/>\n<meta name=\"robots\" content=\"index, follow, max-snippet:-1, max-image-preview:large, max-video-preview:-1\" \/>\n<link rel=\"canonical\" href=\"https:\/\/terrasdebasto.pt\/?p=4407\" \/>\n<meta property=\"og:locale\" content=\"pt_PT\" \/>\n<meta property=\"og:type\" content=\"article\" \/>\n<meta property=\"og:title\" content=\"Pra\u00e7a da Rep\u00fablica: C\u00e2mara diz que Barreto e Oposi\u00e7\u00e3o n\u00e3o t\u00eam de saber de nada - Jornal Terras de Basto\" \/>\n<meta property=\"og:description\" content=\"A presid\u00eancia da C\u00e2mara Municipal de Cabeceiras de Basto considera que o presidente da Assembleia Municipal, tal como os vereadores sem tempo atribu\u00eddo, como \u00e9 o caso dos quatros vereadores na oposi\u00e7\u00e3o, n\u00e3o t\u00eam nada a saber sobre projetos como o da interven\u00e7\u00e3o em curso nos jardins da Pra\u00e7a da Rep\u00fablica.\" \/>\n<meta property=\"og:url\" content=\"https:\/\/terrasdebasto.pt\/?p=4407\" \/>\n<meta property=\"og:site_name\" content=\"Jornal Terras de Basto\" \/>\n<meta property=\"article:published_time\" content=\"2025-05-29T23:46:27+00:00\" \/>\n<meta property=\"og:image\" content=\"https:\/\/terrasdebasto.pt\/wp-content\/uploads\/2025\/05\/PRACA-DA-REPUBLICA-scaled.jpg\" \/>\n\t<meta property=\"og:image:width\" content=\"2560\" \/>\n\t<meta property=\"og:image:height\" content=\"1920\" \/>\n\t<meta property=\"og:image:type\" content=\"image\/jpeg\" \/>\n<meta name=\"author\" content=\"Jo\u00e3o Paulo Mesquita\" \/>\n<meta name=\"twitter:card\" content=\"summary_large_image\" \/>\n<meta name=\"twitter:label1\" content=\"Escrito por\" \/>\n\t<meta name=\"twitter:data1\" content=\"Jo\u00e3o Paulo Mesquita\" \/>\n\t<meta name=\"twitter:label2\" content=\"Tempo estimado de leitura\" \/>\n\t<meta name=\"twitter:data2\" content=\"4 minutos\" \/>\n<script type=\"application\/ld+json\" class=\"yoast-schema-graph\">{\"@context\":\"https:\/\/schema.org\",\"@graph\":[{\"@type\":\"Article\",\"@id\":\"https:\/\/terrasdebasto.pt\/?p=4407#article\",\"isPartOf\":{\"@id\":\"https:\/\/terrasdebasto.pt\/?p=4407\"},\"author\":{\"name\":\"Jo\u00e3o Paulo Mesquita\",\"@id\":\"https:\/\/terrasdebasto.pt\/#\/schema\/person\/9f6739f5394ac65c802641773b278b84\"},\"headline\":\"Pra\u00e7a da Rep\u00fablica: C\u00e2mara diz que Barreto e Oposi\u00e7\u00e3o n\u00e3o t\u00eam de saber de nada\",\"datePublished\":\"2025-05-29T23:46:27+00:00\",\"mainEntityOfPage\":{\"@id\":\"https:\/\/terrasdebasto.pt\/?p=4407\"},\"wordCount\":703,\"commentCount\":0,\"publisher\":{\"@id\":\"https:\/\/terrasdebasto.pt\/#organization\"},\"image\":{\"@id\":\"https:\/\/terrasdebasto.pt\/?p=4407#primaryimage\"},\"thumbnailUrl\":\"https:\/\/terrasdebasto.pt\/wp-content\/uploads\/2025\/05\/PRACA-DA-REPUBLICA-scaled.jpg\",\"keywords\":[\"Jardins da Pra\u00e7a da Rep\u00fablica\",\"Pra\u00e7a da Rep\u00fablica\"],\"articleSection\":[\"Cabeceiras de Basto\",\"Terras de Basto\"],\"inLanguage\":\"pt-PT\",\"potentialAction\":[{\"@type\":\"CommentAction\",\"name\":\"Comment\",\"target\":[\"https:\/\/terrasdebasto.pt\/?p=4407#respond\"]}]},{\"@type\":\"WebPage\",\"@id\":\"https:\/\/terrasdebasto.pt\/?p=4407\",\"url\":\"https:\/\/terrasdebasto.pt\/?p=4407\",\"name\":\"Pra\u00e7a da Rep\u00fablica: C\u00e2mara diz que Barreto e Oposi\u00e7\u00e3o n\u00e3o t\u00eam de saber de nada - Jornal Terras de Basto\",\"isPartOf\":{\"@id\":\"https:\/\/terrasdebasto.pt\/#website\"},\"primaryImageOfPage\":{\"@id\":\"https:\/\/terrasdebasto.pt\/?p=4407#primaryimage\"},\"image\":{\"@id\":\"https:\/\/terrasdebasto.pt\/?p=4407#primaryimage\"},\"thumbnailUrl\":\"https:\/\/terrasdebasto.pt\/wp-content\/uploads\/2025\/05\/PRACA-DA-REPUBLICA-scaled.jpg\",\"datePublished\":\"2025-05-29T23:46:27+00:00\",\"description\":\"A presid\u00eancia da C\u00e2mara Municipal de Cabeceiras de Basto considera que o presidente da Assembleia Municipal, tal como os vereadores sem tempo atribu\u00eddo, como \u00e9 o caso dos quatros vereadores na oposi\u00e7\u00e3o, n\u00e3o t\u00eam nada a saber sobre projetos como o da interven\u00e7\u00e3o em curso nos jardins da Pra\u00e7a da Rep\u00fablica.\",\"breadcrumb\":{\"@id\":\"https:\/\/terrasdebasto.pt\/?p=4407#breadcrumb\"},\"inLanguage\":\"pt-PT\",\"potentialAction\":[{\"@type\":\"ReadAction\",\"target\":[\"https:\/\/terrasdebasto.pt\/?p=4407\"]}]},{\"@type\":\"ImageObject\",\"inLanguage\":\"pt-PT\",\"@id\":\"https:\/\/terrasdebasto.pt\/?p=4407#primaryimage\",\"url\":\"https:\/\/terrasdebasto.pt\/wp-content\/uploads\/2025\/05\/PRACA-DA-REPUBLICA-scaled.jpg\",\"contentUrl\":\"https:\/\/terrasdebasto.pt\/wp-content\/uploads\/2025\/05\/PRACA-DA-REPUBLICA-scaled.jpg\",\"width\":2560,\"height\":1920},{\"@type\":\"BreadcrumbList\",\"@id\":\"https:\/\/terrasdebasto.pt\/?p=4407#breadcrumb\",\"itemListElement\":[{\"@type\":\"ListItem\",\"position\":1,\"name\":\"In\u00edcio\",\"item\":\"https:\/\/terrasdebasto.pt\/\"},{\"@type\":\"ListItem\",\"position\":2,\"name\":\"Pra\u00e7a da Rep\u00fablica: C\u00e2mara diz que Barreto e Oposi\u00e7\u00e3o n\u00e3o t\u00eam de saber de nada\"}]},{\"@type\":\"WebSite\",\"@id\":\"https:\/\/terrasdebasto.pt\/#website\",\"url\":\"https:\/\/terrasdebasto.pt\/\",\"name\":\"Jornal Terras de Basto\",\"description\":\"\",\"publisher\":{\"@id\":\"https:\/\/terrasdebasto.pt\/#organization\"},\"potentialAction\":[{\"@type\":\"SearchAction\",\"target\":{\"@type\":\"EntryPoint\",\"urlTemplate\":\"https:\/\/terrasdebasto.pt\/?s={search_term_string}\"},\"query-input\":{\"@type\":\"PropertyValueSpecification\",\"valueRequired\":true,\"valueName\":\"search_term_string\"}}],\"inLanguage\":\"pt-PT\"},{\"@type\":\"Organization\",\"@id\":\"https:\/\/terrasdebasto.pt\/#organization\",\"name\":\"Jornal Terras de Basto\",\"url\":\"https:\/\/terrasdebasto.pt\/\",\"logo\":{\"@type\":\"ImageObject\",\"inLanguage\":\"pt-PT\",\"@id\":\"https:\/\/terrasdebasto.pt\/#\/schema\/logo\/image\/\",\"url\":\"https:\/\/terrasdebasto.pt\/wp-content\/uploads\/2024\/06\/LogoNormal.png\",\"contentUrl\":\"https:\/\/terrasdebasto.pt\/wp-content\/uploads\/2024\/06\/LogoNormal.png\",\"width\":5638,\"height\":809,\"caption\":\"Jornal Terras de Basto\"},\"image\":{\"@id\":\"https:\/\/terrasdebasto.pt\/#\/schema\/logo\/image\/\"}},{\"@type\":\"Person\",\"@id\":\"https:\/\/terrasdebasto.pt\/#\/schema\/person\/9f6739f5394ac65c802641773b278b84\",\"name\":\"Jo\u00e3o Paulo Mesquita\",\"image\":{\"@type\":\"ImageObject\",\"inLanguage\":\"pt-PT\",\"@id\":\"https:\/\/terrasdebasto.pt\/#\/schema\/person\/image\/\",\"url\":\"https:\/\/secure.gravatar.com\/avatar\/9bd0f299e6d96336664aab64354168246a3ee3287c47891c50d450e47ed9d7f9?s=96&d=mm&r=g\",\"contentUrl\":\"https:\/\/secure.gravatar.com\/avatar\/9bd0f299e6d96336664aab64354168246a3ee3287c47891c50d450e47ed9d7f9?s=96&d=mm&r=g\",\"caption\":\"Jo\u00e3o Paulo Mesquita\"},\"url\":\"https:\/\/terrasdebasto.pt\/?author=7\"}]}<\/script>\n<!-- \/ Yoast SEO plugin. -->","yoast_head_json":{"title":"Pra\u00e7a da Rep\u00fablica: C\u00e2mara diz que Barreto e Oposi\u00e7\u00e3o n\u00e3o t\u00eam de saber de nada - Jornal Terras de Basto","description":"A presid\u00eancia da C\u00e2mara Municipal de Cabeceiras de Basto considera que o presidente da Assembleia Municipal, tal como os vereadores sem tempo atribu\u00eddo, como \u00e9 o caso dos quatros vereadores na oposi\u00e7\u00e3o, n\u00e3o t\u00eam nada a saber sobre projetos como o da interven\u00e7\u00e3o em curso nos jardins da Pra\u00e7a da Rep\u00fablica.","robots":{"index":"index","follow":"follow","max-snippet":"max-snippet:-1","max-image-preview":"max-image-preview:large","max-video-preview":"max-video-preview:-1"},"canonical":"https:\/\/terrasdebasto.pt\/?p=4407","og_locale":"pt_PT","og_type":"article","og_title":"Pra\u00e7a da Rep\u00fablica: C\u00e2mara diz que Barreto e Oposi\u00e7\u00e3o n\u00e3o t\u00eam de saber de nada - Jornal Terras de Basto","og_description":"A presid\u00eancia da C\u00e2mara Municipal de Cabeceiras de Basto considera que o presidente da Assembleia Municipal, tal como os vereadores sem tempo atribu\u00eddo, como \u00e9 o caso dos quatros vereadores na oposi\u00e7\u00e3o, n\u00e3o t\u00eam nada a saber sobre projetos como o da interven\u00e7\u00e3o em curso nos jardins da Pra\u00e7a da Rep\u00fablica.","og_url":"https:\/\/terrasdebasto.pt\/?p=4407","og_site_name":"Jornal Terras de Basto","article_published_time":"2025-05-29T23:46:27+00:00","og_image":[{"width":2560,"height":1920,"url":"https:\/\/terrasdebasto.pt\/wp-content\/uploads\/2025\/05\/PRACA-DA-REPUBLICA-scaled.jpg","type":"image\/jpeg"}],"author":"Jo\u00e3o Paulo Mesquita","twitter_card":"summary_large_image","twitter_misc":{"Escrito por":"Jo\u00e3o Paulo Mesquita","Tempo estimado de leitura":"4 minutos"},"schema":{"@context":"https:\/\/schema.org","@graph":[{"@type":"Article","@id":"https:\/\/terrasdebasto.pt\/?p=4407#article","isPartOf":{"@id":"https:\/\/terrasdebasto.pt\/?p=4407"},"author":{"name":"Jo\u00e3o Paulo Mesquita","@id":"https:\/\/terrasdebasto.pt\/#\/schema\/person\/9f6739f5394ac65c802641773b278b84"},"headline":"Pra\u00e7a da Rep\u00fablica: C\u00e2mara diz que Barreto e Oposi\u00e7\u00e3o n\u00e3o t\u00eam de saber de nada","datePublished":"2025-05-29T23:46:27+00:00","mainEntityOfPage":{"@id":"https:\/\/terrasdebasto.pt\/?p=4407"},"wordCount":703,"commentCount":0,"publisher":{"@id":"https:\/\/terrasdebasto.pt\/#organization"},"image":{"@id":"https:\/\/terrasdebasto.pt\/?p=4407#primaryimage"},"thumbnailUrl":"https:\/\/terrasdebasto.pt\/wp-content\/uploads\/2025\/05\/PRACA-DA-REPUBLICA-scaled.jpg","keywords":["Jardins da Pra\u00e7a da Rep\u00fablica","Pra\u00e7a da Rep\u00fablica"],"articleSection":["Cabeceiras de Basto","Terras de Basto"],"inLanguage":"pt-PT","potentialAction":[{"@type":"CommentAction","name":"Comment","target":["https:\/\/terrasdebasto.pt\/?p=4407#respond"]}]},{"@type":"WebPage","@id":"https:\/\/terrasdebasto.pt\/?p=4407","url":"https:\/\/terrasdebasto.pt\/?p=4407","name":"Pra\u00e7a da Rep\u00fablica: C\u00e2mara diz que Barreto e Oposi\u00e7\u00e3o n\u00e3o t\u00eam de saber de nada - Jornal Terras de Basto","isPartOf":{"@id":"https:\/\/terrasdebasto.pt\/#website"},"primaryImageOfPage":{"@id":"https:\/\/terrasdebasto.pt\/?p=4407#primaryimage"},"image":{"@id":"https:\/\/terrasdebasto.pt\/?p=4407#primaryimage"},"thumbnailUrl":"https:\/\/terrasdebasto.pt\/wp-content\/uploads\/2025\/05\/PRACA-DA-REPUBLICA-scaled.jpg","datePublished":"2025-05-29T23:46:27+00:00","description":"A presid\u00eancia da C\u00e2mara Municipal de Cabeceiras de Basto considera que o presidente da Assembleia Municipal, tal como os vereadores sem tempo atribu\u00eddo, como \u00e9 o caso dos quatros vereadores na oposi\u00e7\u00e3o, n\u00e3o t\u00eam nada a saber sobre projetos como o da interven\u00e7\u00e3o em curso nos jardins da Pra\u00e7a da Rep\u00fablica.","breadcrumb":{"@id":"https:\/\/terrasdebasto.pt\/?p=4407#breadcrumb"},"inLanguage":"pt-PT","potentialAction":[{"@type":"ReadAction","target":["https:\/\/terrasdebasto.pt\/?p=4407"]}]},{"@type":"ImageObject","inLanguage":"pt-PT","@id":"https:\/\/terrasdebasto.pt\/?p=4407#primaryimage","url":"https:\/\/terrasdebasto.pt\/wp-content\/uploads\/2025\/05\/PRACA-DA-REPUBLICA-scaled.jpg","contentUrl":"https:\/\/terrasdebasto.pt\/wp-content\/uploads\/2025\/05\/PRACA-DA-REPUBLICA-scaled.jpg","width":2560,"height":1920},{"@type":"BreadcrumbList","@id":"https:\/\/terrasdebasto.pt\/?p=4407#breadcrumb","itemListElement":[{"@type":"ListItem","position":1,"name":"In\u00edcio","item":"https:\/\/terrasdebasto.pt\/"},{"@type":"ListItem","position":2,"name":"Pra\u00e7a da Rep\u00fablica: C\u00e2mara diz que Barreto e Oposi\u00e7\u00e3o n\u00e3o t\u00eam de saber de nada"}]},{"@type":"WebSite","@id":"https:\/\/terrasdebasto.pt\/#website","url":"https:\/\/terrasdebasto.pt\/","name":"Jornal Terras de Basto","description":"","publisher":{"@id":"https:\/\/terrasdebasto.pt\/#organization"},"potentialAction":[{"@type":"SearchAction","target":{"@type":"EntryPoint","urlTemplate":"https:\/\/terrasdebasto.pt\/?s={search_term_string}"},"query-input":{"@type":"PropertyValueSpecification","valueRequired":true,"valueName":"search_term_string"}}],"inLanguage":"pt-PT"},{"@type":"Organization","@id":"https:\/\/terrasdebasto.pt\/#organization","name":"Jornal Terras de Basto","url":"https:\/\/terrasdebasto.pt\/","logo":{"@type":"ImageObject","inLanguage":"pt-PT","@id":"https:\/\/terrasdebasto.pt\/#\/schema\/logo\/image\/","url":"https:\/\/terrasdebasto.pt\/wp-content\/uploads\/2024\/06\/LogoNormal.png","contentUrl":"https:\/\/terrasdebasto.pt\/wp-content\/uploads\/2024\/06\/LogoNormal.png","width":5638,"height":809,"caption":"Jornal Terras de Basto"},"image":{"@id":"https:\/\/terrasdebasto.pt\/#\/schema\/logo\/image\/"}},{"@type":"Person","@id":"https:\/\/terrasdebasto.pt\/#\/schema\/person\/9f6739f5394ac65c802641773b278b84","name":"Jo\u00e3o Paulo Mesquita","image":{"@type":"ImageObject","inLanguage":"pt-PT","@id":"https:\/\/terrasdebasto.pt\/#\/schema\/person\/image\/","url":"https:\/\/secure.gravatar.com\/avatar\/9bd0f299e6d96336664aab64354168246a3ee3287c47891c50d450e47ed9d7f9?s=96&d=mm&r=g","contentUrl":"https:\/\/secure.gravatar.com\/avatar\/9bd0f299e6d96336664aab64354168246a3ee3287c47891c50d450e47ed9d7f9?s=96&d=mm&r=g","caption":"Jo\u00e3o Paulo Mesquita"},"url":"https:\/\/terrasdebasto.pt\/?author=7"}]}},"_links":{"self":[{"href":"https:\/\/terrasdebasto.pt\/index.php?rest_route=\/wp\/v2\/posts\/4407","targetHints":{"allow":["GET"]}}],"collection":[{"href":"https:\/\/terrasdebasto.pt\/index.php?rest_route=\/wp\/v2\/posts"}],"about":[{"href":"https:\/\/terrasdebasto.pt\/index.php?rest_route=\/wp\/v2\/types\/post"}],"author":[{"embeddable":true,"href":"https:\/\/terrasdebasto.pt\/index.php?rest_route=\/wp\/v2\/users\/7"}],"replies":[{"embeddable":true,"href":"https:\/\/terrasdebasto.pt\/index.php?rest_route=%2Fwp%2Fv2%2Fcomments&post=4407"}],"version-history":[{"count":1,"href":"https:\/\/terrasdebasto.pt\/index.php?rest_route=\/wp\/v2\/posts\/4407\/revisions"}],"predecessor-version":[{"id":4409,"href":"https:\/\/terrasdebasto.pt\/index.php?rest_route=\/wp\/v2\/posts\/4407\/revisions\/4409"}],"wp:featuredmedia":[{"embeddable":true,"href":"https:\/\/terrasdebasto.pt\/index.php?rest_route=\/wp\/v2\/media\/4408"}],"wp:attachment":[{"href":"https:\/\/terrasdebasto.pt\/index.php?rest_route=%2Fwp%2Fv2%2Fmedia&parent=4407"}],"wp:term":[{"taxonomy":"category","embeddable":true,"href":"https:\/\/terrasdebasto.pt\/index.php?rest_route=%2Fwp%2Fv2%2Fcategories&post=4407"},{"taxonomy":"post_tag","embeddable":true,"href":"https:\/\/terrasdebasto.pt\/index.php?rest_route=%2Fwp%2Fv2%2Ftags&post=4407"}],"curies":[{"name":"wp","href":"https:\/\/api.w.org\/{rel}","templated":true}]}}