{"id":4403,"date":"2025-05-29T15:14:02","date_gmt":"2025-05-29T15:14:02","guid":{"rendered":"https:\/\/terrasdebasto.pt\/?p=4403"},"modified":"2025-05-29T15:14:33","modified_gmt":"2025-05-29T15:14:33","slug":"colegio-de-refojos-recebe-15-milhoes-para-centro-tecnologico-e-energias-renovaveis","status":"publish","type":"post","link":"https:\/\/terrasdebasto.pt\/?p=4403","title":{"rendered":"Col\u00e9gio de Refojos recebe 1,5 milh\u00f5es para centro tecnol\u00f3gico de energias renov\u00e1veis"},"content":{"rendered":"\n<p><\/p>\n\n\n\n<p><strong>O Col\u00e9gio S\u00e3o Miguel de Refojos, em Cabeceiras de Basto, acaba de ver aprovada a cria\u00e7\u00e3o de um Centro Tecnol\u00f3gico Especializado (CTE) em Energias Renov\u00e1veis, designado \u201cBasto GreenTeck\u201d, soube o Terras de Basto.<\/strong><\/p>\n\n\n\n<p>Este ser\u00e1, assim, o \u00fanico curso tecnol\u00f3gico especializado aprovado para servir a regi\u00e3o, representando um investimento estrat\u00e9gico de cerca de 1,5 milh\u00f5es de euros, financiado no \u00e2mbito do Plano de Recupera\u00e7\u00e3o e Resili\u00eancia (PRR).<\/p>\n\n\n\n<p>\u00abMais do que um investimento em equipamentos e infraestruturas, o \u2018Basto GreenTeck\u2019 \u00e9 um investimento no futuro de uma regi\u00e3o e no crescimento sustentado do col\u00e9gio\u00bb, diz ao Terras de Basto o diretor pedag\u00f3gico do estabelecimento.<\/p>\n\n\n\n<p>\u00abEste CTE \u00e9 o primeiro grande resultado de uma mudan\u00e7a estrat\u00e9gica na gest\u00e3o deste estabelecimento de ensino, com a inova\u00e7\u00e3o orientada para a excel\u00eancia pedag\u00f3gica, com liga\u00e7\u00e3o efetiva ao mundo do trabalho e universit\u00e1rio\u00bb, real\u00e7a Jos\u00e9 Augusto Ribeiro.<\/p>\n\n\n\n<p>O \u201cBasto GreenTeck\u201d \u2013 explica \u2013 vai funcionar num edif\u00edcio dedicado com mais de 1.300 m\u00b2, equipado com laborat\u00f3rios de \u00faltima gera\u00e7\u00e3o: o \u201cGreenTech Lab\u201d; os laborat\u00f3rios de Eletricidade, Eletr\u00f3nica e Comando; de F\u00edsica e Qu\u00edmica; de Pr\u00e1ticas Oficinais; Multidisciplinar e Criativo; bem como dois \u201cEspa\u00e7os Mentoring\u201d para desenvolvimento de projetos.<\/p>\n\n\n\n<p>Estes laborat\u00f3rios v\u00e3o servir todos os cursos profissionais do col\u00e9gio e v\u00e3o estar tamb\u00e9m acess\u00edveis a alunos do ensino geral\/particular, criando sinergias entre percursos, \u00abpromovendo uma forma\u00e7\u00e3o mais completa, tecnol\u00f3gica e alinhada com o futuro\u00bb.<\/p>\n\n\n\n<p>Al\u00e9m de servir todos os cursos profissionais e apoiar o ensino geral do col\u00e9gio, o \u201cBasto GreenTeck\u201d foi concebido para estar aberto \u00e0 comunidade e, em particular, ao tecido empresarial, sendo que os seus laborat\u00f3rios e tecnologias estar\u00e3o dispon\u00edveis para empresas e parceiros da regi\u00e3o, promovendo forma\u00e7\u00e3o, ensaio de solu\u00e7\u00f5es t\u00e9cnicas e desenvolvimento de projetos em articula\u00e7\u00e3o com o mundo real.<\/p>\n\n\n\n<p>Esta abertura ganha especial relev\u00e2ncia numa altura em que Cabeceiras de Basto se prepara para acolher o maior parque e\u00f3lico do pa\u00eds, criando oportunidades concretas de coopera\u00e7\u00e3o, qualifica\u00e7\u00e3o e valoriza\u00e7\u00e3o do capital humano da regi\u00e3o.<\/p>\n\n\n\n<p>Assim se justifica que o curso-\u00e2ncora deste CTE seja o T\u00e9cnico de Instalador de Sistemas E\u00f3licos. Integrado num modelo de dupla certifica\u00e7\u00e3o, este curso permite aos alunos conclu\u00edrem o 12.\u00ba ano com uma forma\u00e7\u00e3o profissional qualificada e a possibilidade de prosseguimento de estudos no ensino superior.<\/p>\n\n\n\n<p>Al\u00e9m do foco na energia e\u00f3lica, o projeto integra tamb\u00e9m tecnologias reais de microgera\u00e7\u00e3o solar e h\u00eddrica, com sistemas de monitoriza\u00e7\u00e3o de dados em tempo real, esta\u00e7\u00f5es meteorol\u00f3gicas, drones de inspe\u00e7\u00e3o, rob\u00f4s colaborativos, simuladores de soldadura e dispositivos de automa\u00e7\u00e3o industrial.<\/p>\n\n\n\n<p>\u00abO \u201cBasto GreenTeck\u201d n\u00e3o \u00e9 apenas uma obra de engenharia ou um centro de equipamentos tecnol\u00f3gicos, \u00e9 uma escola dentro da escola, um lugar onde os alunos aprendem a pensar, criar e atuar com ferramentas do presente e compet\u00eancias do futuro\u00bb, diz Jos\u00e9 Augusto Ribeiro.<\/p>\n\n\n\n<p>O Col\u00e9gio de Refojos afirma-se, com este projeto, como uma institui\u00e7\u00e3o \u00abcom identidade \u00fanica na regi\u00e3o: unindo o rigor acad\u00e9mico do ensino privado \u00e0 for\u00e7a transformadora do ensino profissional, formando cidad\u00e3os com car\u00e1cter, compet\u00eancias e vis\u00e3o\u00bb, enfatiza aquele respons\u00e1vel.<\/p>\n\n\n\n<p>Este hist\u00f3rico estabelecimento de ensino \u2013 propriedade da Arquidiocese de Braga \u2013 oferece atualmente dois percursos: o ensino privado, com foco acad\u00e9mico, cultural e lingu\u00edstico orientado para o ensino superior, com exig\u00eancia formativa e acompanhamento individual; e o ensino profissional, com forte liga\u00e7\u00e3o ao mundo do trabalho, inova\u00e7\u00e3o tecnol\u00f3gica e certifica\u00e7\u00f5es pr\u00e1ticas, sem fechar a porta ao ensino superior.<\/p>\n\n\n\n<p>\u00abAqui, qualquer que seja o percurso, todos os alunos t\u00eam acesso \u00e0 mesma qualidade educativa, aos mesmos laborat\u00f3rios, aos mesmos valores\u00bb, sublinha.<\/p>\n\n\n\n<p>Para Jos\u00e9 Augusto Ribeiro, a aprova\u00e7\u00e3o do \u201cBasto GreenTeck\u201d \u00e9 \u00abuma excelente not\u00edcia para o col\u00e9gio, os seus alunos e os concelhos da regi\u00e3o\u00bb, at\u00e9 porque \u00abeste projeto mostra como a educa\u00e7\u00e3o profissional e tecnol\u00f3gico pode gerar impacto real no territ\u00f3rio, ser um motor de inova\u00e7\u00e3o, desenvolvimento e futuro\u00bb. [JPM].<\/p>\n","protected":false},"excerpt":{"rendered":"<p>O Col\u00e9gio S\u00e3o Miguel de Refojos, em Cabeceiras de Basto, acaba de ver aprovada a cria\u00e7\u00e3o de um Centro Tecnol\u00f3gico Especializado (CTE) em Energias Renov\u00e1veis, designado \u201cBasto GreenTeck\u201d, soube o Terras de Basto. Este ser\u00e1, assim, o \u00fanico curso tecnol\u00f3gico especializado aprovado para servir a regi\u00e3o, representando um investimento estrat\u00e9gico de cerca de 1,5 milh\u00f5es [&hellip;]<\/p>\n","protected":false},"author":7,"featured_media":4404,"comment_status":"open","ping_status":"open","sticky":false,"template":"","format":"standard","meta":{"footnotes":""},"categories":[12,13,16,26,15,9],"tags":[973,387],"class_list":{"0":"post-4403","1":"post","2":"type-post","3":"status-publish","4":"format-standard","5":"has-post-thumbnail","7":"category-cabeceiras-de-basto","8":"category-celorico-de-basto","9":"category-mondim-de-basto","10":"category-ribeira-de-pena","11":"category-technology","12":"category-terras-de-basto","13":"tag-basto-greenteck","14":"tag-colegio-de-refojos"},"yoast_head":"<!-- This site is optimized with the Yoast SEO plugin v25.7 - https:\/\/yoast.com\/wordpress\/plugins\/seo\/ -->\n<title>Col\u00e9gio de Refojos recebe 1,5 milh\u00f5es para centro tecnol\u00f3gico de energias renov\u00e1veis - Jornal Terras de Basto<\/title>\n<meta name=\"description\" content=\"O Col\u00e9gio S\u00e3o Miguel de Refojos, em Cabeceiras de Basto, acaba de ver aprovada a cria\u00e7\u00e3o de um Centro Tecnol\u00f3gico Especializado (CTE) em Energias Renov\u00e1veis, designado \u201cBasto GreenTeck\u201d, soube o Terras de Basto.\" \/>\n<meta name=\"robots\" content=\"index, follow, max-snippet:-1, max-image-preview:large, max-video-preview:-1\" \/>\n<link rel=\"canonical\" href=\"https:\/\/terrasdebasto.pt\/?p=4403\" \/>\n<meta property=\"og:locale\" content=\"pt_PT\" \/>\n<meta property=\"og:type\" content=\"article\" \/>\n<meta property=\"og:title\" content=\"Col\u00e9gio de Refojos recebe 1,5 milh\u00f5es para centro tecnol\u00f3gico de energias renov\u00e1veis - Jornal Terras de Basto\" \/>\n<meta property=\"og:description\" content=\"O Col\u00e9gio S\u00e3o Miguel de Refojos, em Cabeceiras de Basto, acaba de ver aprovada a cria\u00e7\u00e3o de um Centro Tecnol\u00f3gico Especializado (CTE) em Energias Renov\u00e1veis, designado \u201cBasto GreenTeck\u201d, soube o Terras de Basto.\" \/>\n<meta property=\"og:url\" content=\"https:\/\/terrasdebasto.pt\/?p=4403\" \/>\n<meta property=\"og:site_name\" content=\"Jornal Terras de Basto\" \/>\n<meta property=\"article:published_time\" content=\"2025-05-29T15:14:02+00:00\" \/>\n<meta property=\"article:modified_time\" content=\"2025-05-29T15:14:33+00:00\" \/>\n<meta property=\"og:image\" content=\"https:\/\/terrasdebasto.pt\/wp-content\/uploads\/2025\/05\/COLEGIO-REFOJOS.jpg\" \/>\n\t<meta property=\"og:image:width\" content=\"720\" \/>\n\t<meta property=\"og:image:height\" content=\"540\" \/>\n\t<meta property=\"og:image:type\" content=\"image\/jpeg\" \/>\n<meta name=\"author\" content=\"Jo\u00e3o Paulo Mesquita\" \/>\n<meta name=\"twitter:card\" content=\"summary_large_image\" \/>\n<meta name=\"twitter:label1\" content=\"Escrito por\" \/>\n\t<meta name=\"twitter:data1\" content=\"Jo\u00e3o Paulo Mesquita\" \/>\n\t<meta name=\"twitter:label2\" content=\"Tempo estimado de leitura\" \/>\n\t<meta name=\"twitter:data2\" content=\"4 minutos\" \/>\n<script type=\"application\/ld+json\" class=\"yoast-schema-graph\">{\"@context\":\"https:\/\/schema.org\",\"@graph\":[{\"@type\":\"Article\",\"@id\":\"https:\/\/terrasdebasto.pt\/?p=4403#article\",\"isPartOf\":{\"@id\":\"https:\/\/terrasdebasto.pt\/?p=4403\"},\"author\":{\"name\":\"Jo\u00e3o Paulo Mesquita\",\"@id\":\"https:\/\/terrasdebasto.pt\/#\/schema\/person\/9f6739f5394ac65c802641773b278b84\"},\"headline\":\"Col\u00e9gio de Refojos recebe 1,5 milh\u00f5es para centro tecnol\u00f3gico de energias renov\u00e1veis\",\"datePublished\":\"2025-05-29T15:14:02+00:00\",\"dateModified\":\"2025-05-29T15:14:33+00:00\",\"mainEntityOfPage\":{\"@id\":\"https:\/\/terrasdebasto.pt\/?p=4403\"},\"wordCount\":732,\"commentCount\":0,\"publisher\":{\"@id\":\"https:\/\/terrasdebasto.pt\/#organization\"},\"image\":{\"@id\":\"https:\/\/terrasdebasto.pt\/?p=4403#primaryimage\"},\"thumbnailUrl\":\"https:\/\/terrasdebasto.pt\/wp-content\/uploads\/2025\/05\/COLEGIO-REFOJOS.jpg\",\"keywords\":[\"Basto Greenteck\",\"Col\u00e9gio de Refojos\"],\"articleSection\":[\"Cabeceiras de Basto\",\"Celorico de Basto\",\"Mondim de Basto\",\"Ribeira de Pena\",\"Tecnologia\",\"Terras de Basto\"],\"inLanguage\":\"pt-PT\",\"potentialAction\":[{\"@type\":\"CommentAction\",\"name\":\"Comment\",\"target\":[\"https:\/\/terrasdebasto.pt\/?p=4403#respond\"]}]},{\"@type\":\"WebPage\",\"@id\":\"https:\/\/terrasdebasto.pt\/?p=4403\",\"url\":\"https:\/\/terrasdebasto.pt\/?p=4403\",\"name\":\"Col\u00e9gio de Refojos recebe 1,5 milh\u00f5es para centro tecnol\u00f3gico de energias renov\u00e1veis - Jornal Terras de Basto\",\"isPartOf\":{\"@id\":\"https:\/\/terrasdebasto.pt\/#website\"},\"primaryImageOfPage\":{\"@id\":\"https:\/\/terrasdebasto.pt\/?p=4403#primaryimage\"},\"image\":{\"@id\":\"https:\/\/terrasdebasto.pt\/?p=4403#primaryimage\"},\"thumbnailUrl\":\"https:\/\/terrasdebasto.pt\/wp-content\/uploads\/2025\/05\/COLEGIO-REFOJOS.jpg\",\"datePublished\":\"2025-05-29T15:14:02+00:00\",\"dateModified\":\"2025-05-29T15:14:33+00:00\",\"description\":\"O Col\u00e9gio S\u00e3o Miguel de Refojos, em Cabeceiras de Basto, acaba de ver aprovada a cria\u00e7\u00e3o de um Centro Tecnol\u00f3gico Especializado (CTE) em Energias Renov\u00e1veis, designado \u201cBasto GreenTeck\u201d, soube o Terras de Basto.\",\"breadcrumb\":{\"@id\":\"https:\/\/terrasdebasto.pt\/?p=4403#breadcrumb\"},\"inLanguage\":\"pt-PT\",\"potentialAction\":[{\"@type\":\"ReadAction\",\"target\":[\"https:\/\/terrasdebasto.pt\/?p=4403\"]}]},{\"@type\":\"ImageObject\",\"inLanguage\":\"pt-PT\",\"@id\":\"https:\/\/terrasdebasto.pt\/?p=4403#primaryimage\",\"url\":\"https:\/\/terrasdebasto.pt\/wp-content\/uploads\/2025\/05\/COLEGIO-REFOJOS.jpg\",\"contentUrl\":\"https:\/\/terrasdebasto.pt\/wp-content\/uploads\/2025\/05\/COLEGIO-REFOJOS.jpg\",\"width\":720,\"height\":540},{\"@type\":\"BreadcrumbList\",\"@id\":\"https:\/\/terrasdebasto.pt\/?p=4403#breadcrumb\",\"itemListElement\":[{\"@type\":\"ListItem\",\"position\":1,\"name\":\"In\u00edcio\",\"item\":\"https:\/\/terrasdebasto.pt\/\"},{\"@type\":\"ListItem\",\"position\":2,\"name\":\"Col\u00e9gio de Refojos recebe 1,5 milh\u00f5es para centro tecnol\u00f3gico de energias renov\u00e1veis\"}]},{\"@type\":\"WebSite\",\"@id\":\"https:\/\/terrasdebasto.pt\/#website\",\"url\":\"https:\/\/terrasdebasto.pt\/\",\"name\":\"Jornal Terras de Basto\",\"description\":\"\",\"publisher\":{\"@id\":\"https:\/\/terrasdebasto.pt\/#organization\"},\"potentialAction\":[{\"@type\":\"SearchAction\",\"target\":{\"@type\":\"EntryPoint\",\"urlTemplate\":\"https:\/\/terrasdebasto.pt\/?s={search_term_string}\"},\"query-input\":{\"@type\":\"PropertyValueSpecification\",\"valueRequired\":true,\"valueName\":\"search_term_string\"}}],\"inLanguage\":\"pt-PT\"},{\"@type\":\"Organization\",\"@id\":\"https:\/\/terrasdebasto.pt\/#organization\",\"name\":\"Jornal Terras de Basto\",\"url\":\"https:\/\/terrasdebasto.pt\/\",\"logo\":{\"@type\":\"ImageObject\",\"inLanguage\":\"pt-PT\",\"@id\":\"https:\/\/terrasdebasto.pt\/#\/schema\/logo\/image\/\",\"url\":\"https:\/\/terrasdebasto.pt\/wp-content\/uploads\/2024\/06\/LogoNormal.png\",\"contentUrl\":\"https:\/\/terrasdebasto.pt\/wp-content\/uploads\/2024\/06\/LogoNormal.png\",\"width\":5638,\"height\":809,\"caption\":\"Jornal Terras de Basto\"},\"image\":{\"@id\":\"https:\/\/terrasdebasto.pt\/#\/schema\/logo\/image\/\"}},{\"@type\":\"Person\",\"@id\":\"https:\/\/terrasdebasto.pt\/#\/schema\/person\/9f6739f5394ac65c802641773b278b84\",\"name\":\"Jo\u00e3o Paulo Mesquita\",\"image\":{\"@type\":\"ImageObject\",\"inLanguage\":\"pt-PT\",\"@id\":\"https:\/\/terrasdebasto.pt\/#\/schema\/person\/image\/\",\"url\":\"https:\/\/secure.gravatar.com\/avatar\/9bd0f299e6d96336664aab64354168246a3ee3287c47891c50d450e47ed9d7f9?s=96&d=mm&r=g\",\"contentUrl\":\"https:\/\/secure.gravatar.com\/avatar\/9bd0f299e6d96336664aab64354168246a3ee3287c47891c50d450e47ed9d7f9?s=96&d=mm&r=g\",\"caption\":\"Jo\u00e3o Paulo Mesquita\"},\"url\":\"https:\/\/terrasdebasto.pt\/?author=7\"}]}<\/script>\n<!-- \/ Yoast SEO plugin. -->","yoast_head_json":{"title":"Col\u00e9gio de Refojos recebe 1,5 milh\u00f5es para centro tecnol\u00f3gico de energias renov\u00e1veis - Jornal Terras de Basto","description":"O Col\u00e9gio S\u00e3o Miguel de Refojos, em Cabeceiras de Basto, acaba de ver aprovada a cria\u00e7\u00e3o de um Centro Tecnol\u00f3gico Especializado (CTE) em Energias Renov\u00e1veis, designado \u201cBasto GreenTeck\u201d, soube o Terras de Basto.","robots":{"index":"index","follow":"follow","max-snippet":"max-snippet:-1","max-image-preview":"max-image-preview:large","max-video-preview":"max-video-preview:-1"},"canonical":"https:\/\/terrasdebasto.pt\/?p=4403","og_locale":"pt_PT","og_type":"article","og_title":"Col\u00e9gio de Refojos recebe 1,5 milh\u00f5es para centro tecnol\u00f3gico de energias renov\u00e1veis - Jornal Terras de Basto","og_description":"O Col\u00e9gio S\u00e3o Miguel de Refojos, em Cabeceiras de Basto, acaba de ver aprovada a cria\u00e7\u00e3o de um Centro Tecnol\u00f3gico Especializado (CTE) em Energias Renov\u00e1veis, designado \u201cBasto GreenTeck\u201d, soube o Terras de Basto.","og_url":"https:\/\/terrasdebasto.pt\/?p=4403","og_site_name":"Jornal Terras de Basto","article_published_time":"2025-05-29T15:14:02+00:00","article_modified_time":"2025-05-29T15:14:33+00:00","og_image":[{"width":720,"height":540,"url":"https:\/\/terrasdebasto.pt\/wp-content\/uploads\/2025\/05\/COLEGIO-REFOJOS.jpg","type":"image\/jpeg"}],"author":"Jo\u00e3o Paulo Mesquita","twitter_card":"summary_large_image","twitter_misc":{"Escrito por":"Jo\u00e3o Paulo Mesquita","Tempo estimado de leitura":"4 minutos"},"schema":{"@context":"https:\/\/schema.org","@graph":[{"@type":"Article","@id":"https:\/\/terrasdebasto.pt\/?p=4403#article","isPartOf":{"@id":"https:\/\/terrasdebasto.pt\/?p=4403"},"author":{"name":"Jo\u00e3o Paulo Mesquita","@id":"https:\/\/terrasdebasto.pt\/#\/schema\/person\/9f6739f5394ac65c802641773b278b84"},"headline":"Col\u00e9gio de Refojos recebe 1,5 milh\u00f5es para centro tecnol\u00f3gico de energias renov\u00e1veis","datePublished":"2025-05-29T15:14:02+00:00","dateModified":"2025-05-29T15:14:33+00:00","mainEntityOfPage":{"@id":"https:\/\/terrasdebasto.pt\/?p=4403"},"wordCount":732,"commentCount":0,"publisher":{"@id":"https:\/\/terrasdebasto.pt\/#organization"},"image":{"@id":"https:\/\/terrasdebasto.pt\/?p=4403#primaryimage"},"thumbnailUrl":"https:\/\/terrasdebasto.pt\/wp-content\/uploads\/2025\/05\/COLEGIO-REFOJOS.jpg","keywords":["Basto Greenteck","Col\u00e9gio de Refojos"],"articleSection":["Cabeceiras de Basto","Celorico de Basto","Mondim de Basto","Ribeira de Pena","Tecnologia","Terras de Basto"],"inLanguage":"pt-PT","potentialAction":[{"@type":"CommentAction","name":"Comment","target":["https:\/\/terrasdebasto.pt\/?p=4403#respond"]}]},{"@type":"WebPage","@id":"https:\/\/terrasdebasto.pt\/?p=4403","url":"https:\/\/terrasdebasto.pt\/?p=4403","name":"Col\u00e9gio de Refojos recebe 1,5 milh\u00f5es para centro tecnol\u00f3gico de energias renov\u00e1veis - Jornal Terras de Basto","isPartOf":{"@id":"https:\/\/terrasdebasto.pt\/#website"},"primaryImageOfPage":{"@id":"https:\/\/terrasdebasto.pt\/?p=4403#primaryimage"},"image":{"@id":"https:\/\/terrasdebasto.pt\/?p=4403#primaryimage"},"thumbnailUrl":"https:\/\/terrasdebasto.pt\/wp-content\/uploads\/2025\/05\/COLEGIO-REFOJOS.jpg","datePublished":"2025-05-29T15:14:02+00:00","dateModified":"2025-05-29T15:14:33+00:00","description":"O Col\u00e9gio S\u00e3o Miguel de Refojos, em Cabeceiras de Basto, acaba de ver aprovada a cria\u00e7\u00e3o de um Centro Tecnol\u00f3gico Especializado (CTE) em Energias Renov\u00e1veis, designado \u201cBasto GreenTeck\u201d, soube o Terras de Basto.","breadcrumb":{"@id":"https:\/\/terrasdebasto.pt\/?p=4403#breadcrumb"},"inLanguage":"pt-PT","potentialAction":[{"@type":"ReadAction","target":["https:\/\/terrasdebasto.pt\/?p=4403"]}]},{"@type":"ImageObject","inLanguage":"pt-PT","@id":"https:\/\/terrasdebasto.pt\/?p=4403#primaryimage","url":"https:\/\/terrasdebasto.pt\/wp-content\/uploads\/2025\/05\/COLEGIO-REFOJOS.jpg","contentUrl":"https:\/\/terrasdebasto.pt\/wp-content\/uploads\/2025\/05\/COLEGIO-REFOJOS.jpg","width":720,"height":540},{"@type":"BreadcrumbList","@id":"https:\/\/terrasdebasto.pt\/?p=4403#breadcrumb","itemListElement":[{"@type":"ListItem","position":1,"name":"In\u00edcio","item":"https:\/\/terrasdebasto.pt\/"},{"@type":"ListItem","position":2,"name":"Col\u00e9gio de Refojos recebe 1,5 milh\u00f5es para centro tecnol\u00f3gico de energias renov\u00e1veis"}]},{"@type":"WebSite","@id":"https:\/\/terrasdebasto.pt\/#website","url":"https:\/\/terrasdebasto.pt\/","name":"Jornal Terras de Basto","description":"","publisher":{"@id":"https:\/\/terrasdebasto.pt\/#organization"},"potentialAction":[{"@type":"SearchAction","target":{"@type":"EntryPoint","urlTemplate":"https:\/\/terrasdebasto.pt\/?s={search_term_string}"},"query-input":{"@type":"PropertyValueSpecification","valueRequired":true,"valueName":"search_term_string"}}],"inLanguage":"pt-PT"},{"@type":"Organization","@id":"https:\/\/terrasdebasto.pt\/#organization","name":"Jornal Terras de Basto","url":"https:\/\/terrasdebasto.pt\/","logo":{"@type":"ImageObject","inLanguage":"pt-PT","@id":"https:\/\/terrasdebasto.pt\/#\/schema\/logo\/image\/","url":"https:\/\/terrasdebasto.pt\/wp-content\/uploads\/2024\/06\/LogoNormal.png","contentUrl":"https:\/\/terrasdebasto.pt\/wp-content\/uploads\/2024\/06\/LogoNormal.png","width":5638,"height":809,"caption":"Jornal Terras de Basto"},"image":{"@id":"https:\/\/terrasdebasto.pt\/#\/schema\/logo\/image\/"}},{"@type":"Person","@id":"https:\/\/terrasdebasto.pt\/#\/schema\/person\/9f6739f5394ac65c802641773b278b84","name":"Jo\u00e3o Paulo Mesquita","image":{"@type":"ImageObject","inLanguage":"pt-PT","@id":"https:\/\/terrasdebasto.pt\/#\/schema\/person\/image\/","url":"https:\/\/secure.gravatar.com\/avatar\/9bd0f299e6d96336664aab64354168246a3ee3287c47891c50d450e47ed9d7f9?s=96&d=mm&r=g","contentUrl":"https:\/\/secure.gravatar.com\/avatar\/9bd0f299e6d96336664aab64354168246a3ee3287c47891c50d450e47ed9d7f9?s=96&d=mm&r=g","caption":"Jo\u00e3o Paulo Mesquita"},"url":"https:\/\/terrasdebasto.pt\/?author=7"}]}},"_links":{"self":[{"href":"https:\/\/terrasdebasto.pt\/index.php?rest_route=\/wp\/v2\/posts\/4403","targetHints":{"allow":["GET"]}}],"collection":[{"href":"https:\/\/terrasdebasto.pt\/index.php?rest_route=\/wp\/v2\/posts"}],"about":[{"href":"https:\/\/terrasdebasto.pt\/index.php?rest_route=\/wp\/v2\/types\/post"}],"author":[{"embeddable":true,"href":"https:\/\/terrasdebasto.pt\/index.php?rest_route=\/wp\/v2\/users\/7"}],"replies":[{"embeddable":true,"href":"https:\/\/terrasdebasto.pt\/index.php?rest_route=%2Fwp%2Fv2%2Fcomments&post=4403"}],"version-history":[{"count":2,"href":"https:\/\/terrasdebasto.pt\/index.php?rest_route=\/wp\/v2\/posts\/4403\/revisions"}],"predecessor-version":[{"id":4406,"href":"https:\/\/terrasdebasto.pt\/index.php?rest_route=\/wp\/v2\/posts\/4403\/revisions\/4406"}],"wp:featuredmedia":[{"embeddable":true,"href":"https:\/\/terrasdebasto.pt\/index.php?rest_route=\/wp\/v2\/media\/4404"}],"wp:attachment":[{"href":"https:\/\/terrasdebasto.pt\/index.php?rest_route=%2Fwp%2Fv2%2Fmedia&parent=4403"}],"wp:term":[{"taxonomy":"category","embeddable":true,"href":"https:\/\/terrasdebasto.pt\/index.php?rest_route=%2Fwp%2Fv2%2Fcategories&post=4403"},{"taxonomy":"post_tag","embeddable":true,"href":"https:\/\/terrasdebasto.pt\/index.php?rest_route=%2Fwp%2Fv2%2Ftags&post=4403"}],"curies":[{"name":"wp","href":"https:\/\/api.w.org\/{rel}","templated":true}]}}