{"id":4400,"date":"2025-05-28T10:08:06","date_gmt":"2025-05-28T10:08:06","guid":{"rendered":"https:\/\/terrasdebasto.pt\/?p=4400"},"modified":"2025-05-28T10:08:06","modified_gmt":"2025-05-28T10:08:06","slug":"mais-uma-otima-edicao-do-terras-de-basto-14","status":"publish","type":"post","link":"https:\/\/terrasdebasto.pt\/?p=4400","title":{"rendered":"Mais uma \u00f3tima edi\u00e7\u00e3o do Terras de Basto"},"content":{"rendered":"\n<p><strong>\u201cDar de si antes de pensar em si\u201d. Este \u00e9 o princ\u00edpio fundador do movimento rot\u00e1rio, que chegou h\u00e1 13 anos a Celorico de Basto. Filomena Esteves, professora de Matem\u00e1tica, reconhecida pelo seu esp\u00edrito altru\u00edsta e solid\u00e1rio, preside ao clube celoricense. Em entrevista ao Terras de Basto explica \u201cA magia do Rotary\u201d e fala das v\u00e1rias \u201cavenidas de servi\u00e7o\u201d em que o clube est\u00e1 envolvido. Este \u00e9 o principal destaque de mais uma \u00f3tima edi\u00e7\u00e3o do Terras de Basto.<\/strong><\/p>\n\n\n\n<p>Mas esta edi\u00e7\u00e3o d\u00e1 igualmente espa\u00e7o aos resultados e \u00e0 an\u00e1lise das recentes elei\u00e7\u00f5es legislativas, mormente no que \u00e0s terras de Basto diz respeito. Em quatro p\u00e1ginas, lembramos que a Alian\u00e7a Democr\u00e1tica venceu o ato eleitoral de 18 de maio nos quatro concelhos das Terras de Basto, com percentagens bem superiores aos 32,10% dos votos que lhe deram a vit\u00f3ria nacional. O PS, em mar\u00e9 de hecatombe, apenas conseguiu vencer em duas freguesias desta regi\u00e3o.<\/p>\n\n\n\n<p>Onde o quotidiano anda animado, tamb\u00e9m entre autarcas socialistas, \u00e9 em Cabeceiras de Basto. Agora, com os jardins da Pra\u00e7a da Rep\u00fablica \u00e0 mistura. A obra \u00e9 municipal, mas est\u00e1 a ser feita sem que algu\u00e9m, al\u00e9m dos decisores, saiba o que dali vai sair. O l\u00edder da oposi\u00e7\u00e3o n\u00e3o sabe. Os residentes tamb\u00e9m n\u00e3o. E at\u00e9 aquele que ali mandou fazer a \u00faltima grande interven\u00e7\u00e3o tamb\u00e9m n\u00e3o. Os jardins da Pra\u00e7a da Rep\u00fablica, agora com o ventre \u00e0 mostra, est\u00e3o a servir, assim, para acicatar a rela\u00e7\u00e3o entre os dois principais autarcas socialistas cabeceirenses. Um quer explica\u00e7\u00f5es. O outro, ningu\u00e9m o ouve.<\/p>\n\n\n\n<p>Ainda em Cabeceiras de Basto, voltamos a chamar a aten\u00e7\u00e3o para o processo de constru\u00e7\u00e3o de um pr\u00e9dio para habita\u00e7\u00e3o social no loteamento das Cerdeirinhas. Os propriet\u00e1rios e residentes deste lugar de Chacim, em Refojos, interpuseram uma provid\u00eancia cautelar junto do tribunal local na tentativa de impedir a execu\u00e7\u00e3o do bloco multifamiliar. O atraso no processo pode p\u00f4r em causa o financiamento.<\/p>\n\n\n\n<p>Muitos outros assuntos, muita opini\u00e3o e muita mais informa\u00e7\u00e3o fazem esta edi\u00e7\u00e3o, mas estes s\u00e3o os destaques que escolhemos para a primeira p\u00e1gina.<\/p>\n\n\n\n<p>Tenha boas leituras, com o Terras de Basto.<\/p>\n\n\n\n<p>O diretor,<\/p>\n\n\n\n<p>Jo\u00e3o Paulo Mesquita<\/p>\n","protected":false},"excerpt":{"rendered":"<p>\u201cDar de si antes de pensar em si\u201d. Este \u00e9 o princ\u00edpio fundador do movimento rot\u00e1rio, que chegou h\u00e1 13 anos a Celorico de Basto. Filomena Esteves, professora de Matem\u00e1tica, reconhecida pelo seu esp\u00edrito altru\u00edsta e solid\u00e1rio, preside ao clube celoricense. Em entrevista ao Terras de Basto explica \u201cA magia do Rotary\u201d e fala das [&hellip;]<\/p>\n","protected":false},"author":7,"featured_media":4401,"comment_status":"open","ping_status":"open","sticky":false,"template":"","format":"standard","meta":{"footnotes":""},"categories":[27,12,13,7,8,11,28,14,16,26,10,15,9],"tags":[502],"class_list":{"0":"post-4400","1":"post","2":"type-post","3":"status-publish","4":"format-standard","5":"has-post-thumbnail","7":"category-artigo-de-opiniao","8":"category-cabeceiras-de-basto","9":"category-celorico-de-basto","10":"category-cultura","11":"category-desporto","12":"category-educacao","13":"category-entrevista","14":"category-gastronomia","15":"category-mondim-de-basto","16":"category-ribeira-de-pena","17":"category-saude","18":"category-technology","19":"category-terras-de-basto","20":"tag-jornal-terras-de-basto"},"yoast_head":"<!-- This site is optimized with the Yoast SEO plugin v25.7 - https:\/\/yoast.com\/wordpress\/plugins\/seo\/ -->\n<title>Mais uma \u00f3tima edi\u00e7\u00e3o do Terras de Basto - Jornal Terras de Basto<\/title>\n<meta name=\"description\" content=\"\u201cDar de si antes de pensar em si\u201d. Este \u00e9 o princ\u00edpio fundador do movimento rot\u00e1rio, que chegou h\u00e1 13 anos a Celorico de Basto. Filomena Esteves, professora de Matem\u00e1tica, reconhecida pelo seu esp\u00edrito altru\u00edsta e solid\u00e1rio, preside ao clube celoricense. Em entrevista ao Terras de Basto explica \u201cA magia do Rotary\u201d e fala das v\u00e1rias \u201cavenidas de servi\u00e7o\u201d em que o clube est\u00e1 envolvido. Este \u00e9 o principal destaque de mais uma \u00f3tima edi\u00e7\u00e3o do Terras de Basto.\" \/>\n<meta name=\"robots\" content=\"index, follow, max-snippet:-1, max-image-preview:large, max-video-preview:-1\" \/>\n<link rel=\"canonical\" href=\"https:\/\/terrasdebasto.pt\/?p=4400\" \/>\n<meta property=\"og:locale\" content=\"pt_PT\" \/>\n<meta property=\"og:type\" content=\"article\" \/>\n<meta property=\"og:title\" content=\"Mais uma \u00f3tima edi\u00e7\u00e3o do Terras de Basto - Jornal Terras de Basto\" \/>\n<meta property=\"og:description\" content=\"\u201cDar de si antes de pensar em si\u201d. Este \u00e9 o princ\u00edpio fundador do movimento rot\u00e1rio, que chegou h\u00e1 13 anos a Celorico de Basto. Filomena Esteves, professora de Matem\u00e1tica, reconhecida pelo seu esp\u00edrito altru\u00edsta e solid\u00e1rio, preside ao clube celoricense. Em entrevista ao Terras de Basto explica \u201cA magia do Rotary\u201d e fala das v\u00e1rias \u201cavenidas de servi\u00e7o\u201d em que o clube est\u00e1 envolvido. Este \u00e9 o principal destaque de mais uma \u00f3tima edi\u00e7\u00e3o do Terras de Basto.\" \/>\n<meta property=\"og:url\" content=\"https:\/\/terrasdebasto.pt\/?p=4400\" \/>\n<meta property=\"og:site_name\" content=\"Jornal Terras de Basto\" \/>\n<meta property=\"article:published_time\" content=\"2025-05-28T10:08:06+00:00\" \/>\n<meta property=\"og:image\" content=\"https:\/\/terrasdebasto.pt\/wp-content\/uploads\/2025\/05\/CAPA-29.05.25.jpg\" \/>\n\t<meta property=\"og:image:width\" content=\"1089\" \/>\n\t<meta property=\"og:image:height\" content=\"1280\" \/>\n\t<meta property=\"og:image:type\" content=\"image\/jpeg\" \/>\n<meta name=\"author\" content=\"Jo\u00e3o Paulo Mesquita\" \/>\n<meta name=\"twitter:card\" content=\"summary_large_image\" \/>\n<meta name=\"twitter:label1\" content=\"Escrito por\" \/>\n\t<meta name=\"twitter:data1\" content=\"Jo\u00e3o Paulo Mesquita\" \/>\n\t<meta name=\"twitter:label2\" content=\"Tempo estimado de leitura\" \/>\n\t<meta name=\"twitter:data2\" content=\"3 minutos\" \/>\n<script type=\"application\/ld+json\" class=\"yoast-schema-graph\">{\"@context\":\"https:\/\/schema.org\",\"@graph\":[{\"@type\":\"Article\",\"@id\":\"https:\/\/terrasdebasto.pt\/?p=4400#article\",\"isPartOf\":{\"@id\":\"https:\/\/terrasdebasto.pt\/?p=4400\"},\"author\":{\"name\":\"Jo\u00e3o Paulo Mesquita\",\"@id\":\"https:\/\/terrasdebasto.pt\/#\/schema\/person\/9f6739f5394ac65c802641773b278b84\"},\"headline\":\"Mais uma \u00f3tima edi\u00e7\u00e3o do Terras de Basto\",\"datePublished\":\"2025-05-28T10:08:06+00:00\",\"mainEntityOfPage\":{\"@id\":\"https:\/\/terrasdebasto.pt\/?p=4400\"},\"wordCount\":405,\"commentCount\":0,\"publisher\":{\"@id\":\"https:\/\/terrasdebasto.pt\/#organization\"},\"image\":{\"@id\":\"https:\/\/terrasdebasto.pt\/?p=4400#primaryimage\"},\"thumbnailUrl\":\"https:\/\/terrasdebasto.pt\/wp-content\/uploads\/2025\/05\/CAPA-29.05.25.jpg\",\"keywords\":[\"Jornal Terras de Basto\"],\"articleSection\":[\"Artigo de opini\u00e3o\",\"Cabeceiras de Basto\",\"Celorico de Basto\",\"Cultura\",\"Desporto\",\"Educa\u00e7\u00e3o\",\"Entrevista\",\"Gastronomia\",\"Mondim de Basto\",\"Ribeira de Pena\",\"Sa\u00fade\",\"Tecnologia\",\"Terras de Basto\"],\"inLanguage\":\"pt-PT\",\"potentialAction\":[{\"@type\":\"CommentAction\",\"name\":\"Comment\",\"target\":[\"https:\/\/terrasdebasto.pt\/?p=4400#respond\"]}]},{\"@type\":\"WebPage\",\"@id\":\"https:\/\/terrasdebasto.pt\/?p=4400\",\"url\":\"https:\/\/terrasdebasto.pt\/?p=4400\",\"name\":\"Mais uma \u00f3tima edi\u00e7\u00e3o do Terras de Basto - Jornal Terras de Basto\",\"isPartOf\":{\"@id\":\"https:\/\/terrasdebasto.pt\/#website\"},\"primaryImageOfPage\":{\"@id\":\"https:\/\/terrasdebasto.pt\/?p=4400#primaryimage\"},\"image\":{\"@id\":\"https:\/\/terrasdebasto.pt\/?p=4400#primaryimage\"},\"thumbnailUrl\":\"https:\/\/terrasdebasto.pt\/wp-content\/uploads\/2025\/05\/CAPA-29.05.25.jpg\",\"datePublished\":\"2025-05-28T10:08:06+00:00\",\"description\":\"\u201cDar de si antes de pensar em si\u201d. Este \u00e9 o princ\u00edpio fundador do movimento rot\u00e1rio, que chegou h\u00e1 13 anos a Celorico de Basto. Filomena Esteves, professora de Matem\u00e1tica, reconhecida pelo seu esp\u00edrito altru\u00edsta e solid\u00e1rio, preside ao clube celoricense. Em entrevista ao Terras de Basto explica \u201cA magia do Rotary\u201d e fala das v\u00e1rias \u201cavenidas de servi\u00e7o\u201d em que o clube est\u00e1 envolvido. Este \u00e9 o principal destaque de mais uma \u00f3tima edi\u00e7\u00e3o do Terras de Basto.\",\"breadcrumb\":{\"@id\":\"https:\/\/terrasdebasto.pt\/?p=4400#breadcrumb\"},\"inLanguage\":\"pt-PT\",\"potentialAction\":[{\"@type\":\"ReadAction\",\"target\":[\"https:\/\/terrasdebasto.pt\/?p=4400\"]}]},{\"@type\":\"ImageObject\",\"inLanguage\":\"pt-PT\",\"@id\":\"https:\/\/terrasdebasto.pt\/?p=4400#primaryimage\",\"url\":\"https:\/\/terrasdebasto.pt\/wp-content\/uploads\/2025\/05\/CAPA-29.05.25.jpg\",\"contentUrl\":\"https:\/\/terrasdebasto.pt\/wp-content\/uploads\/2025\/05\/CAPA-29.05.25.jpg\",\"width\":1089,\"height\":1280},{\"@type\":\"BreadcrumbList\",\"@id\":\"https:\/\/terrasdebasto.pt\/?p=4400#breadcrumb\",\"itemListElement\":[{\"@type\":\"ListItem\",\"position\":1,\"name\":\"In\u00edcio\",\"item\":\"https:\/\/terrasdebasto.pt\/\"},{\"@type\":\"ListItem\",\"position\":2,\"name\":\"Mais uma \u00f3tima edi\u00e7\u00e3o do Terras de Basto\"}]},{\"@type\":\"WebSite\",\"@id\":\"https:\/\/terrasdebasto.pt\/#website\",\"url\":\"https:\/\/terrasdebasto.pt\/\",\"name\":\"Jornal Terras de Basto\",\"description\":\"\",\"publisher\":{\"@id\":\"https:\/\/terrasdebasto.pt\/#organization\"},\"potentialAction\":[{\"@type\":\"SearchAction\",\"target\":{\"@type\":\"EntryPoint\",\"urlTemplate\":\"https:\/\/terrasdebasto.pt\/?s={search_term_string}\"},\"query-input\":{\"@type\":\"PropertyValueSpecification\",\"valueRequired\":true,\"valueName\":\"search_term_string\"}}],\"inLanguage\":\"pt-PT\"},{\"@type\":\"Organization\",\"@id\":\"https:\/\/terrasdebasto.pt\/#organization\",\"name\":\"Jornal Terras de Basto\",\"url\":\"https:\/\/terrasdebasto.pt\/\",\"logo\":{\"@type\":\"ImageObject\",\"inLanguage\":\"pt-PT\",\"@id\":\"https:\/\/terrasdebasto.pt\/#\/schema\/logo\/image\/\",\"url\":\"https:\/\/terrasdebasto.pt\/wp-content\/uploads\/2024\/06\/LogoNormal.png\",\"contentUrl\":\"https:\/\/terrasdebasto.pt\/wp-content\/uploads\/2024\/06\/LogoNormal.png\",\"width\":5638,\"height\":809,\"caption\":\"Jornal Terras de Basto\"},\"image\":{\"@id\":\"https:\/\/terrasdebasto.pt\/#\/schema\/logo\/image\/\"}},{\"@type\":\"Person\",\"@id\":\"https:\/\/terrasdebasto.pt\/#\/schema\/person\/9f6739f5394ac65c802641773b278b84\",\"name\":\"Jo\u00e3o Paulo Mesquita\",\"image\":{\"@type\":\"ImageObject\",\"inLanguage\":\"pt-PT\",\"@id\":\"https:\/\/terrasdebasto.pt\/#\/schema\/person\/image\/\",\"url\":\"https:\/\/secure.gravatar.com\/avatar\/9bd0f299e6d96336664aab64354168246a3ee3287c47891c50d450e47ed9d7f9?s=96&d=mm&r=g\",\"contentUrl\":\"https:\/\/secure.gravatar.com\/avatar\/9bd0f299e6d96336664aab64354168246a3ee3287c47891c50d450e47ed9d7f9?s=96&d=mm&r=g\",\"caption\":\"Jo\u00e3o Paulo Mesquita\"},\"url\":\"https:\/\/terrasdebasto.pt\/?author=7\"}]}<\/script>\n<!-- \/ Yoast SEO plugin. -->","yoast_head_json":{"title":"Mais uma \u00f3tima edi\u00e7\u00e3o do Terras de Basto - Jornal Terras de Basto","description":"\u201cDar de si antes de pensar em si\u201d. Este \u00e9 o princ\u00edpio fundador do movimento rot\u00e1rio, que chegou h\u00e1 13 anos a Celorico de Basto. Filomena Esteves, professora de Matem\u00e1tica, reconhecida pelo seu esp\u00edrito altru\u00edsta e solid\u00e1rio, preside ao clube celoricense. Em entrevista ao Terras de Basto explica \u201cA magia do Rotary\u201d e fala das v\u00e1rias \u201cavenidas de servi\u00e7o\u201d em que o clube est\u00e1 envolvido. Este \u00e9 o principal destaque de mais uma \u00f3tima edi\u00e7\u00e3o do Terras de Basto.","robots":{"index":"index","follow":"follow","max-snippet":"max-snippet:-1","max-image-preview":"max-image-preview:large","max-video-preview":"max-video-preview:-1"},"canonical":"https:\/\/terrasdebasto.pt\/?p=4400","og_locale":"pt_PT","og_type":"article","og_title":"Mais uma \u00f3tima edi\u00e7\u00e3o do Terras de Basto - Jornal Terras de Basto","og_description":"\u201cDar de si antes de pensar em si\u201d. Este \u00e9 o princ\u00edpio fundador do movimento rot\u00e1rio, que chegou h\u00e1 13 anos a Celorico de Basto. Filomena Esteves, professora de Matem\u00e1tica, reconhecida pelo seu esp\u00edrito altru\u00edsta e solid\u00e1rio, preside ao clube celoricense. Em entrevista ao Terras de Basto explica \u201cA magia do Rotary\u201d e fala das v\u00e1rias \u201cavenidas de servi\u00e7o\u201d em que o clube est\u00e1 envolvido. Este \u00e9 o principal destaque de mais uma \u00f3tima edi\u00e7\u00e3o do Terras de Basto.","og_url":"https:\/\/terrasdebasto.pt\/?p=4400","og_site_name":"Jornal Terras de Basto","article_published_time":"2025-05-28T10:08:06+00:00","og_image":[{"width":1089,"height":1280,"url":"https:\/\/terrasdebasto.pt\/wp-content\/uploads\/2025\/05\/CAPA-29.05.25.jpg","type":"image\/jpeg"}],"author":"Jo\u00e3o Paulo Mesquita","twitter_card":"summary_large_image","twitter_misc":{"Escrito por":"Jo\u00e3o Paulo Mesquita","Tempo estimado de leitura":"3 minutos"},"schema":{"@context":"https:\/\/schema.org","@graph":[{"@type":"Article","@id":"https:\/\/terrasdebasto.pt\/?p=4400#article","isPartOf":{"@id":"https:\/\/terrasdebasto.pt\/?p=4400"},"author":{"name":"Jo\u00e3o Paulo Mesquita","@id":"https:\/\/terrasdebasto.pt\/#\/schema\/person\/9f6739f5394ac65c802641773b278b84"},"headline":"Mais uma \u00f3tima edi\u00e7\u00e3o do Terras de Basto","datePublished":"2025-05-28T10:08:06+00:00","mainEntityOfPage":{"@id":"https:\/\/terrasdebasto.pt\/?p=4400"},"wordCount":405,"commentCount":0,"publisher":{"@id":"https:\/\/terrasdebasto.pt\/#organization"},"image":{"@id":"https:\/\/terrasdebasto.pt\/?p=4400#primaryimage"},"thumbnailUrl":"https:\/\/terrasdebasto.pt\/wp-content\/uploads\/2025\/05\/CAPA-29.05.25.jpg","keywords":["Jornal Terras de Basto"],"articleSection":["Artigo de opini\u00e3o","Cabeceiras de Basto","Celorico de Basto","Cultura","Desporto","Educa\u00e7\u00e3o","Entrevista","Gastronomia","Mondim de Basto","Ribeira de Pena","Sa\u00fade","Tecnologia","Terras de Basto"],"inLanguage":"pt-PT","potentialAction":[{"@type":"CommentAction","name":"Comment","target":["https:\/\/terrasdebasto.pt\/?p=4400#respond"]}]},{"@type":"WebPage","@id":"https:\/\/terrasdebasto.pt\/?p=4400","url":"https:\/\/terrasdebasto.pt\/?p=4400","name":"Mais uma \u00f3tima edi\u00e7\u00e3o do Terras de Basto - Jornal Terras de Basto","isPartOf":{"@id":"https:\/\/terrasdebasto.pt\/#website"},"primaryImageOfPage":{"@id":"https:\/\/terrasdebasto.pt\/?p=4400#primaryimage"},"image":{"@id":"https:\/\/terrasdebasto.pt\/?p=4400#primaryimage"},"thumbnailUrl":"https:\/\/terrasdebasto.pt\/wp-content\/uploads\/2025\/05\/CAPA-29.05.25.jpg","datePublished":"2025-05-28T10:08:06+00:00","description":"\u201cDar de si antes de pensar em si\u201d. Este \u00e9 o princ\u00edpio fundador do movimento rot\u00e1rio, que chegou h\u00e1 13 anos a Celorico de Basto. Filomena Esteves, professora de Matem\u00e1tica, reconhecida pelo seu esp\u00edrito altru\u00edsta e solid\u00e1rio, preside ao clube celoricense. Em entrevista ao Terras de Basto explica \u201cA magia do Rotary\u201d e fala das v\u00e1rias \u201cavenidas de servi\u00e7o\u201d em que o clube est\u00e1 envolvido. Este \u00e9 o principal destaque de mais uma \u00f3tima edi\u00e7\u00e3o do Terras de Basto.","breadcrumb":{"@id":"https:\/\/terrasdebasto.pt\/?p=4400#breadcrumb"},"inLanguage":"pt-PT","potentialAction":[{"@type":"ReadAction","target":["https:\/\/terrasdebasto.pt\/?p=4400"]}]},{"@type":"ImageObject","inLanguage":"pt-PT","@id":"https:\/\/terrasdebasto.pt\/?p=4400#primaryimage","url":"https:\/\/terrasdebasto.pt\/wp-content\/uploads\/2025\/05\/CAPA-29.05.25.jpg","contentUrl":"https:\/\/terrasdebasto.pt\/wp-content\/uploads\/2025\/05\/CAPA-29.05.25.jpg","width":1089,"height":1280},{"@type":"BreadcrumbList","@id":"https:\/\/terrasdebasto.pt\/?p=4400#breadcrumb","itemListElement":[{"@type":"ListItem","position":1,"name":"In\u00edcio","item":"https:\/\/terrasdebasto.pt\/"},{"@type":"ListItem","position":2,"name":"Mais uma \u00f3tima edi\u00e7\u00e3o do Terras de Basto"}]},{"@type":"WebSite","@id":"https:\/\/terrasdebasto.pt\/#website","url":"https:\/\/terrasdebasto.pt\/","name":"Jornal Terras de Basto","description":"","publisher":{"@id":"https:\/\/terrasdebasto.pt\/#organization"},"potentialAction":[{"@type":"SearchAction","target":{"@type":"EntryPoint","urlTemplate":"https:\/\/terrasdebasto.pt\/?s={search_term_string}"},"query-input":{"@type":"PropertyValueSpecification","valueRequired":true,"valueName":"search_term_string"}}],"inLanguage":"pt-PT"},{"@type":"Organization","@id":"https:\/\/terrasdebasto.pt\/#organization","name":"Jornal Terras de Basto","url":"https:\/\/terrasdebasto.pt\/","logo":{"@type":"ImageObject","inLanguage":"pt-PT","@id":"https:\/\/terrasdebasto.pt\/#\/schema\/logo\/image\/","url":"https:\/\/terrasdebasto.pt\/wp-content\/uploads\/2024\/06\/LogoNormal.png","contentUrl":"https:\/\/terrasdebasto.pt\/wp-content\/uploads\/2024\/06\/LogoNormal.png","width":5638,"height":809,"caption":"Jornal Terras de Basto"},"image":{"@id":"https:\/\/terrasdebasto.pt\/#\/schema\/logo\/image\/"}},{"@type":"Person","@id":"https:\/\/terrasdebasto.pt\/#\/schema\/person\/9f6739f5394ac65c802641773b278b84","name":"Jo\u00e3o Paulo Mesquita","image":{"@type":"ImageObject","inLanguage":"pt-PT","@id":"https:\/\/terrasdebasto.pt\/#\/schema\/person\/image\/","url":"https:\/\/secure.gravatar.com\/avatar\/9bd0f299e6d96336664aab64354168246a3ee3287c47891c50d450e47ed9d7f9?s=96&d=mm&r=g","contentUrl":"https:\/\/secure.gravatar.com\/avatar\/9bd0f299e6d96336664aab64354168246a3ee3287c47891c50d450e47ed9d7f9?s=96&d=mm&r=g","caption":"Jo\u00e3o Paulo Mesquita"},"url":"https:\/\/terrasdebasto.pt\/?author=7"}]}},"_links":{"self":[{"href":"https:\/\/terrasdebasto.pt\/index.php?rest_route=\/wp\/v2\/posts\/4400","targetHints":{"allow":["GET"]}}],"collection":[{"href":"https:\/\/terrasdebasto.pt\/index.php?rest_route=\/wp\/v2\/posts"}],"about":[{"href":"https:\/\/terrasdebasto.pt\/index.php?rest_route=\/wp\/v2\/types\/post"}],"author":[{"embeddable":true,"href":"https:\/\/terrasdebasto.pt\/index.php?rest_route=\/wp\/v2\/users\/7"}],"replies":[{"embeddable":true,"href":"https:\/\/terrasdebasto.pt\/index.php?rest_route=%2Fwp%2Fv2%2Fcomments&post=4400"}],"version-history":[{"count":1,"href":"https:\/\/terrasdebasto.pt\/index.php?rest_route=\/wp\/v2\/posts\/4400\/revisions"}],"predecessor-version":[{"id":4402,"href":"https:\/\/terrasdebasto.pt\/index.php?rest_route=\/wp\/v2\/posts\/4400\/revisions\/4402"}],"wp:featuredmedia":[{"embeddable":true,"href":"https:\/\/terrasdebasto.pt\/index.php?rest_route=\/wp\/v2\/media\/4401"}],"wp:attachment":[{"href":"https:\/\/terrasdebasto.pt\/index.php?rest_route=%2Fwp%2Fv2%2Fmedia&parent=4400"}],"wp:term":[{"taxonomy":"category","embeddable":true,"href":"https:\/\/terrasdebasto.pt\/index.php?rest_route=%2Fwp%2Fv2%2Fcategories&post=4400"},{"taxonomy":"post_tag","embeddable":true,"href":"https:\/\/terrasdebasto.pt\/index.php?rest_route=%2Fwp%2Fv2%2Ftags&post=4400"}],"curies":[{"name":"wp","href":"https:\/\/api.w.org\/{rel}","templated":true}]}}