{"id":4382,"date":"2025-05-16T15:26:23","date_gmt":"2025-05-16T15:26:23","guid":{"rendered":"https:\/\/terrasdebasto.pt\/?p=4382"},"modified":"2025-05-16T15:26:27","modified_gmt":"2025-05-16T15:26:27","slug":"cabeceiras-camara-fez-agora-obras-que-faltavam-para-abrir-parque-de-caravanismo","status":"publish","type":"post","link":"https:\/\/terrasdebasto.pt\/?p=4382","title":{"rendered":"Cabeceiras: C\u00e2mara fez agora obras que faltavam para abrir parque de caravanismo"},"content":{"rendered":"\n<p><strong>O Munic\u00edpio de Cabeceiras de Basto viu-se obrigado a completar, por sua iniciativa, o projeto de constru\u00e7\u00e3o do Parque de Campismo e Caravanismo de Vinha de Mouros, isto poucos dias depois de o l\u00edder da oposi\u00e7\u00e3o chamar a aten\u00e7\u00e3o para o estado de degrada\u00e7\u00e3o que o equipamento estava a sofrer mesmo sem estar conclu\u00eddo e sem abrir ao p\u00fablico.<\/strong><\/p>\n\n\n\n<p>Tal como o Terras de Basto tem noticiado, a alegada conclus\u00e3o deste projeto foi comunicada h\u00e1 cerca de tr\u00eas anos \u00e0 entidade que gere os fundos comunit\u00e1rios, a Comiss\u00e3o de Coordena\u00e7\u00e3o e Desenvolvimento Regional do Norte, informando-a de o equipamento estava aberto e sob gest\u00e3o municipal.<\/p>\n\n\n\n<p>Para mostrar as partes do equipamento executadas pelo munic\u00edpio desde que assumiu a den\u00fancia deste caso h\u00e1 cerca de m\u00ea e meio, o l\u00edder da oposi\u00e7\u00e3o convidou a Imprensa, ao in\u00edcio da tarde desta sexta-feira (16), conduzindo-a at\u00e9 \u00e0 bacia de decanta\u00e7\u00e3o de \u00e1guas sanit\u00e1rias e \u00e0 bacia de deposi\u00e7\u00e3o de res\u00edduos sanit\u00e1rios.<\/p>\n\n\n\n<p>\u00abSempre nos contradisseram, dizendo que estava conclu\u00eddo, mas, como viram, tiveram de o vir concluir agora; n\u00e3o nas melhores condi\u00e7\u00f5es, mas, pelo menos, j\u00e1 permite que as autocaravanas venham c\u00e1\u00bb, comentou Manuel Ant\u00f3nio Teixeira, que, quando chegou \u00e0 rece\u00e7\u00e3o do parque, foi estranhamente recebido pelo vereador Fernando Basto, negando embora o convite para acompanhar a visita e dar algumas explica\u00e7\u00f5es \u00e0 Imprensa.<\/p>\n\n\n\n<p>\u00abAgora j\u00e1 tem onde descarregar as \u00e1guas sanit\u00e1rias; n\u00e3o \u00e9 a melhor solu\u00e7\u00e3o, porque precisava de uma cifonagem, para evitar odores externos\u2026 mas, minimamente, tem as condi\u00e7\u00f5es para poder funcionar\u00bb, explicou o candidato \u00e0 presid\u00eancia da C\u00e2mara pela coliga\u00e7\u00e3o PSD\/CDS, comentando que \u00abj\u00e1 valeu a pena a visita\u00bb e a denuncia feita por si h\u00e1 m\u00eas e meio.<\/p>\n\n\n\n<p>Manuel Ant\u00f3nio Teixeira sublinhou que o auto-caravanismo regista hoje particular procura, raz\u00e3o por que se impunha a abertura deste parque, que tinha \u2013 nesta sexta-feira \u2013 duas viaturas aparcadas.<\/p>\n\n\n\n<p>Porque a presid\u00eancia da C\u00e2mara n\u00e3o teve nestes anos tempo suficiente para preparar a respetiva tabela de taxas, o Parque de Campismo e Caravanismo de Vinha de Mouros \u2013 que tem j\u00e1 afeto um significativo n\u00famero de funcion\u00e1rios \u2013 vai funcionar com acesso gratuito.<\/p>\n\n\n\n<p>Vai funcionar igualmente sem regulamento legal, uma vez que o documento j\u00e1 aprovado entrou em processo de revis\u00e3o \u2013 na procura de outro modelo de gest\u00e3o, do foro privado.<\/p>\n\n\n\n<p>Sabendo-se, embora, que as partes agora executadas pelo munic\u00edpio constavam do projeto inicial \u2013 como o Terras de Basto apurou junto de fonte oficial \u2013 desconhece-se, porque o Munic\u00edpio n\u00e3o explica, quem suportou o seu custo.<\/p>\n\n\n\n<p>Quando este assunto foi discutido em sede de verea\u00e7\u00e3o, o presidente adiantou que tinham tido uma conversa com a empresa construtora e que esta tinha \u00abassumido umas coisas, outras n\u00e3o\u00bb.<\/p>\n\n\n\n<p>A candidatura para \u201cQualifica\u00e7\u00e3o das Experi\u00eancias de Turismo de Natureza no Minho\u201d, um projeto com o c\u00f3digo NORTE-06-3928-FEDER-000035, foi aprovada a 6 de maio de 2019, com um prazo de execu\u00e7\u00e3o de 180 dias e consigna\u00e7\u00e3o em maio de 2021, o que obrigaria a que as obras estivessem conclu\u00eddas a 13 de novembro de 2021. Tal n\u00e3o veio a acontecer, com a justifica\u00e7\u00e3o da pandemia, tendo sido ent\u00e3o aprovada uma prorroga\u00e7\u00e3o do prazo para 31 de mar\u00e7o de 2022, ou seja, mais 138 dias de calend\u00e1rio.<\/p>\n\n\n\n<p>A abertura \u2013 embora a presid\u00eancia da C\u00e2mara a tenha comunicado \u00e0 CCDR-N como efetiva \u2013 s\u00f3 agora aconteceu, depois de feitas as estruturas b\u00e1sicas em falta, carecendo agora de todas as explica\u00e7\u00f5es que se imp\u00f5em a uma entidade p\u00fablica.<\/p>\n\n\n\n<p>O Parque de Campismo e Caravanismo de Vinha de Mouros, or\u00e7ado em cerca de 400 mil euros, foi financiado em cerca de 333 mil. [JPM].<\/p>\n\n\n\n<figure class=\"wp-block-gallery has-nested-images columns-default is-cropped wp-block-gallery-1 is-layout-flex wp-block-gallery-is-layout-flex\">\n<figure class=\"wp-block-image size-large\"><img loading=\"lazy\" decoding=\"async\" width=\"1024\" height=\"683\" data-id=\"4384\" src=\"https:\/\/terrasdebasto.pt\/wp-content\/uploads\/2025\/05\/10-2-1024x683.jpg\" alt=\"\" class=\"wp-image-4384\" srcset=\"https:\/\/terrasdebasto.pt\/wp-content\/uploads\/2025\/05\/10-2-1024x683.jpg 1024w, https:\/\/terrasdebasto.pt\/wp-content\/uploads\/2025\/05\/10-2-300x200.jpg 300w, https:\/\/terrasdebasto.pt\/wp-content\/uploads\/2025\/05\/10-2-768x512.jpg 768w, https:\/\/terrasdebasto.pt\/wp-content\/uploads\/2025\/05\/10-2-1536x1024.jpg 1536w, https:\/\/terrasdebasto.pt\/wp-content\/uploads\/2025\/05\/10-2-2048x1365.jpg 2048w, https:\/\/terrasdebasto.pt\/wp-content\/uploads\/2025\/05\/10-2-150x100.jpg 150w, https:\/\/terrasdebasto.pt\/wp-content\/uploads\/2025\/05\/10-2-696x464.jpg 696w, https:\/\/terrasdebasto.pt\/wp-content\/uploads\/2025\/05\/10-2-1068x712.jpg 1068w, https:\/\/terrasdebasto.pt\/wp-content\/uploads\/2025\/05\/10-2-1920x1280.jpg 1920w\" sizes=\"auto, (max-width: 1024px) 100vw, 1024px\" \/><\/figure>\n<\/figure>\n\n\n\n<figure class=\"wp-block-gallery has-nested-images columns-default is-cropped wp-block-gallery-2 is-layout-flex wp-block-gallery-is-layout-flex\">\n<figure class=\"wp-block-image size-large\"><img loading=\"lazy\" decoding=\"async\" width=\"1024\" height=\"994\" data-id=\"4385\" src=\"https:\/\/terrasdebasto.pt\/wp-content\/uploads\/2025\/05\/12-1-1024x994.jpg\" alt=\"\" class=\"wp-image-4385\" srcset=\"https:\/\/terrasdebasto.pt\/wp-content\/uploads\/2025\/05\/12-1-1024x994.jpg 1024w, https:\/\/terrasdebasto.pt\/wp-content\/uploads\/2025\/05\/12-1-300x291.jpg 300w, https:\/\/terrasdebasto.pt\/wp-content\/uploads\/2025\/05\/12-1-768x746.jpg 768w, https:\/\/terrasdebasto.pt\/wp-content\/uploads\/2025\/05\/12-1-1536x1491.jpg 1536w, https:\/\/terrasdebasto.pt\/wp-content\/uploads\/2025\/05\/12-1-150x146.jpg 150w, https:\/\/terrasdebasto.pt\/wp-content\/uploads\/2025\/05\/12-1-696x676.jpg 696w, https:\/\/terrasdebasto.pt\/wp-content\/uploads\/2025\/05\/12-1-1068x1037.jpg 1068w, https:\/\/terrasdebasto.pt\/wp-content\/uploads\/2025\/05\/12-1.jpg 1879w\" sizes=\"auto, (max-width: 1024px) 100vw, 1024px\" \/><\/figure>\n<\/figure>\n\n\n\n<figure class=\"wp-block-gallery has-nested-images columns-default is-cropped wp-block-gallery-3 is-layout-flex wp-block-gallery-is-layout-flex\">\n<figure class=\"wp-block-image size-large\"><img loading=\"lazy\" decoding=\"async\" width=\"1024\" height=\"606\" data-id=\"4386\" src=\"https:\/\/terrasdebasto.pt\/wp-content\/uploads\/2025\/05\/17-1-1024x606.jpg\" alt=\"\" class=\"wp-image-4386\" srcset=\"https:\/\/terrasdebasto.pt\/wp-content\/uploads\/2025\/05\/17-1-1024x606.jpg 1024w, https:\/\/terrasdebasto.pt\/wp-content\/uploads\/2025\/05\/17-1-300x178.jpg 300w, https:\/\/terrasdebasto.pt\/wp-content\/uploads\/2025\/05\/17-1-768x454.jpg 768w, https:\/\/terrasdebasto.pt\/wp-content\/uploads\/2025\/05\/17-1-1536x909.jpg 1536w, https:\/\/terrasdebasto.pt\/wp-content\/uploads\/2025\/05\/17-1-2048x1212.jpg 2048w, https:\/\/terrasdebasto.pt\/wp-content\/uploads\/2025\/05\/17-1-150x89.jpg 150w, https:\/\/terrasdebasto.pt\/wp-content\/uploads\/2025\/05\/17-1-696x412.jpg 696w, https:\/\/terrasdebasto.pt\/wp-content\/uploads\/2025\/05\/17-1-1068x632.jpg 1068w, https:\/\/terrasdebasto.pt\/wp-content\/uploads\/2025\/05\/17-1-1920x1136.jpg 1920w\" sizes=\"auto, (max-width: 1024px) 100vw, 1024px\" \/><\/figure>\n<\/figure>\n\n\n\n<figure class=\"wp-block-gallery has-nested-images columns-default is-cropped wp-block-gallery-4 is-layout-flex wp-block-gallery-is-layout-flex\">\n<figure class=\"wp-block-image size-large\"><img loading=\"lazy\" decoding=\"async\" width=\"1024\" height=\"683\" data-id=\"4387\" src=\"https:\/\/terrasdebasto.pt\/wp-content\/uploads\/2025\/05\/15-1-1024x683.jpg\" alt=\"\" class=\"wp-image-4387\" srcset=\"https:\/\/terrasdebasto.pt\/wp-content\/uploads\/2025\/05\/15-1-1024x683.jpg 1024w, https:\/\/terrasdebasto.pt\/wp-content\/uploads\/2025\/05\/15-1-300x200.jpg 300w, https:\/\/terrasdebasto.pt\/wp-content\/uploads\/2025\/05\/15-1-768x512.jpg 768w, https:\/\/terrasdebasto.pt\/wp-content\/uploads\/2025\/05\/15-1-1536x1024.jpg 1536w, https:\/\/terrasdebasto.pt\/wp-content\/uploads\/2025\/05\/15-1-2048x1365.jpg 2048w, https:\/\/terrasdebasto.pt\/wp-content\/uploads\/2025\/05\/15-1-150x100.jpg 150w, https:\/\/terrasdebasto.pt\/wp-content\/uploads\/2025\/05\/15-1-696x464.jpg 696w, https:\/\/terrasdebasto.pt\/wp-content\/uploads\/2025\/05\/15-1-1068x712.jpg 1068w, https:\/\/terrasdebasto.pt\/wp-content\/uploads\/2025\/05\/15-1-1920x1280.jpg 1920w\" sizes=\"auto, (max-width: 1024px) 100vw, 1024px\" \/><\/figure>\n<\/figure>\n\n\n\n<figure class=\"wp-block-gallery has-nested-images columns-default is-cropped wp-block-gallery-5 is-layout-flex wp-block-gallery-is-layout-flex\">\n<figure class=\"wp-block-image size-large\"><img loading=\"lazy\" decoding=\"async\" width=\"1024\" height=\"685\" data-id=\"4388\" src=\"https:\/\/terrasdebasto.pt\/wp-content\/uploads\/2025\/05\/18-1-1024x685.jpg\" alt=\"\" class=\"wp-image-4388\" srcset=\"https:\/\/terrasdebasto.pt\/wp-content\/uploads\/2025\/05\/18-1-1024x685.jpg 1024w, https:\/\/terrasdebasto.pt\/wp-content\/uploads\/2025\/05\/18-1-300x201.jpg 300w, https:\/\/terrasdebasto.pt\/wp-content\/uploads\/2025\/05\/18-1-768x513.jpg 768w, https:\/\/terrasdebasto.pt\/wp-content\/uploads\/2025\/05\/18-1-1536x1027.jpg 1536w, https:\/\/terrasdebasto.pt\/wp-content\/uploads\/2025\/05\/18-1-2048x1369.jpg 2048w, https:\/\/terrasdebasto.pt\/wp-content\/uploads\/2025\/05\/18-1-150x100.jpg 150w, https:\/\/terrasdebasto.pt\/wp-content\/uploads\/2025\/05\/18-1-696x465.jpg 696w, https:\/\/terrasdebasto.pt\/wp-content\/uploads\/2025\/05\/18-1-1068x714.jpg 1068w, https:\/\/terrasdebasto.pt\/wp-content\/uploads\/2025\/05\/18-1-1920x1284.jpg 1920w\" sizes=\"auto, (max-width: 1024px) 100vw, 1024px\" \/><\/figure>\n<\/figure>\n","protected":false},"excerpt":{"rendered":"<p>O Munic\u00edpio de Cabeceiras de Basto viu-se obrigado a completar, por sua iniciativa, o projeto de constru\u00e7\u00e3o do Parque de Campismo e Caravanismo de Vinha de Mouros, isto poucos dias depois de o l\u00edder da oposi\u00e7\u00e3o chamar a aten\u00e7\u00e3o para o estado de degrada\u00e7\u00e3o que o equipamento estava a sofrer mesmo sem estar conclu\u00eddo e [&hellip;]<\/p>\n","protected":false},"author":7,"featured_media":4383,"comment_status":"open","ping_status":"open","sticky":false,"template":"","format":"standard","meta":{"footnotes":""},"categories":[12,9],"tags":[29,873],"class_list":{"0":"post-4382","1":"post","2":"type-post","3":"status-publish","4":"format-standard","5":"has-post-thumbnail","7":"category-cabeceiras-de-basto","8":"category-terras-de-basto","9":"tag-cabeceiras-de-basto","10":"tag-parque-de-campismo-e-caravanismo"},"yoast_head":"<!-- This site is optimized with the Yoast SEO plugin v25.7 - https:\/\/yoast.com\/wordpress\/plugins\/seo\/ -->\n<title>Cabeceiras: C\u00e2mara fez agora obras que faltavam para abrir parque de caravanismo - Jornal Terras de Basto<\/title>\n<meta name=\"description\" content=\"O Munic\u00edpio de Cabeceiras de Basto viu-se obrigado a completar, por sua iniciativa, o projeto de constru\u00e7\u00e3o do Parque de Campismo e Caravanismo de Vinha de Mouros, isto poucos dias depois de o l\u00edder da oposi\u00e7\u00e3o chamar a aten\u00e7\u00e3o para o estado de degrada\u00e7\u00e3o que o equipamento estava a sofrer mesmo sem estar conclu\u00eddo e sem abrir ao p\u00fablico.\" \/>\n<meta name=\"robots\" content=\"index, follow, max-snippet:-1, max-image-preview:large, max-video-preview:-1\" \/>\n<link rel=\"canonical\" href=\"https:\/\/terrasdebasto.pt\/?p=4382\" \/>\n<meta property=\"og:locale\" content=\"pt_PT\" \/>\n<meta property=\"og:type\" content=\"article\" \/>\n<meta property=\"og:title\" content=\"Cabeceiras: C\u00e2mara fez agora obras que faltavam para abrir parque de caravanismo - Jornal Terras de Basto\" \/>\n<meta property=\"og:description\" content=\"O Munic\u00edpio de Cabeceiras de Basto viu-se obrigado a completar, por sua iniciativa, o projeto de constru\u00e7\u00e3o do Parque de Campismo e Caravanismo de Vinha de Mouros, isto poucos dias depois de o l\u00edder da oposi\u00e7\u00e3o chamar a aten\u00e7\u00e3o para o estado de degrada\u00e7\u00e3o que o equipamento estava a sofrer mesmo sem estar conclu\u00eddo e sem abrir ao p\u00fablico.\" \/>\n<meta property=\"og:url\" content=\"https:\/\/terrasdebasto.pt\/?p=4382\" \/>\n<meta property=\"og:site_name\" content=\"Jornal Terras de Basto\" \/>\n<meta property=\"article:published_time\" content=\"2025-05-16T15:26:23+00:00\" \/>\n<meta property=\"article:modified_time\" content=\"2025-05-16T15:26:27+00:00\" \/>\n<meta property=\"og:image\" content=\"https:\/\/terrasdebasto.pt\/wp-content\/uploads\/2025\/05\/16-1-scaled.jpg\" \/>\n\t<meta property=\"og:image:width\" content=\"2560\" \/>\n\t<meta property=\"og:image:height\" content=\"1707\" \/>\n\t<meta property=\"og:image:type\" content=\"image\/jpeg\" \/>\n<meta name=\"author\" content=\"Jo\u00e3o Paulo Mesquita\" \/>\n<meta name=\"twitter:card\" content=\"summary_large_image\" \/>\n<meta name=\"twitter:label1\" content=\"Escrito por\" \/>\n\t<meta name=\"twitter:data1\" content=\"Jo\u00e3o Paulo Mesquita\" \/>\n\t<meta name=\"twitter:label2\" content=\"Tempo estimado de leitura\" \/>\n\t<meta name=\"twitter:data2\" content=\"5 minutos\" \/>\n<script type=\"application\/ld+json\" class=\"yoast-schema-graph\">{\"@context\":\"https:\/\/schema.org\",\"@graph\":[{\"@type\":\"Article\",\"@id\":\"https:\/\/terrasdebasto.pt\/?p=4382#article\",\"isPartOf\":{\"@id\":\"https:\/\/terrasdebasto.pt\/?p=4382\"},\"author\":{\"name\":\"Jo\u00e3o Paulo Mesquita\",\"@id\":\"https:\/\/terrasdebasto.pt\/#\/schema\/person\/9f6739f5394ac65c802641773b278b84\"},\"headline\":\"Cabeceiras: C\u00e2mara fez agora obras que faltavam para abrir parque de caravanismo\",\"datePublished\":\"2025-05-16T15:26:23+00:00\",\"dateModified\":\"2025-05-16T15:26:27+00:00\",\"mainEntityOfPage\":{\"@id\":\"https:\/\/terrasdebasto.pt\/?p=4382\"},\"wordCount\":655,\"commentCount\":0,\"publisher\":{\"@id\":\"https:\/\/terrasdebasto.pt\/#organization\"},\"image\":{\"@id\":\"https:\/\/terrasdebasto.pt\/?p=4382#primaryimage\"},\"thumbnailUrl\":\"https:\/\/terrasdebasto.pt\/wp-content\/uploads\/2025\/05\/16-1-scaled.jpg\",\"keywords\":[\"Cabeceiras de Basto\",\"Parque de Campismo e Caravanismo\"],\"articleSection\":[\"Cabeceiras de Basto\",\"Terras de Basto\"],\"inLanguage\":\"pt-PT\",\"potentialAction\":[{\"@type\":\"CommentAction\",\"name\":\"Comment\",\"target\":[\"https:\/\/terrasdebasto.pt\/?p=4382#respond\"]}]},{\"@type\":\"WebPage\",\"@id\":\"https:\/\/terrasdebasto.pt\/?p=4382\",\"url\":\"https:\/\/terrasdebasto.pt\/?p=4382\",\"name\":\"Cabeceiras: C\u00e2mara fez agora obras que faltavam para abrir parque de caravanismo - Jornal Terras de Basto\",\"isPartOf\":{\"@id\":\"https:\/\/terrasdebasto.pt\/#website\"},\"primaryImageOfPage\":{\"@id\":\"https:\/\/terrasdebasto.pt\/?p=4382#primaryimage\"},\"image\":{\"@id\":\"https:\/\/terrasdebasto.pt\/?p=4382#primaryimage\"},\"thumbnailUrl\":\"https:\/\/terrasdebasto.pt\/wp-content\/uploads\/2025\/05\/16-1-scaled.jpg\",\"datePublished\":\"2025-05-16T15:26:23+00:00\",\"dateModified\":\"2025-05-16T15:26:27+00:00\",\"description\":\"O Munic\u00edpio de Cabeceiras de Basto viu-se obrigado a completar, por sua iniciativa, o projeto de constru\u00e7\u00e3o do Parque de Campismo e Caravanismo de Vinha de Mouros, isto poucos dias depois de o l\u00edder da oposi\u00e7\u00e3o chamar a aten\u00e7\u00e3o para o estado de degrada\u00e7\u00e3o que o equipamento estava a sofrer mesmo sem estar conclu\u00eddo e sem abrir ao p\u00fablico.\",\"breadcrumb\":{\"@id\":\"https:\/\/terrasdebasto.pt\/?p=4382#breadcrumb\"},\"inLanguage\":\"pt-PT\",\"potentialAction\":[{\"@type\":\"ReadAction\",\"target\":[\"https:\/\/terrasdebasto.pt\/?p=4382\"]}]},{\"@type\":\"ImageObject\",\"inLanguage\":\"pt-PT\",\"@id\":\"https:\/\/terrasdebasto.pt\/?p=4382#primaryimage\",\"url\":\"https:\/\/terrasdebasto.pt\/wp-content\/uploads\/2025\/05\/16-1-scaled.jpg\",\"contentUrl\":\"https:\/\/terrasdebasto.pt\/wp-content\/uploads\/2025\/05\/16-1-scaled.jpg\",\"width\":2560,\"height\":1707},{\"@type\":\"BreadcrumbList\",\"@id\":\"https:\/\/terrasdebasto.pt\/?p=4382#breadcrumb\",\"itemListElement\":[{\"@type\":\"ListItem\",\"position\":1,\"name\":\"In\u00edcio\",\"item\":\"https:\/\/terrasdebasto.pt\/\"},{\"@type\":\"ListItem\",\"position\":2,\"name\":\"Cabeceiras: C\u00e2mara fez agora obras que faltavam para abrir parque de caravanismo\"}]},{\"@type\":\"WebSite\",\"@id\":\"https:\/\/terrasdebasto.pt\/#website\",\"url\":\"https:\/\/terrasdebasto.pt\/\",\"name\":\"Jornal Terras de Basto\",\"description\":\"\",\"publisher\":{\"@id\":\"https:\/\/terrasdebasto.pt\/#organization\"},\"potentialAction\":[{\"@type\":\"SearchAction\",\"target\":{\"@type\":\"EntryPoint\",\"urlTemplate\":\"https:\/\/terrasdebasto.pt\/?s={search_term_string}\"},\"query-input\":{\"@type\":\"PropertyValueSpecification\",\"valueRequired\":true,\"valueName\":\"search_term_string\"}}],\"inLanguage\":\"pt-PT\"},{\"@type\":\"Organization\",\"@id\":\"https:\/\/terrasdebasto.pt\/#organization\",\"name\":\"Jornal Terras de Basto\",\"url\":\"https:\/\/terrasdebasto.pt\/\",\"logo\":{\"@type\":\"ImageObject\",\"inLanguage\":\"pt-PT\",\"@id\":\"https:\/\/terrasdebasto.pt\/#\/schema\/logo\/image\/\",\"url\":\"https:\/\/terrasdebasto.pt\/wp-content\/uploads\/2024\/06\/LogoNormal.png\",\"contentUrl\":\"https:\/\/terrasdebasto.pt\/wp-content\/uploads\/2024\/06\/LogoNormal.png\",\"width\":5638,\"height\":809,\"caption\":\"Jornal Terras de Basto\"},\"image\":{\"@id\":\"https:\/\/terrasdebasto.pt\/#\/schema\/logo\/image\/\"}},{\"@type\":\"Person\",\"@id\":\"https:\/\/terrasdebasto.pt\/#\/schema\/person\/9f6739f5394ac65c802641773b278b84\",\"name\":\"Jo\u00e3o Paulo Mesquita\",\"image\":{\"@type\":\"ImageObject\",\"inLanguage\":\"pt-PT\",\"@id\":\"https:\/\/terrasdebasto.pt\/#\/schema\/person\/image\/\",\"url\":\"https:\/\/secure.gravatar.com\/avatar\/9bd0f299e6d96336664aab64354168246a3ee3287c47891c50d450e47ed9d7f9?s=96&d=mm&r=g\",\"contentUrl\":\"https:\/\/secure.gravatar.com\/avatar\/9bd0f299e6d96336664aab64354168246a3ee3287c47891c50d450e47ed9d7f9?s=96&d=mm&r=g\",\"caption\":\"Jo\u00e3o Paulo Mesquita\"},\"url\":\"https:\/\/terrasdebasto.pt\/?author=7\"}]}<\/script>\n<!-- \/ Yoast SEO plugin. -->","yoast_head_json":{"title":"Cabeceiras: C\u00e2mara fez agora obras que faltavam para abrir parque de caravanismo - Jornal Terras de Basto","description":"O Munic\u00edpio de Cabeceiras de Basto viu-se obrigado a completar, por sua iniciativa, o projeto de constru\u00e7\u00e3o do Parque de Campismo e Caravanismo de Vinha de Mouros, isto poucos dias depois de o l\u00edder da oposi\u00e7\u00e3o chamar a aten\u00e7\u00e3o para o estado de degrada\u00e7\u00e3o que o equipamento estava a sofrer mesmo sem estar conclu\u00eddo e sem abrir ao p\u00fablico.","robots":{"index":"index","follow":"follow","max-snippet":"max-snippet:-1","max-image-preview":"max-image-preview:large","max-video-preview":"max-video-preview:-1"},"canonical":"https:\/\/terrasdebasto.pt\/?p=4382","og_locale":"pt_PT","og_type":"article","og_title":"Cabeceiras: C\u00e2mara fez agora obras que faltavam para abrir parque de caravanismo - Jornal Terras de Basto","og_description":"O Munic\u00edpio de Cabeceiras de Basto viu-se obrigado a completar, por sua iniciativa, o projeto de constru\u00e7\u00e3o do Parque de Campismo e Caravanismo de Vinha de Mouros, isto poucos dias depois de o l\u00edder da oposi\u00e7\u00e3o chamar a aten\u00e7\u00e3o para o estado de degrada\u00e7\u00e3o que o equipamento estava a sofrer mesmo sem estar conclu\u00eddo e sem abrir ao p\u00fablico.","og_url":"https:\/\/terrasdebasto.pt\/?p=4382","og_site_name":"Jornal Terras de Basto","article_published_time":"2025-05-16T15:26:23+00:00","article_modified_time":"2025-05-16T15:26:27+00:00","og_image":[{"width":2560,"height":1707,"url":"https:\/\/terrasdebasto.pt\/wp-content\/uploads\/2025\/05\/16-1-scaled.jpg","type":"image\/jpeg"}],"author":"Jo\u00e3o Paulo Mesquita","twitter_card":"summary_large_image","twitter_misc":{"Escrito por":"Jo\u00e3o Paulo Mesquita","Tempo estimado de leitura":"5 minutos"},"schema":{"@context":"https:\/\/schema.org","@graph":[{"@type":"Article","@id":"https:\/\/terrasdebasto.pt\/?p=4382#article","isPartOf":{"@id":"https:\/\/terrasdebasto.pt\/?p=4382"},"author":{"name":"Jo\u00e3o Paulo Mesquita","@id":"https:\/\/terrasdebasto.pt\/#\/schema\/person\/9f6739f5394ac65c802641773b278b84"},"headline":"Cabeceiras: C\u00e2mara fez agora obras que faltavam para abrir parque de caravanismo","datePublished":"2025-05-16T15:26:23+00:00","dateModified":"2025-05-16T15:26:27+00:00","mainEntityOfPage":{"@id":"https:\/\/terrasdebasto.pt\/?p=4382"},"wordCount":655,"commentCount":0,"publisher":{"@id":"https:\/\/terrasdebasto.pt\/#organization"},"image":{"@id":"https:\/\/terrasdebasto.pt\/?p=4382#primaryimage"},"thumbnailUrl":"https:\/\/terrasdebasto.pt\/wp-content\/uploads\/2025\/05\/16-1-scaled.jpg","keywords":["Cabeceiras de Basto","Parque de Campismo e Caravanismo"],"articleSection":["Cabeceiras de Basto","Terras de Basto"],"inLanguage":"pt-PT","potentialAction":[{"@type":"CommentAction","name":"Comment","target":["https:\/\/terrasdebasto.pt\/?p=4382#respond"]}]},{"@type":"WebPage","@id":"https:\/\/terrasdebasto.pt\/?p=4382","url":"https:\/\/terrasdebasto.pt\/?p=4382","name":"Cabeceiras: C\u00e2mara fez agora obras que faltavam para abrir parque de caravanismo - Jornal Terras de Basto","isPartOf":{"@id":"https:\/\/terrasdebasto.pt\/#website"},"primaryImageOfPage":{"@id":"https:\/\/terrasdebasto.pt\/?p=4382#primaryimage"},"image":{"@id":"https:\/\/terrasdebasto.pt\/?p=4382#primaryimage"},"thumbnailUrl":"https:\/\/terrasdebasto.pt\/wp-content\/uploads\/2025\/05\/16-1-scaled.jpg","datePublished":"2025-05-16T15:26:23+00:00","dateModified":"2025-05-16T15:26:27+00:00","description":"O Munic\u00edpio de Cabeceiras de Basto viu-se obrigado a completar, por sua iniciativa, o projeto de constru\u00e7\u00e3o do Parque de Campismo e Caravanismo de Vinha de Mouros, isto poucos dias depois de o l\u00edder da oposi\u00e7\u00e3o chamar a aten\u00e7\u00e3o para o estado de degrada\u00e7\u00e3o que o equipamento estava a sofrer mesmo sem estar conclu\u00eddo e sem abrir ao p\u00fablico.","breadcrumb":{"@id":"https:\/\/terrasdebasto.pt\/?p=4382#breadcrumb"},"inLanguage":"pt-PT","potentialAction":[{"@type":"ReadAction","target":["https:\/\/terrasdebasto.pt\/?p=4382"]}]},{"@type":"ImageObject","inLanguage":"pt-PT","@id":"https:\/\/terrasdebasto.pt\/?p=4382#primaryimage","url":"https:\/\/terrasdebasto.pt\/wp-content\/uploads\/2025\/05\/16-1-scaled.jpg","contentUrl":"https:\/\/terrasdebasto.pt\/wp-content\/uploads\/2025\/05\/16-1-scaled.jpg","width":2560,"height":1707},{"@type":"BreadcrumbList","@id":"https:\/\/terrasdebasto.pt\/?p=4382#breadcrumb","itemListElement":[{"@type":"ListItem","position":1,"name":"In\u00edcio","item":"https:\/\/terrasdebasto.pt\/"},{"@type":"ListItem","position":2,"name":"Cabeceiras: C\u00e2mara fez agora obras que faltavam para abrir parque de caravanismo"}]},{"@type":"WebSite","@id":"https:\/\/terrasdebasto.pt\/#website","url":"https:\/\/terrasdebasto.pt\/","name":"Jornal Terras de Basto","description":"","publisher":{"@id":"https:\/\/terrasdebasto.pt\/#organization"},"potentialAction":[{"@type":"SearchAction","target":{"@type":"EntryPoint","urlTemplate":"https:\/\/terrasdebasto.pt\/?s={search_term_string}"},"query-input":{"@type":"PropertyValueSpecification","valueRequired":true,"valueName":"search_term_string"}}],"inLanguage":"pt-PT"},{"@type":"Organization","@id":"https:\/\/terrasdebasto.pt\/#organization","name":"Jornal Terras de Basto","url":"https:\/\/terrasdebasto.pt\/","logo":{"@type":"ImageObject","inLanguage":"pt-PT","@id":"https:\/\/terrasdebasto.pt\/#\/schema\/logo\/image\/","url":"https:\/\/terrasdebasto.pt\/wp-content\/uploads\/2024\/06\/LogoNormal.png","contentUrl":"https:\/\/terrasdebasto.pt\/wp-content\/uploads\/2024\/06\/LogoNormal.png","width":5638,"height":809,"caption":"Jornal Terras de Basto"},"image":{"@id":"https:\/\/terrasdebasto.pt\/#\/schema\/logo\/image\/"}},{"@type":"Person","@id":"https:\/\/terrasdebasto.pt\/#\/schema\/person\/9f6739f5394ac65c802641773b278b84","name":"Jo\u00e3o Paulo Mesquita","image":{"@type":"ImageObject","inLanguage":"pt-PT","@id":"https:\/\/terrasdebasto.pt\/#\/schema\/person\/image\/","url":"https:\/\/secure.gravatar.com\/avatar\/9bd0f299e6d96336664aab64354168246a3ee3287c47891c50d450e47ed9d7f9?s=96&d=mm&r=g","contentUrl":"https:\/\/secure.gravatar.com\/avatar\/9bd0f299e6d96336664aab64354168246a3ee3287c47891c50d450e47ed9d7f9?s=96&d=mm&r=g","caption":"Jo\u00e3o Paulo Mesquita"},"url":"https:\/\/terrasdebasto.pt\/?author=7"}]}},"_links":{"self":[{"href":"https:\/\/terrasdebasto.pt\/index.php?rest_route=\/wp\/v2\/posts\/4382","targetHints":{"allow":["GET"]}}],"collection":[{"href":"https:\/\/terrasdebasto.pt\/index.php?rest_route=\/wp\/v2\/posts"}],"about":[{"href":"https:\/\/terrasdebasto.pt\/index.php?rest_route=\/wp\/v2\/types\/post"}],"author":[{"embeddable":true,"href":"https:\/\/terrasdebasto.pt\/index.php?rest_route=\/wp\/v2\/users\/7"}],"replies":[{"embeddable":true,"href":"https:\/\/terrasdebasto.pt\/index.php?rest_route=%2Fwp%2Fv2%2Fcomments&post=4382"}],"version-history":[{"count":2,"href":"https:\/\/terrasdebasto.pt\/index.php?rest_route=\/wp\/v2\/posts\/4382\/revisions"}],"predecessor-version":[{"id":4390,"href":"https:\/\/terrasdebasto.pt\/index.php?rest_route=\/wp\/v2\/posts\/4382\/revisions\/4390"}],"wp:featuredmedia":[{"embeddable":true,"href":"https:\/\/terrasdebasto.pt\/index.php?rest_route=\/wp\/v2\/media\/4383"}],"wp:attachment":[{"href":"https:\/\/terrasdebasto.pt\/index.php?rest_route=%2Fwp%2Fv2%2Fmedia&parent=4382"}],"wp:term":[{"taxonomy":"category","embeddable":true,"href":"https:\/\/terrasdebasto.pt\/index.php?rest_route=%2Fwp%2Fv2%2Fcategories&post=4382"},{"taxonomy":"post_tag","embeddable":true,"href":"https:\/\/terrasdebasto.pt\/index.php?rest_route=%2Fwp%2Fv2%2Ftags&post=4382"}],"curies":[{"name":"wp","href":"https:\/\/api.w.org\/{rel}","templated":true}]}}