{"id":4369,"date":"2025-05-15T15:04:02","date_gmt":"2025-05-15T15:04:02","guid":{"rendered":"https:\/\/terrasdebasto.pt\/?p=4369"},"modified":"2025-05-15T15:48:26","modified_gmt":"2025-05-15T15:48:26","slug":"quem-quer-ajudar-a-escrever-a-historia-de-auto-mondinense","status":"publish","type":"post","link":"https:\/\/terrasdebasto.pt\/?p=4369","title":{"rendered":"Quem quer ajudar a escrever a hist\u00f3ria da &#8220;Auto-Mondinense&#8221;?"},"content":{"rendered":"\n<p><\/p>\n\n\n\n<p><strong>Foi, \u00e0 \u00e9poca, uma das principais embaixadoras das Terras de Basto e, se ainda existisse, estava prestes a comemorar o centen\u00e1rio da funda\u00e7\u00e3o. \u00c9 para fixar a hist\u00f3ria poss\u00edvel e sublinhar o seu importante contributo no combate ao isolamento de toda a regi\u00e3o que dois autodidatas locais trabalham neste momento a recolha de \u00abtodo e qualquer elemento que testemunhe a hist\u00f3ria\u00bb da \u201cAuto-Mondinense\u201d, transportadora fundada a 31 de dezembro de 1929 na vila de Mondim de Basto.<\/strong><\/p>\n\n\n\n<p>Esta empresa \u2013 sublinhe-se \u2013 desempenhou papel fundamental no desenvolvimento econ\u00f3mico e social das Terras de Basto ao assumir-se como o grande agente da mobilidade entre localidades e ao facilitar o acesso a servi\u00e7os essenciais, assim contribuindo para a melhoria da qualidade-de-vida das popula\u00e7\u00f5es locais.<\/p>\n\n\n\n<p>Acabando integrada numa estrutura empresarial maior, a empresa continua a ser lembrada como marca emblem\u00e1tica da hist\u00f3ria contempor\u00e2nea desta regi\u00e3o, bem assim como da pr\u00f3pria hist\u00f3ria dos transportes em Portugal, especialmente nesta zona de transi\u00e7\u00e3o entre Minho e Tr\u00e1s-os-Montes, entre o interior profundo e o litoral portuense.<\/p>\n\n\n\n<p>Fernando Gomes, ex-autarca e empres\u00e1rio na \u00e1rea do turismo, al\u00e9m do gozo que lhe d\u00e1 mais este contributo para a hist\u00f3ria local, tem raz\u00f5es familiares para assumir a empreitada de buscar o que anda por a\u00ed disperso. \u00c9 neto de um dos fundadores e, durante anos, seu principal rosto: Silv\u00e9rio Maria Gomes Nobre, casado com senhora da Casa da Igreja.<\/p>\n\n\n\n<p>J\u00e1 Lu\u00eds Pires de Sousa, celoricense, tem raz\u00f5es sentimentais para se meter nestes trabalhos, ele que, mantendo-se hoje ligado ao transporte de passageiros, tem no pai e num av\u00f4 as ra\u00edzes desta forte rela\u00e7\u00e3o com a empresa.<\/p>\n\n\n\n<p>Fernando Gomes e Lu\u00eds Sousa uniram, assim, esfor\u00e7os na vontade conjunta de recolher informa\u00e7\u00e3o para fixar a hist\u00f3ria da empresa e o seu objetivo \u00e9 conseguir p\u00f4-la em livro \u00abat\u00e9 l\u00e1 para o final deste ano\u00bb, raz\u00e3o que os leva, logo no in\u00edcio desta conversa com o Terras de Basto, a solicitar o empenho de \u00abquem tiver l\u00e1 por casa algo que possa dizer respeito\u00bb \u00e0 labora\u00e7\u00e3o da empresa, das fotografias das camionetas aos passes, bilhetes ou livres-tr\u00e2nsito, a fazerem-lhes a doa\u00e7\u00e3o ou o empr\u00e9stimo tempor\u00e1rio.<\/p>\n\n\n\n<p>Mas lan\u00e7am outro desafio a quem ler este texto: \u00abgost\u00e1vamos muito de ter hist\u00f3rias contadas na primeira pessoa: perip\u00e9cias de viagem, hist\u00f3rias de vida que se cruzem com a exist\u00eancia da empresa, vicissitudes que impliquem com uma viagem\u2026 Tudo isso nos pode ajudar a apurar a hist\u00f3ria que se procura fazer\u00bb, pede Fernando Gomes.<\/p>\n\n\n\n<p><strong>Tudo come\u00e7ou nas mercadorias e no Correio<\/strong><\/p>\n\n\n\n<p>Curiosamente, a \u201cAuto-Mondinense\u201d \u2013 que, al\u00e9m de Silv\u00e9rio Nobre, teve em Nuno \u00c1lvares de Carvalho o outro fundador \u2013 n\u00e3o come\u00e7ou a sua hist\u00f3ria com o transporte de passageiros, antes o fez com uma licen\u00e7a para transporte de mercadorias, precisamente entre Cerva (Ribeira de Pena) e Fafe, bem assim como para transporte do Correio.<\/p>\n\n\n\n<p>O transporte de passageiros em camioneta \u2013 que permitiu a expans\u00e3o da sociedade \u2013 teria o seu in\u00edcio em 1932, com duas rotas de Mondim de Basto para Cerva e tamb\u00e9m para o Porto.<\/p>\n\n\n\n<p>A expans\u00e3o no p\u00f3s-guerra \u2013 lembra Fernando Gomes &#8212; foi r\u00e1pida e incluiu servi\u00e7os a partir de Guimar\u00e3es, onde foi criada uma segunda base operacional, precisamente onde se encontrava parte consider\u00e1vel do esp\u00f3lio que daria contributo fundamental para esta ideia de fazer a hist\u00f3ria da empresa, mas que, com a sua aliena\u00e7\u00e3o, foi \u00abvarrida para o lixo\u00bb.<\/p>\n\n\n\n<p>De acordo com a informa\u00e7\u00e3o entretanto recolhida, a expans\u00e3o da altura inclu\u00eda rotas para \u00e1reas onde a empresa deixou mais tarde de operar, como Valpa\u00e7os, Vila Pouca de Aguiar (autorizado em maio de 1943), Carrazedo de Montenegro, Chaves (fevereiro de 1944), Cerva ou Vila Real (junho de 1953).<\/p>\n\n\n\n<p>A rede expandiu-se sobretudo para ligar Celorico de Basto e Cabeceiras de Basto a outras localidades e tamb\u00e9m a Guimar\u00e3es, Santo Tirso, Porto e Amarante, no sul, atrav\u00e9s de um servi\u00e7o a partir de Mondim de Basto.<\/p>\n\n\n\n<p>Em 1963, Nuno Carvalho passou as suas a\u00e7\u00f5es para Lu\u00eds Costa Rodrigues e fam\u00edlia, enquanto Silv\u00e9rio Nobre dividiu a sua participa\u00e7\u00e3o entre os tr\u00eas filhos (Jos\u00e9 Maria Carvalho Gomes &#8211; \u201cZ\u00e9quinha\u201d, Silv\u00e9rio Maria Gomes e Alfredo Maria Gomes) e, ap\u00f3s a morte, em 1974, a empresa passou a ser gerida por Lu\u00eds e Jos\u00e9 Maria Carvalho Gomes, at\u00e9 \u00e0 sua venda \u00e0 \u201cLagalgeste\u201d (Grupo Joalto), em 1996.<\/p>\n\n\n\n<p>Recorde-se que muitas outras concess\u00f5es de rotas foram permitidas \u00e0 empresa nas d\u00e9cadas de 1960 e 1970, incluindo de Santo Tirso para Vila das Aves e Portela, de Guimar\u00e3es para Penha via Covas e S\u00e3o Rom\u00e3o, de Guimar\u00e3es para Fornalha e S\u00e3o Paio, de Mondim de Basto para Bilh\u00f3 e Vila Real e de Celorico de Basto para Borba da Montanha.<\/p>\n\n\n\n<p>Em 1978, os servi\u00e7os de Mondim de Basto para Lisboa, por exemplo, foram operados sob a marca \u201cBoa Nova\u201d, acordo que juntava as empresas \u201cCabanelas &amp; lrm\u00e3o\u201d, \u201cJo\u00e3o Carlos Soares\u201d e \u201cJo\u00e3o Ferreira das Neves\u201d, utilizando um autocarro \u201cUTIC-Leyland\u201d, de 54 lugares, que operou com essa imagem durante algum tempo.<\/p>\n\n\n\n<p>Na d\u00e9cada de 1990, a empresa deixou de fazer servi\u00e7os para Valpa\u00e7os, Chaves, Vila Pouca de Aguiar ou Vila Real, mas, no caso de Vila Real, continuaram os servi\u00e7os diretos a partir de Mondim de Basto, tr\u00eas vezes por dia, isto enquanto na rota da empresa \u201cCabanelas\u201d para Vila Real era necess\u00e1rio mudar em Ave\u00e7\u00e3o do Cabo (Campe\u00e3).<\/p>\n\n\n\n<p>Em 1996, num momento particularmente dif\u00edcil para os transportes p\u00fablicos, a empresa passou para o controlo do \u201cGrupo JoaIto\u201d, juntamente com a empresa vimaranense \u201cTranscovizela\u201d, assumindo, por exemplo, a cor azul como marca corporativa, mais tarde escurecida.<\/p>\n\n\n\n<p>Quando em junho de 2001 mudou o seu estatuto para Sociedade An\u00f3nima (\u201cSA\u201d), os acionistas citados foram Jos\u00e9 Lu\u00eds Carrilho Agostinho de Almeida, \u201cLagalgest &#8211; Presta\u00e7\u00e3o de Servi\u00e7os, Gest\u00e3o e Participa\u00e7\u00f5es, L.da\u201d, Amandie Alberto Fernandes Ribeiro de Oliveira (filho de Carlos Feliciano de Oliveira e propriet\u00e1rio original da \u201cTranscovizela\u201d e ex-s\u00f3cio da \u201cCabanelas &amp; lrm\u00e3o\u201d), Laurentino Agostinho de Almeida e Manuel Antonio Carrilho Agostinho de Almeida.<\/p>\n\n\n\n<p>Em 2002, a \u201cAuto-Mondinense\u201d foi integrada no \u201cGrupo Joalto\u201d, na \u00e9poca um dos maiores operadores de transporte rodovi\u00e1rio em Portugal, passando posteriormente (2010) a fazer parte da \u201cTransdev Norte, SA\u201d, subsidi\u00e1ria da multinacional \u201cTransdev\u201d, especializada em transportes p\u00fablicos.<\/p>\n\n\n\n<p>Tanto quanto \u00e9 poss\u00edvel saber hoje, da hist\u00f3ria da empresa mondinense, at\u00e9 \u00e0 data da sua integra\u00e7\u00e3o no \u201cGrupo Joalto\u201d, constam 75 autocarros, dos quais Fernando Gomes e Lu\u00eds Sousa recolheram j\u00e1 mais de seis dezenas de imagens.<\/p>\n\n\n\n<p>A \u201cAuto-Mondinense\u201d \u2013 afirma-se nas fontes digitais \u2013 integrou a Uni\u00e3o de Transportadores para Importa\u00e7\u00e3o e Com\u00e9rcio (UTIC), fundada em 1944, em Lisboa, pelas mais importantes companhias rodovi\u00e1rias de passageiros, tinha como principal finalidade manter pe\u00e7as a pre\u00e7os competitivos para utiliza\u00e7\u00e3o nos autocarros destas empresas. Ap\u00f3s a segunda guerra mundial, importava chassis diretamente dos produtores, situa\u00e7\u00e3o que mudou com a instala\u00e7\u00e3o de uma unidade em Cabo Ruivo, que servia para o fabrico de carro\u00e7arias pr\u00f3prias.<\/p>\n\n\n\n<p>A maioria dos ve\u00edculos da transportadora mondinense vinha ent\u00e3o da UTIC, o que aconteceu at\u00e9 1957, altura em que foi comprado o primeiro autocarro importado, um \u201cAEC Regal IV\u201d, carro\u00e7ado por Alfredo Caetano, seguido depois por um \u201cAEC Reliance\u201d, de 1961, e mais tarde um \u201cAHG91\u201d. Um \u201cDaimler Freeline\u201d, o segundo da empresa, foi tamb\u00e9m adquirido \u00e0 STCP em 1970.<\/p>\n\n\n\n<p>Os autocarros \u201cAEC\u201d e \u201cUTIC-Leylands\u201d foram a base da frota de 1963 a 1980, com \u00eanfase especial para os modelos \u201cCHSG690M\u201d e \u201cCSPTL11 R\u201d, depois dos quais a \u201cScania\u201d se tornou o fornecedor preferido.<\/p>\n\n\n\n<p>Um autocarro articulado \u201cVolvo B1OM\/Mota\u201d foi entregue em 1992, seguido por um segundo \u201cB58\u201d articulado de Estocolmo, mas nenhum deles teve grande impacto, operando apenas em rotas curtas a partir de Guimar\u00e3es. [JPM].<\/p>\n\n\n\n<p><\/p>\n\n\n\n<p><strong>NOTA DA REDA\u00c7\u00c3O<\/strong> &#8212; O Terras de Basto agradece a ced\u00eancia das fotografias a Bruce Tilley, Andrew Johnson e \u00e0s Herdeiras de Jos\u00e9 Maria Carvalho Gomes.<\/p>\n\n\n\n<p><\/p>\n\n\n\n<figure class=\"wp-block-gallery has-nested-images columns-default is-cropped wp-block-gallery-1 is-layout-flex wp-block-gallery-is-layout-flex\">\n<figure class=\"wp-block-image size-large\"><img loading=\"lazy\" decoding=\"async\" width=\"1024\" height=\"820\" data-id=\"4371\" src=\"https:\/\/terrasdebasto.pt\/wp-content\/uploads\/2025\/05\/FOTO-01-Luis-Sousa-e-Jorge-Gomes-1024x820.jpg\" alt=\"\" class=\"wp-image-4371\" srcset=\"https:\/\/terrasdebasto.pt\/wp-content\/uploads\/2025\/05\/FOTO-01-Luis-Sousa-e-Jorge-Gomes-1024x820.jpg 1024w, https:\/\/terrasdebasto.pt\/wp-content\/uploads\/2025\/05\/FOTO-01-Luis-Sousa-e-Jorge-Gomes-300x240.jpg 300w, https:\/\/terrasdebasto.pt\/wp-content\/uploads\/2025\/05\/FOTO-01-Luis-Sousa-e-Jorge-Gomes-768x615.jpg 768w, https:\/\/terrasdebasto.pt\/wp-content\/uploads\/2025\/05\/FOTO-01-Luis-Sousa-e-Jorge-Gomes-150x120.jpg 150w, https:\/\/terrasdebasto.pt\/wp-content\/uploads\/2025\/05\/FOTO-01-Luis-Sousa-e-Jorge-Gomes-696x557.jpg 696w, https:\/\/terrasdebasto.pt\/wp-content\/uploads\/2025\/05\/FOTO-01-Luis-Sousa-e-Jorge-Gomes-1068x855.jpg 1068w, https:\/\/terrasdebasto.pt\/wp-content\/uploads\/2025\/05\/FOTO-01-Luis-Sousa-e-Jorge-Gomes.jpg 1200w\" sizes=\"auto, (max-width: 1024px) 100vw, 1024px\" \/><figcaption class=\"wp-element-caption\">Lu\u00eds Pires de Sousa e Fernando Gomes<\/figcaption><\/figure>\n<\/figure>\n\n\n\n<figure class=\"wp-block-gallery has-nested-images columns-default is-cropped wp-block-gallery-2 is-layout-flex wp-block-gallery-is-layout-flex\">\n<figure class=\"wp-block-image size-large\"><img loading=\"lazy\" decoding=\"async\" width=\"1024\" height=\"492\" data-id=\"4372\" src=\"https:\/\/terrasdebasto.pt\/wp-content\/uploads\/2025\/05\/FOTO-02--1024x492.jpg\" alt=\"\" class=\"wp-image-4372\" srcset=\"https:\/\/terrasdebasto.pt\/wp-content\/uploads\/2025\/05\/FOTO-02--1024x492.jpg 1024w, https:\/\/terrasdebasto.pt\/wp-content\/uploads\/2025\/05\/FOTO-02--300x144.jpg 300w, https:\/\/terrasdebasto.pt\/wp-content\/uploads\/2025\/05\/FOTO-02--768x369.jpg 768w, https:\/\/terrasdebasto.pt\/wp-content\/uploads\/2025\/05\/FOTO-02--1536x738.jpg 1536w, https:\/\/terrasdebasto.pt\/wp-content\/uploads\/2025\/05\/FOTO-02--150x72.jpg 150w, https:\/\/terrasdebasto.pt\/wp-content\/uploads\/2025\/05\/FOTO-02--696x335.jpg 696w, https:\/\/terrasdebasto.pt\/wp-content\/uploads\/2025\/05\/FOTO-02--1068x513.jpg 1068w, https:\/\/terrasdebasto.pt\/wp-content\/uploads\/2025\/05\/FOTO-02-.jpg 1600w\" sizes=\"auto, (max-width: 1024px) 100vw, 1024px\" \/><figcaption class=\"wp-element-caption\">Fotografia de Andrew Johnson<\/figcaption><\/figure>\n<\/figure>\n\n\n\n<figure class=\"wp-block-gallery has-nested-images columns-default is-cropped wp-block-gallery-3 is-layout-flex wp-block-gallery-is-layout-flex\">\n<figure class=\"wp-block-image size-large\"><img loading=\"lazy\" decoding=\"async\" width=\"1024\" height=\"666\" data-id=\"4373\" src=\"https:\/\/terrasdebasto.pt\/wp-content\/uploads\/2025\/05\/FOTO-03-1024x666.jpg\" alt=\"\" class=\"wp-image-4373\" srcset=\"https:\/\/terrasdebasto.pt\/wp-content\/uploads\/2025\/05\/FOTO-03-1024x666.jpg 1024w, https:\/\/terrasdebasto.pt\/wp-content\/uploads\/2025\/05\/FOTO-03-300x195.jpg 300w, https:\/\/terrasdebasto.pt\/wp-content\/uploads\/2025\/05\/FOTO-03-768x499.jpg 768w, https:\/\/terrasdebasto.pt\/wp-content\/uploads\/2025\/05\/FOTO-03-1536x998.jpg 1536w, https:\/\/terrasdebasto.pt\/wp-content\/uploads\/2025\/05\/FOTO-03-150x98.jpg 150w, https:\/\/terrasdebasto.pt\/wp-content\/uploads\/2025\/05\/FOTO-03-696x452.jpg 696w, https:\/\/terrasdebasto.pt\/wp-content\/uploads\/2025\/05\/FOTO-03-1068x694.jpg 1068w, https:\/\/terrasdebasto.pt\/wp-content\/uploads\/2025\/05\/FOTO-03.jpg 1783w\" sizes=\"auto, (max-width: 1024px) 100vw, 1024px\" \/><figcaption class=\"wp-element-caption\">Fotografia de Herdeiras de Jos\u00e9 Maria Carvalho Gomes<\/figcaption><\/figure>\n<\/figure>\n\n\n\n<figure class=\"wp-block-gallery has-nested-images columns-default is-cropped wp-block-gallery-4 is-layout-flex wp-block-gallery-is-layout-flex\">\n<figure class=\"wp-block-image size-large\"><img loading=\"lazy\" decoding=\"async\" width=\"1024\" height=\"680\" data-id=\"4374\" src=\"https:\/\/terrasdebasto.pt\/wp-content\/uploads\/2025\/05\/FOTO-04-1024x680.jpg\" alt=\"\" class=\"wp-image-4374\" srcset=\"https:\/\/terrasdebasto.pt\/wp-content\/uploads\/2025\/05\/FOTO-04-1024x680.jpg 1024w, https:\/\/terrasdebasto.pt\/wp-content\/uploads\/2025\/05\/FOTO-04-300x199.jpg 300w, https:\/\/terrasdebasto.pt\/wp-content\/uploads\/2025\/05\/FOTO-04-768x510.jpg 768w, https:\/\/terrasdebasto.pt\/wp-content\/uploads\/2025\/05\/FOTO-04-1536x1019.jpg 1536w, https:\/\/terrasdebasto.pt\/wp-content\/uploads\/2025\/05\/FOTO-04-150x100.jpg 150w, https:\/\/terrasdebasto.pt\/wp-content\/uploads\/2025\/05\/FOTO-04-696x462.jpg 696w, https:\/\/terrasdebasto.pt\/wp-content\/uploads\/2025\/05\/FOTO-04-1068x709.jpg 1068w, https:\/\/terrasdebasto.pt\/wp-content\/uploads\/2025\/05\/FOTO-04.jpg 1760w\" sizes=\"auto, (max-width: 1024px) 100vw, 1024px\" \/><figcaption class=\"wp-element-caption\">Fotografia de Herdeiras de Jos\u00e9 Maria Carvalho Gomes<\/figcaption><\/figure>\n<\/figure>\n\n\n\n<figure class=\"wp-block-gallery has-nested-images columns-default is-cropped wp-block-gallery-5 is-layout-flex wp-block-gallery-is-layout-flex\">\n<figure class=\"wp-block-image size-large\"><img loading=\"lazy\" decoding=\"async\" width=\"409\" height=\"586\" data-id=\"4375\" src=\"https:\/\/terrasdebasto.pt\/wp-content\/uploads\/2025\/05\/FOTO-05-Recorte-de-Imprena.-Fonte-nao-identificada.jpg\" alt=\"\" class=\"wp-image-4375\" srcset=\"https:\/\/terrasdebasto.pt\/wp-content\/uploads\/2025\/05\/FOTO-05-Recorte-de-Imprena.-Fonte-nao-identificada.jpg 409w, https:\/\/terrasdebasto.pt\/wp-content\/uploads\/2025\/05\/FOTO-05-Recorte-de-Imprena.-Fonte-nao-identificada-209x300.jpg 209w, https:\/\/terrasdebasto.pt\/wp-content\/uploads\/2025\/05\/FOTO-05-Recorte-de-Imprena.-Fonte-nao-identificada-150x215.jpg 150w, https:\/\/terrasdebasto.pt\/wp-content\/uploads\/2025\/05\/FOTO-05-Recorte-de-Imprena.-Fonte-nao-identificada-300x430.jpg 300w\" sizes=\"auto, (max-width: 409px) 100vw, 409px\" \/><figcaption class=\"wp-element-caption\">Fonte n\u00e3o identificada<\/figcaption><\/figure>\n<\/figure>\n\n\n\n<figure class=\"wp-block-gallery has-nested-images columns-default is-cropped wp-block-gallery-6 is-layout-flex wp-block-gallery-is-layout-flex\">\n<figure class=\"wp-block-image size-large\"><img loading=\"lazy\" decoding=\"async\" width=\"330\" height=\"604\" data-id=\"4376\" src=\"https:\/\/terrasdebasto.pt\/wp-content\/uploads\/2025\/05\/FOTO-06-Recorte-de-Imprensa.-Fonte-nao-identificada.jpg\" alt=\"\" class=\"wp-image-4376\" srcset=\"https:\/\/terrasdebasto.pt\/wp-content\/uploads\/2025\/05\/FOTO-06-Recorte-de-Imprensa.-Fonte-nao-identificada.jpg 330w, https:\/\/terrasdebasto.pt\/wp-content\/uploads\/2025\/05\/FOTO-06-Recorte-de-Imprensa.-Fonte-nao-identificada-164x300.jpg 164w, https:\/\/terrasdebasto.pt\/wp-content\/uploads\/2025\/05\/FOTO-06-Recorte-de-Imprensa.-Fonte-nao-identificada-150x275.jpg 150w, https:\/\/terrasdebasto.pt\/wp-content\/uploads\/2025\/05\/FOTO-06-Recorte-de-Imprensa.-Fonte-nao-identificada-300x549.jpg 300w\" sizes=\"auto, (max-width: 330px) 100vw, 330px\" \/><figcaption class=\"wp-element-caption\">Fonte n\u00e3o identificada<\/figcaption><\/figure>\n<\/figure>\n","protected":false},"excerpt":{"rendered":"<p>Foi, \u00e0 \u00e9poca, uma das principais embaixadoras das Terras de Basto e, se ainda existisse, estava prestes a comemorar o centen\u00e1rio da funda\u00e7\u00e3o. \u00c9 para fixar a hist\u00f3ria poss\u00edvel e sublinhar o seu importante contributo no combate ao isolamento de toda a regi\u00e3o que dois autodidatas locais trabalham neste momento a recolha de \u00abtodo e [&hellip;]<\/p>\n","protected":false},"author":7,"featured_media":4370,"comment_status":"open","ping_status":"open","sticky":false,"template":"","format":"standard","meta":{"footnotes":""},"categories":[12,13,7,16,26,9],"tags":[965,538,230,966],"class_list":{"0":"post-4369","1":"post","2":"type-post","3":"status-publish","4":"format-standard","5":"has-post-thumbnail","7":"category-cabeceiras-de-basto","8":"category-celorico-de-basto","9":"category-cultura","10":"category-mondim-de-basto","11":"category-ribeira-de-pena","12":"category-terras-de-basto","13":"tag-auto-mondinense","14":"tag-historia","15":"tag-terras-de-basto","16":"tag-transportes"},"yoast_head":"<!-- This site is optimized with the Yoast SEO plugin v25.7 - https:\/\/yoast.com\/wordpress\/plugins\/seo\/ -->\n<title>Quem quer ajudar a escrever a hist\u00f3ria da &quot;Auto-Mondinense&quot;? - Jornal Terras de Basto<\/title>\n<meta name=\"description\" content=\"Foi, \u00e0 \u00e9poca, uma das principais embaixadoras das Terras de Basto e, se ainda existisse, estava prestes a comemorar o centen\u00e1rio da funda\u00e7\u00e3o. \u00c9 para fixar a hist\u00f3ria poss\u00edvel e sublinhar o seu importante contributo no combate ao isolamento de toda a regi\u00e3o que dois autodidatas locais trabalham neste momento a recolha de \u00abtodo e qualquer elemento que testemunhe a hist\u00f3ria\u00bb da \u201cAuto-Mondinense\u201d, transportadora fundada a 31 de dezembro de 1929 na vila de Mondim de Basto.\" \/>\n<meta name=\"robots\" content=\"index, follow, max-snippet:-1, max-image-preview:large, max-video-preview:-1\" \/>\n<link rel=\"canonical\" href=\"https:\/\/terrasdebasto.pt\/?p=4369\" \/>\n<meta property=\"og:locale\" content=\"pt_PT\" \/>\n<meta property=\"og:type\" content=\"article\" \/>\n<meta property=\"og:title\" content=\"Quem quer ajudar a escrever a hist\u00f3ria da &quot;Auto-Mondinense&quot;? - Jornal Terras de Basto\" \/>\n<meta property=\"og:description\" content=\"Foi, \u00e0 \u00e9poca, uma das principais embaixadoras das Terras de Basto e, se ainda existisse, estava prestes a comemorar o centen\u00e1rio da funda\u00e7\u00e3o. \u00c9 para fixar a hist\u00f3ria poss\u00edvel e sublinhar o seu importante contributo no combate ao isolamento de toda a regi\u00e3o que dois autodidatas locais trabalham neste momento a recolha de \u00abtodo e qualquer elemento que testemunhe a hist\u00f3ria\u00bb da \u201cAuto-Mondinense\u201d, transportadora fundada a 31 de dezembro de 1929 na vila de Mondim de Basto.\" \/>\n<meta property=\"og:url\" content=\"https:\/\/terrasdebasto.pt\/?p=4369\" \/>\n<meta property=\"og:site_name\" content=\"Jornal Terras de Basto\" \/>\n<meta property=\"article:published_time\" content=\"2025-05-15T15:04:02+00:00\" \/>\n<meta property=\"article:modified_time\" content=\"2025-05-15T15:48:26+00:00\" \/>\n<meta property=\"og:image\" content=\"https:\/\/terrasdebasto.pt\/wp-content\/uploads\/2025\/05\/FOTO-01-PRIMEIRA-PAGINA.jpg\" \/>\n\t<meta property=\"og:image:width\" content=\"1612\" \/>\n\t<meta property=\"og:image:height\" content=\"1139\" \/>\n\t<meta property=\"og:image:type\" content=\"image\/jpeg\" \/>\n<meta name=\"author\" content=\"Jo\u00e3o Paulo Mesquita\" \/>\n<meta name=\"twitter:card\" content=\"summary_large_image\" \/>\n<meta name=\"twitter:label1\" content=\"Escrito por\" \/>\n\t<meta name=\"twitter:data1\" content=\"Jo\u00e3o Paulo Mesquita\" \/>\n\t<meta name=\"twitter:label2\" content=\"Tempo estimado de leitura\" \/>\n\t<meta name=\"twitter:data2\" content=\"9 minutos\" \/>\n<script type=\"application\/ld+json\" class=\"yoast-schema-graph\">{\"@context\":\"https:\/\/schema.org\",\"@graph\":[{\"@type\":\"Article\",\"@id\":\"https:\/\/terrasdebasto.pt\/?p=4369#article\",\"isPartOf\":{\"@id\":\"https:\/\/terrasdebasto.pt\/?p=4369\"},\"author\":{\"name\":\"Jo\u00e3o Paulo Mesquita\",\"@id\":\"https:\/\/terrasdebasto.pt\/#\/schema\/person\/9f6739f5394ac65c802641773b278b84\"},\"headline\":\"Quem quer ajudar a escrever a hist\u00f3ria da &#8220;Auto-Mondinense&#8221;?\",\"datePublished\":\"2025-05-15T15:04:02+00:00\",\"dateModified\":\"2025-05-15T15:48:26+00:00\",\"mainEntityOfPage\":{\"@id\":\"https:\/\/terrasdebasto.pt\/?p=4369\"},\"wordCount\":1427,\"commentCount\":0,\"publisher\":{\"@id\":\"https:\/\/terrasdebasto.pt\/#organization\"},\"image\":{\"@id\":\"https:\/\/terrasdebasto.pt\/?p=4369#primaryimage\"},\"thumbnailUrl\":\"https:\/\/terrasdebasto.pt\/wp-content\/uploads\/2025\/05\/FOTO-01-PRIMEIRA-PAGINA.jpg\",\"keywords\":[\"Auto-Mondinense\",\"Hist\u00f3ria\",\"Terras de Basto\",\"Transportes\"],\"articleSection\":[\"Cabeceiras de Basto\",\"Celorico de Basto\",\"Cultura\",\"Mondim de Basto\",\"Ribeira de Pena\",\"Terras de Basto\"],\"inLanguage\":\"pt-PT\",\"potentialAction\":[{\"@type\":\"CommentAction\",\"name\":\"Comment\",\"target\":[\"https:\/\/terrasdebasto.pt\/?p=4369#respond\"]}]},{\"@type\":\"WebPage\",\"@id\":\"https:\/\/terrasdebasto.pt\/?p=4369\",\"url\":\"https:\/\/terrasdebasto.pt\/?p=4369\",\"name\":\"Quem quer ajudar a escrever a hist\u00f3ria da \\\"Auto-Mondinense\\\"? - Jornal Terras de Basto\",\"isPartOf\":{\"@id\":\"https:\/\/terrasdebasto.pt\/#website\"},\"primaryImageOfPage\":{\"@id\":\"https:\/\/terrasdebasto.pt\/?p=4369#primaryimage\"},\"image\":{\"@id\":\"https:\/\/terrasdebasto.pt\/?p=4369#primaryimage\"},\"thumbnailUrl\":\"https:\/\/terrasdebasto.pt\/wp-content\/uploads\/2025\/05\/FOTO-01-PRIMEIRA-PAGINA.jpg\",\"datePublished\":\"2025-05-15T15:04:02+00:00\",\"dateModified\":\"2025-05-15T15:48:26+00:00\",\"description\":\"Foi, \u00e0 \u00e9poca, uma das principais embaixadoras das Terras de Basto e, se ainda existisse, estava prestes a comemorar o centen\u00e1rio da funda\u00e7\u00e3o. \u00c9 para fixar a hist\u00f3ria poss\u00edvel e sublinhar o seu importante contributo no combate ao isolamento de toda a regi\u00e3o que dois autodidatas locais trabalham neste momento a recolha de \u00abtodo e qualquer elemento que testemunhe a hist\u00f3ria\u00bb da \u201cAuto-Mondinense\u201d, transportadora fundada a 31 de dezembro de 1929 na vila de Mondim de Basto.\",\"breadcrumb\":{\"@id\":\"https:\/\/terrasdebasto.pt\/?p=4369#breadcrumb\"},\"inLanguage\":\"pt-PT\",\"potentialAction\":[{\"@type\":\"ReadAction\",\"target\":[\"https:\/\/terrasdebasto.pt\/?p=4369\"]}]},{\"@type\":\"ImageObject\",\"inLanguage\":\"pt-PT\",\"@id\":\"https:\/\/terrasdebasto.pt\/?p=4369#primaryimage\",\"url\":\"https:\/\/terrasdebasto.pt\/wp-content\/uploads\/2025\/05\/FOTO-01-PRIMEIRA-PAGINA.jpg\",\"contentUrl\":\"https:\/\/terrasdebasto.pt\/wp-content\/uploads\/2025\/05\/FOTO-01-PRIMEIRA-PAGINA.jpg\",\"width\":1612,\"height\":1139,\"caption\":\"Fotografia de Bruce Tilley\"},{\"@type\":\"BreadcrumbList\",\"@id\":\"https:\/\/terrasdebasto.pt\/?p=4369#breadcrumb\",\"itemListElement\":[{\"@type\":\"ListItem\",\"position\":1,\"name\":\"In\u00edcio\",\"item\":\"https:\/\/terrasdebasto.pt\/\"},{\"@type\":\"ListItem\",\"position\":2,\"name\":\"Quem quer ajudar a escrever a hist\u00f3ria da &#8220;Auto-Mondinense&#8221;?\"}]},{\"@type\":\"WebSite\",\"@id\":\"https:\/\/terrasdebasto.pt\/#website\",\"url\":\"https:\/\/terrasdebasto.pt\/\",\"name\":\"Jornal Terras de Basto\",\"description\":\"\",\"publisher\":{\"@id\":\"https:\/\/terrasdebasto.pt\/#organization\"},\"potentialAction\":[{\"@type\":\"SearchAction\",\"target\":{\"@type\":\"EntryPoint\",\"urlTemplate\":\"https:\/\/terrasdebasto.pt\/?s={search_term_string}\"},\"query-input\":{\"@type\":\"PropertyValueSpecification\",\"valueRequired\":true,\"valueName\":\"search_term_string\"}}],\"inLanguage\":\"pt-PT\"},{\"@type\":\"Organization\",\"@id\":\"https:\/\/terrasdebasto.pt\/#organization\",\"name\":\"Jornal Terras de Basto\",\"url\":\"https:\/\/terrasdebasto.pt\/\",\"logo\":{\"@type\":\"ImageObject\",\"inLanguage\":\"pt-PT\",\"@id\":\"https:\/\/terrasdebasto.pt\/#\/schema\/logo\/image\/\",\"url\":\"https:\/\/terrasdebasto.pt\/wp-content\/uploads\/2024\/06\/LogoNormal.png\",\"contentUrl\":\"https:\/\/terrasdebasto.pt\/wp-content\/uploads\/2024\/06\/LogoNormal.png\",\"width\":5638,\"height\":809,\"caption\":\"Jornal Terras de Basto\"},\"image\":{\"@id\":\"https:\/\/terrasdebasto.pt\/#\/schema\/logo\/image\/\"}},{\"@type\":\"Person\",\"@id\":\"https:\/\/terrasdebasto.pt\/#\/schema\/person\/9f6739f5394ac65c802641773b278b84\",\"name\":\"Jo\u00e3o Paulo Mesquita\",\"image\":{\"@type\":\"ImageObject\",\"inLanguage\":\"pt-PT\",\"@id\":\"https:\/\/terrasdebasto.pt\/#\/schema\/person\/image\/\",\"url\":\"https:\/\/secure.gravatar.com\/avatar\/9bd0f299e6d96336664aab64354168246a3ee3287c47891c50d450e47ed9d7f9?s=96&d=mm&r=g\",\"contentUrl\":\"https:\/\/secure.gravatar.com\/avatar\/9bd0f299e6d96336664aab64354168246a3ee3287c47891c50d450e47ed9d7f9?s=96&d=mm&r=g\",\"caption\":\"Jo\u00e3o Paulo Mesquita\"},\"url\":\"https:\/\/terrasdebasto.pt\/?author=7\"}]}<\/script>\n<!-- \/ Yoast SEO plugin. -->","yoast_head_json":{"title":"Quem quer ajudar a escrever a hist\u00f3ria da \"Auto-Mondinense\"? - Jornal Terras de Basto","description":"Foi, \u00e0 \u00e9poca, uma das principais embaixadoras das Terras de Basto e, se ainda existisse, estava prestes a comemorar o centen\u00e1rio da funda\u00e7\u00e3o. \u00c9 para fixar a hist\u00f3ria poss\u00edvel e sublinhar o seu importante contributo no combate ao isolamento de toda a regi\u00e3o que dois autodidatas locais trabalham neste momento a recolha de \u00abtodo e qualquer elemento que testemunhe a hist\u00f3ria\u00bb da \u201cAuto-Mondinense\u201d, transportadora fundada a 31 de dezembro de 1929 na vila de Mondim de Basto.","robots":{"index":"index","follow":"follow","max-snippet":"max-snippet:-1","max-image-preview":"max-image-preview:large","max-video-preview":"max-video-preview:-1"},"canonical":"https:\/\/terrasdebasto.pt\/?p=4369","og_locale":"pt_PT","og_type":"article","og_title":"Quem quer ajudar a escrever a hist\u00f3ria da \"Auto-Mondinense\"? - Jornal Terras de Basto","og_description":"Foi, \u00e0 \u00e9poca, uma das principais embaixadoras das Terras de Basto e, se ainda existisse, estava prestes a comemorar o centen\u00e1rio da funda\u00e7\u00e3o. \u00c9 para fixar a hist\u00f3ria poss\u00edvel e sublinhar o seu importante contributo no combate ao isolamento de toda a regi\u00e3o que dois autodidatas locais trabalham neste momento a recolha de \u00abtodo e qualquer elemento que testemunhe a hist\u00f3ria\u00bb da \u201cAuto-Mondinense\u201d, transportadora fundada a 31 de dezembro de 1929 na vila de Mondim de Basto.","og_url":"https:\/\/terrasdebasto.pt\/?p=4369","og_site_name":"Jornal Terras de Basto","article_published_time":"2025-05-15T15:04:02+00:00","article_modified_time":"2025-05-15T15:48:26+00:00","og_image":[{"width":1612,"height":1139,"url":"https:\/\/terrasdebasto.pt\/wp-content\/uploads\/2025\/05\/FOTO-01-PRIMEIRA-PAGINA.jpg","type":"image\/jpeg"}],"author":"Jo\u00e3o Paulo Mesquita","twitter_card":"summary_large_image","twitter_misc":{"Escrito por":"Jo\u00e3o Paulo Mesquita","Tempo estimado de leitura":"9 minutos"},"schema":{"@context":"https:\/\/schema.org","@graph":[{"@type":"Article","@id":"https:\/\/terrasdebasto.pt\/?p=4369#article","isPartOf":{"@id":"https:\/\/terrasdebasto.pt\/?p=4369"},"author":{"name":"Jo\u00e3o Paulo Mesquita","@id":"https:\/\/terrasdebasto.pt\/#\/schema\/person\/9f6739f5394ac65c802641773b278b84"},"headline":"Quem quer ajudar a escrever a hist\u00f3ria da &#8220;Auto-Mondinense&#8221;?","datePublished":"2025-05-15T15:04:02+00:00","dateModified":"2025-05-15T15:48:26+00:00","mainEntityOfPage":{"@id":"https:\/\/terrasdebasto.pt\/?p=4369"},"wordCount":1427,"commentCount":0,"publisher":{"@id":"https:\/\/terrasdebasto.pt\/#organization"},"image":{"@id":"https:\/\/terrasdebasto.pt\/?p=4369#primaryimage"},"thumbnailUrl":"https:\/\/terrasdebasto.pt\/wp-content\/uploads\/2025\/05\/FOTO-01-PRIMEIRA-PAGINA.jpg","keywords":["Auto-Mondinense","Hist\u00f3ria","Terras de Basto","Transportes"],"articleSection":["Cabeceiras de Basto","Celorico de Basto","Cultura","Mondim de Basto","Ribeira de Pena","Terras de Basto"],"inLanguage":"pt-PT","potentialAction":[{"@type":"CommentAction","name":"Comment","target":["https:\/\/terrasdebasto.pt\/?p=4369#respond"]}]},{"@type":"WebPage","@id":"https:\/\/terrasdebasto.pt\/?p=4369","url":"https:\/\/terrasdebasto.pt\/?p=4369","name":"Quem quer ajudar a escrever a hist\u00f3ria da \"Auto-Mondinense\"? - Jornal Terras de Basto","isPartOf":{"@id":"https:\/\/terrasdebasto.pt\/#website"},"primaryImageOfPage":{"@id":"https:\/\/terrasdebasto.pt\/?p=4369#primaryimage"},"image":{"@id":"https:\/\/terrasdebasto.pt\/?p=4369#primaryimage"},"thumbnailUrl":"https:\/\/terrasdebasto.pt\/wp-content\/uploads\/2025\/05\/FOTO-01-PRIMEIRA-PAGINA.jpg","datePublished":"2025-05-15T15:04:02+00:00","dateModified":"2025-05-15T15:48:26+00:00","description":"Foi, \u00e0 \u00e9poca, uma das principais embaixadoras das Terras de Basto e, se ainda existisse, estava prestes a comemorar o centen\u00e1rio da funda\u00e7\u00e3o. \u00c9 para fixar a hist\u00f3ria poss\u00edvel e sublinhar o seu importante contributo no combate ao isolamento de toda a regi\u00e3o que dois autodidatas locais trabalham neste momento a recolha de \u00abtodo e qualquer elemento que testemunhe a hist\u00f3ria\u00bb da \u201cAuto-Mondinense\u201d, transportadora fundada a 31 de dezembro de 1929 na vila de Mondim de Basto.","breadcrumb":{"@id":"https:\/\/terrasdebasto.pt\/?p=4369#breadcrumb"},"inLanguage":"pt-PT","potentialAction":[{"@type":"ReadAction","target":["https:\/\/terrasdebasto.pt\/?p=4369"]}]},{"@type":"ImageObject","inLanguage":"pt-PT","@id":"https:\/\/terrasdebasto.pt\/?p=4369#primaryimage","url":"https:\/\/terrasdebasto.pt\/wp-content\/uploads\/2025\/05\/FOTO-01-PRIMEIRA-PAGINA.jpg","contentUrl":"https:\/\/terrasdebasto.pt\/wp-content\/uploads\/2025\/05\/FOTO-01-PRIMEIRA-PAGINA.jpg","width":1612,"height":1139,"caption":"Fotografia de Bruce Tilley"},{"@type":"BreadcrumbList","@id":"https:\/\/terrasdebasto.pt\/?p=4369#breadcrumb","itemListElement":[{"@type":"ListItem","position":1,"name":"In\u00edcio","item":"https:\/\/terrasdebasto.pt\/"},{"@type":"ListItem","position":2,"name":"Quem quer ajudar a escrever a hist\u00f3ria da &#8220;Auto-Mondinense&#8221;?"}]},{"@type":"WebSite","@id":"https:\/\/terrasdebasto.pt\/#website","url":"https:\/\/terrasdebasto.pt\/","name":"Jornal Terras de Basto","description":"","publisher":{"@id":"https:\/\/terrasdebasto.pt\/#organization"},"potentialAction":[{"@type":"SearchAction","target":{"@type":"EntryPoint","urlTemplate":"https:\/\/terrasdebasto.pt\/?s={search_term_string}"},"query-input":{"@type":"PropertyValueSpecification","valueRequired":true,"valueName":"search_term_string"}}],"inLanguage":"pt-PT"},{"@type":"Organization","@id":"https:\/\/terrasdebasto.pt\/#organization","name":"Jornal Terras de Basto","url":"https:\/\/terrasdebasto.pt\/","logo":{"@type":"ImageObject","inLanguage":"pt-PT","@id":"https:\/\/terrasdebasto.pt\/#\/schema\/logo\/image\/","url":"https:\/\/terrasdebasto.pt\/wp-content\/uploads\/2024\/06\/LogoNormal.png","contentUrl":"https:\/\/terrasdebasto.pt\/wp-content\/uploads\/2024\/06\/LogoNormal.png","width":5638,"height":809,"caption":"Jornal Terras de Basto"},"image":{"@id":"https:\/\/terrasdebasto.pt\/#\/schema\/logo\/image\/"}},{"@type":"Person","@id":"https:\/\/terrasdebasto.pt\/#\/schema\/person\/9f6739f5394ac65c802641773b278b84","name":"Jo\u00e3o Paulo Mesquita","image":{"@type":"ImageObject","inLanguage":"pt-PT","@id":"https:\/\/terrasdebasto.pt\/#\/schema\/person\/image\/","url":"https:\/\/secure.gravatar.com\/avatar\/9bd0f299e6d96336664aab64354168246a3ee3287c47891c50d450e47ed9d7f9?s=96&d=mm&r=g","contentUrl":"https:\/\/secure.gravatar.com\/avatar\/9bd0f299e6d96336664aab64354168246a3ee3287c47891c50d450e47ed9d7f9?s=96&d=mm&r=g","caption":"Jo\u00e3o Paulo Mesquita"},"url":"https:\/\/terrasdebasto.pt\/?author=7"}]}},"_links":{"self":[{"href":"https:\/\/terrasdebasto.pt\/index.php?rest_route=\/wp\/v2\/posts\/4369","targetHints":{"allow":["GET"]}}],"collection":[{"href":"https:\/\/terrasdebasto.pt\/index.php?rest_route=\/wp\/v2\/posts"}],"about":[{"href":"https:\/\/terrasdebasto.pt\/index.php?rest_route=\/wp\/v2\/types\/post"}],"author":[{"embeddable":true,"href":"https:\/\/terrasdebasto.pt\/index.php?rest_route=\/wp\/v2\/users\/7"}],"replies":[{"embeddable":true,"href":"https:\/\/terrasdebasto.pt\/index.php?rest_route=%2Fwp%2Fv2%2Fcomments&post=4369"}],"version-history":[{"count":3,"href":"https:\/\/terrasdebasto.pt\/index.php?rest_route=\/wp\/v2\/posts\/4369\/revisions"}],"predecessor-version":[{"id":4380,"href":"https:\/\/terrasdebasto.pt\/index.php?rest_route=\/wp\/v2\/posts\/4369\/revisions\/4380"}],"wp:featuredmedia":[{"embeddable":true,"href":"https:\/\/terrasdebasto.pt\/index.php?rest_route=\/wp\/v2\/media\/4370"}],"wp:attachment":[{"href":"https:\/\/terrasdebasto.pt\/index.php?rest_route=%2Fwp%2Fv2%2Fmedia&parent=4369"}],"wp:term":[{"taxonomy":"category","embeddable":true,"href":"https:\/\/terrasdebasto.pt\/index.php?rest_route=%2Fwp%2Fv2%2Fcategories&post=4369"},{"taxonomy":"post_tag","embeddable":true,"href":"https:\/\/terrasdebasto.pt\/index.php?rest_route=%2Fwp%2Fv2%2Ftags&post=4369"}],"curies":[{"name":"wp","href":"https:\/\/api.w.org\/{rel}","templated":true}]}}