{"id":4364,"date":"2025-05-14T22:55:51","date_gmt":"2025-05-14T22:55:51","guid":{"rendered":"https:\/\/terrasdebasto.pt\/?p=4364"},"modified":"2025-05-14T22:55:51","modified_gmt":"2025-05-14T22:55:51","slug":"mais-uma-otima-edicao-do-terras-de-basto-13","status":"publish","type":"post","link":"https:\/\/terrasdebasto.pt\/?p=4364","title":{"rendered":"Mais uma \u00f3tima edi\u00e7\u00e3o do Terras de Basto"},"content":{"rendered":"\n<p><strong>Foi uma das principais embaixadoras das Terras de Basto e, se ainda existisse, estava prestes a comemorar o centen\u00e1rio. \u00c9 para fixar a hist\u00f3ria e sublinhar o seu importante contributo no combate ao isolamento de toda a regi\u00e3o que dois autodidatas locais trabalham na recolha de \u00abtodo e qualquer elemento que testemunhe a hist\u00f3ria\u00bb da \u201cAuto-Mondinense\u201d. A hist\u00f3ria abre a primeira p\u00e1gina de mais uma \u00f3tima edi\u00e7\u00e3o do Terras de Basto.<\/strong><\/p>\n\n\n\n<p>O principal destaque de capa vai, contudo, para o futebol. S\u00e3o tempos hist\u00f3ricos aqueles que o concelho de Celorico de Basto vive no que diz respeito ao futebol. Primeiro, foi a subida do FC Gandarela, depois o centen\u00e1rio do SC Fermilense. E agora, o Clube Desportivo Celoricense, que se sagra campe\u00e3o da Divis\u00e3o Pr\u00f3-Nacional da AF Braga. \u00c9 sobre este feito, sobre os desafios que se avizinham e sobre a identidade de um clube que Leandro Gon\u00e7alves, o presidente, fala ao Terras de Basto.<\/p>\n\n\n\n<p>Depois de Mondim de Basto e de Celorico de Basto, vamos at\u00e9 Cabeceiras de Basto para dar conta da vontade da arquidiocese de Braga de vender o edif\u00edcio do Externato de Refojos, a ala norte do mosteiro beneditino. O presidente da C\u00e2mara j\u00e1 disse que quer comprar. As partes dizem querer que o col\u00e9gio continue a funcionar. Mas\u2026<\/p>\n\n\n\n<p>Outra chamada de capa em Cabeceiras de Basto vai para a \u201cBasto Vida\u201d. A continuidade da mulher do presidente da C\u00e2mara na dire\u00e7\u00e3o t\u00e9cnica da Unidade de Cuidados Continuados continua a agitar o quotidiano da institui\u00e7\u00e3o, n\u00e3o s\u00f3 nos servi\u00e7os que presta, mas tamb\u00e9m no seu funcionamento org\u00e2nico. Os tr\u00eas elementos da mesa n\u00e3o apareceram para a assembleia geral que ia votar as contas. A reuni\u00e3o vai ter de se repetir, diz o advogado.<\/p>\n\n\n\n<p>Ainda em Cabeceiras, a Chamada para a mais antiga unidade industrial das Terras de Basto e uma das mais antigas f\u00e1bricas de papel a Norte do Douro. Resgat\u00e1-la do esquecimento foi o primeiro objetivo do historiador Pedro Teixeira Gon\u00e7alves ao levar ao Encontro de Hist\u00f3ria Local a investiga\u00e7\u00e3o que tem desenvolvido sobre a F\u00e1brica de Papel de Basto.<\/p>\n\n\n\n<p>A fechar, refer\u00eancia de capa para um suplemento de oito p\u00e1ginas dedicado \u00e0 Colmeia Liter\u00e1ria, a feira do livro que agora terminou em Mondim de Basto.<\/p>\n\n\n\n<p>E s\u00e3o estes alguns dos temas tratados em mais uma \u00f3tima edi\u00e7\u00e3o do Terras de Basto.<\/p>\n\n\n\n<p>Boas leituras.<\/p>\n\n\n\n<p>O diretor,<\/p>\n\n\n\n<p>Jo\u00e3o Paulo Mesquita<\/p>\n\n\n\n<p><\/p>\n","protected":false},"excerpt":{"rendered":"<p>Foi uma das principais embaixadoras das Terras de Basto e, se ainda existisse, estava prestes a comemorar o centen\u00e1rio. \u00c9 para fixar a hist\u00f3ria e sublinhar o seu importante contributo no combate ao isolamento de toda a regi\u00e3o que dois autodidatas locais trabalham na recolha de \u00abtodo e qualquer elemento que testemunhe a hist\u00f3ria\u00bb da [&hellip;]<\/p>\n","protected":false},"author":7,"featured_media":4366,"comment_status":"open","ping_status":"open","sticky":false,"template":"","format":"standard","meta":{"footnotes":""},"categories":[12,13,16,26,9],"tags":[964,502,812],"class_list":{"0":"post-4364","1":"post","2":"type-post","3":"status-publish","4":"format-standard","5":"has-post-thumbnail","7":"category-cabeceiras-de-basto","8":"category-celorico-de-basto","9":"category-mondim-de-basto","10":"category-ribeira-de-pena","11":"category-terras-de-basto","12":"tag-15-de-maio-de-2025","13":"tag-jornal-terras-de-basto","14":"tag-nova-edicao-impressa"},"yoast_head":"<!-- This site is optimized with the Yoast SEO plugin v25.7 - https:\/\/yoast.com\/wordpress\/plugins\/seo\/ -->\n<title>Mais uma \u00f3tima edi\u00e7\u00e3o do Terras de Basto - Jornal Terras de Basto<\/title>\n<meta name=\"description\" content=\"Foi uma das principais embaixadoras das Terras de Basto e, se ainda existisse, estava prestes a comemorar o centen\u00e1rio. \u00c9 para fixar a hist\u00f3ria e sublinhar o seu importante contributo no combate ao isolamento de toda a regi\u00e3o que dois autodidatas locais trabalham na recolha de \u00abtodo e qualquer elemento que testemunhe a hist\u00f3ria\u00bb da \u201cAuto-Mondinense\u201d. A hist\u00f3ria abre a primeira p\u00e1gina de mais uma \u00f3tima edi\u00e7\u00e3o do Terras de Basto.\" \/>\n<meta name=\"robots\" content=\"index, follow, max-snippet:-1, max-image-preview:large, max-video-preview:-1\" \/>\n<link rel=\"canonical\" href=\"https:\/\/terrasdebasto.pt\/?p=4364\" \/>\n<meta property=\"og:locale\" content=\"pt_PT\" \/>\n<meta property=\"og:type\" content=\"article\" \/>\n<meta property=\"og:title\" content=\"Mais uma \u00f3tima edi\u00e7\u00e3o do Terras de Basto - Jornal Terras de Basto\" \/>\n<meta property=\"og:description\" content=\"Foi uma das principais embaixadoras das Terras de Basto e, se ainda existisse, estava prestes a comemorar o centen\u00e1rio. \u00c9 para fixar a hist\u00f3ria e sublinhar o seu importante contributo no combate ao isolamento de toda a regi\u00e3o que dois autodidatas locais trabalham na recolha de \u00abtodo e qualquer elemento que testemunhe a hist\u00f3ria\u00bb da \u201cAuto-Mondinense\u201d. A hist\u00f3ria abre a primeira p\u00e1gina de mais uma \u00f3tima edi\u00e7\u00e3o do Terras de Basto.\" \/>\n<meta property=\"og:url\" content=\"https:\/\/terrasdebasto.pt\/?p=4364\" \/>\n<meta property=\"og:site_name\" content=\"Jornal Terras de Basto\" \/>\n<meta property=\"article:published_time\" content=\"2025-05-14T22:55:51+00:00\" \/>\n<meta property=\"og:image\" content=\"https:\/\/terrasdebasto.pt\/wp-content\/uploads\/2025\/05\/CAPA-TB-1.jpg\" \/>\n\t<meta property=\"og:image:width\" content=\"1068\" \/>\n\t<meta property=\"og:image:height\" content=\"1280\" \/>\n\t<meta property=\"og:image:type\" content=\"image\/jpeg\" \/>\n<meta name=\"author\" content=\"Jo\u00e3o Paulo Mesquita\" \/>\n<meta name=\"twitter:card\" content=\"summary_large_image\" \/>\n<meta name=\"twitter:label1\" content=\"Escrito por\" \/>\n\t<meta name=\"twitter:data1\" content=\"Jo\u00e3o Paulo Mesquita\" \/>\n\t<meta name=\"twitter:label2\" content=\"Tempo estimado de leitura\" \/>\n\t<meta name=\"twitter:data2\" content=\"3 minutos\" \/>\n<script type=\"application\/ld+json\" class=\"yoast-schema-graph\">{\"@context\":\"https:\/\/schema.org\",\"@graph\":[{\"@type\":\"Article\",\"@id\":\"https:\/\/terrasdebasto.pt\/?p=4364#article\",\"isPartOf\":{\"@id\":\"https:\/\/terrasdebasto.pt\/?p=4364\"},\"author\":{\"name\":\"Jo\u00e3o Paulo Mesquita\",\"@id\":\"https:\/\/terrasdebasto.pt\/#\/schema\/person\/9f6739f5394ac65c802641773b278b84\"},\"headline\":\"Mais uma \u00f3tima edi\u00e7\u00e3o do Terras de Basto\",\"datePublished\":\"2025-05-14T22:55:51+00:00\",\"mainEntityOfPage\":{\"@id\":\"https:\/\/terrasdebasto.pt\/?p=4364\"},\"wordCount\":440,\"commentCount\":0,\"publisher\":{\"@id\":\"https:\/\/terrasdebasto.pt\/#organization\"},\"image\":{\"@id\":\"https:\/\/terrasdebasto.pt\/?p=4364#primaryimage\"},\"thumbnailUrl\":\"https:\/\/terrasdebasto.pt\/wp-content\/uploads\/2025\/05\/CAPA-TB-1.jpg\",\"keywords\":[\"15 de maio de 2025\",\"Jornal Terras de Basto\",\"Nova edi\u00e7\u00e3o impressa\"],\"articleSection\":[\"Cabeceiras de Basto\",\"Celorico de Basto\",\"Mondim de Basto\",\"Ribeira de Pena\",\"Terras de Basto\"],\"inLanguage\":\"pt-PT\",\"potentialAction\":[{\"@type\":\"CommentAction\",\"name\":\"Comment\",\"target\":[\"https:\/\/terrasdebasto.pt\/?p=4364#respond\"]}]},{\"@type\":\"WebPage\",\"@id\":\"https:\/\/terrasdebasto.pt\/?p=4364\",\"url\":\"https:\/\/terrasdebasto.pt\/?p=4364\",\"name\":\"Mais uma \u00f3tima edi\u00e7\u00e3o do Terras de Basto - Jornal Terras de Basto\",\"isPartOf\":{\"@id\":\"https:\/\/terrasdebasto.pt\/#website\"},\"primaryImageOfPage\":{\"@id\":\"https:\/\/terrasdebasto.pt\/?p=4364#primaryimage\"},\"image\":{\"@id\":\"https:\/\/terrasdebasto.pt\/?p=4364#primaryimage\"},\"thumbnailUrl\":\"https:\/\/terrasdebasto.pt\/wp-content\/uploads\/2025\/05\/CAPA-TB-1.jpg\",\"datePublished\":\"2025-05-14T22:55:51+00:00\",\"description\":\"Foi uma das principais embaixadoras das Terras de Basto e, se ainda existisse, estava prestes a comemorar o centen\u00e1rio. \u00c9 para fixar a hist\u00f3ria e sublinhar o seu importante contributo no combate ao isolamento de toda a regi\u00e3o que dois autodidatas locais trabalham na recolha de \u00abtodo e qualquer elemento que testemunhe a hist\u00f3ria\u00bb da \u201cAuto-Mondinense\u201d. A hist\u00f3ria abre a primeira p\u00e1gina de mais uma \u00f3tima edi\u00e7\u00e3o do Terras de Basto.\",\"breadcrumb\":{\"@id\":\"https:\/\/terrasdebasto.pt\/?p=4364#breadcrumb\"},\"inLanguage\":\"pt-PT\",\"potentialAction\":[{\"@type\":\"ReadAction\",\"target\":[\"https:\/\/terrasdebasto.pt\/?p=4364\"]}]},{\"@type\":\"ImageObject\",\"inLanguage\":\"pt-PT\",\"@id\":\"https:\/\/terrasdebasto.pt\/?p=4364#primaryimage\",\"url\":\"https:\/\/terrasdebasto.pt\/wp-content\/uploads\/2025\/05\/CAPA-TB-1.jpg\",\"contentUrl\":\"https:\/\/terrasdebasto.pt\/wp-content\/uploads\/2025\/05\/CAPA-TB-1.jpg\",\"width\":1068,\"height\":1280},{\"@type\":\"BreadcrumbList\",\"@id\":\"https:\/\/terrasdebasto.pt\/?p=4364#breadcrumb\",\"itemListElement\":[{\"@type\":\"ListItem\",\"position\":1,\"name\":\"In\u00edcio\",\"item\":\"https:\/\/terrasdebasto.pt\/\"},{\"@type\":\"ListItem\",\"position\":2,\"name\":\"Mais uma \u00f3tima edi\u00e7\u00e3o do Terras de Basto\"}]},{\"@type\":\"WebSite\",\"@id\":\"https:\/\/terrasdebasto.pt\/#website\",\"url\":\"https:\/\/terrasdebasto.pt\/\",\"name\":\"Jornal Terras de Basto\",\"description\":\"\",\"publisher\":{\"@id\":\"https:\/\/terrasdebasto.pt\/#organization\"},\"potentialAction\":[{\"@type\":\"SearchAction\",\"target\":{\"@type\":\"EntryPoint\",\"urlTemplate\":\"https:\/\/terrasdebasto.pt\/?s={search_term_string}\"},\"query-input\":{\"@type\":\"PropertyValueSpecification\",\"valueRequired\":true,\"valueName\":\"search_term_string\"}}],\"inLanguage\":\"pt-PT\"},{\"@type\":\"Organization\",\"@id\":\"https:\/\/terrasdebasto.pt\/#organization\",\"name\":\"Jornal Terras de Basto\",\"url\":\"https:\/\/terrasdebasto.pt\/\",\"logo\":{\"@type\":\"ImageObject\",\"inLanguage\":\"pt-PT\",\"@id\":\"https:\/\/terrasdebasto.pt\/#\/schema\/logo\/image\/\",\"url\":\"https:\/\/terrasdebasto.pt\/wp-content\/uploads\/2024\/06\/LogoNormal.png\",\"contentUrl\":\"https:\/\/terrasdebasto.pt\/wp-content\/uploads\/2024\/06\/LogoNormal.png\",\"width\":5638,\"height\":809,\"caption\":\"Jornal Terras de Basto\"},\"image\":{\"@id\":\"https:\/\/terrasdebasto.pt\/#\/schema\/logo\/image\/\"}},{\"@type\":\"Person\",\"@id\":\"https:\/\/terrasdebasto.pt\/#\/schema\/person\/9f6739f5394ac65c802641773b278b84\",\"name\":\"Jo\u00e3o Paulo Mesquita\",\"image\":{\"@type\":\"ImageObject\",\"inLanguage\":\"pt-PT\",\"@id\":\"https:\/\/terrasdebasto.pt\/#\/schema\/person\/image\/\",\"url\":\"https:\/\/secure.gravatar.com\/avatar\/9bd0f299e6d96336664aab64354168246a3ee3287c47891c50d450e47ed9d7f9?s=96&d=mm&r=g\",\"contentUrl\":\"https:\/\/secure.gravatar.com\/avatar\/9bd0f299e6d96336664aab64354168246a3ee3287c47891c50d450e47ed9d7f9?s=96&d=mm&r=g\",\"caption\":\"Jo\u00e3o Paulo Mesquita\"},\"url\":\"https:\/\/terrasdebasto.pt\/?author=7\"}]}<\/script>\n<!-- \/ Yoast SEO plugin. -->","yoast_head_json":{"title":"Mais uma \u00f3tima edi\u00e7\u00e3o do Terras de Basto - Jornal Terras de Basto","description":"Foi uma das principais embaixadoras das Terras de Basto e, se ainda existisse, estava prestes a comemorar o centen\u00e1rio. \u00c9 para fixar a hist\u00f3ria e sublinhar o seu importante contributo no combate ao isolamento de toda a regi\u00e3o que dois autodidatas locais trabalham na recolha de \u00abtodo e qualquer elemento que testemunhe a hist\u00f3ria\u00bb da \u201cAuto-Mondinense\u201d. A hist\u00f3ria abre a primeira p\u00e1gina de mais uma \u00f3tima edi\u00e7\u00e3o do Terras de Basto.","robots":{"index":"index","follow":"follow","max-snippet":"max-snippet:-1","max-image-preview":"max-image-preview:large","max-video-preview":"max-video-preview:-1"},"canonical":"https:\/\/terrasdebasto.pt\/?p=4364","og_locale":"pt_PT","og_type":"article","og_title":"Mais uma \u00f3tima edi\u00e7\u00e3o do Terras de Basto - Jornal Terras de Basto","og_description":"Foi uma das principais embaixadoras das Terras de Basto e, se ainda existisse, estava prestes a comemorar o centen\u00e1rio. \u00c9 para fixar a hist\u00f3ria e sublinhar o seu importante contributo no combate ao isolamento de toda a regi\u00e3o que dois autodidatas locais trabalham na recolha de \u00abtodo e qualquer elemento que testemunhe a hist\u00f3ria\u00bb da \u201cAuto-Mondinense\u201d. A hist\u00f3ria abre a primeira p\u00e1gina de mais uma \u00f3tima edi\u00e7\u00e3o do Terras de Basto.","og_url":"https:\/\/terrasdebasto.pt\/?p=4364","og_site_name":"Jornal Terras de Basto","article_published_time":"2025-05-14T22:55:51+00:00","og_image":[{"width":1068,"height":1280,"url":"https:\/\/terrasdebasto.pt\/wp-content\/uploads\/2025\/05\/CAPA-TB-1.jpg","type":"image\/jpeg"}],"author":"Jo\u00e3o Paulo Mesquita","twitter_card":"summary_large_image","twitter_misc":{"Escrito por":"Jo\u00e3o Paulo Mesquita","Tempo estimado de leitura":"3 minutos"},"schema":{"@context":"https:\/\/schema.org","@graph":[{"@type":"Article","@id":"https:\/\/terrasdebasto.pt\/?p=4364#article","isPartOf":{"@id":"https:\/\/terrasdebasto.pt\/?p=4364"},"author":{"name":"Jo\u00e3o Paulo Mesquita","@id":"https:\/\/terrasdebasto.pt\/#\/schema\/person\/9f6739f5394ac65c802641773b278b84"},"headline":"Mais uma \u00f3tima edi\u00e7\u00e3o do Terras de Basto","datePublished":"2025-05-14T22:55:51+00:00","mainEntityOfPage":{"@id":"https:\/\/terrasdebasto.pt\/?p=4364"},"wordCount":440,"commentCount":0,"publisher":{"@id":"https:\/\/terrasdebasto.pt\/#organization"},"image":{"@id":"https:\/\/terrasdebasto.pt\/?p=4364#primaryimage"},"thumbnailUrl":"https:\/\/terrasdebasto.pt\/wp-content\/uploads\/2025\/05\/CAPA-TB-1.jpg","keywords":["15 de maio de 2025","Jornal Terras de Basto","Nova edi\u00e7\u00e3o impressa"],"articleSection":["Cabeceiras de Basto","Celorico de Basto","Mondim de Basto","Ribeira de Pena","Terras de Basto"],"inLanguage":"pt-PT","potentialAction":[{"@type":"CommentAction","name":"Comment","target":["https:\/\/terrasdebasto.pt\/?p=4364#respond"]}]},{"@type":"WebPage","@id":"https:\/\/terrasdebasto.pt\/?p=4364","url":"https:\/\/terrasdebasto.pt\/?p=4364","name":"Mais uma \u00f3tima edi\u00e7\u00e3o do Terras de Basto - Jornal Terras de Basto","isPartOf":{"@id":"https:\/\/terrasdebasto.pt\/#website"},"primaryImageOfPage":{"@id":"https:\/\/terrasdebasto.pt\/?p=4364#primaryimage"},"image":{"@id":"https:\/\/terrasdebasto.pt\/?p=4364#primaryimage"},"thumbnailUrl":"https:\/\/terrasdebasto.pt\/wp-content\/uploads\/2025\/05\/CAPA-TB-1.jpg","datePublished":"2025-05-14T22:55:51+00:00","description":"Foi uma das principais embaixadoras das Terras de Basto e, se ainda existisse, estava prestes a comemorar o centen\u00e1rio. \u00c9 para fixar a hist\u00f3ria e sublinhar o seu importante contributo no combate ao isolamento de toda a regi\u00e3o que dois autodidatas locais trabalham na recolha de \u00abtodo e qualquer elemento que testemunhe a hist\u00f3ria\u00bb da \u201cAuto-Mondinense\u201d. A hist\u00f3ria abre a primeira p\u00e1gina de mais uma \u00f3tima edi\u00e7\u00e3o do Terras de Basto.","breadcrumb":{"@id":"https:\/\/terrasdebasto.pt\/?p=4364#breadcrumb"},"inLanguage":"pt-PT","potentialAction":[{"@type":"ReadAction","target":["https:\/\/terrasdebasto.pt\/?p=4364"]}]},{"@type":"ImageObject","inLanguage":"pt-PT","@id":"https:\/\/terrasdebasto.pt\/?p=4364#primaryimage","url":"https:\/\/terrasdebasto.pt\/wp-content\/uploads\/2025\/05\/CAPA-TB-1.jpg","contentUrl":"https:\/\/terrasdebasto.pt\/wp-content\/uploads\/2025\/05\/CAPA-TB-1.jpg","width":1068,"height":1280},{"@type":"BreadcrumbList","@id":"https:\/\/terrasdebasto.pt\/?p=4364#breadcrumb","itemListElement":[{"@type":"ListItem","position":1,"name":"In\u00edcio","item":"https:\/\/terrasdebasto.pt\/"},{"@type":"ListItem","position":2,"name":"Mais uma \u00f3tima edi\u00e7\u00e3o do Terras de Basto"}]},{"@type":"WebSite","@id":"https:\/\/terrasdebasto.pt\/#website","url":"https:\/\/terrasdebasto.pt\/","name":"Jornal Terras de Basto","description":"","publisher":{"@id":"https:\/\/terrasdebasto.pt\/#organization"},"potentialAction":[{"@type":"SearchAction","target":{"@type":"EntryPoint","urlTemplate":"https:\/\/terrasdebasto.pt\/?s={search_term_string}"},"query-input":{"@type":"PropertyValueSpecification","valueRequired":true,"valueName":"search_term_string"}}],"inLanguage":"pt-PT"},{"@type":"Organization","@id":"https:\/\/terrasdebasto.pt\/#organization","name":"Jornal Terras de Basto","url":"https:\/\/terrasdebasto.pt\/","logo":{"@type":"ImageObject","inLanguage":"pt-PT","@id":"https:\/\/terrasdebasto.pt\/#\/schema\/logo\/image\/","url":"https:\/\/terrasdebasto.pt\/wp-content\/uploads\/2024\/06\/LogoNormal.png","contentUrl":"https:\/\/terrasdebasto.pt\/wp-content\/uploads\/2024\/06\/LogoNormal.png","width":5638,"height":809,"caption":"Jornal Terras de Basto"},"image":{"@id":"https:\/\/terrasdebasto.pt\/#\/schema\/logo\/image\/"}},{"@type":"Person","@id":"https:\/\/terrasdebasto.pt\/#\/schema\/person\/9f6739f5394ac65c802641773b278b84","name":"Jo\u00e3o Paulo Mesquita","image":{"@type":"ImageObject","inLanguage":"pt-PT","@id":"https:\/\/terrasdebasto.pt\/#\/schema\/person\/image\/","url":"https:\/\/secure.gravatar.com\/avatar\/9bd0f299e6d96336664aab64354168246a3ee3287c47891c50d450e47ed9d7f9?s=96&d=mm&r=g","contentUrl":"https:\/\/secure.gravatar.com\/avatar\/9bd0f299e6d96336664aab64354168246a3ee3287c47891c50d450e47ed9d7f9?s=96&d=mm&r=g","caption":"Jo\u00e3o Paulo Mesquita"},"url":"https:\/\/terrasdebasto.pt\/?author=7"}]}},"_links":{"self":[{"href":"https:\/\/terrasdebasto.pt\/index.php?rest_route=\/wp\/v2\/posts\/4364","targetHints":{"allow":["GET"]}}],"collection":[{"href":"https:\/\/terrasdebasto.pt\/index.php?rest_route=\/wp\/v2\/posts"}],"about":[{"href":"https:\/\/terrasdebasto.pt\/index.php?rest_route=\/wp\/v2\/types\/post"}],"author":[{"embeddable":true,"href":"https:\/\/terrasdebasto.pt\/index.php?rest_route=\/wp\/v2\/users\/7"}],"replies":[{"embeddable":true,"href":"https:\/\/terrasdebasto.pt\/index.php?rest_route=%2Fwp%2Fv2%2Fcomments&post=4364"}],"version-history":[{"count":1,"href":"https:\/\/terrasdebasto.pt\/index.php?rest_route=\/wp\/v2\/posts\/4364\/revisions"}],"predecessor-version":[{"id":4367,"href":"https:\/\/terrasdebasto.pt\/index.php?rest_route=\/wp\/v2\/posts\/4364\/revisions\/4367"}],"wp:featuredmedia":[{"embeddable":true,"href":"https:\/\/terrasdebasto.pt\/index.php?rest_route=\/wp\/v2\/media\/4366"}],"wp:attachment":[{"href":"https:\/\/terrasdebasto.pt\/index.php?rest_route=%2Fwp%2Fv2%2Fmedia&parent=4364"}],"wp:term":[{"taxonomy":"category","embeddable":true,"href":"https:\/\/terrasdebasto.pt\/index.php?rest_route=%2Fwp%2Fv2%2Fcategories&post=4364"},{"taxonomy":"post_tag","embeddable":true,"href":"https:\/\/terrasdebasto.pt\/index.php?rest_route=%2Fwp%2Fv2%2Ftags&post=4364"}],"curies":[{"name":"wp","href":"https:\/\/api.w.org\/{rel}","templated":true}]}}