{"id":4359,"date":"2025-05-09T00:36:56","date_gmt":"2025-05-09T00:36:56","guid":{"rendered":"https:\/\/terrasdebasto.pt\/?p=4359"},"modified":"2025-05-09T00:37:54","modified_gmt":"2025-05-09T00:37:54","slug":"igreja-quer-vender-colegio-de-refojos-e-presidente-da-camara-quer-comprar","status":"publish","type":"post","link":"https:\/\/terrasdebasto.pt\/?p=4359","title":{"rendered":"Igreja quer vender Col\u00e9gio de Refojos e C\u00e2mara quer comprar"},"content":{"rendered":"\n<p><\/p>\n\n\n\n<p><strong>A Arquidiocese de Braga est\u00e1 a vender patrim\u00f3nio e uma das propriedades que pretende alienar \u00e9 o que lhe resta do Mosteiro de Refojos, concretamente a ala norte deste hist\u00f3rico edif\u00edcio, m\u00e1xima refer\u00eancia do patrim\u00f3nio edificado da vila de Cabeceiras de Basto.<\/strong><\/p>\n\n\n\n<p>Embora o gabinete do arcebispo se tenha recusado a prestar quaisquer informa\u00e7\u00f5es sobre o assunto, a sua pretens\u00e3o de vender aquele patrim\u00f3nio foi confirmada esta quinta-feira (8) pela presid\u00eancia da autarquia cabeceirense, que tornou p\u00fablica uma nota depois de saber que o Terras de Basto procurava confirmar tal informa\u00e7\u00e3o.<\/p>\n\n\n\n<p>O quarteir\u00e3o em refer\u00eancia, a que acrescem alguns espa\u00e7os exteriores, bem no cora\u00e7\u00e3o da vila, confunde-se com o designado Col\u00e9gio de Cabeceiras de Basto, ou Externato de Refojos, estabelecimento de ensino com pergaminhos para l\u00e1 das fronteiras das Terras de Basto, mas que que se limita agora ao ensino secund\u00e1rio (10.\u00ba, 11.\u00ba e 12.\u00baanos de escolaridade) e ensino profissional.<\/p>\n\n\n\n<p>A vontade de alienar o edif\u00edcio do Externato de Refojos ter\u00e1 sido abordada pelo arcebispo em recente reuni\u00e3o do Conselho Arquidiocesano para os Assuntos Econ\u00f3micos, \u00f3rg\u00e3o da arquidiocese respons\u00e1vel por assistir o arcebispo na administra\u00e7\u00e3o dos bens da Igreja Arquidiocesana e das entidades a ela subordinadas.<\/p>\n\n\n\n<p>Ter\u00e1 sido dada a conhecer tamb\u00e9m ao presidente da C\u00e2mara Municipal durante recente encontro com o bispo-auxiliar, Delfim Gomes, encontro agendado a pedido do autarca, alegadamente com a inten\u00e7\u00e3o de avaliar a possibilidade e as condi\u00e7\u00f5es para a pretensa instala\u00e7\u00e3o de algumas unidades de forma\u00e7\u00e3o de n\u00edvel superior afetas aos polit\u00e9cnicos do Porto e de Bragan\u00e7a.<\/p>\n\n\n\n<p>Na \u00faltima sess\u00e3o da Assembleia Municipal (30 de abril), o presidente da C\u00e2mara adiantou \u2013 ainda que \u201cen passant\u201d e de forma completamente vaga \u2013 que o Munic\u00edpio tem j\u00e1 \u00abprotocolos assinados\u00bb com os polit\u00e9cnicos do Porto e Bragan\u00e7a para a sua instala\u00e7\u00e3o em Cabeceiras de Basto, faltando apenas \u00ablimar umas arestas\u00bb entre a arquidiocese e a dire\u00e7\u00e3o do seu pr\u00f3prio col\u00e9gio.<\/p>\n\n\n\n<p>No caso do Polit\u00e9cnico de Bragan\u00e7a, a ideia \u00e9 a de ministrar forma\u00e7\u00e3o tempor\u00e1ria em \u00e1reas como a da Agricultura e da Sa\u00fade, enquanto o hom\u00f3logo do Porto, que neste processo se tem feito representar por um acad\u00e9mico local, a \u00e1rea que pretende desenvolver respeita \u00e0 seguran\u00e7a inform\u00e1tica.<\/p>\n\n\n\n<p>O Terras de Basto sabe que a CESPU \u2013 que tem as suas atividades concentradas nos polos acad\u00e9micos de Gandra (Paredes) e Famalic\u00e3o, onde oferece uma vasta gama de cursos nas \u00e1reas da Sa\u00fade, incluindo licenciaturas, mestrados e cursos t\u00e9cnicos superiores profissionais \u2013 estava a negociar com representantes da arquidiocese a sua instala\u00e7\u00e3o no edif\u00edcio do col\u00e9gio cabeceirense, mas ter\u00e1 j\u00e1 comunicado a sua desist\u00eancia deste projeto.<\/p>\n\n\n\n<p><strong>Col\u00e9gio de Cabeceiras<\/strong><\/p>\n\n\n\n<p><strong>fecha para sempre?<\/strong><\/p>\n\n\n\n<p>A eventual aliena\u00e7\u00e3o deste quarteir\u00e3o norte do Mosteiro de Refojos dever\u00e1 significar o definitivo abandono da Igreja bracarense do estabelecimento de ensino ali instalado e, assim, o fim da hist\u00f3ria para Col\u00e9gio de Cabeceiras de Basto.<\/p>\n\n\n\n<p>O facto de n\u00e3o ter procedido \u00e0 nomea\u00e7\u00e3o ou recondu\u00e7\u00e3o da sua dire\u00e7\u00e3o \u2013 ao contr\u00e1rio do que fez com o Col\u00e9gio D. Diogo de Sousa, em Braga \u2013 pode ter sido j\u00e1 uma atitude enquadrada nesta vontade de vender o im\u00f3vel, que agora se confirma por iniciativa municipal.<\/p>\n\n\n\n<p>Na nota tornada p\u00fablica esta quinta-feira (8), a presid\u00eancia da C\u00e2mara informa \u00abque se encontram a decorrer dilig\u00eancias com a Arquidiocese de Braga\u00bb para a compra daquela ala norte, considerando que o neg\u00f3cio \u00abpermitir\u00e1 garantir que o espa\u00e7o permane\u00e7a ao servi\u00e7o da popula\u00e7\u00e3o, no \u00e2mbito de <a>projetos culturais, educativos e sociais<\/a>\u00bb.<\/p>\n\n\n\n<p>Sem que tal assunto tenha sido alguma vez abordado em contexto de executivo municipal e sem qualquer informa\u00e7\u00e3o quanto aos \u00abprojetos culturais, educativos e sociais\u00bb em refer\u00eancia, o an\u00fancio destas \u00abdilig\u00eancias\u00bb deixou preocupadas algumas das fontes contactadas por este jornal, que temem pelo eventualmente encerramento do Col\u00e9gio de Refojos, desde logo porque \u00e0 arquidiocese n\u00e3o interessa continuar a sua gest\u00e3o, de saldos negativos, e a autarquia n\u00e3o tem compet\u00eancia para a sua gest\u00e3o pedag\u00f3gica.<\/p>\n\n\n\n<p>O assunto, trazido \u00e0 cola\u00e7\u00e3o em contexto pr\u00e9-eleitoral \u2013 o que deixa desconfiados os interlocutores deste jornal \u2013, dever\u00e1 ser abordado na reuni\u00e3o ordin\u00e1ria do executivo municipal que se realiza na tarde desta sexta-feira (9, 16h00).<\/p>\n\n\n\n<p>Nacionalizado ap\u00f3s a extin\u00e7\u00e3o das ordens religiosas em 1834, o Mosteiro de Refojos foi vendido a privados, entre eles a fam\u00edlia do Bar\u00e3o de Basto, que em 1944 vendeu uma parte do edif\u00edcio ao empres\u00e1rio local Jos\u00e9 Gon\u00e7alves Ferreira, fundador, a 29 de setembro, do Col\u00e9gio de S\u00e3o Miguel de Refojos, que inicia o ano letivo de 1944\/45 com cerca de cem alunos do ensino prim\u00e1rio e liceal.<\/p>\n\n\n\n<p>Em abril de 1959, a propriedade do col\u00e9gio foi transferida para o Semin\u00e1rio Conciliar de Braga, entidade religiosa que ainda hoje \u00e9 formalmente a sua propriet\u00e1ria em nome da arquidiocese.<\/p>\n\n\n\n<p>Constru\u00eddo entre 1755 e 1766, este mosteiro beneditino \u00e9 uma grandiosa constru\u00e7\u00e3o barroca, com influ\u00eancias do arquiteto bracarense Andr\u00e9 Soares. Ap\u00f3s a sua seculariza\u00e7\u00e3o, o edif\u00edcio teve diversos usos, incluindo tribunal e reparti\u00e7\u00f5es p\u00fablicas. Atualmente, al\u00e9m de acolher o col\u00e9gio, abriga tamb\u00e9m os Pa\u00e7os do Concelho.<\/p>\n\n\n\n<p>O quarteir\u00e3o referente aos servi\u00e7os centrais do munic\u00edpio foi adquirido para o efeito em 1842, na sequ\u00eancia de um processo de arremata\u00e7\u00e3o \u00e0 Fazenda P\u00fablica Nacional, cuja escritura de venda foi formalizada em 1844 por Jos\u00e9 Ant\u00f3nio Pereira Ara\u00fajo Magalh\u00e3es, ent\u00e3o presidente da C\u00e2mara Municipal, a Jo\u00e3o Ant\u00f3nio Fernandes e seus familiares.<\/p>\n\n\n\n<p>\u00abEste precedente hist\u00f3rico refor\u00e7a o compromisso da autarquia com a preserva\u00e7\u00e3o e valoriza\u00e7\u00e3o deste patrim\u00f3nio local\u00bb, diz agora a autarquia. [JPM].<\/p>\n\n\n\n<figure class=\"wp-block-gallery has-nested-images columns-default is-cropped wp-block-gallery-1 is-layout-flex wp-block-gallery-is-layout-flex\">\n<figure class=\"wp-block-image size-large\"><img loading=\"lazy\" decoding=\"async\" width=\"800\" height=\"530\" data-id=\"4361\" src=\"https:\/\/terrasdebasto.pt\/wp-content\/uploads\/2025\/05\/COLEGIO-DE-REFOJOS-2.jpg\" alt=\"\" class=\"wp-image-4361\" srcset=\"https:\/\/terrasdebasto.pt\/wp-content\/uploads\/2025\/05\/COLEGIO-DE-REFOJOS-2.jpg 800w, https:\/\/terrasdebasto.pt\/wp-content\/uploads\/2025\/05\/COLEGIO-DE-REFOJOS-2-300x199.jpg 300w, https:\/\/terrasdebasto.pt\/wp-content\/uploads\/2025\/05\/COLEGIO-DE-REFOJOS-2-768x509.jpg 768w, https:\/\/terrasdebasto.pt\/wp-content\/uploads\/2025\/05\/COLEGIO-DE-REFOJOS-2-150x99.jpg 150w, https:\/\/terrasdebasto.pt\/wp-content\/uploads\/2025\/05\/COLEGIO-DE-REFOJOS-2-696x461.jpg 696w\" sizes=\"auto, (max-width: 800px) 100vw, 800px\" \/><\/figure>\n<\/figure>\n","protected":false},"excerpt":{"rendered":"<p>A Arquidiocese de Braga est\u00e1 a vender patrim\u00f3nio e uma das propriedades que pretende alienar \u00e9 o que lhe resta do Mosteiro de Refojos, concretamente a ala norte deste hist\u00f3rico edif\u00edcio, m\u00e1xima refer\u00eancia do patrim\u00f3nio edificado da vila de Cabeceiras de Basto. Embora o gabinete do arcebispo se tenha recusado a prestar quaisquer informa\u00e7\u00f5es sobre [&hellip;]<\/p>\n","protected":false},"author":7,"featured_media":4360,"comment_status":"open","ping_status":"open","sticky":false,"template":"","format":"standard","meta":{"footnotes":""},"categories":[12,7,11,9],"tags":[963,568,387],"class_list":{"0":"post-4359","1":"post","2":"type-post","3":"status-publish","4":"format-standard","5":"has-post-thumbnail","7":"category-cabeceiras-de-basto","8":"category-cultura","9":"category-educacao","10":"category-terras-de-basto","11":"tag-arquidiocese-de-braga","12":"tag-camara-municipal-de-cabeceiras-de-basto","13":"tag-colegio-de-refojos"},"yoast_head":"<!-- This site is optimized with the Yoast SEO plugin v25.7 - https:\/\/yoast.com\/wordpress\/plugins\/seo\/ -->\n<title>Igreja quer vender Col\u00e9gio de Refojos e C\u00e2mara quer comprar - Jornal Terras de Basto<\/title>\n<meta name=\"description\" content=\"A Arquidiocese de Braga est\u00e1 a vender patrim\u00f3nio e uma das propriedades que pretende alienar \u00e9 o que lhe resta do Mosteiro de Refojos, concretamente a ala norte deste hist\u00f3rico edif\u00edcio, m\u00e1xima refer\u00eancia do patrim\u00f3nio edificado da vila de Cabeceiras de Basto.\" \/>\n<meta name=\"robots\" content=\"index, follow, max-snippet:-1, max-image-preview:large, max-video-preview:-1\" \/>\n<link rel=\"canonical\" href=\"https:\/\/terrasdebasto.pt\/?p=4359\" \/>\n<meta property=\"og:locale\" content=\"pt_PT\" \/>\n<meta property=\"og:type\" content=\"article\" \/>\n<meta property=\"og:title\" content=\"Igreja quer vender Col\u00e9gio de Refojos e C\u00e2mara quer comprar - Jornal Terras de Basto\" \/>\n<meta property=\"og:description\" content=\"A Arquidiocese de Braga est\u00e1 a vender patrim\u00f3nio e uma das propriedades que pretende alienar \u00e9 o que lhe resta do Mosteiro de Refojos, concretamente a ala norte deste hist\u00f3rico edif\u00edcio, m\u00e1xima refer\u00eancia do patrim\u00f3nio edificado da vila de Cabeceiras de Basto.\" \/>\n<meta property=\"og:url\" content=\"https:\/\/terrasdebasto.pt\/?p=4359\" \/>\n<meta property=\"og:site_name\" content=\"Jornal Terras de Basto\" \/>\n<meta property=\"article:published_time\" content=\"2025-05-09T00:36:56+00:00\" \/>\n<meta property=\"article:modified_time\" content=\"2025-05-09T00:37:54+00:00\" \/>\n<meta property=\"og:image\" content=\"https:\/\/terrasdebasto.pt\/wp-content\/uploads\/2025\/05\/COLEGIO-DE-REFOJOS.jpg\" \/>\n\t<meta property=\"og:image:width\" content=\"800\" \/>\n\t<meta property=\"og:image:height\" content=\"600\" \/>\n\t<meta property=\"og:image:type\" content=\"image\/jpeg\" \/>\n<meta name=\"author\" content=\"Jo\u00e3o Paulo Mesquita\" \/>\n<meta name=\"twitter:card\" content=\"summary_large_image\" \/>\n<meta name=\"twitter:label1\" content=\"Escrito por\" \/>\n\t<meta name=\"twitter:data1\" content=\"Jo\u00e3o Paulo Mesquita\" \/>\n\t<meta name=\"twitter:label2\" content=\"Tempo estimado de leitura\" \/>\n\t<meta name=\"twitter:data2\" content=\"6 minutos\" \/>\n<script type=\"application\/ld+json\" class=\"yoast-schema-graph\">{\"@context\":\"https:\/\/schema.org\",\"@graph\":[{\"@type\":\"Article\",\"@id\":\"https:\/\/terrasdebasto.pt\/?p=4359#article\",\"isPartOf\":{\"@id\":\"https:\/\/terrasdebasto.pt\/?p=4359\"},\"author\":{\"name\":\"Jo\u00e3o Paulo Mesquita\",\"@id\":\"https:\/\/terrasdebasto.pt\/#\/schema\/person\/9f6739f5394ac65c802641773b278b84\"},\"headline\":\"Igreja quer vender Col\u00e9gio de Refojos e C\u00e2mara quer comprar\",\"datePublished\":\"2025-05-09T00:36:56+00:00\",\"dateModified\":\"2025-05-09T00:37:54+00:00\",\"mainEntityOfPage\":{\"@id\":\"https:\/\/terrasdebasto.pt\/?p=4359\"},\"wordCount\":1016,\"commentCount\":0,\"publisher\":{\"@id\":\"https:\/\/terrasdebasto.pt\/#organization\"},\"image\":{\"@id\":\"https:\/\/terrasdebasto.pt\/?p=4359#primaryimage\"},\"thumbnailUrl\":\"https:\/\/terrasdebasto.pt\/wp-content\/uploads\/2025\/05\/COLEGIO-DE-REFOJOS.jpg\",\"keywords\":[\"Arquidiocese de Braga\",\"C\u00e2mara Municipal de Cabeceiras de Basto\",\"Col\u00e9gio de Refojos\"],\"articleSection\":[\"Cabeceiras de Basto\",\"Cultura\",\"Educa\u00e7\u00e3o\",\"Terras de Basto\"],\"inLanguage\":\"pt-PT\",\"potentialAction\":[{\"@type\":\"CommentAction\",\"name\":\"Comment\",\"target\":[\"https:\/\/terrasdebasto.pt\/?p=4359#respond\"]}]},{\"@type\":\"WebPage\",\"@id\":\"https:\/\/terrasdebasto.pt\/?p=4359\",\"url\":\"https:\/\/terrasdebasto.pt\/?p=4359\",\"name\":\"Igreja quer vender Col\u00e9gio de Refojos e C\u00e2mara quer comprar - Jornal Terras de Basto\",\"isPartOf\":{\"@id\":\"https:\/\/terrasdebasto.pt\/#website\"},\"primaryImageOfPage\":{\"@id\":\"https:\/\/terrasdebasto.pt\/?p=4359#primaryimage\"},\"image\":{\"@id\":\"https:\/\/terrasdebasto.pt\/?p=4359#primaryimage\"},\"thumbnailUrl\":\"https:\/\/terrasdebasto.pt\/wp-content\/uploads\/2025\/05\/COLEGIO-DE-REFOJOS.jpg\",\"datePublished\":\"2025-05-09T00:36:56+00:00\",\"dateModified\":\"2025-05-09T00:37:54+00:00\",\"description\":\"A Arquidiocese de Braga est\u00e1 a vender patrim\u00f3nio e uma das propriedades que pretende alienar \u00e9 o que lhe resta do Mosteiro de Refojos, concretamente a ala norte deste hist\u00f3rico edif\u00edcio, m\u00e1xima refer\u00eancia do patrim\u00f3nio edificado da vila de Cabeceiras de Basto.\",\"breadcrumb\":{\"@id\":\"https:\/\/terrasdebasto.pt\/?p=4359#breadcrumb\"},\"inLanguage\":\"pt-PT\",\"potentialAction\":[{\"@type\":\"ReadAction\",\"target\":[\"https:\/\/terrasdebasto.pt\/?p=4359\"]}]},{\"@type\":\"ImageObject\",\"inLanguage\":\"pt-PT\",\"@id\":\"https:\/\/terrasdebasto.pt\/?p=4359#primaryimage\",\"url\":\"https:\/\/terrasdebasto.pt\/wp-content\/uploads\/2025\/05\/COLEGIO-DE-REFOJOS.jpg\",\"contentUrl\":\"https:\/\/terrasdebasto.pt\/wp-content\/uploads\/2025\/05\/COLEGIO-DE-REFOJOS.jpg\",\"width\":800,\"height\":600},{\"@type\":\"BreadcrumbList\",\"@id\":\"https:\/\/terrasdebasto.pt\/?p=4359#breadcrumb\",\"itemListElement\":[{\"@type\":\"ListItem\",\"position\":1,\"name\":\"In\u00edcio\",\"item\":\"https:\/\/terrasdebasto.pt\/\"},{\"@type\":\"ListItem\",\"position\":2,\"name\":\"Igreja quer vender Col\u00e9gio de Refojos e C\u00e2mara quer comprar\"}]},{\"@type\":\"WebSite\",\"@id\":\"https:\/\/terrasdebasto.pt\/#website\",\"url\":\"https:\/\/terrasdebasto.pt\/\",\"name\":\"Jornal Terras de Basto\",\"description\":\"\",\"publisher\":{\"@id\":\"https:\/\/terrasdebasto.pt\/#organization\"},\"potentialAction\":[{\"@type\":\"SearchAction\",\"target\":{\"@type\":\"EntryPoint\",\"urlTemplate\":\"https:\/\/terrasdebasto.pt\/?s={search_term_string}\"},\"query-input\":{\"@type\":\"PropertyValueSpecification\",\"valueRequired\":true,\"valueName\":\"search_term_string\"}}],\"inLanguage\":\"pt-PT\"},{\"@type\":\"Organization\",\"@id\":\"https:\/\/terrasdebasto.pt\/#organization\",\"name\":\"Jornal Terras de Basto\",\"url\":\"https:\/\/terrasdebasto.pt\/\",\"logo\":{\"@type\":\"ImageObject\",\"inLanguage\":\"pt-PT\",\"@id\":\"https:\/\/terrasdebasto.pt\/#\/schema\/logo\/image\/\",\"url\":\"https:\/\/terrasdebasto.pt\/wp-content\/uploads\/2024\/06\/LogoNormal.png\",\"contentUrl\":\"https:\/\/terrasdebasto.pt\/wp-content\/uploads\/2024\/06\/LogoNormal.png\",\"width\":5638,\"height\":809,\"caption\":\"Jornal Terras de Basto\"},\"image\":{\"@id\":\"https:\/\/terrasdebasto.pt\/#\/schema\/logo\/image\/\"}},{\"@type\":\"Person\",\"@id\":\"https:\/\/terrasdebasto.pt\/#\/schema\/person\/9f6739f5394ac65c802641773b278b84\",\"name\":\"Jo\u00e3o Paulo Mesquita\",\"image\":{\"@type\":\"ImageObject\",\"inLanguage\":\"pt-PT\",\"@id\":\"https:\/\/terrasdebasto.pt\/#\/schema\/person\/image\/\",\"url\":\"https:\/\/secure.gravatar.com\/avatar\/9bd0f299e6d96336664aab64354168246a3ee3287c47891c50d450e47ed9d7f9?s=96&d=mm&r=g\",\"contentUrl\":\"https:\/\/secure.gravatar.com\/avatar\/9bd0f299e6d96336664aab64354168246a3ee3287c47891c50d450e47ed9d7f9?s=96&d=mm&r=g\",\"caption\":\"Jo\u00e3o Paulo Mesquita\"},\"url\":\"https:\/\/terrasdebasto.pt\/?author=7\"}]}<\/script>\n<!-- \/ Yoast SEO plugin. -->","yoast_head_json":{"title":"Igreja quer vender Col\u00e9gio de Refojos e C\u00e2mara quer comprar - Jornal Terras de Basto","description":"A Arquidiocese de Braga est\u00e1 a vender patrim\u00f3nio e uma das propriedades que pretende alienar \u00e9 o que lhe resta do Mosteiro de Refojos, concretamente a ala norte deste hist\u00f3rico edif\u00edcio, m\u00e1xima refer\u00eancia do patrim\u00f3nio edificado da vila de Cabeceiras de Basto.","robots":{"index":"index","follow":"follow","max-snippet":"max-snippet:-1","max-image-preview":"max-image-preview:large","max-video-preview":"max-video-preview:-1"},"canonical":"https:\/\/terrasdebasto.pt\/?p=4359","og_locale":"pt_PT","og_type":"article","og_title":"Igreja quer vender Col\u00e9gio de Refojos e C\u00e2mara quer comprar - Jornal Terras de Basto","og_description":"A Arquidiocese de Braga est\u00e1 a vender patrim\u00f3nio e uma das propriedades que pretende alienar \u00e9 o que lhe resta do Mosteiro de Refojos, concretamente a ala norte deste hist\u00f3rico edif\u00edcio, m\u00e1xima refer\u00eancia do patrim\u00f3nio edificado da vila de Cabeceiras de Basto.","og_url":"https:\/\/terrasdebasto.pt\/?p=4359","og_site_name":"Jornal Terras de Basto","article_published_time":"2025-05-09T00:36:56+00:00","article_modified_time":"2025-05-09T00:37:54+00:00","og_image":[{"width":800,"height":600,"url":"https:\/\/terrasdebasto.pt\/wp-content\/uploads\/2025\/05\/COLEGIO-DE-REFOJOS.jpg","type":"image\/jpeg"}],"author":"Jo\u00e3o Paulo Mesquita","twitter_card":"summary_large_image","twitter_misc":{"Escrito por":"Jo\u00e3o Paulo Mesquita","Tempo estimado de leitura":"6 minutos"},"schema":{"@context":"https:\/\/schema.org","@graph":[{"@type":"Article","@id":"https:\/\/terrasdebasto.pt\/?p=4359#article","isPartOf":{"@id":"https:\/\/terrasdebasto.pt\/?p=4359"},"author":{"name":"Jo\u00e3o Paulo Mesquita","@id":"https:\/\/terrasdebasto.pt\/#\/schema\/person\/9f6739f5394ac65c802641773b278b84"},"headline":"Igreja quer vender Col\u00e9gio de Refojos e C\u00e2mara quer comprar","datePublished":"2025-05-09T00:36:56+00:00","dateModified":"2025-05-09T00:37:54+00:00","mainEntityOfPage":{"@id":"https:\/\/terrasdebasto.pt\/?p=4359"},"wordCount":1016,"commentCount":0,"publisher":{"@id":"https:\/\/terrasdebasto.pt\/#organization"},"image":{"@id":"https:\/\/terrasdebasto.pt\/?p=4359#primaryimage"},"thumbnailUrl":"https:\/\/terrasdebasto.pt\/wp-content\/uploads\/2025\/05\/COLEGIO-DE-REFOJOS.jpg","keywords":["Arquidiocese de Braga","C\u00e2mara Municipal de Cabeceiras de Basto","Col\u00e9gio de Refojos"],"articleSection":["Cabeceiras de Basto","Cultura","Educa\u00e7\u00e3o","Terras de Basto"],"inLanguage":"pt-PT","potentialAction":[{"@type":"CommentAction","name":"Comment","target":["https:\/\/terrasdebasto.pt\/?p=4359#respond"]}]},{"@type":"WebPage","@id":"https:\/\/terrasdebasto.pt\/?p=4359","url":"https:\/\/terrasdebasto.pt\/?p=4359","name":"Igreja quer vender Col\u00e9gio de Refojos e C\u00e2mara quer comprar - Jornal Terras de Basto","isPartOf":{"@id":"https:\/\/terrasdebasto.pt\/#website"},"primaryImageOfPage":{"@id":"https:\/\/terrasdebasto.pt\/?p=4359#primaryimage"},"image":{"@id":"https:\/\/terrasdebasto.pt\/?p=4359#primaryimage"},"thumbnailUrl":"https:\/\/terrasdebasto.pt\/wp-content\/uploads\/2025\/05\/COLEGIO-DE-REFOJOS.jpg","datePublished":"2025-05-09T00:36:56+00:00","dateModified":"2025-05-09T00:37:54+00:00","description":"A Arquidiocese de Braga est\u00e1 a vender patrim\u00f3nio e uma das propriedades que pretende alienar \u00e9 o que lhe resta do Mosteiro de Refojos, concretamente a ala norte deste hist\u00f3rico edif\u00edcio, m\u00e1xima refer\u00eancia do patrim\u00f3nio edificado da vila de Cabeceiras de Basto.","breadcrumb":{"@id":"https:\/\/terrasdebasto.pt\/?p=4359#breadcrumb"},"inLanguage":"pt-PT","potentialAction":[{"@type":"ReadAction","target":["https:\/\/terrasdebasto.pt\/?p=4359"]}]},{"@type":"ImageObject","inLanguage":"pt-PT","@id":"https:\/\/terrasdebasto.pt\/?p=4359#primaryimage","url":"https:\/\/terrasdebasto.pt\/wp-content\/uploads\/2025\/05\/COLEGIO-DE-REFOJOS.jpg","contentUrl":"https:\/\/terrasdebasto.pt\/wp-content\/uploads\/2025\/05\/COLEGIO-DE-REFOJOS.jpg","width":800,"height":600},{"@type":"BreadcrumbList","@id":"https:\/\/terrasdebasto.pt\/?p=4359#breadcrumb","itemListElement":[{"@type":"ListItem","position":1,"name":"In\u00edcio","item":"https:\/\/terrasdebasto.pt\/"},{"@type":"ListItem","position":2,"name":"Igreja quer vender Col\u00e9gio de Refojos e C\u00e2mara quer comprar"}]},{"@type":"WebSite","@id":"https:\/\/terrasdebasto.pt\/#website","url":"https:\/\/terrasdebasto.pt\/","name":"Jornal Terras de Basto","description":"","publisher":{"@id":"https:\/\/terrasdebasto.pt\/#organization"},"potentialAction":[{"@type":"SearchAction","target":{"@type":"EntryPoint","urlTemplate":"https:\/\/terrasdebasto.pt\/?s={search_term_string}"},"query-input":{"@type":"PropertyValueSpecification","valueRequired":true,"valueName":"search_term_string"}}],"inLanguage":"pt-PT"},{"@type":"Organization","@id":"https:\/\/terrasdebasto.pt\/#organization","name":"Jornal Terras de Basto","url":"https:\/\/terrasdebasto.pt\/","logo":{"@type":"ImageObject","inLanguage":"pt-PT","@id":"https:\/\/terrasdebasto.pt\/#\/schema\/logo\/image\/","url":"https:\/\/terrasdebasto.pt\/wp-content\/uploads\/2024\/06\/LogoNormal.png","contentUrl":"https:\/\/terrasdebasto.pt\/wp-content\/uploads\/2024\/06\/LogoNormal.png","width":5638,"height":809,"caption":"Jornal Terras de Basto"},"image":{"@id":"https:\/\/terrasdebasto.pt\/#\/schema\/logo\/image\/"}},{"@type":"Person","@id":"https:\/\/terrasdebasto.pt\/#\/schema\/person\/9f6739f5394ac65c802641773b278b84","name":"Jo\u00e3o Paulo Mesquita","image":{"@type":"ImageObject","inLanguage":"pt-PT","@id":"https:\/\/terrasdebasto.pt\/#\/schema\/person\/image\/","url":"https:\/\/secure.gravatar.com\/avatar\/9bd0f299e6d96336664aab64354168246a3ee3287c47891c50d450e47ed9d7f9?s=96&d=mm&r=g","contentUrl":"https:\/\/secure.gravatar.com\/avatar\/9bd0f299e6d96336664aab64354168246a3ee3287c47891c50d450e47ed9d7f9?s=96&d=mm&r=g","caption":"Jo\u00e3o Paulo Mesquita"},"url":"https:\/\/terrasdebasto.pt\/?author=7"}]}},"_links":{"self":[{"href":"https:\/\/terrasdebasto.pt\/index.php?rest_route=\/wp\/v2\/posts\/4359","targetHints":{"allow":["GET"]}}],"collection":[{"href":"https:\/\/terrasdebasto.pt\/index.php?rest_route=\/wp\/v2\/posts"}],"about":[{"href":"https:\/\/terrasdebasto.pt\/index.php?rest_route=\/wp\/v2\/types\/post"}],"author":[{"embeddable":true,"href":"https:\/\/terrasdebasto.pt\/index.php?rest_route=\/wp\/v2\/users\/7"}],"replies":[{"embeddable":true,"href":"https:\/\/terrasdebasto.pt\/index.php?rest_route=%2Fwp%2Fv2%2Fcomments&post=4359"}],"version-history":[{"count":2,"href":"https:\/\/terrasdebasto.pt\/index.php?rest_route=\/wp\/v2\/posts\/4359\/revisions"}],"predecessor-version":[{"id":4363,"href":"https:\/\/terrasdebasto.pt\/index.php?rest_route=\/wp\/v2\/posts\/4359\/revisions\/4363"}],"wp:featuredmedia":[{"embeddable":true,"href":"https:\/\/terrasdebasto.pt\/index.php?rest_route=\/wp\/v2\/media\/4360"}],"wp:attachment":[{"href":"https:\/\/terrasdebasto.pt\/index.php?rest_route=%2Fwp%2Fv2%2Fmedia&parent=4359"}],"wp:term":[{"taxonomy":"category","embeddable":true,"href":"https:\/\/terrasdebasto.pt\/index.php?rest_route=%2Fwp%2Fv2%2Fcategories&post=4359"},{"taxonomy":"post_tag","embeddable":true,"href":"https:\/\/terrasdebasto.pt\/index.php?rest_route=%2Fwp%2Fv2%2Ftags&post=4359"}],"curies":[{"name":"wp","href":"https:\/\/api.w.org\/{rel}","templated":true}]}}