{"id":4349,"date":"2025-05-08T02:28:23","date_gmt":"2025-05-08T02:28:23","guid":{"rendered":"https:\/\/terrasdebasto.pt\/?p=4349"},"modified":"2025-05-08T02:28:23","modified_gmt":"2025-05-08T02:28:23","slug":"condestavel-divide-comunidade-de-pedraca","status":"publish","type":"post","link":"https:\/\/terrasdebasto.pt\/?p=4349","title":{"rendered":"Condest\u00e1vel divide comunidade de Pedra\u00e7a"},"content":{"rendered":"\n<p><strong>Quase seiscentos anos depois da sua morte, Nuno \u00c1lvares Pereira, uma das figuras mais marcantes da hist\u00f3ria de Portugal, est\u00e1 a dividir a comunidade de Pedra\u00e7a, em Cabeceiras de Basto.<\/strong><\/p>\n\n\n\n<p>Em causa est\u00e1 a ere\u00e7\u00e3o de uma est\u00e1tua em sua homenagem e a sua implanta\u00e7\u00e3o num terreno reivindicado por duas entidades: a autarquia local, liderada pela Junta de Freguesia, e a comiss\u00e3o fabriqueira, enquanto representante dos interesses materiais da Igreja Cat\u00f3lica.<\/p>\n\n\n\n<p>A autarquia diz-se propriet\u00e1ria da pequena parcela de terreno situada na margem do Caminho Municipal 1717-1, doada que lhe foi pelo ent\u00e3o propriet\u00e1rio da Casa da Torre, precisamente a herdeira do patrim\u00f3nio local da hist\u00f3rica fam\u00edlia do Condest\u00e1vel e onde este viveu na sua relevante estadia nas Terras de Basto, casado que era Leonor de Alvim.<\/p>\n\n\n\n<p>A comiss\u00e3o fabriqueira reivindica igualmente a propriedade da parcela, do que faz prova exibindo um registo na matriz predial de h\u00e1 alguns anos a esta parte.<\/p>\n\n\n\n<p>Particularidade fundamental neste diferendo: no centro do terreno, de caracter\u00edsticas florestais, estava implantado \u2013 estava, porque j\u00e1 n\u00e3o est\u00e1 \u2013 um nicho, ou \u201calminhas\u201d, evocativo da Senhora do Bom-Caminho, nicho que a Igreja reivindica como sua propriedade, bem assim como os 69 metros quadrados em seu redor que registou h\u00e1 anos nas inst\u00e2ncias tribut\u00e1rias.<\/p>\n\n\n\n<p>O conflito de interesses motivou, entretanto, a interven\u00e7\u00e3o da Guarda Nacional Republicana, que esta quarta-feira (7) se deslocou a Pedra\u00e7a para notificar o presidente da Junta de Freguesia da \u201cparticipa\u00e7\u00e3o contra desconhecidos\u201d, formalizada no dia anterior pela comiss\u00e3o fabriqueira a denunciar o acesso alegadamente indevido ao terreno em causa.<\/p>\n\n\n\n<p>Acesso que o autarca local, o \u201cindependente\u201d Lu\u00eds Mouta, assume e justifica com a inten\u00e7\u00e3o de proceder aos trabalhos para a\u00ed implantar o \u201cJardim do Condest\u00e1vel\u201d, onde pretende instalar a est\u00e1tua do nobre santo que, na \u00e9poca da crise de 1383-1385, desempenhou papel crucial na consolida\u00e7\u00e3o da independ\u00eancia do pa\u00eds face a Castela.<\/p>\n\n\n\n<p>\u00abA ideia \u00e9 a de valorizar a rela\u00e7\u00e3o da nossa terra com uma das mais importantes figuras hist\u00f3ricas nacionais, desde logo o militar com mais alta patente de todos os tempos, que aqui casou e viveu; queremos potenciar esta rela\u00e7\u00e3o e dar-lhe visibilidade perene, designadamente atrav\u00e9s de uma est\u00e1tua, feita a partir da imagem existente no altar-mor da igreja paroquial\u00bb, explicou o autarca ao Terras de Basto.<\/p>\n\n\n\n<p>A comiss\u00e3o fabriqueira alega nunca ter autorizado o acesso ao terreno, muito menos a desmontagem do nicho a\u00ed existente, tal como veio a acontecer no in\u00edcio desta semana por parte da empresa contratada pela autarquia para executar os trabalhos de alvenaria que se prop\u00f5em suportar o Jardim do Condest\u00e1vel.<\/p>\n\n\n\n<p>A est\u00e1tua em causa \u2013 em metal, com cerca de quatro metros de altura, incluindo o pedestal em granito \u2013 est\u00e1 a ser executada em Vigo (Galiza), de acordo com o procedimento que optou pela proposta mais vantajosa para a autarquia, que se prop\u00f5e inaugur\u00e1-la precisamente no Dia de Portugal, a 10 de junho.<\/p>\n\n\n\n<p>A ideia de valorizar \u2013 tamb\u00e9m desta forma \u2013 a rela\u00e7\u00e3o de Pedra\u00e7a com a figura do Santo Condest\u00e1vel congregou a sensibilidade da atual propriet\u00e1ria da Casa da Torre, herdeira do patrim\u00f3nio local da Fam\u00edlia \u00c1lvares Pereira. \u00abA Sr.\u00aa Dr.\u00aa Margarida Barbosa deu-nos conta do gosto que teria em ver potenciada a hist\u00f3ria da rela\u00e7\u00e3o familiar com a nossa terra e nisso concord\u00e1mos e vimos a\u00ed ganhos para a freguesia; foi com essa inten\u00e7\u00e3o que regist\u00e1mos ent\u00e3o devidamente a parcela de terreno que nos fora doada pelo senhor seu sogro\u00bb, explica Lu\u00eds Mouta.<\/p>\n\n\n\n<p>Instado a explicar por que raz\u00e3o n\u00e3o tem privilegiado o di\u00e1logo com a comiss\u00e3o fabriqueira, o autarca diz que tem procurado conversar, designadamente com o p\u00e1roco, mas que \u00abn\u00e3o tem sido poss\u00edvel\u00bb, \u00abapesar dos esfor\u00e7os\u00bb. Adianta mesmo que abordou o assunto do \u201cJardim do Condest\u00e1vel\u201d com o vice-presidente da comiss\u00e3o fabriqueira, mas que o resultado desse di\u00e1logo n\u00e3o foi o melhor. \u00abO sr. Joaquim Monteiro concordou inicialmente com a nossa proposta, mas depois veio dizer que s\u00f3 aceitariam se, depois do arranjo, fossem registados os 69 metros quadrados em nome da Igreja\u2026 Ora, isso n\u00e3o \u00e9 poss\u00edvel\u00bb, diz.<\/p>\n\n\n\n<p>Em sua defesa, Lu\u00eds Mouta invoca motiva\u00e7\u00f5es politico-partid\u00e1rias, agora que est\u00e1 prestes a deixar definitivamente a presid\u00eancia da autarquia. Invoca mesmo que tentou em tempos que a est\u00e1tua de Nuno \u00c1lvares Pereira fosse erigida nas imedia\u00e7\u00f5es da igreja paroquial, no \u00e2mbito de um arranjo urban\u00edstico do respetivo largo, mas essa ideia \u2013 alega \u2013 nunca teve acolhimento do p\u00e1roco.<\/p>\n\n\n\n<p>As rela\u00e7\u00f5es tensas entre a autarquia e a comiss\u00e3o fabriqueira n\u00e3o s\u00e3o, assim, de agora e, a avaliar pelos \u00faltimos procedimentos, v\u00e3o demorar algum tempo at\u00e9 serem sanadas. O Terras de Basto sabe que a Igreja prepara, \u00abpara defesa do seu patrim\u00f3nio\u00bb, a interposi\u00e7\u00e3o de uma provid\u00eancia cautelar, o que poder\u00e1 atrasar, eventualmente, a conclus\u00e3o do arranjo a tempo da inaugura\u00e7\u00e3o de 10 de junho.<\/p>\n\n\n\n<p>Or\u00e7ada em \u00abmais de 50 mil euros\u00bb, a iniciativa aut\u00e1rquica conta j\u00e1 com 25 mil da comparticipa\u00e7\u00e3o municipal para a execu\u00e7\u00e3o do jardim, onde o nicho da Senhora do Bom-Caminho j\u00e1 ganhou novo s\u00edtio nestes \u00faltimos dias: quando este jornal se deslocou a Pedra\u00e7a, quarta-feira (7), j\u00e1 estava implantado \u00aba cerca de 5 ou 6 metros de dist\u00e2ncia\u00bb e com uma orienta\u00e7\u00e3o ligeiramente diferente da original\u00bb.<\/p>\n\n\n\n<p>No local, um residente das imedia\u00e7\u00f5es, que pediu o anonimato, defendia a necessidade de imperar o di\u00e1logo entre as partes, afigurando-se-lhe fundamental o papel do munic\u00edpio nessa intermedia\u00e7\u00e3o. \u00abMas parece que o presidente da C\u00e2mara prefere ficar a ver \u00e0 dist\u00e2ncia\u2026\u00bb, desabafou. [JPM].<\/p>\n\n\n\n<figure class=\"wp-block-gallery has-nested-images columns-default is-cropped wp-block-gallery-1 is-layout-flex wp-block-gallery-is-layout-flex\">\n<figure class=\"wp-block-image size-large\"><img loading=\"lazy\" decoding=\"async\" width=\"1024\" height=\"768\" data-id=\"4351\" src=\"https:\/\/terrasdebasto.pt\/wp-content\/uploads\/2025\/05\/104-1-1024x768.jpg\" alt=\"\" class=\"wp-image-4351\" srcset=\"https:\/\/terrasdebasto.pt\/wp-content\/uploads\/2025\/05\/104-1-1024x768.jpg 1024w, https:\/\/terrasdebasto.pt\/wp-content\/uploads\/2025\/05\/104-1-300x225.jpg 300w, https:\/\/terrasdebasto.pt\/wp-content\/uploads\/2025\/05\/104-1-768x576.jpg 768w, https:\/\/terrasdebasto.pt\/wp-content\/uploads\/2025\/05\/104-1-1536x1152.jpg 1536w, https:\/\/terrasdebasto.pt\/wp-content\/uploads\/2025\/05\/104-1-2048x1536.jpg 2048w, https:\/\/terrasdebasto.pt\/wp-content\/uploads\/2025\/05\/104-1-150x113.jpg 150w, https:\/\/terrasdebasto.pt\/wp-content\/uploads\/2025\/05\/104-1-696x522.jpg 696w, https:\/\/terrasdebasto.pt\/wp-content\/uploads\/2025\/05\/104-1-1068x801.jpg 1068w, https:\/\/terrasdebasto.pt\/wp-content\/uploads\/2025\/05\/104-1-1920x1440.jpg 1920w\" sizes=\"auto, (max-width: 1024px) 100vw, 1024px\" \/><\/figure>\n<\/figure>\n\n\n\n<figure class=\"wp-block-gallery has-nested-images columns-default is-cropped wp-block-gallery-2 is-layout-flex wp-block-gallery-is-layout-flex\">\n<figure class=\"wp-block-image size-large\"><img loading=\"lazy\" decoding=\"async\" width=\"823\" height=\"1024\" data-id=\"4353\" src=\"https:\/\/terrasdebasto.pt\/wp-content\/uploads\/2025\/05\/101-2-823x1024.jpg\" alt=\"\" class=\"wp-image-4353\" srcset=\"https:\/\/terrasdebasto.pt\/wp-content\/uploads\/2025\/05\/101-2-823x1024.jpg 823w, https:\/\/terrasdebasto.pt\/wp-content\/uploads\/2025\/05\/101-2-241x300.jpg 241w, https:\/\/terrasdebasto.pt\/wp-content\/uploads\/2025\/05\/101-2-768x956.jpg 768w, https:\/\/terrasdebasto.pt\/wp-content\/uploads\/2025\/05\/101-2-1234x1536.jpg 1234w, https:\/\/terrasdebasto.pt\/wp-content\/uploads\/2025\/05\/101-2-1645x2048.jpg 1645w, https:\/\/terrasdebasto.pt\/wp-content\/uploads\/2025\/05\/101-2-150x187.jpg 150w, https:\/\/terrasdebasto.pt\/wp-content\/uploads\/2025\/05\/101-2-300x373.jpg 300w, https:\/\/terrasdebasto.pt\/wp-content\/uploads\/2025\/05\/101-2-696x866.jpg 696w, https:\/\/terrasdebasto.pt\/wp-content\/uploads\/2025\/05\/101-2-1068x1330.jpg 1068w, https:\/\/terrasdebasto.pt\/wp-content\/uploads\/2025\/05\/101-2-1920x2390.jpg 1920w\" sizes=\"auto, (max-width: 823px) 100vw, 823px\" \/><\/figure>\n\n\n\n<figure class=\"wp-block-image size-large\"><img loading=\"lazy\" decoding=\"async\" width=\"1024\" height=\"768\" data-id=\"4354\" src=\"https:\/\/terrasdebasto.pt\/wp-content\/uploads\/2025\/05\/102-1024x768.jpg\" alt=\"\" class=\"wp-image-4354\" srcset=\"https:\/\/terrasdebasto.pt\/wp-content\/uploads\/2025\/05\/102-1024x768.jpg 1024w, https:\/\/terrasdebasto.pt\/wp-content\/uploads\/2025\/05\/102-300x225.jpg 300w, https:\/\/terrasdebasto.pt\/wp-content\/uploads\/2025\/05\/102-768x576.jpg 768w, https:\/\/terrasdebasto.pt\/wp-content\/uploads\/2025\/05\/102-1536x1152.jpg 1536w, https:\/\/terrasdebasto.pt\/wp-content\/uploads\/2025\/05\/102-2048x1536.jpg 2048w, https:\/\/terrasdebasto.pt\/wp-content\/uploads\/2025\/05\/102-150x113.jpg 150w, https:\/\/terrasdebasto.pt\/wp-content\/uploads\/2025\/05\/102-696x522.jpg 696w, https:\/\/terrasdebasto.pt\/wp-content\/uploads\/2025\/05\/102-1068x801.jpg 1068w, https:\/\/terrasdebasto.pt\/wp-content\/uploads\/2025\/05\/102-1920x1440.jpg 1920w\" sizes=\"auto, (max-width: 1024px) 100vw, 1024px\" \/><\/figure>\n<\/figure>\n\n\n\n<figure class=\"wp-block-gallery has-nested-images columns-default is-cropped wp-block-gallery-3 is-layout-flex wp-block-gallery-is-layout-flex\">\n<figure class=\"wp-block-image size-large\"><img loading=\"lazy\" decoding=\"async\" width=\"1024\" height=\"786\" data-id=\"4355\" src=\"https:\/\/terrasdebasto.pt\/wp-content\/uploads\/2025\/05\/103-1-1024x786.jpg\" alt=\"\" class=\"wp-image-4355\" srcset=\"https:\/\/terrasdebasto.pt\/wp-content\/uploads\/2025\/05\/103-1-1024x786.jpg 1024w, https:\/\/terrasdebasto.pt\/wp-content\/uploads\/2025\/05\/103-1-300x230.jpg 300w, https:\/\/terrasdebasto.pt\/wp-content\/uploads\/2025\/05\/103-1-768x589.jpg 768w, https:\/\/terrasdebasto.pt\/wp-content\/uploads\/2025\/05\/103-1-1536x1179.jpg 1536w, https:\/\/terrasdebasto.pt\/wp-content\/uploads\/2025\/05\/103-1-2048x1572.jpg 2048w, https:\/\/terrasdebasto.pt\/wp-content\/uploads\/2025\/05\/103-1-150x115.jpg 150w, https:\/\/terrasdebasto.pt\/wp-content\/uploads\/2025\/05\/103-1-696x534.jpg 696w, https:\/\/terrasdebasto.pt\/wp-content\/uploads\/2025\/05\/103-1-1068x820.jpg 1068w, https:\/\/terrasdebasto.pt\/wp-content\/uploads\/2025\/05\/103-1-1920x1473.jpg 1920w\" sizes=\"auto, (max-width: 1024px) 100vw, 1024px\" \/><\/figure>\n<\/figure>\n","protected":false},"excerpt":{"rendered":"<p>Quase seiscentos anos depois da sua morte, Nuno \u00c1lvares Pereira, uma das figuras mais marcantes da hist\u00f3ria de Portugal, est\u00e1 a dividir a comunidade de Pedra\u00e7a, em Cabeceiras de Basto. Em causa est\u00e1 a ere\u00e7\u00e3o de uma est\u00e1tua em sua homenagem e a sua implanta\u00e7\u00e3o num terreno reivindicado por duas entidades: a autarquia local, liderada [&hellip;]<\/p>\n","protected":false},"author":7,"featured_media":4350,"comment_status":"open","ping_status":"open","sticky":false,"template":"","format":"standard","meta":{"footnotes":""},"categories":[12,7,9],"tags":[961,962,207],"class_list":{"0":"post-4349","1":"post","2":"type-post","3":"status-publish","4":"format-standard","5":"has-post-thumbnail","7":"category-cabeceiras-de-basto","8":"category-cultura","9":"category-terras-de-basto","10":"tag-condestavel","11":"tag-nuno-alvares-pereira","12":"tag-pedraca"},"yoast_head":"<!-- This site is optimized with the Yoast SEO plugin v25.7 - https:\/\/yoast.com\/wordpress\/plugins\/seo\/ -->\n<title>Condest\u00e1vel divide comunidade de Pedra\u00e7a - Jornal Terras de Basto<\/title>\n<meta name=\"description\" content=\"Quase seiscentos anos depois da sua morte, Nuno \u00c1lvares Pereira, uma das figuras mais marcantes da hist\u00f3ria de Portugal, est\u00e1 a dividir a comunidade de Pedra\u00e7a, em Cabeceiras de Basto.\" \/>\n<meta name=\"robots\" content=\"index, follow, max-snippet:-1, max-image-preview:large, max-video-preview:-1\" \/>\n<link rel=\"canonical\" href=\"https:\/\/terrasdebasto.pt\/?p=4349\" \/>\n<meta property=\"og:locale\" content=\"pt_PT\" \/>\n<meta property=\"og:type\" content=\"article\" \/>\n<meta property=\"og:title\" content=\"Condest\u00e1vel divide comunidade de Pedra\u00e7a - Jornal Terras de Basto\" \/>\n<meta property=\"og:description\" content=\"Quase seiscentos anos depois da sua morte, Nuno \u00c1lvares Pereira, uma das figuras mais marcantes da hist\u00f3ria de Portugal, est\u00e1 a dividir a comunidade de Pedra\u00e7a, em Cabeceiras de Basto.\" \/>\n<meta property=\"og:url\" content=\"https:\/\/terrasdebasto.pt\/?p=4349\" \/>\n<meta property=\"og:site_name\" content=\"Jornal Terras de Basto\" \/>\n<meta property=\"article:published_time\" content=\"2025-05-08T02:28:23+00:00\" \/>\n<meta property=\"og:image\" content=\"https:\/\/terrasdebasto.pt\/wp-content\/uploads\/2025\/05\/100-1-scaled.jpg\" \/>\n\t<meta property=\"og:image:width\" content=\"2560\" \/>\n\t<meta property=\"og:image:height\" content=\"1920\" \/>\n\t<meta property=\"og:image:type\" content=\"image\/jpeg\" \/>\n<meta name=\"author\" content=\"Jo\u00e3o Paulo Mesquita\" \/>\n<meta name=\"twitter:card\" content=\"summary_large_image\" \/>\n<meta name=\"twitter:label1\" content=\"Escrito por\" \/>\n\t<meta name=\"twitter:data1\" content=\"Jo\u00e3o Paulo Mesquita\" \/>\n\t<meta name=\"twitter:label2\" content=\"Tempo estimado de leitura\" \/>\n\t<meta name=\"twitter:data2\" content=\"6 minutos\" \/>\n<script type=\"application\/ld+json\" class=\"yoast-schema-graph\">{\"@context\":\"https:\/\/schema.org\",\"@graph\":[{\"@type\":\"Article\",\"@id\":\"https:\/\/terrasdebasto.pt\/?p=4349#article\",\"isPartOf\":{\"@id\":\"https:\/\/terrasdebasto.pt\/?p=4349\"},\"author\":{\"name\":\"Jo\u00e3o Paulo Mesquita\",\"@id\":\"https:\/\/terrasdebasto.pt\/#\/schema\/person\/9f6739f5394ac65c802641773b278b84\"},\"headline\":\"Condest\u00e1vel divide comunidade de Pedra\u00e7a\",\"datePublished\":\"2025-05-08T02:28:23+00:00\",\"mainEntityOfPage\":{\"@id\":\"https:\/\/terrasdebasto.pt\/?p=4349\"},\"wordCount\":991,\"commentCount\":0,\"publisher\":{\"@id\":\"https:\/\/terrasdebasto.pt\/#organization\"},\"image\":{\"@id\":\"https:\/\/terrasdebasto.pt\/?p=4349#primaryimage\"},\"thumbnailUrl\":\"https:\/\/terrasdebasto.pt\/wp-content\/uploads\/2025\/05\/100-1-scaled.jpg\",\"keywords\":[\"Condest\u00e1vel\",\"Nuno \u00c1lvares Pereira\",\"Pedra\u00e7a\"],\"articleSection\":[\"Cabeceiras de Basto\",\"Cultura\",\"Terras de Basto\"],\"inLanguage\":\"pt-PT\",\"potentialAction\":[{\"@type\":\"CommentAction\",\"name\":\"Comment\",\"target\":[\"https:\/\/terrasdebasto.pt\/?p=4349#respond\"]}]},{\"@type\":\"WebPage\",\"@id\":\"https:\/\/terrasdebasto.pt\/?p=4349\",\"url\":\"https:\/\/terrasdebasto.pt\/?p=4349\",\"name\":\"Condest\u00e1vel divide comunidade de Pedra\u00e7a - Jornal Terras de Basto\",\"isPartOf\":{\"@id\":\"https:\/\/terrasdebasto.pt\/#website\"},\"primaryImageOfPage\":{\"@id\":\"https:\/\/terrasdebasto.pt\/?p=4349#primaryimage\"},\"image\":{\"@id\":\"https:\/\/terrasdebasto.pt\/?p=4349#primaryimage\"},\"thumbnailUrl\":\"https:\/\/terrasdebasto.pt\/wp-content\/uploads\/2025\/05\/100-1-scaled.jpg\",\"datePublished\":\"2025-05-08T02:28:23+00:00\",\"description\":\"Quase seiscentos anos depois da sua morte, Nuno \u00c1lvares Pereira, uma das figuras mais marcantes da hist\u00f3ria de Portugal, est\u00e1 a dividir a comunidade de Pedra\u00e7a, em Cabeceiras de Basto.\",\"breadcrumb\":{\"@id\":\"https:\/\/terrasdebasto.pt\/?p=4349#breadcrumb\"},\"inLanguage\":\"pt-PT\",\"potentialAction\":[{\"@type\":\"ReadAction\",\"target\":[\"https:\/\/terrasdebasto.pt\/?p=4349\"]}]},{\"@type\":\"ImageObject\",\"inLanguage\":\"pt-PT\",\"@id\":\"https:\/\/terrasdebasto.pt\/?p=4349#primaryimage\",\"url\":\"https:\/\/terrasdebasto.pt\/wp-content\/uploads\/2025\/05\/100-1-scaled.jpg\",\"contentUrl\":\"https:\/\/terrasdebasto.pt\/wp-content\/uploads\/2025\/05\/100-1-scaled.jpg\",\"width\":2560,\"height\":1920},{\"@type\":\"BreadcrumbList\",\"@id\":\"https:\/\/terrasdebasto.pt\/?p=4349#breadcrumb\",\"itemListElement\":[{\"@type\":\"ListItem\",\"position\":1,\"name\":\"In\u00edcio\",\"item\":\"https:\/\/terrasdebasto.pt\/\"},{\"@type\":\"ListItem\",\"position\":2,\"name\":\"Condest\u00e1vel divide comunidade de Pedra\u00e7a\"}]},{\"@type\":\"WebSite\",\"@id\":\"https:\/\/terrasdebasto.pt\/#website\",\"url\":\"https:\/\/terrasdebasto.pt\/\",\"name\":\"Jornal Terras de Basto\",\"description\":\"\",\"publisher\":{\"@id\":\"https:\/\/terrasdebasto.pt\/#organization\"},\"potentialAction\":[{\"@type\":\"SearchAction\",\"target\":{\"@type\":\"EntryPoint\",\"urlTemplate\":\"https:\/\/terrasdebasto.pt\/?s={search_term_string}\"},\"query-input\":{\"@type\":\"PropertyValueSpecification\",\"valueRequired\":true,\"valueName\":\"search_term_string\"}}],\"inLanguage\":\"pt-PT\"},{\"@type\":\"Organization\",\"@id\":\"https:\/\/terrasdebasto.pt\/#organization\",\"name\":\"Jornal Terras de Basto\",\"url\":\"https:\/\/terrasdebasto.pt\/\",\"logo\":{\"@type\":\"ImageObject\",\"inLanguage\":\"pt-PT\",\"@id\":\"https:\/\/terrasdebasto.pt\/#\/schema\/logo\/image\/\",\"url\":\"https:\/\/terrasdebasto.pt\/wp-content\/uploads\/2024\/06\/LogoNormal.png\",\"contentUrl\":\"https:\/\/terrasdebasto.pt\/wp-content\/uploads\/2024\/06\/LogoNormal.png\",\"width\":5638,\"height\":809,\"caption\":\"Jornal Terras de Basto\"},\"image\":{\"@id\":\"https:\/\/terrasdebasto.pt\/#\/schema\/logo\/image\/\"}},{\"@type\":\"Person\",\"@id\":\"https:\/\/terrasdebasto.pt\/#\/schema\/person\/9f6739f5394ac65c802641773b278b84\",\"name\":\"Jo\u00e3o Paulo Mesquita\",\"image\":{\"@type\":\"ImageObject\",\"inLanguage\":\"pt-PT\",\"@id\":\"https:\/\/terrasdebasto.pt\/#\/schema\/person\/image\/\",\"url\":\"https:\/\/secure.gravatar.com\/avatar\/9bd0f299e6d96336664aab64354168246a3ee3287c47891c50d450e47ed9d7f9?s=96&d=mm&r=g\",\"contentUrl\":\"https:\/\/secure.gravatar.com\/avatar\/9bd0f299e6d96336664aab64354168246a3ee3287c47891c50d450e47ed9d7f9?s=96&d=mm&r=g\",\"caption\":\"Jo\u00e3o Paulo Mesquita\"},\"url\":\"https:\/\/terrasdebasto.pt\/?author=7\"}]}<\/script>\n<!-- \/ Yoast SEO plugin. -->","yoast_head_json":{"title":"Condest\u00e1vel divide comunidade de Pedra\u00e7a - Jornal Terras de Basto","description":"Quase seiscentos anos depois da sua morte, Nuno \u00c1lvares Pereira, uma das figuras mais marcantes da hist\u00f3ria de Portugal, est\u00e1 a dividir a comunidade de Pedra\u00e7a, em Cabeceiras de Basto.","robots":{"index":"index","follow":"follow","max-snippet":"max-snippet:-1","max-image-preview":"max-image-preview:large","max-video-preview":"max-video-preview:-1"},"canonical":"https:\/\/terrasdebasto.pt\/?p=4349","og_locale":"pt_PT","og_type":"article","og_title":"Condest\u00e1vel divide comunidade de Pedra\u00e7a - Jornal Terras de Basto","og_description":"Quase seiscentos anos depois da sua morte, Nuno \u00c1lvares Pereira, uma das figuras mais marcantes da hist\u00f3ria de Portugal, est\u00e1 a dividir a comunidade de Pedra\u00e7a, em Cabeceiras de Basto.","og_url":"https:\/\/terrasdebasto.pt\/?p=4349","og_site_name":"Jornal Terras de Basto","article_published_time":"2025-05-08T02:28:23+00:00","og_image":[{"width":2560,"height":1920,"url":"https:\/\/terrasdebasto.pt\/wp-content\/uploads\/2025\/05\/100-1-scaled.jpg","type":"image\/jpeg"}],"author":"Jo\u00e3o Paulo Mesquita","twitter_card":"summary_large_image","twitter_misc":{"Escrito por":"Jo\u00e3o Paulo Mesquita","Tempo estimado de leitura":"6 minutos"},"schema":{"@context":"https:\/\/schema.org","@graph":[{"@type":"Article","@id":"https:\/\/terrasdebasto.pt\/?p=4349#article","isPartOf":{"@id":"https:\/\/terrasdebasto.pt\/?p=4349"},"author":{"name":"Jo\u00e3o Paulo Mesquita","@id":"https:\/\/terrasdebasto.pt\/#\/schema\/person\/9f6739f5394ac65c802641773b278b84"},"headline":"Condest\u00e1vel divide comunidade de Pedra\u00e7a","datePublished":"2025-05-08T02:28:23+00:00","mainEntityOfPage":{"@id":"https:\/\/terrasdebasto.pt\/?p=4349"},"wordCount":991,"commentCount":0,"publisher":{"@id":"https:\/\/terrasdebasto.pt\/#organization"},"image":{"@id":"https:\/\/terrasdebasto.pt\/?p=4349#primaryimage"},"thumbnailUrl":"https:\/\/terrasdebasto.pt\/wp-content\/uploads\/2025\/05\/100-1-scaled.jpg","keywords":["Condest\u00e1vel","Nuno \u00c1lvares Pereira","Pedra\u00e7a"],"articleSection":["Cabeceiras de Basto","Cultura","Terras de Basto"],"inLanguage":"pt-PT","potentialAction":[{"@type":"CommentAction","name":"Comment","target":["https:\/\/terrasdebasto.pt\/?p=4349#respond"]}]},{"@type":"WebPage","@id":"https:\/\/terrasdebasto.pt\/?p=4349","url":"https:\/\/terrasdebasto.pt\/?p=4349","name":"Condest\u00e1vel divide comunidade de Pedra\u00e7a - Jornal Terras de Basto","isPartOf":{"@id":"https:\/\/terrasdebasto.pt\/#website"},"primaryImageOfPage":{"@id":"https:\/\/terrasdebasto.pt\/?p=4349#primaryimage"},"image":{"@id":"https:\/\/terrasdebasto.pt\/?p=4349#primaryimage"},"thumbnailUrl":"https:\/\/terrasdebasto.pt\/wp-content\/uploads\/2025\/05\/100-1-scaled.jpg","datePublished":"2025-05-08T02:28:23+00:00","description":"Quase seiscentos anos depois da sua morte, Nuno \u00c1lvares Pereira, uma das figuras mais marcantes da hist\u00f3ria de Portugal, est\u00e1 a dividir a comunidade de Pedra\u00e7a, em Cabeceiras de Basto.","breadcrumb":{"@id":"https:\/\/terrasdebasto.pt\/?p=4349#breadcrumb"},"inLanguage":"pt-PT","potentialAction":[{"@type":"ReadAction","target":["https:\/\/terrasdebasto.pt\/?p=4349"]}]},{"@type":"ImageObject","inLanguage":"pt-PT","@id":"https:\/\/terrasdebasto.pt\/?p=4349#primaryimage","url":"https:\/\/terrasdebasto.pt\/wp-content\/uploads\/2025\/05\/100-1-scaled.jpg","contentUrl":"https:\/\/terrasdebasto.pt\/wp-content\/uploads\/2025\/05\/100-1-scaled.jpg","width":2560,"height":1920},{"@type":"BreadcrumbList","@id":"https:\/\/terrasdebasto.pt\/?p=4349#breadcrumb","itemListElement":[{"@type":"ListItem","position":1,"name":"In\u00edcio","item":"https:\/\/terrasdebasto.pt\/"},{"@type":"ListItem","position":2,"name":"Condest\u00e1vel divide comunidade de Pedra\u00e7a"}]},{"@type":"WebSite","@id":"https:\/\/terrasdebasto.pt\/#website","url":"https:\/\/terrasdebasto.pt\/","name":"Jornal Terras de Basto","description":"","publisher":{"@id":"https:\/\/terrasdebasto.pt\/#organization"},"potentialAction":[{"@type":"SearchAction","target":{"@type":"EntryPoint","urlTemplate":"https:\/\/terrasdebasto.pt\/?s={search_term_string}"},"query-input":{"@type":"PropertyValueSpecification","valueRequired":true,"valueName":"search_term_string"}}],"inLanguage":"pt-PT"},{"@type":"Organization","@id":"https:\/\/terrasdebasto.pt\/#organization","name":"Jornal Terras de Basto","url":"https:\/\/terrasdebasto.pt\/","logo":{"@type":"ImageObject","inLanguage":"pt-PT","@id":"https:\/\/terrasdebasto.pt\/#\/schema\/logo\/image\/","url":"https:\/\/terrasdebasto.pt\/wp-content\/uploads\/2024\/06\/LogoNormal.png","contentUrl":"https:\/\/terrasdebasto.pt\/wp-content\/uploads\/2024\/06\/LogoNormal.png","width":5638,"height":809,"caption":"Jornal Terras de Basto"},"image":{"@id":"https:\/\/terrasdebasto.pt\/#\/schema\/logo\/image\/"}},{"@type":"Person","@id":"https:\/\/terrasdebasto.pt\/#\/schema\/person\/9f6739f5394ac65c802641773b278b84","name":"Jo\u00e3o Paulo Mesquita","image":{"@type":"ImageObject","inLanguage":"pt-PT","@id":"https:\/\/terrasdebasto.pt\/#\/schema\/person\/image\/","url":"https:\/\/secure.gravatar.com\/avatar\/9bd0f299e6d96336664aab64354168246a3ee3287c47891c50d450e47ed9d7f9?s=96&d=mm&r=g","contentUrl":"https:\/\/secure.gravatar.com\/avatar\/9bd0f299e6d96336664aab64354168246a3ee3287c47891c50d450e47ed9d7f9?s=96&d=mm&r=g","caption":"Jo\u00e3o Paulo Mesquita"},"url":"https:\/\/terrasdebasto.pt\/?author=7"}]}},"_links":{"self":[{"href":"https:\/\/terrasdebasto.pt\/index.php?rest_route=\/wp\/v2\/posts\/4349","targetHints":{"allow":["GET"]}}],"collection":[{"href":"https:\/\/terrasdebasto.pt\/index.php?rest_route=\/wp\/v2\/posts"}],"about":[{"href":"https:\/\/terrasdebasto.pt\/index.php?rest_route=\/wp\/v2\/types\/post"}],"author":[{"embeddable":true,"href":"https:\/\/terrasdebasto.pt\/index.php?rest_route=\/wp\/v2\/users\/7"}],"replies":[{"embeddable":true,"href":"https:\/\/terrasdebasto.pt\/index.php?rest_route=%2Fwp%2Fv2%2Fcomments&post=4349"}],"version-history":[{"count":1,"href":"https:\/\/terrasdebasto.pt\/index.php?rest_route=\/wp\/v2\/posts\/4349\/revisions"}],"predecessor-version":[{"id":4356,"href":"https:\/\/terrasdebasto.pt\/index.php?rest_route=\/wp\/v2\/posts\/4349\/revisions\/4356"}],"wp:featuredmedia":[{"embeddable":true,"href":"https:\/\/terrasdebasto.pt\/index.php?rest_route=\/wp\/v2\/media\/4350"}],"wp:attachment":[{"href":"https:\/\/terrasdebasto.pt\/index.php?rest_route=%2Fwp%2Fv2%2Fmedia&parent=4349"}],"wp:term":[{"taxonomy":"category","embeddable":true,"href":"https:\/\/terrasdebasto.pt\/index.php?rest_route=%2Fwp%2Fv2%2Fcategories&post=4349"},{"taxonomy":"post_tag","embeddable":true,"href":"https:\/\/terrasdebasto.pt\/index.php?rest_route=%2Fwp%2Fv2%2Ftags&post=4349"}],"curies":[{"name":"wp","href":"https:\/\/api.w.org\/{rel}","templated":true}]}}